{"id":10059,"date":"2022-10-01T18:38:55","date_gmt":"2022-10-01T16:38:55","guid":{"rendered":"http:\/\/ecojardindesgrivauds.fr\/?p=10059"},"modified":"2022-10-01T20:27:06","modified_gmt":"2022-10-01T18:27:06","slug":"la-visite-et-la-surprise","status":"publish","type":"post","link":"https:\/\/ecojardindesgrivauds.fr\/?p=10059","title":{"rendered":"La visite et la surprise"},"content":{"rendered":"\n<p class=\"has-cyan-bluish-gray-background-color has-background\"><em>Samedi apr\u00e8s-midi, dans la cuisine de Fabrice, on est en train de faire les comptes du march\u00e9. On a peu de temps devant nous : il va falloir pr\u00e9parer la visite du jardin du lendemain. Il reste beaucoup de choses \u00e0 faire en peu de temps et on est tr\u00e8s fatigu\u00e9s. Et pour cause, on est lev\u00e9s depuis 4h40 du matin. Et l\u00e0, sortis de nulle part, mes parents d\u00e9barquent. J&rsquo;ai toujours ador\u00e9 les visites surprise, mais, l\u00e0, en plus, mes parents tombent pile-poil ! Il fallait qu&rsquo;ils soient l\u00e0. Et alors, notre programme s&rsquo;est d\u00e9roul\u00e9 \u00e0 merveille. M\u00eame la pluie s&rsquo;est fait discr\u00e8te. Comble du comble, ma m\u00e8re, Jacqueline, se propose de r\u00e9diger l&rsquo;article de la semaine. Bon, j&rsquo;avoue, j&rsquo;ai un peu les meilleurs parents du monde, on ne va pas se mentir.<\/em><\/p>\n\n\n\n<figure class=\"wp-block-image size-full is-style-default\"><a href=\"http:\/\/ecojardindesgrivauds.fr\/wp-content\/uploads\/2022\/10\/2022-09-24_16-04-49.jpg\"><img decoding=\"async\" loading=\"lazy\" width=\"1024\" height=\"768\" src=\"http:\/\/ecojardindesgrivauds.fr\/wp-content\/uploads\/2022\/10\/2022-09-24_16-04-49.jpg\" alt=\"\" class=\"wp-image-10080\" srcset=\"https:\/\/ecojardindesgrivauds.fr\/wp-content\/uploads\/2022\/10\/2022-09-24_16-04-49.jpg 1024w, https:\/\/ecojardindesgrivauds.fr\/wp-content\/uploads\/2022\/10\/2022-09-24_16-04-49-300x225.jpg 300w, https:\/\/ecojardindesgrivauds.fr\/wp-content\/uploads\/2022\/10\/2022-09-24_16-04-49-768x576.jpg 768w\" sizes=\"(max-width: 767px) 89vw, (max-width: 1000px) 54vw, (max-width: 1071px) 543px, 580px\" \/><\/a><figcaption>Et hop, gr\u00e2ce \u00e0 mes parents (Alain et Jacqueline), on a m\u00eame le temps de cueillir des tomates cerise pour vendre quelques barquettes apr\u00e8s les visites !<\/figcaption><\/figure>\n\n\n\n<p>Dans un pr\u00e9c\u00e9dent article du blog, nous avons lu \u00ab&nbsp;<em>\u00c7a faisait longtemps qu\u2019on en avait envie : vous inviter tous\u00b7tes au jardin, pour une grande visite collective ! Fin septembre, il y a la semaine \u00abBio et local, c\u2019est l\u2019id\u00e9al\u00bb, organis\u00e9e par la Frab AuRA. L\u2019id\u00e9e est de faire la promotion de la Bio, \u00e0 travers des visites de fermes. Alors, on s\u2019est dit, \u00abet pourquoi pas nous ?<\/em>\u00bb . Et nous, les parents de Denis, nous nous sommes dit \u00ab&nbsp;et pourquoi n\u2019irions-nous pas&nbsp;?&nbsp;\u00bb. Nous avons d\u00e9cid\u00e9 de faire la surprise \u00e0 Denis de notre venue d\u00e8s le samedi. Nos retrouvailles ont \u00e9t\u00e9 pleines d\u2019\u00e9motions et de joie !<\/p>\n\n\n<div class=\"wp-block-image is-style-default\">\n<figure class=\"alignright size-medium\"><a href=\"http:\/\/ecojardindesgrivauds.fr\/wp-content\/uploads\/2022\/10\/panneau.jpg\"><img decoding=\"async\" loading=\"lazy\" width=\"225\" height=\"300\" src=\"http:\/\/ecojardindesgrivauds.fr\/wp-content\/uploads\/2022\/10\/panneau-225x300.jpg\" alt=\"\" class=\"wp-image-10071\" srcset=\"https:\/\/ecojardindesgrivauds.fr\/wp-content\/uploads\/2022\/10\/panneau-225x300.jpg 225w, https:\/\/ecojardindesgrivauds.fr\/wp-content\/uploads\/2022\/10\/panneau.jpg 675w\" sizes=\"(max-width: 225px) 100vw, 225px\" \/><\/a><figcaption>Des panneaux qui ont eu le m\u00e9rite d&rsquo;exister. Et qui ont r\u00e9sist\u00e9 \u00e0 la pluie.<\/figcaption><\/figure><\/div>\n\n\n<p>Denis et Fabrice \u00e9taient dans les pr\u00e9paratifs de la journ\u00e9e du lendemain&nbsp;: fabrication de grands panneaux indicateurs, pr\u00e9paration d\u2019une planche de d\u00e9monstration de plantation de m\u00e2che et am\u00e9nagement d&rsquo;un parcours \u00e0 travers les cultures. Un pot \u00e9tait pr\u00e9vu pour les visiteurs en d\u00e9but et fin de visite. Bien vite, dans une bonne ambiance, nous avons particip\u00e9 \u00e0 ces pr\u00e9paratifs, notamment par la cueillette de ces jolies et d\u00e9licieuses tomates cerises \u00ab&nbsp;Datterini&nbsp;\u00bb pour agr\u00e9menter le pot.<\/p>\n\n\n\n<p>Comme vous le savez, le jardin est cultiv\u00e9 selon la technique du Mara\u00eechage en Sol Vivant (MSV). L&rsquo;int\u00e9r\u00eat de la visite \u00e9tait aussi de d\u00e9couvrir des secrets de cette technique, de visiter un superbe jardin et d\u2019\u00e9couter nos mara\u00eechers pr\u00e9f\u00e9r\u00e9s&nbsp;!<\/p>\n\n\n\n<p>Le dimanche matin, d\u00e8s 9h30 les premiers visiteurs arrivaient, sans crainte de la pluie&nbsp;!<\/p>\n\n\n\n<p>Fabrice a commenc\u00e9 par nous montrer les p\u00e9pini\u00e8res. Les graines sont sem\u00e9es par leurs soins dans de petites mottes achet\u00e9es chez un de leur confr\u00e8re.<\/p>\n\n\n<div class=\"wp-block-image is-style-default\">\n<figure class=\"alignleft size-medium\"><a href=\"http:\/\/ecojardindesgrivauds.fr\/wp-content\/uploads\/2022\/10\/mottes.jpg\"><img decoding=\"async\" loading=\"lazy\" width=\"300\" height=\"225\" src=\"http:\/\/ecojardindesgrivauds.fr\/wp-content\/uploads\/2022\/10\/mottes-300x225.jpg\" alt=\"\" class=\"wp-image-10072\" srcset=\"https:\/\/ecojardindesgrivauds.fr\/wp-content\/uploads\/2022\/10\/mottes-300x225.jpg 300w, https:\/\/ecojardindesgrivauds.fr\/wp-content\/uploads\/2022\/10\/mottes-768x576.jpg 768w, https:\/\/ecojardindesgrivauds.fr\/wp-content\/uploads\/2022\/10\/mottes.jpg 900w\" sizes=\"(max-width: 300px) 100vw, 300px\" \/><\/a><figcaption>Plantes en phase d&rsquo;endurcissement. Il faut 60000 mottes par an&nbsp;!<\/figcaption><\/figure><\/div>\n\n\n<p>Dans une des serres, il y a les semis qui germent et dans l\u2019autre, les semis en phase d\u2019endurcissement. Dans les cageots nous voyons des petites mottes bien serr\u00e9es les unes contre les autres avec des pousses de salades et du mesclun, des \u00e9pinards, de la coriandre et bien s\u00fbr de la m\u00e2che.<\/p>\n\n\n\n<p>Nous continuons la visite des autres serres dans lesquelles nous voyons ce qu&rsquo;il reste des productions d&rsquo;\u00e9t\u00e9 : melon (les Amapiens ont adoooor\u00e9 !), des tomates cerises et pas cerises, des haricots verts, des aubergines, des poivrons, du magnifique persil au milieu des tomates. A propos des tomates, Denis nous montre les fameux pieds greff\u00e9s conduits sur deux \u00ab&nbsp;t\u00eates&nbsp;\u00bb. Une des t\u00eates est le pied principal, celui que l\u2019on plante tout jeune, et l\u2019autre t\u00eate est un gourmand qu\u2019on laisse pousser. Tous les autres gourmands sont enlev\u00e9s au fur et \u00e0 mesure de leur pousse. Il faut dire aussi que la tomate adore faire des gourmands, ce qui signifie que cultiver des pieds de tomate n\u2019est pas de tout repos&nbsp;!<\/p>\n\n\n\n<p>Heureusement, on ne fait pas la chasse aux gourmands sur les tomates cerises, alors ils forment d\u2019immenses buissons color\u00e9s&nbsp;!<\/p>\n\n\n\n<p>Pour plus de d\u00e9tails, consulter les articles \u00ab&nbsp;<a href=\"http:\/\/ecojardindesgrivauds.fr\/?p=9381\">Le pari de l\u2019ann\u00e9e<\/a>&nbsp;\u00bb et \u00ab&nbsp;<a href=\"http:\/\/ecojardindesgrivauds.fr\/?p=9112\">Greffe des solanac\u00e9es : vous reprendrez bien une deuxi\u00e8me dose de stress ?&nbsp;<\/a>\u00bb.<\/p>\n\n\n\n<p><a><\/a>Nous continuons la visite et nous nous int\u00e9ressons aux m\u00e9thodes de culture. \u00ab&nbsp;Mara\u00eechage sur sol vivant&nbsp;\u00bb (MSV). Qu\u2019est-ce que cela veut dire&nbsp;? Qu\u2019il y a 3 r\u00e8gles \u00e0 respecter&nbsp;:<\/p>\n\n\n\n<p>1) On ne travaille pas le sol<br>2) On couvre le sol&nbsp;: toutes les planches sont couvertes de paille pour nourrir le sol. Aux Grivauds il en faut 12 tonnes par an&nbsp;! On peut aussi b\u00e2cher par-dessus la paille afin de favoriser le r\u00e9chauffement de la terre et de limiter un enherbement trop rapide.<br>3) On nourrit le sol&nbsp;: de paille, de broyat de v\u00e9g\u00e9taux.. et on laisse faire les vers de terre, tous les petits insectes qui vivent plus ou moins dans la terre ainsi que tous les micro-organismes qui se d\u00e9veloppent gr\u00e2ce \u00e0 la d\u00e9composition des v\u00e9g\u00e9taux et de la paille.<br>Pour limiter leur consommation de paille, Fabrice et Denis testent la culture du <a href=\"https:\/\/fr.wikipedia.org\/wiki\/Sorgo_commun\">sorgho fourrager<\/a>. C&rsquo;est facile : on s\u00e8me du sorgho sur une planche qui sera cultiv\u00e9e en l\u00e9gumes l&rsquo;ann\u00e9e suivante. En hiver, le sorgho g\u00e8le et se dess\u00e8che comme la paille et ainsi nourrit la terre. Au printemps, on peut planter les mottes \u00e0 travers le sorgho !<\/p>\n\n\n<div class=\"wp-block-image is-style-default\">\n<figure class=\"alignleft size-medium\"><a href=\"http:\/\/ecojardindesgrivauds.fr\/wp-content\/uploads\/2022\/10\/20220925_111807-scaled.jpg\"><img decoding=\"async\" loading=\"lazy\" width=\"139\" height=\"300\" src=\"http:\/\/ecojardindesgrivauds.fr\/wp-content\/uploads\/2022\/10\/20220925_111807-139x300.jpg\" alt=\"\" class=\"wp-image-10074\" srcset=\"https:\/\/ecojardindesgrivauds.fr\/wp-content\/uploads\/2022\/10\/20220925_111807-139x300.jpg 139w, https:\/\/ecojardindesgrivauds.fr\/wp-content\/uploads\/2022\/10\/20220925_111807-473x1024.jpg 473w, https:\/\/ecojardindesgrivauds.fr\/wp-content\/uploads\/2022\/10\/20220925_111807-768x1662.jpg 768w, https:\/\/ecojardindesgrivauds.fr\/wp-content\/uploads\/2022\/10\/20220925_111807-710x1536.jpg 710w, https:\/\/ecojardindesgrivauds.fr\/wp-content\/uploads\/2022\/10\/20220925_111807-947x2048.jpg 947w, https:\/\/ecojardindesgrivauds.fr\/wp-content\/uploads\/2022\/10\/20220925_111807-scaled.jpg 1183w\" sizes=\"(max-width: 139px) 100vw, 139px\" \/><\/a><\/figure><\/div>\n\n\n<p>Dans une des serres, a \u00e9t\u00e9 pr\u00e9par\u00e9e  une petite planche o\u00f9 vont \u00eatre install\u00e9s des pieds de m\u00e2che. La planche est d\u00e9j\u00e0 paill\u00e9e. A partir d\u2019un petit bloc de terre pr\u00e9lev\u00e9 sur cette planche, Denis nous montre les diff\u00e9rents \u00e9l\u00e9ments qui la compose&nbsp;; elle s\u2019\u00e9graine comme du couscous&nbsp;! Puis, avec son plantoir sp\u00e9cial, il \u00e9carte la paille, secoue l\u00e9g\u00e8rement la terre, et enfouit les petites mottes de m\u00e2che&nbsp;! Les gestes sont pr\u00e9cis, nous sommes tr\u00e8s impressionn\u00e9s. J\u2019ai remarqu\u00e9 aussi que se d\u00e9gageait une bonne odeur d\u2019humus dans la serre.<\/p>\n\n\n<div class=\"wp-block-image is-style-default\">\n<figure class=\"alignright size-medium\"><a href=\"http:\/\/ecojardindesgrivauds.fr\/wp-content\/uploads\/2022\/10\/20220925_111402-scaled.jpg\"><img decoding=\"async\" loading=\"lazy\" width=\"139\" height=\"300\" src=\"http:\/\/ecojardindesgrivauds.fr\/wp-content\/uploads\/2022\/10\/20220925_111402-139x300.jpg\" alt=\"\" class=\"wp-image-10075\" srcset=\"https:\/\/ecojardindesgrivauds.fr\/wp-content\/uploads\/2022\/10\/20220925_111402-139x300.jpg 139w, https:\/\/ecojardindesgrivauds.fr\/wp-content\/uploads\/2022\/10\/20220925_111402-473x1024.jpg 473w, https:\/\/ecojardindesgrivauds.fr\/wp-content\/uploads\/2022\/10\/20220925_111402-768x1662.jpg 768w, https:\/\/ecojardindesgrivauds.fr\/wp-content\/uploads\/2022\/10\/20220925_111402-710x1536.jpg 710w, https:\/\/ecojardindesgrivauds.fr\/wp-content\/uploads\/2022\/10\/20220925_111402-947x2048.jpg 947w, https:\/\/ecojardindesgrivauds.fr\/wp-content\/uploads\/2022\/10\/20220925_111402-scaled.jpg 1183w\" sizes=\"(max-width: 139px) 100vw, 139px\" \/><\/a><figcaption>Il est beau ce sol !<\/figcaption><\/figure><\/div>\n\n\n<p>La pluie qui s\u2019\u00e9tait arr\u00eat\u00e9e un moment, est revenue en force, obligeant le groupe \u00e0 se mettre \u00e0 l\u2019abri dans une serre. Alors Denis nous a propos\u00e9 de d\u00e9sinstaller des pieds de haricots grimpants. Chacun s\u2019est amus\u00e9 \u00e0 couper ces grandes tiges et \u00e0 les s\u00e9parer de leur ficelle&nbsp;! Une belle occasion de travailler dans la bonne humeur.<\/p>\n\n\n\n<p>Et puis, peut-\u00eatre \u00e0 cause de la pluie sont venues des questions sur l\u2019arrosage. Nos mara\u00eechers nous ont montr\u00e9 les tuyaux d\u2019arrosage automatique plac\u00e9s sous les cultures. S\u2019ajoutent \u00e0 cela des asperseurs au-dessus des cultures, qui arrosent tout le sol une fois par semaine. Cet arrosage permet \u00e0 la terre de rester humide et de continuer le lent travail de d\u00e9composition des v\u00e9g\u00e9taux&nbsp;: ainsi la terre continue d\u2019\u00eatre nourrie. Les racines des plantes vont \u00e9galement mieux se d\u00e9velopper et aller chercher de la ressource plus loin.<\/p>\n\n\n\n<p>La promenade s\u2019est prolong\u00e9e dans l\u2019environnement du site. Aux trois premiers principes du MSV, on pourrait en ajouter un 4<sup>e<\/sup> que l\u2019on pourrait appeler \u00ab&nbsp;favoriser la biodiversit\u00e9&nbsp;\u00bb.<\/p>\n\n\n\n<figure class=\"wp-block-image size-large is-style-default\"><a href=\"http:\/\/ecojardindesgrivauds.fr\/wp-content\/uploads\/2022\/10\/2022-09-25_11-49-25.jpg\"><img decoding=\"async\" loading=\"lazy\" width=\"1024\" height=\"682\" src=\"http:\/\/ecojardindesgrivauds.fr\/wp-content\/uploads\/2022\/10\/2022-09-25_11-49-25-1024x682.jpg\" alt=\"\" class=\"wp-image-10081\" srcset=\"https:\/\/ecojardindesgrivauds.fr\/wp-content\/uploads\/2022\/10\/2022-09-25_11-49-25-1024x682.jpg 1024w, https:\/\/ecojardindesgrivauds.fr\/wp-content\/uploads\/2022\/10\/2022-09-25_11-49-25-300x200.jpg 300w, https:\/\/ecojardindesgrivauds.fr\/wp-content\/uploads\/2022\/10\/2022-09-25_11-49-25-768x512.jpg 768w, https:\/\/ecojardindesgrivauds.fr\/wp-content\/uploads\/2022\/10\/2022-09-25_11-49-25.jpg 1280w\" sizes=\"(max-width: 767px) 89vw, (max-width: 1000px) 54vw, (max-width: 1071px) 543px, 580px\" \/><\/a><figcaption>Tout au long de la visite, Fabrice insiste sur les \u00e9l\u00e9ments mis en place qui renforcent la biodiversit\u00e9 du site.<\/figcaption><\/figure>\n\n\n\n<p>En \u00e9tudiant son terrain, Fabrice a d\u00e9cid\u00e9 de cr\u00e9er un environnement favorable \u00e0 la biodiversit\u00e9&nbsp;: creusement d\u2019une mare, modification de la taille des haies, arr\u00eat des tontes trop fr\u00e9quentes, laisser pousser des plantes et des fleurs de toutes sortes. Ainsi, s\u2019est cr\u00e9\u00e9 un \u00e9cosyst\u00e8me vertueux&nbsp;: les plantes aquatiques de la mare accueillent des insectes (Fabrice a recens\u00e9 jusqu\u2019\u00e0 25 esp\u00e8ces de libellules&nbsp;!), des animaux (nous avons bien entendu le coassement des grenouilles !). Des oiseaux se sont install\u00e9s ou viennent faire une pause lors de leur migration. Dans les herbes hautes et gr\u00e2ce aux fleurs du verger situ\u00e9 \u00e0 c\u00f4t\u00e9 de la mare, les sauterelles, les grillons et autres insectes peuvent venir s\u2019abriter, se nourrir et se r\u00e9chauffer. Les <strong>fleurs<\/strong> qui sont pr\u00e9sentes partout et en toutes saisons attirent les pollinisateurs&nbsp;: abeilles, bourdons, syrphes&#8230;.Les <a href=\"http:\/\/ecojardindesgrivauds.fr\/?p=6639\">haies<\/a> d\u00e9sormais plus diversifi\u00e9es et plus hautes permettent la nidification des oiseaux (plus de 25 esp\u00e8ces ont \u00e9t\u00e9 d\u00e9nombr\u00e9es). On en voit en photo dans presque tous les articles du blog&nbsp;!<\/p>\n\n\n\n<p>Dans l\u2019article \u00ab<a href=\"http:\/\/ecojardindesgrivauds.fr\/?p=2613\">&nbsp;Notre \u00c9coJardin, un \u00eelot de biodiversit\u00e9, une terre d\u2019accueil pour la vie !&nbsp;<\/a>\u00bb Fabrice nous donne des d\u00e9tails plus pr\u00e9cis<\/p>\n\n\n\n<p>Et puis, n\u2019oublions pas Bob et Quenelle, les deux \u00e2nes f\u00e9tiches (en plus des chats bien s\u00fbr !) qui viennent nous saluer si on prend le temps de les attendrir&nbsp;!<\/p>\n\n\n\n<figure class=\"wp-block-image size-full is-style-default\"><a href=\"http:\/\/ecojardindesgrivauds.fr\/wp-content\/uploads\/2022\/10\/pot.png\"><img decoding=\"async\" loading=\"lazy\" width=\"1024\" height=\"473\" src=\"http:\/\/ecojardindesgrivauds.fr\/wp-content\/uploads\/2022\/10\/pot.png\" alt=\"\" class=\"wp-image-10076\" srcset=\"https:\/\/ecojardindesgrivauds.fr\/wp-content\/uploads\/2022\/10\/pot.png 1024w, https:\/\/ecojardindesgrivauds.fr\/wp-content\/uploads\/2022\/10\/pot-300x139.png 300w, https:\/\/ecojardindesgrivauds.fr\/wp-content\/uploads\/2022\/10\/pot-768x355.png 768w\" sizes=\"(max-width: 767px) 89vw, (max-width: 1000px) 54vw, (max-width: 1071px) 543px, 580px\" \/><\/a><\/figure>\n\n\n\n<p>A la fin de la visite, nous nous sommes retrouv\u00e9s autour d\u2019un pot \u00ab&nbsp;nature&nbsp;\u00bb&nbsp;: p\u00e9tillant et jus de pommes achet\u00e9s \u00e0 un confr\u00e8re sur le march\u00e9 de Vichy, bi\u00e8re locale et tomates cerises. Des Amapiens, des professionnels, des stagiaires, des lecteurs assidus du blog ou tout simplement des personnes curieuses de conna\u00eetre le site et ses secrets, ont pu \u00e9changer et partager leur enthousiasme. Nos deux mara\u00eechers n\u2019\u00e9taient pas de trop pour r\u00e9pondre \u00e0 toutes leurs questions&nbsp;!<\/p>\n\n\n\n<p>Un ancien agriculteur \u00ab&nbsp;conventionnel&nbsp;\u00bb a f\u00e9licit\u00e9 Fabrice et Denis pour leur s\u00e9rieux et la qualit\u00e9 de leur travail et des l\u00e9gumes produits. Plusieurs ont affirm\u00e9 qu\u2019ils avaient raison de travailler ainsi et qu\u2019ils repr\u00e9sentaient l\u2019avenir. Au cours de la visite, la question des revenus a \u00e9t\u00e9 pos\u00e9e. Le montant de leur salaire au vu de leurs 50 heures de travail par semaine est accablant. J\u2019ai senti la tristesse des visiteur\u00b7euse\u00b7s. J\u2019attends le jour o\u00f9 les crit\u00e8res pour allouer des subventions seront bas\u00e9s sur la qualit\u00e9 sanitaire, environnementale et gustative. L\u00e0, ils gagneront peut-\u00eatre une fortune&nbsp;! En attendant, les deux mara\u00eechers pr\u00e9cisent qu&rsquo;ils ne sont pas malheureux non plus. Leur m\u00e9tier leur offre d&rsquo;autres gratifications : une forte reconnaissance sociale, la joie de travailler dehors, dans un cadre exceptionnel, le sentiment de bien-faire et de ne pas rester les bras crois\u00e9s face \u00e0 la crise \u00e9cologique.<\/p>\n\n\n\n<figure class=\"wp-block-image size-full is-style-default\"><a href=\"http:\/\/ecojardindesgrivauds.fr\/wp-content\/uploads\/2022\/10\/2022-09-25_12-42-20.jpg\"><img decoding=\"async\" loading=\"lazy\" width=\"1024\" height=\"767\" src=\"http:\/\/ecojardindesgrivauds.fr\/wp-content\/uploads\/2022\/10\/2022-09-25_12-42-20.jpg\" alt=\"\" class=\"wp-image-10083\" srcset=\"https:\/\/ecojardindesgrivauds.fr\/wp-content\/uploads\/2022\/10\/2022-09-25_12-42-20.jpg 1024w, https:\/\/ecojardindesgrivauds.fr\/wp-content\/uploads\/2022\/10\/2022-09-25_12-42-20-300x225.jpg 300w, https:\/\/ecojardindesgrivauds.fr\/wp-content\/uploads\/2022\/10\/2022-09-25_12-42-20-768x575.jpg 768w\" sizes=\"(max-width: 767px) 89vw, (max-width: 1000px) 54vw, (max-width: 1071px) 543px, 580px\" \/><\/a><figcaption>Mini-stand tenu par Alain et Jacqueline : des tomates, des courges, un peu de persil et des pots de sauce tomate.<\/figcaption><\/figure>\n\n\n\n<p>Enfin, autour du petit stand de vente, nous avons parl\u00e9 recettes, qualit\u00e9 et parfum des l\u00e9gumes. Nous avons parl\u00e9 de nos pr\u00e9f\u00e9rences autour des courges color\u00e9es et des pots de sauce tomate fabriqu\u00e9s gr\u00e2ce aux surplus de production (300 pots de sauce tomates fabriqu\u00e9s par Podarno). Quelques d\u00e9tails <a rel=\"noreferrer noopener\" href=\"http:\/\/ecojardindesgrivauds.fr\/?p=9897\" target=\"_blank\">ici<\/a> et <a rel=\"noreferrer noopener\" href=\"http:\/\/podarno.com\/\" target=\"_blank\">l\u00e0<\/a>.<\/p>\n\n\n\n<p>J\u2019ai trouv\u00e9 que cette visite nous faisait un bien fou. Parce que le lieu est beau, les l\u00e9gumes app\u00e9tissants, la nature plus vraie que nature et les mara\u00eechers passionnants. Merci \u00e0 vous pour cette belle journ\u00e9e au cours de laquelle nous avons pu aussi saluer la pluie qui a tant manqu\u00e9 cette ann\u00e9e.<\/p>\n\n\n\n<p><em>Jacqueline<\/em><\/p>\n\n\n\n<p><em>La galerie ci-dessous inclut des photos des activit\u00e9s des deux semaines \u00e9coul\u00e9es. On y voit Charl\u00e8ne et William (dit \u00able Dubbleyou\u00bb), qui nous ont beaucoup aid\u00e9 ces derniers temps. Merci \u00e0 tous les deux !<\/em><\/p>\n\n\n\n<!-- index.php -->\n<div\n\tclass=\"ngg-galleryoverview ngg-ajax-pagination-none\"\n\tid=\"ngg-gallery-b14c02fe5e2e01490977c522caacefd0-1\">\n\n    \t\t<!-- Thumbnails -->\n\t\t\t\t<div id=\"ngg-image-0\" class=\"ngg-gallery-thumbnail-box\" >\n\t\t\t\t        <div class=\"ngg-gallery-thumbnail\">\n            <a href=\"https:\/\/ecojardindesgrivauds.fr\/wp-content\/gallery\/2022_10_01-visite\/2022-09-25_11-54-13.jpg\"\n               title=\"Fabrice explique le principe des engrais, tout en montrant la plantation de Sorgho\"\n               data-src=\"https:\/\/ecojardindesgrivauds.fr\/wp-content\/gallery\/2022_10_01-visite\/2022-09-25_11-54-13.jpg\"\n               data-thumbnail=\"https:\/\/ecojardindesgrivauds.fr\/wp-content\/gallery\/2022_10_01-visite\/thumbs\/thumbs_2022-09-25_11-54-13.jpg\"\n               data-image-id=\"3338\"\n               data-title=\"2022-09-25_11-54-13\"\n               data-description=\"Fabrice explique le principe des engrais, tout en montrant la plantation de Sorgho\"\n               data-image-slug=\"2022-09-25_11-54-13\"\n               class=\"ngg-fancybox\" rel=\"b14c02fe5e2e01490977c522caacefd0\">\n                <img\n                    title=\"2022-09-25_11-54-13\"\n                    alt=\"2022-09-25_11-54-13\"\n                    src=\"https:\/\/ecojardindesgrivauds.fr\/wp-content\/gallery\/2022_10_01-visite\/thumbs\/thumbs_2022-09-25_11-54-13.jpg\"\n                    width=\"240\"\n                    height=\"160\"\n                    style=\"max-width:100%;\"\n                \/>\n            <\/a>\n        <\/div>\n\t\t\t\t\t\t\t<\/div> \n\t\t\t\n        \n\t\t\t\t<div id=\"ngg-image-1\" class=\"ngg-gallery-thumbnail-box\" >\n\t\t\t\t        <div class=\"ngg-gallery-thumbnail\">\n            <a href=\"https:\/\/ecojardindesgrivauds.fr\/wp-content\/gallery\/2022_10_01-visite\/2022-09-25_15-25-22.jpg\"\n               title=\"On profite d&#039;une pluie pour d\u00e9sinstaller des haricots \u00e0 rame. La fille en noir, c&#039;est Diane, une des wwoofeuses de cette ann\u00e9e, revenue nous saluer en cette journ\u00e9e si particuli\u00e8re.\"\n               data-src=\"https:\/\/ecojardindesgrivauds.fr\/wp-content\/gallery\/2022_10_01-visite\/2022-09-25_15-25-22.jpg\"\n               data-thumbnail=\"https:\/\/ecojardindesgrivauds.fr\/wp-content\/gallery\/2022_10_01-visite\/thumbs\/thumbs_2022-09-25_15-25-22.jpg\"\n               data-image-id=\"3340\"\n               data-title=\"2022-09-25_15-25-22\"\n               data-description=\"On profite d&#039;une pluie pour d\u00e9sinstaller des haricots \u00e0 rame. La fille en noir, c&#039;est Diane, une des wwoofeuses de cette ann\u00e9e, revenue nous saluer en cette journ\u00e9e si particuli\u00e8re.\"\n               data-image-slug=\"2022-09-25_15-25-22\"\n               class=\"ngg-fancybox\" rel=\"b14c02fe5e2e01490977c522caacefd0\">\n                <img\n                    title=\"2022-09-25_15-25-22\"\n                    alt=\"2022-09-25_15-25-22\"\n                    src=\"https:\/\/ecojardindesgrivauds.fr\/wp-content\/gallery\/2022_10_01-visite\/thumbs\/thumbs_2022-09-25_15-25-22.jpg\"\n                    width=\"240\"\n                    height=\"160\"\n                    style=\"max-width:100%;\"\n                \/>\n            <\/a>\n        <\/div>\n\t\t\t\t\t\t\t<\/div> \n\t\t\t\n        \n\t\t\t\t<div id=\"ngg-image-2\" class=\"ngg-gallery-thumbnail-box\" >\n\t\t\t\t        <div class=\"ngg-gallery-thumbnail\">\n            <a href=\"https:\/\/ecojardindesgrivauds.fr\/wp-content\/gallery\/2022_10_01-visite\/20220925_115547.jpg\"\n               title=\"\u00c9l\u00e9ment d&#039;une des haies fruiti\u00e8res (photo Jacqueline)\"\n               data-src=\"https:\/\/ecojardindesgrivauds.fr\/wp-content\/gallery\/2022_10_01-visite\/20220925_115547.jpg\"\n               data-thumbnail=\"https:\/\/ecojardindesgrivauds.fr\/wp-content\/gallery\/2022_10_01-visite\/thumbs\/thumbs_20220925_115547.jpg\"\n               data-image-id=\"3349\"\n               data-title=\"20220925_115547\"\n               data-description=\"\u00c9l\u00e9ment d&#039;une des haies fruiti\u00e8res (photo Jacqueline)\"\n               data-image-slug=\"20220925_115547\"\n               class=\"ngg-fancybox\" rel=\"b14c02fe5e2e01490977c522caacefd0\">\n                <img\n                    title=\"20220925_115547\"\n                    alt=\"20220925_115547\"\n                    src=\"https:\/\/ecojardindesgrivauds.fr\/wp-content\/gallery\/2022_10_01-visite\/thumbs\/thumbs_20220925_115547.jpg\"\n                    width=\"240\"\n                    height=\"160\"\n                    style=\"max-width:100%;\"\n                \/>\n            <\/a>\n        <\/div>\n\t\t\t\t\t\t\t<\/div> \n\t\t\t\n        \n\t\t\t\t<div id=\"ngg-image-3\" class=\"ngg-gallery-thumbnail-box\" >\n\t\t\t\t        <div class=\"ngg-gallery-thumbnail\">\n            <a href=\"https:\/\/ecojardindesgrivauds.fr\/wp-content\/gallery\/2022_10_01-visite\/20220925_112818.jpg\"\n               title=\"Une aubergine (photo Jacqueline)\"\n               data-src=\"https:\/\/ecojardindesgrivauds.fr\/wp-content\/gallery\/2022_10_01-visite\/20220925_112818.jpg\"\n               data-thumbnail=\"https:\/\/ecojardindesgrivauds.fr\/wp-content\/gallery\/2022_10_01-visite\/thumbs\/thumbs_20220925_112818.jpg\"\n               data-image-id=\"3347\"\n               data-title=\"20220925_112818\"\n               data-description=\"Une aubergine (photo Jacqueline)\"\n               data-image-slug=\"20220925_112818\"\n               class=\"ngg-fancybox\" rel=\"b14c02fe5e2e01490977c522caacefd0\">\n                <img\n                    title=\"20220925_112818\"\n                    alt=\"20220925_112818\"\n                    src=\"https:\/\/ecojardindesgrivauds.fr\/wp-content\/gallery\/2022_10_01-visite\/thumbs\/thumbs_20220925_112818.jpg\"\n                    width=\"240\"\n                    height=\"160\"\n                    style=\"max-width:100%;\"\n                \/>\n            <\/a>\n        <\/div>\n\t\t\t\t\t\t\t<\/div> \n\t\t\t\n        \n\t\t\t\t<div id=\"ngg-image-4\" class=\"ngg-gallery-thumbnail-box\" >\n\t\t\t\t        <div class=\"ngg-gallery-thumbnail\">\n            <a href=\"https:\/\/ecojardindesgrivauds.fr\/wp-content\/gallery\/2022_10_01-visite\/20220925_113144.jpg\"\n               title=\"La serre 6 gard\u00e9e par Chamouth (photo Jacqueline)\"\n               data-src=\"https:\/\/ecojardindesgrivauds.fr\/wp-content\/gallery\/2022_10_01-visite\/20220925_113144.jpg\"\n               data-thumbnail=\"https:\/\/ecojardindesgrivauds.fr\/wp-content\/gallery\/2022_10_01-visite\/thumbs\/thumbs_20220925_113144.jpg\"\n               data-image-id=\"3348\"\n               data-title=\"20220925_113144\"\n               data-description=\"La serre 6 gard\u00e9e par Chamouth (photo Jacqueline)\"\n               data-image-slug=\"20220925_113144\"\n               class=\"ngg-fancybox\" rel=\"b14c02fe5e2e01490977c522caacefd0\">\n                <img\n                    title=\"20220925_113144\"\n                    alt=\"20220925_113144\"\n                    src=\"https:\/\/ecojardindesgrivauds.fr\/wp-content\/gallery\/2022_10_01-visite\/thumbs\/thumbs_20220925_113144.jpg\"\n                    width=\"240\"\n                    height=\"160\"\n                    style=\"max-width:100%;\"\n                \/>\n            <\/a>\n        <\/div>\n\t\t\t\t\t\t\t<\/div> \n\t\t\t\n        \n\t\t\t\t<div id=\"ngg-image-5\" class=\"ngg-gallery-thumbnail-box\" >\n\t\t\t\t        <div class=\"ngg-gallery-thumbnail\">\n            <a href=\"https:\/\/ecojardindesgrivauds.fr\/wp-content\/gallery\/2022_10_01-visite\/2022-09-19_08-53-43.jpg\"\n               title=\"De la ros\u00e9e dans les fenouils (photo Charl\u00e8ne)\"\n               data-src=\"https:\/\/ecojardindesgrivauds.fr\/wp-content\/gallery\/2022_10_01-visite\/2022-09-19_08-53-43.jpg\"\n               data-thumbnail=\"https:\/\/ecojardindesgrivauds.fr\/wp-content\/gallery\/2022_10_01-visite\/thumbs\/thumbs_2022-09-19_08-53-43.jpg\"\n               data-image-id=\"3335\"\n               data-title=\"2022-09-19_08-53-43\"\n               data-description=\"De la ros\u00e9e dans les fenouils (photo Charl\u00e8ne)\"\n               data-image-slug=\"2022-09-19_08-53-43\"\n               class=\"ngg-fancybox\" rel=\"b14c02fe5e2e01490977c522caacefd0\">\n                <img\n                    title=\"2022-09-19_08-53-43\"\n                    alt=\"2022-09-19_08-53-43\"\n                    src=\"https:\/\/ecojardindesgrivauds.fr\/wp-content\/gallery\/2022_10_01-visite\/thumbs\/thumbs_2022-09-19_08-53-43.jpg\"\n                    width=\"240\"\n                    height=\"160\"\n                    style=\"max-width:100%;\"\n                \/>\n            <\/a>\n        <\/div>\n\t\t\t\t\t\t\t<\/div> \n\t\t\t\n        \n\t\t\t\t<div id=\"ngg-image-6\" class=\"ngg-gallery-thumbnail-box\" >\n\t\t\t\t        <div class=\"ngg-gallery-thumbnail\">\n            <a href=\"https:\/\/ecojardindesgrivauds.fr\/wp-content\/gallery\/2022_10_01-visite\/2022-09-21_11-10-51.jpg\"\n               title=\"L&#039;ergonomie de la pes\u00e9e, vue par Charl\u00e8ne (prends des notes, Nel !)\"\n               data-src=\"https:\/\/ecojardindesgrivauds.fr\/wp-content\/gallery\/2022_10_01-visite\/2022-09-21_11-10-51.jpg\"\n               data-thumbnail=\"https:\/\/ecojardindesgrivauds.fr\/wp-content\/gallery\/2022_10_01-visite\/thumbs\/thumbs_2022-09-21_11-10-51.jpg\"\n               data-image-id=\"3336\"\n               data-title=\"2022-09-21_11-10-51\"\n               data-description=\"L&#039;ergonomie de la pes\u00e9e, vue par Charl\u00e8ne (prends des notes, Nel !)\"\n               data-image-slug=\"2022-09-21_11-10-51\"\n               class=\"ngg-fancybox\" rel=\"b14c02fe5e2e01490977c522caacefd0\">\n                <img\n                    title=\"2022-09-21_11-10-51\"\n                    alt=\"2022-09-21_11-10-51\"\n                    src=\"https:\/\/ecojardindesgrivauds.fr\/wp-content\/gallery\/2022_10_01-visite\/thumbs\/thumbs_2022-09-21_11-10-51.jpg\"\n                    width=\"240\"\n                    height=\"160\"\n                    style=\"max-width:100%;\"\n                \/>\n            <\/a>\n        <\/div>\n\t\t\t\t\t\t\t<\/div> \n\t\t\t\n        \n\t\t\t\t<div id=\"ngg-image-7\" class=\"ngg-gallery-thumbnail-box\" >\n\t\t\t\t        <div class=\"ngg-gallery-thumbnail\">\n            <a href=\"https:\/\/ecojardindesgrivauds.fr\/wp-content\/gallery\/2022_10_01-visite\/2022-09-27_17-06-55.jpg\"\n               title=\"Dubbleyou \u00e0 la plantation des m\u00e2ches\"\n               data-src=\"https:\/\/ecojardindesgrivauds.fr\/wp-content\/gallery\/2022_10_01-visite\/2022-09-27_17-06-55.jpg\"\n               data-thumbnail=\"https:\/\/ecojardindesgrivauds.fr\/wp-content\/gallery\/2022_10_01-visite\/thumbs\/thumbs_2022-09-27_17-06-55.jpg\"\n               data-image-id=\"3341\"\n               data-title=\"2022-09-27_17-06-55\"\n               data-description=\"Dubbleyou \u00e0 la plantation des m\u00e2ches\"\n               data-image-slug=\"2022-09-27_17-06-55\"\n               class=\"ngg-fancybox\" rel=\"b14c02fe5e2e01490977c522caacefd0\">\n                <img\n                    title=\"2022-09-27_17-06-55\"\n                    alt=\"2022-09-27_17-06-55\"\n                    src=\"https:\/\/ecojardindesgrivauds.fr\/wp-content\/gallery\/2022_10_01-visite\/thumbs\/thumbs_2022-09-27_17-06-55.jpg\"\n                    width=\"240\"\n                    height=\"160\"\n                    style=\"max-width:100%;\"\n                \/>\n            <\/a>\n        <\/div>\n\t\t\t\t\t\t\t<\/div> \n\t\t\t\n        \n\t\t\t\t<div id=\"ngg-image-8\" class=\"ngg-gallery-thumbnail-box\" >\n\t\t\t\t        <div class=\"ngg-gallery-thumbnail\">\n            <a href=\"https:\/\/ecojardindesgrivauds.fr\/wp-content\/gallery\/2022_10_01-visite\/2022-09-29_09-45-11.jpg\"\n               title=\"\u00c7a y est, les r\u00e9coltes de poireaux, \u00e7a devient du s\u00e9rieux !\"\n               data-src=\"https:\/\/ecojardindesgrivauds.fr\/wp-content\/gallery\/2022_10_01-visite\/2022-09-29_09-45-11.jpg\"\n               data-thumbnail=\"https:\/\/ecojardindesgrivauds.fr\/wp-content\/gallery\/2022_10_01-visite\/thumbs\/thumbs_2022-09-29_09-45-11.jpg\"\n               data-image-id=\"3342\"\n               data-title=\"2022-09-29_09-45-11\"\n               data-description=\"\u00c7a y est, les r\u00e9coltes de poireaux, \u00e7a devient du s\u00e9rieux !\"\n               data-image-slug=\"2022-09-29_09-45-11\"\n               class=\"ngg-fancybox\" rel=\"b14c02fe5e2e01490977c522caacefd0\">\n                <img\n                    title=\"2022-09-29_09-45-11\"\n                    alt=\"2022-09-29_09-45-11\"\n                    src=\"https:\/\/ecojardindesgrivauds.fr\/wp-content\/gallery\/2022_10_01-visite\/thumbs\/thumbs_2022-09-29_09-45-11.jpg\"\n                    width=\"240\"\n                    height=\"160\"\n                    style=\"max-width:100%;\"\n                \/>\n            <\/a>\n        <\/div>\n\t\t\t\t\t\t\t<\/div> \n\t\t\t\n        \n\t\t\t\t<div id=\"ngg-image-9\" class=\"ngg-gallery-thumbnail-box\" >\n\t\t\t\t        <div class=\"ngg-gallery-thumbnail\">\n            <a href=\"https:\/\/ecojardindesgrivauds.fr\/wp-content\/gallery\/2022_10_01-visite\/2022-09-29_09-45-39.jpg\"\n               title=\"Les c\u00e9leris d\u00e9collent enfin !\"\n               data-src=\"https:\/\/ecojardindesgrivauds.fr\/wp-content\/gallery\/2022_10_01-visite\/2022-09-29_09-45-39.jpg\"\n               data-thumbnail=\"https:\/\/ecojardindesgrivauds.fr\/wp-content\/gallery\/2022_10_01-visite\/thumbs\/thumbs_2022-09-29_09-45-39.jpg\"\n               data-image-id=\"3343\"\n               data-title=\"2022-09-29_09-45-39\"\n               data-description=\"Les c\u00e9leris d\u00e9collent enfin !\"\n               data-image-slug=\"2022-09-29_09-45-39\"\n               class=\"ngg-fancybox\" rel=\"b14c02fe5e2e01490977c522caacefd0\">\n                <img\n                    title=\"2022-09-29_09-45-39\"\n                    alt=\"2022-09-29_09-45-39\"\n                    src=\"https:\/\/ecojardindesgrivauds.fr\/wp-content\/gallery\/2022_10_01-visite\/thumbs\/thumbs_2022-09-29_09-45-39.jpg\"\n                    width=\"240\"\n                    height=\"160\"\n                    style=\"max-width:100%;\"\n                \/>\n            <\/a>\n        <\/div>\n\t\t\t\t\t\t\t<\/div> \n\t\t\t\n        \n\t\t\t\t<div id=\"ngg-image-10\" class=\"ngg-gallery-thumbnail-box\" >\n\t\t\t\t        <div class=\"ngg-gallery-thumbnail\">\n            <a href=\"https:\/\/ecojardindesgrivauds.fr\/wp-content\/gallery\/2022_10_01-visite\/2022-09-29_15-18-17.jpg\"\n               title=\"On a r\u00e9colt\u00e9 nos premi\u00e8res patates douces ! 6 kg par pied, tout de m\u00eame !\"\n               data-src=\"https:\/\/ecojardindesgrivauds.fr\/wp-content\/gallery\/2022_10_01-visite\/2022-09-29_15-18-17.jpg\"\n               data-thumbnail=\"https:\/\/ecojardindesgrivauds.fr\/wp-content\/gallery\/2022_10_01-visite\/thumbs\/thumbs_2022-09-29_15-18-17.jpg\"\n               data-image-id=\"3344\"\n               data-title=\"2022-09-29_15-18-17\"\n               data-description=\"On a r\u00e9colt\u00e9 nos premi\u00e8res patates douces ! 6 kg par pied, tout de m\u00eame !\"\n               data-image-slug=\"2022-09-29_15-18-17\"\n               class=\"ngg-fancybox\" rel=\"b14c02fe5e2e01490977c522caacefd0\">\n                <img\n                    title=\"2022-09-29_15-18-17\"\n                    alt=\"2022-09-29_15-18-17\"\n                    src=\"https:\/\/ecojardindesgrivauds.fr\/wp-content\/gallery\/2022_10_01-visite\/thumbs\/thumbs_2022-09-29_15-18-17.jpg\"\n                    width=\"240\"\n                    height=\"160\"\n                    style=\"max-width:100%;\"\n                \/>\n            <\/a>\n        <\/div>\n\t\t\t\t\t\t\t<\/div> \n\t\t\t\n        \n\t\t\t\t<div id=\"ngg-image-11\" class=\"ngg-gallery-thumbnail-box\" >\n\t\t\t\t        <div class=\"ngg-gallery-thumbnail\">\n            <a href=\"https:\/\/ecojardindesgrivauds.fr\/wp-content\/gallery\/2022_10_01-visite\/2022-09-29_17-57-17.jpg\"\n               title=\"Nos serres sous un ciel l\u00e9g\u00e8rement mena\u00e7ant...\"\n               data-src=\"https:\/\/ecojardindesgrivauds.fr\/wp-content\/gallery\/2022_10_01-visite\/2022-09-29_17-57-17.jpg\"\n               data-thumbnail=\"https:\/\/ecojardindesgrivauds.fr\/wp-content\/gallery\/2022_10_01-visite\/thumbs\/thumbs_2022-09-29_17-57-17.jpg\"\n               data-image-id=\"3345\"\n               data-title=\"2022-09-29_17-57-17\"\n               data-description=\"Nos serres sous un ciel l\u00e9g\u00e8rement mena\u00e7ant...\"\n               data-image-slug=\"2022-09-29_17-57-17\"\n               class=\"ngg-fancybox\" rel=\"b14c02fe5e2e01490977c522caacefd0\">\n                <img\n                    title=\"2022-09-29_17-57-17\"\n                    alt=\"2022-09-29_17-57-17\"\n                    src=\"https:\/\/ecojardindesgrivauds.fr\/wp-content\/gallery\/2022_10_01-visite\/thumbs\/thumbs_2022-09-29_17-57-17.jpg\"\n                    width=\"240\"\n                    height=\"160\"\n                    style=\"max-width:100%;\"\n                \/>\n            <\/a>\n        <\/div>\n\t\t\t\t\t\t\t<\/div> \n\t\t\t\n        \n\t\t\t\t<div id=\"ngg-image-12\" class=\"ngg-gallery-thumbnail-box\" >\n\t\t\t\t        <div class=\"ngg-gallery-thumbnail\">\n            <a href=\"https:\/\/ecojardindesgrivauds.fr\/wp-content\/gallery\/2022_10_01-visite\/2022-09-30_11-07-14.jpg\"\n               title=\"Premi\u00e8re r\u00e9colte de mesclun !\"\n               data-src=\"https:\/\/ecojardindesgrivauds.fr\/wp-content\/gallery\/2022_10_01-visite\/2022-09-30_11-07-14.jpg\"\n               data-thumbnail=\"https:\/\/ecojardindesgrivauds.fr\/wp-content\/gallery\/2022_10_01-visite\/thumbs\/thumbs_2022-09-30_11-07-14.jpg\"\n               data-image-id=\"3346\"\n               data-title=\"2022-09-30_11-07-14\"\n               data-description=\"Premi\u00e8re r\u00e9colte de mesclun !\"\n               data-image-slug=\"2022-09-30_11-07-14\"\n               class=\"ngg-fancybox\" rel=\"b14c02fe5e2e01490977c522caacefd0\">\n                <img\n                    title=\"2022-09-30_11-07-14\"\n                    alt=\"2022-09-30_11-07-14\"\n                    src=\"https:\/\/ecojardindesgrivauds.fr\/wp-content\/gallery\/2022_10_01-visite\/thumbs\/thumbs_2022-09-30_11-07-14.jpg\"\n                    width=\"240\"\n                    height=\"160\"\n                    style=\"max-width:100%;\"\n                \/>\n            <\/a>\n        <\/div>\n\t\t\t\t\t\t\t<\/div> \n\t\t\t\n        \n\t\t\n\t\t<!-- Pagination -->\n\t<div class='ngg-clear'><\/div>\t<\/div>\n\n","protected":false},"excerpt":{"rendered":"<p>Samedi apr\u00e8s-midi, dans la cuisine de Fabrice, on est en train de faire les comptes du march\u00e9. On a peu de temps devant nous : il va falloir pr\u00e9parer la visite du jardin du lendemain. Il reste beaucoup de choses \u00e0 faire en peu de temps et on est tr\u00e8s fatigu\u00e9s. Et pour cause, on &hellip; <\/p>\n<p class=\"link-more\"><a href=\"https:\/\/ecojardindesgrivauds.fr\/?p=10059\" class=\"more-link\">Continuer la lecture<span class=\"screen-reader-text\"> de &laquo;&nbsp;La visite et la surprise&nbsp;&raquo;<\/span><\/a><\/p>\n","protected":false},"author":1,"featured_media":0,"comment_status":"open","ping_status":"open","sticky":false,"template":"","format":"standard","meta":{"ngg_post_thumbnail":0},"categories":[1],"tags":[],"_links":{"self":[{"href":"https:\/\/ecojardindesgrivauds.fr\/index.php?rest_route=\/wp\/v2\/posts\/10059"}],"collection":[{"href":"https:\/\/ecojardindesgrivauds.fr\/index.php?rest_route=\/wp\/v2\/posts"}],"about":[{"href":"https:\/\/ecojardindesgrivauds.fr\/index.php?rest_route=\/wp\/v2\/types\/post"}],"author":[{"embeddable":true,"href":"https:\/\/ecojardindesgrivauds.fr\/index.php?rest_route=\/wp\/v2\/users\/1"}],"replies":[{"embeddable":true,"href":"https:\/\/ecojardindesgrivauds.fr\/index.php?rest_route=%2Fwp%2Fv2%2Fcomments&post=10059"}],"version-history":[{"count":17,"href":"https:\/\/ecojardindesgrivauds.fr\/index.php?rest_route=\/wp\/v2\/posts\/10059\/revisions"}],"predecessor-version":[{"id":10113,"href":"https:\/\/ecojardindesgrivauds.fr\/index.php?rest_route=\/wp\/v2\/posts\/10059\/revisions\/10113"}],"wp:attachment":[{"href":"https:\/\/ecojardindesgrivauds.fr\/index.php?rest_route=%2Fwp%2Fv2%2Fmedia&parent=10059"}],"wp:term":[{"taxonomy":"category","embeddable":true,"href":"https:\/\/ecojardindesgrivauds.fr\/index.php?rest_route=%2Fwp%2Fv2%2Fcategories&post=10059"},{"taxonomy":"post_tag","embeddable":true,"href":"https:\/\/ecojardindesgrivauds.fr\/index.php?rest_route=%2Fwp%2Fv2%2Ftags&post=10059"}],"curies":[{"name":"wp","href":"https:\/\/api.w.org\/{rel}","templated":true}]}}