{"id":1023,"date":"2018-06-10T11:05:12","date_gmt":"2018-06-10T09:05:12","guid":{"rendered":"http:\/\/ecojardindesgrivauds.fr\/?p=1023"},"modified":"2018-06-17T10:42:46","modified_gmt":"2018-06-17T08:42:46","slug":"on-a-un-logo","status":"publish","type":"post","link":"https:\/\/ecojardindesgrivauds.fr\/?p=1023","title":{"rendered":"On a un logo !"},"content":{"rendered":"<figure id=\"attachment_1036\" aria-describedby=\"caption-attachment-1036\" style=\"width: 300px\" class=\"wp-caption alignleft\"><a href=\"http:\/\/ecojardindesgrivauds.fr\/wp-content\/uploads\/2018\/06\/logo-final.jpg\"><img decoding=\"async\" loading=\"lazy\" class=\"size-medium wp-image-1036\" src=\"http:\/\/ecojardindesgrivauds.fr\/wp-content\/uploads\/2018\/06\/logo-final-300x185.jpg\" alt=\"\" width=\"300\" height=\"185\" srcset=\"https:\/\/ecojardindesgrivauds.fr\/wp-content\/uploads\/2018\/06\/logo-final-300x185.jpg 300w, https:\/\/ecojardindesgrivauds.fr\/wp-content\/uploads\/2018\/06\/logo-final-768x473.jpg 768w, https:\/\/ecojardindesgrivauds.fr\/wp-content\/uploads\/2018\/06\/logo-final-1024x630.jpg 1024w, https:\/\/ecojardindesgrivauds.fr\/wp-content\/uploads\/2018\/06\/logo-final.jpg 1188w\" sizes=\"(max-width: 300px) 100vw, 300px\" \/><\/a><figcaption id=\"caption-attachment-1036\" class=\"wp-caption-text\">Notre nouveau logo<\/figcaption><\/figure>\n<p>La cr\u00e9ation du GAEC a \u00e9t\u00e9 l&rsquo;occasion de nous offrir un logo qui nous repr\u00e9sente. Un logo qui nous permettra de nous identifier facilement, par exemple sur le march\u00e9 de Vichy. Ce logo a \u00e9t\u00e9 cr\u00e9\u00e9 par <a href=\"https:\/\/www.cathyronget.com\/\">Catherine Ronget<\/a>, qu&rsquo;on remercie chaleureusement pour ce beau travail ! On a choisi d&rsquo;y donner une place importante \u00e0 l&rsquo;un de nos compagnons de route les plus actifs : le ver de terre ! Car c&rsquo;est lui qui bosse pour nous en a\u00e9rant la terre et en y incorporant la mati\u00e8re organique qu&rsquo;on d\u00e9pose en surface.<\/p>\n<figure id=\"attachment_1025\" aria-describedby=\"caption-attachment-1025\" style=\"width: 225px\" class=\"wp-caption alignright\"><a href=\"http:\/\/ecojardindesgrivauds.fr\/wp-content\/uploads\/2018\/06\/2018-06-06_12-41-56.jpg\"><img decoding=\"async\" loading=\"lazy\" class=\"size-medium wp-image-1025\" src=\"http:\/\/ecojardindesgrivauds.fr\/wp-content\/uploads\/2018\/06\/2018-06-06_12-41-56-225x300.jpg\" alt=\"\" width=\"225\" height=\"300\" srcset=\"https:\/\/ecojardindesgrivauds.fr\/wp-content\/uploads\/2018\/06\/2018-06-06_12-41-56-225x300.jpg 225w, https:\/\/ecojardindesgrivauds.fr\/wp-content\/uploads\/2018\/06\/2018-06-06_12-41-56.jpg 768w\" sizes=\"(max-width: 225px) 100vw, 225px\" \/><\/a><figcaption id=\"caption-attachment-1025\" class=\"wp-caption-text\">Petits pois<\/figcaption><\/figure>\n<p>Et pendant qu&rsquo;il travaille sous terre, nous on s&rsquo;active au dessus ! Et cette semaine encore, on n&rsquo;a pas ch\u00f4m\u00e9 ! D&rsquo;abord, c\u00f4t\u00e9 r\u00e9coltes, on est retourn\u00e9 dans nos petits pois, on a trouv\u00e9 quelques jolis fenouils pour nos amapiens du mercredi et nos premi\u00e8res petites courgettes sont all\u00e9es \u00e0 nos amapiens du jeudi. D&rsquo;ailleurs, en ce qui concerne les courgettes, il semblerait qu&rsquo;elles aient enfin d\u00e9marr\u00e9. Ouf ! C\u00f4t\u00e9 plantation, le chantier des c\u00e9leris raves est presque termin\u00e9 et on a trouv\u00e9 le temps de semer 60m de carottes sur 3 rangs. Un peu de d\u00e9sherbage dans les haricots verts et un peu de taille dans les tomates et voil\u00e0 une nouvelle semaine qui s&rsquo;ach\u00e8ve.<\/p>\n<p>\u00c0 la faveur des quelques \u00e9claircies qui ont encadr\u00e9 nos pluies quotidiennes, nos l\u00e9gumes d&rsquo;\u00e9t\u00e9 commencent \u00e0 se distinguer : les premiers poivrons sont visibles sous les fleurs, les aubergines mettent des fruits un peu partout, les concombres prennent du volume et les tomates grandissent \u00e0 chaque fois qu&rsquo;on a le dos tourn\u00e9.<\/p>\n<p><em>Cliquez sur les photos ci-dessous pour les agrandir et lire les l\u00e9gendes.<\/em><\/p>\n<!-- index.php -->\n<div\n\tclass=\"ngg-galleryoverview ngg-ajax-pagination-none\"\n\tid=\"ngg-gallery-bfaa7ffdfc23e854d13696876ee09ddc-1\">\n\n    \t\t<!-- Thumbnails -->\n\t\t\t\t<div id=\"ngg-image-0\" class=\"ngg-gallery-thumbnail-box\" >\n\t\t\t\t        <div class=\"ngg-gallery-thumbnail\">\n            <a href=\"https:\/\/ecojardindesgrivauds.fr\/wp-content\/gallery\/2018_06_09-nouveau-logo\/2018-06-06_10-57-28.jpg\"\n               title=\"Nos oignons nouveaux sont de plus en plus gros !\"\n               data-src=\"https:\/\/ecojardindesgrivauds.fr\/wp-content\/gallery\/2018_06_09-nouveau-logo\/2018-06-06_10-57-28.jpg\"\n               data-thumbnail=\"https:\/\/ecojardindesgrivauds.fr\/wp-content\/gallery\/2018_06_09-nouveau-logo\/thumbs\/thumbs_2018-06-06_10-57-28.jpg\"\n               data-image-id=\"258\"\n               data-title=\"2018-06-06_10-57-28\"\n               data-description=\"Nos oignons nouveaux sont de plus en plus gros !\"\n               data-image-slug=\"2018-06-06_10-57-28\"\n               class=\"ngg-fancybox\" rel=\"bfaa7ffdfc23e854d13696876ee09ddc\">\n                <img\n                    title=\"2018-06-06_10-57-28\"\n                    alt=\"2018-06-06_10-57-28\"\n                    src=\"https:\/\/ecojardindesgrivauds.fr\/wp-content\/gallery\/2018_06_09-nouveau-logo\/thumbs\/thumbs_2018-06-06_10-57-28.jpg\"\n                    width=\"240\"\n                    height=\"160\"\n                    style=\"max-width:100%;\"\n                \/>\n            <\/a>\n        <\/div>\n\t\t\t\t\t\t\t<\/div> \n\t\t\t\n        \n\t\t\t\t<div id=\"ngg-image-1\" class=\"ngg-gallery-thumbnail-box\" >\n\t\t\t\t        <div class=\"ngg-gallery-thumbnail\">\n            <a href=\"https:\/\/ecojardindesgrivauds.fr\/wp-content\/gallery\/2018_06_09-nouveau-logo\/2018-06-09_08-09-10.jpg\"\n               title=\"\u00c7a y est : les courgettes ont vraiment d\u00e9marr\u00e9 !\"\n               data-src=\"https:\/\/ecojardindesgrivauds.fr\/wp-content\/gallery\/2018_06_09-nouveau-logo\/2018-06-09_08-09-10.jpg\"\n               data-thumbnail=\"https:\/\/ecojardindesgrivauds.fr\/wp-content\/gallery\/2018_06_09-nouveau-logo\/thumbs\/thumbs_2018-06-09_08-09-10.jpg\"\n               data-image-id=\"259\"\n               data-title=\"2018-06-09_08-09-10\"\n               data-description=\"\u00c7a y est : les courgettes ont vraiment d\u00e9marr\u00e9 !\"\n               data-image-slug=\"2018-06-09_08-09-10\"\n               class=\"ngg-fancybox\" rel=\"bfaa7ffdfc23e854d13696876ee09ddc\">\n                <img\n                    title=\"2018-06-09_08-09-10\"\n                    alt=\"2018-06-09_08-09-10\"\n                    src=\"https:\/\/ecojardindesgrivauds.fr\/wp-content\/gallery\/2018_06_09-nouveau-logo\/thumbs\/thumbs_2018-06-09_08-09-10.jpg\"\n                    width=\"240\"\n                    height=\"160\"\n                    style=\"max-width:100%;\"\n                \/>\n            <\/a>\n        <\/div>\n\t\t\t\t\t\t\t<\/div> \n\t\t\t\n        \n\t\t\t\t<div id=\"ngg-image-2\" class=\"ngg-gallery-thumbnail-box\" >\n\t\t\t\t        <div class=\"ngg-gallery-thumbnail\">\n            <a href=\"https:\/\/ecojardindesgrivauds.fr\/wp-content\/gallery\/2018_06_09-nouveau-logo\/2018-06-09_09-32-52.jpg\"\n               title=\"La petite famille Landr\u00e9, de passage aux Grivauds, donne un coup de main dans le d\u00e9liseronnage des oignons.\"\n               data-src=\"https:\/\/ecojardindesgrivauds.fr\/wp-content\/gallery\/2018_06_09-nouveau-logo\/2018-06-09_09-32-52.jpg\"\n               data-thumbnail=\"https:\/\/ecojardindesgrivauds.fr\/wp-content\/gallery\/2018_06_09-nouveau-logo\/thumbs\/thumbs_2018-06-09_09-32-52.jpg\"\n               data-image-id=\"260\"\n               data-title=\"2018-06-09_09-32-52\"\n               data-description=\"La petite famille Landr\u00e9, de passage aux Grivauds, donne un coup de main dans le d\u00e9liseronnage des oignons.\"\n               data-image-slug=\"2018-06-09_09-32-52\"\n               class=\"ngg-fancybox\" rel=\"bfaa7ffdfc23e854d13696876ee09ddc\">\n                <img\n                    title=\"2018-06-09_09-32-52\"\n                    alt=\"2018-06-09_09-32-52\"\n                    src=\"https:\/\/ecojardindesgrivauds.fr\/wp-content\/gallery\/2018_06_09-nouveau-logo\/thumbs\/thumbs_2018-06-09_09-32-52.jpg\"\n                    width=\"240\"\n                    height=\"160\"\n                    style=\"max-width:100%;\"\n                \/>\n            <\/a>\n        <\/div>\n\t\t\t\t\t\t\t<\/div> \n\t\t\t\n        \n\t\t\t\t<div id=\"ngg-image-3\" class=\"ngg-gallery-thumbnail-box\" >\n\t\t\t\t        <div class=\"ngg-gallery-thumbnail\">\n            <a href=\"https:\/\/ecojardindesgrivauds.fr\/wp-content\/gallery\/2018_06_09-nouveau-logo\/2018-06-09_12-00-44.jpg\"\n               title=\"\u00c7a y est : les chayottes touchent le plafond de la serre !\"\n               data-src=\"https:\/\/ecojardindesgrivauds.fr\/wp-content\/gallery\/2018_06_09-nouveau-logo\/2018-06-09_12-00-44.jpg\"\n               data-thumbnail=\"https:\/\/ecojardindesgrivauds.fr\/wp-content\/gallery\/2018_06_09-nouveau-logo\/thumbs\/thumbs_2018-06-09_12-00-44.jpg\"\n               data-image-id=\"261\"\n               data-title=\"2018-06-09_12-00-44\"\n               data-description=\"\u00c7a y est : les chayottes touchent le plafond de la serre !\"\n               data-image-slug=\"2018-06-09_12-00-44\"\n               class=\"ngg-fancybox\" rel=\"bfaa7ffdfc23e854d13696876ee09ddc\">\n                <img\n                    title=\"2018-06-09_12-00-44\"\n                    alt=\"2018-06-09_12-00-44\"\n                    src=\"https:\/\/ecojardindesgrivauds.fr\/wp-content\/gallery\/2018_06_09-nouveau-logo\/thumbs\/thumbs_2018-06-09_12-00-44.jpg\"\n                    width=\"240\"\n                    height=\"160\"\n                    style=\"max-width:100%;\"\n                \/>\n            <\/a>\n        <\/div>\n\t\t\t\t\t\t\t<\/div> \n\t\t\t\n        \n\t\t\t\t<div id=\"ngg-image-4\" class=\"ngg-gallery-thumbnail-box\" >\n\t\t\t\t        <div class=\"ngg-gallery-thumbnail\">\n            <a href=\"https:\/\/ecojardindesgrivauds.fr\/wp-content\/gallery\/2018_06_09-nouveau-logo\/2018-06-09_12-02-26.jpg\"\n               title=\"Concombre\"\n               data-src=\"https:\/\/ecojardindesgrivauds.fr\/wp-content\/gallery\/2018_06_09-nouveau-logo\/2018-06-09_12-02-26.jpg\"\n               data-thumbnail=\"https:\/\/ecojardindesgrivauds.fr\/wp-content\/gallery\/2018_06_09-nouveau-logo\/thumbs\/thumbs_2018-06-09_12-02-26.jpg\"\n               data-image-id=\"262\"\n               data-title=\"2018-06-09_12-02-26\"\n               data-description=\"Concombre\"\n               data-image-slug=\"2018-06-09_12-02-26\"\n               class=\"ngg-fancybox\" rel=\"bfaa7ffdfc23e854d13696876ee09ddc\">\n                <img\n                    title=\"2018-06-09_12-02-26\"\n                    alt=\"2018-06-09_12-02-26\"\n                    src=\"https:\/\/ecojardindesgrivauds.fr\/wp-content\/gallery\/2018_06_09-nouveau-logo\/thumbs\/thumbs_2018-06-09_12-02-26.jpg\"\n                    width=\"240\"\n                    height=\"160\"\n                    style=\"max-width:100%;\"\n                \/>\n            <\/a>\n        <\/div>\n\t\t\t\t\t\t\t<\/div> \n\t\t\t\n        \n\t\t\t\t<div id=\"ngg-image-5\" class=\"ngg-gallery-thumbnail-box\" >\n\t\t\t\t        <div class=\"ngg-gallery-thumbnail\">\n            <a href=\"https:\/\/ecojardindesgrivauds.fr\/wp-content\/gallery\/2018_06_09-nouveau-logo\/2018-06-09_17-58-54.jpg\"\n               title=\"Une courge qui court.\"\n               data-src=\"https:\/\/ecojardindesgrivauds.fr\/wp-content\/gallery\/2018_06_09-nouveau-logo\/2018-06-09_17-58-54.jpg\"\n               data-thumbnail=\"https:\/\/ecojardindesgrivauds.fr\/wp-content\/gallery\/2018_06_09-nouveau-logo\/thumbs\/thumbs_2018-06-09_17-58-54.jpg\"\n               data-image-id=\"264\"\n               data-title=\"2018-06-09_17-58-54\"\n               data-description=\"Une courge qui court.\"\n               data-image-slug=\"2018-06-09_17-58-54\"\n               class=\"ngg-fancybox\" rel=\"bfaa7ffdfc23e854d13696876ee09ddc\">\n                <img\n                    title=\"2018-06-09_17-58-54\"\n                    alt=\"2018-06-09_17-58-54\"\n                    src=\"https:\/\/ecojardindesgrivauds.fr\/wp-content\/gallery\/2018_06_09-nouveau-logo\/thumbs\/thumbs_2018-06-09_17-58-54.jpg\"\n                    width=\"240\"\n                    height=\"160\"\n                    style=\"max-width:100%;\"\n                \/>\n            <\/a>\n        <\/div>\n\t\t\t\t\t\t\t<\/div> \n\t\t\t\n        \n\t\t\t\t<div id=\"ngg-image-6\" class=\"ngg-gallery-thumbnail-box\" >\n\t\t\t\t        <div class=\"ngg-gallery-thumbnail\">\n            <a href=\"https:\/\/ecojardindesgrivauds.fr\/wp-content\/gallery\/2018_06_09-nouveau-logo\/2018-06-09_18-00-51.jpg\"\n               title=\"C\u00e9leris rave fra\u00eechement plant\u00e9\"\n               data-src=\"https:\/\/ecojardindesgrivauds.fr\/wp-content\/gallery\/2018_06_09-nouveau-logo\/2018-06-09_18-00-51.jpg\"\n               data-thumbnail=\"https:\/\/ecojardindesgrivauds.fr\/wp-content\/gallery\/2018_06_09-nouveau-logo\/thumbs\/thumbs_2018-06-09_18-00-51.jpg\"\n               data-image-id=\"265\"\n               data-title=\"2018-06-09_18-00-51\"\n               data-description=\"C\u00e9leris rave fra\u00eechement plant\u00e9\"\n               data-image-slug=\"2018-06-09_18-00-51\"\n               class=\"ngg-fancybox\" rel=\"bfaa7ffdfc23e854d13696876ee09ddc\">\n                <img\n                    title=\"2018-06-09_18-00-51\"\n                    alt=\"2018-06-09_18-00-51\"\n                    src=\"https:\/\/ecojardindesgrivauds.fr\/wp-content\/gallery\/2018_06_09-nouveau-logo\/thumbs\/thumbs_2018-06-09_18-00-51.jpg\"\n                    width=\"240\"\n                    height=\"160\"\n                    style=\"max-width:100%;\"\n                \/>\n            <\/a>\n        <\/div>\n\t\t\t\t\t\t\t<\/div> \n\t\t\t\n        \n\t\t\t\t<div id=\"ngg-image-7\" class=\"ngg-gallery-thumbnail-box\" >\n\t\t\t\t        <div class=\"ngg-gallery-thumbnail\">\n            <a href=\"https:\/\/ecojardindesgrivauds.fr\/wp-content\/gallery\/2018_06_09-nouveau-logo\/2018-06-09_18-05-14.jpg\"\n               title=\"Une de nos salades de pr\u00e9dilection en \u00e9t\u00e9 : la Merveille de Verano\"\n               data-src=\"https:\/\/ecojardindesgrivauds.fr\/wp-content\/gallery\/2018_06_09-nouveau-logo\/2018-06-09_18-05-14.jpg\"\n               data-thumbnail=\"https:\/\/ecojardindesgrivauds.fr\/wp-content\/gallery\/2018_06_09-nouveau-logo\/thumbs\/thumbs_2018-06-09_18-05-14.jpg\"\n               data-image-id=\"266\"\n               data-title=\"2018-06-09_18-05-14\"\n               data-description=\"Une de nos salades de pr\u00e9dilection en \u00e9t\u00e9 : la Merveille de Verano\"\n               data-image-slug=\"2018-06-09_18-05-14\"\n               class=\"ngg-fancybox\" rel=\"bfaa7ffdfc23e854d13696876ee09ddc\">\n                <img\n                    title=\"2018-06-09_18-05-14\"\n                    alt=\"2018-06-09_18-05-14\"\n                    src=\"https:\/\/ecojardindesgrivauds.fr\/wp-content\/gallery\/2018_06_09-nouveau-logo\/thumbs\/thumbs_2018-06-09_18-05-14.jpg\"\n                    width=\"240\"\n                    height=\"160\"\n                    style=\"max-width:100%;\"\n                \/>\n            <\/a>\n        <\/div>\n\t\t\t\t\t\t\t<\/div> \n\t\t\t\n        \n\t\t\t\t<div id=\"ngg-image-8\" class=\"ngg-gallery-thumbnail-box\" >\n\t\t\t\t        <div class=\"ngg-gallery-thumbnail\">\n            <a href=\"https:\/\/ecojardindesgrivauds.fr\/wp-content\/gallery\/2018_06_09-nouveau-logo\/2018-06-09_17-58-11.jpg\"\n               title=\"Tomate \u00abGreen Zebra\u00bb\"\n               data-src=\"https:\/\/ecojardindesgrivauds.fr\/wp-content\/gallery\/2018_06_09-nouveau-logo\/2018-06-09_17-58-11.jpg\"\n               data-thumbnail=\"https:\/\/ecojardindesgrivauds.fr\/wp-content\/gallery\/2018_06_09-nouveau-logo\/thumbs\/thumbs_2018-06-09_17-58-11.jpg\"\n               data-image-id=\"263\"\n               data-title=\"2018-06-09_17-58-11\"\n               data-description=\"Tomate \u00abGreen Zebra\u00bb\"\n               data-image-slug=\"2018-06-09_17-58-11\"\n               class=\"ngg-fancybox\" rel=\"bfaa7ffdfc23e854d13696876ee09ddc\">\n                <img\n                    title=\"2018-06-09_17-58-11\"\n                    alt=\"2018-06-09_17-58-11\"\n                    src=\"https:\/\/ecojardindesgrivauds.fr\/wp-content\/gallery\/2018_06_09-nouveau-logo\/thumbs\/thumbs_2018-06-09_17-58-11.jpg\"\n                    width=\"240\"\n                    height=\"160\"\n                    style=\"max-width:100%;\"\n                \/>\n            <\/a>\n        <\/div>\n\t\t\t\t\t\t\t<\/div> \n\t\t\t\n        \n\t\t\t\t<div id=\"ngg-image-9\" class=\"ngg-gallery-thumbnail-box\" >\n\t\t\t\t        <div class=\"ngg-gallery-thumbnail\">\n            <a href=\"https:\/\/ecojardindesgrivauds.fr\/wp-content\/gallery\/2018_06_09-nouveau-logo\/2018-06-09_18-09-47.jpg\"\n               title=\"Tomates \u00abDatterini\u00bb\"\n               data-src=\"https:\/\/ecojardindesgrivauds.fr\/wp-content\/gallery\/2018_06_09-nouveau-logo\/2018-06-09_18-09-47.jpg\"\n               data-thumbnail=\"https:\/\/ecojardindesgrivauds.fr\/wp-content\/gallery\/2018_06_09-nouveau-logo\/thumbs\/thumbs_2018-06-09_18-09-47.jpg\"\n               data-image-id=\"267\"\n               data-title=\"2018-06-09_18-09-47\"\n               data-description=\"Tomates \u00abDatterini\u00bb\"\n               data-image-slug=\"2018-06-09_18-09-47\"\n               class=\"ngg-fancybox\" rel=\"bfaa7ffdfc23e854d13696876ee09ddc\">\n                <img\n                    title=\"2018-06-09_18-09-47\"\n                    alt=\"2018-06-09_18-09-47\"\n                    src=\"https:\/\/ecojardindesgrivauds.fr\/wp-content\/gallery\/2018_06_09-nouveau-logo\/thumbs\/thumbs_2018-06-09_18-09-47.jpg\"\n                    width=\"240\"\n                    height=\"160\"\n                    style=\"max-width:100%;\"\n                \/>\n            <\/a>\n        <\/div>\n\t\t\t\t\t\t\t<\/div> \n\t\t\t\n        \n\t\t\t\t<div id=\"ngg-image-10\" class=\"ngg-gallery-thumbnail-box\" >\n\t\t\t\t        <div class=\"ngg-gallery-thumbnail\">\n            <a href=\"https:\/\/ecojardindesgrivauds.fr\/wp-content\/gallery\/2018_06_09-nouveau-logo\/2018-06-10_08-55-26.jpg\"\n               title=\"Aubergine\"\n               data-src=\"https:\/\/ecojardindesgrivauds.fr\/wp-content\/gallery\/2018_06_09-nouveau-logo\/2018-06-10_08-55-26.jpg\"\n               data-thumbnail=\"https:\/\/ecojardindesgrivauds.fr\/wp-content\/gallery\/2018_06_09-nouveau-logo\/thumbs\/thumbs_2018-06-10_08-55-26.jpg\"\n               data-image-id=\"270\"\n               data-title=\"2018-06-10_08-55-26\"\n               data-description=\"Aubergine\"\n               data-image-slug=\"2018-06-10_08-55-26\"\n               class=\"ngg-fancybox\" rel=\"bfaa7ffdfc23e854d13696876ee09ddc\">\n                <img\n                    title=\"2018-06-10_08-55-26\"\n                    alt=\"2018-06-10_08-55-26\"\n                    src=\"https:\/\/ecojardindesgrivauds.fr\/wp-content\/gallery\/2018_06_09-nouveau-logo\/thumbs\/thumbs_2018-06-10_08-55-26.jpg\"\n                    width=\"240\"\n                    height=\"160\"\n                    style=\"max-width:100%;\"\n                \/>\n            <\/a>\n        <\/div>\n\t\t\t\t\t\t\t<\/div> \n\t\t\t\n        \n\t\t\t\t<div id=\"ngg-image-11\" class=\"ngg-gallery-thumbnail-box\" >\n\t\t\t\t        <div class=\"ngg-gallery-thumbnail\">\n            <a href=\"https:\/\/ecojardindesgrivauds.fr\/wp-content\/gallery\/2018_06_09-nouveau-logo\/2018-06-09_18-10-35.jpg\"\n               title=\"Poivron\"\n               data-src=\"https:\/\/ecojardindesgrivauds.fr\/wp-content\/gallery\/2018_06_09-nouveau-logo\/2018-06-09_18-10-35.jpg\"\n               data-thumbnail=\"https:\/\/ecojardindesgrivauds.fr\/wp-content\/gallery\/2018_06_09-nouveau-logo\/thumbs\/thumbs_2018-06-09_18-10-35.jpg\"\n               data-image-id=\"268\"\n               data-title=\"2018-06-09_18-10-35\"\n               data-description=\"Poivron\"\n               data-image-slug=\"2018-06-09_18-10-35\"\n               class=\"ngg-fancybox\" rel=\"bfaa7ffdfc23e854d13696876ee09ddc\">\n                <img\n                    title=\"2018-06-09_18-10-35\"\n                    alt=\"2018-06-09_18-10-35\"\n                    src=\"https:\/\/ecojardindesgrivauds.fr\/wp-content\/gallery\/2018_06_09-nouveau-logo\/thumbs\/thumbs_2018-06-09_18-10-35.jpg\"\n                    width=\"240\"\n                    height=\"160\"\n                    style=\"max-width:100%;\"\n                \/>\n            <\/a>\n        <\/div>\n\t\t\t\t\t\t\t<\/div> \n\t\t\t\n        \n\t\t\t\t<div id=\"ngg-image-12\" class=\"ngg-gallery-thumbnail-box\" >\n\t\t\t\t        <div class=\"ngg-gallery-thumbnail\">\n            <a href=\"https:\/\/ecojardindesgrivauds.fr\/wp-content\/gallery\/2018_06_09-nouveau-logo\/2018-06-10_08-43-49.jpg\"\n               title=\"Fleurs de haricot vert\"\n               data-src=\"https:\/\/ecojardindesgrivauds.fr\/wp-content\/gallery\/2018_06_09-nouveau-logo\/2018-06-10_08-43-49.jpg\"\n               data-thumbnail=\"https:\/\/ecojardindesgrivauds.fr\/wp-content\/gallery\/2018_06_09-nouveau-logo\/thumbs\/thumbs_2018-06-10_08-43-49.jpg\"\n               data-image-id=\"269\"\n               data-title=\"2018-06-10_08-43-49\"\n               data-description=\"Fleurs de haricot vert\"\n               data-image-slug=\"2018-06-10_08-43-49\"\n               class=\"ngg-fancybox\" rel=\"bfaa7ffdfc23e854d13696876ee09ddc\">\n                <img\n                    title=\"2018-06-10_08-43-49\"\n                    alt=\"2018-06-10_08-43-49\"\n                    src=\"https:\/\/ecojardindesgrivauds.fr\/wp-content\/gallery\/2018_06_09-nouveau-logo\/thumbs\/thumbs_2018-06-10_08-43-49.jpg\"\n                    width=\"240\"\n                    height=\"160\"\n                    style=\"max-width:100%;\"\n                \/>\n            <\/a>\n        <\/div>\n\t\t\t\t\t\t\t<\/div> \n\t\t\t\n        \n\t\t\n\t\t<!-- Pagination -->\n\t<div class='ngg-clear'><\/div>\t<\/div>\n\n<p>\u00c0 la semaine prochaine !<\/p>\n","protected":false},"excerpt":{"rendered":"<p>La cr\u00e9ation du GAEC a \u00e9t\u00e9 l&rsquo;occasion de nous offrir un logo qui nous repr\u00e9sente. Un logo qui nous permettra de nous identifier facilement, par exemple sur le march\u00e9 de Vichy. Ce logo a \u00e9t\u00e9 cr\u00e9\u00e9 par Catherine Ronget, qu&rsquo;on remercie chaleureusement pour ce beau travail ! On a choisi d&rsquo;y donner une place importante &hellip; <\/p>\n<p class=\"link-more\"><a href=\"https:\/\/ecojardindesgrivauds.fr\/?p=1023\" class=\"more-link\">Continuer la lecture<span class=\"screen-reader-text\"> de &laquo;&nbsp;On a un logo !&nbsp;&raquo;<\/span><\/a><\/p>\n","protected":false},"author":1,"featured_media":0,"comment_status":"open","ping_status":"open","sticky":false,"template":"","format":"standard","meta":{"ngg_post_thumbnail":0},"categories":[1],"tags":[],"_links":{"self":[{"href":"https:\/\/ecojardindesgrivauds.fr\/index.php?rest_route=\/wp\/v2\/posts\/1023"}],"collection":[{"href":"https:\/\/ecojardindesgrivauds.fr\/index.php?rest_route=\/wp\/v2\/posts"}],"about":[{"href":"https:\/\/ecojardindesgrivauds.fr\/index.php?rest_route=\/wp\/v2\/types\/post"}],"author":[{"embeddable":true,"href":"https:\/\/ecojardindesgrivauds.fr\/index.php?rest_route=\/wp\/v2\/users\/1"}],"replies":[{"embeddable":true,"href":"https:\/\/ecojardindesgrivauds.fr\/index.php?rest_route=%2Fwp%2Fv2%2Fcomments&post=1023"}],"version-history":[{"count":5,"href":"https:\/\/ecojardindesgrivauds.fr\/index.php?rest_route=\/wp\/v2\/posts\/1023\/revisions"}],"predecessor-version":[{"id":1111,"href":"https:\/\/ecojardindesgrivauds.fr\/index.php?rest_route=\/wp\/v2\/posts\/1023\/revisions\/1111"}],"wp:attachment":[{"href":"https:\/\/ecojardindesgrivauds.fr\/index.php?rest_route=%2Fwp%2Fv2%2Fmedia&parent=1023"}],"wp:term":[{"taxonomy":"category","embeddable":true,"href":"https:\/\/ecojardindesgrivauds.fr\/index.php?rest_route=%2Fwp%2Fv2%2Fcategories&post=1023"},{"taxonomy":"post_tag","embeddable":true,"href":"https:\/\/ecojardindesgrivauds.fr\/index.php?rest_route=%2Fwp%2Fv2%2Ftags&post=1023"}],"curies":[{"name":"wp","href":"https:\/\/api.w.org\/{rel}","templated":true}]}}