{"id":1441,"date":"2018-08-12T11:16:16","date_gmt":"2018-08-12T09:16:16","guid":{"rendered":"http:\/\/ecojardindesgrivauds.fr\/?p=1441"},"modified":"2018-08-12T11:31:15","modified_gmt":"2018-08-12T09:31:15","slug":"deux-amaps-et-deux-marches-dans-la-meme-semaine","status":"publish","type":"post","link":"https:\/\/ecojardindesgrivauds.fr\/?p=1441","title":{"rendered":"Deux Amaps et deux march\u00e9s dans la m\u00eame semaine !"},"content":{"rendered":"<figure id=\"attachment_1445\" aria-describedby=\"caption-attachment-1445\" style=\"width: 300px\" class=\"wp-caption alignleft\"><a href=\"http:\/\/ecojardindesgrivauds.fr\/wp-content\/uploads\/2018\/08\/2018-08-07_17-35-26.jpg\"><img decoding=\"async\" loading=\"lazy\" class=\"size-medium wp-image-1445\" src=\"http:\/\/ecojardindesgrivauds.fr\/wp-content\/uploads\/2018\/08\/2018-08-07_17-35-26-300x225.jpg\" alt=\"\" width=\"300\" height=\"225\" srcset=\"https:\/\/ecojardindesgrivauds.fr\/wp-content\/uploads\/2018\/08\/2018-08-07_17-35-26-300x225.jpg 300w, https:\/\/ecojardindesgrivauds.fr\/wp-content\/uploads\/2018\/08\/2018-08-07_17-35-26-768x575.jpg 768w, https:\/\/ecojardindesgrivauds.fr\/wp-content\/uploads\/2018\/08\/2018-08-07_17-35-26.jpg 1024w\" sizes=\"(max-width: 300px) 100vw, 300px\" \/><\/a><figcaption id=\"caption-attachment-1445\" class=\"wp-caption-text\">Au camping de Bourbon-Lancy<\/figcaption><\/figure>\n<p>On ne vous l&rsquo;avait pas dit la semaine derni\u00e8re, on s&rsquo;est ajout\u00e9 un nouveau lieu de vente jusqu&rsquo;\u00e0 la fin de l&rsquo;\u00e9t\u00e9 : on est d\u00e9sormais pr\u00e9sents le mardi au camping de Bourbon-Lancy ! On y tient un joli petit stand \u00e0 c\u00f4t\u00e9 de celui de Laurent, fromager venant de Neuvy-Grandchamp. La piscine est \u00e0 deux pas, on serait presque tent\u00e9s d&rsquo;aller y piquer une t\u00eate entre deux ventes de tomates. En plus, ce mardi, c&rsquo;\u00e9tait le dernier jour de la canicule et le moindre geste nous cuisait sur place.<\/p>\n<p>La s\u00e9quence pluvieuse de mercredi-jeudi \u00e9tait d&rsquo;ailleurs tr\u00e8s attendue et elle a plut\u00f4t tenu ses promesses ! Nos cultures d&rsquo;hiver ont particuli\u00e8rement appr\u00e9ci\u00e9 et on a de la peine \u00e0 reconna\u00eetre nos poireaux ! Bon, la canicule aura tout de m\u00eame fait des d\u00e9g\u00e2ts : on ne compte plus le nombre de tomates qui ont cuit sur pied, les fenouils qui montent sous l&rsquo;effet du stress, les feuilles br\u00fbl\u00e9es des c\u00e9leris branches&#8230; On se rassure en se disant que le pire est derri\u00e8re nous.<\/p>\n<figure id=\"attachment_1444\" aria-describedby=\"caption-attachment-1444\" style=\"width: 225px\" class=\"wp-caption alignright\"><a href=\"http:\/\/ecojardindesgrivauds.fr\/wp-content\/uploads\/2018\/08\/2018-08-07_08-35-11.jpg\"><img decoding=\"async\" loading=\"lazy\" class=\"size-medium wp-image-1444\" src=\"http:\/\/ecojardindesgrivauds.fr\/wp-content\/uploads\/2018\/08\/2018-08-07_08-35-11-225x300.jpg\" alt=\"\" width=\"225\" height=\"300\" srcset=\"https:\/\/ecojardindesgrivauds.fr\/wp-content\/uploads\/2018\/08\/2018-08-07_08-35-11-225x300.jpg 225w, https:\/\/ecojardindesgrivauds.fr\/wp-content\/uploads\/2018\/08\/2018-08-07_08-35-11.jpg 768w\" sizes=\"(max-width: 225px) 100vw, 225px\" \/><\/a><figcaption id=\"caption-attachment-1444\" class=\"wp-caption-text\">R\u00e9colte de pommes de terre par Arnaud et Sarah<\/figcaption><\/figure>\n<p>Par tous les temps, Sarah et Arnaud, nos deux vaillants wwoofeurs, nous ont aid\u00e9 quotidiennement dans nos serres, dans nos champs et &#8230; dans notre cuisine ! On leur doit une belle tourn\u00e9e de d\u00e9sherbage en serre, des r\u00e9coltes de pommes de terre, de fenouils, de tomates et de salades, du palissage, etc. Leurs deux enfants, Matthieu et Yohan, dessinent et font de la musique ; deux choses pour lesquelles on t\u00e9moigne beaucoup d&rsquo;int\u00e9r\u00eat aux Grivauds&#8230; Bref, c&rsquo;\u00e9tait chouette d&rsquo;avoir eu la petite famille avec nous ces deux semaines : revenez quand vous voulez !<\/p>\n<figure id=\"attachment_1450\" aria-describedby=\"caption-attachment-1450\" style=\"width: 300px\" class=\"wp-caption alignleft\"><a href=\"http:\/\/ecojardindesgrivauds.fr\/wp-content\/uploads\/2018\/08\/2018-08-10_18-10-03.jpg\"><img decoding=\"async\" loading=\"lazy\" class=\"size-medium wp-image-1450\" src=\"http:\/\/ecojardindesgrivauds.fr\/wp-content\/uploads\/2018\/08\/2018-08-10_18-10-03-300x225.jpg\" alt=\"\" width=\"300\" height=\"225\" srcset=\"https:\/\/ecojardindesgrivauds.fr\/wp-content\/uploads\/2018\/08\/2018-08-10_18-10-03-300x225.jpg 300w, https:\/\/ecojardindesgrivauds.fr\/wp-content\/uploads\/2018\/08\/2018-08-10_18-10-03-768x576.jpg 768w, https:\/\/ecojardindesgrivauds.fr\/wp-content\/uploads\/2018\/08\/2018-08-10_18-10-03.jpg 1024w\" sizes=\"(max-width: 300px) 100vw, 300px\" \/><\/a><figcaption id=\"caption-attachment-1450\" class=\"wp-caption-text\">Cathy nous pr\u00e9sente l&rsquo;oriflamme de l&rsquo;\u00c9coJardin des Grivauds.<\/figcaption><\/figure>\n<p>Et pour finir en beaut\u00e9, on est retourn\u00e9s sur le march\u00e9 de Vichy. Mais cette fois-ci, on y a \u00e9t\u00e9 avec une banderole et une oriflamme toutes neuves, qu&rsquo;on doit \u00e0 Cathy Ronget (merci Cathy !). On \u00e9tait tout fiers derri\u00e8re notre beau stand ! Bon, comme il faut toujours que quelque chose n&rsquo;aille pas, on s&rsquo;en est voulus un moment d&rsquo;avoir oubli\u00e9 de charger des concombres dans le camion (surtout qu&rsquo;on en avait r\u00e9colt\u00e9 pas mal cette semaine&#8230;). La prochaine fois, ce sera parfait, promis !<\/p>\n<p>\u00c0 la semaine prochaine !<\/p>\n<p><em>Cliquez sur les photos pour les agrandir et pour lire les l\u00e9gendes.<\/em><\/p>\n<!-- index.php -->\n<div\n\tclass=\"ngg-galleryoverview ngg-ajax-pagination-none\"\n\tid=\"ngg-gallery-15d0120998913a63ed82dafe3a42ca79-1\">\n\n    \t\t<!-- Thumbnails -->\n\t\t\t\t<div id=\"ngg-image-0\" class=\"ngg-gallery-thumbnail-box\" >\n\t\t\t\t        <div class=\"ngg-gallery-thumbnail\">\n            <a href=\"https:\/\/ecojardindesgrivauds.fr\/wp-content\/gallery\/2018_08_11-oriflamme\/2018-08-11_07-41-22.jpg\"\n               title=\"Notre stand \u00e0 Vichy avec notre oriflamme et notre banderole.\"\n               data-src=\"https:\/\/ecojardindesgrivauds.fr\/wp-content\/gallery\/2018_08_11-oriflamme\/2018-08-11_07-41-22.jpg\"\n               data-thumbnail=\"https:\/\/ecojardindesgrivauds.fr\/wp-content\/gallery\/2018_08_11-oriflamme\/thumbs\/thumbs_2018-08-11_07-41-22.jpg\"\n               data-image-id=\"369\"\n               data-title=\"2018-08-11_07-41-22\"\n               data-description=\"Notre stand \u00e0 Vichy avec notre oriflamme et notre banderole.\"\n               data-image-slug=\"2018-08-11_07-41-22\"\n               class=\"ngg-fancybox\" rel=\"15d0120998913a63ed82dafe3a42ca79\">\n                <img\n                    title=\"2018-08-11_07-41-22\"\n                    alt=\"2018-08-11_07-41-22\"\n                    src=\"https:\/\/ecojardindesgrivauds.fr\/wp-content\/gallery\/2018_08_11-oriflamme\/thumbs\/thumbs_2018-08-11_07-41-22.jpg\"\n                    width=\"240\"\n                    height=\"160\"\n                    style=\"max-width:100%;\"\n                \/>\n            <\/a>\n        <\/div>\n\t\t\t\t\t\t\t<\/div> \n\t\t\t\n        \n\t\t\t\t<div id=\"ngg-image-1\" class=\"ngg-gallery-thumbnail-box\" >\n\t\t\t\t        <div class=\"ngg-gallery-thumbnail\">\n            <a href=\"https:\/\/ecojardindesgrivauds.fr\/wp-content\/gallery\/2018_08_11-oriflamme\/2018-08-11_07-42-16.jpg\"\n               title=\"Beaucoup de couleurs sur notre stand !\"\n               data-src=\"https:\/\/ecojardindesgrivauds.fr\/wp-content\/gallery\/2018_08_11-oriflamme\/2018-08-11_07-42-16.jpg\"\n               data-thumbnail=\"https:\/\/ecojardindesgrivauds.fr\/wp-content\/gallery\/2018_08_11-oriflamme\/thumbs\/thumbs_2018-08-11_07-42-16.jpg\"\n               data-image-id=\"367\"\n               data-title=\"2018-08-11_07-42-16\"\n               data-description=\"Beaucoup de couleurs sur notre stand !\"\n               data-image-slug=\"2018-08-11_07-42-16\"\n               class=\"ngg-fancybox\" rel=\"15d0120998913a63ed82dafe3a42ca79\">\n                <img\n                    title=\"2018-08-11_07-42-16\"\n                    alt=\"2018-08-11_07-42-16\"\n                    src=\"https:\/\/ecojardindesgrivauds.fr\/wp-content\/gallery\/2018_08_11-oriflamme\/thumbs\/thumbs_2018-08-11_07-42-16.jpg\"\n                    width=\"240\"\n                    height=\"160\"\n                    style=\"max-width:100%;\"\n                \/>\n            <\/a>\n        <\/div>\n\t\t\t\t\t\t\t<\/div> \n\t\t\t\n        \n\t\t\t\t<div id=\"ngg-image-2\" class=\"ngg-gallery-thumbnail-box\" >\n\t\t\t\t        <div class=\"ngg-gallery-thumbnail\">\n            <a href=\"https:\/\/ecojardindesgrivauds.fr\/wp-content\/gallery\/2018_08_11-oriflamme\/2018-08-08_11-48-06.jpg\"\n               title=\"Erza : \u00abEffectivement, \u00e7a devrait suffire comme salade pour l&#039;Amap de Dompierre.\u00bb\"\n               data-src=\"https:\/\/ecojardindesgrivauds.fr\/wp-content\/gallery\/2018_08_11-oriflamme\/2018-08-08_11-48-06.jpg\"\n               data-thumbnail=\"https:\/\/ecojardindesgrivauds.fr\/wp-content\/gallery\/2018_08_11-oriflamme\/thumbs\/thumbs_2018-08-08_11-48-06.jpg\"\n               data-image-id=\"364\"\n               data-title=\"2018-08-08_11-48-06\"\n               data-description=\"Erza : \u00abEffectivement, \u00e7a devrait suffire comme salade pour l&#039;Amap de Dompierre.\u00bb\"\n               data-image-slug=\"2018-08-08_11-48-06\"\n               class=\"ngg-fancybox\" rel=\"15d0120998913a63ed82dafe3a42ca79\">\n                <img\n                    title=\"2018-08-08_11-48-06\"\n                    alt=\"2018-08-08_11-48-06\"\n                    src=\"https:\/\/ecojardindesgrivauds.fr\/wp-content\/gallery\/2018_08_11-oriflamme\/thumbs\/thumbs_2018-08-08_11-48-06.jpg\"\n                    width=\"240\"\n                    height=\"160\"\n                    style=\"max-width:100%;\"\n                \/>\n            <\/a>\n        <\/div>\n\t\t\t\t\t\t\t<\/div> \n\t\t\t\n        \n\t\t\t\t<div id=\"ngg-image-3\" class=\"ngg-gallery-thumbnail-box\" >\n\t\t\t\t        <div class=\"ngg-gallery-thumbnail\">\n            <a href=\"https:\/\/ecojardindesgrivauds.fr\/wp-content\/gallery\/2018_08_11-oriflamme\/2018-08-10_10-27-23.jpg\"\n               title=\"Notre star de l&#039;\u00e9t\u00e9 : la \u00abMerveille de Verano\u00bb ! (r\u00e9colt\u00e9e par Sarah).\"\n               data-src=\"https:\/\/ecojardindesgrivauds.fr\/wp-content\/gallery\/2018_08_11-oriflamme\/2018-08-10_10-27-23.jpg\"\n               data-thumbnail=\"https:\/\/ecojardindesgrivauds.fr\/wp-content\/gallery\/2018_08_11-oriflamme\/thumbs\/thumbs_2018-08-10_10-27-23.jpg\"\n               data-image-id=\"366\"\n               data-title=\"2018-08-10_10-27-23\"\n               data-description=\"Notre star de l&#039;\u00e9t\u00e9 : la \u00abMerveille de Verano\u00bb ! (r\u00e9colt\u00e9e par Sarah).\"\n               data-image-slug=\"2018-08-10_10-27-23\"\n               class=\"ngg-fancybox\" rel=\"15d0120998913a63ed82dafe3a42ca79\">\n                <img\n                    title=\"2018-08-10_10-27-23\"\n                    alt=\"2018-08-10_10-27-23\"\n                    src=\"https:\/\/ecojardindesgrivauds.fr\/wp-content\/gallery\/2018_08_11-oriflamme\/thumbs\/thumbs_2018-08-10_10-27-23.jpg\"\n                    width=\"240\"\n                    height=\"160\"\n                    style=\"max-width:100%;\"\n                \/>\n            <\/a>\n        <\/div>\n\t\t\t\t\t\t\t<\/div> \n\t\t\t\n        \n\t\t\t\t<div id=\"ngg-image-4\" class=\"ngg-gallery-thumbnail-box\" >\n\t\t\t\t        <div class=\"ngg-gallery-thumbnail\">\n            <a href=\"https:\/\/ecojardindesgrivauds.fr\/wp-content\/gallery\/2018_08_11-oriflamme\/2018-08-11_17-40-39.jpg\"\n               title=\"Deux planches de haricots bien d\u00e9sherb\u00e9es : merci Sarah et Arnaud !\"\n               data-src=\"https:\/\/ecojardindesgrivauds.fr\/wp-content\/gallery\/2018_08_11-oriflamme\/2018-08-11_17-40-39.jpg\"\n               data-thumbnail=\"https:\/\/ecojardindesgrivauds.fr\/wp-content\/gallery\/2018_08_11-oriflamme\/thumbs\/thumbs_2018-08-11_17-40-39.jpg\"\n               data-image-id=\"368\"\n               data-title=\"2018-08-11_17-40-39\"\n               data-description=\"Deux planches de haricots bien d\u00e9sherb\u00e9es : merci Sarah et Arnaud !\"\n               data-image-slug=\"2018-08-11_17-40-39\"\n               class=\"ngg-fancybox\" rel=\"15d0120998913a63ed82dafe3a42ca79\">\n                <img\n                    title=\"2018-08-11_17-40-39\"\n                    alt=\"2018-08-11_17-40-39\"\n                    src=\"https:\/\/ecojardindesgrivauds.fr\/wp-content\/gallery\/2018_08_11-oriflamme\/thumbs\/thumbs_2018-08-11_17-40-39.jpg\"\n                    width=\"240\"\n                    height=\"160\"\n                    style=\"max-width:100%;\"\n                \/>\n            <\/a>\n        <\/div>\n\t\t\t\t\t\t\t<\/div> \n\t\t\t\n        \n\t\t\t\t<div id=\"ngg-image-5\" class=\"ngg-gallery-thumbnail-box\" >\n\t\t\t\t        <div class=\"ngg-gallery-thumbnail\">\n            <a href=\"https:\/\/ecojardindesgrivauds.fr\/wp-content\/gallery\/2018_08_11-oriflamme\/2018-08-09_08-16-19.jpg\"\n               title=\"\"\n               data-src=\"https:\/\/ecojardindesgrivauds.fr\/wp-content\/gallery\/2018_08_11-oriflamme\/2018-08-09_08-16-19.jpg\"\n               data-thumbnail=\"https:\/\/ecojardindesgrivauds.fr\/wp-content\/gallery\/2018_08_11-oriflamme\/thumbs\/thumbs_2018-08-09_08-16-19.jpg\"\n               data-image-id=\"365\"\n               data-title=\"2018-08-09_08-16-19\"\n               data-description=\"\"\n               data-image-slug=\"2018-08-09_08-16-19\"\n               class=\"ngg-fancybox\" rel=\"15d0120998913a63ed82dafe3a42ca79\">\n                <img\n                    title=\"2018-08-09_08-16-19\"\n                    alt=\"2018-08-09_08-16-19\"\n                    src=\"https:\/\/ecojardindesgrivauds.fr\/wp-content\/gallery\/2018_08_11-oriflamme\/thumbs\/thumbs_2018-08-09_08-16-19.jpg\"\n                    width=\"240\"\n                    height=\"160\"\n                    style=\"max-width:100%;\"\n                \/>\n            <\/a>\n        <\/div>\n\t\t\t\t\t\t\t<\/div> \n\t\t\t\n        \n\t\t\t\t<div id=\"ngg-image-6\" class=\"ngg-gallery-thumbnail-box\" >\n\t\t\t\t        <div class=\"ngg-gallery-thumbnail\">\n            <a href=\"https:\/\/ecojardindesgrivauds.fr\/wp-content\/gallery\/2018_08_11-oriflamme\/2018-08-08_09-32-16.jpg\"\n               title=\"On croise de jolies araign\u00e9es sur nos l\u00e9gumes !\"\n               data-src=\"https:\/\/ecojardindesgrivauds.fr\/wp-content\/gallery\/2018_08_11-oriflamme\/2018-08-08_09-32-16.jpg\"\n               data-thumbnail=\"https:\/\/ecojardindesgrivauds.fr\/wp-content\/gallery\/2018_08_11-oriflamme\/thumbs\/thumbs_2018-08-08_09-32-16.jpg\"\n               data-image-id=\"363\"\n               data-title=\"2018-08-08_09-32-16\"\n               data-description=\"On croise de jolies araign\u00e9es sur nos l\u00e9gumes !\"\n               data-image-slug=\"2018-08-08_09-32-16\"\n               class=\"ngg-fancybox\" rel=\"15d0120998913a63ed82dafe3a42ca79\">\n                <img\n                    title=\"2018-08-08_09-32-16\"\n                    alt=\"2018-08-08_09-32-16\"\n                    src=\"https:\/\/ecojardindesgrivauds.fr\/wp-content\/gallery\/2018_08_11-oriflamme\/thumbs\/thumbs_2018-08-08_09-32-16.jpg\"\n                    width=\"240\"\n                    height=\"160\"\n                    style=\"max-width:100%;\"\n                \/>\n            <\/a>\n        <\/div>\n\t\t\t\t\t\t\t<\/div> \n\t\t\t\n        \n\t\t\n\t\t<!-- Pagination -->\n\t<div class='ngg-clear'><\/div>\t<\/div>\n\n","protected":false},"excerpt":{"rendered":"<p>On ne vous l&rsquo;avait pas dit la semaine derni\u00e8re, on s&rsquo;est ajout\u00e9 un nouveau lieu de vente jusqu&rsquo;\u00e0 la fin de l&rsquo;\u00e9t\u00e9 : on est d\u00e9sormais pr\u00e9sents le mardi au camping de Bourbon-Lancy ! On y tient un joli petit stand \u00e0 c\u00f4t\u00e9 de celui de Laurent, fromager venant de Neuvy-Grandchamp. La piscine est \u00e0 &hellip; <\/p>\n<p class=\"link-more\"><a href=\"https:\/\/ecojardindesgrivauds.fr\/?p=1441\" class=\"more-link\">Continuer la lecture<span class=\"screen-reader-text\"> de &laquo;&nbsp;Deux Amaps et deux march\u00e9s dans la m\u00eame semaine !&nbsp;&raquo;<\/span><\/a><\/p>\n","protected":false},"author":1,"featured_media":0,"comment_status":"open","ping_status":"open","sticky":false,"template":"","format":"standard","meta":{"ngg_post_thumbnail":0},"categories":[1],"tags":[],"_links":{"self":[{"href":"https:\/\/ecojardindesgrivauds.fr\/index.php?rest_route=\/wp\/v2\/posts\/1441"}],"collection":[{"href":"https:\/\/ecojardindesgrivauds.fr\/index.php?rest_route=\/wp\/v2\/posts"}],"about":[{"href":"https:\/\/ecojardindesgrivauds.fr\/index.php?rest_route=\/wp\/v2\/types\/post"}],"author":[{"embeddable":true,"href":"https:\/\/ecojardindesgrivauds.fr\/index.php?rest_route=\/wp\/v2\/users\/1"}],"replies":[{"embeddable":true,"href":"https:\/\/ecojardindesgrivauds.fr\/index.php?rest_route=%2Fwp%2Fv2%2Fcomments&post=1441"}],"version-history":[{"count":5,"href":"https:\/\/ecojardindesgrivauds.fr\/index.php?rest_route=\/wp\/v2\/posts\/1441\/revisions"}],"predecessor-version":[{"id":1472,"href":"https:\/\/ecojardindesgrivauds.fr\/index.php?rest_route=\/wp\/v2\/posts\/1441\/revisions\/1472"}],"wp:attachment":[{"href":"https:\/\/ecojardindesgrivauds.fr\/index.php?rest_route=%2Fwp%2Fv2%2Fmedia&parent=1441"}],"wp:term":[{"taxonomy":"category","embeddable":true,"href":"https:\/\/ecojardindesgrivauds.fr\/index.php?rest_route=%2Fwp%2Fv2%2Fcategories&post=1441"},{"taxonomy":"post_tag","embeddable":true,"href":"https:\/\/ecojardindesgrivauds.fr\/index.php?rest_route=%2Fwp%2Fv2%2Ftags&post=1441"}],"curies":[{"name":"wp","href":"https:\/\/api.w.org\/{rel}","templated":true}]}}