{"id":1473,"date":"2018-08-19T11:30:39","date_gmt":"2018-08-19T09:30:39","guid":{"rendered":"http:\/\/ecojardindesgrivauds.fr\/?p=1473"},"modified":"2018-08-19T11:30:39","modified_gmt":"2018-08-19T09:30:39","slug":"les-oignons-sont-recoltes","status":"publish","type":"post","link":"https:\/\/ecojardindesgrivauds.fr\/?p=1473","title":{"rendered":"Les oignons sont r\u00e9colt\u00e9s !"},"content":{"rendered":"<figure id=\"attachment_1476\" aria-describedby=\"caption-attachment-1476\" style=\"width: 225px\" class=\"wp-caption alignleft\"><a href=\"http:\/\/ecojardindesgrivauds.fr\/wp-content\/uploads\/2018\/08\/2018-08-14_15-27-56.jpg\"><img decoding=\"async\" loading=\"lazy\" class=\"size-medium wp-image-1476\" src=\"http:\/\/ecojardindesgrivauds.fr\/wp-content\/uploads\/2018\/08\/2018-08-14_15-27-56-225x300.jpg\" alt=\"\" width=\"225\" height=\"300\" srcset=\"https:\/\/ecojardindesgrivauds.fr\/wp-content\/uploads\/2018\/08\/2018-08-14_15-27-56-225x300.jpg 225w, https:\/\/ecojardindesgrivauds.fr\/wp-content\/uploads\/2018\/08\/2018-08-14_15-27-56.jpg 767w\" sizes=\"(max-width: 225px) 100vw, 225px\" \/><\/a><figcaption id=\"caption-attachment-1476\" class=\"wp-caption-text\">On a de belles pi\u00e8ces dans les oignons rouges !<\/figcaption><\/figure>\n<p>C&rsquo;est un peu la fin d&rsquo;un cycle : les oignons (comme l&rsquo;ail et l&rsquo;\u00e9chalote) sont <a href=\"http:\/\/ecojardindesgrivauds.fr\/?p=382\">plant\u00e9s au d\u00e9but du printemps<\/a>, se d\u00e9veloppent jusqu&rsquo;en \u00e9t\u00e9 et sont r\u00e9colt\u00e9s en ao\u00fbt. Ces cultures sont les premi\u00e8res qu&rsquo;on installe en plein champ ; ce sont donc les premi\u00e8res buttes paill\u00e9es de l&rsquo;ann\u00e9e. \u00c0 part un petit d\u00e9liseronnage en d\u00e9but d&rsquo;\u00e9t\u00e9, aucun d\u00e9sherbage n&rsquo;a \u00e9t\u00e9 effectu\u00e9 sur ces buttes, qui sont rest\u00e9es plut\u00f4t propres. Par contre, l\u00e0 o\u00f9 les renoncules et les potentilles se sont install\u00e9es, la r\u00e9colte est tr\u00e8s maigre (voire inexistante). Au final, on a quelques belles pi\u00e8ces mais c&rsquo;est un peu in\u00e9gal. Le point positif, c&rsquo;est qu&rsquo;on devrait avoir assez d&rsquo;oignons pour l&rsquo;hiver (si la conservation est bonne).<\/p>\n<figure id=\"attachment_1482\" aria-describedby=\"caption-attachment-1482\" style=\"width: 225px\" class=\"wp-caption alignright\"><a href=\"http:\/\/ecojardindesgrivauds.fr\/wp-content\/uploads\/2018\/08\/2018-08-17_09-39-44.jpg\"><img decoding=\"async\" loading=\"lazy\" class=\"size-medium wp-image-1482\" src=\"http:\/\/ecojardindesgrivauds.fr\/wp-content\/uploads\/2018\/08\/2018-08-17_09-39-44-225x300.jpg\" alt=\"\" width=\"225\" height=\"300\" srcset=\"https:\/\/ecojardindesgrivauds.fr\/wp-content\/uploads\/2018\/08\/2018-08-17_09-39-44-225x300.jpg 225w, https:\/\/ecojardindesgrivauds.fr\/wp-content\/uploads\/2018\/08\/2018-08-17_09-39-44.jpg 768w\" sizes=\"(max-width: 225px) 100vw, 225px\" \/><\/a><figcaption id=\"caption-attachment-1482\" class=\"wp-caption-text\">Au retour d&rsquo;une r\u00e9colte de pommes de terre avec Milan, notre wwoofeur, et Laurence, notre stagiaire et Mi-Roux&#8230;<\/figcaption><\/figure>\n<p>\u00c0 c\u00f4t\u00e9 de \u00e7a, les plantations ont repris : les derniers choux-fleurs et brocolis (oui, on est un peu en retard), des salades et des scaroles, des navets et des radis. Pour nous aider \u00e0 planter tout \u00e7a, on a de nouveau des petites mains tr\u00e8s valeureuses ! Laurence est en stage aux Grivauds pour deux semaines afin de d\u00e9couvrir le m\u00e9tier en vue d&rsquo;une reconversion vers le mara\u00eechage. Milan, notre wwoofeur du moment, est lui aussi en pleine r\u00e9flexion sur son avenir et vient chercher un peu d&rsquo;inspiration au contact de la terre, des plantes et des animaux.<\/p>\n<figure id=\"attachment_1488\" aria-describedby=\"caption-attachment-1488\" style=\"width: 225px\" class=\"wp-caption alignleft\"><a href=\"http:\/\/ecojardindesgrivauds.fr\/wp-content\/uploads\/2018\/08\/2018-08-18_18-14-44.jpg\"><img decoding=\"async\" loading=\"lazy\" class=\"size-medium wp-image-1488\" src=\"http:\/\/ecojardindesgrivauds.fr\/wp-content\/uploads\/2018\/08\/2018-08-18_18-14-44-225x300.jpg\" alt=\"\" width=\"225\" height=\"300\" srcset=\"https:\/\/ecojardindesgrivauds.fr\/wp-content\/uploads\/2018\/08\/2018-08-18_18-14-44-225x300.jpg 225w, https:\/\/ecojardindesgrivauds.fr\/wp-content\/uploads\/2018\/08\/2018-08-18_18-14-44.jpg 768w\" sizes=\"(max-width: 225px) 100vw, 225px\" \/><\/a><figcaption id=\"caption-attachment-1488\" class=\"wp-caption-text\">Les blettes ont d\u00e9marr\u00e9.<\/figcaption><\/figure>\n<p>Les blettes ont bien repris, les plants de m\u00e2che se d\u00e9veloppent tranquillement et Fabrice a commenc\u00e9 \u00e0 d\u00e9sherber un espace sur les anciennes planches d&rsquo;oignons rouges pour les installer. \u00c7a sent un peu l&rsquo;automne en plein \u00e9t\u00e9&#8230; Bon, les belles r\u00e9coltes de tomates, de courgettes et de haricots nous rappellent que la saison n&rsquo;est pas termin\u00e9e. Et ce dimanche, on profitera du fait qu&rsquo;on a amass\u00e9 un peu trop de tomates fatigu\u00e9es dans notre chambre froide pour se faire une grande tourn\u00e9e de sauce tomate !<\/p>\n<p>\u00c0 la semaine prochaine !<\/p>\n<p><em>Cliquez sur les photos ci-dessous pour les agrandir et lire les l\u00e9gendes.<\/em><\/p>\n<!-- index.php -->\n<div\n\tclass=\"ngg-galleryoverview ngg-ajax-pagination-none\"\n\tid=\"ngg-gallery-48ded8912c840b98cbbb962acc9e9b02-1\">\n\n    \t\t<!-- Thumbnails -->\n\t\t\t\t<div id=\"ngg-image-0\" class=\"ngg-gallery-thumbnail-box\" >\n\t\t\t\t        <div class=\"ngg-gallery-thumbnail\">\n            <a href=\"https:\/\/ecojardindesgrivauds.fr\/wp-content\/gallery\/2018_08_18-oignons-recoltes\/2018-08-15_09-13-51.jpg\"\n               title=\"Les gu\u00eapes nous compliquent parfois les r\u00e9coltes d&#039;aubergines...\"\n               data-src=\"https:\/\/ecojardindesgrivauds.fr\/wp-content\/gallery\/2018_08_18-oignons-recoltes\/2018-08-15_09-13-51.jpg\"\n               data-thumbnail=\"https:\/\/ecojardindesgrivauds.fr\/wp-content\/gallery\/2018_08_18-oignons-recoltes\/thumbs\/thumbs_2018-08-15_09-13-51.jpg\"\n               data-image-id=\"371\"\n               data-title=\"2018-08-15_09-13-51\"\n               data-description=\"Les gu\u00eapes nous compliquent parfois les r\u00e9coltes d&#039;aubergines...\"\n               data-image-slug=\"2018-08-15_09-13-51\"\n               class=\"ngg-fancybox\" rel=\"48ded8912c840b98cbbb962acc9e9b02\">\n                <img\n                    title=\"2018-08-15_09-13-51\"\n                    alt=\"2018-08-15_09-13-51\"\n                    src=\"https:\/\/ecojardindesgrivauds.fr\/wp-content\/gallery\/2018_08_18-oignons-recoltes\/thumbs\/thumbs_2018-08-15_09-13-51.jpg\"\n                    width=\"240\"\n                    height=\"160\"\n                    style=\"max-width:100%;\"\n                \/>\n            <\/a>\n        <\/div>\n\t\t\t\t\t\t\t<\/div> \n\t\t\t\n        \n\t\t\t\t<div id=\"ngg-image-1\" class=\"ngg-gallery-thumbnail-box\" >\n\t\t\t\t        <div class=\"ngg-gallery-thumbnail\">\n            <a href=\"https:\/\/ecojardindesgrivauds.fr\/wp-content\/gallery\/2018_08_18-oignons-recoltes\/2018-08-16_10-52-25.jpg\"\n               title=\"La m\u00e2che se d\u00e9veloppe sous le regard vigilant de Laurence.\"\n               data-src=\"https:\/\/ecojardindesgrivauds.fr\/wp-content\/gallery\/2018_08_18-oignons-recoltes\/2018-08-16_10-52-25.jpg\"\n               data-thumbnail=\"https:\/\/ecojardindesgrivauds.fr\/wp-content\/gallery\/2018_08_18-oignons-recoltes\/thumbs\/thumbs_2018-08-16_10-52-25.jpg\"\n               data-image-id=\"372\"\n               data-title=\"2018-08-16_10-52-25\"\n               data-description=\"La m\u00e2che se d\u00e9veloppe sous le regard vigilant de Laurence.\"\n               data-image-slug=\"2018-08-16_10-52-25\"\n               class=\"ngg-fancybox\" rel=\"48ded8912c840b98cbbb962acc9e9b02\">\n                <img\n                    title=\"2018-08-16_10-52-25\"\n                    alt=\"2018-08-16_10-52-25\"\n                    src=\"https:\/\/ecojardindesgrivauds.fr\/wp-content\/gallery\/2018_08_18-oignons-recoltes\/thumbs\/thumbs_2018-08-16_10-52-25.jpg\"\n                    width=\"240\"\n                    height=\"160\"\n                    style=\"max-width:100%;\"\n                \/>\n            <\/a>\n        <\/div>\n\t\t\t\t\t\t\t<\/div> \n\t\t\t\n        \n\t\t\t\t<div id=\"ngg-image-2\" class=\"ngg-gallery-thumbnail-box\" >\n\t\t\t\t        <div class=\"ngg-gallery-thumbnail\">\n            <a href=\"https:\/\/ecojardindesgrivauds.fr\/wp-content\/gallery\/2018_08_18-oignons-recoltes\/2018-08-16_10-52-42.jpg\"\n               title=\"Semis de radis Red Meat par Milan.\"\n               data-src=\"https:\/\/ecojardindesgrivauds.fr\/wp-content\/gallery\/2018_08_18-oignons-recoltes\/2018-08-16_10-52-42.jpg\"\n               data-thumbnail=\"https:\/\/ecojardindesgrivauds.fr\/wp-content\/gallery\/2018_08_18-oignons-recoltes\/thumbs\/thumbs_2018-08-16_10-52-42.jpg\"\n               data-image-id=\"373\"\n               data-title=\"2018-08-16_10-52-42\"\n               data-description=\"Semis de radis Red Meat par Milan.\"\n               data-image-slug=\"2018-08-16_10-52-42\"\n               class=\"ngg-fancybox\" rel=\"48ded8912c840b98cbbb962acc9e9b02\">\n                <img\n                    title=\"2018-08-16_10-52-42\"\n                    alt=\"2018-08-16_10-52-42\"\n                    src=\"https:\/\/ecojardindesgrivauds.fr\/wp-content\/gallery\/2018_08_18-oignons-recoltes\/thumbs\/thumbs_2018-08-16_10-52-42.jpg\"\n                    width=\"240\"\n                    height=\"160\"\n                    style=\"max-width:100%;\"\n                \/>\n            <\/a>\n        <\/div>\n\t\t\t\t\t\t\t<\/div> \n\t\t\t\n        \n\t\t\t\t<div id=\"ngg-image-3\" class=\"ngg-gallery-thumbnail-box\" >\n\t\t\t\t        <div class=\"ngg-gallery-thumbnail\">\n            <a href=\"https:\/\/ecojardindesgrivauds.fr\/wp-content\/gallery\/2018_08_18-oignons-recoltes\/2018-08-16_11-39-13.jpg\"\n               title=\"R\u00e9colte de basilic.\"\n               data-src=\"https:\/\/ecojardindesgrivauds.fr\/wp-content\/gallery\/2018_08_18-oignons-recoltes\/2018-08-16_11-39-13.jpg\"\n               data-thumbnail=\"https:\/\/ecojardindesgrivauds.fr\/wp-content\/gallery\/2018_08_18-oignons-recoltes\/thumbs\/thumbs_2018-08-16_11-39-13.jpg\"\n               data-image-id=\"374\"\n               data-title=\"2018-08-16_11-39-13\"\n               data-description=\"R\u00e9colte de basilic.\"\n               data-image-slug=\"2018-08-16_11-39-13\"\n               class=\"ngg-fancybox\" rel=\"48ded8912c840b98cbbb962acc9e9b02\">\n                <img\n                    title=\"2018-08-16_11-39-13\"\n                    alt=\"2018-08-16_11-39-13\"\n                    src=\"https:\/\/ecojardindesgrivauds.fr\/wp-content\/gallery\/2018_08_18-oignons-recoltes\/thumbs\/thumbs_2018-08-16_11-39-13.jpg\"\n                    width=\"240\"\n                    height=\"160\"\n                    style=\"max-width:100%;\"\n                \/>\n            <\/a>\n        <\/div>\n\t\t\t\t\t\t\t<\/div> \n\t\t\t\n        \n\t\t\t\t<div id=\"ngg-image-4\" class=\"ngg-gallery-thumbnail-box\" >\n\t\t\t\t        <div class=\"ngg-gallery-thumbnail\">\n            <a href=\"https:\/\/ecojardindesgrivauds.fr\/wp-content\/gallery\/2018_08_18-oignons-recoltes\/2018-08-18_12-21-38.jpg\"\n               title=\"Notre r\u00e9colte d&#039;oignons\"\n               data-src=\"https:\/\/ecojardindesgrivauds.fr\/wp-content\/gallery\/2018_08_18-oignons-recoltes\/2018-08-18_12-21-38.jpg\"\n               data-thumbnail=\"https:\/\/ecojardindesgrivauds.fr\/wp-content\/gallery\/2018_08_18-oignons-recoltes\/thumbs\/thumbs_2018-08-18_12-21-38.jpg\"\n               data-image-id=\"377\"\n               data-title=\"2018-08-18_12-21-38\"\n               data-description=\"Notre r\u00e9colte d&#039;oignons\"\n               data-image-slug=\"2018-08-18_12-21-38\"\n               class=\"ngg-fancybox\" rel=\"48ded8912c840b98cbbb962acc9e9b02\">\n                <img\n                    title=\"2018-08-18_12-21-38\"\n                    alt=\"2018-08-18_12-21-38\"\n                    src=\"https:\/\/ecojardindesgrivauds.fr\/wp-content\/gallery\/2018_08_18-oignons-recoltes\/thumbs\/thumbs_2018-08-18_12-21-38.jpg\"\n                    width=\"240\"\n                    height=\"160\"\n                    style=\"max-width:100%;\"\n                \/>\n            <\/a>\n        <\/div>\n\t\t\t\t\t\t\t<\/div> \n\t\t\t\n        \n\t\t\t\t<div id=\"ngg-image-5\" class=\"ngg-gallery-thumbnail-box\" >\n\t\t\t\t        <div class=\"ngg-gallery-thumbnail\">\n            <a href=\"https:\/\/ecojardindesgrivauds.fr\/wp-content\/gallery\/2018_08_18-oignons-recoltes\/2018-08-18_12-21-45.jpg\"\n               title=\"Un mara\u00eecher content !\"\n               data-src=\"https:\/\/ecojardindesgrivauds.fr\/wp-content\/gallery\/2018_08_18-oignons-recoltes\/2018-08-18_12-21-45.jpg\"\n               data-thumbnail=\"https:\/\/ecojardindesgrivauds.fr\/wp-content\/gallery\/2018_08_18-oignons-recoltes\/thumbs\/thumbs_2018-08-18_12-21-45.jpg\"\n               data-image-id=\"378\"\n               data-title=\"2018-08-18_12-21-45\"\n               data-description=\"Un mara\u00eecher content !\"\n               data-image-slug=\"2018-08-18_12-21-45\"\n               class=\"ngg-fancybox\" rel=\"48ded8912c840b98cbbb962acc9e9b02\">\n                <img\n                    title=\"2018-08-18_12-21-45\"\n                    alt=\"2018-08-18_12-21-45\"\n                    src=\"https:\/\/ecojardindesgrivauds.fr\/wp-content\/gallery\/2018_08_18-oignons-recoltes\/thumbs\/thumbs_2018-08-18_12-21-45.jpg\"\n                    width=\"240\"\n                    height=\"160\"\n                    style=\"max-width:100%;\"\n                \/>\n            <\/a>\n        <\/div>\n\t\t\t\t\t\t\t<\/div> \n\t\t\t\n        \n\t\t\t\t<div id=\"ngg-image-6\" class=\"ngg-gallery-thumbnail-box\" >\n\t\t\t\t        <div class=\"ngg-gallery-thumbnail\">\n            <a href=\"https:\/\/ecojardindesgrivauds.fr\/wp-content\/gallery\/2018_08_18-oignons-recoltes\/2018-08-18_18-12-28.jpg\"\n               title=\"Les derni\u00e8res betteraves plant\u00e9es ont d\u00e9coll\u00e9.\"\n               data-src=\"https:\/\/ecojardindesgrivauds.fr\/wp-content\/gallery\/2018_08_18-oignons-recoltes\/2018-08-18_18-12-28.jpg\"\n               data-thumbnail=\"https:\/\/ecojardindesgrivauds.fr\/wp-content\/gallery\/2018_08_18-oignons-recoltes\/thumbs\/thumbs_2018-08-18_18-12-28.jpg\"\n               data-image-id=\"379\"\n               data-title=\"2018-08-18_18-12-28\"\n               data-description=\"Les derni\u00e8res betteraves plant\u00e9es ont d\u00e9coll\u00e9.\"\n               data-image-slug=\"2018-08-18_18-12-28\"\n               class=\"ngg-fancybox\" rel=\"48ded8912c840b98cbbb962acc9e9b02\">\n                <img\n                    title=\"2018-08-18_18-12-28\"\n                    alt=\"2018-08-18_18-12-28\"\n                    src=\"https:\/\/ecojardindesgrivauds.fr\/wp-content\/gallery\/2018_08_18-oignons-recoltes\/thumbs\/thumbs_2018-08-18_18-12-28.jpg\"\n                    width=\"240\"\n                    height=\"160\"\n                    style=\"max-width:100%;\"\n                \/>\n            <\/a>\n        <\/div>\n\t\t\t\t\t\t\t<\/div> \n\t\t\t\n        \n\t\t\t\t<div id=\"ngg-image-7\" class=\"ngg-gallery-thumbnail-box\" >\n\t\t\t\t        <div class=\"ngg-gallery-thumbnail\">\n            <a href=\"https:\/\/ecojardindesgrivauds.fr\/wp-content\/gallery\/2018_08_18-oignons-recoltes\/2018-08-18_18-13-11.jpg\"\n               title=\"Poireaux, c\u00e9leris raves et carottes.\"\n               data-src=\"https:\/\/ecojardindesgrivauds.fr\/wp-content\/gallery\/2018_08_18-oignons-recoltes\/2018-08-18_18-13-11.jpg\"\n               data-thumbnail=\"https:\/\/ecojardindesgrivauds.fr\/wp-content\/gallery\/2018_08_18-oignons-recoltes\/thumbs\/thumbs_2018-08-18_18-13-11.jpg\"\n               data-image-id=\"380\"\n               data-title=\"2018-08-18_18-13-11\"\n               data-description=\"Poireaux, c\u00e9leris raves et carottes.\"\n               data-image-slug=\"2018-08-18_18-13-11\"\n               class=\"ngg-fancybox\" rel=\"48ded8912c840b98cbbb962acc9e9b02\">\n                <img\n                    title=\"2018-08-18_18-13-11\"\n                    alt=\"2018-08-18_18-13-11\"\n                    src=\"https:\/\/ecojardindesgrivauds.fr\/wp-content\/gallery\/2018_08_18-oignons-recoltes\/thumbs\/thumbs_2018-08-18_18-13-11.jpg\"\n                    width=\"240\"\n                    height=\"160\"\n                    style=\"max-width:100%;\"\n                \/>\n            <\/a>\n        <\/div>\n\t\t\t\t\t\t\t<\/div> \n\t\t\t\n        \n\t\t\t\t<div id=\"ngg-image-8\" class=\"ngg-gallery-thumbnail-box\" >\n\t\t\t\t        <div class=\"ngg-gallery-thumbnail\">\n            <a href=\"https:\/\/ecojardindesgrivauds.fr\/wp-content\/gallery\/2018_08_18-oignons-recoltes\/2018-08-18_18-18-40.jpg\"\n               title=\"\"\n               data-src=\"https:\/\/ecojardindesgrivauds.fr\/wp-content\/gallery\/2018_08_18-oignons-recoltes\/2018-08-18_18-18-40.jpg\"\n               data-thumbnail=\"https:\/\/ecojardindesgrivauds.fr\/wp-content\/gallery\/2018_08_18-oignons-recoltes\/thumbs\/thumbs_2018-08-18_18-18-40.jpg\"\n               data-image-id=\"381\"\n               data-title=\"2018-08-18_18-18-40\"\n               data-description=\"\"\n               data-image-slug=\"2018-08-18_18-18-40\"\n               class=\"ngg-fancybox\" rel=\"48ded8912c840b98cbbb962acc9e9b02\">\n                <img\n                    title=\"2018-08-18_18-18-40\"\n                    alt=\"2018-08-18_18-18-40\"\n                    src=\"https:\/\/ecojardindesgrivauds.fr\/wp-content\/gallery\/2018_08_18-oignons-recoltes\/thumbs\/thumbs_2018-08-18_18-18-40.jpg\"\n                    width=\"240\"\n                    height=\"160\"\n                    style=\"max-width:100%;\"\n                \/>\n            <\/a>\n        <\/div>\n\t\t\t\t\t\t\t<\/div> \n\t\t\t\n        \n\t\t\t\t<div id=\"ngg-image-9\" class=\"ngg-gallery-thumbnail-box\" >\n\t\t\t\t        <div class=\"ngg-gallery-thumbnail\">\n            <a href=\"https:\/\/ecojardindesgrivauds.fr\/wp-content\/gallery\/2018_08_18-oignons-recoltes\/2018-08-17_13-50-33.jpg\"\n               title=\"\"\n               data-src=\"https:\/\/ecojardindesgrivauds.fr\/wp-content\/gallery\/2018_08_18-oignons-recoltes\/2018-08-17_13-50-33.jpg\"\n               data-thumbnail=\"https:\/\/ecojardindesgrivauds.fr\/wp-content\/gallery\/2018_08_18-oignons-recoltes\/thumbs\/thumbs_2018-08-17_13-50-33.jpg\"\n               data-image-id=\"376\"\n               data-title=\"2018-08-17_13-50-33\"\n               data-description=\"\"\n               data-image-slug=\"2018-08-17_13-50-33\"\n               class=\"ngg-fancybox\" rel=\"48ded8912c840b98cbbb962acc9e9b02\">\n                <img\n                    title=\"2018-08-17_13-50-33\"\n                    alt=\"2018-08-17_13-50-33\"\n                    src=\"https:\/\/ecojardindesgrivauds.fr\/wp-content\/gallery\/2018_08_18-oignons-recoltes\/thumbs\/thumbs_2018-08-17_13-50-33.jpg\"\n                    width=\"240\"\n                    height=\"160\"\n                    style=\"max-width:100%;\"\n                \/>\n            <\/a>\n        <\/div>\n\t\t\t\t\t\t\t<\/div> \n\t\t\t\n        \n\t\t\t\t<div id=\"ngg-image-10\" class=\"ngg-gallery-thumbnail-box\" >\n\t\t\t\t        <div class=\"ngg-gallery-thumbnail\">\n            <a href=\"https:\/\/ecojardindesgrivauds.fr\/wp-content\/gallery\/2018_08_18-oignons-recoltes\/2018-08-16_11-45-37.jpg\"\n               title=\"Mante religieuse sur un pied de basilic\"\n               data-src=\"https:\/\/ecojardindesgrivauds.fr\/wp-content\/gallery\/2018_08_18-oignons-recoltes\/2018-08-16_11-45-37.jpg\"\n               data-thumbnail=\"https:\/\/ecojardindesgrivauds.fr\/wp-content\/gallery\/2018_08_18-oignons-recoltes\/thumbs\/thumbs_2018-08-16_11-45-37.jpg\"\n               data-image-id=\"375\"\n               data-title=\"2018-08-16_11-45-37\"\n               data-description=\"Mante religieuse sur un pied de basilic\"\n               data-image-slug=\"2018-08-16_11-45-37\"\n               class=\"ngg-fancybox\" rel=\"48ded8912c840b98cbbb962acc9e9b02\">\n                <img\n                    title=\"2018-08-16_11-45-37\"\n                    alt=\"2018-08-16_11-45-37\"\n                    src=\"https:\/\/ecojardindesgrivauds.fr\/wp-content\/gallery\/2018_08_18-oignons-recoltes\/thumbs\/thumbs_2018-08-16_11-45-37.jpg\"\n                    width=\"240\"\n                    height=\"160\"\n                    style=\"max-width:100%;\"\n                \/>\n            <\/a>\n        <\/div>\n\t\t\t\t\t\t\t<\/div> \n\t\t\t\n        \n\t\t\t\t<div id=\"ngg-image-11\" class=\"ngg-gallery-thumbnail-box\" >\n\t\t\t\t        <div class=\"ngg-gallery-thumbnail\">\n            <a href=\"https:\/\/ecojardindesgrivauds.fr\/wp-content\/gallery\/2018_08_18-oignons-recoltes\/2018-08-13_11-22-16.jpg\"\n               title=\"Sans commentaire.\"\n               data-src=\"https:\/\/ecojardindesgrivauds.fr\/wp-content\/gallery\/2018_08_18-oignons-recoltes\/2018-08-13_11-22-16.jpg\"\n               data-thumbnail=\"https:\/\/ecojardindesgrivauds.fr\/wp-content\/gallery\/2018_08_18-oignons-recoltes\/thumbs\/thumbs_2018-08-13_11-22-16.jpg\"\n               data-image-id=\"370\"\n               data-title=\"2018-08-13_11-22-16\"\n               data-description=\"Sans commentaire.\"\n               data-image-slug=\"2018-08-13_11-22-16\"\n               class=\"ngg-fancybox\" rel=\"48ded8912c840b98cbbb962acc9e9b02\">\n                <img\n                    title=\"2018-08-13_11-22-16\"\n                    alt=\"2018-08-13_11-22-16\"\n                    src=\"https:\/\/ecojardindesgrivauds.fr\/wp-content\/gallery\/2018_08_18-oignons-recoltes\/thumbs\/thumbs_2018-08-13_11-22-16.jpg\"\n                    width=\"240\"\n                    height=\"160\"\n                    style=\"max-width:100%;\"\n                \/>\n            <\/a>\n        <\/div>\n\t\t\t\t\t\t\t<\/div> \n\t\t\t\n        \n\t\t\n\t\t<!-- Pagination -->\n\t<div class='ngg-clear'><\/div>\t<\/div>\n\n","protected":false},"excerpt":{"rendered":"<p>C&rsquo;est un peu la fin d&rsquo;un cycle : les oignons (comme l&rsquo;ail et l&rsquo;\u00e9chalote) sont plant\u00e9s au d\u00e9but du printemps, se d\u00e9veloppent jusqu&rsquo;en \u00e9t\u00e9 et sont r\u00e9colt\u00e9s en ao\u00fbt. Ces cultures sont les premi\u00e8res qu&rsquo;on installe en plein champ ; ce sont donc les premi\u00e8res buttes paill\u00e9es de l&rsquo;ann\u00e9e. \u00c0 part un petit d\u00e9liseronnage en &hellip; <\/p>\n<p class=\"link-more\"><a href=\"https:\/\/ecojardindesgrivauds.fr\/?p=1473\" class=\"more-link\">Continuer la lecture<span class=\"screen-reader-text\"> de &laquo;&nbsp;Les oignons sont r\u00e9colt\u00e9s !&nbsp;&raquo;<\/span><\/a><\/p>\n","protected":false},"author":1,"featured_media":0,"comment_status":"open","ping_status":"open","sticky":false,"template":"","format":"standard","meta":{"ngg_post_thumbnail":0},"categories":[1],"tags":[],"_links":{"self":[{"href":"https:\/\/ecojardindesgrivauds.fr\/index.php?rest_route=\/wp\/v2\/posts\/1473"}],"collection":[{"href":"https:\/\/ecojardindesgrivauds.fr\/index.php?rest_route=\/wp\/v2\/posts"}],"about":[{"href":"https:\/\/ecojardindesgrivauds.fr\/index.php?rest_route=\/wp\/v2\/types\/post"}],"author":[{"embeddable":true,"href":"https:\/\/ecojardindesgrivauds.fr\/index.php?rest_route=\/wp\/v2\/users\/1"}],"replies":[{"embeddable":true,"href":"https:\/\/ecojardindesgrivauds.fr\/index.php?rest_route=%2Fwp%2Fv2%2Fcomments&post=1473"}],"version-history":[{"count":5,"href":"https:\/\/ecojardindesgrivauds.fr\/index.php?rest_route=\/wp\/v2\/posts\/1473\/revisions"}],"predecessor-version":[{"id":1520,"href":"https:\/\/ecojardindesgrivauds.fr\/index.php?rest_route=\/wp\/v2\/posts\/1473\/revisions\/1520"}],"wp:attachment":[{"href":"https:\/\/ecojardindesgrivauds.fr\/index.php?rest_route=%2Fwp%2Fv2%2Fmedia&parent=1473"}],"wp:term":[{"taxonomy":"category","embeddable":true,"href":"https:\/\/ecojardindesgrivauds.fr\/index.php?rest_route=%2Fwp%2Fv2%2Fcategories&post=1473"},{"taxonomy":"post_tag","embeddable":true,"href":"https:\/\/ecojardindesgrivauds.fr\/index.php?rest_route=%2Fwp%2Fv2%2Ftags&post=1473"}],"curies":[{"name":"wp","href":"https:\/\/api.w.org\/{rel}","templated":true}]}}