{"id":1843,"date":"2018-10-14T08:24:07","date_gmt":"2018-10-14T06:24:07","guid":{"rendered":"http:\/\/ecojardindesgrivauds.fr\/?p=1843"},"modified":"2018-10-14T09:53:05","modified_gmt":"2018-10-14T07:53:05","slug":"les-pieds-dans-les-maches-les-yeux-au-ciel","status":"publish","type":"post","link":"https:\/\/ecojardindesgrivauds.fr\/?p=1843","title":{"rendered":"Les pieds dans les m\u00e2ches, les yeux au ciel"},"content":{"rendered":"<p><a href=\"http:\/\/ecojardindesgrivauds.fr\/wp-content\/uploads\/2018\/10\/2018-10-13_08-42-15.jpg\"><img decoding=\"async\" loading=\"lazy\" class=\"alignright wp-image-1857 size-medium\" src=\"http:\/\/ecojardindesgrivauds.fr\/wp-content\/uploads\/2018\/10\/2018-10-13_08-42-15-225x300.jpg\" alt=\"\" width=\"225\" height=\"300\" srcset=\"https:\/\/ecojardindesgrivauds.fr\/wp-content\/uploads\/2018\/10\/2018-10-13_08-42-15-225x300.jpg 225w, https:\/\/ecojardindesgrivauds.fr\/wp-content\/uploads\/2018\/10\/2018-10-13_08-42-15.jpg 768w\" sizes=\"(max-width: 225px) 100vw, 225px\" \/><\/a>Si vous d\u00e9barquez un peu t\u00f4t dans notre \u00c9coJardin, vous ne trouverez pas Fabrice dans une serre, non ! Cherchez-le au bout de la planche des m\u00e2ches, le nez en l&rsquo;air, les jumelles \u00e0 la main, concentr\u00e9 sur l&rsquo;horizon. Car les migrations d&rsquo;oiseaux ont commenc\u00e9, et en particulier celle des pigeons. Imaginez de v\u00e9ritables petits nuages constitu\u00e9s de plusieurs centaines d&rsquo;oiseaux traversant le ciel du nord vers le sud ! Fabrice les compte, m\u00e9ticuleusement, apportant ainsi sa pierre au recensement des oiseaux qui sillonnent notre territoire, en t\u00e9moin patient d&rsquo;une biodiversit\u00e9 qu&rsquo;il faut conna\u00eetre et aimer pour mieux la prot\u00e9ger.<\/p>\n<figure id=\"attachment_1849\" aria-describedby=\"caption-attachment-1849\" style=\"width: 225px\" class=\"wp-caption alignleft\"><a href=\"http:\/\/ecojardindesgrivauds.fr\/wp-content\/uploads\/2018\/10\/2018-10-09_08-59-48.jpg\"><img decoding=\"async\" loading=\"lazy\" class=\"wp-image-1849 size-medium\" src=\"http:\/\/ecojardindesgrivauds.fr\/wp-content\/uploads\/2018\/10\/2018-10-09_08-59-48-225x300.jpg\" alt=\"\" width=\"225\" height=\"300\" srcset=\"https:\/\/ecojardindesgrivauds.fr\/wp-content\/uploads\/2018\/10\/2018-10-09_08-59-48-225x300.jpg 225w, https:\/\/ecojardindesgrivauds.fr\/wp-content\/uploads\/2018\/10\/2018-10-09_08-59-48.jpg 768w\" sizes=\"(max-width: 225px) 100vw, 225px\" \/><\/a><figcaption id=\"caption-attachment-1849\" class=\"wp-caption-text\">Vivien arrose la premi\u00e8re s\u00e9rie de mesclun<\/figcaption><\/figure>\n<p>Pendant ce temps, au ras du sol, la vie ne s&rsquo;arr\u00eate pas pour autant et Vivien, notre nouveau Wwoofer, en fait l&rsquo;exp\u00e9rience en croisant plusieurs grenouilles au cours de cette premi\u00e8re semaine chez nous. Vivien est originaire de Loraine et avait besoin d&rsquo;un bon bol d&rsquo;air. Il nous apporte son aide \u00e0 diff\u00e9rentes r\u00e9coltes, d\u00e9sherbages et nettoyages de planches de culture. Quand il n&rsquo;est pas avec nous au jardin, il prend la route et fait le tour de tous les coins sympas de l&rsquo;Allier.<\/p>\n<p><a href=\"http:\/\/ecojardindesgrivauds.fr\/wp-content\/uploads\/2018\/10\/2018-10-10_15-52-41.jpg\"><img decoding=\"async\" loading=\"lazy\" class=\"alignright wp-image-1851 size-medium\" src=\"http:\/\/ecojardindesgrivauds.fr\/wp-content\/uploads\/2018\/10\/2018-10-10_15-52-41-300x225.jpg\" alt=\"\" width=\"300\" height=\"225\" srcset=\"https:\/\/ecojardindesgrivauds.fr\/wp-content\/uploads\/2018\/10\/2018-10-10_15-52-41-300x225.jpg 300w, https:\/\/ecojardindesgrivauds.fr\/wp-content\/uploads\/2018\/10\/2018-10-10_15-52-41-768x576.jpg 768w, https:\/\/ecojardindesgrivauds.fr\/wp-content\/uploads\/2018\/10\/2018-10-10_15-52-41.jpg 1024w\" sizes=\"(max-width: 300px) 100vw, 300px\" \/><\/a>L&rsquo;installation des l\u00e9gumes-feuilles en serre se poursuit : la premi\u00e8re s\u00e9rie de mesclun est plant\u00e9e et les d\u00e9sinstallations de tomates vont bon train pour faire de la place pour la prochaine s\u00e9rie de m\u00e2che et de salades. On garde un \u0153il sur les \u00e9pinards, qui se laissent de nouveau envahir de liseron et on d\u00e9sherbe la planche de salades et persil dans la serre n\u00ba1. Sur cette planche, d&rsquo;ailleurs, on a eu le droit cette semaine \u00e0 une belle pouss\u00e9e de champignons. Sur un sol vivant, c&rsquo;est un ph\u00e9nom\u00e8ne tout \u00e0 fait normal \u00e0 cette saison. Depuis plus de 18 mois, il absorbe en permanence de la paille et s&rsquo;enrichit progressivement en mati\u00e8re organique. Son taux d&rsquo;humus et son humidit\u00e9 le rapproche d&rsquo;un sol forestier. D\u00e8s lors, pas \u00e9tonnant que les champignons s&rsquo;y sentent bien et \u00e9mettent des sporophores en automne.<\/p>\n<p><a href=\"http:\/\/ecojardindesgrivauds.fr\/wp-content\/uploads\/2018\/10\/2018-10-13_15-00-45.jpg\"><img decoding=\"async\" loading=\"lazy\" class=\"alignleft size-medium wp-image-1858\" src=\"http:\/\/ecojardindesgrivauds.fr\/wp-content\/uploads\/2018\/10\/2018-10-13_15-00-45-300x225.jpg\" alt=\"\" width=\"300\" height=\"225\" srcset=\"https:\/\/ecojardindesgrivauds.fr\/wp-content\/uploads\/2018\/10\/2018-10-13_15-00-45-300x225.jpg 300w, https:\/\/ecojardindesgrivauds.fr\/wp-content\/uploads\/2018\/10\/2018-10-13_15-00-45-768x576.jpg 768w, https:\/\/ecojardindesgrivauds.fr\/wp-content\/uploads\/2018\/10\/2018-10-13_15-00-45.jpg 1024w\" sizes=\"(max-width: 300px) 100vw, 300px\" \/><\/a>Les yeux au ciel pour voir les oiseaux, les yeux au sol pour observer les grenouilles et les champignons, il fallait aussi regarder devant soi cette semaine pour s&rsquo;\u00e9merveiller des derni\u00e8res r\u00e9coltes de tomates, de concombres et d&rsquo;aubergines ! Rien que pour \u00e7a, on essaie de ne pas trop r\u00e2ler apr\u00e8s cette arri\u00e8re-saison anormalement chaude et d\u00e9sesp\u00e9r\u00e9ment s\u00e8che&#8230;<\/p>\n<p>\u00c0 la semaine prochaine !<\/p>\n<p><em>Cliquez sur les photos ci-dessous pour les agrandir et pour lire les l\u00e9gendes.<\/em><\/p>\n<!-- index.php -->\n<div\n\tclass=\"ngg-galleryoverview ngg-ajax-pagination-none\"\n\tid=\"ngg-gallery-929a7c66ddf21d699b3409182b66fe72-1\">\n\n    \t\t<!-- Thumbnails -->\n\t\t\t\t<div id=\"ngg-image-0\" class=\"ngg-gallery-thumbnail-box\" >\n\t\t\t\t        <div class=\"ngg-gallery-thumbnail\">\n            <a href=\"https:\/\/ecojardindesgrivauds.fr\/wp-content\/gallery\/2018_10_14-observation-des-pigeons\/2018-10-08_11-33-39.jpg\"\n               title=\"R\u00e9colte de haricots du lundi : toujours aussi g\u00e9n\u00e9reuse !\"\n               data-src=\"https:\/\/ecojardindesgrivauds.fr\/wp-content\/gallery\/2018_10_14-observation-des-pigeons\/2018-10-08_11-33-39.jpg\"\n               data-thumbnail=\"https:\/\/ecojardindesgrivauds.fr\/wp-content\/gallery\/2018_10_14-observation-des-pigeons\/thumbs\/thumbs_2018-10-08_11-33-39.jpg\"\n               data-image-id=\"464\"\n               data-title=\"2018-10-08_11-33-39\"\n               data-description=\"R\u00e9colte de haricots du lundi : toujours aussi g\u00e9n\u00e9reuse !\"\n               data-image-slug=\"2018-10-08_11-33-39\"\n               class=\"ngg-fancybox\" rel=\"929a7c66ddf21d699b3409182b66fe72\">\n                <img\n                    title=\"2018-10-08_11-33-39\"\n                    alt=\"2018-10-08_11-33-39\"\n                    src=\"https:\/\/ecojardindesgrivauds.fr\/wp-content\/gallery\/2018_10_14-observation-des-pigeons\/thumbs\/thumbs_2018-10-08_11-33-39.jpg\"\n                    width=\"240\"\n                    height=\"160\"\n                    style=\"max-width:100%;\"\n                \/>\n            <\/a>\n        <\/div>\n\t\t\t\t\t\t\t<\/div> \n\t\t\t\n        \n\t\t\t\t<div id=\"ngg-image-1\" class=\"ngg-gallery-thumbnail-box\" >\n\t\t\t\t        <div class=\"ngg-gallery-thumbnail\">\n            <a href=\"https:\/\/ecojardindesgrivauds.fr\/wp-content\/gallery\/2018_10_14-observation-des-pigeons\/2018-10-13_15-52-55.jpg\"\n               title=\"M\u00eame sur des pieds tr\u00e8s vieillissants et bien enherb\u00e9s, on trouve encore de magnifiques concombres.\"\n               data-src=\"https:\/\/ecojardindesgrivauds.fr\/wp-content\/gallery\/2018_10_14-observation-des-pigeons\/2018-10-13_15-52-55.jpg\"\n               data-thumbnail=\"https:\/\/ecojardindesgrivauds.fr\/wp-content\/gallery\/2018_10_14-observation-des-pigeons\/thumbs\/thumbs_2018-10-13_15-52-55.jpg\"\n               data-image-id=\"474\"\n               data-title=\"2018-10-13_15-52-55\"\n               data-description=\"M\u00eame sur des pieds tr\u00e8s vieillissants et bien enherb\u00e9s, on trouve encore de magnifiques concombres.\"\n               data-image-slug=\"2018-10-13_15-52-55\"\n               class=\"ngg-fancybox\" rel=\"929a7c66ddf21d699b3409182b66fe72\">\n                <img\n                    title=\"2018-10-13_15-52-55\"\n                    alt=\"2018-10-13_15-52-55\"\n                    src=\"https:\/\/ecojardindesgrivauds.fr\/wp-content\/gallery\/2018_10_14-observation-des-pigeons\/thumbs\/thumbs_2018-10-13_15-52-55.jpg\"\n                    width=\"240\"\n                    height=\"160\"\n                    style=\"max-width:100%;\"\n                \/>\n            <\/a>\n        <\/div>\n\t\t\t\t\t\t\t<\/div> \n\t\t\t\n        \n\t\t\t\t<div id=\"ngg-image-2\" class=\"ngg-gallery-thumbnail-box\" >\n\t\t\t\t        <div class=\"ngg-gallery-thumbnail\">\n            <a href=\"https:\/\/ecojardindesgrivauds.fr\/wp-content\/gallery\/2018_10_14-observation-des-pigeons\/2018-10-08_16-29-52.jpg\"\n               title=\"Grenouille agile, qui croyait passer inaper\u00e7ue dans la paille.\"\n               data-src=\"https:\/\/ecojardindesgrivauds.fr\/wp-content\/gallery\/2018_10_14-observation-des-pigeons\/2018-10-08_16-29-52.jpg\"\n               data-thumbnail=\"https:\/\/ecojardindesgrivauds.fr\/wp-content\/gallery\/2018_10_14-observation-des-pigeons\/thumbs\/thumbs_2018-10-08_16-29-52.jpg\"\n               data-image-id=\"465\"\n               data-title=\"2018-10-08_16-29-52\"\n               data-description=\"Grenouille agile, qui croyait passer inaper\u00e7ue dans la paille.\"\n               data-image-slug=\"2018-10-08_16-29-52\"\n               class=\"ngg-fancybox\" rel=\"929a7c66ddf21d699b3409182b66fe72\">\n                <img\n                    title=\"2018-10-08_16-29-52\"\n                    alt=\"2018-10-08_16-29-52\"\n                    src=\"https:\/\/ecojardindesgrivauds.fr\/wp-content\/gallery\/2018_10_14-observation-des-pigeons\/thumbs\/thumbs_2018-10-08_16-29-52.jpg\"\n                    width=\"240\"\n                    height=\"160\"\n                    style=\"max-width:100%;\"\n                \/>\n            <\/a>\n        <\/div>\n\t\t\t\t\t\t\t<\/div> \n\t\t\t\n        \n\t\t\t\t<div id=\"ngg-image-3\" class=\"ngg-gallery-thumbnail-box\" >\n\t\t\t\t        <div class=\"ngg-gallery-thumbnail\">\n            <a href=\"https:\/\/ecojardindesgrivauds.fr\/wp-content\/gallery\/2018_10_14-observation-des-pigeons\/2018-10-10_15-53-20.jpg\"\n               title=\"Qui saura identifier ces champignons \u00e0 lamelles qui poussent au milieu de nos salades ?\"\n               data-src=\"https:\/\/ecojardindesgrivauds.fr\/wp-content\/gallery\/2018_10_14-observation-des-pigeons\/2018-10-10_15-53-20.jpg\"\n               data-thumbnail=\"https:\/\/ecojardindesgrivauds.fr\/wp-content\/gallery\/2018_10_14-observation-des-pigeons\/thumbs\/thumbs_2018-10-10_15-53-20.jpg\"\n               data-image-id=\"467\"\n               data-title=\"2018-10-10_15-53-20\"\n               data-description=\"Qui saura identifier ces champignons \u00e0 lamelles qui poussent au milieu de nos salades ?\"\n               data-image-slug=\"2018-10-10_15-53-20\"\n               class=\"ngg-fancybox\" rel=\"929a7c66ddf21d699b3409182b66fe72\">\n                <img\n                    title=\"2018-10-10_15-53-20\"\n                    alt=\"2018-10-10_15-53-20\"\n                    src=\"https:\/\/ecojardindesgrivauds.fr\/wp-content\/gallery\/2018_10_14-observation-des-pigeons\/thumbs\/thumbs_2018-10-10_15-53-20.jpg\"\n                    width=\"240\"\n                    height=\"160\"\n                    style=\"max-width:100%;\"\n                \/>\n            <\/a>\n        <\/div>\n\t\t\t\t\t\t\t<\/div> \n\t\t\t\n        \n\t\t\t\t<div id=\"ngg-image-4\" class=\"ngg-gallery-thumbnail-box\" >\n\t\t\t\t        <div class=\"ngg-gallery-thumbnail\">\n            <a href=\"https:\/\/ecojardindesgrivauds.fr\/wp-content\/gallery\/2018_10_14-observation-des-pigeons\/2018-10-10_15-53-35.jpg\"\n               title=\"\"\n               data-src=\"https:\/\/ecojardindesgrivauds.fr\/wp-content\/gallery\/2018_10_14-observation-des-pigeons\/2018-10-10_15-53-35.jpg\"\n               data-thumbnail=\"https:\/\/ecojardindesgrivauds.fr\/wp-content\/gallery\/2018_10_14-observation-des-pigeons\/thumbs\/thumbs_2018-10-10_15-53-35.jpg\"\n               data-image-id=\"468\"\n               data-title=\"2018-10-10_15-53-35\"\n               data-description=\"\"\n               data-image-slug=\"2018-10-10_15-53-35\"\n               class=\"ngg-fancybox\" rel=\"929a7c66ddf21d699b3409182b66fe72\">\n                <img\n                    title=\"2018-10-10_15-53-35\"\n                    alt=\"2018-10-10_15-53-35\"\n                    src=\"https:\/\/ecojardindesgrivauds.fr\/wp-content\/gallery\/2018_10_14-observation-des-pigeons\/thumbs\/thumbs_2018-10-10_15-53-35.jpg\"\n                    width=\"240\"\n                    height=\"160\"\n                    style=\"max-width:100%;\"\n                \/>\n            <\/a>\n        <\/div>\n\t\t\t\t\t\t\t<\/div> \n\t\t\t\n        \n\t\t\t\t<div id=\"ngg-image-5\" class=\"ngg-gallery-thumbnail-box\" >\n\t\t\t\t        <div class=\"ngg-gallery-thumbnail\">\n            <a href=\"https:\/\/ecojardindesgrivauds.fr\/wp-content\/gallery\/2018_10_14-observation-des-pigeons\/2018-10-13_08-33-12.jpg\"\n               title=\"Il y a quelques pieds de m\u00e2che d\u00e9j\u00e0 bien app\u00e9tissants !\"\n               data-src=\"https:\/\/ecojardindesgrivauds.fr\/wp-content\/gallery\/2018_10_14-observation-des-pigeons\/2018-10-13_08-33-12.jpg\"\n               data-thumbnail=\"https:\/\/ecojardindesgrivauds.fr\/wp-content\/gallery\/2018_10_14-observation-des-pigeons\/thumbs\/thumbs_2018-10-13_08-33-12.jpg\"\n               data-image-id=\"470\"\n               data-title=\"2018-10-13_08-33-12\"\n               data-description=\"Il y a quelques pieds de m\u00e2che d\u00e9j\u00e0 bien app\u00e9tissants !\"\n               data-image-slug=\"2018-10-13_08-33-12\"\n               class=\"ngg-fancybox\" rel=\"929a7c66ddf21d699b3409182b66fe72\">\n                <img\n                    title=\"2018-10-13_08-33-12\"\n                    alt=\"2018-10-13_08-33-12\"\n                    src=\"https:\/\/ecojardindesgrivauds.fr\/wp-content\/gallery\/2018_10_14-observation-des-pigeons\/thumbs\/thumbs_2018-10-13_08-33-12.jpg\"\n                    width=\"240\"\n                    height=\"160\"\n                    style=\"max-width:100%;\"\n                \/>\n            <\/a>\n        <\/div>\n\t\t\t\t\t\t\t<\/div> \n\t\t\t\n        \n\t\t\t\t<div id=\"ngg-image-6\" class=\"ngg-gallery-thumbnail-box\" >\n\t\t\t\t        <div class=\"ngg-gallery-thumbnail\">\n            <a href=\"https:\/\/ecojardindesgrivauds.fr\/wp-content\/gallery\/2018_10_14-observation-des-pigeons\/2018-10-13_15-51-50.jpg\"\n               title=\"Il y a eu du m\u00e9nage de fait dans la serre \u00e0 tomates !\"\n               data-src=\"https:\/\/ecojardindesgrivauds.fr\/wp-content\/gallery\/2018_10_14-observation-des-pigeons\/2018-10-13_15-51-50.jpg\"\n               data-thumbnail=\"https:\/\/ecojardindesgrivauds.fr\/wp-content\/gallery\/2018_10_14-observation-des-pigeons\/thumbs\/thumbs_2018-10-13_15-51-50.jpg\"\n               data-image-id=\"472\"\n               data-title=\"2018-10-13_15-51-50\"\n               data-description=\"Il y a eu du m\u00e9nage de fait dans la serre \u00e0 tomates !\"\n               data-image-slug=\"2018-10-13_15-51-50\"\n               class=\"ngg-fancybox\" rel=\"929a7c66ddf21d699b3409182b66fe72\">\n                <img\n                    title=\"2018-10-13_15-51-50\"\n                    alt=\"2018-10-13_15-51-50\"\n                    src=\"https:\/\/ecojardindesgrivauds.fr\/wp-content\/gallery\/2018_10_14-observation-des-pigeons\/thumbs\/thumbs_2018-10-13_15-51-50.jpg\"\n                    width=\"240\"\n                    height=\"160\"\n                    style=\"max-width:100%;\"\n                \/>\n            <\/a>\n        <\/div>\n\t\t\t\t\t\t\t<\/div> \n\t\t\t\n        \n\t\t\t\t<div id=\"ngg-image-7\" class=\"ngg-gallery-thumbnail-box\" >\n\t\t\t\t        <div class=\"ngg-gallery-thumbnail\">\n            <a href=\"https:\/\/ecojardindesgrivauds.fr\/wp-content\/gallery\/2018_10_14-observation-des-pigeons\/2018-10-13_08-30-40.jpg\"\n               title=\"Un groupe de pigeons, passant juste au dessus de nos t\u00eates.\"\n               data-src=\"https:\/\/ecojardindesgrivauds.fr\/wp-content\/gallery\/2018_10_14-observation-des-pigeons\/2018-10-13_08-30-40.jpg\"\n               data-thumbnail=\"https:\/\/ecojardindesgrivauds.fr\/wp-content\/gallery\/2018_10_14-observation-des-pigeons\/thumbs\/thumbs_2018-10-13_08-30-40.jpg\"\n               data-image-id=\"471\"\n               data-title=\"2018-10-13_08-30-40\"\n               data-description=\"Un groupe de pigeons, passant juste au dessus de nos t\u00eates.\"\n               data-image-slug=\"2018-10-13_08-30-40\"\n               class=\"ngg-fancybox\" rel=\"929a7c66ddf21d699b3409182b66fe72\">\n                <img\n                    title=\"2018-10-13_08-30-40\"\n                    alt=\"2018-10-13_08-30-40\"\n                    src=\"https:\/\/ecojardindesgrivauds.fr\/wp-content\/gallery\/2018_10_14-observation-des-pigeons\/thumbs\/thumbs_2018-10-13_08-30-40.jpg\"\n                    width=\"240\"\n                    height=\"160\"\n                    style=\"max-width:100%;\"\n                \/>\n            <\/a>\n        <\/div>\n\t\t\t\t\t\t\t<\/div> \n\t\t\t\n        \n\t\t\t\t<div id=\"ngg-image-8\" class=\"ngg-gallery-thumbnail-box\" >\n\t\t\t\t        <div class=\"ngg-gallery-thumbnail\">\n            <a href=\"https:\/\/ecojardindesgrivauds.fr\/wp-content\/gallery\/2018_10_14-observation-des-pigeons\/2018-10-09_09-52-38.jpg\"\n               title=\"Vivien fait la rencontre de Mi-Roux.\"\n               data-src=\"https:\/\/ecojardindesgrivauds.fr\/wp-content\/gallery\/2018_10_14-observation-des-pigeons\/2018-10-09_09-52-38.jpg\"\n               data-thumbnail=\"https:\/\/ecojardindesgrivauds.fr\/wp-content\/gallery\/2018_10_14-observation-des-pigeons\/thumbs\/thumbs_2018-10-09_09-52-38.jpg\"\n               data-image-id=\"466\"\n               data-title=\"2018-10-09_09-52-38\"\n               data-description=\"Vivien fait la rencontre de Mi-Roux.\"\n               data-image-slug=\"2018-10-09_09-52-38\"\n               class=\"ngg-fancybox\" rel=\"929a7c66ddf21d699b3409182b66fe72\">\n                <img\n                    title=\"2018-10-09_09-52-38\"\n                    alt=\"2018-10-09_09-52-38\"\n                    src=\"https:\/\/ecojardindesgrivauds.fr\/wp-content\/gallery\/2018_10_14-observation-des-pigeons\/thumbs\/thumbs_2018-10-09_09-52-38.jpg\"\n                    width=\"240\"\n                    height=\"160\"\n                    style=\"max-width:100%;\"\n                \/>\n            <\/a>\n        <\/div>\n\t\t\t\t\t\t\t<\/div> \n\t\t\t\n        \n\t\t\t\t<div id=\"ngg-image-9\" class=\"ngg-gallery-thumbnail-box\" >\n\t\t\t\t        <div class=\"ngg-gallery-thumbnail\">\n            <a href=\"https:\/\/ecojardindesgrivauds.fr\/wp-content\/gallery\/2018_10_14-observation-des-pigeons\/2018-10-12_15-16-31.jpg\"\n               title=\"Rainette, install\u00e9e sur une feuille de rumex, au milieu des c\u00e9leris-raves.\"\n               data-src=\"https:\/\/ecojardindesgrivauds.fr\/wp-content\/gallery\/2018_10_14-observation-des-pigeons\/2018-10-12_15-16-31.jpg\"\n               data-thumbnail=\"https:\/\/ecojardindesgrivauds.fr\/wp-content\/gallery\/2018_10_14-observation-des-pigeons\/thumbs\/thumbs_2018-10-12_15-16-31.jpg\"\n               data-image-id=\"469\"\n               data-title=\"2018-10-12_15-16-31\"\n               data-description=\"Rainette, install\u00e9e sur une feuille de rumex, au milieu des c\u00e9leris-raves.\"\n               data-image-slug=\"2018-10-12_15-16-31\"\n               class=\"ngg-fancybox\" rel=\"929a7c66ddf21d699b3409182b66fe72\">\n                <img\n                    title=\"2018-10-12_15-16-31\"\n                    alt=\"2018-10-12_15-16-31\"\n                    src=\"https:\/\/ecojardindesgrivauds.fr\/wp-content\/gallery\/2018_10_14-observation-des-pigeons\/thumbs\/thumbs_2018-10-12_15-16-31.jpg\"\n                    width=\"240\"\n                    height=\"160\"\n                    style=\"max-width:100%;\"\n                \/>\n            <\/a>\n        <\/div>\n\t\t\t\t\t\t\t<\/div> \n\t\t\t\n        \n\t\t\t\t<div id=\"ngg-image-10\" class=\"ngg-gallery-thumbnail-box\" >\n\t\t\t\t        <div class=\"ngg-gallery-thumbnail\">\n            <a href=\"https:\/\/ecojardindesgrivauds.fr\/wp-content\/gallery\/2018_10_14-observation-des-pigeons\/2018-10-13_15-48-08.jpg\"\n               title=\"Bob, les mains en l&#039;air !\"\n               data-src=\"https:\/\/ecojardindesgrivauds.fr\/wp-content\/gallery\/2018_10_14-observation-des-pigeons\/2018-10-13_15-48-08.jpg\"\n               data-thumbnail=\"https:\/\/ecojardindesgrivauds.fr\/wp-content\/gallery\/2018_10_14-observation-des-pigeons\/thumbs\/thumbs_2018-10-13_15-48-08.jpg\"\n               data-image-id=\"473\"\n               data-title=\"2018-10-13_15-48-08\"\n               data-description=\"Bob, les mains en l&#039;air !\"\n               data-image-slug=\"2018-10-13_15-48-08\"\n               class=\"ngg-fancybox\" rel=\"929a7c66ddf21d699b3409182b66fe72\">\n                <img\n                    title=\"2018-10-13_15-48-08\"\n                    alt=\"2018-10-13_15-48-08\"\n                    src=\"https:\/\/ecojardindesgrivauds.fr\/wp-content\/gallery\/2018_10_14-observation-des-pigeons\/thumbs\/thumbs_2018-10-13_15-48-08.jpg\"\n                    width=\"240\"\n                    height=\"160\"\n                    style=\"max-width:100%;\"\n                \/>\n            <\/a>\n        <\/div>\n\t\t\t\t\t\t\t<\/div> \n\t\t\t\n        \n\t\t\n\t\t<!-- Pagination -->\n\t<div class='ngg-clear'><\/div>\t<\/div>\n\n","protected":false},"excerpt":{"rendered":"<p>Si vous d\u00e9barquez un peu t\u00f4t dans notre \u00c9coJardin, vous ne trouverez pas Fabrice dans une serre, non ! Cherchez-le au bout de la planche des m\u00e2ches, le nez en l&rsquo;air, les jumelles \u00e0 la main, concentr\u00e9 sur l&rsquo;horizon. Car les migrations d&rsquo;oiseaux ont commenc\u00e9, et en particulier celle des pigeons. Imaginez de v\u00e9ritables petits &hellip; <\/p>\n<p class=\"link-more\"><a href=\"https:\/\/ecojardindesgrivauds.fr\/?p=1843\" class=\"more-link\">Continuer la lecture<span class=\"screen-reader-text\"> de &laquo;&nbsp;Les pieds dans les m\u00e2ches, les yeux au ciel&nbsp;&raquo;<\/span><\/a><\/p>\n","protected":false},"author":1,"featured_media":0,"comment_status":"open","ping_status":"open","sticky":false,"template":"","format":"standard","meta":{"ngg_post_thumbnail":0},"categories":[1],"tags":[],"_links":{"self":[{"href":"https:\/\/ecojardindesgrivauds.fr\/index.php?rest_route=\/wp\/v2\/posts\/1843"}],"collection":[{"href":"https:\/\/ecojardindesgrivauds.fr\/index.php?rest_route=\/wp\/v2\/posts"}],"about":[{"href":"https:\/\/ecojardindesgrivauds.fr\/index.php?rest_route=\/wp\/v2\/types\/post"}],"author":[{"embeddable":true,"href":"https:\/\/ecojardindesgrivauds.fr\/index.php?rest_route=\/wp\/v2\/users\/1"}],"replies":[{"embeddable":true,"href":"https:\/\/ecojardindesgrivauds.fr\/index.php?rest_route=%2Fwp%2Fv2%2Fcomments&post=1843"}],"version-history":[{"count":10,"href":"https:\/\/ecojardindesgrivauds.fr\/index.php?rest_route=\/wp\/v2\/posts\/1843\/revisions"}],"predecessor-version":[{"id":1892,"href":"https:\/\/ecojardindesgrivauds.fr\/index.php?rest_route=\/wp\/v2\/posts\/1843\/revisions\/1892"}],"wp:attachment":[{"href":"https:\/\/ecojardindesgrivauds.fr\/index.php?rest_route=%2Fwp%2Fv2%2Fmedia&parent=1843"}],"wp:term":[{"taxonomy":"category","embeddable":true,"href":"https:\/\/ecojardindesgrivauds.fr\/index.php?rest_route=%2Fwp%2Fv2%2Fcategories&post=1843"},{"taxonomy":"post_tag","embeddable":true,"href":"https:\/\/ecojardindesgrivauds.fr\/index.php?rest_route=%2Fwp%2Fv2%2Ftags&post=1843"}],"curies":[{"name":"wp","href":"https:\/\/api.w.org\/{rel}","templated":true}]}}