{"id":1897,"date":"2018-10-21T12:24:54","date_gmt":"2018-10-21T10:24:54","guid":{"rendered":"http:\/\/ecojardindesgrivauds.fr\/?p=1897"},"modified":"2018-10-21T12:31:31","modified_gmt":"2018-10-21T10:31:31","slug":"cest-la-fin-des-haricots","status":"publish","type":"post","link":"https:\/\/ecojardindesgrivauds.fr\/?p=1897","title":{"rendered":"C&rsquo;est la fin des haricots !"},"content":{"rendered":"<figure id=\"attachment_1910\" aria-describedby=\"caption-attachment-1910\" style=\"width: 300px\" class=\"wp-caption alignleft\"><a href=\"http:\/\/ecojardindesgrivauds.fr\/wp-content\/uploads\/2018\/10\/2018-10-20_08-44-40-1.jpg\"><img decoding=\"async\" loading=\"lazy\" class=\"wp-image-1910 size-medium\" src=\"http:\/\/ecojardindesgrivauds.fr\/wp-content\/uploads\/2018\/10\/2018-10-20_08-44-40-1-300x225.jpg\" alt=\"\" width=\"300\" height=\"225\" srcset=\"https:\/\/ecojardindesgrivauds.fr\/wp-content\/uploads\/2018\/10\/2018-10-20_08-44-40-1-300x225.jpg 300w, https:\/\/ecojardindesgrivauds.fr\/wp-content\/uploads\/2018\/10\/2018-10-20_08-44-40-1-768x576.jpg 768w, https:\/\/ecojardindesgrivauds.fr\/wp-content\/uploads\/2018\/10\/2018-10-20_08-44-40-1.jpg 1024w\" sizes=\"(max-width: 300px) 100vw, 300px\" \/><\/a><figcaption id=\"caption-attachment-1910\" class=\"wp-caption-text\">La partie \u00abautomne\u00bb de notre stand : brocolis, choux fleurs, choux raves, choux blancs et rouges, blettes, poireaux, carottes, courges, c\u00e9leris rave et branche, navets et radis Red Meat.<\/figcaption><\/figure>\n<p>M\u00eame si l&rsquo;\u00e9t\u00e9 a vraiment jou\u00e9 les prolongations cette ann\u00e9e, il y a un moment donn\u00e9 o\u00f9 il faut bien admettre que les meilleures choses ont une fin. Il y a deux semaines, sur le march\u00e9 de Vichy, on annon\u00e7ait d\u00e9j\u00e0 la fin des l\u00e9gumes d&rsquo;\u00e9t\u00e9. Mais, hier, notre stand battait de nouveaux records de diversit\u00e9, en partie gr\u00e2ce \u00e0 nos derniers haricots, concombres, courgettes, tomates, aubergines et poivrons. Mais cette fois-ci, on ne se trompe plus en vous disant que c&rsquo;est la \u00abfin des haricots\u00bb. De toute fa\u00e7on, les cultures d&rsquo;\u00e9t\u00e9 sont en cours de d\u00e9sinstallation : il n&rsquo;y a plus de pieds de concombres, il reste moins de la moiti\u00e9 des pieds de tomates et les poivrons et aubergines sont en sursis&#8230;<\/p>\n<p>Il faut dire que les cultures suivantes poussent au portillon ! Lundi, profitant du grand retour d&rsquo;Alexandra, notre stagiaire la plus assidue, on plante une nouvelle s\u00e9rie de m\u00e2che sur une planche o\u00f9 une semaine plus t\u00f4t on r\u00e9coltait encore des tomates orange, des <em>Roses de Berne<\/em> et des <em>Green Zebra<\/em>&#8230; Dans la p\u00e9pini\u00e8re, la deuxi\u00e8me s\u00e9rie d&rsquo;\u00e9pinards nous fait de l&rsquo;\u0153il et on lui pr\u00e9pare de la place, tout en continuant \u00e0 \u00abd\u00e9liseronner\u00bb la premi\u00e8re s\u00e9rie d\u00e9j\u00e0 en terre.<\/p>\n<figure id=\"attachment_1898\" aria-describedby=\"caption-attachment-1898\" style=\"width: 300px\" class=\"wp-caption alignright\"><a href=\"http:\/\/ecojardindesgrivauds.fr\/wp-content\/uploads\/2018\/10\/2018-10-15_10-12-52.jpg\"><img decoding=\"async\" loading=\"lazy\" class=\"wp-image-1898 size-medium\" src=\"http:\/\/ecojardindesgrivauds.fr\/wp-content\/uploads\/2018\/10\/2018-10-15_10-12-52-300x225.jpg\" alt=\"\" width=\"300\" height=\"225\" srcset=\"https:\/\/ecojardindesgrivauds.fr\/wp-content\/uploads\/2018\/10\/2018-10-15_10-12-52-300x225.jpg 300w, https:\/\/ecojardindesgrivauds.fr\/wp-content\/uploads\/2018\/10\/2018-10-15_10-12-52-768x576.jpg 768w, https:\/\/ecojardindesgrivauds.fr\/wp-content\/uploads\/2018\/10\/2018-10-15_10-12-52.jpg 1024w\" sizes=\"(max-width: 300px) 100vw, 300px\" \/><\/a><figcaption id=\"caption-attachment-1898\" class=\"wp-caption-text\">Plantation de m\u00e2che par Alexandra et Vivien.<\/figcaption><\/figure>\n<p>Cela dit, le gros de la semaine est tout de m\u00eame constitu\u00e9 de r\u00e9coltes : carottes, salades, poireaux, haricots verts et &#8230; physalis ! Vivien, pour sa derni\u00e8re semaine de wwoofing chez nous, est sur tous les fronts. Il faut le voir manier la fourche dans les carottes ou d\u00e9sherber m\u00e9ticuleusement les scaroles : il s&rsquo;int\u00e8gre sans probl\u00e8me dans la longue s\u00e9rie des petites mains valeureuses qu&rsquo;on a eu la chance de recevoir aux Grivauds cette ann\u00e9e ! Il encha\u00eene maintenant avec un s\u00e9jour en Aveyron o\u00f9 il est attendu pour la r\u00e9colte des ch\u00e2taignes. Merci pour ton passage ici et bonne continuation dans ton p\u00e9riple Vivien !<\/p>\n<p>\u00c0 la semaine prochaine !<\/p>\n<p><em>Cliquez sur les photos ci-dessous pour les agrandir et lire les l\u00e9gendes.<\/em><\/p>\n<!-- index.php -->\n<div\n\tclass=\"ngg-galleryoverview ngg-ajax-pagination-none\"\n\tid=\"ngg-gallery-522f8042dc1f66bbffc578cc82b59318-1\">\n\n    \t\t<!-- Thumbnails -->\n\t\t\t\t<div id=\"ngg-image-0\" class=\"ngg-gallery-thumbnail-box\" >\n\t\t\t\t        <div class=\"ngg-gallery-thumbnail\">\n            <a href=\"https:\/\/ecojardindesgrivauds.fr\/wp-content\/gallery\/2018_10_21-fin-des-haricots\/2018-10-16_16-28-24.jpg\"\n               title=\"R\u00e9colte de carottes pour l&#039;amap de Dompierre.\"\n               data-src=\"https:\/\/ecojardindesgrivauds.fr\/wp-content\/gallery\/2018_10_21-fin-des-haricots\/2018-10-16_16-28-24.jpg\"\n               data-thumbnail=\"https:\/\/ecojardindesgrivauds.fr\/wp-content\/gallery\/2018_10_21-fin-des-haricots\/thumbs\/thumbs_2018-10-16_16-28-24.jpg\"\n               data-image-id=\"476\"\n               data-title=\"2018-10-16_16-28-24\"\n               data-description=\"R\u00e9colte de carottes pour l&#039;amap de Dompierre.\"\n               data-image-slug=\"2018-10-16_16-28-24\"\n               class=\"ngg-fancybox\" rel=\"522f8042dc1f66bbffc578cc82b59318\">\n                <img\n                    title=\"2018-10-16_16-28-24\"\n                    alt=\"2018-10-16_16-28-24\"\n                    src=\"https:\/\/ecojardindesgrivauds.fr\/wp-content\/gallery\/2018_10_21-fin-des-haricots\/thumbs\/thumbs_2018-10-16_16-28-24.jpg\"\n                    width=\"240\"\n                    height=\"160\"\n                    style=\"max-width:100%;\"\n                \/>\n            <\/a>\n        <\/div>\n\t\t\t\t\t\t\t<\/div> \n\t\t\t\n        \n\t\t\t\t<div id=\"ngg-image-1\" class=\"ngg-gallery-thumbnail-box\" >\n\t\t\t\t        <div class=\"ngg-gallery-thumbnail\">\n            <a href=\"https:\/\/ecojardindesgrivauds.fr\/wp-content\/gallery\/2018_10_21-fin-des-haricots\/2018-10-17_16-02-17.jpg\"\n               title=\"R\u00e9colte de physalis : il y a ceux qui se planquent...\"\n               data-src=\"https:\/\/ecojardindesgrivauds.fr\/wp-content\/gallery\/2018_10_21-fin-des-haricots\/2018-10-17_16-02-17.jpg\"\n               data-thumbnail=\"https:\/\/ecojardindesgrivauds.fr\/wp-content\/gallery\/2018_10_21-fin-des-haricots\/thumbs\/thumbs_2018-10-17_16-02-17.jpg\"\n               data-image-id=\"477\"\n               data-title=\"2018-10-17_16-02-17\"\n               data-description=\"R\u00e9colte de physalis : il y a ceux qui se planquent...\"\n               data-image-slug=\"2018-10-17_16-02-17\"\n               class=\"ngg-fancybox\" rel=\"522f8042dc1f66bbffc578cc82b59318\">\n                <img\n                    title=\"2018-10-17_16-02-17\"\n                    alt=\"2018-10-17_16-02-17\"\n                    src=\"https:\/\/ecojardindesgrivauds.fr\/wp-content\/gallery\/2018_10_21-fin-des-haricots\/thumbs\/thumbs_2018-10-17_16-02-17.jpg\"\n                    width=\"240\"\n                    height=\"160\"\n                    style=\"max-width:100%;\"\n                \/>\n            <\/a>\n        <\/div>\n\t\t\t\t\t\t\t<\/div> \n\t\t\t\n        \n\t\t\t\t<div id=\"ngg-image-2\" class=\"ngg-gallery-thumbnail-box\" >\n\t\t\t\t        <div class=\"ngg-gallery-thumbnail\">\n            <a href=\"https:\/\/ecojardindesgrivauds.fr\/wp-content\/gallery\/2018_10_21-fin-des-haricots\/2018-10-17_16-02-44.jpg\"\n               title=\"... et ceux qui bossent ;-)\"\n               data-src=\"https:\/\/ecojardindesgrivauds.fr\/wp-content\/gallery\/2018_10_21-fin-des-haricots\/2018-10-17_16-02-44.jpg\"\n               data-thumbnail=\"https:\/\/ecojardindesgrivauds.fr\/wp-content\/gallery\/2018_10_21-fin-des-haricots\/thumbs\/thumbs_2018-10-17_16-02-44.jpg\"\n               data-image-id=\"478\"\n               data-title=\"2018-10-17_16-02-44\"\n               data-description=\"... et ceux qui bossent ;-)\"\n               data-image-slug=\"2018-10-17_16-02-44\"\n               class=\"ngg-fancybox\" rel=\"522f8042dc1f66bbffc578cc82b59318\">\n                <img\n                    title=\"2018-10-17_16-02-44\"\n                    alt=\"2018-10-17_16-02-44\"\n                    src=\"https:\/\/ecojardindesgrivauds.fr\/wp-content\/gallery\/2018_10_21-fin-des-haricots\/thumbs\/thumbs_2018-10-17_16-02-44.jpg\"\n                    width=\"240\"\n                    height=\"160\"\n                    style=\"max-width:100%;\"\n                \/>\n            <\/a>\n        <\/div>\n\t\t\t\t\t\t\t<\/div> \n\t\t\t\n        \n\t\t\t\t<div id=\"ngg-image-3\" class=\"ngg-gallery-thumbnail-box\" >\n\t\t\t\t        <div class=\"ngg-gallery-thumbnail\">\n            <a href=\"https:\/\/ecojardindesgrivauds.fr\/wp-content\/gallery\/2018_10_21-fin-des-haricots\/2018-10-19_09-24-43.jpg\"\n               title=\"Ils sont beaux nos choux-raves !\"\n               data-src=\"https:\/\/ecojardindesgrivauds.fr\/wp-content\/gallery\/2018_10_21-fin-des-haricots\/2018-10-19_09-24-43.jpg\"\n               data-thumbnail=\"https:\/\/ecojardindesgrivauds.fr\/wp-content\/gallery\/2018_10_21-fin-des-haricots\/thumbs\/thumbs_2018-10-19_09-24-43.jpg\"\n               data-image-id=\"480\"\n               data-title=\"2018-10-19_09-24-43\"\n               data-description=\"Ils sont beaux nos choux-raves !\"\n               data-image-slug=\"2018-10-19_09-24-43\"\n               class=\"ngg-fancybox\" rel=\"522f8042dc1f66bbffc578cc82b59318\">\n                <img\n                    title=\"2018-10-19_09-24-43\"\n                    alt=\"2018-10-19_09-24-43\"\n                    src=\"https:\/\/ecojardindesgrivauds.fr\/wp-content\/gallery\/2018_10_21-fin-des-haricots\/thumbs\/thumbs_2018-10-19_09-24-43.jpg\"\n                    width=\"240\"\n                    height=\"160\"\n                    style=\"max-width:100%;\"\n                \/>\n            <\/a>\n        <\/div>\n\t\t\t\t\t\t\t<\/div> \n\t\t\t\n        \n\t\t\t\t<div id=\"ngg-image-4\" class=\"ngg-gallery-thumbnail-box\" >\n\t\t\t\t        <div class=\"ngg-gallery-thumbnail\">\n            <a href=\"https:\/\/ecojardindesgrivauds.fr\/wp-content\/gallery\/2018_10_21-fin-des-haricots\/2018-10-19_15-26-06.jpg\"\n               title=\"On ne l\u00e9sine pas avec les salades pour le march\u00e9 de Vichy !\"\n               data-src=\"https:\/\/ecojardindesgrivauds.fr\/wp-content\/gallery\/2018_10_21-fin-des-haricots\/2018-10-19_15-26-06.jpg\"\n               data-thumbnail=\"https:\/\/ecojardindesgrivauds.fr\/wp-content\/gallery\/2018_10_21-fin-des-haricots\/thumbs\/thumbs_2018-10-19_15-26-06.jpg\"\n               data-image-id=\"482\"\n               data-title=\"2018-10-19_15-26-06\"\n               data-description=\"On ne l\u00e9sine pas avec les salades pour le march\u00e9 de Vichy !\"\n               data-image-slug=\"2018-10-19_15-26-06\"\n               class=\"ngg-fancybox\" rel=\"522f8042dc1f66bbffc578cc82b59318\">\n                <img\n                    title=\"2018-10-19_15-26-06\"\n                    alt=\"2018-10-19_15-26-06\"\n                    src=\"https:\/\/ecojardindesgrivauds.fr\/wp-content\/gallery\/2018_10_21-fin-des-haricots\/thumbs\/thumbs_2018-10-19_15-26-06.jpg\"\n                    width=\"240\"\n                    height=\"160\"\n                    style=\"max-width:100%;\"\n                \/>\n            <\/a>\n        <\/div>\n\t\t\t\t\t\t\t<\/div> \n\t\t\t\n        \n\t\t\t\t<div id=\"ngg-image-5\" class=\"ngg-gallery-thumbnail-box\" >\n\t\t\t\t        <div class=\"ngg-gallery-thumbnail\">\n            <a href=\"https:\/\/ecojardindesgrivauds.fr\/wp-content\/gallery\/2018_10_21-fin-des-haricots\/2018-10-20_17-13-18.jpg\"\n               title=\"Il y avait encore des concombres cette semaine sur cette planche ; on y trouvera des \u00e9pinards la semaine prochaine !\"\n               data-src=\"https:\/\/ecojardindesgrivauds.fr\/wp-content\/gallery\/2018_10_21-fin-des-haricots\/2018-10-20_17-13-18.jpg\"\n               data-thumbnail=\"https:\/\/ecojardindesgrivauds.fr\/wp-content\/gallery\/2018_10_21-fin-des-haricots\/thumbs\/thumbs_2018-10-20_17-13-18.jpg\"\n               data-image-id=\"485\"\n               data-title=\"2018-10-20_17-13-18\"\n               data-description=\"Il y avait encore des concombres cette semaine sur cette planche ; on y trouvera des \u00e9pinards la semaine prochaine !\"\n               data-image-slug=\"2018-10-20_17-13-18\"\n               class=\"ngg-fancybox\" rel=\"522f8042dc1f66bbffc578cc82b59318\">\n                <img\n                    title=\"2018-10-20_17-13-18\"\n                    alt=\"2018-10-20_17-13-18\"\n                    src=\"https:\/\/ecojardindesgrivauds.fr\/wp-content\/gallery\/2018_10_21-fin-des-haricots\/thumbs\/thumbs_2018-10-20_17-13-18.jpg\"\n                    width=\"240\"\n                    height=\"160\"\n                    style=\"max-width:100%;\"\n                \/>\n            <\/a>\n        <\/div>\n\t\t\t\t\t\t\t<\/div> \n\t\t\t\n        \n\t\t\t\t<div id=\"ngg-image-6\" class=\"ngg-gallery-thumbnail-box\" >\n\t\t\t\t        <div class=\"ngg-gallery-thumbnail\">\n            <a href=\"https:\/\/ecojardindesgrivauds.fr\/wp-content\/gallery\/2018_10_21-fin-des-haricots\/2018-10-19_16-34-59.jpg\"\n               title=\"Quenelle nous explique qu&#039;elle se sent un peu en carence de vitamines A et C en ce moment et que c&#039;est pourquoi elle appr\u00e9cierait de pouvoir go\u00fbter \u00e0 notre m\u00e2che.\"\n               data-src=\"https:\/\/ecojardindesgrivauds.fr\/wp-content\/gallery\/2018_10_21-fin-des-haricots\/2018-10-19_16-34-59.jpg\"\n               data-thumbnail=\"https:\/\/ecojardindesgrivauds.fr\/wp-content\/gallery\/2018_10_21-fin-des-haricots\/thumbs\/thumbs_2018-10-19_16-34-59.jpg\"\n               data-image-id=\"483\"\n               data-title=\"2018-10-19_16-34-59\"\n               data-description=\"Quenelle nous explique qu&#039;elle se sent un peu en carence de vitamines A et C en ce moment et que c&#039;est pourquoi elle appr\u00e9cierait de pouvoir go\u00fbter \u00e0 notre m\u00e2che.\"\n               data-image-slug=\"2018-10-19_16-34-59\"\n               class=\"ngg-fancybox\" rel=\"522f8042dc1f66bbffc578cc82b59318\">\n                <img\n                    title=\"2018-10-19_16-34-59\"\n                    alt=\"2018-10-19_16-34-59\"\n                    src=\"https:\/\/ecojardindesgrivauds.fr\/wp-content\/gallery\/2018_10_21-fin-des-haricots\/thumbs\/thumbs_2018-10-19_16-34-59.jpg\"\n                    width=\"240\"\n                    height=\"160\"\n                    style=\"max-width:100%;\"\n                \/>\n            <\/a>\n        <\/div>\n\t\t\t\t\t\t\t<\/div> \n\t\t\t\n        \n\t\t\t\t<div id=\"ngg-image-7\" class=\"ngg-gallery-thumbnail-box\" >\n\t\t\t\t        <div class=\"ngg-gallery-thumbnail\">\n            <a href=\"https:\/\/ecojardindesgrivauds.fr\/wp-content\/gallery\/2018_10_21-fin-des-haricots\/2018-10-18_08-14-04.jpg\"\n               title=\"Lever de soleil dans le champ\"\n               data-src=\"https:\/\/ecojardindesgrivauds.fr\/wp-content\/gallery\/2018_10_21-fin-des-haricots\/2018-10-18_08-14-04.jpg\"\n               data-thumbnail=\"https:\/\/ecojardindesgrivauds.fr\/wp-content\/gallery\/2018_10_21-fin-des-haricots\/thumbs\/thumbs_2018-10-18_08-14-04.jpg\"\n               data-image-id=\"479\"\n               data-title=\"2018-10-18_08-14-04\"\n               data-description=\"Lever de soleil dans le champ\"\n               data-image-slug=\"2018-10-18_08-14-04\"\n               class=\"ngg-fancybox\" rel=\"522f8042dc1f66bbffc578cc82b59318\">\n                <img\n                    title=\"2018-10-18_08-14-04\"\n                    alt=\"2018-10-18_08-14-04\"\n                    src=\"https:\/\/ecojardindesgrivauds.fr\/wp-content\/gallery\/2018_10_21-fin-des-haricots\/thumbs\/thumbs_2018-10-18_08-14-04.jpg\"\n                    width=\"240\"\n                    height=\"160\"\n                    style=\"max-width:100%;\"\n                \/>\n            <\/a>\n        <\/div>\n\t\t\t\t\t\t\t<\/div> \n\t\t\t\n        \n\t\t\t\t<div id=\"ngg-image-8\" class=\"ngg-gallery-thumbnail-box\" >\n\t\t\t\t        <div class=\"ngg-gallery-thumbnail\">\n            <a href=\"https:\/\/ecojardindesgrivauds.fr\/wp-content\/gallery\/2018_10_21-fin-des-haricots\/2018-10-18_08-38-03.jpg\"\n               title=\"Un ruban de pigeons pendant le rush de vendredi.\"\n               data-src=\"https:\/\/ecojardindesgrivauds.fr\/wp-content\/gallery\/2018_10_21-fin-des-haricots\/2018-10-18_08-38-03.jpg\"\n               data-thumbnail=\"https:\/\/ecojardindesgrivauds.fr\/wp-content\/gallery\/2018_10_21-fin-des-haricots\/thumbs\/thumbs_2018-10-18_08-38-03.jpg\"\n               data-image-id=\"481\"\n               data-title=\"2018-10-18_08-38-03\"\n               data-description=\"Un ruban de pigeons pendant le rush de vendredi.\"\n               data-image-slug=\"2018-10-18_08-38-03\"\n               class=\"ngg-fancybox\" rel=\"522f8042dc1f66bbffc578cc82b59318\">\n                <img\n                    title=\"2018-10-18_08-38-03\"\n                    alt=\"2018-10-18_08-38-03\"\n                    src=\"https:\/\/ecojardindesgrivauds.fr\/wp-content\/gallery\/2018_10_21-fin-des-haricots\/thumbs\/thumbs_2018-10-18_08-38-03.jpg\"\n                    width=\"240\"\n                    height=\"160\"\n                    style=\"max-width:100%;\"\n                \/>\n            <\/a>\n        <\/div>\n\t\t\t\t\t\t\t<\/div> \n\t\t\t\n        \n\t\t\t\t<div id=\"ngg-image-9\" class=\"ngg-gallery-thumbnail-box\" >\n\t\t\t\t        <div class=\"ngg-gallery-thumbnail\">\n            <a href=\"https:\/\/ecojardindesgrivauds.fr\/wp-content\/gallery\/2018_10_21-fin-des-haricots\/2018-10-16_16-26-50.jpg\"\n               title=\"Chenille de papillon Machaon\"\n               data-src=\"https:\/\/ecojardindesgrivauds.fr\/wp-content\/gallery\/2018_10_21-fin-des-haricots\/2018-10-16_16-26-50.jpg\"\n               data-thumbnail=\"https:\/\/ecojardindesgrivauds.fr\/wp-content\/gallery\/2018_10_21-fin-des-haricots\/thumbs\/thumbs_2018-10-16_16-26-50.jpg\"\n               data-image-id=\"475\"\n               data-title=\"2018-10-16_16-26-50\"\n               data-description=\"Chenille de papillon Machaon\"\n               data-image-slug=\"2018-10-16_16-26-50\"\n               class=\"ngg-fancybox\" rel=\"522f8042dc1f66bbffc578cc82b59318\">\n                <img\n                    title=\"2018-10-16_16-26-50\"\n                    alt=\"2018-10-16_16-26-50\"\n                    src=\"https:\/\/ecojardindesgrivauds.fr\/wp-content\/gallery\/2018_10_21-fin-des-haricots\/thumbs\/thumbs_2018-10-16_16-26-50.jpg\"\n                    width=\"240\"\n                    height=\"160\"\n                    style=\"max-width:100%;\"\n                \/>\n            <\/a>\n        <\/div>\n\t\t\t\t\t\t\t<\/div> \n\t\t\t\n        \n\t\t\n\t\t<!-- Pagination -->\n\t<div class='ngg-clear'><\/div>\t<\/div>\n\n","protected":false},"excerpt":{"rendered":"<p>M\u00eame si l&rsquo;\u00e9t\u00e9 a vraiment jou\u00e9 les prolongations cette ann\u00e9e, il y a un moment donn\u00e9 o\u00f9 il faut bien admettre que les meilleures choses ont une fin. Il y a deux semaines, sur le march\u00e9 de Vichy, on annon\u00e7ait d\u00e9j\u00e0 la fin des l\u00e9gumes d&rsquo;\u00e9t\u00e9. Mais, hier, notre stand battait de nouveaux records de &hellip; <\/p>\n<p class=\"link-more\"><a href=\"https:\/\/ecojardindesgrivauds.fr\/?p=1897\" class=\"more-link\">Continuer la lecture<span class=\"screen-reader-text\"> de &laquo;&nbsp;C&rsquo;est la fin des haricots !&nbsp;&raquo;<\/span><\/a><\/p>\n","protected":false},"author":1,"featured_media":0,"comment_status":"open","ping_status":"open","sticky":false,"template":"","format":"standard","meta":{"ngg_post_thumbnail":0},"categories":[1],"tags":[],"_links":{"self":[{"href":"https:\/\/ecojardindesgrivauds.fr\/index.php?rest_route=\/wp\/v2\/posts\/1897"}],"collection":[{"href":"https:\/\/ecojardindesgrivauds.fr\/index.php?rest_route=\/wp\/v2\/posts"}],"about":[{"href":"https:\/\/ecojardindesgrivauds.fr\/index.php?rest_route=\/wp\/v2\/types\/post"}],"author":[{"embeddable":true,"href":"https:\/\/ecojardindesgrivauds.fr\/index.php?rest_route=\/wp\/v2\/users\/1"}],"replies":[{"embeddable":true,"href":"https:\/\/ecojardindesgrivauds.fr\/index.php?rest_route=%2Fwp%2Fv2%2Fcomments&post=1897"}],"version-history":[{"count":2,"href":"https:\/\/ecojardindesgrivauds.fr\/index.php?rest_route=\/wp\/v2\/posts\/1897\/revisions"}],"predecessor-version":[{"id":1936,"href":"https:\/\/ecojardindesgrivauds.fr\/index.php?rest_route=\/wp\/v2\/posts\/1897\/revisions\/1936"}],"wp:attachment":[{"href":"https:\/\/ecojardindesgrivauds.fr\/index.php?rest_route=%2Fwp%2Fv2%2Fmedia&parent=1897"}],"wp:term":[{"taxonomy":"category","embeddable":true,"href":"https:\/\/ecojardindesgrivauds.fr\/index.php?rest_route=%2Fwp%2Fv2%2Fcategories&post=1897"},{"taxonomy":"post_tag","embeddable":true,"href":"https:\/\/ecojardindesgrivauds.fr\/index.php?rest_route=%2Fwp%2Fv2%2Ftags&post=1897"}],"curies":[{"name":"wp","href":"https:\/\/api.w.org\/{rel}","templated":true}]}}