{"id":1937,"date":"2018-10-28T08:29:30","date_gmt":"2018-10-28T07:29:30","guid":{"rendered":"http:\/\/ecojardindesgrivauds.fr\/?p=1937"},"modified":"2018-10-28T08:29:30","modified_gmt":"2018-10-28T07:29:30","slug":"ciao-secheresse","status":"publish","type":"post","link":"https:\/\/ecojardindesgrivauds.fr\/?p=1937","title":{"rendered":"Ciao s\u00e9cheresse !"},"content":{"rendered":"<figure id=\"attachment_1949\" aria-describedby=\"caption-attachment-1949\" style=\"width: 525px\" class=\"wp-caption aligncenter\"><a href=\"http:\/\/ecojardindesgrivauds.fr\/wp-content\/uploads\/2018\/10\/2018-10-27_17-28-57.jpg\"><img decoding=\"async\" loading=\"lazy\" class=\"wp-image-1949 size-large\" src=\"http:\/\/ecojardindesgrivauds.fr\/wp-content\/uploads\/2018\/10\/2018-10-27_17-28-57-1024x575.jpg\" alt=\"\" width=\"525\" height=\"295\" srcset=\"https:\/\/ecojardindesgrivauds.fr\/wp-content\/uploads\/2018\/10\/2018-10-27_17-28-57.jpg 1024w, https:\/\/ecojardindesgrivauds.fr\/wp-content\/uploads\/2018\/10\/2018-10-27_17-28-57-300x168.jpg 300w, https:\/\/ecojardindesgrivauds.fr\/wp-content\/uploads\/2018\/10\/2018-10-27_17-28-57-768x431.jpg 768w\" sizes=\"(max-width: 525px) 100vw, 525px\" \/><\/a><figcaption id=\"caption-attachment-1949\" class=\"wp-caption-text\">De Bob \u00e0 Quenelle : \u00abNe t&rsquo;inqui\u00e8te pas, avec la pluie, l&rsquo;herbe devrait reverdir un peu..\u00bb<\/figcaption><\/figure>\n<p>La s\u00e9cheresse qui s&rsquo;est install\u00e9e chez nous vers le 20 juin semble enfin prendre des cong\u00e9s. On aura donc v\u00e9cu plus de 4 mois tr\u00e8s chauds, tr\u00e8s lumineux et tr\u00e8s secs. Les quelques \u00e9pisodes orageux de l&rsquo;\u00e9t\u00e9 sont presque toujours pass\u00e9s au large et il nous a fallu arroser en permanence. Le bilan provisoire de cette (longue) s\u00e9quence est malgr\u00e9 tout plut\u00f4t positif pour nous : partout o\u00f9 on a r\u00e9ussi \u00e0 maintenir le sol humide, les rendements ont \u00e9t\u00e9 bons et m\u00eame les cultures implant\u00e9es tardivement ont fini par d\u00e9coller &#8211; on pense aux choux-fleurs et aux brocolis qu&rsquo;on a plant\u00e9s mi-ao\u00fbt et qui nous font la surprise de nous offrir de jolies fleurs. Par contre, l\u00e0 o\u00f9 l&rsquo;arrosage \u00e9tait insuffisant et que les sols \u00e9taient un peu trop enherb\u00e9s (maudite potentille !), les cultures sont \u00e0 la peine : les betteraves, les c\u00e9leris raves et les poireaux d&rsquo;automne sont rest\u00e9s petits. Ne d\u00e9sesp\u00e9rons pas encore : si les temp\u00e9ratures remontent apr\u00e8s la vague de pluie annonc\u00e9e, alors il pourrait y avoir un dernier sursaut.<\/p>\n<figure id=\"attachment_1940\" aria-describedby=\"caption-attachment-1940\" style=\"width: 300px\" class=\"wp-caption alignleft\"><a href=\"http:\/\/ecojardindesgrivauds.fr\/wp-content\/uploads\/2018\/10\/2018-10-23_17-22-44.jpg\"><img decoding=\"async\" loading=\"lazy\" class=\"wp-image-1940 size-medium\" src=\"http:\/\/ecojardindesgrivauds.fr\/wp-content\/uploads\/2018\/10\/2018-10-23_17-22-44-300x225.jpg\" alt=\"\" width=\"300\" height=\"225\" srcset=\"https:\/\/ecojardindesgrivauds.fr\/wp-content\/uploads\/2018\/10\/2018-10-23_17-22-44-300x225.jpg 300w, https:\/\/ecojardindesgrivauds.fr\/wp-content\/uploads\/2018\/10\/2018-10-23_17-22-44-768x576.jpg 768w, https:\/\/ecojardindesgrivauds.fr\/wp-content\/uploads\/2018\/10\/2018-10-23_17-22-44.jpg 1024w\" sizes=\"(max-width: 300px) 100vw, 300px\" \/><\/a><figcaption id=\"caption-attachment-1940\" class=\"wp-caption-text\">Sur cette planche, on a r\u00e9colt\u00e9 en d\u00e9but de semaine les derni\u00e8res tomates jaunes (les fameuses Earl of Edge Comb). Au printemps, on y r\u00e9coltera des oignons nouveaux.<\/figcaption><\/figure>\n<p>La semaine a \u00e9t\u00e9 principalement consacr\u00e9e \u00e0 l&rsquo;implantation des cultures sous serre pour l&rsquo;hiver. La derni\u00e8re s\u00e9rie d&rsquo;\u00e9pinards est plant\u00e9e, les oignons blancs aussi. Les planches de tomates sont d\u00e9sinstall\u00e9es, d\u00e9sherb\u00e9es et broy\u00e9es. Pour les planches les plus \u00ab\u00a0sales\u00a0\u00bb (o\u00f9 les potentilles, les renoncules et\/ou le liseron se sont le plus implant\u00e9s), on ne tergiverse pas : on ouvre la paille et on retire toutes les adventices (\u00e0 la main ou au s\u00e9cateur). C&rsquo;est tr\u00e8s laborieux mais on est persuad\u00e9s que \u00e7a nous fera gagner beaucoup de temps au printemps.<\/p>\n<p>\u00c0 la semaine prochaine !<\/p>\n<p><em>Cliquez sur les photos ci-dessous pour les agrandir et lire les l\u00e9gendes.<\/em><\/p>\n<!-- index.php -->\n<div\n\tclass=\"ngg-galleryoverview ngg-ajax-pagination-none\"\n\tid=\"ngg-gallery-5b9f7987aec647d0399fa4a57213f86c-1\">\n\n    \t\t<!-- Thumbnails -->\n\t\t\t\t<div id=\"ngg-image-0\" class=\"ngg-gallery-thumbnail-box\" >\n\t\t\t\t        <div class=\"ngg-gallery-thumbnail\">\n            <a href=\"https:\/\/ecojardindesgrivauds.fr\/wp-content\/gallery\/2018_10_28-fin-de-la-secheresse\/2018-10-22_10-26-28.jpg\"\n               title=\"Semis de m\u00e2che\"\n               data-src=\"https:\/\/ecojardindesgrivauds.fr\/wp-content\/gallery\/2018_10_28-fin-de-la-secheresse\/2018-10-22_10-26-28.jpg\"\n               data-thumbnail=\"https:\/\/ecojardindesgrivauds.fr\/wp-content\/gallery\/2018_10_28-fin-de-la-secheresse\/thumbs\/thumbs_2018-10-22_10-26-28.jpg\"\n               data-image-id=\"486\"\n               data-title=\"2018-10-22_10-26-28\"\n               data-description=\"Semis de m\u00e2che\"\n               data-image-slug=\"2018-10-22_10-26-28\"\n               class=\"ngg-fancybox\" rel=\"5b9f7987aec647d0399fa4a57213f86c\">\n                <img\n                    title=\"2018-10-22_10-26-28\"\n                    alt=\"2018-10-22_10-26-28\"\n                    src=\"https:\/\/ecojardindesgrivauds.fr\/wp-content\/gallery\/2018_10_28-fin-de-la-secheresse\/thumbs\/thumbs_2018-10-22_10-26-28.jpg\"\n                    width=\"240\"\n                    height=\"160\"\n                    style=\"max-width:100%;\"\n                \/>\n            <\/a>\n        <\/div>\n\t\t\t\t\t\t\t<\/div> \n\t\t\t\n        \n\t\t\t\t<div id=\"ngg-image-1\" class=\"ngg-gallery-thumbnail-box\" >\n\t\t\t\t        <div class=\"ngg-gallery-thumbnail\">\n            <a href=\"https:\/\/ecojardindesgrivauds.fr\/wp-content\/gallery\/2018_10_28-fin-de-la-secheresse\/2018-10-22_10-26-42.jpg\"\n               title=\"Semis de m\u00e2che\"\n               data-src=\"https:\/\/ecojardindesgrivauds.fr\/wp-content\/gallery\/2018_10_28-fin-de-la-secheresse\/2018-10-22_10-26-42.jpg\"\n               data-thumbnail=\"https:\/\/ecojardindesgrivauds.fr\/wp-content\/gallery\/2018_10_28-fin-de-la-secheresse\/thumbs\/thumbs_2018-10-22_10-26-42.jpg\"\n               data-image-id=\"496\"\n               data-title=\"2018-10-22_10-26-42\"\n               data-description=\"Semis de m\u00e2che\"\n               data-image-slug=\"2018-10-22_10-26-42\"\n               class=\"ngg-fancybox\" rel=\"5b9f7987aec647d0399fa4a57213f86c\">\n                <img\n                    title=\"2018-10-22_10-26-42\"\n                    alt=\"2018-10-22_10-26-42\"\n                    src=\"https:\/\/ecojardindesgrivauds.fr\/wp-content\/gallery\/2018_10_28-fin-de-la-secheresse\/thumbs\/thumbs_2018-10-22_10-26-42.jpg\"\n                    width=\"240\"\n                    height=\"160\"\n                    style=\"max-width:100%;\"\n                \/>\n            <\/a>\n        <\/div>\n\t\t\t\t\t\t\t<\/div> \n\t\t\t\n        \n\t\t\t\t<div id=\"ngg-image-2\" class=\"ngg-gallery-thumbnail-box\" >\n\t\t\t\t        <div class=\"ngg-gallery-thumbnail\">\n            <a href=\"https:\/\/ecojardindesgrivauds.fr\/wp-content\/gallery\/2018_10_28-fin-de-la-secheresse\/2018-10-23_14-02-00.jpg\"\n               title=\"Plantation d&#039;\u00e9pinards\"\n               data-src=\"https:\/\/ecojardindesgrivauds.fr\/wp-content\/gallery\/2018_10_28-fin-de-la-secheresse\/2018-10-23_14-02-00.jpg\"\n               data-thumbnail=\"https:\/\/ecojardindesgrivauds.fr\/wp-content\/gallery\/2018_10_28-fin-de-la-secheresse\/thumbs\/thumbs_2018-10-23_14-02-00.jpg\"\n               data-image-id=\"487\"\n               data-title=\"2018-10-23_14-02-00\"\n               data-description=\"Plantation d&#039;\u00e9pinards\"\n               data-image-slug=\"2018-10-23_14-02-00\"\n               class=\"ngg-fancybox\" rel=\"5b9f7987aec647d0399fa4a57213f86c\">\n                <img\n                    title=\"2018-10-23_14-02-00\"\n                    alt=\"2018-10-23_14-02-00\"\n                    src=\"https:\/\/ecojardindesgrivauds.fr\/wp-content\/gallery\/2018_10_28-fin-de-la-secheresse\/thumbs\/thumbs_2018-10-23_14-02-00.jpg\"\n                    width=\"240\"\n                    height=\"160\"\n                    style=\"max-width:100%;\"\n                \/>\n            <\/a>\n        <\/div>\n\t\t\t\t\t\t\t<\/div> \n\t\t\t\n        \n\t\t\t\t<div id=\"ngg-image-3\" class=\"ngg-gallery-thumbnail-box\" >\n\t\t\t\t        <div class=\"ngg-gallery-thumbnail\">\n            <a href=\"https:\/\/ecojardindesgrivauds.fr\/wp-content\/gallery\/2018_10_28-fin-de-la-secheresse\/2018-10-27_17-20-24.jpg\"\n               title=\"Toute la serre est plant\u00e9e  !\"\n               data-src=\"https:\/\/ecojardindesgrivauds.fr\/wp-content\/gallery\/2018_10_28-fin-de-la-secheresse\/2018-10-27_17-20-24.jpg\"\n               data-thumbnail=\"https:\/\/ecojardindesgrivauds.fr\/wp-content\/gallery\/2018_10_28-fin-de-la-secheresse\/thumbs\/thumbs_2018-10-27_17-20-24.jpg\"\n               data-image-id=\"493\"\n               data-title=\"2018-10-27_17-20-24\"\n               data-description=\"Toute la serre est plant\u00e9e  !\"\n               data-image-slug=\"2018-10-27_17-20-24\"\n               class=\"ngg-fancybox\" rel=\"5b9f7987aec647d0399fa4a57213f86c\">\n                <img\n                    title=\"2018-10-27_17-20-24\"\n                    alt=\"2018-10-27_17-20-24\"\n                    src=\"https:\/\/ecojardindesgrivauds.fr\/wp-content\/gallery\/2018_10_28-fin-de-la-secheresse\/thumbs\/thumbs_2018-10-27_17-20-24.jpg\"\n                    width=\"240\"\n                    height=\"160\"\n                    style=\"max-width:100%;\"\n                \/>\n            <\/a>\n        <\/div>\n\t\t\t\t\t\t\t<\/div> \n\t\t\t\n        \n\t\t\t\t<div id=\"ngg-image-4\" class=\"ngg-gallery-thumbnail-box\" >\n\t\t\t\t        <div class=\"ngg-gallery-thumbnail\">\n            <a href=\"https:\/\/ecojardindesgrivauds.fr\/wp-content\/gallery\/2018_10_28-fin-de-la-secheresse\/2018-10-27_14-34-18.jpg\"\n               title=\"De gauche \u00e0 droite : poivrons (\u00e0 d\u00e9sinstaller la semaine prochaine), blettes, oignons blancs et mesclun.\"\n               data-src=\"https:\/\/ecojardindesgrivauds.fr\/wp-content\/gallery\/2018_10_28-fin-de-la-secheresse\/2018-10-27_14-34-18.jpg\"\n               data-thumbnail=\"https:\/\/ecojardindesgrivauds.fr\/wp-content\/gallery\/2018_10_28-fin-de-la-secheresse\/thumbs\/thumbs_2018-10-27_14-34-18.jpg\"\n               data-image-id=\"491\"\n               data-title=\"2018-10-27_14-34-18\"\n               data-description=\"De gauche \u00e0 droite : poivrons (\u00e0 d\u00e9sinstaller la semaine prochaine), blettes, oignons blancs et mesclun.\"\n               data-image-slug=\"2018-10-27_14-34-18\"\n               class=\"ngg-fancybox\" rel=\"5b9f7987aec647d0399fa4a57213f86c\">\n                <img\n                    title=\"2018-10-27_14-34-18\"\n                    alt=\"2018-10-27_14-34-18\"\n                    src=\"https:\/\/ecojardindesgrivauds.fr\/wp-content\/gallery\/2018_10_28-fin-de-la-secheresse\/thumbs\/thumbs_2018-10-27_14-34-18.jpg\"\n                    width=\"240\"\n                    height=\"160\"\n                    style=\"max-width:100%;\"\n                \/>\n            <\/a>\n        <\/div>\n\t\t\t\t\t\t\t<\/div> \n\t\t\t\n        \n\t\t\t\t<div id=\"ngg-image-5\" class=\"ngg-gallery-thumbnail-box\" >\n\t\t\t\t        <div class=\"ngg-gallery-thumbnail\">\n            <a href=\"https:\/\/ecojardindesgrivauds.fr\/wp-content\/gallery\/2018_10_28-fin-de-la-secheresse\/2018-10-27_17-23-08.jpg\"\n               title=\"Une s\u00e9rie de salades sous serre d\u00e9j\u00e0 bien app\u00e9tissante !\"\n               data-src=\"https:\/\/ecojardindesgrivauds.fr\/wp-content\/gallery\/2018_10_28-fin-de-la-secheresse\/2018-10-27_17-23-08.jpg\"\n               data-thumbnail=\"https:\/\/ecojardindesgrivauds.fr\/wp-content\/gallery\/2018_10_28-fin-de-la-secheresse\/thumbs\/thumbs_2018-10-27_17-23-08.jpg\"\n               data-image-id=\"494\"\n               data-title=\"2018-10-27_17-23-08\"\n               data-description=\"Une s\u00e9rie de salades sous serre d\u00e9j\u00e0 bien app\u00e9tissante !\"\n               data-image-slug=\"2018-10-27_17-23-08\"\n               class=\"ngg-fancybox\" rel=\"5b9f7987aec647d0399fa4a57213f86c\">\n                <img\n                    title=\"2018-10-27_17-23-08\"\n                    alt=\"2018-10-27_17-23-08\"\n                    src=\"https:\/\/ecojardindesgrivauds.fr\/wp-content\/gallery\/2018_10_28-fin-de-la-secheresse\/thumbs\/thumbs_2018-10-27_17-23-08.jpg\"\n                    width=\"240\"\n                    height=\"160\"\n                    style=\"max-width:100%;\"\n                \/>\n            <\/a>\n        <\/div>\n\t\t\t\t\t\t\t<\/div> \n\t\t\t\n        \n\t\t\t\t<div id=\"ngg-image-6\" class=\"ngg-gallery-thumbnail-box\" >\n\t\t\t\t        <div class=\"ngg-gallery-thumbnail\">\n            <a href=\"https:\/\/ecojardindesgrivauds.fr\/wp-content\/gallery\/2018_10_28-fin-de-la-secheresse\/2018-10-27_17-26-57.jpg\"\n               title=\"Depuis qu&#039;on a plant\u00e9 les \u00e9pinards et les oignons, on circule un peu mieux dans la serre \u00e0 plants.\"\n               data-src=\"https:\/\/ecojardindesgrivauds.fr\/wp-content\/gallery\/2018_10_28-fin-de-la-secheresse\/2018-10-27_17-26-57.jpg\"\n               data-thumbnail=\"https:\/\/ecojardindesgrivauds.fr\/wp-content\/gallery\/2018_10_28-fin-de-la-secheresse\/thumbs\/thumbs_2018-10-27_17-26-57.jpg\"\n               data-image-id=\"495\"\n               data-title=\"2018-10-27_17-26-57\"\n               data-description=\"Depuis qu&#039;on a plant\u00e9 les \u00e9pinards et les oignons, on circule un peu mieux dans la serre \u00e0 plants.\"\n               data-image-slug=\"2018-10-27_17-26-57\"\n               class=\"ngg-fancybox\" rel=\"5b9f7987aec647d0399fa4a57213f86c\">\n                <img\n                    title=\"2018-10-27_17-26-57\"\n                    alt=\"2018-10-27_17-26-57\"\n                    src=\"https:\/\/ecojardindesgrivauds.fr\/wp-content\/gallery\/2018_10_28-fin-de-la-secheresse\/thumbs\/thumbs_2018-10-27_17-26-57.jpg\"\n                    width=\"240\"\n                    height=\"160\"\n                    style=\"max-width:100%;\"\n                \/>\n            <\/a>\n        <\/div>\n\t\t\t\t\t\t\t<\/div> \n\t\t\t\n        \n\t\t\t\t<div id=\"ngg-image-7\" class=\"ngg-gallery-thumbnail-box\" >\n\t\t\t\t        <div class=\"ngg-gallery-thumbnail\">\n            <a href=\"https:\/\/ecojardindesgrivauds.fr\/wp-content\/gallery\/2018_10_28-fin-de-la-secheresse\/2018-10-27_14-36-58.jpg\"\n               title=\"Ramsmouth voulait juste prendre de la hauteur pour regarder la m\u00e2che pousser...\"\n               data-src=\"https:\/\/ecojardindesgrivauds.fr\/wp-content\/gallery\/2018_10_28-fin-de-la-secheresse\/2018-10-27_14-36-58.jpg\"\n               data-thumbnail=\"https:\/\/ecojardindesgrivauds.fr\/wp-content\/gallery\/2018_10_28-fin-de-la-secheresse\/thumbs\/thumbs_2018-10-27_14-36-58.jpg\"\n               data-image-id=\"492\"\n               data-title=\"2018-10-27_14-36-58\"\n               data-description=\"Ramsmouth voulait juste prendre de la hauteur pour regarder la m\u00e2che pousser...\"\n               data-image-slug=\"2018-10-27_14-36-58\"\n               class=\"ngg-fancybox\" rel=\"5b9f7987aec647d0399fa4a57213f86c\">\n                <img\n                    title=\"2018-10-27_14-36-58\"\n                    alt=\"2018-10-27_14-36-58\"\n                    src=\"https:\/\/ecojardindesgrivauds.fr\/wp-content\/gallery\/2018_10_28-fin-de-la-secheresse\/thumbs\/thumbs_2018-10-27_14-36-58.jpg\"\n                    width=\"240\"\n                    height=\"160\"\n                    style=\"max-width:100%;\"\n                \/>\n            <\/a>\n        <\/div>\n\t\t\t\t\t\t\t<\/div> \n\t\t\t\n        \n\t\t\t\t<div id=\"ngg-image-8\" class=\"ngg-gallery-thumbnail-box\" >\n\t\t\t\t        <div class=\"ngg-gallery-thumbnail\">\n            <a href=\"https:\/\/ecojardindesgrivauds.fr\/wp-content\/gallery\/2018_10_28-fin-de-la-secheresse\/2018-10-25_16-15-52.jpg\"\n               title=\"Un b\u00e9b\u00e9 triton trouv\u00e9 par Alexandra\"\n               data-src=\"https:\/\/ecojardindesgrivauds.fr\/wp-content\/gallery\/2018_10_28-fin-de-la-secheresse\/2018-10-25_16-15-52.jpg\"\n               data-thumbnail=\"https:\/\/ecojardindesgrivauds.fr\/wp-content\/gallery\/2018_10_28-fin-de-la-secheresse\/thumbs\/thumbs_2018-10-25_16-15-52.jpg\"\n               data-image-id=\"489\"\n               data-title=\"2018-10-25_16-15-52\"\n               data-description=\"Un b\u00e9b\u00e9 triton trouv\u00e9 par Alexandra\"\n               data-image-slug=\"2018-10-25_16-15-52\"\n               class=\"ngg-fancybox\" rel=\"5b9f7987aec647d0399fa4a57213f86c\">\n                <img\n                    title=\"2018-10-25_16-15-52\"\n                    alt=\"2018-10-25_16-15-52\"\n                    src=\"https:\/\/ecojardindesgrivauds.fr\/wp-content\/gallery\/2018_10_28-fin-de-la-secheresse\/thumbs\/thumbs_2018-10-25_16-15-52.jpg\"\n                    width=\"240\"\n                    height=\"160\"\n                    style=\"max-width:100%;\"\n                \/>\n            <\/a>\n        <\/div>\n\t\t\t\t\t\t\t<\/div> \n\t\t\t\n        \n\t\t\t\t<div id=\"ngg-image-9\" class=\"ngg-gallery-thumbnail-box\" >\n\t\t\t\t        <div class=\"ngg-gallery-thumbnail\">\n            <a href=\"https:\/\/ecojardindesgrivauds.fr\/wp-content\/gallery\/2018_10_28-fin-de-la-secheresse\/2018-10-25_17-46-07.jpg\"\n               title=\"Crapaud commun\"\n               data-src=\"https:\/\/ecojardindesgrivauds.fr\/wp-content\/gallery\/2018_10_28-fin-de-la-secheresse\/2018-10-25_17-46-07.jpg\"\n               data-thumbnail=\"https:\/\/ecojardindesgrivauds.fr\/wp-content\/gallery\/2018_10_28-fin-de-la-secheresse\/thumbs\/thumbs_2018-10-25_17-46-07.jpg\"\n               data-image-id=\"490\"\n               data-title=\"2018-10-25_17-46-07\"\n               data-description=\"Crapaud commun\"\n               data-image-slug=\"2018-10-25_17-46-07\"\n               class=\"ngg-fancybox\" rel=\"5b9f7987aec647d0399fa4a57213f86c\">\n                <img\n                    title=\"2018-10-25_17-46-07\"\n                    alt=\"2018-10-25_17-46-07\"\n                    src=\"https:\/\/ecojardindesgrivauds.fr\/wp-content\/gallery\/2018_10_28-fin-de-la-secheresse\/thumbs\/thumbs_2018-10-25_17-46-07.jpg\"\n                    width=\"240\"\n                    height=\"160\"\n                    style=\"max-width:100%;\"\n                \/>\n            <\/a>\n        <\/div>\n\t\t\t\t\t\t\t<\/div> \n\t\t\t\n        \n\t\t\t\t<div id=\"ngg-image-10\" class=\"ngg-gallery-thumbnail-box\" >\n\t\t\t\t        <div class=\"ngg-gallery-thumbnail\">\n            <a href=\"https:\/\/ecojardindesgrivauds.fr\/wp-content\/gallery\/2018_10_28-fin-de-la-secheresse\/2018-10-23_18-08-05.jpg\"\n               title=\"Les pucerons sont de retour dans notre jardin : les coccinelles font des heures sup&#039;...\"\n               data-src=\"https:\/\/ecojardindesgrivauds.fr\/wp-content\/gallery\/2018_10_28-fin-de-la-secheresse\/2018-10-23_18-08-05.jpg\"\n               data-thumbnail=\"https:\/\/ecojardindesgrivauds.fr\/wp-content\/gallery\/2018_10_28-fin-de-la-secheresse\/thumbs\/thumbs_2018-10-23_18-08-05.jpg\"\n               data-image-id=\"488\"\n               data-title=\"2018-10-23_18-08-05\"\n               data-description=\"Les pucerons sont de retour dans notre jardin : les coccinelles font des heures sup&#039;...\"\n               data-image-slug=\"2018-10-23_18-08-05\"\n               class=\"ngg-fancybox\" rel=\"5b9f7987aec647d0399fa4a57213f86c\">\n                <img\n                    title=\"2018-10-23_18-08-05\"\n                    alt=\"2018-10-23_18-08-05\"\n                    src=\"https:\/\/ecojardindesgrivauds.fr\/wp-content\/gallery\/2018_10_28-fin-de-la-secheresse\/thumbs\/thumbs_2018-10-23_18-08-05.jpg\"\n                    width=\"240\"\n                    height=\"160\"\n                    style=\"max-width:100%;\"\n                \/>\n            <\/a>\n        <\/div>\n\t\t\t\t\t\t\t<\/div> \n\t\t\t\n        \n\t\t\n\t\t<!-- Pagination -->\n\t<div class='ngg-clear'><\/div>\t<\/div>\n\n","protected":false},"excerpt":{"rendered":"<p>La s\u00e9cheresse qui s&rsquo;est install\u00e9e chez nous vers le 20 juin semble enfin prendre des cong\u00e9s. On aura donc v\u00e9cu plus de 4 mois tr\u00e8s chauds, tr\u00e8s lumineux et tr\u00e8s secs. Les quelques \u00e9pisodes orageux de l&rsquo;\u00e9t\u00e9 sont presque toujours pass\u00e9s au large et il nous a fallu arroser en permanence. Le bilan provisoire de &hellip; <\/p>\n<p class=\"link-more\"><a href=\"https:\/\/ecojardindesgrivauds.fr\/?p=1937\" class=\"more-link\">Continuer la lecture<span class=\"screen-reader-text\"> de &laquo;&nbsp;Ciao s\u00e9cheresse !&nbsp;&raquo;<\/span><\/a><\/p>\n","protected":false},"author":1,"featured_media":0,"comment_status":"open","ping_status":"open","sticky":false,"template":"","format":"standard","meta":{"ngg_post_thumbnail":0},"categories":[1],"tags":[],"_links":{"self":[{"href":"https:\/\/ecojardindesgrivauds.fr\/index.php?rest_route=\/wp\/v2\/posts\/1937"}],"collection":[{"href":"https:\/\/ecojardindesgrivauds.fr\/index.php?rest_route=\/wp\/v2\/posts"}],"about":[{"href":"https:\/\/ecojardindesgrivauds.fr\/index.php?rest_route=\/wp\/v2\/types\/post"}],"author":[{"embeddable":true,"href":"https:\/\/ecojardindesgrivauds.fr\/index.php?rest_route=\/wp\/v2\/users\/1"}],"replies":[{"embeddable":true,"href":"https:\/\/ecojardindesgrivauds.fr\/index.php?rest_route=%2Fwp%2Fv2%2Fcomments&post=1937"}],"version-history":[{"count":2,"href":"https:\/\/ecojardindesgrivauds.fr\/index.php?rest_route=\/wp\/v2\/posts\/1937\/revisions"}],"predecessor-version":[{"id":1964,"href":"https:\/\/ecojardindesgrivauds.fr\/index.php?rest_route=\/wp\/v2\/posts\/1937\/revisions\/1964"}],"wp:attachment":[{"href":"https:\/\/ecojardindesgrivauds.fr\/index.php?rest_route=%2Fwp%2Fv2%2Fmedia&parent=1937"}],"wp:term":[{"taxonomy":"category","embeddable":true,"href":"https:\/\/ecojardindesgrivauds.fr\/index.php?rest_route=%2Fwp%2Fv2%2Fcategories&post=1937"},{"taxonomy":"post_tag","embeddable":true,"href":"https:\/\/ecojardindesgrivauds.fr\/index.php?rest_route=%2Fwp%2Fv2%2Ftags&post=1937"}],"curies":[{"name":"wp","href":"https:\/\/api.w.org\/{rel}","templated":true}]}}