{"id":1998,"date":"2018-11-10T20:07:39","date_gmt":"2018-11-10T19:07:39","guid":{"rendered":"http:\/\/ecojardindesgrivauds.fr\/?p=1998"},"modified":"2018-11-10T20:42:56","modified_gmt":"2018-11-10T19:42:56","slug":"lail-pour-2019-est-en-terre","status":"publish","type":"post","link":"https:\/\/ecojardindesgrivauds.fr\/?p=1998","title":{"rendered":"L&rsquo;ail pour 2019 est en terre !"},"content":{"rendered":"<figure id=\"attachment_2000\" aria-describedby=\"caption-attachment-2000\" style=\"width: 300px\" class=\"wp-caption alignleft\"><a href=\"http:\/\/ecojardindesgrivauds.fr\/wp-content\/uploads\/2018\/11\/2018-11-05_15-33-13.jpg\"><img decoding=\"async\" loading=\"lazy\" class=\"wp-image-2000 size-medium\" src=\"http:\/\/ecojardindesgrivauds.fr\/wp-content\/uploads\/2018\/11\/2018-11-05_15-33-13-300x225.jpg\" alt=\"\" width=\"300\" height=\"225\" srcset=\"https:\/\/ecojardindesgrivauds.fr\/wp-content\/uploads\/2018\/11\/2018-11-05_15-33-13-300x225.jpg 300w, https:\/\/ecojardindesgrivauds.fr\/wp-content\/uploads\/2018\/11\/2018-11-05_15-33-13-768x576.jpg 768w, https:\/\/ecojardindesgrivauds.fr\/wp-content\/uploads\/2018\/11\/2018-11-05_15-33-13.jpg 1024w\" sizes=\"(max-width: 300px) 100vw, 300px\" \/><\/a><figcaption id=\"caption-attachment-2000\" class=\"wp-caption-text\">Ca\u00efeux d&rsquo;ail bien au chaud dans la paille.<\/figcaption><\/figure>\n<p>La semaine a d\u00e9marr\u00e9 tr\u00e8s fort avec la derni\u00e8re plantation de plein champ de l&rsquo;ann\u00e9e : l&rsquo;ail d&rsquo;automne. L&rsquo;op\u00e9ration est tr\u00e8s simple : \u00e0 intervalle r\u00e9gulier, on ouvre l\u00e9g\u00e8rement la paille, on grattouille la terre au plantoir et on y d\u00e9pose un ca\u00efeux d&rsquo;ail. Ensuite, on referme grossi\u00e8rement les trous avec la paille pour que la terre ne voit plus la lumi\u00e8re. Cette culture tr\u00e8s longue devrait mettre encore quelques jours avant de sortir de la paille et restera en terre jusqu&rsquo;\u00e0 l&rsquo;\u00e9t\u00e9 prochain !<\/p>\n<figure id=\"attachment_2005\" aria-describedby=\"caption-attachment-2005\" style=\"width: 300px\" class=\"wp-caption alignright\"><a href=\"http:\/\/ecojardindesgrivauds.fr\/wp-content\/uploads\/2018\/11\/2018-11-09_14-34-33.jpg\"><img decoding=\"async\" loading=\"lazy\" class=\"wp-image-2005 size-medium\" src=\"http:\/\/ecojardindesgrivauds.fr\/wp-content\/uploads\/2018\/11\/2018-11-09_14-34-33-300x225.jpg\" alt=\"\" width=\"300\" height=\"225\" srcset=\"https:\/\/ecojardindesgrivauds.fr\/wp-content\/uploads\/2018\/11\/2018-11-09_14-34-33-300x225.jpg 300w, https:\/\/ecojardindesgrivauds.fr\/wp-content\/uploads\/2018\/11\/2018-11-09_14-34-33-768x576.jpg 768w, https:\/\/ecojardindesgrivauds.fr\/wp-content\/uploads\/2018\/11\/2018-11-09_14-34-33.jpg 1024w\" sizes=\"(max-width: 300px) 100vw, 300px\" \/><\/a><figcaption id=\"caption-attachment-2005\" class=\"wp-caption-text\">Nos courges sont d\u00e9sormais stock\u00e9es chez les Mangetouts !<\/figcaption><\/figure>\n<p>Comme la m\u00e9t\u00e9o devient tr\u00e8s instable, alternant les p\u00e9riodes humides et douces avec les journ\u00e9es froides aux petits matins fr\u00f4lant la gel\u00e9e, on a d\u00e9cid\u00e9 de d\u00e9m\u00e9nager nos courges, histoire de pouvoir les conserver le plus longtemps possible. Ce sont nos amis et voisins Anne-Catherine et Rafa\u00ebl &#8211; les fameux \u00ab<a href=\"https:\/\/lesmangetoutsenimages.tumblr.com\/\">Mangetouts de Passe-Col\u00e8re<\/a>\u00bb &#8211; qui les h\u00e9bergeront d\u00e9sormais : il leur restait un petit coin dans un b\u00e2timent de leur ferme, \u00e0 l&rsquo;abri du froid. Align\u00e9es sur les palettes, nos courges ont l&rsquo;air encore plus nombreuses que lorsqu&rsquo;elles \u00e9taient empil\u00e9es dans la remorque sous notre hangar&#8230; Et encore, on s&rsquo;est gard\u00e9 les potimarrons sous le coude aux Grivauds, histoire de les surveiller de tr\u00e8s pr\u00e8s&#8230;<\/p>\n<figure id=\"attachment_1999\" aria-describedby=\"caption-attachment-1999\" style=\"width: 225px\" class=\"wp-caption alignleft\"><a href=\"http:\/\/ecojardindesgrivauds.fr\/wp-content\/uploads\/2018\/11\/2018-11-05_15-32-51.jpg\"><img decoding=\"async\" loading=\"lazy\" class=\"wp-image-1999 size-medium\" src=\"http:\/\/ecojardindesgrivauds.fr\/wp-content\/uploads\/2018\/11\/2018-11-05_15-32-51-225x300.jpg\" alt=\"\" width=\"225\" height=\"300\" srcset=\"https:\/\/ecojardindesgrivauds.fr\/wp-content\/uploads\/2018\/11\/2018-11-05_15-32-51-225x300.jpg 225w, https:\/\/ecojardindesgrivauds.fr\/wp-content\/uploads\/2018\/11\/2018-11-05_15-32-51.jpg 768w\" sizes=\"(max-width: 225px) 100vw, 225px\" \/><\/a><figcaption id=\"caption-attachment-1999\" class=\"wp-caption-text\">Alexandra explique \u00e0 Ramsmouth comment on plante de l&rsquo;ail.<\/figcaption><\/figure>\n<p>Autres moments symboliques dans la vie de notre jardin, cette semaine verra aussi la d\u00e9sinstallation de la derni\u00e8re planche de tomates et de la planche des aubergines. Et comme on n&rsquo;est pas du genre \u00e0 perdre du temps, on a d\u00e9j\u00e0 plant\u00e9 une nouvelle s\u00e9rie de m\u00e2ches \u00e0 la place des tomates ! Pour Alexandra, ce sera sa derni\u00e8re plantation chez nous, l&rsquo;occasion pour elle de mesurer l&rsquo;ampleur de ses progr\u00e8s, en dext\u00e9rit\u00e9 et en v\u00e9locit\u00e9 ! Elle termine cette semaine son troisi\u00e8me (et dernier) stage aux Grivauds. Nous, on est bien tristes de la voir partir mais c&rsquo;est comme \u00e7a&#8230; Maintenant, apr\u00e8s une semaine de vacances bien m\u00e9rit\u00e9es, elle entrera dans une derni\u00e8re longue p\u00e9riode de cours avant le Bac, qu&rsquo;elle obtiendra sans aucun doute de fa\u00e7on tout aussi m\u00e9rit\u00e9e compte-tenu de son engagement et de son s\u00e9rieux ! \u00c7a va nous manquer ces moments o\u00f9 elle nous obligeait \u00e0 r\u00e9fl\u00e9chir \u00e0 notre activit\u00e9 en commen\u00e7ant par un prudent \u00ab<em>est-ce que je peux vous poser encore quelques questions ?<\/em>&#8230;\u00bb Elle nous a promis de revenir visiter le jardin quand elle sera dans le coin ; alors on lui dit \u00ab<em>Passe quand tu veux, Alexandra, tu es ici chez toi !<\/em>\u00bb<\/p>\n<p>\u00c0 la semaine prochaine !<\/p>\n<p><em>Cliquez sur les photos ci-dessous pour les agrandir et lire les l\u00e9gendes.<\/em><\/p>\n<!-- index.php -->\n<div\n\tclass=\"ngg-galleryoverview ngg-ajax-pagination-none\"\n\tid=\"ngg-gallery-f6c2caeef316a6734259f669cb43243b-1\">\n\n    \t\t<!-- Thumbnails -->\n\t\t\t\t<div id=\"ngg-image-0\" class=\"ngg-gallery-thumbnail-box\" >\n\t\t\t\t        <div class=\"ngg-gallery-thumbnail\">\n            <a href=\"https:\/\/ecojardindesgrivauds.fr\/wp-content\/gallery\/2018_11_10-derniere-semaine-dalexandra\/2018-11-08_10-08-31.jpg\"\n               title=\"La semaine derni\u00e8re, il y avait des tomates sur cette planche ! Maintenant, on y trouve des m\u00e2ches fra\u00eechement plant\u00e9es !\"\n               data-src=\"https:\/\/ecojardindesgrivauds.fr\/wp-content\/gallery\/2018_11_10-derniere-semaine-dalexandra\/2018-11-08_10-08-31.jpg\"\n               data-thumbnail=\"https:\/\/ecojardindesgrivauds.fr\/wp-content\/gallery\/2018_11_10-derniere-semaine-dalexandra\/thumbs\/thumbs_2018-11-08_10-08-31.jpg\"\n               data-image-id=\"510\"\n               data-title=\"2018-11-08_10-08-31\"\n               data-description=\"La semaine derni\u00e8re, il y avait des tomates sur cette planche ! Maintenant, on y trouve des m\u00e2ches fra\u00eechement plant\u00e9es !\"\n               data-image-slug=\"2018-11-08_10-08-31\"\n               class=\"ngg-fancybox\" rel=\"f6c2caeef316a6734259f669cb43243b\">\n                <img\n                    title=\"2018-11-08_10-08-31\"\n                    alt=\"2018-11-08_10-08-31\"\n                    src=\"https:\/\/ecojardindesgrivauds.fr\/wp-content\/gallery\/2018_11_10-derniere-semaine-dalexandra\/thumbs\/thumbs_2018-11-08_10-08-31.jpg\"\n                    width=\"240\"\n                    height=\"160\"\n                    style=\"max-width:100%;\"\n                \/>\n            <\/a>\n        <\/div>\n\t\t\t\t\t\t\t<\/div> \n\t\t\t\n        \n\t\t\t\t<div id=\"ngg-image-1\" class=\"ngg-gallery-thumbnail-box\" >\n\t\t\t\t        <div class=\"ngg-gallery-thumbnail\">\n            <a href=\"https:\/\/ecojardindesgrivauds.fr\/wp-content\/gallery\/2018_11_10-derniere-semaine-dalexandra\/2018-11-08_10-08-05.jpg\"\n               title=\"M\u00e2ches dans la paille\"\n               data-src=\"https:\/\/ecojardindesgrivauds.fr\/wp-content\/gallery\/2018_11_10-derniere-semaine-dalexandra\/2018-11-08_10-08-05.jpg\"\n               data-thumbnail=\"https:\/\/ecojardindesgrivauds.fr\/wp-content\/gallery\/2018_11_10-derniere-semaine-dalexandra\/thumbs\/thumbs_2018-11-08_10-08-05.jpg\"\n               data-image-id=\"509\"\n               data-title=\"2018-11-08_10-08-05\"\n               data-description=\"M\u00e2ches dans la paille\"\n               data-image-slug=\"2018-11-08_10-08-05\"\n               class=\"ngg-fancybox\" rel=\"f6c2caeef316a6734259f669cb43243b\">\n                <img\n                    title=\"2018-11-08_10-08-05\"\n                    alt=\"2018-11-08_10-08-05\"\n                    src=\"https:\/\/ecojardindesgrivauds.fr\/wp-content\/gallery\/2018_11_10-derniere-semaine-dalexandra\/thumbs\/thumbs_2018-11-08_10-08-05.jpg\"\n                    width=\"240\"\n                    height=\"160\"\n                    style=\"max-width:100%;\"\n                \/>\n            <\/a>\n        <\/div>\n\t\t\t\t\t\t\t<\/div> \n\t\t\t\n        \n\t\t\t\t<div id=\"ngg-image-2\" class=\"ngg-gallery-thumbnail-box\" >\n\t\t\t\t        <div class=\"ngg-gallery-thumbnail\">\n            <a href=\"https:\/\/ecojardindesgrivauds.fr\/wp-content\/gallery\/2018_11_10-derniere-semaine-dalexandra\/2018-11-10_17-08-59.jpg\"\n               title=\"\u00c0 droite des scaroles, les aubergines sont d\u00e9sinstall\u00e9es. C&#039;\u00e9tait la derni\u00e8re planche de l\u00e9gumes d&#039;\u00e9t\u00e9 encore sur pied !\"\n               data-src=\"https:\/\/ecojardindesgrivauds.fr\/wp-content\/gallery\/2018_11_10-derniere-semaine-dalexandra\/2018-11-10_17-08-59.jpg\"\n               data-thumbnail=\"https:\/\/ecojardindesgrivauds.fr\/wp-content\/gallery\/2018_11_10-derniere-semaine-dalexandra\/thumbs\/thumbs_2018-11-10_17-08-59.jpg\"\n               data-image-id=\"515\"\n               data-title=\"2018-11-10_17-08-59\"\n               data-description=\"\u00c0 droite des scaroles, les aubergines sont d\u00e9sinstall\u00e9es. C&#039;\u00e9tait la derni\u00e8re planche de l\u00e9gumes d&#039;\u00e9t\u00e9 encore sur pied !\"\n               data-image-slug=\"2018-11-10_17-08-59\"\n               class=\"ngg-fancybox\" rel=\"f6c2caeef316a6734259f669cb43243b\">\n                <img\n                    title=\"2018-11-10_17-08-59\"\n                    alt=\"2018-11-10_17-08-59\"\n                    src=\"https:\/\/ecojardindesgrivauds.fr\/wp-content\/gallery\/2018_11_10-derniere-semaine-dalexandra\/thumbs\/thumbs_2018-11-10_17-08-59.jpg\"\n                    width=\"240\"\n                    height=\"160\"\n                    style=\"max-width:100%;\"\n                \/>\n            <\/a>\n        <\/div>\n\t\t\t\t\t\t\t<\/div> \n\t\t\t\n        \n\t\t\t\t<div id=\"ngg-image-3\" class=\"ngg-gallery-thumbnail-box\" >\n\t\t\t\t        <div class=\"ngg-gallery-thumbnail\">\n            <a href=\"https:\/\/ecojardindesgrivauds.fr\/wp-content\/gallery\/2018_11_10-derniere-semaine-dalexandra\/2018-11-08_10-10-20.jpg\"\n               title=\"Tous les jours, on d\u00e9couvre de nouveaux champignons dans nos champs ou nos serres !\"\n               data-src=\"https:\/\/ecojardindesgrivauds.fr\/wp-content\/gallery\/2018_11_10-derniere-semaine-dalexandra\/2018-11-08_10-10-20.jpg\"\n               data-thumbnail=\"https:\/\/ecojardindesgrivauds.fr\/wp-content\/gallery\/2018_11_10-derniere-semaine-dalexandra\/thumbs\/thumbs_2018-11-08_10-10-20.jpg\"\n               data-image-id=\"511\"\n               data-title=\"2018-11-08_10-10-20\"\n               data-description=\"Tous les jours, on d\u00e9couvre de nouveaux champignons dans nos champs ou nos serres !\"\n               data-image-slug=\"2018-11-08_10-10-20\"\n               class=\"ngg-fancybox\" rel=\"f6c2caeef316a6734259f669cb43243b\">\n                <img\n                    title=\"2018-11-08_10-10-20\"\n                    alt=\"2018-11-08_10-10-20\"\n                    src=\"https:\/\/ecojardindesgrivauds.fr\/wp-content\/gallery\/2018_11_10-derniere-semaine-dalexandra\/thumbs\/thumbs_2018-11-08_10-10-20.jpg\"\n                    width=\"240\"\n                    height=\"160\"\n                    style=\"max-width:100%;\"\n                \/>\n            <\/a>\n        <\/div>\n\t\t\t\t\t\t\t<\/div> \n\t\t\t\n        \n\t\t\t\t<div id=\"ngg-image-4\" class=\"ngg-gallery-thumbnail-box\" >\n\t\t\t\t        <div class=\"ngg-gallery-thumbnail\">\n            <a href=\"https:\/\/ecojardindesgrivauds.fr\/wp-content\/gallery\/2018_11_10-derniere-semaine-dalexandra\/2018-11-10_12-09-45.jpg\"\n               title=\"Sandrine s&#039;invite aux Grivauds pour une derni\u00e8re cueillette de haricots.\"\n               data-src=\"https:\/\/ecojardindesgrivauds.fr\/wp-content\/gallery\/2018_11_10-derniere-semaine-dalexandra\/2018-11-10_12-09-45.jpg\"\n               data-thumbnail=\"https:\/\/ecojardindesgrivauds.fr\/wp-content\/gallery\/2018_11_10-derniere-semaine-dalexandra\/thumbs\/thumbs_2018-11-10_12-09-45.jpg\"\n               data-image-id=\"514\"\n               data-title=\"2018-11-10_12-09-45\"\n               data-description=\"Sandrine s&#039;invite aux Grivauds pour une derni\u00e8re cueillette de haricots.\"\n               data-image-slug=\"2018-11-10_12-09-45\"\n               class=\"ngg-fancybox\" rel=\"f6c2caeef316a6734259f669cb43243b\">\n                <img\n                    title=\"2018-11-10_12-09-45\"\n                    alt=\"2018-11-10_12-09-45\"\n                    src=\"https:\/\/ecojardindesgrivauds.fr\/wp-content\/gallery\/2018_11_10-derniere-semaine-dalexandra\/thumbs\/thumbs_2018-11-10_12-09-45.jpg\"\n                    width=\"240\"\n                    height=\"160\"\n                    style=\"max-width:100%;\"\n                \/>\n            <\/a>\n        <\/div>\n\t\t\t\t\t\t\t<\/div> \n\t\t\t\n        \n\t\t\t\t<div id=\"ngg-image-5\" class=\"ngg-gallery-thumbnail-box\" >\n\t\t\t\t        <div class=\"ngg-gallery-thumbnail\">\n            <a href=\"https:\/\/ecojardindesgrivauds.fr\/wp-content\/gallery\/2018_11_10-derniere-semaine-dalexandra\/2018-11-08_15-53-01.jpg\"\n               title=\"Vulcain, un des derniers papillons \u00e0 voler \u00e0 cette saison\"\n               data-src=\"https:\/\/ecojardindesgrivauds.fr\/wp-content\/gallery\/2018_11_10-derniere-semaine-dalexandra\/2018-11-08_15-53-01.jpg\"\n               data-thumbnail=\"https:\/\/ecojardindesgrivauds.fr\/wp-content\/gallery\/2018_11_10-derniere-semaine-dalexandra\/thumbs\/thumbs_2018-11-08_15-53-01.jpg\"\n               data-image-id=\"512\"\n               data-title=\"2018-11-08_15-53-01\"\n               data-description=\"Vulcain, un des derniers papillons \u00e0 voler \u00e0 cette saison\"\n               data-image-slug=\"2018-11-08_15-53-01\"\n               class=\"ngg-fancybox\" rel=\"f6c2caeef316a6734259f669cb43243b\">\n                <img\n                    title=\"2018-11-08_15-53-01\"\n                    alt=\"2018-11-08_15-53-01\"\n                    src=\"https:\/\/ecojardindesgrivauds.fr\/wp-content\/gallery\/2018_11_10-derniere-semaine-dalexandra\/thumbs\/thumbs_2018-11-08_15-53-01.jpg\"\n                    width=\"240\"\n                    height=\"160\"\n                    style=\"max-width:100%;\"\n                \/>\n            <\/a>\n        <\/div>\n\t\t\t\t\t\t\t<\/div> \n\t\t\t\n        \n\t\t\t\t<div id=\"ngg-image-6\" class=\"ngg-gallery-thumbnail-box\" >\n\t\t\t\t        <div class=\"ngg-gallery-thumbnail\">\n            <a href=\"https:\/\/ecojardindesgrivauds.fr\/wp-content\/gallery\/2018_11_10-derniere-semaine-dalexandra\/2018-11-10_12-09-36.jpg\"\n               title=\"Mi-Roux se demande : \u00abMais qu&#039;est-ce qu&#039;ils attendent pour d\u00e9sherber ces fraisiers ?\u00bb\"\n               data-src=\"https:\/\/ecojardindesgrivauds.fr\/wp-content\/gallery\/2018_11_10-derniere-semaine-dalexandra\/2018-11-10_12-09-36.jpg\"\n               data-thumbnail=\"https:\/\/ecojardindesgrivauds.fr\/wp-content\/gallery\/2018_11_10-derniere-semaine-dalexandra\/thumbs\/thumbs_2018-11-10_12-09-36.jpg\"\n               data-image-id=\"513\"\n               data-title=\"2018-11-10_12-09-36\"\n               data-description=\"Mi-Roux se demande : \u00abMais qu&#039;est-ce qu&#039;ils attendent pour d\u00e9sherber ces fraisiers ?\u00bb\"\n               data-image-slug=\"2018-11-10_12-09-36\"\n               class=\"ngg-fancybox\" rel=\"f6c2caeef316a6734259f669cb43243b\">\n                <img\n                    title=\"2018-11-10_12-09-36\"\n                    alt=\"2018-11-10_12-09-36\"\n                    src=\"https:\/\/ecojardindesgrivauds.fr\/wp-content\/gallery\/2018_11_10-derniere-semaine-dalexandra\/thumbs\/thumbs_2018-11-10_12-09-36.jpg\"\n                    width=\"240\"\n                    height=\"160\"\n                    style=\"max-width:100%;\"\n                \/>\n            <\/a>\n        <\/div>\n\t\t\t\t\t\t\t<\/div> \n\t\t\t\n        \n\t\t\n\t\t<!-- Pagination -->\n\t<div class='ngg-clear'><\/div>\t<\/div>\n\n","protected":false},"excerpt":{"rendered":"<p>La semaine a d\u00e9marr\u00e9 tr\u00e8s fort avec la derni\u00e8re plantation de plein champ de l&rsquo;ann\u00e9e : l&rsquo;ail d&rsquo;automne. L&rsquo;op\u00e9ration est tr\u00e8s simple : \u00e0 intervalle r\u00e9gulier, on ouvre l\u00e9g\u00e8rement la paille, on grattouille la terre au plantoir et on y d\u00e9pose un ca\u00efeux d&rsquo;ail. Ensuite, on referme grossi\u00e8rement les trous avec la paille pour que &hellip; <\/p>\n<p class=\"link-more\"><a href=\"https:\/\/ecojardindesgrivauds.fr\/?p=1998\" class=\"more-link\">Continuer la lecture<span class=\"screen-reader-text\"> de &laquo;&nbsp;L&rsquo;ail pour 2019 est en terre !&nbsp;&raquo;<\/span><\/a><\/p>\n","protected":false},"author":1,"featured_media":0,"comment_status":"open","ping_status":"open","sticky":false,"template":"","format":"standard","meta":{"ngg_post_thumbnail":0},"categories":[1],"tags":[],"_links":{"self":[{"href":"https:\/\/ecojardindesgrivauds.fr\/index.php?rest_route=\/wp\/v2\/posts\/1998"}],"collection":[{"href":"https:\/\/ecojardindesgrivauds.fr\/index.php?rest_route=\/wp\/v2\/posts"}],"about":[{"href":"https:\/\/ecojardindesgrivauds.fr\/index.php?rest_route=\/wp\/v2\/types\/post"}],"author":[{"embeddable":true,"href":"https:\/\/ecojardindesgrivauds.fr\/index.php?rest_route=\/wp\/v2\/users\/1"}],"replies":[{"embeddable":true,"href":"https:\/\/ecojardindesgrivauds.fr\/index.php?rest_route=%2Fwp%2Fv2%2Fcomments&post=1998"}],"version-history":[{"count":5,"href":"https:\/\/ecojardindesgrivauds.fr\/index.php?rest_route=\/wp\/v2\/posts\/1998\/revisions"}],"predecessor-version":[{"id":2022,"href":"https:\/\/ecojardindesgrivauds.fr\/index.php?rest_route=\/wp\/v2\/posts\/1998\/revisions\/2022"}],"wp:attachment":[{"href":"https:\/\/ecojardindesgrivauds.fr\/index.php?rest_route=%2Fwp%2Fv2%2Fmedia&parent=1998"}],"wp:term":[{"taxonomy":"category","embeddable":true,"href":"https:\/\/ecojardindesgrivauds.fr\/index.php?rest_route=%2Fwp%2Fv2%2Fcategories&post=1998"},{"taxonomy":"post_tag","embeddable":true,"href":"https:\/\/ecojardindesgrivauds.fr\/index.php?rest_route=%2Fwp%2Fv2%2Ftags&post=1998"}],"curies":[{"name":"wp","href":"https:\/\/api.w.org\/{rel}","templated":true}]}}