{"id":2080,"date":"2018-12-01T19:15:30","date_gmt":"2018-12-01T18:15:30","guid":{"rendered":"http:\/\/ecojardindesgrivauds.fr\/?p=2080"},"modified":"2018-12-01T20:50:14","modified_gmt":"2018-12-01T19:50:14","slug":"voici-la-saison-des-longues-nuits","status":"publish","type":"post","link":"https:\/\/ecojardindesgrivauds.fr\/?p=2080","title":{"rendered":"Voici la saison des longues nuits"},"content":{"rendered":"<figure id=\"attachment_2083\" aria-describedby=\"caption-attachment-2083\" style=\"width: 225px\" class=\"wp-caption alignleft\"><a href=\"http:\/\/ecojardindesgrivauds.fr\/wp-content\/uploads\/2018\/12\/2018-11-29_09-54-14.jpg\"><img decoding=\"async\" loading=\"lazy\" class=\"size-medium wp-image-2083\" src=\"http:\/\/ecojardindesgrivauds.fr\/wp-content\/uploads\/2018\/12\/2018-11-29_09-54-14-225x300.jpg\" alt=\"\" width=\"225\" height=\"300\" srcset=\"https:\/\/ecojardindesgrivauds.fr\/wp-content\/uploads\/2018\/12\/2018-11-29_09-54-14-225x300.jpg 225w, https:\/\/ecojardindesgrivauds.fr\/wp-content\/uploads\/2018\/12\/2018-11-29_09-54-14.jpg 768w\" sizes=\"(max-width: 225px) 100vw, 225px\" \/><\/a><figcaption id=\"caption-attachment-2083\" class=\"wp-caption-text\">Derni\u00e8re r\u00e9colte de m\u00e2che de plein champ<\/figcaption><\/figure>\n<p>\u00c0 une vingtaine de jours du solstice d&rsquo;hiver, les jours se sont consid\u00e9rablement raccourcis et m\u00eame si les temp\u00e9ratures restent douces, nos l\u00e9gumes ne s&rsquo;y trompent pas et se sont un peu mis en veille. Nos journ\u00e9es finissent plus t\u00f4t et \u00e7a nous laisse un peu plus de temps pour cuisiner nos (trop) nombreuses courges&#8230; M\u00e9caniquement, la proportion du temps consacr\u00e9e \u00e0 la pr\u00e9paration des paniers et du march\u00e9 augmente. On r\u00e9colte toujours beaucoup : poireaux, carottes, m\u00e2che, mesclun, batavias, scaroles, etc.<\/p>\n<p>Mardi, Fabrice participe \u00e0 une formation anim\u00e9e par Gilles Domenech organis\u00e9e par la FRAB AuRA autour de la vie des sols et des techniques de Mara\u00eechage sur Sol Vivant (MSV). Il en revient avec des id\u00e9es plein la musette ; attendez-vous \u00e0 voir pousser plein d&rsquo;engrais verts sur nos parcelles dans les ann\u00e9es qui viennent&#8230; Symboliquement, c&rsquo;est aussi cette semaine qu&rsquo;on a command\u00e9 nos premiers porte-greffes pour l&rsquo;installation de nos futures haies fruiti\u00e8res.<\/p>\n<figure id=\"attachment_2088\" aria-describedby=\"caption-attachment-2088\" style=\"width: 225px\" class=\"wp-caption alignright\"><a href=\"http:\/\/ecojardindesgrivauds.fr\/wp-content\/uploads\/2018\/12\/2018-12-01_16-25-37.jpg\"><img decoding=\"async\" loading=\"lazy\" class=\"size-medium wp-image-2088\" src=\"http:\/\/ecojardindesgrivauds.fr\/wp-content\/uploads\/2018\/12\/2018-12-01_16-25-37-225x300.jpg\" alt=\"\" width=\"225\" height=\"300\" srcset=\"https:\/\/ecojardindesgrivauds.fr\/wp-content\/uploads\/2018\/12\/2018-12-01_16-25-37-225x300.jpg 225w, https:\/\/ecojardindesgrivauds.fr\/wp-content\/uploads\/2018\/12\/2018-12-01_16-25-37.jpg 768w\" sizes=\"(max-width: 225px) 100vw, 225px\" \/><\/a><figcaption id=\"caption-attachment-2088\" class=\"wp-caption-text\">Serre n\u00ba4 : on termine la planche de m\u00e2che avec 4 caisses de mesclun !<\/figcaption><\/figure>\n<p>Jeudi, Laurence fait un (bref) retour aux Grivauds ! Depuis son premier stage chez nous en ao\u00fbt, elle a pass\u00e9 le pas, s&rsquo;est inscrite \u00e0 une formation (BPREA) et apprend tous les aspects du m\u00e9tier, tant th\u00e9oriques que pratiques. Ce jour-l\u00e0, on lui r\u00e9serve quelques r\u00e9coltes bien typiques de la saison (poireaux, m\u00e2che et carottes) et une plantation de mesclun. On a tellement de choses \u00e0 se raconter que j&rsquo;en oublie de prendre des photos&#8230;<\/p>\n<p>\u00c0 la semaine prochaine !<\/p>\n<p><em>Cliquez sur les photos ci-dessous pour les agrandir et lire les l\u00e9gendes.<\/em><\/p>\n<!-- index.php -->\n<div\n\tclass=\"ngg-galleryoverview ngg-ajax-pagination-none\"\n\tid=\"ngg-gallery-1ed31240168e228b2613d24543f70a21-1\">\n\n    \t\t<!-- Thumbnails -->\n\t\t\t\t<div id=\"ngg-image-0\" class=\"ngg-gallery-thumbnail-box\" >\n\t\t\t\t        <div class=\"ngg-gallery-thumbnail\">\n            <a href=\"https:\/\/ecojardindesgrivauds.fr\/wp-content\/gallery\/2018_12_01\/2018-12-01_16-20-07.jpg\"\n               title=\"Il faut faire un effort d&#039;imagination : vous avez devant les yeux la nouvelle serre \u00e0 plants !... Reste quelques pi\u00e8ces \u00e0 assembler...\"\n               data-src=\"https:\/\/ecojardindesgrivauds.fr\/wp-content\/gallery\/2018_12_01\/2018-12-01_16-20-07.jpg\"\n               data-thumbnail=\"https:\/\/ecojardindesgrivauds.fr\/wp-content\/gallery\/2018_12_01\/thumbs\/thumbs_2018-12-01_16-20-07.jpg\"\n               data-image-id=\"536\"\n               data-title=\"2018-12-01_16-20-07\"\n               data-description=\"Il faut faire un effort d&#039;imagination : vous avez devant les yeux la nouvelle serre \u00e0 plants !... Reste quelques pi\u00e8ces \u00e0 assembler...\"\n               data-image-slug=\"2018-12-01_16-20-07\"\n               class=\"ngg-fancybox\" rel=\"1ed31240168e228b2613d24543f70a21\">\n                <img\n                    title=\"2018-12-01_16-20-07\"\n                    alt=\"2018-12-01_16-20-07\"\n                    src=\"https:\/\/ecojardindesgrivauds.fr\/wp-content\/gallery\/2018_12_01\/thumbs\/thumbs_2018-12-01_16-20-07.jpg\"\n                    width=\"240\"\n                    height=\"160\"\n                    style=\"max-width:100%;\"\n                \/>\n            <\/a>\n        <\/div>\n\t\t\t\t\t\t\t<\/div> \n\t\t\t\n        \n\t\t\t\t<div id=\"ngg-image-1\" class=\"ngg-gallery-thumbnail-box\" >\n\t\t\t\t        <div class=\"ngg-gallery-thumbnail\">\n            <a href=\"https:\/\/ecojardindesgrivauds.fr\/wp-content\/gallery\/2018_12_01\/2018-12-01_16-21-48.jpg\"\n               title=\"Il faut dire que notre serre \u00e0 plants actuelle est presque toujours pleine, m\u00eame en fin d&#039;automne !\"\n               data-src=\"https:\/\/ecojardindesgrivauds.fr\/wp-content\/gallery\/2018_12_01\/2018-12-01_16-21-48.jpg\"\n               data-thumbnail=\"https:\/\/ecojardindesgrivauds.fr\/wp-content\/gallery\/2018_12_01\/thumbs\/thumbs_2018-12-01_16-21-48.jpg\"\n               data-image-id=\"537\"\n               data-title=\"2018-12-01_16-21-48\"\n               data-description=\"Il faut dire que notre serre \u00e0 plants actuelle est presque toujours pleine, m\u00eame en fin d&#039;automne !\"\n               data-image-slug=\"2018-12-01_16-21-48\"\n               class=\"ngg-fancybox\" rel=\"1ed31240168e228b2613d24543f70a21\">\n                <img\n                    title=\"2018-12-01_16-21-48\"\n                    alt=\"2018-12-01_16-21-48\"\n                    src=\"https:\/\/ecojardindesgrivauds.fr\/wp-content\/gallery\/2018_12_01\/thumbs\/thumbs_2018-12-01_16-21-48.jpg\"\n                    width=\"240\"\n                    height=\"160\"\n                    style=\"max-width:100%;\"\n                \/>\n            <\/a>\n        <\/div>\n\t\t\t\t\t\t\t<\/div> \n\t\t\t\n        \n\t\t\t\t<div id=\"ngg-image-2\" class=\"ngg-gallery-thumbnail-box\" >\n\t\t\t\t        <div class=\"ngg-gallery-thumbnail\">\n            <a href=\"https:\/\/ecojardindesgrivauds.fr\/wp-content\/gallery\/2018_12_01\/2018-12-01_16-24-33.jpg\"\n               title=\"Quelque chose me dit qu&#039;il y aura de la scarole dans les prochains paniers d&#039;amap...\"\n               data-src=\"https:\/\/ecojardindesgrivauds.fr\/wp-content\/gallery\/2018_12_01\/2018-12-01_16-24-33.jpg\"\n               data-thumbnail=\"https:\/\/ecojardindesgrivauds.fr\/wp-content\/gallery\/2018_12_01\/thumbs\/thumbs_2018-12-01_16-24-33.jpg\"\n               data-image-id=\"538\"\n               data-title=\"2018-12-01_16-24-33\"\n               data-description=\"Quelque chose me dit qu&#039;il y aura de la scarole dans les prochains paniers d&#039;amap...\"\n               data-image-slug=\"2018-12-01_16-24-33\"\n               class=\"ngg-fancybox\" rel=\"1ed31240168e228b2613d24543f70a21\">\n                <img\n                    title=\"2018-12-01_16-24-33\"\n                    alt=\"2018-12-01_16-24-33\"\n                    src=\"https:\/\/ecojardindesgrivauds.fr\/wp-content\/gallery\/2018_12_01\/thumbs\/thumbs_2018-12-01_16-24-33.jpg\"\n                    width=\"240\"\n                    height=\"160\"\n                    style=\"max-width:100%;\"\n                \/>\n            <\/a>\n        <\/div>\n\t\t\t\t\t\t\t<\/div> \n\t\t\t\n        \n\t\t\t\t<div id=\"ngg-image-3\" class=\"ngg-gallery-thumbnail-box\" >\n\t\t\t\t        <div class=\"ngg-gallery-thumbnail\">\n            <a href=\"https:\/\/ecojardindesgrivauds.fr\/wp-content\/gallery\/2018_12_01\/2018-12-01_16-28-06.jpg\"\n               title=\"Tiens donc, nos navets nouveaux commencent \u00e0 grossir !\"\n               data-src=\"https:\/\/ecojardindesgrivauds.fr\/wp-content\/gallery\/2018_12_01\/2018-12-01_16-28-06.jpg\"\n               data-thumbnail=\"https:\/\/ecojardindesgrivauds.fr\/wp-content\/gallery\/2018_12_01\/thumbs\/thumbs_2018-12-01_16-28-06.jpg\"\n               data-image-id=\"539\"\n               data-title=\"2018-12-01_16-28-06\"\n               data-description=\"Tiens donc, nos navets nouveaux commencent \u00e0 grossir !\"\n               data-image-slug=\"2018-12-01_16-28-06\"\n               class=\"ngg-fancybox\" rel=\"1ed31240168e228b2613d24543f70a21\">\n                <img\n                    title=\"2018-12-01_16-28-06\"\n                    alt=\"2018-12-01_16-28-06\"\n                    src=\"https:\/\/ecojardindesgrivauds.fr\/wp-content\/gallery\/2018_12_01\/thumbs\/thumbs_2018-12-01_16-28-06.jpg\"\n                    width=\"240\"\n                    height=\"160\"\n                    style=\"max-width:100%;\"\n                \/>\n            <\/a>\n        <\/div>\n\t\t\t\t\t\t\t<\/div> \n\t\t\t\n        \n\t\t\t\t<div id=\"ngg-image-4\" class=\"ngg-gallery-thumbnail-box\" >\n\t\t\t\t        <div class=\"ngg-gallery-thumbnail\">\n            <a href=\"https:\/\/ecojardindesgrivauds.fr\/wp-content\/gallery\/2018_12_01\/2018-12-01_16-29-39.jpg\"\n               title=\"Comment c&#039;est possible un tel turricule ? Ils se mettent plusieurs \u00e0 le faire ? Nos pailles se recouvrent de ces d\u00e9jections de ver de terre ; bon signe pour nous !\"\n               data-src=\"https:\/\/ecojardindesgrivauds.fr\/wp-content\/gallery\/2018_12_01\/2018-12-01_16-29-39.jpg\"\n               data-thumbnail=\"https:\/\/ecojardindesgrivauds.fr\/wp-content\/gallery\/2018_12_01\/thumbs\/thumbs_2018-12-01_16-29-39.jpg\"\n               data-image-id=\"540\"\n               data-title=\"2018-12-01_16-29-39\"\n               data-description=\"Comment c&#039;est possible un tel turricule ? Ils se mettent plusieurs \u00e0 le faire ? Nos pailles se recouvrent de ces d\u00e9jections de ver de terre ; bon signe pour nous !\"\n               data-image-slug=\"2018-12-01_16-29-39\"\n               class=\"ngg-fancybox\" rel=\"1ed31240168e228b2613d24543f70a21\">\n                <img\n                    title=\"2018-12-01_16-29-39\"\n                    alt=\"2018-12-01_16-29-39\"\n                    src=\"https:\/\/ecojardindesgrivauds.fr\/wp-content\/gallery\/2018_12_01\/thumbs\/thumbs_2018-12-01_16-29-39.jpg\"\n                    width=\"240\"\n                    height=\"160\"\n                    style=\"max-width:100%;\"\n                \/>\n            <\/a>\n        <\/div>\n\t\t\t\t\t\t\t<\/div> \n\t\t\t\n        \n\t\t\t\t<div id=\"ngg-image-5\" class=\"ngg-gallery-thumbnail-box\" >\n\t\t\t\t        <div class=\"ngg-gallery-thumbnail\">\n            <a href=\"https:\/\/ecojardindesgrivauds.fr\/wp-content\/gallery\/2018_12_01\/2018-11-30_12-36-25.jpg\"\n               title=\"Oui, on ne refuse rien \u00e0 Mi-Roux, m\u00eame pas un lit \u00e0 baldaquin !\"\n               data-src=\"https:\/\/ecojardindesgrivauds.fr\/wp-content\/gallery\/2018_12_01\/2018-11-30_12-36-25.jpg\"\n               data-thumbnail=\"https:\/\/ecojardindesgrivauds.fr\/wp-content\/gallery\/2018_12_01\/thumbs\/thumbs_2018-11-30_12-36-25.jpg\"\n               data-image-id=\"535\"\n               data-title=\"2018-11-30_12-36-25\"\n               data-description=\"Oui, on ne refuse rien \u00e0 Mi-Roux, m\u00eame pas un lit \u00e0 baldaquin !\"\n               data-image-slug=\"2018-11-30_12-36-25\"\n               class=\"ngg-fancybox\" rel=\"1ed31240168e228b2613d24543f70a21\">\n                <img\n                    title=\"2018-11-30_12-36-25\"\n                    alt=\"2018-11-30_12-36-25\"\n                    src=\"https:\/\/ecojardindesgrivauds.fr\/wp-content\/gallery\/2018_12_01\/thumbs\/thumbs_2018-11-30_12-36-25.jpg\"\n                    width=\"240\"\n                    height=\"160\"\n                    style=\"max-width:100%;\"\n                \/>\n            <\/a>\n        <\/div>\n\t\t\t\t\t\t\t<\/div> \n\t\t\t\n        \n\t\t\n\t\t<!-- Pagination -->\n\t<div class='ngg-clear'><\/div>\t<\/div>\n\n","protected":false},"excerpt":{"rendered":"<p>\u00c0 une vingtaine de jours du solstice d&rsquo;hiver, les jours se sont consid\u00e9rablement raccourcis et m\u00eame si les temp\u00e9ratures restent douces, nos l\u00e9gumes ne s&rsquo;y trompent pas et se sont un peu mis en veille. Nos journ\u00e9es finissent plus t\u00f4t et \u00e7a nous laisse un peu plus de temps pour cuisiner nos (trop) nombreuses courges&#8230; &hellip; <\/p>\n<p class=\"link-more\"><a href=\"https:\/\/ecojardindesgrivauds.fr\/?p=2080\" class=\"more-link\">Continuer la lecture<span class=\"screen-reader-text\"> de &laquo;&nbsp;Voici la saison des longues nuits&nbsp;&raquo;<\/span><\/a><\/p>\n","protected":false},"author":1,"featured_media":0,"comment_status":"open","ping_status":"open","sticky":false,"template":"","format":"standard","meta":{"ngg_post_thumbnail":0},"categories":[1],"tags":[],"_links":{"self":[{"href":"https:\/\/ecojardindesgrivauds.fr\/index.php?rest_route=\/wp\/v2\/posts\/2080"}],"collection":[{"href":"https:\/\/ecojardindesgrivauds.fr\/index.php?rest_route=\/wp\/v2\/posts"}],"about":[{"href":"https:\/\/ecojardindesgrivauds.fr\/index.php?rest_route=\/wp\/v2\/types\/post"}],"author":[{"embeddable":true,"href":"https:\/\/ecojardindesgrivauds.fr\/index.php?rest_route=\/wp\/v2\/users\/1"}],"replies":[{"embeddable":true,"href":"https:\/\/ecojardindesgrivauds.fr\/index.php?rest_route=%2Fwp%2Fv2%2Fcomments&post=2080"}],"version-history":[{"count":4,"href":"https:\/\/ecojardindesgrivauds.fr\/index.php?rest_route=\/wp\/v2\/posts\/2080\/revisions"}],"predecessor-version":[{"id":2099,"href":"https:\/\/ecojardindesgrivauds.fr\/index.php?rest_route=\/wp\/v2\/posts\/2080\/revisions\/2099"}],"wp:attachment":[{"href":"https:\/\/ecojardindesgrivauds.fr\/index.php?rest_route=%2Fwp%2Fv2%2Fmedia&parent=2080"}],"wp:term":[{"taxonomy":"category","embeddable":true,"href":"https:\/\/ecojardindesgrivauds.fr\/index.php?rest_route=%2Fwp%2Fv2%2Fcategories&post=2080"},{"taxonomy":"post_tag","embeddable":true,"href":"https:\/\/ecojardindesgrivauds.fr\/index.php?rest_route=%2Fwp%2Fv2%2Ftags&post=2080"}],"curies":[{"name":"wp","href":"https:\/\/api.w.org\/{rel}","templated":true}]}}