{"id":2326,"date":"2019-02-16T19:10:04","date_gmt":"2019-02-16T18:10:04","guid":{"rendered":"http:\/\/ecojardindesgrivauds.fr\/?p=2326"},"modified":"2019-02-16T19:10:57","modified_gmt":"2019-02-16T18:10:57","slug":"printemps-de-fevrier","status":"publish","type":"post","link":"https:\/\/ecojardindesgrivauds.fr\/?p=2326","title":{"rendered":"Printemps de f\u00e9vrier"},"content":{"rendered":"\n<div class=\"wp-block-image\"><figure class=\"alignleft\"><a href=\"http:\/\/ecojardindesgrivauds.fr\/wp-content\/uploads\/2019\/02\/2019-02-16_12-57-15.jpg\"><img decoding=\"async\" loading=\"lazy\" width=\"300\" height=\"225\" src=\"http:\/\/ecojardindesgrivauds.fr\/wp-content\/uploads\/2019\/02\/2019-02-16_12-57-15-300x225.jpg\" alt=\"\" class=\"wp-image-2339\" srcset=\"https:\/\/ecojardindesgrivauds.fr\/wp-content\/uploads\/2019\/02\/2019-02-16_12-57-15-300x225.jpg 300w, https:\/\/ecojardindesgrivauds.fr\/wp-content\/uploads\/2019\/02\/2019-02-16_12-57-15-768x576.jpg 768w, https:\/\/ecojardindesgrivauds.fr\/wp-content\/uploads\/2019\/02\/2019-02-16_12-57-15.jpg 1024w\" sizes=\"(max-width: 300px) 100vw, 300px\" \/><\/a><figcaption>Plantation des choux en tee-shirt !<\/figcaption><\/figure><\/div>\n\n\n\n<p>Les ann\u00e9es se succ\u00e8dent et ne se ressemblent pas ! Il y a un an, on \u00e9tait dans la grisaille permanente, jusqu&rsquo;\u00e0 la fin du printemps. Je me souviens des chemins boueux et de planches de plein champ satur\u00e9es d&rsquo;eau en mars, au moment de la plantation des oignons. Cette ann\u00e9e, c&rsquo;est tr\u00e8s sec et apr\u00e8s un mois de janvier plut\u00f4t froid, on a le droit \u00e0 un f\u00e9vrier aux allures de printemps ! Il fait 17\u00b0C l&rsquo;apr\u00e8s-midi et on travaille en tee-shirt dans les serres \u00e0 partir de 10h le matin. Cela dit, les gel\u00e9es matinales, toujours aussi syst\u00e9matiques, sont l\u00e0 pour nous rappeler qu&rsquo;il est encore un peu t\u00f4t pour planter des tomates&#8230;<\/p>\n\n\n\n<div class=\"wp-block-image\"><figure class=\"alignright\"><a href=\"http:\/\/ecojardindesgrivauds.fr\/wp-content\/uploads\/2019\/02\/2019-02-11_15-58-48.jpg\"><img decoding=\"async\" loading=\"lazy\" width=\"300\" height=\"225\" src=\"http:\/\/ecojardindesgrivauds.fr\/wp-content\/uploads\/2019\/02\/2019-02-11_15-58-48-300x225.jpg\" alt=\"\" class=\"wp-image-2329\" srcset=\"https:\/\/ecojardindesgrivauds.fr\/wp-content\/uploads\/2019\/02\/2019-02-11_15-58-48-300x225.jpg 300w, https:\/\/ecojardindesgrivauds.fr\/wp-content\/uploads\/2019\/02\/2019-02-11_15-58-48-768x576.jpg 768w, https:\/\/ecojardindesgrivauds.fr\/wp-content\/uploads\/2019\/02\/2019-02-11_15-58-48.jpg 1024w\" sizes=\"(max-width: 300px) 100vw, 300px\" \/><\/a><figcaption>Premier paillage de l&rsquo;ann\u00e9e : 2 planches d&rsquo;un coup dans la serre n\u00ba3 !<\/figcaption><\/figure><\/div>\n\n\n\n<p>En attendant, on plante nos choux de printemps, quelques salades et du chou-rave. Contrairement \u00e0 l&rsquo;ann\u00e9e pass\u00e9e, on paille nos planches avant la s\u00e9rie de printemps. Avec la chaleur, la serre n\u00ba3 exhale une belle odeur d&rsquo;\u00e9table. La paille qu&rsquo;on utilise date de l&rsquo;ann\u00e9e derni\u00e8re mais elle est encore bien jaune et nos planches brillent sous le soleil !<\/p>\n\n\n\n<div class=\"wp-block-image\"><figure class=\"alignleft\"><a href=\"http:\/\/ecojardindesgrivauds.fr\/wp-content\/uploads\/2019\/02\/2019-02-16_11-15-28.jpg\"><img decoding=\"async\" loading=\"lazy\" width=\"225\" height=\"300\" src=\"http:\/\/ecojardindesgrivauds.fr\/wp-content\/uploads\/2019\/02\/2019-02-16_11-15-28-225x300.jpg\" alt=\"\" class=\"wp-image-2333\" srcset=\"https:\/\/ecojardindesgrivauds.fr\/wp-content\/uploads\/2019\/02\/2019-02-16_11-15-28-225x300.jpg 225w, https:\/\/ecojardindesgrivauds.fr\/wp-content\/uploads\/2019\/02\/2019-02-16_11-15-28.jpg 768w\" sizes=\"(max-width: 225px) 100vw, 225px\" \/><\/a><figcaption>Planche d&rsquo;\u00e9pinards avant l&rsquo;arriv\u00e9e du mildiou. Je n&rsquo;ai pas eu le courage de prendre une photo apr\u00e8s&#8230;<\/figcaption><\/figure><\/div>\n\n\n\n<p>On \u00e9tait tout fiers de faire nos premi\u00e8res grosses r\u00e9coltes d&rsquo;\u00e9pinards pour  les Amap. L&rsquo;ann\u00e9e derni\u00e8re, les acariens avaient un peu jou\u00e9 les troubles-f\u00eate. Cette ann\u00e9e, ils sont encore pr\u00e9sents mais nos plants semblent mieux s&rsquo;en accommoder. Compte-tenu de la chaleur, on ouvre nos serres au maximum pour repousser la montaison au plus tard possible. Malheureusement, c&rsquo;est un autre probl\u00e8me qui risque de g\u00e2cher la f\u00eate : le mildiou s&rsquo;est install\u00e9 dans nos planches ! On croise les doigts pour qu&rsquo;il nous laisse suffisamment de feuilles saines pour les prochains paniers et on tire la conclusion suivante : que ce soit sur sol vivant ou non, l&rsquo;\u00e9pinard c&rsquo;est difficile !<\/p>\n\n\n\n<p>\u00c0 la semaine prochaine !<\/p>\n\n\n\n<p><em>Cliquez sur les photos ci-dessous pour les agrandir et pour lire les l\u00e9gendes.<\/em><\/p>\n\n\n\n<!-- index.php -->\n<div\n\tclass=\"ngg-galleryoverview ngg-ajax-pagination-none\"\n\tid=\"ngg-gallery-d85c2b3dbd083e601dfd22297f831daf-1\">\n\n    \t\t<!-- Thumbnails -->\n\t\t\t\t<div id=\"ngg-image-0\" class=\"ngg-gallery-thumbnail-box\" >\n\t\t\t\t        <div class=\"ngg-gallery-thumbnail\">\n            <a href=\"https:\/\/ecojardindesgrivauds.fr\/wp-content\/gallery\/2019_02_16-printemps-precoce\/2019-02-16_09-36-24.jpg\"\n               title=\"Gel\u00e9e matinale sur l&#039;ail\"\n               data-src=\"https:\/\/ecojardindesgrivauds.fr\/wp-content\/gallery\/2019_02_16-printemps-precoce\/2019-02-16_09-36-24.jpg\"\n               data-thumbnail=\"https:\/\/ecojardindesgrivauds.fr\/wp-content\/gallery\/2019_02_16-printemps-precoce\/thumbs\/thumbs_2019-02-16_09-36-24.jpg\"\n               data-image-id=\"609\"\n               data-title=\"2019-02-16_09-36-24\"\n               data-description=\"Gel\u00e9e matinale sur l&#039;ail\"\n               data-image-slug=\"2019-02-16_09-36-24\"\n               class=\"ngg-fancybox\" rel=\"d85c2b3dbd083e601dfd22297f831daf\">\n                <img\n                    title=\"2019-02-16_09-36-24\"\n                    alt=\"2019-02-16_09-36-24\"\n                    src=\"https:\/\/ecojardindesgrivauds.fr\/wp-content\/gallery\/2019_02_16-printemps-precoce\/thumbs\/thumbs_2019-02-16_09-36-24.jpg\"\n                    width=\"240\"\n                    height=\"160\"\n                    style=\"max-width:100%;\"\n                \/>\n            <\/a>\n        <\/div>\n\t\t\t\t\t\t\t<\/div> \n\t\t\t\n        \n\t\t\t\t<div id=\"ngg-image-1\" class=\"ngg-gallery-thumbnail-box\" >\n\t\t\t\t        <div class=\"ngg-gallery-thumbnail\">\n            <a href=\"https:\/\/ecojardindesgrivauds.fr\/wp-content\/gallery\/2019_02_16-printemps-precoce\/2019-02-16_09-32-19.jpg\"\n               title=\"Oui, il fait -4\u00b0C le matin et plus de 20\u00b0C l&#039;apr\u00e8s-midi dans nos serres... 25\u00b0C d&#039;amplitude thermique en f\u00e9vrier, du jamais vu !\"\n               data-src=\"https:\/\/ecojardindesgrivauds.fr\/wp-content\/gallery\/2019_02_16-printemps-precoce\/2019-02-16_09-32-19.jpg\"\n               data-thumbnail=\"https:\/\/ecojardindesgrivauds.fr\/wp-content\/gallery\/2019_02_16-printemps-precoce\/thumbs\/thumbs_2019-02-16_09-32-19.jpg\"\n               data-image-id=\"608\"\n               data-title=\"2019-02-16_09-32-19\"\n               data-description=\"Oui, il fait -4\u00b0C le matin et plus de 20\u00b0C l&#039;apr\u00e8s-midi dans nos serres... 25\u00b0C d&#039;amplitude thermique en f\u00e9vrier, du jamais vu !\"\n               data-image-slug=\"2019-02-16_09-32-19\"\n               class=\"ngg-fancybox\" rel=\"d85c2b3dbd083e601dfd22297f831daf\">\n                <img\n                    title=\"2019-02-16_09-32-19\"\n                    alt=\"2019-02-16_09-32-19\"\n                    src=\"https:\/\/ecojardindesgrivauds.fr\/wp-content\/gallery\/2019_02_16-printemps-precoce\/thumbs\/thumbs_2019-02-16_09-32-19.jpg\"\n                    width=\"240\"\n                    height=\"160\"\n                    style=\"max-width:100%;\"\n                \/>\n            <\/a>\n        <\/div>\n\t\t\t\t\t\t\t<\/div> \n\t\t\t\n        \n\t\t\t\t<div id=\"ngg-image-2\" class=\"ngg-gallery-thumbnail-box\" >\n\t\t\t\t        <div class=\"ngg-gallery-thumbnail\">\n            <a href=\"https:\/\/ecojardindesgrivauds.fr\/wp-content\/gallery\/2019_02_16-printemps-precoce\/2019-02-16_12-20-36.jpg\"\n               title=\"La serre \u00e0 plants commence \u00e0 se remplir de nouveau !\"\n               data-src=\"https:\/\/ecojardindesgrivauds.fr\/wp-content\/gallery\/2019_02_16-printemps-precoce\/2019-02-16_12-20-36.jpg\"\n               data-thumbnail=\"https:\/\/ecojardindesgrivauds.fr\/wp-content\/gallery\/2019_02_16-printemps-precoce\/thumbs\/thumbs_2019-02-16_12-20-36.jpg\"\n               data-image-id=\"616\"\n               data-title=\"2019-02-16_12-20-36\"\n               data-description=\"La serre \u00e0 plants commence \u00e0 se remplir de nouveau !\"\n               data-image-slug=\"2019-02-16_12-20-36\"\n               class=\"ngg-fancybox\" rel=\"d85c2b3dbd083e601dfd22297f831daf\">\n                <img\n                    title=\"2019-02-16_12-20-36\"\n                    alt=\"2019-02-16_12-20-36\"\n                    src=\"https:\/\/ecojardindesgrivauds.fr\/wp-content\/gallery\/2019_02_16-printemps-precoce\/thumbs\/thumbs_2019-02-16_12-20-36.jpg\"\n                    width=\"240\"\n                    height=\"160\"\n                    style=\"max-width:100%;\"\n                \/>\n            <\/a>\n        <\/div>\n\t\t\t\t\t\t\t<\/div> \n\t\t\t\n        \n\t\t\t\t<div id=\"ngg-image-3\" class=\"ngg-gallery-thumbnail-box\" >\n\t\t\t\t        <div class=\"ngg-gallery-thumbnail\">\n            <a href=\"https:\/\/ecojardindesgrivauds.fr\/wp-content\/gallery\/2019_02_16-printemps-precoce\/2019-02-16_12-20-13.jpg\"\n               title=\"Les tomates ont bien pouss\u00e9 !\"\n               data-src=\"https:\/\/ecojardindesgrivauds.fr\/wp-content\/gallery\/2019_02_16-printemps-precoce\/2019-02-16_12-20-13.jpg\"\n               data-thumbnail=\"https:\/\/ecojardindesgrivauds.fr\/wp-content\/gallery\/2019_02_16-printemps-precoce\/thumbs\/thumbs_2019-02-16_12-20-13.jpg\"\n               data-image-id=\"612\"\n               data-title=\"2019-02-16_12-20-13\"\n               data-description=\"Les tomates ont bien pouss\u00e9 !\"\n               data-image-slug=\"2019-02-16_12-20-13\"\n               class=\"ngg-fancybox\" rel=\"d85c2b3dbd083e601dfd22297f831daf\">\n                <img\n                    title=\"2019-02-16_12-20-13\"\n                    alt=\"2019-02-16_12-20-13\"\n                    src=\"https:\/\/ecojardindesgrivauds.fr\/wp-content\/gallery\/2019_02_16-printemps-precoce\/thumbs\/thumbs_2019-02-16_12-20-13.jpg\"\n                    width=\"240\"\n                    height=\"160\"\n                    style=\"max-width:100%;\"\n                \/>\n            <\/a>\n        <\/div>\n\t\t\t\t\t\t\t<\/div> \n\t\t\t\n        \n\t\t\t\t<div id=\"ngg-image-4\" class=\"ngg-gallery-thumbnail-box\" >\n\t\t\t\t        <div class=\"ngg-gallery-thumbnail\">\n            <a href=\"https:\/\/ecojardindesgrivauds.fr\/wp-content\/gallery\/2019_02_16-printemps-precoce\/2019-02-16_12-21-52.jpg\"\n               title=\"C&#039;est beau du plant d&#039;oignons, non ?\"\n               data-src=\"https:\/\/ecojardindesgrivauds.fr\/wp-content\/gallery\/2019_02_16-printemps-precoce\/2019-02-16_12-21-52.jpg\"\n               data-thumbnail=\"https:\/\/ecojardindesgrivauds.fr\/wp-content\/gallery\/2019_02_16-printemps-precoce\/thumbs\/thumbs_2019-02-16_12-21-52.jpg\"\n               data-image-id=\"613\"\n               data-title=\"2019-02-16_12-21-52\"\n               data-description=\"C&#039;est beau du plant d&#039;oignons, non ?\"\n               data-image-slug=\"2019-02-16_12-21-52\"\n               class=\"ngg-fancybox\" rel=\"d85c2b3dbd083e601dfd22297f831daf\">\n                <img\n                    title=\"2019-02-16_12-21-52\"\n                    alt=\"2019-02-16_12-21-52\"\n                    src=\"https:\/\/ecojardindesgrivauds.fr\/wp-content\/gallery\/2019_02_16-printemps-precoce\/thumbs\/thumbs_2019-02-16_12-21-52.jpg\"\n                    width=\"240\"\n                    height=\"160\"\n                    style=\"max-width:100%;\"\n                \/>\n            <\/a>\n        <\/div>\n\t\t\t\t\t\t\t<\/div> \n\t\t\t\n        \n\t\t\t\t<div id=\"ngg-image-5\" class=\"ngg-gallery-thumbnail-box\" >\n\t\t\t\t        <div class=\"ngg-gallery-thumbnail\">\n            <a href=\"https:\/\/ecojardindesgrivauds.fr\/wp-content\/gallery\/2019_02_16-printemps-precoce\/2019-02-16_12-58-12.jpg\"\n               title=\"Navets nouveaux fra\u00eechement repiqu\u00e9s\"\n               data-src=\"https:\/\/ecojardindesgrivauds.fr\/wp-content\/gallery\/2019_02_16-printemps-precoce\/2019-02-16_12-58-12.jpg\"\n               data-thumbnail=\"https:\/\/ecojardindesgrivauds.fr\/wp-content\/gallery\/2019_02_16-printemps-precoce\/thumbs\/thumbs_2019-02-16_12-58-12.jpg\"\n               data-image-id=\"615\"\n               data-title=\"2019-02-16_12-58-12\"\n               data-description=\"Navets nouveaux fra\u00eechement repiqu\u00e9s\"\n               data-image-slug=\"2019-02-16_12-58-12\"\n               class=\"ngg-fancybox\" rel=\"d85c2b3dbd083e601dfd22297f831daf\">\n                <img\n                    title=\"2019-02-16_12-58-12\"\n                    alt=\"2019-02-16_12-58-12\"\n                    src=\"https:\/\/ecojardindesgrivauds.fr\/wp-content\/gallery\/2019_02_16-printemps-precoce\/thumbs\/thumbs_2019-02-16_12-58-12.jpg\"\n                    width=\"240\"\n                    height=\"160\"\n                    style=\"max-width:100%;\"\n                \/>\n            <\/a>\n        <\/div>\n\t\t\t\t\t\t\t<\/div> \n\t\t\t\n        \n\t\t\t\t<div id=\"ngg-image-6\" class=\"ngg-gallery-thumbnail-box\" >\n\t\t\t\t        <div class=\"ngg-gallery-thumbnail\">\n            <a href=\"https:\/\/ecojardindesgrivauds.fr\/wp-content\/gallery\/2019_02_16-printemps-precoce\/2019-02-16_11-16-37.jpg\"\n               title=\"Si toutes les feuilles d&#039;\u00e9pinard avaient cette taille-l\u00e0, les r\u00e9coltes seraient vite boucl\u00e9es !\"\n               data-src=\"https:\/\/ecojardindesgrivauds.fr\/wp-content\/gallery\/2019_02_16-printemps-precoce\/2019-02-16_11-16-37.jpg\"\n               data-thumbnail=\"https:\/\/ecojardindesgrivauds.fr\/wp-content\/gallery\/2019_02_16-printemps-precoce\/thumbs\/thumbs_2019-02-16_11-16-37.jpg\"\n               data-image-id=\"611\"\n               data-title=\"2019-02-16_11-16-37\"\n               data-description=\"Si toutes les feuilles d&#039;\u00e9pinard avaient cette taille-l\u00e0, les r\u00e9coltes seraient vite boucl\u00e9es !\"\n               data-image-slug=\"2019-02-16_11-16-37\"\n               class=\"ngg-fancybox\" rel=\"d85c2b3dbd083e601dfd22297f831daf\">\n                <img\n                    title=\"2019-02-16_11-16-37\"\n                    alt=\"2019-02-16_11-16-37\"\n                    src=\"https:\/\/ecojardindesgrivauds.fr\/wp-content\/gallery\/2019_02_16-printemps-precoce\/thumbs\/thumbs_2019-02-16_11-16-37.jpg\"\n                    width=\"240\"\n                    height=\"160\"\n                    style=\"max-width:100%;\"\n                \/>\n            <\/a>\n        <\/div>\n\t\t\t\t\t\t\t<\/div> \n\t\t\t\n        \n\t\t\t\t<div id=\"ngg-image-7\" class=\"ngg-gallery-thumbnail-box\" >\n\t\t\t\t        <div class=\"ngg-gallery-thumbnail\">\n            <a href=\"https:\/\/ecojardindesgrivauds.fr\/wp-content\/gallery\/2019_02_16-printemps-precoce\/2019-02-12_14-48-44.jpg\"\n               title=\"Regroupement d&#039;\u00e9tourneaux\"\n               data-src=\"https:\/\/ecojardindesgrivauds.fr\/wp-content\/gallery\/2019_02_16-printemps-precoce\/2019-02-12_14-48-44.jpg\"\n               data-thumbnail=\"https:\/\/ecojardindesgrivauds.fr\/wp-content\/gallery\/2019_02_16-printemps-precoce\/thumbs\/thumbs_2019-02-12_14-48-44.jpg\"\n               data-image-id=\"607\"\n               data-title=\"2019-02-12_14-48-44\"\n               data-description=\"Regroupement d&#039;\u00e9tourneaux\"\n               data-image-slug=\"2019-02-12_14-48-44\"\n               class=\"ngg-fancybox\" rel=\"d85c2b3dbd083e601dfd22297f831daf\">\n                <img\n                    title=\"2019-02-12_14-48-44\"\n                    alt=\"2019-02-12_14-48-44\"\n                    src=\"https:\/\/ecojardindesgrivauds.fr\/wp-content\/gallery\/2019_02_16-printemps-precoce\/thumbs\/thumbs_2019-02-12_14-48-44.jpg\"\n                    width=\"240\"\n                    height=\"160\"\n                    style=\"max-width:100%;\"\n                \/>\n            <\/a>\n        <\/div>\n\t\t\t\t\t\t\t<\/div> \n\t\t\t\n        \n\t\t\t\t<div id=\"ngg-image-8\" class=\"ngg-gallery-thumbnail-box\" >\n\t\t\t\t        <div class=\"ngg-gallery-thumbnail\">\n            <a href=\"https:\/\/ecojardindesgrivauds.fr\/wp-content\/gallery\/2019_02_16-printemps-precoce\/2019-02-16_12-22-40.jpg\"\n               title=\"Quenelle et Bob se font la bise pour f\u00eater l&#039;arriv\u00e9e du printemps...\"\n               data-src=\"https:\/\/ecojardindesgrivauds.fr\/wp-content\/gallery\/2019_02_16-printemps-precoce\/2019-02-16_12-22-40.jpg\"\n               data-thumbnail=\"https:\/\/ecojardindesgrivauds.fr\/wp-content\/gallery\/2019_02_16-printemps-precoce\/thumbs\/thumbs_2019-02-16_12-22-40.jpg\"\n               data-image-id=\"614\"\n               data-title=\"2019-02-16_12-22-40\"\n               data-description=\"Quenelle et Bob se font la bise pour f\u00eater l&#039;arriv\u00e9e du printemps...\"\n               data-image-slug=\"2019-02-16_12-22-40\"\n               class=\"ngg-fancybox\" rel=\"d85c2b3dbd083e601dfd22297f831daf\">\n                <img\n                    title=\"2019-02-16_12-22-40\"\n                    alt=\"2019-02-16_12-22-40\"\n                    src=\"https:\/\/ecojardindesgrivauds.fr\/wp-content\/gallery\/2019_02_16-printemps-precoce\/thumbs\/thumbs_2019-02-16_12-22-40.jpg\"\n                    width=\"240\"\n                    height=\"160\"\n                    style=\"max-width:100%;\"\n                \/>\n            <\/a>\n        <\/div>\n\t\t\t\t\t\t\t<\/div> \n\t\t\t\n        \n\t\t\n\t\t<!-- Pagination -->\n\t<div class='ngg-clear'><\/div>\t<\/div>\n\n","protected":false},"excerpt":{"rendered":"<p>Les ann\u00e9es se succ\u00e8dent et ne se ressemblent pas ! Il y a un an, on \u00e9tait dans la grisaille permanente, jusqu&rsquo;\u00e0 la fin du printemps. Je me souviens des chemins boueux et de planches de plein champ satur\u00e9es d&rsquo;eau en mars, au moment de la plantation des oignons. Cette ann\u00e9e, c&rsquo;est tr\u00e8s sec et &hellip; <\/p>\n<p class=\"link-more\"><a href=\"https:\/\/ecojardindesgrivauds.fr\/?p=2326\" class=\"more-link\">Continuer la lecture<span class=\"screen-reader-text\"> de &laquo;&nbsp;Printemps de f\u00e9vrier&nbsp;&raquo;<\/span><\/a><\/p>\n","protected":false},"author":1,"featured_media":0,"comment_status":"open","ping_status":"open","sticky":false,"template":"","format":"standard","meta":{"ngg_post_thumbnail":0},"categories":[1],"tags":[],"_links":{"self":[{"href":"https:\/\/ecojardindesgrivauds.fr\/index.php?rest_route=\/wp\/v2\/posts\/2326"}],"collection":[{"href":"https:\/\/ecojardindesgrivauds.fr\/index.php?rest_route=\/wp\/v2\/posts"}],"about":[{"href":"https:\/\/ecojardindesgrivauds.fr\/index.php?rest_route=\/wp\/v2\/types\/post"}],"author":[{"embeddable":true,"href":"https:\/\/ecojardindesgrivauds.fr\/index.php?rest_route=\/wp\/v2\/users\/1"}],"replies":[{"embeddable":true,"href":"https:\/\/ecojardindesgrivauds.fr\/index.php?rest_route=%2Fwp%2Fv2%2Fcomments&post=2326"}],"version-history":[{"count":4,"href":"https:\/\/ecojardindesgrivauds.fr\/index.php?rest_route=\/wp\/v2\/posts\/2326\/revisions"}],"predecessor-version":[{"id":2354,"href":"https:\/\/ecojardindesgrivauds.fr\/index.php?rest_route=\/wp\/v2\/posts\/2326\/revisions\/2354"}],"wp:attachment":[{"href":"https:\/\/ecojardindesgrivauds.fr\/index.php?rest_route=%2Fwp%2Fv2%2Fmedia&parent=2326"}],"wp:term":[{"taxonomy":"category","embeddable":true,"href":"https:\/\/ecojardindesgrivauds.fr\/index.php?rest_route=%2Fwp%2Fv2%2Fcategories&post=2326"},{"taxonomy":"post_tag","embeddable":true,"href":"https:\/\/ecojardindesgrivauds.fr\/index.php?rest_route=%2Fwp%2Fv2%2Ftags&post=2326"}],"curies":[{"name":"wp","href":"https:\/\/api.w.org\/{rel}","templated":true}]}}