{"id":2731,"date":"2019-03-23T19:30:07","date_gmt":"2019-03-23T18:30:07","guid":{"rendered":"http:\/\/ecojardindesgrivauds.fr\/?p=2731"},"modified":"2019-03-23T19:40:06","modified_gmt":"2019-03-23T18:40:06","slug":"cest-lheure-du-bilan-pour-nos-amaps","status":"publish","type":"post","link":"https:\/\/ecojardindesgrivauds.fr\/?p=2731","title":{"rendered":"C&rsquo;est l&rsquo;heure du bilan pour nos Amaps"},"content":{"rendered":"\n<div class=\"wp-block-image\"><figure class=\"alignleft\"><a href=\"http:\/\/ecojardindesgrivauds.fr\/wp-content\/uploads\/2019\/03\/2019-03-21_18-34-15.jpg\"><img decoding=\"async\" loading=\"lazy\" width=\"300\" height=\"225\" src=\"http:\/\/ecojardindesgrivauds.fr\/wp-content\/uploads\/2019\/03\/2019-03-21_18-34-15-300x225.jpg\" alt=\"\" class=\"wp-image-2742\" srcset=\"https:\/\/ecojardindesgrivauds.fr\/wp-content\/uploads\/2019\/03\/2019-03-21_18-34-15-300x225.jpg 300w, https:\/\/ecojardindesgrivauds.fr\/wp-content\/uploads\/2019\/03\/2019-03-21_18-34-15-768x575.jpg 768w, https:\/\/ecojardindesgrivauds.fr\/wp-content\/uploads\/2019\/03\/2019-03-21_18-34-15.jpg 1024w\" sizes=\"(max-width: 300px) 100vw, 300px\" \/><\/a><figcaption>Fleurs de p\u00eacher. Puisqu&rsquo;on vous dit qu&rsquo;on aime les fleurs !&#8230;<\/figcaption><\/figure><\/div>\n\n\n\n<p>Si vous \u00eates adh\u00e9rent d&rsquo;une de nos deux Amaps alors vous ne serez pas surpris qu&rsquo;on se jette \u00e0 nous-m\u00eame quelques fleurs. D&rsquo;abord parce que les fleurs, on aime \u00e7a. Ensuite parce qu&rsquo;on n&rsquo;est pas peu fiers de nos paniers de cette ann\u00e9e ! Car, oui, la saison 2018\/2019 est d\u00e9j\u00e0 derri\u00e8re nous pour nos deux Amaps (l&rsquo;AG de celle de Dompierre a eu lieu la semaine derni\u00e8re, celle de Bourbon-Lancy ce mercredi) et l&rsquo;heure est au bilan.  Jamais nos paniers n&rsquo;ont \u00e9t\u00e9 aussi g\u00e9n\u00e9reux et aussi vari\u00e9s que cette ann\u00e9e ! M\u00eame en hiver, on est rarement descendu en dessous de 6 articles diff\u00e9rents, dont une bonne part de \u00abvert\u00bb (scaroles, laitues, \u00e9pinards, m\u00e2che et autres mescluns). Nos Amapiens nous ont t\u00e9moign\u00e9 r\u00e9guli\u00e8rement de leur satisfaction et c&rsquo;est \u00e0 chaque fois tr\u00e8s motivant pour nous ! On sait que certains d&rsquo;entre eux lisent ce blog chaque semaine, profitons-en pour les saluer bien amicalement !<\/p>\n\n\n\n<div class=\"wp-block-image\"><figure class=\"alignright\"><a href=\"http:\/\/ecojardindesgrivauds.fr\/wp-content\/uploads\/2019\/03\/2019-03-22_17-17-25.jpg\"><img decoding=\"async\" loading=\"lazy\" width=\"225\" height=\"300\" src=\"http:\/\/ecojardindesgrivauds.fr\/wp-content\/uploads\/2019\/03\/2019-03-22_17-17-25-225x300.jpg\" alt=\"\" class=\"wp-image-2744\" srcset=\"https:\/\/ecojardindesgrivauds.fr\/wp-content\/uploads\/2019\/03\/2019-03-22_17-17-25-225x300.jpg 225w, https:\/\/ecojardindesgrivauds.fr\/wp-content\/uploads\/2019\/03\/2019-03-22_17-17-25.jpg 768w\" sizes=\"(max-width: 225px) 100vw, 225px\" \/><\/a><figcaption>Semis de petits pois. Comme notre sol est plus ferme qu&rsquo;un sol travaill\u00e9, on installe les petits pois dans des pr\u00e9-trous effectu\u00e9s avec un plantoir conique. Bilan : on ne vous le conseille pas, c&rsquo;est vraiment fastidieux ! D&rsquo;ailleurs, la prochaine fois, on fait des poquets.<\/figcaption><\/figure><\/div>\n\n\n\n<p>Dire qu&rsquo;on se reposerait d\u00e9sormais sur nos lauriers serait mal nous conna\u00eetre ! Car on est d\u00e9j\u00e0 \u00e0 pied d&rsquo;\u0153uvre dans nos cultures et on se d\u00e9multiplie pour mener tous les chantiers de front : plantation des \u00e9pinards, des oignons blancs et des navets nouveaux (tout en plein champ) ; palissage des petits pois, semis des c\u00e9leris raves (en mottes) et des petits pois (en plein champ, toujours)&#8230; Tout devient un peu urgent en m\u00eame temps et on sent que l&rsquo;arriv\u00e9e des premiers wwoofeurs la semaine prochaine va nous faire le plus grand bien !<\/p>\n\n\n\n<p>On aimerait pouvoir se r\u00e9jouir de cette m\u00e9t\u00e9o providentielle qui nous offre du soleil en cascade et des 18\u00b0C en plein apr\u00e8s-midi. Malheureusement, dans le m\u00eame temps, nos besoins d&rsquo;arrosage vont en augmentant et &#8230; notre pompe vient de tomber en panne ! Sans parler des gel\u00e9es matinales, qui sont syst\u00e9matiques (jusqu&rsquo;\u00e0 des -3\u00b0C \u00e0 7h) et qui nous obligent \u00e0 prot\u00e9ger nos plants de solanac\u00e9es tous les soirs.<\/p>\n\n\n\n<div class=\"wp-block-image\"><figure class=\"alignright\"><a href=\"http:\/\/ecojardindesgrivauds.fr\/wp-content\/uploads\/2019\/03\/2019-03-23_11-46-59.jpg\"><img decoding=\"async\" loading=\"lazy\" width=\"300\" height=\"225\" src=\"http:\/\/ecojardindesgrivauds.fr\/wp-content\/uploads\/2019\/03\/2019-03-23_11-46-59-300x225.jpg\" alt=\"\" class=\"wp-image-2750\" srcset=\"https:\/\/ecojardindesgrivauds.fr\/wp-content\/uploads\/2019\/03\/2019-03-23_11-46-59-300x225.jpg 300w, https:\/\/ecojardindesgrivauds.fr\/wp-content\/uploads\/2019\/03\/2019-03-23_11-46-59-768x576.jpg 768w, https:\/\/ecojardindesgrivauds.fr\/wp-content\/uploads\/2019\/03\/2019-03-23_11-46-59.jpg 1024w\" sizes=\"(max-width: 300px) 100vw, 300px\" \/><\/a><figcaption>La b\u00e2che est tir\u00e9e sur le fa\u00eetage avant d&rsquo;\u00eatre d\u00e9pli\u00e9e.<\/figcaption><\/figure><\/div>\n\n\n\n<p>N&#8217;emp\u00eache, on finit la semaine en beaut\u00e9 en installant la b\u00e2che sur notre nouvelle serre ! On profite de l&rsquo;absence de vent de ce samedi matin et on tente notre chance \u00e0 deux. Concr\u00e8tement, on installe la b\u00e2che pli\u00e9e sur le fa\u00eetage et ensuite, on la d\u00e9roule sur les bords. Reste \u00e0 l&rsquo;attacher, op\u00e9ration qui fait intervenir des objets portant des noms \u00e9vocateurs tels que <em>lyre<\/em> et <em>jonc<\/em> &#8211; \u00e7a parlera \u00e0 ceux qui ont d\u00e9j\u00e0 eu \u00e0 clipser une b\u00e2che, les autres iront faire une petite recherche sur internet. On n&rsquo;a jamais \u00e9t\u00e9 aussi pr\u00e8s de pouvoir utiliser cette nouvelle serre \u00e0 plants !<\/p>\n\n\n\n<p>\u00c0 la semaine prochaine !<\/p>\n\n\n\n<p><em>Cliquez sur les photos ci-dessous pour les agrandir et lire les l\u00e9gendes.<\/em><\/p>\n\n\n\n<!-- index.php -->\n<div\n\tclass=\"ngg-galleryoverview ngg-ajax-pagination-none\"\n\tid=\"ngg-gallery-fd97877b228e5e75f0057f34496e2ad1-1\">\n\n    \t\t<!-- Thumbnails -->\n\t\t\t\t<div id=\"ngg-image-0\" class=\"ngg-gallery-thumbnail-box\" >\n\t\t\t\t        <div class=\"ngg-gallery-thumbnail\">\n            <a href=\"https:\/\/ecojardindesgrivauds.fr\/wp-content\/gallery\/2019_03_23-fin-des-amaps\/2019-03-18_12-59-59.jpg\"\n               title=\"Semis de radis en plein champ.\"\n               data-src=\"https:\/\/ecojardindesgrivauds.fr\/wp-content\/gallery\/2019_03_23-fin-des-amaps\/2019-03-18_12-59-59.jpg\"\n               data-thumbnail=\"https:\/\/ecojardindesgrivauds.fr\/wp-content\/gallery\/2019_03_23-fin-des-amaps\/thumbs\/thumbs_2019-03-18_12-59-59.jpg\"\n               data-image-id=\"786\"\n               data-title=\"2019-03-18_12-59-59\"\n               data-description=\"Semis de radis en plein champ.\"\n               data-image-slug=\"2019-03-18_12-59-59\"\n               class=\"ngg-fancybox\" rel=\"fd97877b228e5e75f0057f34496e2ad1\">\n                <img\n                    title=\"2019-03-18_12-59-59\"\n                    alt=\"2019-03-18_12-59-59\"\n                    src=\"https:\/\/ecojardindesgrivauds.fr\/wp-content\/gallery\/2019_03_23-fin-des-amaps\/thumbs\/thumbs_2019-03-18_12-59-59.jpg\"\n                    width=\"240\"\n                    height=\"160\"\n                    style=\"max-width:100%;\"\n                \/>\n            <\/a>\n        <\/div>\n\t\t\t\t\t\t\t<\/div> \n\t\t\t\n        \n\t\t\t\t<div id=\"ngg-image-1\" class=\"ngg-gallery-thumbnail-box\" >\n\t\t\t\t        <div class=\"ngg-gallery-thumbnail\">\n            <a href=\"https:\/\/ecojardindesgrivauds.fr\/wp-content\/gallery\/2019_03_23-fin-des-amaps\/2019-03-19_15-06-45.jpg\"\n               title=\"\u00c7a c&#039;est du tas de paille ! La moiti\u00e9 a d\u00e9j\u00e0 \u00e9t\u00e9 utilis\u00e9e pour planter les oignons blancs et les navets.\"\n               data-src=\"https:\/\/ecojardindesgrivauds.fr\/wp-content\/gallery\/2019_03_23-fin-des-amaps\/2019-03-19_15-06-45.jpg\"\n               data-thumbnail=\"https:\/\/ecojardindesgrivauds.fr\/wp-content\/gallery\/2019_03_23-fin-des-amaps\/thumbs\/thumbs_2019-03-19_15-06-45.jpg\"\n               data-image-id=\"788\"\n               data-title=\"2019-03-19_15-06-45\"\n               data-description=\"\u00c7a c&#039;est du tas de paille ! La moiti\u00e9 a d\u00e9j\u00e0 \u00e9t\u00e9 utilis\u00e9e pour planter les oignons blancs et les navets.\"\n               data-image-slug=\"2019-03-19_15-06-45\"\n               class=\"ngg-fancybox\" rel=\"fd97877b228e5e75f0057f34496e2ad1\">\n                <img\n                    title=\"2019-03-19_15-06-45\"\n                    alt=\"2019-03-19_15-06-45\"\n                    src=\"https:\/\/ecojardindesgrivauds.fr\/wp-content\/gallery\/2019_03_23-fin-des-amaps\/thumbs\/thumbs_2019-03-19_15-06-45.jpg\"\n                    width=\"240\"\n                    height=\"160\"\n                    style=\"max-width:100%;\"\n                \/>\n            <\/a>\n        <\/div>\n\t\t\t\t\t\t\t<\/div> \n\t\t\t\n        \n\t\t\t\t<div id=\"ngg-image-2\" class=\"ngg-gallery-thumbnail-box\" >\n\t\t\t\t        <div class=\"ngg-gallery-thumbnail\">\n            <a href=\"https:\/\/ecojardindesgrivauds.fr\/wp-content\/gallery\/2019_03_23-fin-des-amaps\/2019-03-21_14-55-47.jpg\"\n               title=\"Chaque petit pas compte : cette grille a \u00e9t\u00e9 install\u00e9e cette semaine par Fabrice. Elle nous permet d&#039;ouvrir les pignons de la serre \u00e0 plants tout en \u00e9vitant que nos chats ne viennent y faire des d\u00e9g\u00e2ts...\"\n               data-src=\"https:\/\/ecojardindesgrivauds.fr\/wp-content\/gallery\/2019_03_23-fin-des-amaps\/2019-03-21_14-55-47.jpg\"\n               data-thumbnail=\"https:\/\/ecojardindesgrivauds.fr\/wp-content\/gallery\/2019_03_23-fin-des-amaps\/thumbs\/thumbs_2019-03-21_14-55-47.jpg\"\n               data-image-id=\"792\"\n               data-title=\"2019-03-21_14-55-47\"\n               data-description=\"Chaque petit pas compte : cette grille a \u00e9t\u00e9 install\u00e9e cette semaine par Fabrice. Elle nous permet d&#039;ouvrir les pignons de la serre \u00e0 plants tout en \u00e9vitant que nos chats ne viennent y faire des d\u00e9g\u00e2ts...\"\n               data-image-slug=\"2019-03-21_14-55-47\"\n               class=\"ngg-fancybox\" rel=\"fd97877b228e5e75f0057f34496e2ad1\">\n                <img\n                    title=\"2019-03-21_14-55-47\"\n                    alt=\"2019-03-21_14-55-47\"\n                    src=\"https:\/\/ecojardindesgrivauds.fr\/wp-content\/gallery\/2019_03_23-fin-des-amaps\/thumbs\/thumbs_2019-03-21_14-55-47.jpg\"\n                    width=\"240\"\n                    height=\"160\"\n                    style=\"max-width:100%;\"\n                \/>\n            <\/a>\n        <\/div>\n\t\t\t\t\t\t\t<\/div> \n\t\t\t\n        \n\t\t\t\t<div id=\"ngg-image-3\" class=\"ngg-gallery-thumbnail-box\" >\n\t\t\t\t        <div class=\"ngg-gallery-thumbnail\">\n            <a href=\"https:\/\/ecojardindesgrivauds.fr\/wp-content\/gallery\/2019_03_23-fin-des-amaps\/2019-03-23_11-29-03.jpg\"\n               title=\"Le rouleau de b\u00e2che avant qu&#039;on la tire sur le fa\u00eetage.\"\n               data-src=\"https:\/\/ecojardindesgrivauds.fr\/wp-content\/gallery\/2019_03_23-fin-des-amaps\/2019-03-23_11-29-03.jpg\"\n               data-thumbnail=\"https:\/\/ecojardindesgrivauds.fr\/wp-content\/gallery\/2019_03_23-fin-des-amaps\/thumbs\/thumbs_2019-03-23_11-29-03.jpg\"\n               data-image-id=\"794\"\n               data-title=\"2019-03-23_11-29-03\"\n               data-description=\"Le rouleau de b\u00e2che avant qu&#039;on la tire sur le fa\u00eetage.\"\n               data-image-slug=\"2019-03-23_11-29-03\"\n               class=\"ngg-fancybox\" rel=\"fd97877b228e5e75f0057f34496e2ad1\">\n                <img\n                    title=\"2019-03-23_11-29-03\"\n                    alt=\"2019-03-23_11-29-03\"\n                    src=\"https:\/\/ecojardindesgrivauds.fr\/wp-content\/gallery\/2019_03_23-fin-des-amaps\/thumbs\/thumbs_2019-03-23_11-29-03.jpg\"\n                    width=\"240\"\n                    height=\"160\"\n                    style=\"max-width:100%;\"\n                \/>\n            <\/a>\n        <\/div>\n\t\t\t\t\t\t\t<\/div> \n\t\t\t\n        \n\t\t\t\t<div id=\"ngg-image-4\" class=\"ngg-gallery-thumbnail-box\" >\n\t\t\t\t        <div class=\"ngg-gallery-thumbnail\">\n            <a href=\"https:\/\/ecojardindesgrivauds.fr\/wp-content\/gallery\/2019_03_23-fin-des-amaps\/2019-03-23_12-16-34.jpg\"\n               title=\"C&#039;est b\u00e2ch\u00e9 !\"\n               data-src=\"https:\/\/ecojardindesgrivauds.fr\/wp-content\/gallery\/2019_03_23-fin-des-amaps\/2019-03-23_12-16-34.jpg\"\n               data-thumbnail=\"https:\/\/ecojardindesgrivauds.fr\/wp-content\/gallery\/2019_03_23-fin-des-amaps\/thumbs\/thumbs_2019-03-23_12-16-34.jpg\"\n               data-image-id=\"795\"\n               data-title=\"2019-03-23_12-16-34\"\n               data-description=\"C&#039;est b\u00e2ch\u00e9 !\"\n               data-image-slug=\"2019-03-23_12-16-34\"\n               class=\"ngg-fancybox\" rel=\"fd97877b228e5e75f0057f34496e2ad1\">\n                <img\n                    title=\"2019-03-23_12-16-34\"\n                    alt=\"2019-03-23_12-16-34\"\n                    src=\"https:\/\/ecojardindesgrivauds.fr\/wp-content\/gallery\/2019_03_23-fin-des-amaps\/thumbs\/thumbs_2019-03-23_12-16-34.jpg\"\n                    width=\"240\"\n                    height=\"160\"\n                    style=\"max-width:100%;\"\n                \/>\n            <\/a>\n        <\/div>\n\t\t\t\t\t\t\t<\/div> \n\t\t\t\n        \n\t\t\t\t<div id=\"ngg-image-5\" class=\"ngg-gallery-thumbnail-box\" >\n\t\t\t\t        <div class=\"ngg-gallery-thumbnail\">\n            <a href=\"https:\/\/ecojardindesgrivauds.fr\/wp-content\/gallery\/2019_03_23-fin-des-amaps\/2019-03-23_18-33-15.jpg\"\n               title=\"Un essai de cette ann\u00e9e : on s\u00e8me nos haricots \u00e0 rame en mottes.\"\n               data-src=\"https:\/\/ecojardindesgrivauds.fr\/wp-content\/gallery\/2019_03_23-fin-des-amaps\/2019-03-23_18-33-15.jpg\"\n               data-thumbnail=\"https:\/\/ecojardindesgrivauds.fr\/wp-content\/gallery\/2019_03_23-fin-des-amaps\/thumbs\/thumbs_2019-03-23_18-33-15.jpg\"\n               data-image-id=\"797\"\n               data-title=\"2019-03-23_18-33-15\"\n               data-description=\"Un essai de cette ann\u00e9e : on s\u00e8me nos haricots \u00e0 rame en mottes.\"\n               data-image-slug=\"2019-03-23_18-33-15\"\n               class=\"ngg-fancybox\" rel=\"fd97877b228e5e75f0057f34496e2ad1\">\n                <img\n                    title=\"2019-03-23_18-33-15\"\n                    alt=\"2019-03-23_18-33-15\"\n                    src=\"https:\/\/ecojardindesgrivauds.fr\/wp-content\/gallery\/2019_03_23-fin-des-amaps\/thumbs\/thumbs_2019-03-23_18-33-15.jpg\"\n                    width=\"240\"\n                    height=\"160\"\n                    style=\"max-width:100%;\"\n                \/>\n            <\/a>\n        <\/div>\n\t\t\t\t\t\t\t<\/div> \n\t\t\t\n        \n\t\t\t\t<div id=\"ngg-image-6\" class=\"ngg-gallery-thumbnail-box\" >\n\t\t\t\t        <div class=\"ngg-gallery-thumbnail\">\n            <a href=\"https:\/\/ecojardindesgrivauds.fr\/wp-content\/gallery\/2019_03_23-fin-des-amaps\/2019-03-23_18-30-13.jpg\"\n               title=\"Elles seront pour nous celles-l\u00e0, nanan\u00e8re !\"\n               data-src=\"https:\/\/ecojardindesgrivauds.fr\/wp-content\/gallery\/2019_03_23-fin-des-amaps\/2019-03-23_18-30-13.jpg\"\n               data-thumbnail=\"https:\/\/ecojardindesgrivauds.fr\/wp-content\/gallery\/2019_03_23-fin-des-amaps\/thumbs\/thumbs_2019-03-23_18-30-13.jpg\"\n               data-image-id=\"796\"\n               data-title=\"2019-03-23_18-30-13\"\n               data-description=\"Elles seront pour nous celles-l\u00e0, nanan\u00e8re !\"\n               data-image-slug=\"2019-03-23_18-30-13\"\n               class=\"ngg-fancybox\" rel=\"fd97877b228e5e75f0057f34496e2ad1\">\n                <img\n                    title=\"2019-03-23_18-30-13\"\n                    alt=\"2019-03-23_18-30-13\"\n                    src=\"https:\/\/ecojardindesgrivauds.fr\/wp-content\/gallery\/2019_03_23-fin-des-amaps\/thumbs\/thumbs_2019-03-23_18-30-13.jpg\"\n                    width=\"240\"\n                    height=\"160\"\n                    style=\"max-width:100%;\"\n                \/>\n            <\/a>\n        <\/div>\n\t\t\t\t\t\t\t<\/div> \n\t\t\t\n        \n\t\t\t\t<div id=\"ngg-image-7\" class=\"ngg-gallery-thumbnail-box\" >\n\t\t\t\t        <div class=\"ngg-gallery-thumbnail\">\n            <a href=\"https:\/\/ecojardindesgrivauds.fr\/wp-content\/gallery\/2019_03_23-fin-des-amaps\/2019-03-21_12-48-37.jpg\"\n               title=\"L\u00e9zard vert dans les mini-blettes\"\n               data-src=\"https:\/\/ecojardindesgrivauds.fr\/wp-content\/gallery\/2019_03_23-fin-des-amaps\/2019-03-21_12-48-37.jpg\"\n               data-thumbnail=\"https:\/\/ecojardindesgrivauds.fr\/wp-content\/gallery\/2019_03_23-fin-des-amaps\/thumbs\/thumbs_2019-03-21_12-48-37.jpg\"\n               data-image-id=\"790\"\n               data-title=\"2019-03-21_12-48-37\"\n               data-description=\"L\u00e9zard vert dans les mini-blettes\"\n               data-image-slug=\"2019-03-21_12-48-37\"\n               class=\"ngg-fancybox\" rel=\"fd97877b228e5e75f0057f34496e2ad1\">\n                <img\n                    title=\"2019-03-21_12-48-37\"\n                    alt=\"2019-03-21_12-48-37\"\n                    src=\"https:\/\/ecojardindesgrivauds.fr\/wp-content\/gallery\/2019_03_23-fin-des-amaps\/thumbs\/thumbs_2019-03-21_12-48-37.jpg\"\n                    width=\"240\"\n                    height=\"160\"\n                    style=\"max-width:100%;\"\n                \/>\n            <\/a>\n        <\/div>\n\t\t\t\t\t\t\t<\/div> \n\t\t\t\n        \n\t\t\t\t<div id=\"ngg-image-8\" class=\"ngg-gallery-thumbnail-box\" >\n\t\t\t\t        <div class=\"ngg-gallery-thumbnail\">\n            <a href=\"https:\/\/ecojardindesgrivauds.fr\/wp-content\/gallery\/2019_03_23-fin-des-amaps\/2019-03-21_12-52-01.jpg\"\n               title=\"Le m\u00eame dans les mains de Denis\"\n               data-src=\"https:\/\/ecojardindesgrivauds.fr\/wp-content\/gallery\/2019_03_23-fin-des-amaps\/2019-03-21_12-52-01.jpg\"\n               data-thumbnail=\"https:\/\/ecojardindesgrivauds.fr\/wp-content\/gallery\/2019_03_23-fin-des-amaps\/thumbs\/thumbs_2019-03-21_12-52-01.jpg\"\n               data-image-id=\"791\"\n               data-title=\"2019-03-21_12-52-01\"\n               data-description=\"Le m\u00eame dans les mains de Denis\"\n               data-image-slug=\"2019-03-21_12-52-01\"\n               class=\"ngg-fancybox\" rel=\"fd97877b228e5e75f0057f34496e2ad1\">\n                <img\n                    title=\"2019-03-21_12-52-01\"\n                    alt=\"2019-03-21_12-52-01\"\n                    src=\"https:\/\/ecojardindesgrivauds.fr\/wp-content\/gallery\/2019_03_23-fin-des-amaps\/thumbs\/thumbs_2019-03-21_12-52-01.jpg\"\n                    width=\"240\"\n                    height=\"160\"\n                    style=\"max-width:100%;\"\n                \/>\n            <\/a>\n        <\/div>\n\t\t\t\t\t\t\t<\/div> \n\t\t\t\n        \n\t\t\t\t<div id=\"ngg-image-9\" class=\"ngg-gallery-thumbnail-box\" >\n\t\t\t\t        <div class=\"ngg-gallery-thumbnail\">\n            <a href=\"https:\/\/ecojardindesgrivauds.fr\/wp-content\/gallery\/2019_03_23-fin-des-amaps\/2019-03-19_15-23-09.jpg\"\n               title=\"Chenille de Bombyx\"\n               data-src=\"https:\/\/ecojardindesgrivauds.fr\/wp-content\/gallery\/2019_03_23-fin-des-amaps\/2019-03-19_15-23-09.jpg\"\n               data-thumbnail=\"https:\/\/ecojardindesgrivauds.fr\/wp-content\/gallery\/2019_03_23-fin-des-amaps\/thumbs\/thumbs_2019-03-19_15-23-09.jpg\"\n               data-image-id=\"789\"\n               data-title=\"2019-03-19_15-23-09\"\n               data-description=\"Chenille de Bombyx\"\n               data-image-slug=\"2019-03-19_15-23-09\"\n               class=\"ngg-fancybox\" rel=\"fd97877b228e5e75f0057f34496e2ad1\">\n                <img\n                    title=\"2019-03-19_15-23-09\"\n                    alt=\"2019-03-19_15-23-09\"\n                    src=\"https:\/\/ecojardindesgrivauds.fr\/wp-content\/gallery\/2019_03_23-fin-des-amaps\/thumbs\/thumbs_2019-03-19_15-23-09.jpg\"\n                    width=\"240\"\n                    height=\"160\"\n                    style=\"max-width:100%;\"\n                \/>\n            <\/a>\n        <\/div>\n\t\t\t\t\t\t\t<\/div> \n\t\t\t\n        \n\t\t\t\t<div id=\"ngg-image-10\" class=\"ngg-gallery-thumbnail-box\" >\n\t\t\t\t        <div class=\"ngg-gallery-thumbnail\">\n            <a href=\"https:\/\/ecojardindesgrivauds.fr\/wp-content\/gallery\/2019_03_23-fin-des-amaps\/2019-03-22_14-54-52.jpg\"\n               title=\"Papillon Grande Tortue\"\n               data-src=\"https:\/\/ecojardindesgrivauds.fr\/wp-content\/gallery\/2019_03_23-fin-des-amaps\/2019-03-22_14-54-52.jpg\"\n               data-thumbnail=\"https:\/\/ecojardindesgrivauds.fr\/wp-content\/gallery\/2019_03_23-fin-des-amaps\/thumbs\/thumbs_2019-03-22_14-54-52.jpg\"\n               data-image-id=\"793\"\n               data-title=\"2019-03-22_14-54-52\"\n               data-description=\"Papillon Grande Tortue\"\n               data-image-slug=\"2019-03-22_14-54-52\"\n               class=\"ngg-fancybox\" rel=\"fd97877b228e5e75f0057f34496e2ad1\">\n                <img\n                    title=\"2019-03-22_14-54-52\"\n                    alt=\"2019-03-22_14-54-52\"\n                    src=\"https:\/\/ecojardindesgrivauds.fr\/wp-content\/gallery\/2019_03_23-fin-des-amaps\/thumbs\/thumbs_2019-03-22_14-54-52.jpg\"\n                    width=\"240\"\n                    height=\"160\"\n                    style=\"max-width:100%;\"\n                \/>\n            <\/a>\n        <\/div>\n\t\t\t\t\t\t\t<\/div> \n\t\t\t\n        \n\t\t\t\t<div id=\"ngg-image-11\" class=\"ngg-gallery-thumbnail-box\" >\n\t\t\t\t        <div class=\"ngg-gallery-thumbnail\">\n            <a href=\"https:\/\/ecojardindesgrivauds.fr\/wp-content\/gallery\/2019_03_23-fin-des-amaps\/2019-03-18_18-00-15.jpg\"\n               title=\"Rougequeue noir m\u00e2le\"\n               data-src=\"https:\/\/ecojardindesgrivauds.fr\/wp-content\/gallery\/2019_03_23-fin-des-amaps\/2019-03-18_18-00-15.jpg\"\n               data-thumbnail=\"https:\/\/ecojardindesgrivauds.fr\/wp-content\/gallery\/2019_03_23-fin-des-amaps\/thumbs\/thumbs_2019-03-18_18-00-15.jpg\"\n               data-image-id=\"787\"\n               data-title=\"2019-03-18_18-00-15\"\n               data-description=\"Rougequeue noir m\u00e2le\"\n               data-image-slug=\"2019-03-18_18-00-15\"\n               class=\"ngg-fancybox\" rel=\"fd97877b228e5e75f0057f34496e2ad1\">\n                <img\n                    title=\"2019-03-18_18-00-15\"\n                    alt=\"2019-03-18_18-00-15\"\n                    src=\"https:\/\/ecojardindesgrivauds.fr\/wp-content\/gallery\/2019_03_23-fin-des-amaps\/thumbs\/thumbs_2019-03-18_18-00-15.jpg\"\n                    width=\"240\"\n                    height=\"160\"\n                    style=\"max-width:100%;\"\n                \/>\n            <\/a>\n        <\/div>\n\t\t\t\t\t\t\t<\/div> \n\t\t\t\n        \n\t\t\t\t<div id=\"ngg-image-12\" class=\"ngg-gallery-thumbnail-box\" >\n\t\t\t\t        <div class=\"ngg-gallery-thumbnail\">\n            <a href=\"https:\/\/ecojardindesgrivauds.fr\/wp-content\/gallery\/2019_03_23-fin-des-amaps\/2019-03-18_15-05-35.jpg\"\n               title=\"Passage de 17 grues en migration\"\n               data-src=\"https:\/\/ecojardindesgrivauds.fr\/wp-content\/gallery\/2019_03_23-fin-des-amaps\/2019-03-18_15-05-35.jpg\"\n               data-thumbnail=\"https:\/\/ecojardindesgrivauds.fr\/wp-content\/gallery\/2019_03_23-fin-des-amaps\/thumbs\/thumbs_2019-03-18_15-05-35.jpg\"\n               data-image-id=\"785\"\n               data-title=\"2019-03-18_15-05-35\"\n               data-description=\"Passage de 17 grues en migration\"\n               data-image-slug=\"2019-03-18_15-05-35\"\n               class=\"ngg-fancybox\" rel=\"fd97877b228e5e75f0057f34496e2ad1\">\n                <img\n                    title=\"2019-03-18_15-05-35\"\n                    alt=\"2019-03-18_15-05-35\"\n                    src=\"https:\/\/ecojardindesgrivauds.fr\/wp-content\/gallery\/2019_03_23-fin-des-amaps\/thumbs\/thumbs_2019-03-18_15-05-35.jpg\"\n                    width=\"240\"\n                    height=\"160\"\n                    style=\"max-width:100%;\"\n                \/>\n            <\/a>\n        <\/div>\n\t\t\t\t\t\t\t<\/div> \n\t\t\t\n        \n\t\t\n\t\t<!-- Pagination -->\n\t<div class='ngg-clear'><\/div>\t<\/div>\n\n","protected":false},"excerpt":{"rendered":"<p>Si vous \u00eates adh\u00e9rent d&rsquo;une de nos deux Amaps alors vous ne serez pas surpris qu&rsquo;on se jette \u00e0 nous-m\u00eame quelques fleurs. D&rsquo;abord parce que les fleurs, on aime \u00e7a. Ensuite parce qu&rsquo;on n&rsquo;est pas peu fiers de nos paniers de cette ann\u00e9e ! Car, oui, la saison 2018\/2019 est d\u00e9j\u00e0 derri\u00e8re nous pour nos &hellip; <\/p>\n<p class=\"link-more\"><a href=\"https:\/\/ecojardindesgrivauds.fr\/?p=2731\" class=\"more-link\">Continuer la lecture<span class=\"screen-reader-text\"> de &laquo;&nbsp;C&rsquo;est l&rsquo;heure du bilan pour nos Amaps&nbsp;&raquo;<\/span><\/a><\/p>\n","protected":false},"author":1,"featured_media":0,"comment_status":"open","ping_status":"open","sticky":false,"template":"","format":"standard","meta":{"ngg_post_thumbnail":0},"categories":[1],"tags":[],"_links":{"self":[{"href":"https:\/\/ecojardindesgrivauds.fr\/index.php?rest_route=\/wp\/v2\/posts\/2731"}],"collection":[{"href":"https:\/\/ecojardindesgrivauds.fr\/index.php?rest_route=\/wp\/v2\/posts"}],"about":[{"href":"https:\/\/ecojardindesgrivauds.fr\/index.php?rest_route=\/wp\/v2\/types\/post"}],"author":[{"embeddable":true,"href":"https:\/\/ecojardindesgrivauds.fr\/index.php?rest_route=\/wp\/v2\/users\/1"}],"replies":[{"embeddable":true,"href":"https:\/\/ecojardindesgrivauds.fr\/index.php?rest_route=%2Fwp%2Fv2%2Fcomments&post=2731"}],"version-history":[{"count":3,"href":"https:\/\/ecojardindesgrivauds.fr\/index.php?rest_route=\/wp\/v2\/posts\/2731\/revisions"}],"predecessor-version":[{"id":2766,"href":"https:\/\/ecojardindesgrivauds.fr\/index.php?rest_route=\/wp\/v2\/posts\/2731\/revisions\/2766"}],"wp:attachment":[{"href":"https:\/\/ecojardindesgrivauds.fr\/index.php?rest_route=%2Fwp%2Fv2%2Fmedia&parent=2731"}],"wp:term":[{"taxonomy":"category","embeddable":true,"href":"https:\/\/ecojardindesgrivauds.fr\/index.php?rest_route=%2Fwp%2Fv2%2Fcategories&post=2731"},{"taxonomy":"post_tag","embeddable":true,"href":"https:\/\/ecojardindesgrivauds.fr\/index.php?rest_route=%2Fwp%2Fv2%2Ftags&post=2731"}],"curies":[{"name":"wp","href":"https:\/\/api.w.org\/{rel}","templated":true}]}}