{"id":2774,"date":"2019-03-30T20:07:46","date_gmt":"2019-03-30T19:07:46","guid":{"rendered":"http:\/\/ecojardindesgrivauds.fr\/?p=2774"},"modified":"2019-03-30T21:43:57","modified_gmt":"2019-03-30T20:43:57","slug":"les-maraichers-du-contrevent","status":"publish","type":"post","link":"https:\/\/ecojardindesgrivauds.fr\/?p=2774","title":{"rendered":"Les mara\u00eechers du contrevent"},"content":{"rendered":"\n<div class=\"wp-block-image\"><figure class=\"alignleft\"><a href=\"http:\/\/ecojardindesgrivauds.fr\/wp-content\/uploads\/2019\/03\/2019-03-26_15-58-53.jpg\"><img decoding=\"async\" loading=\"lazy\" width=\"225\" height=\"300\" src=\"http:\/\/ecojardindesgrivauds.fr\/wp-content\/uploads\/2019\/03\/2019-03-26_15-58-53-225x300.jpg\" alt=\"\" class=\"wp-image-2784\" srcset=\"https:\/\/ecojardindesgrivauds.fr\/wp-content\/uploads\/2019\/03\/2019-03-26_15-58-53-225x300.jpg 225w, https:\/\/ecojardindesgrivauds.fr\/wp-content\/uploads\/2019\/03\/2019-03-26_15-58-53.jpg 767w\" sizes=\"(max-width: 225px) 100vw, 225px\" \/><\/a><figcaption>Plantation d&rsquo;oignons par Camille<\/figcaption><\/figure><\/div>\n\n\n\n<p>\u00c7a souffle aux Grivauds. Une bise froide et s\u00e8che, nous offrant \u00e0 la fois des ciels bien d\u00e9gag\u00e9s et des gel\u00e9es matinales syst\u00e9matiques. Nos joues et nos nez se teintent sous la caresse chaude du soleil printanier et dans le m\u00eame temps, nous h\u00e9sitons \u00e0 faire tomber nos pulls, tant le fond de l&rsquo;air reste frais. Les rafales du d\u00e9but de semaine se font n\u00e9anmoins tr\u00e8s vite oublier, bouscul\u00e9es par les joyeuses bourrasques d&rsquo;\u00e9nergie que nous apportent nos petites mains du moment : Laurence (notre stagiaire), Camille et Aymeric (nos deux premiers wwoofeurs de l&rsquo;ann\u00e9e).<\/p>\n\n\n\n<div class=\"wp-block-image\"><figure class=\"alignright\"><a href=\"http:\/\/ecojardindesgrivauds.fr\/wp-content\/uploads\/2019\/03\/2019-03-25_13-47-09.jpg\"><img decoding=\"async\" loading=\"lazy\" width=\"300\" height=\"225\" src=\"http:\/\/ecojardindesgrivauds.fr\/wp-content\/uploads\/2019\/03\/2019-03-25_13-47-09-300x225.jpg\" alt=\"\" class=\"wp-image-2780\" srcset=\"https:\/\/ecojardindesgrivauds.fr\/wp-content\/uploads\/2019\/03\/2019-03-25_13-47-09-300x225.jpg 300w, https:\/\/ecojardindesgrivauds.fr\/wp-content\/uploads\/2019\/03\/2019-03-25_13-47-09-768x576.jpg 768w, https:\/\/ecojardindesgrivauds.fr\/wp-content\/uploads\/2019\/03\/2019-03-25_13-47-09.jpg 1024w\" sizes=\"(max-width: 300px) 100vw, 300px\" \/><\/a><figcaption>Paillage des petits pois par Aymeric<\/figcaption><\/figure><\/div>\n\n\n\n<p>Laurence, on ne vous la pr\u00e9sente plus ; c&rsquo;est sa 4\u00e8me fois aux Grivauds et elle attaque sa derni\u00e8re ligne droite vers le BPREA. Cette semaine, on lui a r\u00e9serv\u00e9 quelques nouveaut\u00e9s, dont le palissage des petits pois et la r\u00e9colte du mesclun. Camille et Aymeric, de leur c\u00f4t\u00e9, nous viennent de M\u00e2lain, en C\u00f4te-d&rsquo;Or et d\u00e9butent une tourn\u00e9e de wwoofing \u00e0 travers la France. Ils emm\u00e8nent avec eux Raymond, un vieux camping-car qui les prot\u00e8gent tant bien que mal de la rigueur des nuits bourbonnaises. Gr\u00e2ce \u00e0 tous les trois, le jardin a pris un s\u00e9rieux coup d&rsquo;acc\u00e9l\u00e9rateur : semis de petits pois et de pois mangetout en plein champ, plantation des pommes-de-terre, plantation des oignons, etc.<\/p>\n\n\n\n<div class=\"wp-block-image\"><figure class=\"alignright\"><a href=\"http:\/\/ecojardindesgrivauds.fr\/wp-content\/uploads\/2019\/03\/2019-03-26_15-51-01.jpg\"><img decoding=\"async\" loading=\"lazy\" width=\"300\" height=\"225\" src=\"http:\/\/ecojardindesgrivauds.fr\/wp-content\/uploads\/2019\/03\/2019-03-26_15-51-01-300x225.jpg\" alt=\"\" class=\"wp-image-2783\" srcset=\"https:\/\/ecojardindesgrivauds.fr\/wp-content\/uploads\/2019\/03\/2019-03-26_15-51-01-300x225.jpg 300w, https:\/\/ecojardindesgrivauds.fr\/wp-content\/uploads\/2019\/03\/2019-03-26_15-51-01-768x576.jpg 768w, https:\/\/ecojardindesgrivauds.fr\/wp-content\/uploads\/2019\/03\/2019-03-26_15-51-01.jpg 1024w\" sizes=\"(max-width: 300px) 100vw, 300px\" \/><\/a><figcaption>Apr\u00e8s avoir paill\u00e9 une planche (ici les pommes de terre), on passe le rouleau pour bien tasser la paille.<\/figcaption><\/figure><\/div>\n\n\n\n<p>Faute d&rsquo;attendre que le ciel daigne nous faire tomber un peu d&rsquo;eau dessus, c&rsquo;est une jolie pluie jaune qui a commenc\u00e9 \u00e0 tomber sur nos planches de culture ! On a d\u00e9pos\u00e9 de la paille sur nos pommes-de-terre primeurs (serre n\u00ba3), sur notre semis de f\u00e8ves (qui commencent enfin \u00e0 lever !), sur nos asperges et sur une partie de nos oignons fra\u00eechement plant\u00e9s. Le paillage, c&rsquo;est une op\u00e9ration tr\u00e8s longue (il faut une journ\u00e9e pour pailler une bande de 110m) mais qui fait sens dans notre \u00c9coJardin. La paille a trois fonctions : elle nourrit le sol en faisant remonter son taux de mati\u00e8re organique, elle permet de ma\u00eetriser l&rsquo;enherbement (notamment celui qui est d\u00fb aux annuelles : finis les ch\u00e9nopodes et des digitaires&#8230;) et limite le dess\u00e8chement du sol (tr\u00e8s utile en \u00e9t\u00e9). Et en plus, tout ce jaune dans notre champ, c&rsquo;est beau, non ?<\/p>\n\n\n\n<p>\u00c0 la semaine prochaine !<\/p>\n\n\n\n<p><em>Cliquez sur les photos ci-dessous pour les agrandir et lire les l\u00e9gendes.<\/em><\/p>\n\n\n\n<!-- index.php -->\n<div\n\tclass=\"ngg-galleryoverview ngg-ajax-pagination-none\"\n\tid=\"ngg-gallery-41d10495b0fd9d5fe521e620790cb908-1\">\n\n    \t\t<!-- Thumbnails -->\n\t\t\t\t<div id=\"ngg-image-0\" class=\"ngg-gallery-thumbnail-box\" >\n\t\t\t\t        <div class=\"ngg-gallery-thumbnail\">\n            <a href=\"https:\/\/ecojardindesgrivauds.fr\/wp-content\/gallery\/2019_03_30-premiers-wwoofeurs\/2019-03-25_10-28-34.jpg\"\n               title=\"Fin du semis de petits pois ; cette fois-ci, on s\u00e8me en poquets, bien plus rapide \u00e0 faire !\"\n               data-src=\"https:\/\/ecojardindesgrivauds.fr\/wp-content\/gallery\/2019_03_30-premiers-wwoofeurs\/2019-03-25_10-28-34.jpg\"\n               data-thumbnail=\"https:\/\/ecojardindesgrivauds.fr\/wp-content\/gallery\/2019_03_30-premiers-wwoofeurs\/thumbs\/thumbs_2019-03-25_10-28-34.jpg\"\n               data-image-id=\"799\"\n               data-title=\"Trois personnes sur une m\u00eame planche : Camille et Aymeric au semis de petits pois et Laurence au d\u00e9sherbage.\"\n               data-description=\"Fin du semis de petits pois ; cette fois-ci, on s\u00e8me en poquets, bien plus rapide \u00e0 faire !\"\n               data-image-slug=\"2019-03-25_10-28-34\"\n               class=\"ngg-fancybox\" rel=\"41d10495b0fd9d5fe521e620790cb908\">\n                <img\n                    title=\"Trois personnes sur une m\u00eame planche : Camille et Aymeric au semis de petits pois et Laurence au d\u00e9sherbage.\"\n                    alt=\"Trois personnes sur une m\u00eame planche : Camille et Aymeric au semis de petits pois et Laurence au d\u00e9sherbage.\"\n                    src=\"https:\/\/ecojardindesgrivauds.fr\/wp-content\/gallery\/2019_03_30-premiers-wwoofeurs\/thumbs\/thumbs_2019-03-25_10-28-34.jpg\"\n                    width=\"240\"\n                    height=\"160\"\n                    style=\"max-width:100%;\"\n                \/>\n            <\/a>\n        <\/div>\n\t\t\t\t\t\t\t<\/div> \n\t\t\t\n        \n\t\t\t\t<div id=\"ngg-image-1\" class=\"ngg-gallery-thumbnail-box\" >\n\t\t\t\t        <div class=\"ngg-gallery-thumbnail\">\n            <a href=\"https:\/\/ecojardindesgrivauds.fr\/wp-content\/gallery\/2019_03_30-premiers-wwoofeurs\/2019-03-25_10-28-26.jpg\"\n               title=\"Les petits pois dans leurs poquets, avant qu&#039;on les recouvre de terre et de paille.\"\n               data-src=\"https:\/\/ecojardindesgrivauds.fr\/wp-content\/gallery\/2019_03_30-premiers-wwoofeurs\/2019-03-25_10-28-26.jpg\"\n               data-thumbnail=\"https:\/\/ecojardindesgrivauds.fr\/wp-content\/gallery\/2019_03_30-premiers-wwoofeurs\/thumbs\/thumbs_2019-03-25_10-28-26.jpg\"\n               data-image-id=\"798\"\n               data-title=\"2019-03-25_10-28-26\"\n               data-description=\"Les petits pois dans leurs poquets, avant qu&#039;on les recouvre de terre et de paille.\"\n               data-image-slug=\"2019-03-25_10-28-26\"\n               class=\"ngg-fancybox\" rel=\"41d10495b0fd9d5fe521e620790cb908\">\n                <img\n                    title=\"2019-03-25_10-28-26\"\n                    alt=\"2019-03-25_10-28-26\"\n                    src=\"https:\/\/ecojardindesgrivauds.fr\/wp-content\/gallery\/2019_03_30-premiers-wwoofeurs\/thumbs\/thumbs_2019-03-25_10-28-26.jpg\"\n                    width=\"240\"\n                    height=\"160\"\n                    style=\"max-width:100%;\"\n                \/>\n            <\/a>\n        <\/div>\n\t\t\t\t\t\t\t<\/div> \n\t\t\t\n        \n\t\t\t\t<div id=\"ngg-image-2\" class=\"ngg-gallery-thumbnail-box\" >\n\t\t\t\t        <div class=\"ngg-gallery-thumbnail\">\n            <a href=\"https:\/\/ecojardindesgrivauds.fr\/wp-content\/gallery\/2019_03_30-premiers-wwoofeurs\/2019-03-25_16-08-22.jpg\"\n               title=\"Laurence a pris tellement d&#039;exp\u00e9rience dans notre jardin que c&#039;est elle qui explique \u00e0 Fabrice comment on palisse les petits pois.\"\n               data-src=\"https:\/\/ecojardindesgrivauds.fr\/wp-content\/gallery\/2019_03_30-premiers-wwoofeurs\/2019-03-25_16-08-22.jpg\"\n               data-thumbnail=\"https:\/\/ecojardindesgrivauds.fr\/wp-content\/gallery\/2019_03_30-premiers-wwoofeurs\/thumbs\/thumbs_2019-03-25_16-08-22.jpg\"\n               data-image-id=\"800\"\n               data-title=\"2019-03-25_16-08-22\"\n               data-description=\"Laurence a pris tellement d&#039;exp\u00e9rience dans notre jardin que c&#039;est elle qui explique \u00e0 Fabrice comment on palisse les petits pois.\"\n               data-image-slug=\"2019-03-25_16-08-22\"\n               class=\"ngg-fancybox\" rel=\"41d10495b0fd9d5fe521e620790cb908\">\n                <img\n                    title=\"2019-03-25_16-08-22\"\n                    alt=\"2019-03-25_16-08-22\"\n                    src=\"https:\/\/ecojardindesgrivauds.fr\/wp-content\/gallery\/2019_03_30-premiers-wwoofeurs\/thumbs\/thumbs_2019-03-25_16-08-22.jpg\"\n                    width=\"240\"\n                    height=\"160\"\n                    style=\"max-width:100%;\"\n                \/>\n            <\/a>\n        <\/div>\n\t\t\t\t\t\t\t<\/div> \n\t\t\t\n        \n\t\t\t\t<div id=\"ngg-image-3\" class=\"ngg-gallery-thumbnail-box\" >\n\t\t\t\t        <div class=\"ngg-gallery-thumbnail\">\n            <a href=\"https:\/\/ecojardindesgrivauds.fr\/wp-content\/gallery\/2019_03_30-premiers-wwoofeurs\/2019-03-29_12-22-59.jpg\"\n               title=\"Depuis le temps que Laurence r\u00e9clamait de faire une r\u00e9colte de mesclun !...\"\n               data-src=\"https:\/\/ecojardindesgrivauds.fr\/wp-content\/gallery\/2019_03_30-premiers-wwoofeurs\/2019-03-29_12-22-59.jpg\"\n               data-thumbnail=\"https:\/\/ecojardindesgrivauds.fr\/wp-content\/gallery\/2019_03_30-premiers-wwoofeurs\/thumbs\/thumbs_2019-03-29_12-22-59.jpg\"\n               data-image-id=\"808\"\n               data-title=\"2019-03-29_12-22-59\"\n               data-description=\"Depuis le temps que Laurence r\u00e9clamait de faire une r\u00e9colte de mesclun !...\"\n               data-image-slug=\"2019-03-29_12-22-59\"\n               class=\"ngg-fancybox\" rel=\"41d10495b0fd9d5fe521e620790cb908\">\n                <img\n                    title=\"2019-03-29_12-22-59\"\n                    alt=\"2019-03-29_12-22-59\"\n                    src=\"https:\/\/ecojardindesgrivauds.fr\/wp-content\/gallery\/2019_03_30-premiers-wwoofeurs\/thumbs\/thumbs_2019-03-29_12-22-59.jpg\"\n                    width=\"240\"\n                    height=\"160\"\n                    style=\"max-width:100%;\"\n                \/>\n            <\/a>\n        <\/div>\n\t\t\t\t\t\t\t<\/div> \n\t\t\t\n        \n\t\t\t\t<div id=\"ngg-image-4\" class=\"ngg-gallery-thumbnail-box\" >\n\t\t\t\t        <div class=\"ngg-gallery-thumbnail\">\n            <a href=\"https:\/\/ecojardindesgrivauds.fr\/wp-content\/gallery\/2019_03_30-premiers-wwoofeurs\/2019-03-26_15-15-58.jpg\"\n               title=\"D\u00e9litage de paille dans le vent...\"\n               data-src=\"https:\/\/ecojardindesgrivauds.fr\/wp-content\/gallery\/2019_03_30-premiers-wwoofeurs\/2019-03-26_15-15-58.jpg\"\n               data-thumbnail=\"https:\/\/ecojardindesgrivauds.fr\/wp-content\/gallery\/2019_03_30-premiers-wwoofeurs\/thumbs\/thumbs_2019-03-26_15-15-58.jpg\"\n               data-image-id=\"801\"\n               data-title=\"2019-03-26_15-15-58\"\n               data-description=\"D\u00e9litage de paille dans le vent...\"\n               data-image-slug=\"2019-03-26_15-15-58\"\n               class=\"ngg-fancybox\" rel=\"41d10495b0fd9d5fe521e620790cb908\">\n                <img\n                    title=\"2019-03-26_15-15-58\"\n                    alt=\"2019-03-26_15-15-58\"\n                    src=\"https:\/\/ecojardindesgrivauds.fr\/wp-content\/gallery\/2019_03_30-premiers-wwoofeurs\/thumbs\/thumbs_2019-03-26_15-15-58.jpg\"\n                    width=\"240\"\n                    height=\"160\"\n                    style=\"max-width:100%;\"\n                \/>\n            <\/a>\n        <\/div>\n\t\t\t\t\t\t\t<\/div> \n\t\t\t\n        \n\t\t\t\t<div id=\"ngg-image-5\" class=\"ngg-gallery-thumbnail-box\" >\n\t\t\t\t        <div class=\"ngg-gallery-thumbnail\">\n            <a href=\"https:\/\/ecojardindesgrivauds.fr\/wp-content\/gallery\/2019_03_30-premiers-wwoofeurs\/2019-03-29_11-56-17.jpg\"\n               title=\"Camille et Bob\"\n               data-src=\"https:\/\/ecojardindesgrivauds.fr\/wp-content\/gallery\/2019_03_30-premiers-wwoofeurs\/2019-03-29_11-56-17.jpg\"\n               data-thumbnail=\"https:\/\/ecojardindesgrivauds.fr\/wp-content\/gallery\/2019_03_30-premiers-wwoofeurs\/thumbs\/thumbs_2019-03-29_11-56-17.jpg\"\n               data-image-id=\"807\"\n               data-title=\"2019-03-29_11-56-17\"\n               data-description=\"Camille et Bob\"\n               data-image-slug=\"2019-03-29_11-56-17\"\n               class=\"ngg-fancybox\" rel=\"41d10495b0fd9d5fe521e620790cb908\">\n                <img\n                    title=\"2019-03-29_11-56-17\"\n                    alt=\"2019-03-29_11-56-17\"\n                    src=\"https:\/\/ecojardindesgrivauds.fr\/wp-content\/gallery\/2019_03_30-premiers-wwoofeurs\/thumbs\/thumbs_2019-03-29_11-56-17.jpg\"\n                    width=\"240\"\n                    height=\"160\"\n                    style=\"max-width:100%;\"\n                \/>\n            <\/a>\n        <\/div>\n\t\t\t\t\t\t\t<\/div> \n\t\t\t\n        \n\t\t\t\t<div id=\"ngg-image-6\" class=\"ngg-gallery-thumbnail-box\" >\n\t\t\t\t        <div class=\"ngg-gallery-thumbnail\">\n            <a href=\"https:\/\/ecojardindesgrivauds.fr\/wp-content\/gallery\/2019_03_30-premiers-wwoofeurs\/2019-03-27_17-05-57.jpg\"\n               title=\"Les f\u00e8ves sortent de leur poquet : il \u00e9tait temps de les pailler !\"\n               data-src=\"https:\/\/ecojardindesgrivauds.fr\/wp-content\/gallery\/2019_03_30-premiers-wwoofeurs\/2019-03-27_17-05-57.jpg\"\n               data-thumbnail=\"https:\/\/ecojardindesgrivauds.fr\/wp-content\/gallery\/2019_03_30-premiers-wwoofeurs\/thumbs\/thumbs_2019-03-27_17-05-57.jpg\"\n               data-image-id=\"803\"\n               data-title=\"2019-03-27_17-05-57\"\n               data-description=\"Les f\u00e8ves sortent de leur poquet : il \u00e9tait temps de les pailler !\"\n               data-image-slug=\"2019-03-27_17-05-57\"\n               class=\"ngg-fancybox\" rel=\"41d10495b0fd9d5fe521e620790cb908\">\n                <img\n                    title=\"2019-03-27_17-05-57\"\n                    alt=\"2019-03-27_17-05-57\"\n                    src=\"https:\/\/ecojardindesgrivauds.fr\/wp-content\/gallery\/2019_03_30-premiers-wwoofeurs\/thumbs\/thumbs_2019-03-27_17-05-57.jpg\"\n                    width=\"240\"\n                    height=\"160\"\n                    style=\"max-width:100%;\"\n                \/>\n            <\/a>\n        <\/div>\n\t\t\t\t\t\t\t<\/div> \n\t\t\t\n        \n\t\t\t\t<div id=\"ngg-image-7\" class=\"ngg-gallery-thumbnail-box\" >\n\t\t\t\t        <div class=\"ngg-gallery-thumbnail\">\n            <a href=\"https:\/\/ecojardindesgrivauds.fr\/wp-content\/gallery\/2019_03_30-premiers-wwoofeurs\/2019-03-27_13-46-42.jpg\"\n               title=\"Ficaire en fleur (ficaria verna)\"\n               data-src=\"https:\/\/ecojardindesgrivauds.fr\/wp-content\/gallery\/2019_03_30-premiers-wwoofeurs\/2019-03-27_13-46-42.jpg\"\n               data-thumbnail=\"https:\/\/ecojardindesgrivauds.fr\/wp-content\/gallery\/2019_03_30-premiers-wwoofeurs\/thumbs\/thumbs_2019-03-27_13-46-42.jpg\"\n               data-image-id=\"802\"\n               data-title=\"2019-03-27_13-46-42\"\n               data-description=\"Ficaire en fleur (ficaria verna)\"\n               data-image-slug=\"2019-03-27_13-46-42\"\n               class=\"ngg-fancybox\" rel=\"41d10495b0fd9d5fe521e620790cb908\">\n                <img\n                    title=\"2019-03-27_13-46-42\"\n                    alt=\"2019-03-27_13-46-42\"\n                    src=\"https:\/\/ecojardindesgrivauds.fr\/wp-content\/gallery\/2019_03_30-premiers-wwoofeurs\/thumbs\/thumbs_2019-03-27_13-46-42.jpg\"\n                    width=\"240\"\n                    height=\"160\"\n                    style=\"max-width:100%;\"\n                \/>\n            <\/a>\n        <\/div>\n\t\t\t\t\t\t\t<\/div> \n\t\t\t\n        \n\t\t\t\t<div id=\"ngg-image-8\" class=\"ngg-gallery-thumbnail-box\" >\n\t\t\t\t        <div class=\"ngg-gallery-thumbnail\">\n            <a href=\"https:\/\/ecojardindesgrivauds.fr\/wp-content\/gallery\/2019_03_30-premiers-wwoofeurs\/2019-03-29_19-09-43.jpg\"\n               title=\"Stellaire holost\u00e9e en fleur\"\n               data-src=\"https:\/\/ecojardindesgrivauds.fr\/wp-content\/gallery\/2019_03_30-premiers-wwoofeurs\/2019-03-29_19-09-43.jpg\"\n               data-thumbnail=\"https:\/\/ecojardindesgrivauds.fr\/wp-content\/gallery\/2019_03_30-premiers-wwoofeurs\/thumbs\/thumbs_2019-03-29_19-09-43.jpg\"\n               data-image-id=\"809\"\n               data-title=\"2019-03-29_19-09-43\"\n               data-description=\"Stellaire holost\u00e9e en fleur\"\n               data-image-slug=\"2019-03-29_19-09-43\"\n               class=\"ngg-fancybox\" rel=\"41d10495b0fd9d5fe521e620790cb908\">\n                <img\n                    title=\"2019-03-29_19-09-43\"\n                    alt=\"2019-03-29_19-09-43\"\n                    src=\"https:\/\/ecojardindesgrivauds.fr\/wp-content\/gallery\/2019_03_30-premiers-wwoofeurs\/thumbs\/thumbs_2019-03-29_19-09-43.jpg\"\n                    width=\"240\"\n                    height=\"160\"\n                    style=\"max-width:100%;\"\n                \/>\n            <\/a>\n        <\/div>\n\t\t\t\t\t\t\t<\/div> \n\t\t\t\n        \n\t\t\t\t<div id=\"ngg-image-9\" class=\"ngg-gallery-thumbnail-box\" >\n\t\t\t\t        <div class=\"ngg-gallery-thumbnail\">\n            <a href=\"https:\/\/ecojardindesgrivauds.fr\/wp-content\/gallery\/2019_03_30-premiers-wwoofeurs\/2019-03-30_16-09-36.jpg\"\n               title=\"Abeille charpenti\u00e8re (Xylocopa violacea) sur fleur de roquette\"\n               data-src=\"https:\/\/ecojardindesgrivauds.fr\/wp-content\/gallery\/2019_03_30-premiers-wwoofeurs\/2019-03-30_16-09-36.jpg\"\n               data-thumbnail=\"https:\/\/ecojardindesgrivauds.fr\/wp-content\/gallery\/2019_03_30-premiers-wwoofeurs\/thumbs\/thumbs_2019-03-30_16-09-36.jpg\"\n               data-image-id=\"810\"\n               data-title=\"2019-03-30_16-09-36\"\n               data-description=\"Abeille charpenti\u00e8re (Xylocopa violacea) sur fleur de roquette\"\n               data-image-slug=\"2019-03-30_16-09-36\"\n               class=\"ngg-fancybox\" rel=\"41d10495b0fd9d5fe521e620790cb908\">\n                <img\n                    title=\"2019-03-30_16-09-36\"\n                    alt=\"2019-03-30_16-09-36\"\n                    src=\"https:\/\/ecojardindesgrivauds.fr\/wp-content\/gallery\/2019_03_30-premiers-wwoofeurs\/thumbs\/thumbs_2019-03-30_16-09-36.jpg\"\n                    width=\"240\"\n                    height=\"160\"\n                    style=\"max-width:100%;\"\n                \/>\n            <\/a>\n        <\/div>\n\t\t\t\t\t\t\t<\/div> \n\t\t\t\n        \n\t\t\t\t<div id=\"ngg-image-10\" class=\"ngg-gallery-thumbnail-box\" >\n\t\t\t\t        <div class=\"ngg-gallery-thumbnail\">\n            <a href=\"https:\/\/ecojardindesgrivauds.fr\/wp-content\/gallery\/2019_03_30-premiers-wwoofeurs\/2019-03-27_16-56-16.jpg\"\n               title=\"Cigogne\"\n               data-src=\"https:\/\/ecojardindesgrivauds.fr\/wp-content\/gallery\/2019_03_30-premiers-wwoofeurs\/2019-03-27_16-56-16.jpg\"\n               data-thumbnail=\"https:\/\/ecojardindesgrivauds.fr\/wp-content\/gallery\/2019_03_30-premiers-wwoofeurs\/thumbs\/thumbs_2019-03-27_16-56-16.jpg\"\n               data-image-id=\"804\"\n               data-title=\"2019-03-27_16-56-16\"\n               data-description=\"Cigogne\"\n               data-image-slug=\"2019-03-27_16-56-16\"\n               class=\"ngg-fancybox\" rel=\"41d10495b0fd9d5fe521e620790cb908\">\n                <img\n                    title=\"2019-03-27_16-56-16\"\n                    alt=\"2019-03-27_16-56-16\"\n                    src=\"https:\/\/ecojardindesgrivauds.fr\/wp-content\/gallery\/2019_03_30-premiers-wwoofeurs\/thumbs\/thumbs_2019-03-27_16-56-16.jpg\"\n                    width=\"240\"\n                    height=\"160\"\n                    style=\"max-width:100%;\"\n                \/>\n            <\/a>\n        <\/div>\n\t\t\t\t\t\t\t<\/div> \n\t\t\t\n        \n\t\t\t\t<div id=\"ngg-image-11\" class=\"ngg-gallery-thumbnail-box\" >\n\t\t\t\t        <div class=\"ngg-gallery-thumbnail\">\n            <a href=\"https:\/\/ecojardindesgrivauds.fr\/wp-content\/gallery\/2019_03_30-premiers-wwoofeurs\/2019-03-28_10-06-20.jpg\"\n               title=\"Bataille en plein ciel : un milan royal se fait chahuter par une corneille\"\n               data-src=\"https:\/\/ecojardindesgrivauds.fr\/wp-content\/gallery\/2019_03_30-premiers-wwoofeurs\/2019-03-28_10-06-20.jpg\"\n               data-thumbnail=\"https:\/\/ecojardindesgrivauds.fr\/wp-content\/gallery\/2019_03_30-premiers-wwoofeurs\/thumbs\/thumbs_2019-03-28_10-06-20.jpg\"\n               data-image-id=\"805\"\n               data-title=\"2019-03-28_10-06-20\"\n               data-description=\"Bataille en plein ciel : un milan royal se fait chahuter par une corneille\"\n               data-image-slug=\"2019-03-28_10-06-20\"\n               class=\"ngg-fancybox\" rel=\"41d10495b0fd9d5fe521e620790cb908\">\n                <img\n                    title=\"2019-03-28_10-06-20\"\n                    alt=\"2019-03-28_10-06-20\"\n                    src=\"https:\/\/ecojardindesgrivauds.fr\/wp-content\/gallery\/2019_03_30-premiers-wwoofeurs\/thumbs\/thumbs_2019-03-28_10-06-20.jpg\"\n                    width=\"240\"\n                    height=\"160\"\n                    style=\"max-width:100%;\"\n                \/>\n            <\/a>\n        <\/div>\n\t\t\t\t\t\t\t<\/div> \n\t\t\t\n        \n\t\t\t\t<div id=\"ngg-image-12\" class=\"ngg-gallery-thumbnail-box\" >\n\t\t\t\t        <div class=\"ngg-gallery-thumbnail\">\n            <a href=\"https:\/\/ecojardindesgrivauds.fr\/wp-content\/gallery\/2019_03_30-premiers-wwoofeurs\/2019-03-29_10-58-14.jpg\"\n               title=\"Hirondelle\"\n               data-src=\"https:\/\/ecojardindesgrivauds.fr\/wp-content\/gallery\/2019_03_30-premiers-wwoofeurs\/2019-03-29_10-58-14.jpg\"\n               data-thumbnail=\"https:\/\/ecojardindesgrivauds.fr\/wp-content\/gallery\/2019_03_30-premiers-wwoofeurs\/thumbs\/thumbs_2019-03-29_10-58-14.jpg\"\n               data-image-id=\"806\"\n               data-title=\"2019-03-29_10-58-14\"\n               data-description=\"Hirondelle\"\n               data-image-slug=\"2019-03-29_10-58-14\"\n               class=\"ngg-fancybox\" rel=\"41d10495b0fd9d5fe521e620790cb908\">\n                <img\n                    title=\"2019-03-29_10-58-14\"\n                    alt=\"2019-03-29_10-58-14\"\n                    src=\"https:\/\/ecojardindesgrivauds.fr\/wp-content\/gallery\/2019_03_30-premiers-wwoofeurs\/thumbs\/thumbs_2019-03-29_10-58-14.jpg\"\n                    width=\"240\"\n                    height=\"160\"\n                    style=\"max-width:100%;\"\n                \/>\n            <\/a>\n        <\/div>\n\t\t\t\t\t\t\t<\/div> \n\t\t\t\n        \n\t\t\t\t<div id=\"ngg-image-13\" class=\"ngg-gallery-thumbnail-box\" >\n\t\t\t\t        <div class=\"ngg-gallery-thumbnail\">\n            <a href=\"https:\/\/ecojardindesgrivauds.fr\/wp-content\/gallery\/2019_03_30-premiers-wwoofeurs\/2019-03-30_16-15-35.jpg\"\n               title=\"Fauvette \u00e0 t\u00eate noire au milieu des fleurs de prunellier\"\n               data-src=\"https:\/\/ecojardindesgrivauds.fr\/wp-content\/gallery\/2019_03_30-premiers-wwoofeurs\/2019-03-30_16-15-35.jpg\"\n               data-thumbnail=\"https:\/\/ecojardindesgrivauds.fr\/wp-content\/gallery\/2019_03_30-premiers-wwoofeurs\/thumbs\/thumbs_2019-03-30_16-15-35.jpg\"\n               data-image-id=\"812\"\n               data-title=\"2019-03-30_16-15-35\"\n               data-description=\"Fauvette \u00e0 t\u00eate noire au milieu des fleurs de prunellier\"\n               data-image-slug=\"2019-03-30_16-15-35\"\n               class=\"ngg-fancybox\" rel=\"41d10495b0fd9d5fe521e620790cb908\">\n                <img\n                    title=\"2019-03-30_16-15-35\"\n                    alt=\"2019-03-30_16-15-35\"\n                    src=\"https:\/\/ecojardindesgrivauds.fr\/wp-content\/gallery\/2019_03_30-premiers-wwoofeurs\/thumbs\/thumbs_2019-03-30_16-15-35.jpg\"\n                    width=\"240\"\n                    height=\"160\"\n                    style=\"max-width:100%;\"\n                \/>\n            <\/a>\n        <\/div>\n\t\t\t\t\t\t\t<\/div> \n\t\t\t\n        \n\t\t\t\t<div id=\"ngg-image-14\" class=\"ngg-gallery-thumbnail-box\" >\n\t\t\t\t        <div class=\"ngg-gallery-thumbnail\">\n            <a href=\"https:\/\/ecojardindesgrivauds.fr\/wp-content\/gallery\/2019_03_30-premiers-wwoofeurs\/2019-03-30_08-50-23.jpg\"\n               title=\"Et pendant ce temps, Mi-Roux et Ramsmouth r\u00e9p\u00e8tent la sc\u00e8ne du balcon de Rom\u00e9o et Juliette\"\n               data-src=\"https:\/\/ecojardindesgrivauds.fr\/wp-content\/gallery\/2019_03_30-premiers-wwoofeurs\/2019-03-30_08-50-23.jpg\"\n               data-thumbnail=\"https:\/\/ecojardindesgrivauds.fr\/wp-content\/gallery\/2019_03_30-premiers-wwoofeurs\/thumbs\/thumbs_2019-03-30_08-50-23.jpg\"\n               data-image-id=\"811\"\n               data-title=\"2019-03-30_08-50-23\"\n               data-description=\"Et pendant ce temps, Mi-Roux et Ramsmouth r\u00e9p\u00e8tent la sc\u00e8ne du balcon de Rom\u00e9o et Juliette\"\n               data-image-slug=\"2019-03-30_08-50-23\"\n               class=\"ngg-fancybox\" rel=\"41d10495b0fd9d5fe521e620790cb908\">\n                <img\n                    title=\"2019-03-30_08-50-23\"\n                    alt=\"2019-03-30_08-50-23\"\n                    src=\"https:\/\/ecojardindesgrivauds.fr\/wp-content\/gallery\/2019_03_30-premiers-wwoofeurs\/thumbs\/thumbs_2019-03-30_08-50-23.jpg\"\n                    width=\"240\"\n                    height=\"160\"\n                    style=\"max-width:100%;\"\n                \/>\n            <\/a>\n        <\/div>\n\t\t\t\t\t\t\t<\/div> \n\t\t\t\n        \n\t\t\n\t\t<!-- Pagination -->\n\t<div class='ngg-clear'><\/div>\t<\/div>\n\n","protected":false},"excerpt":{"rendered":"<p>\u00c7a souffle aux Grivauds. Une bise froide et s\u00e8che, nous offrant \u00e0 la fois des ciels bien d\u00e9gag\u00e9s et des gel\u00e9es matinales syst\u00e9matiques. Nos joues et nos nez se teintent sous la caresse chaude du soleil printanier et dans le m\u00eame temps, nous h\u00e9sitons \u00e0 faire tomber nos pulls, tant le fond de l&rsquo;air reste &hellip; <\/p>\n<p class=\"link-more\"><a href=\"https:\/\/ecojardindesgrivauds.fr\/?p=2774\" class=\"more-link\">Continuer la lecture<span class=\"screen-reader-text\"> de &laquo;&nbsp;Les mara\u00eechers du contrevent&nbsp;&raquo;<\/span><\/a><\/p>\n","protected":false},"author":1,"featured_media":0,"comment_status":"open","ping_status":"open","sticky":false,"template":"","format":"standard","meta":{"ngg_post_thumbnail":0},"categories":[1],"tags":[],"_links":{"self":[{"href":"https:\/\/ecojardindesgrivauds.fr\/index.php?rest_route=\/wp\/v2\/posts\/2774"}],"collection":[{"href":"https:\/\/ecojardindesgrivauds.fr\/index.php?rest_route=\/wp\/v2\/posts"}],"about":[{"href":"https:\/\/ecojardindesgrivauds.fr\/index.php?rest_route=\/wp\/v2\/types\/post"}],"author":[{"embeddable":true,"href":"https:\/\/ecojardindesgrivauds.fr\/index.php?rest_route=\/wp\/v2\/users\/1"}],"replies":[{"embeddable":true,"href":"https:\/\/ecojardindesgrivauds.fr\/index.php?rest_route=%2Fwp%2Fv2%2Fcomments&post=2774"}],"version-history":[{"count":11,"href":"https:\/\/ecojardindesgrivauds.fr\/index.php?rest_route=\/wp\/v2\/posts\/2774\/revisions"}],"predecessor-version":[{"id":2820,"href":"https:\/\/ecojardindesgrivauds.fr\/index.php?rest_route=\/wp\/v2\/posts\/2774\/revisions\/2820"}],"wp:attachment":[{"href":"https:\/\/ecojardindesgrivauds.fr\/index.php?rest_route=%2Fwp%2Fv2%2Fmedia&parent=2774"}],"wp:term":[{"taxonomy":"category","embeddable":true,"href":"https:\/\/ecojardindesgrivauds.fr\/index.php?rest_route=%2Fwp%2Fv2%2Fcategories&post=2774"},{"taxonomy":"post_tag","embeddable":true,"href":"https:\/\/ecojardindesgrivauds.fr\/index.php?rest_route=%2Fwp%2Fv2%2Ftags&post=2774"}],"curies":[{"name":"wp","href":"https:\/\/api.w.org\/{rel}","templated":true}]}}