{"id":2852,"date":"2019-04-14T08:04:53","date_gmt":"2019-04-14T06:04:53","guid":{"rendered":"http:\/\/ecojardindesgrivauds.fr\/?p=2852"},"modified":"2019-04-14T08:46:34","modified_gmt":"2019-04-14T06:46:34","slug":"chante-rossignol-chante","status":"publish","type":"post","link":"https:\/\/ecojardindesgrivauds.fr\/?p=2852","title":{"rendered":"Chante, Rossignol, chante !"},"content":{"rendered":"\n<div class=\"wp-block-image\"><figure class=\"alignright\"><a href=\"http:\/\/ecojardindesgrivauds.fr\/wp-content\/uploads\/2019\/04\/2019-04-12_18-22-59.jpg\"><img decoding=\"async\" loading=\"lazy\" width=\"300\" height=\"225\" src=\"http:\/\/ecojardindesgrivauds.fr\/wp-content\/uploads\/2019\/04\/2019-04-12_18-22-59-300x225.jpg\" alt=\"\" class=\"wp-image-2864\" srcset=\"https:\/\/ecojardindesgrivauds.fr\/wp-content\/uploads\/2019\/04\/2019-04-12_18-22-59-300x225.jpg 300w, https:\/\/ecojardindesgrivauds.fr\/wp-content\/uploads\/2019\/04\/2019-04-12_18-22-59-768x576.jpg 768w, https:\/\/ecojardindesgrivauds.fr\/wp-content\/uploads\/2019\/04\/2019-04-12_18-22-59.jpg 1024w\" sizes=\"(max-width: 300px) 100vw, 300px\" \/><\/a><figcaption>Verdier d&rsquo;Europe m\u00e2le<\/figcaption><\/figure><\/div>\n\n\n\n<p>Faute de chaleur, le printemps nous apporte tout de m\u00eame son lot d&rsquo;oiseaux et Fabrice nous fait lever la t\u00eate \u00e0 chaque instant : ici, une linotte, l\u00e0,un rossignol, l\u00e0-bas un grimpereau, ici une fauvette \u00e0 t\u00eate noire ! Alors je d\u00e9gaine mon appareil photo et je profite que nos arbres n&rsquo;aient pas encore beaucoup de feuilles pour ajouter un nouveau volatile \u00e0 ma collection photographique. Notre coup de c\u0153ur de la semaine : un petit groupe de verdiers qui s&rsquo;est laiss\u00e9 approcher et photographier. Dans nos serres, la vie au sol commence \u00e0 devenir de nouveau passionnante : on aper\u00e7oit nos premiers grillons, nos premi\u00e8res coccinelles, nos premi\u00e8res sauterelles et aussi &#8230; un magnifique crapaud calamite (voir la galerie \u00e0 la fin de l&rsquo;article) !<\/p>\n\n\n\n<div class=\"wp-block-image\"><figure class=\"alignleft\"><a href=\"http:\/\/ecojardindesgrivauds.fr\/wp-content\/uploads\/2019\/04\/2019-04-10_16-19-26.jpg\"><img decoding=\"async\" loading=\"lazy\" width=\"300\" height=\"225\" src=\"http:\/\/ecojardindesgrivauds.fr\/wp-content\/uploads\/2019\/04\/2019-04-10_16-19-26-300x225.jpg\" alt=\"\" class=\"wp-image-2859\" srcset=\"https:\/\/ecojardindesgrivauds.fr\/wp-content\/uploads\/2019\/04\/2019-04-10_16-19-26-300x225.jpg 300w, https:\/\/ecojardindesgrivauds.fr\/wp-content\/uploads\/2019\/04\/2019-04-10_16-19-26-768x576.jpg 768w, https:\/\/ecojardindesgrivauds.fr\/wp-content\/uploads\/2019\/04\/2019-04-10_16-19-26.jpg 1024w\" sizes=\"(max-width: 300px) 100vw, 300px\" \/><\/a><figcaption>Maxime (\u00e0 droite), notre nouveau wwoofeur, imm\u00e9diatement mis dans le bain (de paille).<\/figcaption><\/figure><\/div>\n\n\n\n<p>Heureusement qu&rsquo;il y a tous ces apart\u00e9s naturalistes dans notre travail parce les chantiers de la semaine ne sont pas les plus rigolos&#8230; Effray\u00e9s par les pr\u00e9visions m\u00e9t\u00e9os pour la fin de semaine (\u00e0 juste titre d&rsquo;ailleurs), on d\u00e9cide d&rsquo;abandonner pour le moment toutes les plantations de l\u00e9gumes g\u00e9lifs (dont les tomates) et on se concentre sur notre plein champ. O\u00f9, concr\u00e8tement, le travail consiste principalement \u00e0 pailler nos planches de culture&#8230; Bon, ce qui est gratifiant, tout de m\u00eame, c&rsquo;est qu&rsquo;on voit le champ se remplir progressivement, bande apr\u00e8s bande. Cette semaine, par exemple, les f\u00e8ves ont enfin travers\u00e9 la paille, \u00e0 tel point qu&rsquo;on voit bien les rangs ! Ce sera bient\u00f4t le tour des oignons en bulbille, des pommes de terre et des petits pois.<\/p>\n\n\n\n<div class=\"wp-block-image\"><figure class=\"alignright\"><a href=\"http:\/\/ecojardindesgrivauds.fr\/wp-content\/uploads\/2019\/04\/2019-04-12_12-48-25.jpg\"><img decoding=\"async\" loading=\"lazy\" width=\"300\" height=\"225\" src=\"http:\/\/ecojardindesgrivauds.fr\/wp-content\/uploads\/2019\/04\/2019-04-12_12-48-25-300x225.jpg\" alt=\"\" class=\"wp-image-2862\" srcset=\"https:\/\/ecojardindesgrivauds.fr\/wp-content\/uploads\/2019\/04\/2019-04-12_12-48-25-300x225.jpg 300w, https:\/\/ecojardindesgrivauds.fr\/wp-content\/uploads\/2019\/04\/2019-04-12_12-48-25-768x576.jpg 768w, https:\/\/ecojardindesgrivauds.fr\/wp-content\/uploads\/2019\/04\/2019-04-12_12-48-25.jpg 1024w\" sizes=\"(max-width: 300px) 100vw, 300px\" \/><\/a><figcaption>R\u00e9colte de panais : Camille utilise une technique tr\u00e8s personnelle&#8230;<\/figcaption><\/figure><\/div>\n\n\n\n<p>Cette semaine, un nouveau wwoofeur vient compl\u00e9ter notre joyeuse \u00e9quipe : c&rsquo;est Maxime, qui nous d\u00e9barque du Loiret avec d\u00e9j\u00e0 de s\u00e9rieuses connaissances en mati\u00e8re de jardinage sur sol vivant (merci Ver de Terre Production !). L&rsquo;occasion pour lui de passer \u00e0 la pratique et de voir concr\u00e8tement comment se comporte un \u00e9cosyst\u00e8me lorsqu&rsquo;on arr\u00eate de travailler son sol. Plantation, paillage, r\u00e9coltes, comme toujours on essaye de lui faire \u00abgo\u00fbter\u00bb \u00e0 tout. Dans le m\u00eame temps, c&rsquo;est la derni\u00e8re semaine de Camille et Aymeric aux Grivauds. On profite au maximum de leur \u00e9nergie et de leur bonne humeur, \u00e7a nous permet de surmonter joyeusement la s\u00e9cheresse de ce printemps et les fortes gel\u00e9es matinales&#8230;<\/p>\n\n\n\n<p>\u00c0 la semaine prochaine !<\/p>\n\n\n\n<p><em>Cliquez sur les photos ci-dessous pour les agrandir et lire les l\u00e9gendes.<\/em><\/p>\n\n\n\n<!-- index.php -->\n<div\n\tclass=\"ngg-galleryoverview ngg-ajax-pagination-none\"\n\tid=\"ngg-gallery-e41c9f53dbdaefdb36b14ee1e497dda1-1\">\n\n    \t\t<!-- Thumbnails -->\n\t\t\t\t<div id=\"ngg-image-0\" class=\"ngg-gallery-thumbnail-box\" >\n\t\t\t\t        <div class=\"ngg-gallery-thumbnail\">\n            <a href=\"https:\/\/ecojardindesgrivauds.fr\/wp-content\/gallery\/2019_04_14-dernieres-gelees\/2019-04-08_09-32-35.jpg\"\n               title=\"Plantation des derniers oignons : on rajoute une contrainte f\u00e9line \u00e0 Aymeric, histoire de compliquer un peu les choses...\"\n               data-src=\"https:\/\/ecojardindesgrivauds.fr\/wp-content\/gallery\/2019_04_14-dernieres-gelees\/2019-04-08_09-32-35.jpg\"\n               data-thumbnail=\"https:\/\/ecojardindesgrivauds.fr\/wp-content\/gallery\/2019_04_14-dernieres-gelees\/thumbs\/thumbs_2019-04-08_09-32-35.jpg\"\n               data-image-id=\"822\"\n               data-title=\"2019-04-08_09-32-35\"\n               data-description=\"Plantation des derniers oignons : on rajoute une contrainte f\u00e9line \u00e0 Aymeric, histoire de compliquer un peu les choses...\"\n               data-image-slug=\"2019-04-08_09-32-35\"\n               class=\"ngg-fancybox\" rel=\"e41c9f53dbdaefdb36b14ee1e497dda1\">\n                <img\n                    title=\"2019-04-08_09-32-35\"\n                    alt=\"2019-04-08_09-32-35\"\n                    src=\"https:\/\/ecojardindesgrivauds.fr\/wp-content\/gallery\/2019_04_14-dernieres-gelees\/thumbs\/thumbs_2019-04-08_09-32-35.jpg\"\n                    width=\"240\"\n                    height=\"160\"\n                    style=\"max-width:100%;\"\n                \/>\n            <\/a>\n        <\/div>\n\t\t\t\t\t\t\t<\/div> \n\t\t\t\n        \n\t\t\t\t<div id=\"ngg-image-1\" class=\"ngg-gallery-thumbnail-box\" >\n\t\t\t\t        <div class=\"ngg-gallery-thumbnail\">\n            <a href=\"https:\/\/ecojardindesgrivauds.fr\/wp-content\/gallery\/2019_04_14-dernieres-gelees\/2019-04-08_17-49-34.jpg\"\n               title=\"Un semis de radis suit l&#039;autre...\"\n               data-src=\"https:\/\/ecojardindesgrivauds.fr\/wp-content\/gallery\/2019_04_14-dernieres-gelees\/2019-04-08_17-49-34.jpg\"\n               data-thumbnail=\"https:\/\/ecojardindesgrivauds.fr\/wp-content\/gallery\/2019_04_14-dernieres-gelees\/thumbs\/thumbs_2019-04-08_17-49-34.jpg\"\n               data-image-id=\"825\"\n               data-title=\"2019-04-08_17-49-34\"\n               data-description=\"Un semis de radis suit l&#039;autre...\"\n               data-image-slug=\"2019-04-08_17-49-34\"\n               class=\"ngg-fancybox\" rel=\"e41c9f53dbdaefdb36b14ee1e497dda1\">\n                <img\n                    title=\"2019-04-08_17-49-34\"\n                    alt=\"2019-04-08_17-49-34\"\n                    src=\"https:\/\/ecojardindesgrivauds.fr\/wp-content\/gallery\/2019_04_14-dernieres-gelees\/thumbs\/thumbs_2019-04-08_17-49-34.jpg\"\n                    width=\"240\"\n                    height=\"160\"\n                    style=\"max-width:100%;\"\n                \/>\n            <\/a>\n        <\/div>\n\t\t\t\t\t\t\t<\/div> \n\t\t\t\n        \n\t\t\t\t<div id=\"ngg-image-2\" class=\"ngg-gallery-thumbnail-box\" >\n\t\t\t\t        <div class=\"ngg-gallery-thumbnail\">\n            <a href=\"https:\/\/ecojardindesgrivauds.fr\/wp-content\/gallery\/2019_04_14-dernieres-gelees\/2019-04-11_10-47-08.jpg\"\n               title=\"Semis de basilic par Camille\"\n               data-src=\"https:\/\/ecojardindesgrivauds.fr\/wp-content\/gallery\/2019_04_14-dernieres-gelees\/2019-04-11_10-47-08.jpg\"\n               data-thumbnail=\"https:\/\/ecojardindesgrivauds.fr\/wp-content\/gallery\/2019_04_14-dernieres-gelees\/thumbs\/thumbs_2019-04-11_10-47-08.jpg\"\n               data-image-id=\"827\"\n               data-title=\"2019-04-11_10-47-08\"\n               data-description=\"Semis de basilic par Camille\"\n               data-image-slug=\"2019-04-11_10-47-08\"\n               class=\"ngg-fancybox\" rel=\"e41c9f53dbdaefdb36b14ee1e497dda1\">\n                <img\n                    title=\"2019-04-11_10-47-08\"\n                    alt=\"2019-04-11_10-47-08\"\n                    src=\"https:\/\/ecojardindesgrivauds.fr\/wp-content\/gallery\/2019_04_14-dernieres-gelees\/thumbs\/thumbs_2019-04-11_10-47-08.jpg\"\n                    width=\"240\"\n                    height=\"160\"\n                    style=\"max-width:100%;\"\n                \/>\n            <\/a>\n        <\/div>\n\t\t\t\t\t\t\t<\/div> \n\t\t\t\n        \n\t\t\t\t<div id=\"ngg-image-3\" class=\"ngg-gallery-thumbnail-box\" >\n\t\t\t\t        <div class=\"ngg-gallery-thumbnail\">\n            <a href=\"https:\/\/ecojardindesgrivauds.fr\/wp-content\/gallery\/2019_04_14-dernieres-gelees\/2019-04-13_07-34-49.jpg\"\n               title=\"Retour de Sandrine sur le stand du march\u00e9 de Vichy !\"\n               data-src=\"https:\/\/ecojardindesgrivauds.fr\/wp-content\/gallery\/2019_04_14-dernieres-gelees\/2019-04-13_07-34-49.jpg\"\n               data-thumbnail=\"https:\/\/ecojardindesgrivauds.fr\/wp-content\/gallery\/2019_04_14-dernieres-gelees\/thumbs\/thumbs_2019-04-13_07-34-49.jpg\"\n               data-image-id=\"830\"\n               data-title=\"2019-04-13_07-34-49\"\n               data-description=\"Retour de Sandrine sur le stand du march\u00e9 de Vichy !\"\n               data-image-slug=\"2019-04-13_07-34-49\"\n               class=\"ngg-fancybox\" rel=\"e41c9f53dbdaefdb36b14ee1e497dda1\">\n                <img\n                    title=\"2019-04-13_07-34-49\"\n                    alt=\"2019-04-13_07-34-49\"\n                    src=\"https:\/\/ecojardindesgrivauds.fr\/wp-content\/gallery\/2019_04_14-dernieres-gelees\/thumbs\/thumbs_2019-04-13_07-34-49.jpg\"\n                    width=\"240\"\n                    height=\"160\"\n                    style=\"max-width:100%;\"\n                \/>\n            <\/a>\n        <\/div>\n\t\t\t\t\t\t\t<\/div> \n\t\t\t\n        \n\t\t\t\t<div id=\"ngg-image-4\" class=\"ngg-gallery-thumbnail-box\" >\n\t\t\t\t        <div class=\"ngg-gallery-thumbnail\">\n            <a href=\"https:\/\/ecojardindesgrivauds.fr\/wp-content\/gallery\/2019_04_14-dernieres-gelees\/2019-04-12_18-07-36.jpg\"\n               title=\"Triple \u00e9paisseur \u00e0 la tomb\u00e9e de la nuit sur les cultures sensibles !\"\n               data-src=\"https:\/\/ecojardindesgrivauds.fr\/wp-content\/gallery\/2019_04_14-dernieres-gelees\/2019-04-12_18-07-36.jpg\"\n               data-thumbnail=\"https:\/\/ecojardindesgrivauds.fr\/wp-content\/gallery\/2019_04_14-dernieres-gelees\/thumbs\/thumbs_2019-04-12_18-07-36.jpg\"\n               data-image-id=\"829\"\n               data-title=\"2019-04-12_18-07-36\"\n               data-description=\"Triple \u00e9paisseur \u00e0 la tomb\u00e9e de la nuit sur les cultures sensibles !\"\n               data-image-slug=\"2019-04-12_18-07-36\"\n               class=\"ngg-fancybox\" rel=\"e41c9f53dbdaefdb36b14ee1e497dda1\">\n                <img\n                    title=\"2019-04-12_18-07-36\"\n                    alt=\"2019-04-12_18-07-36\"\n                    src=\"https:\/\/ecojardindesgrivauds.fr\/wp-content\/gallery\/2019_04_14-dernieres-gelees\/thumbs\/thumbs_2019-04-12_18-07-36.jpg\"\n                    width=\"240\"\n                    height=\"160\"\n                    style=\"max-width:100%;\"\n                \/>\n            <\/a>\n        <\/div>\n\t\t\t\t\t\t\t<\/div> \n\t\t\t\n        \n\t\t\t\t<div id=\"ngg-image-5\" class=\"ngg-gallery-thumbnail-box\" >\n\t\t\t\t        <div class=\"ngg-gallery-thumbnail\">\n            <a href=\"https:\/\/ecojardindesgrivauds.fr\/wp-content\/gallery\/2019_04_14-dernieres-gelees\/2019-04-08_10-20-09.jpg\"\n               title=\"Tiens ! Des piq\u00fbres de nutrition de mineuse sur nos aulx...\"\n               data-src=\"https:\/\/ecojardindesgrivauds.fr\/wp-content\/gallery\/2019_04_14-dernieres-gelees\/2019-04-08_10-20-09.jpg\"\n               data-thumbnail=\"https:\/\/ecojardindesgrivauds.fr\/wp-content\/gallery\/2019_04_14-dernieres-gelees\/thumbs\/thumbs_2019-04-08_10-20-09.jpg\"\n               data-image-id=\"823\"\n               data-title=\"2019-04-08_10-20-09\"\n               data-description=\"Tiens ! Des piq\u00fbres de nutrition de mineuse sur nos aulx...\"\n               data-image-slug=\"2019-04-08_10-20-09\"\n               class=\"ngg-fancybox\" rel=\"e41c9f53dbdaefdb36b14ee1e497dda1\">\n                <img\n                    title=\"2019-04-08_10-20-09\"\n                    alt=\"2019-04-08_10-20-09\"\n                    src=\"https:\/\/ecojardindesgrivauds.fr\/wp-content\/gallery\/2019_04_14-dernieres-gelees\/thumbs\/thumbs_2019-04-08_10-20-09.jpg\"\n                    width=\"240\"\n                    height=\"160\"\n                    style=\"max-width:100%;\"\n                \/>\n            <\/a>\n        <\/div>\n\t\t\t\t\t\t\t<\/div> \n\t\t\t\n        \n\t\t\t\t<div id=\"ngg-image-6\" class=\"ngg-gallery-thumbnail-box\" >\n\t\t\t\t        <div class=\"ngg-gallery-thumbnail\">\n            <a href=\"https:\/\/ecojardindesgrivauds.fr\/wp-content\/gallery\/2019_04_14-dernieres-gelees\/2019-04-11_12-36-59.jpg\"\n               title=\"Crapaud calamite ; admirez l&#039;\u0153il jaune (verd\u00e2tre) vein\u00e9 de noir !\"\n               data-src=\"https:\/\/ecojardindesgrivauds.fr\/wp-content\/gallery\/2019_04_14-dernieres-gelees\/2019-04-11_12-36-59.jpg\"\n               data-thumbnail=\"https:\/\/ecojardindesgrivauds.fr\/wp-content\/gallery\/2019_04_14-dernieres-gelees\/thumbs\/thumbs_2019-04-11_12-36-59.jpg\"\n               data-image-id=\"828\"\n               data-title=\"2019-04-11_12-36-59\"\n               data-description=\"Crapaud calamite ; admirez l&#039;\u0153il jaune (verd\u00e2tre) vein\u00e9 de noir !\"\n               data-image-slug=\"2019-04-11_12-36-59\"\n               class=\"ngg-fancybox\" rel=\"e41c9f53dbdaefdb36b14ee1e497dda1\">\n                <img\n                    title=\"2019-04-11_12-36-59\"\n                    alt=\"2019-04-11_12-36-59\"\n                    src=\"https:\/\/ecojardindesgrivauds.fr\/wp-content\/gallery\/2019_04_14-dernieres-gelees\/thumbs\/thumbs_2019-04-11_12-36-59.jpg\"\n                    width=\"240\"\n                    height=\"160\"\n                    style=\"max-width:100%;\"\n                \/>\n            <\/a>\n        <\/div>\n\t\t\t\t\t\t\t<\/div> \n\t\t\t\n        \n\t\t\t\t<div id=\"ngg-image-7\" class=\"ngg-gallery-thumbnail-box\" >\n\t\t\t\t        <div class=\"ngg-gallery-thumbnail\">\n            <a href=\"https:\/\/ecojardindesgrivauds.fr\/wp-content\/gallery\/2019_04_14-dernieres-gelees\/2019-04-09_09-26-48.jpg\"\n               title=\"Si si ! C&#039;est bien une sauterelle sur la salade !\"\n               data-src=\"https:\/\/ecojardindesgrivauds.fr\/wp-content\/gallery\/2019_04_14-dernieres-gelees\/2019-04-09_09-26-48.jpg\"\n               data-thumbnail=\"https:\/\/ecojardindesgrivauds.fr\/wp-content\/gallery\/2019_04_14-dernieres-gelees\/thumbs\/thumbs_2019-04-09_09-26-48.jpg\"\n               data-image-id=\"824\"\n               data-title=\"2019-04-09_09-26-48\"\n               data-description=\"Si si ! C&#039;est bien une sauterelle sur la salade !\"\n               data-image-slug=\"2019-04-09_09-26-48\"\n               class=\"ngg-fancybox\" rel=\"e41c9f53dbdaefdb36b14ee1e497dda1\">\n                <img\n                    title=\"2019-04-09_09-26-48\"\n                    alt=\"2019-04-09_09-26-48\"\n                    src=\"https:\/\/ecojardindesgrivauds.fr\/wp-content\/gallery\/2019_04_14-dernieres-gelees\/thumbs\/thumbs_2019-04-09_09-26-48.jpg\"\n                    width=\"240\"\n                    height=\"160\"\n                    style=\"max-width:100%;\"\n                \/>\n            <\/a>\n        <\/div>\n\t\t\t\t\t\t\t<\/div> \n\t\t\t\n        \n\t\t\t\t<div id=\"ngg-image-8\" class=\"ngg-gallery-thumbnail-box\" >\n\t\t\t\t        <div class=\"ngg-gallery-thumbnail\">\n            <a href=\"https:\/\/ecojardindesgrivauds.fr\/wp-content\/gallery\/2019_04_14-dernieres-gelees\/2019-04-13_17-03-19.jpg\"\n               title=\"Linotte m\u00e9lodieuse\"\n               data-src=\"https:\/\/ecojardindesgrivauds.fr\/wp-content\/gallery\/2019_04_14-dernieres-gelees\/2019-04-13_17-03-19.jpg\"\n               data-thumbnail=\"https:\/\/ecojardindesgrivauds.fr\/wp-content\/gallery\/2019_04_14-dernieres-gelees\/thumbs\/thumbs_2019-04-13_17-03-19.jpg\"\n               data-image-id=\"831\"\n               data-title=\"2019-04-13_17-03-19\"\n               data-description=\"Linotte m\u00e9lodieuse\"\n               data-image-slug=\"2019-04-13_17-03-19\"\n               class=\"ngg-fancybox\" rel=\"e41c9f53dbdaefdb36b14ee1e497dda1\">\n                <img\n                    title=\"2019-04-13_17-03-19\"\n                    alt=\"2019-04-13_17-03-19\"\n                    src=\"https:\/\/ecojardindesgrivauds.fr\/wp-content\/gallery\/2019_04_14-dernieres-gelees\/thumbs\/thumbs_2019-04-13_17-03-19.jpg\"\n                    width=\"240\"\n                    height=\"160\"\n                    style=\"max-width:100%;\"\n                \/>\n            <\/a>\n        <\/div>\n\t\t\t\t\t\t\t<\/div> \n\t\t\t\n        \n\t\t\t\t<div id=\"ngg-image-9\" class=\"ngg-gallery-thumbnail-box\" >\n\t\t\t\t        <div class=\"ngg-gallery-thumbnail\">\n            <a href=\"https:\/\/ecojardindesgrivauds.fr\/wp-content\/gallery\/2019_04_14-dernieres-gelees\/2019-04-13_17-13-51.jpg\"\n               title=\"Grimpereau des jardins\"\n               data-src=\"https:\/\/ecojardindesgrivauds.fr\/wp-content\/gallery\/2019_04_14-dernieres-gelees\/2019-04-13_17-13-51.jpg\"\n               data-thumbnail=\"https:\/\/ecojardindesgrivauds.fr\/wp-content\/gallery\/2019_04_14-dernieres-gelees\/thumbs\/thumbs_2019-04-13_17-13-51.jpg\"\n               data-image-id=\"832\"\n               data-title=\"2019-04-13_17-13-51\"\n               data-description=\"Grimpereau des jardins\"\n               data-image-slug=\"2019-04-13_17-13-51\"\n               class=\"ngg-fancybox\" rel=\"e41c9f53dbdaefdb36b14ee1e497dda1\">\n                <img\n                    title=\"2019-04-13_17-13-51\"\n                    alt=\"2019-04-13_17-13-51\"\n                    src=\"https:\/\/ecojardindesgrivauds.fr\/wp-content\/gallery\/2019_04_14-dernieres-gelees\/thumbs\/thumbs_2019-04-13_17-13-51.jpg\"\n                    width=\"240\"\n                    height=\"160\"\n                    style=\"max-width:100%;\"\n                \/>\n            <\/a>\n        <\/div>\n\t\t\t\t\t\t\t<\/div> \n\t\t\t\n        \n\t\t\t\t<div id=\"ngg-image-10\" class=\"ngg-gallery-thumbnail-box\" >\n\t\t\t\t        <div class=\"ngg-gallery-thumbnail\">\n            <a href=\"https:\/\/ecojardindesgrivauds.fr\/wp-content\/gallery\/2019_04_14-dernieres-gelees\/2019-04-09_14-20-11.jpg\"\n               title=\"Maxime, aussit\u00f4t arriv\u00e9, aussit\u00f4t adopt\u00e9 par nos \u00e2nes\"\n               data-src=\"https:\/\/ecojardindesgrivauds.fr\/wp-content\/gallery\/2019_04_14-dernieres-gelees\/2019-04-09_14-20-11.jpg\"\n               data-thumbnail=\"https:\/\/ecojardindesgrivauds.fr\/wp-content\/gallery\/2019_04_14-dernieres-gelees\/thumbs\/thumbs_2019-04-09_14-20-11.jpg\"\n               data-image-id=\"826\"\n               data-title=\"2019-04-09_14-20-11\"\n               data-description=\"Maxime, aussit\u00f4t arriv\u00e9, aussit\u00f4t adopt\u00e9 par nos \u00e2nes\"\n               data-image-slug=\"2019-04-09_14-20-11\"\n               class=\"ngg-fancybox\" rel=\"e41c9f53dbdaefdb36b14ee1e497dda1\">\n                <img\n                    title=\"2019-04-09_14-20-11\"\n                    alt=\"2019-04-09_14-20-11\"\n                    src=\"https:\/\/ecojardindesgrivauds.fr\/wp-content\/gallery\/2019_04_14-dernieres-gelees\/thumbs\/thumbs_2019-04-09_14-20-11.jpg\"\n                    width=\"240\"\n                    height=\"160\"\n                    style=\"max-width:100%;\"\n                \/>\n            <\/a>\n        <\/div>\n\t\t\t\t\t\t\t<\/div> \n\t\t\t\n        \n\t\t\n\t\t<!-- Pagination -->\n\t<div class='ngg-clear'><\/div>\t<\/div>\n\n","protected":false},"excerpt":{"rendered":"<p>Faute de chaleur, le printemps nous apporte tout de m\u00eame son lot d&rsquo;oiseaux et Fabrice nous fait lever la t\u00eate \u00e0 chaque instant : ici, une linotte, l\u00e0,un rossignol, l\u00e0-bas un grimpereau, ici une fauvette \u00e0 t\u00eate noire ! Alors je d\u00e9gaine mon appareil photo et je profite que nos arbres n&rsquo;aient pas encore beaucoup &hellip; <\/p>\n<p class=\"link-more\"><a href=\"https:\/\/ecojardindesgrivauds.fr\/?p=2852\" class=\"more-link\">Continuer la lecture<span class=\"screen-reader-text\"> de &laquo;&nbsp;Chante, Rossignol, chante !&nbsp;&raquo;<\/span><\/a><\/p>\n","protected":false},"author":1,"featured_media":0,"comment_status":"open","ping_status":"open","sticky":false,"template":"","format":"standard","meta":{"ngg_post_thumbnail":0},"categories":[1],"tags":[],"_links":{"self":[{"href":"https:\/\/ecojardindesgrivauds.fr\/index.php?rest_route=\/wp\/v2\/posts\/2852"}],"collection":[{"href":"https:\/\/ecojardindesgrivauds.fr\/index.php?rest_route=\/wp\/v2\/posts"}],"about":[{"href":"https:\/\/ecojardindesgrivauds.fr\/index.php?rest_route=\/wp\/v2\/types\/post"}],"author":[{"embeddable":true,"href":"https:\/\/ecojardindesgrivauds.fr\/index.php?rest_route=\/wp\/v2\/users\/1"}],"replies":[{"embeddable":true,"href":"https:\/\/ecojardindesgrivauds.fr\/index.php?rest_route=%2Fwp%2Fv2%2Fcomments&post=2852"}],"version-history":[{"count":4,"href":"https:\/\/ecojardindesgrivauds.fr\/index.php?rest_route=\/wp\/v2\/posts\/2852\/revisions"}],"predecessor-version":[{"id":2882,"href":"https:\/\/ecojardindesgrivauds.fr\/index.php?rest_route=\/wp\/v2\/posts\/2852\/revisions\/2882"}],"wp:attachment":[{"href":"https:\/\/ecojardindesgrivauds.fr\/index.php?rest_route=%2Fwp%2Fv2%2Fmedia&parent=2852"}],"wp:term":[{"taxonomy":"category","embeddable":true,"href":"https:\/\/ecojardindesgrivauds.fr\/index.php?rest_route=%2Fwp%2Fv2%2Fcategories&post=2852"},{"taxonomy":"post_tag","embeddable":true,"href":"https:\/\/ecojardindesgrivauds.fr\/index.php?rest_route=%2Fwp%2Fv2%2Ftags&post=2852"}],"curies":[{"name":"wp","href":"https:\/\/api.w.org\/{rel}","templated":true}]}}