{"id":3107,"date":"2019-06-09T08:05:50","date_gmt":"2019-06-09T06:05:50","guid":{"rendered":"http:\/\/ecojardindesgrivauds.fr\/?p=3107"},"modified":"2019-06-09T08:07:34","modified_gmt":"2019-06-09T06:07:34","slug":"oh-des-petits-pois","status":"publish","type":"post","link":"https:\/\/ecojardindesgrivauds.fr\/?p=3107","title":{"rendered":"Oh ! Des petits pois !"},"content":{"rendered":"\n<div class=\"wp-block-image\"><figure class=\"alignright\"><a href=\"http:\/\/ecojardindesgrivauds.fr\/wp-content\/uploads\/2019\/06\/2019-06-04_00-23-26.jpg\"><img decoding=\"async\" loading=\"lazy\" width=\"225\" height=\"300\" src=\"http:\/\/ecojardindesgrivauds.fr\/wp-content\/uploads\/2019\/06\/2019-06-04_00-23-26-225x300.jpg\" alt=\"\" class=\"wp-image-3108\" srcset=\"https:\/\/ecojardindesgrivauds.fr\/wp-content\/uploads\/2019\/06\/2019-06-04_00-23-26-225x300.jpg 225w, https:\/\/ecojardindesgrivauds.fr\/wp-content\/uploads\/2019\/06\/2019-06-04_00-23-26.jpg 768w\" sizes=\"(max-width: 225px) 100vw, 225px\" \/><\/a><figcaption>Adeline, dans la for\u00eat des petits pois<\/figcaption><\/figure><\/div>\n\n\n\n<p>Il y a des l\u00e9gumes qui sont tr\u00e8s attendus, on le sait. Mais \u00e7a nous fait toujours un petit quelque chose de voir la mine r\u00e9jouie de nos amapiens de Bourbon-Lancy quand on d\u00e9barque avec des petits pois et des courgettes dans les paniers. Les choux-raves ne b\u00e9n\u00e9ficient pas du m\u00eame accueil et c&rsquo;est un peu injuste pour eux parce que, franchement, ils sont vraiment beaux cette ann\u00e9e ! Pour les fraises, c&rsquo;est le tour de l&rsquo;Amap de Dompierre de recevoir les jolies petites barquettes rouges. On sait bien que tout \u00e7a n&rsquo;est qu&rsquo;une fa\u00e7on de faire patienter tous les amateurs de l\u00e9gumes en attendant les tomates mais \u00e7a commence d\u00e9j\u00e0 \u00e0 \u00eatre r\u00e9jouissant pour les papilles.<\/p>\n\n\n\n<div class=\"wp-block-image\"><figure class=\"alignleft\"><a href=\"http:\/\/ecojardindesgrivauds.fr\/wp-content\/uploads\/2019\/06\/2019-06-04_20-44-36.jpg\"><img decoding=\"async\" loading=\"lazy\" width=\"300\" height=\"225\" src=\"http:\/\/ecojardindesgrivauds.fr\/wp-content\/uploads\/2019\/06\/2019-06-04_20-44-36-300x225.jpg\" alt=\"\" class=\"wp-image-3111\" srcset=\"https:\/\/ecojardindesgrivauds.fr\/wp-content\/uploads\/2019\/06\/2019-06-04_20-44-36-300x225.jpg 300w, https:\/\/ecojardindesgrivauds.fr\/wp-content\/uploads\/2019\/06\/2019-06-04_20-44-36-768x576.jpg 768w, https:\/\/ecojardindesgrivauds.fr\/wp-content\/uploads\/2019\/06\/2019-06-04_20-44-36.jpg 1024w\" sizes=\"(max-width: 300px) 100vw, 300px\" \/><\/a><figcaption>Et ceux-l\u00e0, quand ils arriveront dans les paniers, avec plusieurs semaines d&rsquo;avance sur l&rsquo;ann\u00e9e derni\u00e8re, on sait d\u00e9j\u00e0 qu&rsquo;on fera des heureux !<\/figcaption><\/figure><\/div>\n\n\n\n<p>D&rsquo;ailleurs, c\u00f4t\u00e9 tomates, on n&rsquo;a pas \u00e0 rougir (elles, si, en revanche) : on a vraiment mis toutes les chances de notre c\u00f4t\u00e9 en mettant un grand coup d&rsquo;acc\u00e9l\u00e9rateur \u00e0 notre premier gros chantier de taille et de palissage. Cette semaine, on est aid\u00e9s par Adeline, une wwoofeuse avec des connaissances en jardinage d\u00e9j\u00e0 tr\u00e8s solides, pour avoir contribu\u00e9 pendant un an \u00e0 l&rsquo;entretien d&rsquo;un jardin partag\u00e9, en permaculture, pr\u00e8s de Lyon. Son efficacit\u00e9 et sa bonne humeur nous permettent d&rsquo;avancer tr\u00e8s vite sur un certain nombre de t\u00e2ches : le paillage de notre nouveau semis de carottes, le \u00abd\u00e9liseronnage\u00bb de certaines planches du plein champ, la plantation des derni\u00e8res betteraves, des fenouils, des salades, des physalis, des ma\u00efs doux et des San Marzano. Ajoutez \u00e0 \u00e7a une r\u00e9colte de petits pois et des r\u00e9coltes de fraises et vous commencez \u00e0 percevoir qu&rsquo;on ne l&rsquo;a pas m\u00e9nag\u00e9e&#8230; Merci mille fois \u00e0 elle pour le coup de main !<\/p>\n\n\n\n<p>\u00c0 la semaine prochaine.<\/p>\n\n\n\n<!-- index.php -->\n<div\n\tclass=\"ngg-galleryoverview ngg-ajax-pagination-none\"\n\tid=\"ngg-gallery-0e97c315877cd4a52fde0348a1a231e0-1\">\n\n    \t\t<!-- Thumbnails -->\n\t\t\t\t<div id=\"ngg-image-0\" class=\"ngg-gallery-thumbnail-box\" >\n\t\t\t\t        <div class=\"ngg-gallery-thumbnail\">\n            <a href=\"https:\/\/ecojardindesgrivauds.fr\/wp-content\/gallery\/2019_06_09-avec-adeline\/62259073_10217570457767468_4134298217338634240_n.jpg\"\n               title=\"Il y a des fois o\u00f9 on a du mal \u00e0 ne pas manger la r\u00e9colte au fur et \u00e0 mesure...\"\n               data-src=\"https:\/\/ecojardindesgrivauds.fr\/wp-content\/gallery\/2019_06_09-avec-adeline\/62259073_10217570457767468_4134298217338634240_n.jpg\"\n               data-thumbnail=\"https:\/\/ecojardindesgrivauds.fr\/wp-content\/gallery\/2019_06_09-avec-adeline\/thumbs\/thumbs_62259073_10217570457767468_4134298217338634240_n.jpg\"\n               data-image-id=\"908\"\n               data-title=\"62259073_10217570457767468_4134298217338634240_n\"\n               data-description=\"Il y a des fois o\u00f9 on a du mal \u00e0 ne pas manger la r\u00e9colte au fur et \u00e0 mesure...\"\n               data-image-slug=\"62259073_10217570457767468_4134298217338634240_n\"\n               class=\"ngg-fancybox\" rel=\"0e97c315877cd4a52fde0348a1a231e0\">\n                <img\n                    title=\"62259073_10217570457767468_4134298217338634240_n\"\n                    alt=\"62259073_10217570457767468_4134298217338634240_n\"\n                    src=\"https:\/\/ecojardindesgrivauds.fr\/wp-content\/gallery\/2019_06_09-avec-adeline\/thumbs\/thumbs_62259073_10217570457767468_4134298217338634240_n.jpg\"\n                    width=\"240\"\n                    height=\"160\"\n                    style=\"max-width:100%;\"\n                \/>\n            <\/a>\n        <\/div>\n\t\t\t\t\t\t\t<\/div> \n\t\t\t\n        \n\t\t\t\t<div id=\"ngg-image-1\" class=\"ngg-gallery-thumbnail-box\" >\n\t\t\t\t        <div class=\"ngg-gallery-thumbnail\">\n            <a href=\"https:\/\/ecojardindesgrivauds.fr\/wp-content\/gallery\/2019_06_09-avec-adeline\/2019-06-07_21-28-14.jpg\"\n               title=\"L\u00e0 o\u00f9 Adeline passe...\"\n               data-src=\"https:\/\/ecojardindesgrivauds.fr\/wp-content\/gallery\/2019_06_09-avec-adeline\/2019-06-07_21-28-14.jpg\"\n               data-thumbnail=\"https:\/\/ecojardindesgrivauds.fr\/wp-content\/gallery\/2019_06_09-avec-adeline\/thumbs\/thumbs_2019-06-07_21-28-14.jpg\"\n               data-image-id=\"903\"\n               data-title=\"2019-06-07_21-28-14\"\n               data-description=\"L\u00e0 o\u00f9 Adeline passe...\"\n               data-image-slug=\"2019-06-07_21-28-14\"\n               class=\"ngg-fancybox\" rel=\"0e97c315877cd4a52fde0348a1a231e0\">\n                <img\n                    title=\"2019-06-07_21-28-14\"\n                    alt=\"2019-06-07_21-28-14\"\n                    src=\"https:\/\/ecojardindesgrivauds.fr\/wp-content\/gallery\/2019_06_09-avec-adeline\/thumbs\/thumbs_2019-06-07_21-28-14.jpg\"\n                    width=\"240\"\n                    height=\"160\"\n                    style=\"max-width:100%;\"\n                \/>\n            <\/a>\n        <\/div>\n\t\t\t\t\t\t\t<\/div> \n\t\t\t\n        \n\t\t\t\t<div id=\"ngg-image-2\" class=\"ngg-gallery-thumbnail-box\" >\n\t\t\t\t        <div class=\"ngg-gallery-thumbnail\">\n            <a href=\"https:\/\/ecojardindesgrivauds.fr\/wp-content\/gallery\/2019_06_09-avec-adeline\/2019-06-08_03-17-31.jpg\"\n               title=\"... le liseron tr\u00e9passe ! Et on revoit les salades et les betteraves !\"\n               data-src=\"https:\/\/ecojardindesgrivauds.fr\/wp-content\/gallery\/2019_06_09-avec-adeline\/2019-06-08_03-17-31.jpg\"\n               data-thumbnail=\"https:\/\/ecojardindesgrivauds.fr\/wp-content\/gallery\/2019_06_09-avec-adeline\/thumbs\/thumbs_2019-06-08_03-17-31.jpg\"\n               data-image-id=\"907\"\n               data-title=\"2019-06-08_03-17-31\"\n               data-description=\"... le liseron tr\u00e9passe ! Et on revoit les salades et les betteraves !\"\n               data-image-slug=\"2019-06-08_03-17-31\"\n               class=\"ngg-fancybox\" rel=\"0e97c315877cd4a52fde0348a1a231e0\">\n                <img\n                    title=\"2019-06-08_03-17-31\"\n                    alt=\"2019-06-08_03-17-31\"\n                    src=\"https:\/\/ecojardindesgrivauds.fr\/wp-content\/gallery\/2019_06_09-avec-adeline\/thumbs\/thumbs_2019-06-08_03-17-31.jpg\"\n                    width=\"240\"\n                    height=\"160\"\n                    style=\"max-width:100%;\"\n                \/>\n            <\/a>\n        <\/div>\n\t\t\t\t\t\t\t<\/div> \n\t\t\t\n        \n\t\t\t\t<div id=\"ngg-image-3\" class=\"ngg-gallery-thumbnail-box\" >\n\t\t\t\t        <div class=\"ngg-gallery-thumbnail\">\n            <a href=\"https:\/\/ecojardindesgrivauds.fr\/wp-content\/gallery\/2019_06_09-avec-adeline\/2019-06-04_20-41-05.jpg\"\n               title=\"Puisqu&#039;on vous dit qu&#039;ils sont bons nos choux-raves !\"\n               data-src=\"https:\/\/ecojardindesgrivauds.fr\/wp-content\/gallery\/2019_06_09-avec-adeline\/2019-06-04_20-41-05.jpg\"\n               data-thumbnail=\"https:\/\/ecojardindesgrivauds.fr\/wp-content\/gallery\/2019_06_09-avec-adeline\/thumbs\/thumbs_2019-06-04_20-41-05.jpg\"\n               data-image-id=\"900\"\n               data-title=\"2019-06-04_20-41-05\"\n               data-description=\"Puisqu&#039;on vous dit qu&#039;ils sont bons nos choux-raves !\"\n               data-image-slug=\"2019-06-04_20-41-05\"\n               class=\"ngg-fancybox\" rel=\"0e97c315877cd4a52fde0348a1a231e0\">\n                <img\n                    title=\"2019-06-04_20-41-05\"\n                    alt=\"2019-06-04_20-41-05\"\n                    src=\"https:\/\/ecojardindesgrivauds.fr\/wp-content\/gallery\/2019_06_09-avec-adeline\/thumbs\/thumbs_2019-06-04_20-41-05.jpg\"\n                    width=\"240\"\n                    height=\"160\"\n                    style=\"max-width:100%;\"\n                \/>\n            <\/a>\n        <\/div>\n\t\t\t\t\t\t\t<\/div> \n\t\t\t\n        \n\t\t\t\t<div id=\"ngg-image-4\" class=\"ngg-gallery-thumbnail-box\" >\n\t\t\t\t        <div class=\"ngg-gallery-thumbnail\">\n            <a href=\"https:\/\/ecojardindesgrivauds.fr\/wp-content\/gallery\/2019_06_09-avec-adeline\/2019-06-08_02-48-37.jpg\"\n               title=\"\u00c9claircissage et d\u00e9sherbage des blettes\"\n               data-src=\"https:\/\/ecojardindesgrivauds.fr\/wp-content\/gallery\/2019_06_09-avec-adeline\/2019-06-08_02-48-37.jpg\"\n               data-thumbnail=\"https:\/\/ecojardindesgrivauds.fr\/wp-content\/gallery\/2019_06_09-avec-adeline\/thumbs\/thumbs_2019-06-08_02-48-37.jpg\"\n               data-image-id=\"904\"\n               data-title=\"2019-06-08_02-48-37\"\n               data-description=\"\u00c9claircissage et d\u00e9sherbage des blettes\"\n               data-image-slug=\"2019-06-08_02-48-37\"\n               class=\"ngg-fancybox\" rel=\"0e97c315877cd4a52fde0348a1a231e0\">\n                <img\n                    title=\"2019-06-08_02-48-37\"\n                    alt=\"2019-06-08_02-48-37\"\n                    src=\"https:\/\/ecojardindesgrivauds.fr\/wp-content\/gallery\/2019_06_09-avec-adeline\/thumbs\/thumbs_2019-06-08_02-48-37.jpg\"\n                    width=\"240\"\n                    height=\"160\"\n                    style=\"max-width:100%;\"\n                \/>\n            <\/a>\n        <\/div>\n\t\t\t\t\t\t\t<\/div> \n\t\t\t\n        \n\t\t\t\t<div id=\"ngg-image-5\" class=\"ngg-gallery-thumbnail-box\" >\n\t\t\t\t        <div class=\"ngg-gallery-thumbnail\">\n            <a href=\"https:\/\/ecojardindesgrivauds.fr\/wp-content\/gallery\/2019_06_09-avec-adeline\/2019-06-07_02-34-06.jpg\"\n               title=\"On s&#039;\u00e9tonne que nos choux aient du mal \u00e0 pousser... Il a fallu une apr\u00e8s-midi pluvieuse pour qu&#039;on comprenne le probl\u00e8me !\"\n               data-src=\"https:\/\/ecojardindesgrivauds.fr\/wp-content\/gallery\/2019_06_09-avec-adeline\/2019-06-07_02-34-06.jpg\"\n               data-thumbnail=\"https:\/\/ecojardindesgrivauds.fr\/wp-content\/gallery\/2019_06_09-avec-adeline\/thumbs\/thumbs_2019-06-07_02-34-06.jpg\"\n               data-image-id=\"902\"\n               data-title=\"2019-06-07_02-34-06\"\n               data-description=\"On s&#039;\u00e9tonne que nos choux aient du mal \u00e0 pousser... Il a fallu une apr\u00e8s-midi pluvieuse pour qu&#039;on comprenne le probl\u00e8me !\"\n               data-image-slug=\"2019-06-07_02-34-06\"\n               class=\"ngg-fancybox\" rel=\"0e97c315877cd4a52fde0348a1a231e0\">\n                <img\n                    title=\"2019-06-07_02-34-06\"\n                    alt=\"2019-06-07_02-34-06\"\n                    src=\"https:\/\/ecojardindesgrivauds.fr\/wp-content\/gallery\/2019_06_09-avec-adeline\/thumbs\/thumbs_2019-06-07_02-34-06.jpg\"\n                    width=\"240\"\n                    height=\"160\"\n                    style=\"max-width:100%;\"\n                \/>\n            <\/a>\n        <\/div>\n\t\t\t\t\t\t\t<\/div> \n\t\t\t\n        \n\t\t\t\t<div id=\"ngg-image-6\" class=\"ngg-gallery-thumbnail-box\" >\n\t\t\t\t        <div class=\"ngg-gallery-thumbnail\">\n            <a href=\"https:\/\/ecojardindesgrivauds.fr\/wp-content\/gallery\/2019_06_09-avec-adeline\/2019-06-06_21-47-07.jpg\"\n               title=\"Chenille de Machaon\"\n               data-src=\"https:\/\/ecojardindesgrivauds.fr\/wp-content\/gallery\/2019_06_09-avec-adeline\/2019-06-06_21-47-07.jpg\"\n               data-thumbnail=\"https:\/\/ecojardindesgrivauds.fr\/wp-content\/gallery\/2019_06_09-avec-adeline\/thumbs\/thumbs_2019-06-06_21-47-07.jpg\"\n               data-image-id=\"901\"\n               data-title=\"2019-06-06_21-47-07\"\n               data-description=\"Chenille de Machaon\"\n               data-image-slug=\"2019-06-06_21-47-07\"\n               class=\"ngg-fancybox\" rel=\"0e97c315877cd4a52fde0348a1a231e0\">\n                <img\n                    title=\"2019-06-06_21-47-07\"\n                    alt=\"2019-06-06_21-47-07\"\n                    src=\"https:\/\/ecojardindesgrivauds.fr\/wp-content\/gallery\/2019_06_09-avec-adeline\/thumbs\/thumbs_2019-06-06_21-47-07.jpg\"\n                    width=\"240\"\n                    height=\"160\"\n                    style=\"max-width:100%;\"\n                \/>\n            <\/a>\n        <\/div>\n\t\t\t\t\t\t\t<\/div> \n\t\t\t\n        \n\t\t\t\t<div id=\"ngg-image-7\" class=\"ngg-gallery-thumbnail-box\" >\n\t\t\t\t        <div class=\"ngg-gallery-thumbnail\">\n            <a href=\"https:\/\/ecojardindesgrivauds.fr\/wp-content\/gallery\/2019_06_09-avec-adeline\/2019-06-08_05-10-46.jpg\"\n               title=\"Accouplement de zyg\u00e8nes du tr\u00e8fle\"\n               data-src=\"https:\/\/ecojardindesgrivauds.fr\/wp-content\/gallery\/2019_06_09-avec-adeline\/2019-06-08_05-10-46.jpg\"\n               data-thumbnail=\"https:\/\/ecojardindesgrivauds.fr\/wp-content\/gallery\/2019_06_09-avec-adeline\/thumbs\/thumbs_2019-06-08_05-10-46.jpg\"\n               data-image-id=\"905\"\n               data-title=\"2019-06-08_05-10-46\"\n               data-description=\"Accouplement de zyg\u00e8nes du tr\u00e8fle\"\n               data-image-slug=\"2019-06-08_05-10-46\"\n               class=\"ngg-fancybox\" rel=\"0e97c315877cd4a52fde0348a1a231e0\">\n                <img\n                    title=\"2019-06-08_05-10-46\"\n                    alt=\"2019-06-08_05-10-46\"\n                    src=\"https:\/\/ecojardindesgrivauds.fr\/wp-content\/gallery\/2019_06_09-avec-adeline\/thumbs\/thumbs_2019-06-08_05-10-46.jpg\"\n                    width=\"240\"\n                    height=\"160\"\n                    style=\"max-width:100%;\"\n                \/>\n            <\/a>\n        <\/div>\n\t\t\t\t\t\t\t<\/div> \n\t\t\t\n        \n\t\t\t\t<div id=\"ngg-image-8\" class=\"ngg-gallery-thumbnail-box\" >\n\t\t\t\t        <div class=\"ngg-gallery-thumbnail\">\n            <a href=\"https:\/\/ecojardindesgrivauds.fr\/wp-content\/gallery\/2019_06_09-avec-adeline\/2019-06-04_02-21-07.jpg\"\n               title=\"Vesce d&#039;hiver, pr\u00e9sente dans le verger, vestige d&#039;un ancien engrais vert, sem\u00e9 il y a plusieurs ann\u00e9es.\"\n               data-src=\"https:\/\/ecojardindesgrivauds.fr\/wp-content\/gallery\/2019_06_09-avec-adeline\/2019-06-04_02-21-07.jpg\"\n               data-thumbnail=\"https:\/\/ecojardindesgrivauds.fr\/wp-content\/gallery\/2019_06_09-avec-adeline\/thumbs\/thumbs_2019-06-04_02-21-07.jpg\"\n               data-image-id=\"899\"\n               data-title=\"2019-06-04_02-21-07\"\n               data-description=\"Vesce d&#039;hiver, pr\u00e9sente dans le verger, vestige d&#039;un ancien engrais vert, sem\u00e9 il y a plusieurs ann\u00e9es.\"\n               data-image-slug=\"2019-06-04_02-21-07\"\n               class=\"ngg-fancybox\" rel=\"0e97c315877cd4a52fde0348a1a231e0\">\n                <img\n                    title=\"2019-06-04_02-21-07\"\n                    alt=\"2019-06-04_02-21-07\"\n                    src=\"https:\/\/ecojardindesgrivauds.fr\/wp-content\/gallery\/2019_06_09-avec-adeline\/thumbs\/thumbs_2019-06-04_02-21-07.jpg\"\n                    width=\"240\"\n                    height=\"160\"\n                    style=\"max-width:100%;\"\n                \/>\n            <\/a>\n        <\/div>\n\t\t\t\t\t\t\t<\/div> \n\t\t\t\n        \n\t\t\t\t<div id=\"ngg-image-9\" class=\"ngg-gallery-thumbnail-box\" >\n\t\t\t\t        <div class=\"ngg-gallery-thumbnail\">\n            <a href=\"https:\/\/ecojardindesgrivauds.fr\/wp-content\/gallery\/2019_06_09-avec-adeline\/2019-06-08_06-56-05.jpg\"\n               title=\"Mi-Roux nous aide \u00e0 d\u00e9sherber les poivrons et les tomates-cerises.\"\n               data-src=\"https:\/\/ecojardindesgrivauds.fr\/wp-content\/gallery\/2019_06_09-avec-adeline\/2019-06-08_06-56-05.jpg\"\n               data-thumbnail=\"https:\/\/ecojardindesgrivauds.fr\/wp-content\/gallery\/2019_06_09-avec-adeline\/thumbs\/thumbs_2019-06-08_06-56-05.jpg\"\n               data-image-id=\"906\"\n               data-title=\"2019-06-08_06-56-05\"\n               data-description=\"Mi-Roux nous aide \u00e0 d\u00e9sherber les poivrons et les tomates-cerises.\"\n               data-image-slug=\"2019-06-08_06-56-05\"\n               class=\"ngg-fancybox\" rel=\"0e97c315877cd4a52fde0348a1a231e0\">\n                <img\n                    title=\"2019-06-08_06-56-05\"\n                    alt=\"2019-06-08_06-56-05\"\n                    src=\"https:\/\/ecojardindesgrivauds.fr\/wp-content\/gallery\/2019_06_09-avec-adeline\/thumbs\/thumbs_2019-06-08_06-56-05.jpg\"\n                    width=\"240\"\n                    height=\"160\"\n                    style=\"max-width:100%;\"\n                \/>\n            <\/a>\n        <\/div>\n\t\t\t\t\t\t\t<\/div> \n\t\t\t\n        \n\t\t\n\t\t<!-- Pagination -->\n\t<div class='ngg-clear'><\/div>\t<\/div>\n\n","protected":false},"excerpt":{"rendered":"<p>Il y a des l\u00e9gumes qui sont tr\u00e8s attendus, on le sait. Mais \u00e7a nous fait toujours un petit quelque chose de voir la mine r\u00e9jouie de nos amapiens de Bourbon-Lancy quand on d\u00e9barque avec des petits pois et des courgettes dans les paniers. Les choux-raves ne b\u00e9n\u00e9ficient pas du m\u00eame accueil et c&rsquo;est un &hellip; <\/p>\n<p class=\"link-more\"><a href=\"https:\/\/ecojardindesgrivauds.fr\/?p=3107\" class=\"more-link\">Continuer la lecture<span class=\"screen-reader-text\"> de &laquo;&nbsp;Oh ! Des petits pois !&nbsp;&raquo;<\/span><\/a><\/p>\n","protected":false},"author":1,"featured_media":0,"comment_status":"open","ping_status":"open","sticky":false,"template":"","format":"standard","meta":{"ngg_post_thumbnail":0},"categories":[1],"tags":[],"_links":{"self":[{"href":"https:\/\/ecojardindesgrivauds.fr\/index.php?rest_route=\/wp\/v2\/posts\/3107"}],"collection":[{"href":"https:\/\/ecojardindesgrivauds.fr\/index.php?rest_route=\/wp\/v2\/posts"}],"about":[{"href":"https:\/\/ecojardindesgrivauds.fr\/index.php?rest_route=\/wp\/v2\/types\/post"}],"author":[{"embeddable":true,"href":"https:\/\/ecojardindesgrivauds.fr\/index.php?rest_route=\/wp\/v2\/users\/1"}],"replies":[{"embeddable":true,"href":"https:\/\/ecojardindesgrivauds.fr\/index.php?rest_route=%2Fwp%2Fv2%2Fcomments&post=3107"}],"version-history":[{"count":4,"href":"https:\/\/ecojardindesgrivauds.fr\/index.php?rest_route=\/wp\/v2\/posts\/3107\/revisions"}],"predecessor-version":[{"id":3132,"href":"https:\/\/ecojardindesgrivauds.fr\/index.php?rest_route=\/wp\/v2\/posts\/3107\/revisions\/3132"}],"wp:attachment":[{"href":"https:\/\/ecojardindesgrivauds.fr\/index.php?rest_route=%2Fwp%2Fv2%2Fmedia&parent=3107"}],"wp:term":[{"taxonomy":"category","embeddable":true,"href":"https:\/\/ecojardindesgrivauds.fr\/index.php?rest_route=%2Fwp%2Fv2%2Fcategories&post=3107"},{"taxonomy":"post_tag","embeddable":true,"href":"https:\/\/ecojardindesgrivauds.fr\/index.php?rest_route=%2Fwp%2Fv2%2Ftags&post=3107"}],"curies":[{"name":"wp","href":"https:\/\/api.w.org\/{rel}","templated":true}]}}