{"id":3136,"date":"2019-06-16T09:22:31","date_gmt":"2019-06-16T07:22:31","guid":{"rendered":"http:\/\/ecojardindesgrivauds.fr\/?p=3136"},"modified":"2019-06-16T09:22:31","modified_gmt":"2019-06-16T07:22:31","slug":"la-pomme-de-terre-aux-grivauds-cest-simple-cest-bon-et-cest-pratique","status":"publish","type":"post","link":"https:\/\/ecojardindesgrivauds.fr\/?p=3136","title":{"rendered":"La pomme de terre aux Grivauds, c&rsquo;est simple, c&rsquo;est bon et c&rsquo;est pratique !"},"content":{"rendered":"\n<div class=\"wp-block-image\"><figure class=\"alignleft\"><a href=\"http:\/\/ecojardindesgrivauds.fr\/wp-content\/uploads\/2019\/06\/2019-06-11_20-40-29.jpg\"><img decoding=\"async\" loading=\"lazy\" width=\"300\" height=\"225\" src=\"http:\/\/ecojardindesgrivauds.fr\/wp-content\/uploads\/2019\/06\/2019-06-11_20-40-29-300x225.jpg\" alt=\"\" class=\"wp-image-3140\" srcset=\"https:\/\/ecojardindesgrivauds.fr\/wp-content\/uploads\/2019\/06\/2019-06-11_20-40-29-300x225.jpg 300w, https:\/\/ecojardindesgrivauds.fr\/wp-content\/uploads\/2019\/06\/2019-06-11_20-40-29-768x576.jpg 768w, https:\/\/ecojardindesgrivauds.fr\/wp-content\/uploads\/2019\/06\/2019-06-11_20-40-29.jpg 1024w\" sizes=\"(max-width: 300px) 100vw, 300px\" \/><\/a><figcaption>On pose tout simplement les plants de pommes de terre sur le sol.<\/figcaption><\/figure><\/div>\n\n\n\n<p>Il suffit de laisser tra\u00eener ses yeux dans les petits carr\u00e9s potagers du voisinage pour se rendre compte \u00e0 quel point la pomme de terre constitue la grammaire de base de tout jardinier qui se respecte. \u00c0 voir les reflets bleut\u00e9s de certains pieds, l&rsquo;impressionnant volume de feuillage et la propret\u00e9 remarquable des buttes, on se doute que ces belles cultures sont un peu \u00abaid\u00e9es\u00bb&#8230; Aux Grivauds, la pomme de terre suit un itin\u00e9raire technique des plus sobres : le plant est pos\u00e9 au sol et il est recouvert d&rsquo;une grosse \u00e9paisseur de paille (environ 20t\/ha). De cette fa\u00e7on, les pommes de terre se d\u00e9veloppent \u00e0 l&rsquo;interface entre la terre et la paille et la r\u00e9colte se fait sans avoir \u00e0 creuser. Attention, si l&rsquo;\u00e9paisseur de paille est trop l\u00e9g\u00e8re, les pommes de terre risquent de voir la lumi\u00e8re et de verdir. \u00c0 la saison suivante, le reliquat de paille est important et permet de d\u00e9marrer tout de suite une nouvelle culture sans repailler. Pratique ! \u00c0 noter pour cette ann\u00e9e, on a essay\u00e9 une nouvelle vari\u00e9t\u00e9 : l&rsquo;Allians. Ce sera \u00e0 vous de nous dire si on a eu raison&#8230;<\/p>\n\n\n\n<div class=\"wp-block-image\"><figure class=\"alignright\"><a href=\"http:\/\/ecojardindesgrivauds.fr\/wp-content\/uploads\/2019\/06\/2019-06-12_20-54-52.jpg\"><img decoding=\"async\" loading=\"lazy\" width=\"300\" height=\"225\" src=\"http:\/\/ecojardindesgrivauds.fr\/wp-content\/uploads\/2019\/06\/2019-06-12_20-54-52-300x225.jpg\" alt=\"\" class=\"wp-image-3141\" srcset=\"https:\/\/ecojardindesgrivauds.fr\/wp-content\/uploads\/2019\/06\/2019-06-12_20-54-52-300x225.jpg 300w, https:\/\/ecojardindesgrivauds.fr\/wp-content\/uploads\/2019\/06\/2019-06-12_20-54-52-768x575.jpg 768w, https:\/\/ecojardindesgrivauds.fr\/wp-content\/uploads\/2019\/06\/2019-06-12_20-54-52.jpg 1024w\" sizes=\"(max-width: 300px) 100vw, 300px\" \/><\/a><figcaption>Un insecte inhabituel est rep\u00e9r\u00e9 et, soudainement, la r\u00e9colte des petits pois s\u2019interrompt. C&rsquo;est nous qui avons appris \u00e7a \u00e0 Laurence ? Je ne pense pas&#8230;<\/figcaption><\/figure><\/div>\n\n\n\n<p>Cette semaine, on a accueilli Laurence pour sa derni\u00e8re semaine de stage avant l&rsquo;obtention de son BPREA. On lui confie quelques r\u00e9coltes (petits pois, fraises, persil, etc.), elle paille les pommes de terre et elle taille les tomates de main de ma\u00eetre. Elle va beaucoup nous manquer, c&rsquo;est certain : c&rsquo;\u00e9tait vraiment tr\u00e8s chouette de travailler avec elle. Pas seulement pour l&rsquo;immense coup de main qu&rsquo;elle a apport\u00e9 \u00e0 nos cultures depuis sa premi\u00e8re venue en ao\u00fbt dernier, mais aussi pour son \u00e9nergie d\u00e9bordante, sa curiosit\u00e9 permanente et son amour des plantes. Quelque chose nous dit, cependant, qu&rsquo;on aura l&rsquo;occasion de la revoir avant la fin de la saison&#8230;<\/p>\n\n\n\n<div class=\"wp-block-image\"><figure class=\"alignleft\"><a href=\"http:\/\/ecojardindesgrivauds.fr\/wp-content\/uploads\/2019\/06\/2019-06-15_05-19-27.jpg\"><img decoding=\"async\" loading=\"lazy\" width=\"225\" height=\"300\" src=\"http:\/\/ecojardindesgrivauds.fr\/wp-content\/uploads\/2019\/06\/2019-06-15_05-19-27-225x300.jpg\" alt=\"\" class=\"wp-image-3149\" srcset=\"https:\/\/ecojardindesgrivauds.fr\/wp-content\/uploads\/2019\/06\/2019-06-15_05-19-27-225x300.jpg 225w, https:\/\/ecojardindesgrivauds.fr\/wp-content\/uploads\/2019\/06\/2019-06-15_05-19-27.jpg 768w\" sizes=\"(max-width: 225px) 100vw, 225px\" \/><\/a><figcaption>Plantation des salades avec Charlotte<\/figcaption><\/figure><\/div>\n\n\n\n<p>Nous avons aussi le plaisir d&rsquo;accueillir une nouvelle wwoofeuse cette semaine : Charlotte. Elle nous arrive tout droit des Yvelines, elle est \u00e9tudiante en commerce et vient aux Grivauds pour un premier contact avec le monde agricole. Paillage, r\u00e9coltes, palissage, plantations des pommes de terre et des salades, en 3 jours, elle a d\u00e9j\u00e0 vu beaucoup de choses ! Il para\u00eet que pour tenir le coup, elle se gave de carottes&#8230; Pas de probl\u00e8me : ici, elles sont fra\u00eeches et pleines de vitamines. <\/p>\n\n\n\n<div class=\"wp-block-image\"><figure class=\"alignright\"><a href=\"http:\/\/ecojardindesgrivauds.fr\/wp-content\/uploads\/2019\/06\/2019-06-15_20-22-20.jpg\"><img decoding=\"async\" loading=\"lazy\" width=\"225\" height=\"300\" src=\"http:\/\/ecojardindesgrivauds.fr\/wp-content\/uploads\/2019\/06\/2019-06-15_20-22-20-225x300.jpg\" alt=\"\" class=\"wp-image-3165\" srcset=\"https:\/\/ecojardindesgrivauds.fr\/wp-content\/uploads\/2019\/06\/2019-06-15_20-22-20-225x300.jpg 225w, https:\/\/ecojardindesgrivauds.fr\/wp-content\/uploads\/2019\/06\/2019-06-15_20-22-20.jpg 768w\" sizes=\"(max-width: 225px) 100vw, 225px\" \/><\/a><figcaption>Je ne veux pas voir un poireau qui d\u00e9passe !<\/figcaption><\/figure><\/div>\n\n\n\n<p>Autre gros chantier : les poireaux d&rsquo;automne sont en cours de repiquage ; pr\u00e9paration des plants et mise en terre des poireaux, c&rsquo;est du 100% Fabrice cette ann\u00e9e, et le moins qu&rsquo;on puisse dire, c&rsquo;est qu&rsquo;il nous fait \u00e7a aux petits oignons ! Admirez la rectitude des rangs, \u00e7a c&rsquo;est de la belle ouvrage ! La pluie de la fin de la semaine vient \u00e0 point pour parfaire la plantation et devrait permettre \u00e0 l&rsquo;ensemble du jardin d&rsquo;encaisser sans sourciller la vague de chaleur annonc\u00e9e pour la semaine prochaine.<\/p>\n\n\n\n<p>\u00c0 la semaine prochaine !<\/p>\n\n\n\n<!-- index.php -->\n<div\n\tclass=\"ngg-galleryoverview ngg-ajax-pagination-none\"\n\tid=\"ngg-gallery-cf79d8d55d62e150627444e84fb130b2-1\">\n\n    \t\t<!-- Thumbnails -->\n\t\t\t\t<div id=\"ngg-image-0\" class=\"ngg-gallery-thumbnail-box\" >\n\t\t\t\t        <div class=\"ngg-gallery-thumbnail\">\n            <a href=\"https:\/\/ecojardindesgrivauds.fr\/wp-content\/gallery\/2019_06_16-dernieres-pdt-plantees\/2019-06-14_00-24-12.jpg\"\n               title=\"Premi\u00e8re r\u00e9colte de betteraves : Chioggia et Noire Plate d&#039;\u00c9gypte\"\n               data-src=\"https:\/\/ecojardindesgrivauds.fr\/wp-content\/gallery\/2019_06_16-dernieres-pdt-plantees\/2019-06-14_00-24-12.jpg\"\n               data-thumbnail=\"https:\/\/ecojardindesgrivauds.fr\/wp-content\/gallery\/2019_06_16-dernieres-pdt-plantees\/thumbs\/thumbs_2019-06-14_00-24-12.jpg\"\n               data-image-id=\"913\"\n               data-title=\"2019-06-14_00-24-12\"\n               data-description=\"Premi\u00e8re r\u00e9colte de betteraves : Chioggia et Noire Plate d&#039;\u00c9gypte\"\n               data-image-slug=\"2019-06-14_00-24-12\"\n               class=\"ngg-fancybox\" rel=\"cf79d8d55d62e150627444e84fb130b2\">\n                <img\n                    title=\"2019-06-14_00-24-12\"\n                    alt=\"2019-06-14_00-24-12\"\n                    src=\"https:\/\/ecojardindesgrivauds.fr\/wp-content\/gallery\/2019_06_16-dernieres-pdt-plantees\/thumbs\/thumbs_2019-06-14_00-24-12.jpg\"\n                    width=\"240\"\n                    height=\"160\"\n                    style=\"max-width:100%;\"\n                \/>\n            <\/a>\n        <\/div>\n\t\t\t\t\t\t\t<\/div> \n\t\t\t\n        \n\t\t\t\t<div id=\"ngg-image-1\" class=\"ngg-gallery-thumbnail-box\" >\n\t\t\t\t        <div class=\"ngg-gallery-thumbnail\">\n            <a href=\"https:\/\/ecojardindesgrivauds.fr\/wp-content\/gallery\/2019_06_16-dernieres-pdt-plantees\/2019-06-14_20-02-14.jpg\"\n               title=\"Premi\u00e8re floraison des courgettes de plein champ\"\n               data-src=\"https:\/\/ecojardindesgrivauds.fr\/wp-content\/gallery\/2019_06_16-dernieres-pdt-plantees\/2019-06-14_20-02-14.jpg\"\n               data-thumbnail=\"https:\/\/ecojardindesgrivauds.fr\/wp-content\/gallery\/2019_06_16-dernieres-pdt-plantees\/thumbs\/thumbs_2019-06-14_20-02-14.jpg\"\n               data-image-id=\"914\"\n               data-title=\"2019-06-14_20-02-14\"\n               data-description=\"Premi\u00e8re floraison des courgettes de plein champ\"\n               data-image-slug=\"2019-06-14_20-02-14\"\n               class=\"ngg-fancybox\" rel=\"cf79d8d55d62e150627444e84fb130b2\">\n                <img\n                    title=\"2019-06-14_20-02-14\"\n                    alt=\"2019-06-14_20-02-14\"\n                    src=\"https:\/\/ecojardindesgrivauds.fr\/wp-content\/gallery\/2019_06_16-dernieres-pdt-plantees\/thumbs\/thumbs_2019-06-14_20-02-14.jpg\"\n                    width=\"240\"\n                    height=\"160\"\n                    style=\"max-width:100%;\"\n                \/>\n            <\/a>\n        <\/div>\n\t\t\t\t\t\t\t<\/div> \n\t\t\t\n        \n\t\t\t\t<div id=\"ngg-image-2\" class=\"ngg-gallery-thumbnail-box\" >\n\t\t\t\t        <div class=\"ngg-gallery-thumbnail\">\n            <a href=\"https:\/\/ecojardindesgrivauds.fr\/wp-content\/gallery\/2019_06_16-dernieres-pdt-plantees\/2019-06-15_20-20-57.jpg\"\n               title=\"Les courges s&#039;installent tranquillement.\"\n               data-src=\"https:\/\/ecojardindesgrivauds.fr\/wp-content\/gallery\/2019_06_16-dernieres-pdt-plantees\/2019-06-15_20-20-57.jpg\"\n               data-thumbnail=\"https:\/\/ecojardindesgrivauds.fr\/wp-content\/gallery\/2019_06_16-dernieres-pdt-plantees\/thumbs\/thumbs_2019-06-15_20-20-57.jpg\"\n               data-image-id=\"919\"\n               data-title=\"2019-06-15_20-20-57\"\n               data-description=\"Les courges s&#039;installent tranquillement.\"\n               data-image-slug=\"2019-06-15_20-20-57\"\n               class=\"ngg-fancybox\" rel=\"cf79d8d55d62e150627444e84fb130b2\">\n                <img\n                    title=\"2019-06-15_20-20-57\"\n                    alt=\"2019-06-15_20-20-57\"\n                    src=\"https:\/\/ecojardindesgrivauds.fr\/wp-content\/gallery\/2019_06_16-dernieres-pdt-plantees\/thumbs\/thumbs_2019-06-15_20-20-57.jpg\"\n                    width=\"240\"\n                    height=\"160\"\n                    style=\"max-width:100%;\"\n                \/>\n            <\/a>\n        <\/div>\n\t\t\t\t\t\t\t<\/div> \n\t\t\t\n        \n\t\t\t\t<div id=\"ngg-image-3\" class=\"ngg-gallery-thumbnail-box\" >\n\t\t\t\t        <div class=\"ngg-gallery-thumbnail\">\n            <a href=\"https:\/\/ecojardindesgrivauds.fr\/wp-content\/gallery\/2019_06_16-dernieres-pdt-plantees\/2019-06-14_23-53-46.jpg\"\n               title=\"Coccinelles sur f\u00e8ves : c&#039;est un peu tard mesdames...\"\n               data-src=\"https:\/\/ecojardindesgrivauds.fr\/wp-content\/gallery\/2019_06_16-dernieres-pdt-plantees\/2019-06-14_23-53-46.jpg\"\n               data-thumbnail=\"https:\/\/ecojardindesgrivauds.fr\/wp-content\/gallery\/2019_06_16-dernieres-pdt-plantees\/thumbs\/thumbs_2019-06-14_23-53-46.jpg\"\n               data-image-id=\"915\"\n               data-title=\"2019-06-14_23-53-46\"\n               data-description=\"Coccinelles sur f\u00e8ves : c&#039;est un peu tard mesdames...\"\n               data-image-slug=\"2019-06-14_23-53-46\"\n               class=\"ngg-fancybox\" rel=\"cf79d8d55d62e150627444e84fb130b2\">\n                <img\n                    title=\"2019-06-14_23-53-46\"\n                    alt=\"2019-06-14_23-53-46\"\n                    src=\"https:\/\/ecojardindesgrivauds.fr\/wp-content\/gallery\/2019_06_16-dernieres-pdt-plantees\/thumbs\/thumbs_2019-06-14_23-53-46.jpg\"\n                    width=\"240\"\n                    height=\"160\"\n                    style=\"max-width:100%;\"\n                \/>\n            <\/a>\n        <\/div>\n\t\t\t\t\t\t\t<\/div> \n\t\t\t\n        \n\t\t\t\t<div id=\"ngg-image-4\" class=\"ngg-gallery-thumbnail-box\" >\n\t\t\t\t        <div class=\"ngg-gallery-thumbnail\">\n            <a href=\"https:\/\/ecojardindesgrivauds.fr\/wp-content\/gallery\/2019_06_16-dernieres-pdt-plantees\/2019-06-15_05-44-43.jpg\"\n               title=\"\u00c7a fleurit dans les poivrons !\"\n               data-src=\"https:\/\/ecojardindesgrivauds.fr\/wp-content\/gallery\/2019_06_16-dernieres-pdt-plantees\/2019-06-15_05-44-43.jpg\"\n               data-thumbnail=\"https:\/\/ecojardindesgrivauds.fr\/wp-content\/gallery\/2019_06_16-dernieres-pdt-plantees\/thumbs\/thumbs_2019-06-15_05-44-43.jpg\"\n               data-image-id=\"917\"\n               data-title=\"2019-06-15_05-44-43\"\n               data-description=\"\u00c7a fleurit dans les poivrons !\"\n               data-image-slug=\"2019-06-15_05-44-43\"\n               class=\"ngg-fancybox\" rel=\"cf79d8d55d62e150627444e84fb130b2\">\n                <img\n                    title=\"2019-06-15_05-44-43\"\n                    alt=\"2019-06-15_05-44-43\"\n                    src=\"https:\/\/ecojardindesgrivauds.fr\/wp-content\/gallery\/2019_06_16-dernieres-pdt-plantees\/thumbs\/thumbs_2019-06-15_05-44-43.jpg\"\n                    width=\"240\"\n                    height=\"160\"\n                    style=\"max-width:100%;\"\n                \/>\n            <\/a>\n        <\/div>\n\t\t\t\t\t\t\t<\/div> \n\t\t\t\n        \n\t\t\t\t<div id=\"ngg-image-5\" class=\"ngg-gallery-thumbnail-box\" >\n\t\t\t\t        <div class=\"ngg-gallery-thumbnail\">\n            <a href=\"https:\/\/ecojardindesgrivauds.fr\/wp-content\/gallery\/2019_06_16-dernieres-pdt-plantees\/2019-06-13_20-15-51.jpg\"\n               title=\"Ph\u00e9nom\u00e8ne tr\u00e8s rare : une carotte \u00e0 deux t\u00eates !\"\n               data-src=\"https:\/\/ecojardindesgrivauds.fr\/wp-content\/gallery\/2019_06_16-dernieres-pdt-plantees\/2019-06-13_20-15-51.jpg\"\n               data-thumbnail=\"https:\/\/ecojardindesgrivauds.fr\/wp-content\/gallery\/2019_06_16-dernieres-pdt-plantees\/thumbs\/thumbs_2019-06-13_20-15-51.jpg\"\n               data-image-id=\"912\"\n               data-title=\"2019-06-13_20-15-51\"\n               data-description=\"Ph\u00e9nom\u00e8ne tr\u00e8s rare : une carotte \u00e0 deux t\u00eates !\"\n               data-image-slug=\"2019-06-13_20-15-51\"\n               class=\"ngg-fancybox\" rel=\"cf79d8d55d62e150627444e84fb130b2\">\n                <img\n                    title=\"2019-06-13_20-15-51\"\n                    alt=\"2019-06-13_20-15-51\"\n                    src=\"https:\/\/ecojardindesgrivauds.fr\/wp-content\/gallery\/2019_06_16-dernieres-pdt-plantees\/thumbs\/thumbs_2019-06-13_20-15-51.jpg\"\n                    width=\"240\"\n                    height=\"160\"\n                    style=\"max-width:100%;\"\n                \/>\n            <\/a>\n        <\/div>\n\t\t\t\t\t\t\t<\/div> \n\t\t\t\n        \n\t\t\t\t<div id=\"ngg-image-6\" class=\"ngg-gallery-thumbnail-box\" >\n\t\t\t\t        <div class=\"ngg-gallery-thumbnail\">\n            <a href=\"https:\/\/ecojardindesgrivauds.fr\/wp-content\/gallery\/2019_06_16-dernieres-pdt-plantees\/2019-06-15_20-31-17.jpg\"\n               title=\"Dans les tomates, la question n&#039;est plus de savoir \u00abcombien ?\u00bb mais \u00abquand ?\u00bb\"\n               data-src=\"https:\/\/ecojardindesgrivauds.fr\/wp-content\/gallery\/2019_06_16-dernieres-pdt-plantees\/2019-06-15_20-31-17.jpg\"\n               data-thumbnail=\"https:\/\/ecojardindesgrivauds.fr\/wp-content\/gallery\/2019_06_16-dernieres-pdt-plantees\/thumbs\/thumbs_2019-06-15_20-31-17.jpg\"\n               data-image-id=\"920\"\n               data-title=\"2019-06-15_20-31-17\"\n               data-description=\"Dans les tomates, la question n&#039;est plus de savoir \u00abcombien ?\u00bb mais \u00abquand ?\u00bb\"\n               data-image-slug=\"2019-06-15_20-31-17\"\n               class=\"ngg-fancybox\" rel=\"cf79d8d55d62e150627444e84fb130b2\">\n                <img\n                    title=\"2019-06-15_20-31-17\"\n                    alt=\"2019-06-15_20-31-17\"\n                    src=\"https:\/\/ecojardindesgrivauds.fr\/wp-content\/gallery\/2019_06_16-dernieres-pdt-plantees\/thumbs\/thumbs_2019-06-15_20-31-17.jpg\"\n                    width=\"240\"\n                    height=\"160\"\n                    style=\"max-width:100%;\"\n                \/>\n            <\/a>\n        <\/div>\n\t\t\t\t\t\t\t<\/div> \n\t\t\t\n        \n\t\t\t\t<div id=\"ngg-image-7\" class=\"ngg-gallery-thumbnail-box\" >\n\t\t\t\t        <div class=\"ngg-gallery-thumbnail\">\n            <a href=\"https:\/\/ecojardindesgrivauds.fr\/wp-content\/gallery\/2019_06_16-dernieres-pdt-plantees\/2019-06-12_20-55-33.jpg\"\n               title=\"\u00c0 identifier\"\n               data-src=\"https:\/\/ecojardindesgrivauds.fr\/wp-content\/gallery\/2019_06_16-dernieres-pdt-plantees\/2019-06-12_20-55-33.jpg\"\n               data-thumbnail=\"https:\/\/ecojardindesgrivauds.fr\/wp-content\/gallery\/2019_06_16-dernieres-pdt-plantees\/thumbs\/thumbs_2019-06-12_20-55-33.jpg\"\n               data-image-id=\"911\"\n               data-title=\"2019-06-12_20-55-33\"\n               data-description=\"\u00c0 identifier\"\n               data-image-slug=\"2019-06-12_20-55-33\"\n               class=\"ngg-fancybox\" rel=\"cf79d8d55d62e150627444e84fb130b2\">\n                <img\n                    title=\"2019-06-12_20-55-33\"\n                    alt=\"2019-06-12_20-55-33\"\n                    src=\"https:\/\/ecojardindesgrivauds.fr\/wp-content\/gallery\/2019_06_16-dernieres-pdt-plantees\/thumbs\/thumbs_2019-06-12_20-55-33.jpg\"\n                    width=\"240\"\n                    height=\"160\"\n                    style=\"max-width:100%;\"\n                \/>\n            <\/a>\n        <\/div>\n\t\t\t\t\t\t\t<\/div> \n\t\t\t\n        \n\t\t\t\t<div id=\"ngg-image-8\" class=\"ngg-gallery-thumbnail-box\" >\n\t\t\t\t        <div class=\"ngg-gallery-thumbnail\">\n            <a href=\"https:\/\/ecojardindesgrivauds.fr\/wp-content\/gallery\/2019_06_16-dernieres-pdt-plantees\/2019-06-11_01-52-36.jpg\"\n               title=\"Longicorne (\u00e0 identifier)\"\n               data-src=\"https:\/\/ecojardindesgrivauds.fr\/wp-content\/gallery\/2019_06_16-dernieres-pdt-plantees\/2019-06-11_01-52-36.jpg\"\n               data-thumbnail=\"https:\/\/ecojardindesgrivauds.fr\/wp-content\/gallery\/2019_06_16-dernieres-pdt-plantees\/thumbs\/thumbs_2019-06-11_01-52-36.jpg\"\n               data-image-id=\"910\"\n               data-title=\"2019-06-11_01-52-36\"\n               data-description=\"Longicorne (\u00e0 identifier)\"\n               data-image-slug=\"2019-06-11_01-52-36\"\n               class=\"ngg-fancybox\" rel=\"cf79d8d55d62e150627444e84fb130b2\">\n                <img\n                    title=\"2019-06-11_01-52-36\"\n                    alt=\"2019-06-11_01-52-36\"\n                    src=\"https:\/\/ecojardindesgrivauds.fr\/wp-content\/gallery\/2019_06_16-dernieres-pdt-plantees\/thumbs\/thumbs_2019-06-11_01-52-36.jpg\"\n                    width=\"240\"\n                    height=\"160\"\n                    style=\"max-width:100%;\"\n                \/>\n            <\/a>\n        <\/div>\n\t\t\t\t\t\t\t<\/div> \n\t\t\t\n        \n\t\t\t\t<div id=\"ngg-image-9\" class=\"ngg-gallery-thumbnail-box\" >\n\t\t\t\t        <div class=\"ngg-gallery-thumbnail\">\n            <a href=\"https:\/\/ecojardindesgrivauds.fr\/wp-content\/gallery\/2019_06_16-dernieres-pdt-plantees\/2019-06-08_07-03-26.jpg\"\n               title=\"Une belle brassicac\u00e9e qui s&#039;exprime cette ann\u00e9e dans le parc des \u00e2nes : le Sisymbre Officinale.\"\n               data-src=\"https:\/\/ecojardindesgrivauds.fr\/wp-content\/gallery\/2019_06_16-dernieres-pdt-plantees\/2019-06-08_07-03-26.jpg\"\n               data-thumbnail=\"https:\/\/ecojardindesgrivauds.fr\/wp-content\/gallery\/2019_06_16-dernieres-pdt-plantees\/thumbs\/thumbs_2019-06-08_07-03-26.jpg\"\n               data-image-id=\"909\"\n               data-title=\"2019-06-08_07-03-26\"\n               data-description=\"Une belle brassicac\u00e9e qui s&#039;exprime cette ann\u00e9e dans le parc des \u00e2nes : le Sisymbre Officinale.\"\n               data-image-slug=\"2019-06-08_07-03-26\"\n               class=\"ngg-fancybox\" rel=\"cf79d8d55d62e150627444e84fb130b2\">\n                <img\n                    title=\"2019-06-08_07-03-26\"\n                    alt=\"2019-06-08_07-03-26\"\n                    src=\"https:\/\/ecojardindesgrivauds.fr\/wp-content\/gallery\/2019_06_16-dernieres-pdt-plantees\/thumbs\/thumbs_2019-06-08_07-03-26.jpg\"\n                    width=\"240\"\n                    height=\"160\"\n                    style=\"max-width:100%;\"\n                \/>\n            <\/a>\n        <\/div>\n\t\t\t\t\t\t\t<\/div> \n\t\t\t\n        \n\t\t\n\t\t<!-- Pagination -->\n\t<div class='ngg-clear'><\/div>\t<\/div>\n\n","protected":false},"excerpt":{"rendered":"<p>Il suffit de laisser tra\u00eener ses yeux dans les petits carr\u00e9s potagers du voisinage pour se rendre compte \u00e0 quel point la pomme de terre constitue la grammaire de base de tout jardinier qui se respecte. \u00c0 voir les reflets bleut\u00e9s de certains pieds, l&rsquo;impressionnant volume de feuillage et la propret\u00e9 remarquable des buttes, on &hellip; <\/p>\n<p class=\"link-more\"><a href=\"https:\/\/ecojardindesgrivauds.fr\/?p=3136\" class=\"more-link\">Continuer la lecture<span class=\"screen-reader-text\"> de &laquo;&nbsp;La pomme de terre aux Grivauds, c&rsquo;est simple, c&rsquo;est bon et c&rsquo;est pratique !&nbsp;&raquo;<\/span><\/a><\/p>\n","protected":false},"author":1,"featured_media":0,"comment_status":"open","ping_status":"open","sticky":false,"template":"","format":"standard","meta":{"ngg_post_thumbnail":0},"categories":[1],"tags":[],"_links":{"self":[{"href":"https:\/\/ecojardindesgrivauds.fr\/index.php?rest_route=\/wp\/v2\/posts\/3136"}],"collection":[{"href":"https:\/\/ecojardindesgrivauds.fr\/index.php?rest_route=\/wp\/v2\/posts"}],"about":[{"href":"https:\/\/ecojardindesgrivauds.fr\/index.php?rest_route=\/wp\/v2\/types\/post"}],"author":[{"embeddable":true,"href":"https:\/\/ecojardindesgrivauds.fr\/index.php?rest_route=\/wp\/v2\/users\/1"}],"replies":[{"embeddable":true,"href":"https:\/\/ecojardindesgrivauds.fr\/index.php?rest_route=%2Fwp%2Fv2%2Fcomments&post=3136"}],"version-history":[{"count":3,"href":"https:\/\/ecojardindesgrivauds.fr\/index.php?rest_route=\/wp\/v2\/posts\/3136\/revisions"}],"predecessor-version":[{"id":3169,"href":"https:\/\/ecojardindesgrivauds.fr\/index.php?rest_route=\/wp\/v2\/posts\/3136\/revisions\/3169"}],"wp:attachment":[{"href":"https:\/\/ecojardindesgrivauds.fr\/index.php?rest_route=%2Fwp%2Fv2%2Fmedia&parent=3136"}],"wp:term":[{"taxonomy":"category","embeddable":true,"href":"https:\/\/ecojardindesgrivauds.fr\/index.php?rest_route=%2Fwp%2Fv2%2Fcategories&post=3136"},{"taxonomy":"post_tag","embeddable":true,"href":"https:\/\/ecojardindesgrivauds.fr\/index.php?rest_route=%2Fwp%2Fv2%2Ftags&post=3136"}],"curies":[{"name":"wp","href":"https:\/\/api.w.org\/{rel}","templated":true}]}}