{"id":3171,"date":"2019-06-23T12:11:31","date_gmt":"2019-06-23T10:11:31","guid":{"rendered":"http:\/\/ecojardindesgrivauds.fr\/?p=3171"},"modified":"2019-06-23T12:11:31","modified_gmt":"2019-06-23T10:11:31","slug":"la-plantation-de-choux-la-plus-luxueuse-quon-puisse-imaginer","status":"publish","type":"post","link":"https:\/\/ecojardindesgrivauds.fr\/?p=3171","title":{"rendered":"La plantation de choux la plus luxueuse qu&rsquo;on puisse imaginer"},"content":{"rendered":"\n<div class=\"wp-block-image\"><figure class=\"alignright\"><a href=\"http:\/\/ecojardindesgrivauds.fr\/wp-content\/uploads\/2019\/06\/2019-06-20_22-48-07.jpg\"><img decoding=\"async\" loading=\"lazy\" width=\"225\" height=\"300\" src=\"http:\/\/ecojardindesgrivauds.fr\/wp-content\/uploads\/2019\/06\/2019-06-20_22-48-07-225x300.jpg\" alt=\"\" class=\"wp-image-3186\" srcset=\"https:\/\/ecojardindesgrivauds.fr\/wp-content\/uploads\/2019\/06\/2019-06-20_22-48-07-225x300.jpg 225w, https:\/\/ecojardindesgrivauds.fr\/wp-content\/uploads\/2019\/06\/2019-06-20_22-48-07.jpg 768w\" sizes=\"(max-width: 225px) 100vw, 225px\" \/><\/a><figcaption>B\u00e2che, collerettes, voile anti-insectes, irrigation en aspersion et en goutte-\u00e0-goutte : rien n&rsquo;est laiss\u00e9 au hasard cette ann\u00e9e.<\/figcaption><\/figure><\/div>\n\n\n\n<p>Le chou, aux Grivauds, on y tient ! Quand on les r\u00e9ussit, on en est tr\u00e8s fiers et nos clients nous en redemandent. On en fait de plein de vari\u00e9t\u00e9s diff\u00e9rentes, histoire de varier les plaisirs : des choux cabus blancs et rouges, des choux de Milan (dont le fameux chou violet de Pontoise), des choux de Bruxelles, sans oublier les choux-fleurs et les brocolis. En tant que jardiniers, on admire le port majestueux de la plante, avec ses immenses feuilles basales encadrant la pomme ou la fleur. Et puis, on ne se l&rsquo;avoue pas, mais il y a toujours un peu du d\u00e9fi \u00e0 r\u00e9ussir ses choux : c&rsquo;est un l\u00e9gume exigeant, soumis \u00e0 une grande vari\u00e9t\u00e9 de parasites (altises, punaises, charan\u00e7ons, noctuelles, pi\u00e9rides, etc.) et de maladies (dont la hernie du chou, dont nous avons d\u00e9j\u00e0 fait les frais il y a deux ans). On rajoute \u00e0 \u00e7a le fait que la plantation demande un soin particulier car toute la motte doit \u00eatre enterr\u00e9e, ainsi qu&rsquo;une partie de la tige. Je vous laisse imaginer ce que \u00e7a demande comme travail dans nos sols non travaill\u00e9s&#8230;<\/p>\n\n\n\n<div class=\"wp-block-image\"><figure class=\"alignleft\"><a href=\"http:\/\/ecojardindesgrivauds.fr\/wp-content\/uploads\/2019\/06\/2019-06-22_02-29-12.jpg\"><img decoding=\"async\" loading=\"lazy\" width=\"300\" height=\"225\" src=\"http:\/\/ecojardindesgrivauds.fr\/wp-content\/uploads\/2019\/06\/2019-06-22_02-29-12-300x225.jpg\" alt=\"\" class=\"wp-image-3190\" srcset=\"https:\/\/ecojardindesgrivauds.fr\/wp-content\/uploads\/2019\/06\/2019-06-22_02-29-12-300x225.jpg 300w, https:\/\/ecojardindesgrivauds.fr\/wp-content\/uploads\/2019\/06\/2019-06-22_02-29-12-768x576.jpg 768w, https:\/\/ecojardindesgrivauds.fr\/wp-content\/uploads\/2019\/06\/2019-06-22_02-29-12.jpg 1024w\" sizes=\"(max-width: 300px) 100vw, 300px\" \/><\/a><figcaption>Prot\u00e9ger les jeunes choux sous des cagettes pendant la semaine de canicule \u00e0 venir, on y r\u00e9fl\u00e9chit tr\u00e8s s\u00e9rieusement.<\/figcaption><\/figure><\/div>\n\n\n\n<p>Cette ann\u00e9e, on a une contrainte particuli\u00e8re : la plantation de nos choux d&rsquo;hiver aura enti\u00e8rement lieu sur b\u00e2che tiss\u00e9e. Pour une raison tr\u00e8s prosa\u00efque : on n&rsquo;a plus de bandes de culture suffisamment propres pour planter sous la paille. Pour les choux fra\u00eechement install\u00e9s, c&rsquo;est la premi\u00e8re semaine qui est la plus dure : il faut qu&rsquo;ils r\u00e9sistent aux limaces, \u00e0 la chaleur, aux U.V., aux br\u00fblures provoqu\u00e9es par la b\u00e2che elle-m\u00eame (qui est toujours de couleur sombre). Cette ann\u00e9e, on a choisi d&rsquo;acheter quelques centaines de collerettes en jute pour limiter les br\u00fblures. Grand bien nous en a pris, \u00e0 peine on avait commenc\u00e9 \u00e0 installer nos choux qu&rsquo;on nous annon\u00e7ait la canicule de la semaine prochaine&#8230; D\u00e8s lundi prochain, on envisage m\u00eame de cacher nos 400 premiers choux sous de vieilles cagettes pour les ombrager un peu&#8230; En attendant, on appr\u00e9cie le fait que le filet anti-insecte (qu&rsquo;on utilise pour les prot\u00e9ger des altises) soit un peu brillant : si \u00e7a peut \u00e9viter que la b\u00e2che ne chauffe trop. Peut-\u00eatre que tout \u00e7a ne suffira pas mais on pourra au moins se dire une chose : on se sera donn\u00e9 un maximum de chance pour r\u00e9ussir nos choux cette ann\u00e9e !<\/p>\n\n\n\n<div class=\"wp-block-image\"><figure class=\"alignright\"><a href=\"http:\/\/ecojardindesgrivauds.fr\/wp-content\/uploads\/2019\/06\/2019-06-22_04-08-49.jpg\"><img decoding=\"async\" loading=\"lazy\" width=\"225\" height=\"300\" src=\"http:\/\/ecojardindesgrivauds.fr\/wp-content\/uploads\/2019\/06\/2019-06-22_04-08-49-225x300.jpg\" alt=\"\" class=\"wp-image-3194\" srcset=\"https:\/\/ecojardindesgrivauds.fr\/wp-content\/uploads\/2019\/06\/2019-06-22_04-08-49-225x300.jpg 225w, https:\/\/ecojardindesgrivauds.fr\/wp-content\/uploads\/2019\/06\/2019-06-22_04-08-49.jpg 767w\" sizes=\"(max-width: 225px) 100vw, 225px\" \/><\/a><figcaption>Plantation de melons en serre n\u00ba5 ; deux fr\u00e8res en action !<\/figcaption><\/figure><\/div>\n\n\n\n<p>On a progress\u00e9 pour nos plantations de choux mais pas seulement. Tiens, une journ\u00e9e symptomatique de notre capacit\u00e9 \u00e0 r\u00e9agir vite et bien : celle de samedi. Le matin, on se demande comment nos plants de melon (d\u00e9j\u00e0 bien avanc\u00e9s) vont survivre \u00e0 la canicule. Il est pr\u00e9vu qu&rsquo;on les plante en serre 5, l\u00e0 o\u00f9 il reste encore quelques oignons nouveaux. Dans la matin\u00e9e on se d\u00e9cide \u00e0 tout r\u00e9colter. On trie ceux qui ont commenc\u00e9 \u00e0 s\u00e9cher et ceux qui peuvent encore \u00eatre vendus comme oignons nouveaux. On nettoie rapidement la planche (un peu de liseron, un peu de potentilles) et on se rend compte que le reliquat de paille est trop faible pour contenir la digitaire et la renou\u00e9e persicaire. La digitaire, c&rsquo;est le genre de gramin\u00e9e tropicale \u00e0 affronter la canicule en ricanant&#8230; On ne tergiverse pas et on se d\u00e9cide \u00e0 re-pailler la bande. \u00c0 15h, c&rsquo;est termin\u00e9 et la plantation des melons commence.<\/p>\n\n\n\n<p>\u00c7a nous fait encore des journ\u00e9es bien charg\u00e9es et Charlotte, notre valeureuse wwoofeuse, nous y accompagne avec une \u00e9nergie et une patience salutaires. Il faut voir avec quelle attention elle plante les choux ou r\u00e9colte les doryphores dans les pommes de terre ! On est \u00e0 peine surpris quand elle nous raconte qu&rsquo;elle fait des nuits de 10h de sommeil. Qu&rsquo;on ne vienne pas nous raconter que les jeunes sont devenus fain\u00e9ants&#8230; Les deux derniers jours, on retrouve Yannick, le fr\u00e8re de Fabrice qui adore venir nous filer un coup de main chaque fois qu&rsquo;il vient visiter le jardin.<\/p>\n\n\n\n<p>\u00c0 la semaine prochaine !<\/p>\n\n\n\n<!-- index.php -->\n<div\n\tclass=\"ngg-galleryoverview ngg-ajax-pagination-none\"\n\tid=\"ngg-gallery-eae444c2accb684bbf56c2135d61ca05-1\">\n\n    \t\t<!-- Thumbnails -->\n\t\t\t\t<div id=\"ngg-image-0\" class=\"ngg-gallery-thumbnail-box\" >\n\t\t\t\t        <div class=\"ngg-gallery-thumbnail\">\n            <a href=\"https:\/\/ecojardindesgrivauds.fr\/wp-content\/gallery\/2019_06_23-choux-luxueux\/2019-06-18_05-26-36.jpg\"\n               title=\"Premi\u00e8re s\u00e9rie de pommes de terre nouvelles : c&#039;est mieux que l&#039;ann\u00e9e derni\u00e8re mais on a encore des progr\u00e8s \u00e0 faire.\"\n               data-src=\"https:\/\/ecojardindesgrivauds.fr\/wp-content\/gallery\/2019_06_23-choux-luxueux\/2019-06-18_05-26-36.jpg\"\n               data-thumbnail=\"https:\/\/ecojardindesgrivauds.fr\/wp-content\/gallery\/2019_06_23-choux-luxueux\/thumbs\/thumbs_2019-06-18_05-26-36.jpg\"\n               data-image-id=\"923\"\n               data-title=\"2019-06-18_05-26-36\"\n               data-description=\"Premi\u00e8re s\u00e9rie de pommes de terre nouvelles : c&#039;est mieux que l&#039;ann\u00e9e derni\u00e8re mais on a encore des progr\u00e8s \u00e0 faire.\"\n               data-image-slug=\"2019-06-18_05-26-36\"\n               class=\"ngg-fancybox\" rel=\"eae444c2accb684bbf56c2135d61ca05\">\n                <img\n                    title=\"2019-06-18_05-26-36\"\n                    alt=\"2019-06-18_05-26-36\"\n                    src=\"https:\/\/ecojardindesgrivauds.fr\/wp-content\/gallery\/2019_06_23-choux-luxueux\/thumbs\/thumbs_2019-06-18_05-26-36.jpg\"\n                    width=\"240\"\n                    height=\"160\"\n                    style=\"max-width:100%;\"\n                \/>\n            <\/a>\n        <\/div>\n\t\t\t\t\t\t\t<\/div> \n\t\t\t\n        \n\t\t\t\t<div id=\"ngg-image-1\" class=\"ngg-gallery-thumbnail-box\" >\n\t\t\t\t        <div class=\"ngg-gallery-thumbnail\">\n            <a href=\"https:\/\/ecojardindesgrivauds.fr\/wp-content\/gallery\/2019_06_23-choux-luxueux\/2019-06-22_03-57-26.jpg\"\n               title=\"On a paill\u00e9 nos poireaux d&#039;\u00e9t\u00e9 avec une paille plein de grains : Yannick nous d\u00e9barrasse de toutes les plantules de bl\u00e9 qui ont tent\u00e9 leur chance...\"\n               data-src=\"https:\/\/ecojardindesgrivauds.fr\/wp-content\/gallery\/2019_06_23-choux-luxueux\/2019-06-22_03-57-26.jpg\"\n               data-thumbnail=\"https:\/\/ecojardindesgrivauds.fr\/wp-content\/gallery\/2019_06_23-choux-luxueux\/thumbs\/thumbs_2019-06-22_03-57-26.jpg\"\n               data-image-id=\"938\"\n               data-title=\"2019-06-22_03-57-26\"\n               data-description=\"On a paill\u00e9 nos poireaux d&#039;\u00e9t\u00e9 avec une paille plein de grains : Yannick nous d\u00e9barrasse de toutes les plantules de bl\u00e9 qui ont tent\u00e9 leur chance...\"\n               data-image-slug=\"2019-06-22_03-57-26\"\n               class=\"ngg-fancybox\" rel=\"eae444c2accb684bbf56c2135d61ca05\">\n                <img\n                    title=\"2019-06-22_03-57-26\"\n                    alt=\"2019-06-22_03-57-26\"\n                    src=\"https:\/\/ecojardindesgrivauds.fr\/wp-content\/gallery\/2019_06_23-choux-luxueux\/thumbs\/thumbs_2019-06-22_03-57-26.jpg\"\n                    width=\"240\"\n                    height=\"160\"\n                    style=\"max-width:100%;\"\n                \/>\n            <\/a>\n        <\/div>\n\t\t\t\t\t\t\t<\/div> \n\t\t\t\n        \n\t\t\t\t<div id=\"ngg-image-2\" class=\"ngg-gallery-thumbnail-box\" >\n\t\t\t\t        <div class=\"ngg-gallery-thumbnail\">\n            <a href=\"https:\/\/ecojardindesgrivauds.fr\/wp-content\/gallery\/2019_06_23-choux-luxueux\/2019-06-20_21-21-58.jpg\"\n               title=\"Pois mangetout : les pieds sont petits mais bien charg\u00e9s !\"\n               data-src=\"https:\/\/ecojardindesgrivauds.fr\/wp-content\/gallery\/2019_06_23-choux-luxueux\/2019-06-20_21-21-58.jpg\"\n               data-thumbnail=\"https:\/\/ecojardindesgrivauds.fr\/wp-content\/gallery\/2019_06_23-choux-luxueux\/thumbs\/thumbs_2019-06-20_21-21-58.jpg\"\n               data-image-id=\"931\"\n               data-title=\"2019-06-20_21-21-58\"\n               data-description=\"Pois mangetout : les pieds sont petits mais bien charg\u00e9s !\"\n               data-image-slug=\"2019-06-20_21-21-58\"\n               class=\"ngg-fancybox\" rel=\"eae444c2accb684bbf56c2135d61ca05\">\n                <img\n                    title=\"2019-06-20_21-21-58\"\n                    alt=\"2019-06-20_21-21-58\"\n                    src=\"https:\/\/ecojardindesgrivauds.fr\/wp-content\/gallery\/2019_06_23-choux-luxueux\/thumbs\/thumbs_2019-06-20_21-21-58.jpg\"\n                    width=\"240\"\n                    height=\"160\"\n                    style=\"max-width:100%;\"\n                \/>\n            <\/a>\n        <\/div>\n\t\t\t\t\t\t\t<\/div> \n\t\t\t\n        \n\t\t\t\t<div id=\"ngg-image-3\" class=\"ngg-gallery-thumbnail-box\" >\n\t\t\t\t        <div class=\"ngg-gallery-thumbnail\">\n            <a href=\"https:\/\/ecojardindesgrivauds.fr\/wp-content\/gallery\/2019_06_23-choux-luxueux\/2019-06-20_21-21-41.jpg\"\n               title=\"R\u00e9colte des mangetouts : Fabrice et Ramsmouth \u00e0 la man\u0153uvre\"\n               data-src=\"https:\/\/ecojardindesgrivauds.fr\/wp-content\/gallery\/2019_06_23-choux-luxueux\/2019-06-20_21-21-41.jpg\"\n               data-thumbnail=\"https:\/\/ecojardindesgrivauds.fr\/wp-content\/gallery\/2019_06_23-choux-luxueux\/thumbs\/thumbs_2019-06-20_21-21-41.jpg\"\n               data-image-id=\"930\"\n               data-title=\"2019-06-20_21-21-41\"\n               data-description=\"R\u00e9colte des mangetouts : Fabrice et Ramsmouth \u00e0 la man\u0153uvre\"\n               data-image-slug=\"2019-06-20_21-21-41\"\n               class=\"ngg-fancybox\" rel=\"eae444c2accb684bbf56c2135d61ca05\">\n                <img\n                    title=\"2019-06-20_21-21-41\"\n                    alt=\"2019-06-20_21-21-41\"\n                    src=\"https:\/\/ecojardindesgrivauds.fr\/wp-content\/gallery\/2019_06_23-choux-luxueux\/thumbs\/thumbs_2019-06-20_21-21-41.jpg\"\n                    width=\"240\"\n                    height=\"160\"\n                    style=\"max-width:100%;\"\n                \/>\n            <\/a>\n        <\/div>\n\t\t\t\t\t\t\t<\/div> \n\t\t\t\n        \n\t\t\t\t<div id=\"ngg-image-4\" class=\"ngg-gallery-thumbnail-box\" >\n\t\t\t\t        <div class=\"ngg-gallery-thumbnail\">\n            <a href=\"https:\/\/ecojardindesgrivauds.fr\/wp-content\/gallery\/2019_06_23-choux-luxueux\/2019-06-19_22-46-17.jpg\"\n               title=\"Pause \u00abc\u00e2lin aux \u00e2nes\u00bb pour Charlotte\"\n               data-src=\"https:\/\/ecojardindesgrivauds.fr\/wp-content\/gallery\/2019_06_23-choux-luxueux\/2019-06-19_22-46-17.jpg\"\n               data-thumbnail=\"https:\/\/ecojardindesgrivauds.fr\/wp-content\/gallery\/2019_06_23-choux-luxueux\/thumbs\/thumbs_2019-06-19_22-46-17.jpg\"\n               data-image-id=\"924\"\n               data-title=\"2019-06-19_22-46-17\"\n               data-description=\"Pause \u00abc\u00e2lin aux \u00e2nes\u00bb pour Charlotte\"\n               data-image-slug=\"2019-06-19_22-46-17\"\n               class=\"ngg-fancybox\" rel=\"eae444c2accb684bbf56c2135d61ca05\">\n                <img\n                    title=\"2019-06-19_22-46-17\"\n                    alt=\"2019-06-19_22-46-17\"\n                    src=\"https:\/\/ecojardindesgrivauds.fr\/wp-content\/gallery\/2019_06_23-choux-luxueux\/thumbs\/thumbs_2019-06-19_22-46-17.jpg\"\n                    width=\"240\"\n                    height=\"160\"\n                    style=\"max-width:100%;\"\n                \/>\n            <\/a>\n        <\/div>\n\t\t\t\t\t\t\t<\/div> \n\t\t\t\n        \n\t\t\t\t<div id=\"ngg-image-5\" class=\"ngg-gallery-thumbnail-box\" >\n\t\t\t\t        <div class=\"ngg-gallery-thumbnail\">\n            <a href=\"https:\/\/ecojardindesgrivauds.fr\/wp-content\/gallery\/2019_06_23-choux-luxueux\/2019-06-21_23-27-22.jpg\"\n               title=\"\u00c0 droite, on a pr\u00e9par\u00e9 un voile d&#039;ombrage pour nos poivrons.\"\n               data-src=\"https:\/\/ecojardindesgrivauds.fr\/wp-content\/gallery\/2019_06_23-choux-luxueux\/2019-06-21_23-27-22.jpg\"\n               data-thumbnail=\"https:\/\/ecojardindesgrivauds.fr\/wp-content\/gallery\/2019_06_23-choux-luxueux\/thumbs\/thumbs_2019-06-21_23-27-22.jpg\"\n               data-image-id=\"934\"\n               data-title=\"2019-06-21_23-27-22\"\n               data-description=\"\u00c0 droite, on a pr\u00e9par\u00e9 un voile d&#039;ombrage pour nos poivrons.\"\n               data-image-slug=\"2019-06-21_23-27-22\"\n               class=\"ngg-fancybox\" rel=\"eae444c2accb684bbf56c2135d61ca05\">\n                <img\n                    title=\"2019-06-21_23-27-22\"\n                    alt=\"2019-06-21_23-27-22\"\n                    src=\"https:\/\/ecojardindesgrivauds.fr\/wp-content\/gallery\/2019_06_23-choux-luxueux\/thumbs\/thumbs_2019-06-21_23-27-22.jpg\"\n                    width=\"240\"\n                    height=\"160\"\n                    style=\"max-width:100%;\"\n                \/>\n            <\/a>\n        <\/div>\n\t\t\t\t\t\t\t<\/div> \n\t\t\t\n        \n\t\t\t\t<div id=\"ngg-image-6\" class=\"ngg-gallery-thumbnail-box\" >\n\t\t\t\t        <div class=\"ngg-gallery-thumbnail\">\n            <a href=\"https:\/\/ecojardindesgrivauds.fr\/wp-content\/gallery\/2019_06_23-choux-luxueux\/2019-06-22_03-59-02.jpg\"\n               title=\"\u00c7a commence \u00e0 prendre une bonne allure dans notre champ !\"\n               data-src=\"https:\/\/ecojardindesgrivauds.fr\/wp-content\/gallery\/2019_06_23-choux-luxueux\/2019-06-22_03-59-02.jpg\"\n               data-thumbnail=\"https:\/\/ecojardindesgrivauds.fr\/wp-content\/gallery\/2019_06_23-choux-luxueux\/thumbs\/thumbs_2019-06-22_03-59-02.jpg\"\n               data-image-id=\"935\"\n               data-title=\"2019-06-22_03-59-02\"\n               data-description=\"\u00c7a commence \u00e0 prendre une bonne allure dans notre champ !\"\n               data-image-slug=\"2019-06-22_03-59-02\"\n               class=\"ngg-fancybox\" rel=\"eae444c2accb684bbf56c2135d61ca05\">\n                <img\n                    title=\"2019-06-22_03-59-02\"\n                    alt=\"2019-06-22_03-59-02\"\n                    src=\"https:\/\/ecojardindesgrivauds.fr\/wp-content\/gallery\/2019_06_23-choux-luxueux\/thumbs\/thumbs_2019-06-22_03-59-02.jpg\"\n                    width=\"240\"\n                    height=\"160\"\n                    style=\"max-width:100%;\"\n                \/>\n            <\/a>\n        <\/div>\n\t\t\t\t\t\t\t<\/div> \n\t\t\t\n        \n\t\t\t\t<div id=\"ngg-image-7\" class=\"ngg-gallery-thumbnail-box\" >\n\t\t\t\t        <div class=\"ngg-gallery-thumbnail\">\n            <a href=\"https:\/\/ecojardindesgrivauds.fr\/wp-content\/gallery\/2019_06_23-choux-luxueux\/2019-06-22_03-59-51.jpg\"\n               title=\"Les blettes jaunes, une nouveaut\u00e9 de l&#039;ann\u00e9e\"\n               data-src=\"https:\/\/ecojardindesgrivauds.fr\/wp-content\/gallery\/2019_06_23-choux-luxueux\/2019-06-22_03-59-51.jpg\"\n               data-thumbnail=\"https:\/\/ecojardindesgrivauds.fr\/wp-content\/gallery\/2019_06_23-choux-luxueux\/thumbs\/thumbs_2019-06-22_03-59-51.jpg\"\n               data-image-id=\"936\"\n               data-title=\"2019-06-22_03-59-51\"\n               data-description=\"Les blettes jaunes, une nouveaut\u00e9 de l&#039;ann\u00e9e\"\n               data-image-slug=\"2019-06-22_03-59-51\"\n               class=\"ngg-fancybox\" rel=\"eae444c2accb684bbf56c2135d61ca05\">\n                <img\n                    title=\"2019-06-22_03-59-51\"\n                    alt=\"2019-06-22_03-59-51\"\n                    src=\"https:\/\/ecojardindesgrivauds.fr\/wp-content\/gallery\/2019_06_23-choux-luxueux\/thumbs\/thumbs_2019-06-22_03-59-51.jpg\"\n                    width=\"240\"\n                    height=\"160\"\n                    style=\"max-width:100%;\"\n                \/>\n            <\/a>\n        <\/div>\n\t\t\t\t\t\t\t<\/div> \n\t\t\t\n        \n\t\t\t\t<div id=\"ngg-image-8\" class=\"ngg-gallery-thumbnail-box\" >\n\t\t\t\t        <div class=\"ngg-gallery-thumbnail\">\n            <a href=\"https:\/\/ecojardindesgrivauds.fr\/wp-content\/gallery\/2019_06_23-choux-luxueux\/2019-06-22_04-00-44.jpg\"\n               title=\"Que tout le monde se pr\u00e9pare au grand retour de la Merveille de Verano !\"\n               data-src=\"https:\/\/ecojardindesgrivauds.fr\/wp-content\/gallery\/2019_06_23-choux-luxueux\/2019-06-22_04-00-44.jpg\"\n               data-thumbnail=\"https:\/\/ecojardindesgrivauds.fr\/wp-content\/gallery\/2019_06_23-choux-luxueux\/thumbs\/thumbs_2019-06-22_04-00-44.jpg\"\n               data-image-id=\"937\"\n               data-title=\"2019-06-22_04-00-44\"\n               data-description=\"Que tout le monde se pr\u00e9pare au grand retour de la Merveille de Verano !\"\n               data-image-slug=\"2019-06-22_04-00-44\"\n               class=\"ngg-fancybox\" rel=\"eae444c2accb684bbf56c2135d61ca05\">\n                <img\n                    title=\"2019-06-22_04-00-44\"\n                    alt=\"2019-06-22_04-00-44\"\n                    src=\"https:\/\/ecojardindesgrivauds.fr\/wp-content\/gallery\/2019_06_23-choux-luxueux\/thumbs\/thumbs_2019-06-22_04-00-44.jpg\"\n                    width=\"240\"\n                    height=\"160\"\n                    style=\"max-width:100%;\"\n                \/>\n            <\/a>\n        <\/div>\n\t\t\t\t\t\t\t<\/div> \n\t\t\t\n        \n\t\t\t\t<div id=\"ngg-image-9\" class=\"ngg-gallery-thumbnail-box\" >\n\t\t\t\t        <div class=\"ngg-gallery-thumbnail\">\n            <a href=\"https:\/\/ecojardindesgrivauds.fr\/wp-content\/gallery\/2019_06_23-choux-luxueux\/2019-06-20_03-44-55.jpg\"\n               title=\"Linaire \u00e9latine en fleur\"\n               data-src=\"https:\/\/ecojardindesgrivauds.fr\/wp-content\/gallery\/2019_06_23-choux-luxueux\/2019-06-20_03-44-55.jpg\"\n               data-thumbnail=\"https:\/\/ecojardindesgrivauds.fr\/wp-content\/gallery\/2019_06_23-choux-luxueux\/thumbs\/thumbs_2019-06-20_03-44-55.jpg\"\n               data-image-id=\"926\"\n               data-title=\"2019-06-20_03-44-55\"\n               data-description=\"Linaire \u00e9latine en fleur\"\n               data-image-slug=\"2019-06-20_03-44-55\"\n               class=\"ngg-fancybox\" rel=\"eae444c2accb684bbf56c2135d61ca05\">\n                <img\n                    title=\"2019-06-20_03-44-55\"\n                    alt=\"2019-06-20_03-44-55\"\n                    src=\"https:\/\/ecojardindesgrivauds.fr\/wp-content\/gallery\/2019_06_23-choux-luxueux\/thumbs\/thumbs_2019-06-20_03-44-55.jpg\"\n                    width=\"240\"\n                    height=\"160\"\n                    style=\"max-width:100%;\"\n                \/>\n            <\/a>\n        <\/div>\n\t\t\t\t\t\t\t<\/div> \n\t\t\t\n        \n\t\t\t\t<div id=\"ngg-image-10\" class=\"ngg-gallery-thumbnail-box\" >\n\t\t\t\t        <div class=\"ngg-gallery-thumbnail\">\n            <a href=\"https:\/\/ecojardindesgrivauds.fr\/wp-content\/gallery\/2019_06_23-choux-luxueux\/2019-06-17_19-53-34.jpg\"\n               title=\"Papillon Gaz\u00e9 sur Achill\u00e9e Millefeuille\"\n               data-src=\"https:\/\/ecojardindesgrivauds.fr\/wp-content\/gallery\/2019_06_23-choux-luxueux\/2019-06-17_19-53-34.jpg\"\n               data-thumbnail=\"https:\/\/ecojardindesgrivauds.fr\/wp-content\/gallery\/2019_06_23-choux-luxueux\/thumbs\/thumbs_2019-06-17_19-53-34.jpg\"\n               data-image-id=\"921\"\n               data-title=\"2019-06-17_19-53-34\"\n               data-description=\"Papillon Gaz\u00e9 sur Achill\u00e9e Millefeuille\"\n               data-image-slug=\"2019-06-17_19-53-34\"\n               class=\"ngg-fancybox\" rel=\"eae444c2accb684bbf56c2135d61ca05\">\n                <img\n                    title=\"2019-06-17_19-53-34\"\n                    alt=\"2019-06-17_19-53-34\"\n                    src=\"https:\/\/ecojardindesgrivauds.fr\/wp-content\/gallery\/2019_06_23-choux-luxueux\/thumbs\/thumbs_2019-06-17_19-53-34.jpg\"\n                    width=\"240\"\n                    height=\"160\"\n                    style=\"max-width:100%;\"\n                \/>\n            <\/a>\n        <\/div>\n\t\t\t\t\t\t\t<\/div> \n\t\t\t\n        \n\t\t\t\t<div id=\"ngg-image-11\" class=\"ngg-gallery-thumbnail-box\" >\n\t\t\t\t        <div class=\"ngg-gallery-thumbnail\">\n            <a href=\"https:\/\/ecojardindesgrivauds.fr\/wp-content\/gallery\/2019_06_23-choux-luxueux\/2019-06-20_04-53-54.jpg\"\n               title=\"Probablement  Hesp\u00e9rie du Dactyle\"\n               data-src=\"https:\/\/ecojardindesgrivauds.fr\/wp-content\/gallery\/2019_06_23-choux-luxueux\/2019-06-20_04-53-54.jpg\"\n               data-thumbnail=\"https:\/\/ecojardindesgrivauds.fr\/wp-content\/gallery\/2019_06_23-choux-luxueux\/thumbs\/thumbs_2019-06-20_04-53-54.jpg\"\n               data-image-id=\"929\"\n               data-title=\"2019-06-20_04-53-54\"\n               data-description=\"Probablement  Hesp\u00e9rie du Dactyle\"\n               data-image-slug=\"2019-06-20_04-53-54\"\n               class=\"ngg-fancybox\" rel=\"eae444c2accb684bbf56c2135d61ca05\">\n                <img\n                    title=\"2019-06-20_04-53-54\"\n                    alt=\"2019-06-20_04-53-54\"\n                    src=\"https:\/\/ecojardindesgrivauds.fr\/wp-content\/gallery\/2019_06_23-choux-luxueux\/thumbs\/thumbs_2019-06-20_04-53-54.jpg\"\n                    width=\"240\"\n                    height=\"160\"\n                    style=\"max-width:100%;\"\n                \/>\n            <\/a>\n        <\/div>\n\t\t\t\t\t\t\t<\/div> \n\t\t\t\n        \n\t\t\t\t<div id=\"ngg-image-12\" class=\"ngg-gallery-thumbnail-box\" >\n\t\t\t\t        <div class=\"ngg-gallery-thumbnail\">\n            <a href=\"https:\/\/ecojardindesgrivauds.fr\/wp-content\/gallery\/2019_06_23-choux-luxueux\/2019-06-20_04-52-54.jpg\"\n               title=\"Fad\u00e9 Commun sur Centaur\u00e9e\"\n               data-src=\"https:\/\/ecojardindesgrivauds.fr\/wp-content\/gallery\/2019_06_23-choux-luxueux\/2019-06-20_04-52-54.jpg\"\n               data-thumbnail=\"https:\/\/ecojardindesgrivauds.fr\/wp-content\/gallery\/2019_06_23-choux-luxueux\/thumbs\/thumbs_2019-06-20_04-52-54.jpg\"\n               data-image-id=\"927\"\n               data-title=\"2019-06-20_04-52-54\"\n               data-description=\"Fad\u00e9 Commun sur Centaur\u00e9e\"\n               data-image-slug=\"2019-06-20_04-52-54\"\n               class=\"ngg-fancybox\" rel=\"eae444c2accb684bbf56c2135d61ca05\">\n                <img\n                    title=\"2019-06-20_04-52-54\"\n                    alt=\"2019-06-20_04-52-54\"\n                    src=\"https:\/\/ecojardindesgrivauds.fr\/wp-content\/gallery\/2019_06_23-choux-luxueux\/thumbs\/thumbs_2019-06-20_04-52-54.jpg\"\n                    width=\"240\"\n                    height=\"160\"\n                    style=\"max-width:100%;\"\n                \/>\n            <\/a>\n        <\/div>\n\t\t\t\t\t\t\t<\/div> \n\t\t\t\n        \n\t\t\t\t<div id=\"ngg-image-13\" class=\"ngg-gallery-thumbnail-box\" >\n\t\t\t\t        <div class=\"ngg-gallery-thumbnail\">\n            <a href=\"https:\/\/ecojardindesgrivauds.fr\/wp-content\/gallery\/2019_06_23-choux-luxueux\/2019-06-20_05-07-22.jpg\"\n               title=\"Libellule d\u00e9prim\u00e9e m\u00e2le\"\n               data-src=\"https:\/\/ecojardindesgrivauds.fr\/wp-content\/gallery\/2019_06_23-choux-luxueux\/2019-06-20_05-07-22.jpg\"\n               data-thumbnail=\"https:\/\/ecojardindesgrivauds.fr\/wp-content\/gallery\/2019_06_23-choux-luxueux\/thumbs\/thumbs_2019-06-20_05-07-22.jpg\"\n               data-image-id=\"928\"\n               data-title=\"2019-06-20_05-07-22\"\n               data-description=\"Libellule d\u00e9prim\u00e9e m\u00e2le\"\n               data-image-slug=\"2019-06-20_05-07-22\"\n               class=\"ngg-fancybox\" rel=\"eae444c2accb684bbf56c2135d61ca05\">\n                <img\n                    title=\"2019-06-20_05-07-22\"\n                    alt=\"2019-06-20_05-07-22\"\n                    src=\"https:\/\/ecojardindesgrivauds.fr\/wp-content\/gallery\/2019_06_23-choux-luxueux\/thumbs\/thumbs_2019-06-20_05-07-22.jpg\"\n                    width=\"240\"\n                    height=\"160\"\n                    style=\"max-width:100%;\"\n                \/>\n            <\/a>\n        <\/div>\n\t\t\t\t\t\t\t<\/div> \n\t\t\t\n        \n\t\t\t\t<div id=\"ngg-image-14\" class=\"ngg-gallery-thumbnail-box\" >\n\t\t\t\t        <div class=\"ngg-gallery-thumbnail\">\n            <a href=\"https:\/\/ecojardindesgrivauds.fr\/wp-content\/gallery\/2019_06_23-choux-luxueux\/2019-06-22_02-28-40.jpg\"\n               title=\"Tiens, une cigogne !\"\n               data-src=\"https:\/\/ecojardindesgrivauds.fr\/wp-content\/gallery\/2019_06_23-choux-luxueux\/2019-06-22_02-28-40.jpg\"\n               data-thumbnail=\"https:\/\/ecojardindesgrivauds.fr\/wp-content\/gallery\/2019_06_23-choux-luxueux\/thumbs\/thumbs_2019-06-22_02-28-40.jpg\"\n               data-image-id=\"933\"\n               data-title=\"2019-06-22_02-28-40\"\n               data-description=\"Tiens, une cigogne !\"\n               data-image-slug=\"2019-06-22_02-28-40\"\n               class=\"ngg-fancybox\" rel=\"eae444c2accb684bbf56c2135d61ca05\">\n                <img\n                    title=\"2019-06-22_02-28-40\"\n                    alt=\"2019-06-22_02-28-40\"\n                    src=\"https:\/\/ecojardindesgrivauds.fr\/wp-content\/gallery\/2019_06_23-choux-luxueux\/thumbs\/thumbs_2019-06-22_02-28-40.jpg\"\n                    width=\"240\"\n                    height=\"160\"\n                    style=\"max-width:100%;\"\n                \/>\n            <\/a>\n        <\/div>\n\t\t\t\t\t\t\t<\/div> \n\t\t\t\n        \n\t\t\t\t<div id=\"ngg-image-15\" class=\"ngg-gallery-thumbnail-box\" >\n\t\t\t\t        <div class=\"ngg-gallery-thumbnail\">\n            <a href=\"https:\/\/ecojardindesgrivauds.fr\/wp-content\/gallery\/2019_06_23-choux-luxueux\/2019-06-21_22-18-10.jpg\"\n               title=\"Pinson des arbres\"\n               data-src=\"https:\/\/ecojardindesgrivauds.fr\/wp-content\/gallery\/2019_06_23-choux-luxueux\/2019-06-21_22-18-10.jpg\"\n               data-thumbnail=\"https:\/\/ecojardindesgrivauds.fr\/wp-content\/gallery\/2019_06_23-choux-luxueux\/thumbs\/thumbs_2019-06-21_22-18-10.jpg\"\n               data-image-id=\"932\"\n               data-title=\"2019-06-21_22-18-10\"\n               data-description=\"Pinson des arbres\"\n               data-image-slug=\"2019-06-21_22-18-10\"\n               class=\"ngg-fancybox\" rel=\"eae444c2accb684bbf56c2135d61ca05\">\n                <img\n                    title=\"2019-06-21_22-18-10\"\n                    alt=\"2019-06-21_22-18-10\"\n                    src=\"https:\/\/ecojardindesgrivauds.fr\/wp-content\/gallery\/2019_06_23-choux-luxueux\/thumbs\/thumbs_2019-06-21_22-18-10.jpg\"\n                    width=\"240\"\n                    height=\"160\"\n                    style=\"max-width:100%;\"\n                \/>\n            <\/a>\n        <\/div>\n\t\t\t\t\t\t\t<\/div> \n\t\t\t\n        \n\t\t\t\t<div id=\"ngg-image-16\" class=\"ngg-gallery-thumbnail-box\" >\n\t\t\t\t        <div class=\"ngg-gallery-thumbnail\">\n            <a href=\"https:\/\/ecojardindesgrivauds.fr\/wp-content\/gallery\/2019_06_23-choux-luxueux\/2019-06-17_20-24-30.jpg\"\n               title=\"Aux Grivauds, il y a des chemins tr\u00e8s mal fam\u00e9s...\"\n               data-src=\"https:\/\/ecojardindesgrivauds.fr\/wp-content\/gallery\/2019_06_23-choux-luxueux\/2019-06-17_20-24-30.jpg\"\n               data-thumbnail=\"https:\/\/ecojardindesgrivauds.fr\/wp-content\/gallery\/2019_06_23-choux-luxueux\/thumbs\/thumbs_2019-06-17_20-24-30.jpg\"\n               data-image-id=\"922\"\n               data-title=\"2019-06-17_20-24-30\"\n               data-description=\"Aux Grivauds, il y a des chemins tr\u00e8s mal fam\u00e9s...\"\n               data-image-slug=\"2019-06-17_20-24-30\"\n               class=\"ngg-fancybox\" rel=\"eae444c2accb684bbf56c2135d61ca05\">\n                <img\n                    title=\"2019-06-17_20-24-30\"\n                    alt=\"2019-06-17_20-24-30\"\n                    src=\"https:\/\/ecojardindesgrivauds.fr\/wp-content\/gallery\/2019_06_23-choux-luxueux\/thumbs\/thumbs_2019-06-17_20-24-30.jpg\"\n                    width=\"240\"\n                    height=\"160\"\n                    style=\"max-width:100%;\"\n                \/>\n            <\/a>\n        <\/div>\n\t\t\t\t\t\t\t<\/div> \n\t\t\t\n        \n\t\t\t\t<div id=\"ngg-image-17\" class=\"ngg-gallery-thumbnail-box\" >\n\t\t\t\t        <div class=\"ngg-gallery-thumbnail\">\n            <a href=\"https:\/\/ecojardindesgrivauds.fr\/wp-content\/gallery\/2019_06_23-choux-luxueux\/2019-06-19_22-49-12.jpg\"\n               title=\"La b\u00eate mythologique des Grivauds :  la chatte \u00e0 5 t\u00eates\"\n               data-src=\"https:\/\/ecojardindesgrivauds.fr\/wp-content\/gallery\/2019_06_23-choux-luxueux\/2019-06-19_22-49-12.jpg\"\n               data-thumbnail=\"https:\/\/ecojardindesgrivauds.fr\/wp-content\/gallery\/2019_06_23-choux-luxueux\/thumbs\/thumbs_2019-06-19_22-49-12.jpg\"\n               data-image-id=\"925\"\n               data-title=\"2019-06-19_22-49-12\"\n               data-description=\"La b\u00eate mythologique des Grivauds :  la chatte \u00e0 5 t\u00eates\"\n               data-image-slug=\"2019-06-19_22-49-12\"\n               class=\"ngg-fancybox\" rel=\"eae444c2accb684bbf56c2135d61ca05\">\n                <img\n                    title=\"2019-06-19_22-49-12\"\n                    alt=\"2019-06-19_22-49-12\"\n                    src=\"https:\/\/ecojardindesgrivauds.fr\/wp-content\/gallery\/2019_06_23-choux-luxueux\/thumbs\/thumbs_2019-06-19_22-49-12.jpg\"\n                    width=\"240\"\n                    height=\"160\"\n                    style=\"max-width:100%;\"\n                \/>\n            <\/a>\n        <\/div>\n\t\t\t\t\t\t\t<\/div> \n\t\t\t\n        \n\t\t\n\t\t<!-- Pagination -->\n\t<div class='ngg-clear'><\/div>\t<\/div>\n\n","protected":false},"excerpt":{"rendered":"<p>Le chou, aux Grivauds, on y tient ! Quand on les r\u00e9ussit, on en est tr\u00e8s fiers et nos clients nous en redemandent. On en fait de plein de vari\u00e9t\u00e9s diff\u00e9rentes, histoire de varier les plaisirs : des choux cabus blancs et rouges, des choux de Milan (dont le fameux chou violet de Pontoise), des &hellip; <\/p>\n<p class=\"link-more\"><a href=\"https:\/\/ecojardindesgrivauds.fr\/?p=3171\" class=\"more-link\">Continuer la lecture<span class=\"screen-reader-text\"> de &laquo;&nbsp;La plantation de choux la plus luxueuse qu&rsquo;on puisse imaginer&nbsp;&raquo;<\/span><\/a><\/p>\n","protected":false},"author":1,"featured_media":0,"comment_status":"open","ping_status":"open","sticky":false,"template":"","format":"standard","meta":{"ngg_post_thumbnail":0},"categories":[1],"tags":[],"_links":{"self":[{"href":"https:\/\/ecojardindesgrivauds.fr\/index.php?rest_route=\/wp\/v2\/posts\/3171"}],"collection":[{"href":"https:\/\/ecojardindesgrivauds.fr\/index.php?rest_route=\/wp\/v2\/posts"}],"about":[{"href":"https:\/\/ecojardindesgrivauds.fr\/index.php?rest_route=\/wp\/v2\/types\/post"}],"author":[{"embeddable":true,"href":"https:\/\/ecojardindesgrivauds.fr\/index.php?rest_route=\/wp\/v2\/users\/1"}],"replies":[{"embeddable":true,"href":"https:\/\/ecojardindesgrivauds.fr\/index.php?rest_route=%2Fwp%2Fv2%2Fcomments&post=3171"}],"version-history":[{"count":5,"href":"https:\/\/ecojardindesgrivauds.fr\/index.php?rest_route=\/wp\/v2\/posts\/3171\/revisions"}],"predecessor-version":[{"id":3216,"href":"https:\/\/ecojardindesgrivauds.fr\/index.php?rest_route=\/wp\/v2\/posts\/3171\/revisions\/3216"}],"wp:attachment":[{"href":"https:\/\/ecojardindesgrivauds.fr\/index.php?rest_route=%2Fwp%2Fv2%2Fmedia&parent=3171"}],"wp:term":[{"taxonomy":"category","embeddable":true,"href":"https:\/\/ecojardindesgrivauds.fr\/index.php?rest_route=%2Fwp%2Fv2%2Fcategories&post=3171"},{"taxonomy":"post_tag","embeddable":true,"href":"https:\/\/ecojardindesgrivauds.fr\/index.php?rest_route=%2Fwp%2Fv2%2Ftags&post=3171"}],"curies":[{"name":"wp","href":"https:\/\/api.w.org\/{rel}","templated":true}]}}