{"id":3541,"date":"2019-08-11T09:27:47","date_gmt":"2019-08-11T07:27:47","guid":{"rendered":"http:\/\/ecojardindesgrivauds.fr\/?p=3541"},"modified":"2019-08-11T19:17:57","modified_gmt":"2019-08-11T17:17:57","slug":"le-haricot-des-grivauds-troisieme-acte","status":"publish","type":"post","link":"https:\/\/ecojardindesgrivauds.fr\/?p=3541","title":{"rendered":"Le haricot des Grivauds, troisi\u00e8me acte"},"content":{"rendered":"\n<div class=\"wp-block-image\"><figure class=\"alignright is-resized\"><a href=\"http:\/\/ecojardindesgrivauds.fr\/wp-content\/uploads\/2019\/08\/2019-08-08_22-07-41.jpg\"><img decoding=\"async\" loading=\"lazy\" src=\"http:\/\/ecojardindesgrivauds.fr\/wp-content\/uploads\/2019\/08\/2019-08-08_22-07-41-768x1024.jpg\" alt=\"\" class=\"wp-image-3559\" width=\"384\" height=\"512\" srcset=\"https:\/\/ecojardindesgrivauds.fr\/wp-content\/uploads\/2019\/08\/2019-08-08_22-07-41.jpg 768w, https:\/\/ecojardindesgrivauds.fr\/wp-content\/uploads\/2019\/08\/2019-08-08_22-07-41-225x300.jpg 225w\" sizes=\"(max-width: 384px) 100vw, 384px\" \/><\/a><figcaption>Aux r\u00e9coltes de vendredi, Fabrice, Jacqueline et Alain<\/figcaption><\/figure><\/div>\n\n\n\n<p>Au d\u00e9part, on avait un plan bien huil\u00e9 pour satisfaire les envies de haricots tout en nous m\u00e9nageant : il suffit d&rsquo;en semer r\u00e9guli\u00e8rement de telle sorte que d\u00e8s qu&rsquo;une planche commence \u00e0 donner des signes de faiblesse, une autre vienne la remplacer. En d\u00e9but d&rsquo;\u00e9t\u00e9, on comptait sur nos haricots \u00e0 rame (en serre). Malheureusement, les acariens s&rsquo;en sont m\u00eal\u00e9s, et, favoris\u00e9s par la canicule de juin, ils ont m\u00e9thodiquement d\u00e9cim\u00e9 toute la planche&#8230; Pour le relais, on comptait sur une planche de plein champ sem\u00e9e d\u00e9but juin : las, la gr\u00eale s&rsquo;en est m\u00eal\u00e9e et le d\u00e9veloppement des plantes s&rsquo;en est trouv\u00e9 fortement perturb\u00e9. Bon an mal an, les pieds se sont refait une sant\u00e9 et finissent par donner leurs premiers haricots, au milieu d&rsquo;une floraison tr\u00e8s g\u00e9n\u00e9reuse ! Du coup, on en profite pour en mettre une petite livre dans nos paniers d&rsquo;Amap du mercredi et pour exposer fi\u00e8rement la r\u00e9colte de vendredi sur notre stand de Vichy ! Ensuite, la rel\u00e8ve sera prise par une planche de haricots beurre sem\u00e9e juste apr\u00e8s la gr\u00eale (comme pour conjurer le mauvais sort) puis par deux planches en serre (vert, beurre et haricots plats) qui donneront \u00e0 la fin de la saison. Comme l&rsquo;ann\u00e9e derni\u00e8re, en somme, on se m\u00e9nage une belle mont\u00e9e en puissance : ce sera au moment o\u00f9 l&rsquo;\u00e9t\u00e9 tirera sa r\u00e9v\u00e9rence qu&rsquo;on fera nos plus belles r\u00e9coltes !<\/p>\n\n\n\n<div class=\"wp-block-image\"><figure class=\"alignleft\"><a href=\"http:\/\/ecojardindesgrivauds.fr\/wp-content\/uploads\/2019\/08\/2019-08-09_05-25-31.jpg\"><img decoding=\"async\" loading=\"lazy\" width=\"225\" height=\"300\" src=\"http:\/\/ecojardindesgrivauds.fr\/wp-content\/uploads\/2019\/08\/2019-08-09_05-25-31-225x300.jpg\" alt=\"\" class=\"wp-image-3551\" srcset=\"https:\/\/ecojardindesgrivauds.fr\/wp-content\/uploads\/2019\/08\/2019-08-09_05-25-31-225x300.jpg 225w, https:\/\/ecojardindesgrivauds.fr\/wp-content\/uploads\/2019\/08\/2019-08-09_05-25-31.jpg 767w\" sizes=\"(max-width: 225px) 100vw, 225px\" \/><\/a><figcaption>\u00abAvec un peu de chance, ils me prendront pour une tomate et ils m\u2019emm\u00e8neront sur le march\u00e9 de Vichy !\u00bb<\/figcaption><\/figure><\/div>\n\n\n\n<p>Tiens, et qui trouve-t-on \u00e0 la r\u00e9colte des haricots ce vendredi ? Fabrice et &#8230; Jacqueline, ma m\u00e8re. Et moi, de mon c\u00f4t\u00e9, je r\u00e9colte les blettes, les choux et les carottes en compagnie d&rsquo;Alain, mon p\u00e8re ! \u00c7a n&rsquo;est pas la premi\u00e8re fois qu&rsquo;on re\u00e7oit de la famille dans les champs et appr\u00e9cie toujours ces petits coups de main qui nous all\u00e8gent notre quotidien. Le monde des jardins est loin d&rsquo;\u00eatre \u00e9tranger \u00e0 nos deux familles et \u00e7a n&rsquo;est pas vraiment un hasard que, l&rsquo;un comme l&rsquo;autre, nous ayons choisi de nous reconvertir vers le mara\u00eechage&#8230; Jacqueline et Alain ont tenu \u00e0 participer \u00e0 la vente sur le march\u00e9 de Vichy ce samedi. Hasard du calendrier, il s&rsquo;av\u00e8re que le stand a connu ce jour-l\u00e0 une de ses plus belles affluences. Il faut dire qu&rsquo;on avait de quoi se la raconter sur notre stand : en plus de nos tomates et de nos haricots, on arborait fi\u00e8rement un l\u00e9gume quelque peu inattendu en cette saison ; saurez-vous deviner lequel ?&#8230;<\/p>\n\n\n\n<p><em>\u00c0 la semaine prochaine !<\/em><\/p>\n\n\n\n<!-- index.php -->\n<div\n\tclass=\"ngg-galleryoverview ngg-ajax-pagination-none\"\n\tid=\"ngg-gallery-30ea2b08e355d72373c1e5c8e9c2c822-1\">\n\n    \t\t<!-- Thumbnails -->\n\t\t\t\t<div id=\"ngg-image-0\" class=\"ngg-gallery-thumbnail-box\" >\n\t\t\t\t        <div class=\"ngg-gallery-thumbnail\">\n            <a href=\"https:\/\/ecojardindesgrivauds.fr\/wp-content\/gallery\/2019_08_11-plein-de-haricots\/2019-08-08_19-56-03.jpg\"\n               title=\"Une deuxi\u00e8me s\u00e9rie de concombres tr\u00e8s prometteuse !\u00a0(oui, on se r\u00e9p\u00e8te)\"\n               data-src=\"https:\/\/ecojardindesgrivauds.fr\/wp-content\/gallery\/2019_08_11-plein-de-haricots\/2019-08-08_19-56-03.jpg\"\n               data-thumbnail=\"https:\/\/ecojardindesgrivauds.fr\/wp-content\/gallery\/2019_08_11-plein-de-haricots\/thumbs\/thumbs_2019-08-08_19-56-03.jpg\"\n               data-image-id=\"1096\"\n               data-title=\"2019-08-08_19-56-03\"\n               data-description=\"Une deuxi\u00e8me s\u00e9rie de concombres tr\u00e8s prometteuse !\u00a0(oui, on se r\u00e9p\u00e8te)\"\n               data-image-slug=\"2019-08-08_19-56-03\"\n               class=\"ngg-fancybox\" rel=\"30ea2b08e355d72373c1e5c8e9c2c822\">\n                <img\n                    title=\"2019-08-08_19-56-03\"\n                    alt=\"2019-08-08_19-56-03\"\n                    src=\"https:\/\/ecojardindesgrivauds.fr\/wp-content\/gallery\/2019_08_11-plein-de-haricots\/thumbs\/thumbs_2019-08-08_19-56-03.jpg\"\n                    width=\"240\"\n                    height=\"160\"\n                    style=\"max-width:100%;\"\n                \/>\n            <\/a>\n        <\/div>\n\t\t\t\t\t\t\t<\/div> \n\t\t\t\n        \n\t\t\t\t<div id=\"ngg-image-1\" class=\"ngg-gallery-thumbnail-box\" >\n\t\t\t\t        <div class=\"ngg-gallery-thumbnail\">\n            <a href=\"https:\/\/ecojardindesgrivauds.fr\/wp-content\/gallery\/2019_08_11-plein-de-haricots\/2019-08-08_22-07-24.jpg\"\n               title=\"Jacqueline au milieu des haricots\"\n               data-src=\"https:\/\/ecojardindesgrivauds.fr\/wp-content\/gallery\/2019_08_11-plein-de-haricots\/2019-08-08_22-07-24.jpg\"\n               data-thumbnail=\"https:\/\/ecojardindesgrivauds.fr\/wp-content\/gallery\/2019_08_11-plein-de-haricots\/thumbs\/thumbs_2019-08-08_22-07-24.jpg\"\n               data-image-id=\"1097\"\n               data-title=\"2019-08-08_22-07-24\"\n               data-description=\"Jacqueline au milieu des haricots\"\n               data-image-slug=\"2019-08-08_22-07-24\"\n               class=\"ngg-fancybox\" rel=\"30ea2b08e355d72373c1e5c8e9c2c822\">\n                <img\n                    title=\"2019-08-08_22-07-24\"\n                    alt=\"2019-08-08_22-07-24\"\n                    src=\"https:\/\/ecojardindesgrivauds.fr\/wp-content\/gallery\/2019_08_11-plein-de-haricots\/thumbs\/thumbs_2019-08-08_22-07-24.jpg\"\n                    width=\"240\"\n                    height=\"160\"\n                    style=\"max-width:100%;\"\n                \/>\n            <\/a>\n        <\/div>\n\t\t\t\t\t\t\t<\/div> \n\t\t\t\n        \n\t\t\t\t<div id=\"ngg-image-2\" class=\"ngg-gallery-thumbnail-box\" >\n\t\t\t\t        <div class=\"ngg-gallery-thumbnail\">\n            <a href=\"https:\/\/ecojardindesgrivauds.fr\/wp-content\/gallery\/2019_08_11-plein-de-haricots\/2019-08-08_22-33-53.jpg\"\n               title=\"Alain r\u00e9ussit \u00e0 c\u00e2liner Bob (notre \u00e2ne timide).\"\n               data-src=\"https:\/\/ecojardindesgrivauds.fr\/wp-content\/gallery\/2019_08_11-plein-de-haricots\/2019-08-08_22-33-53.jpg\"\n               data-thumbnail=\"https:\/\/ecojardindesgrivauds.fr\/wp-content\/gallery\/2019_08_11-plein-de-haricots\/thumbs\/thumbs_2019-08-08_22-33-53.jpg\"\n               data-image-id=\"1099\"\n               data-title=\"2019-08-08_22-33-53\"\n               data-description=\"Alain r\u00e9ussit \u00e0 c\u00e2liner Bob (notre \u00e2ne timide).\"\n               data-image-slug=\"2019-08-08_22-33-53\"\n               class=\"ngg-fancybox\" rel=\"30ea2b08e355d72373c1e5c8e9c2c822\">\n                <img\n                    title=\"2019-08-08_22-33-53\"\n                    alt=\"2019-08-08_22-33-53\"\n                    src=\"https:\/\/ecojardindesgrivauds.fr\/wp-content\/gallery\/2019_08_11-plein-de-haricots\/thumbs\/thumbs_2019-08-08_22-33-53.jpg\"\n                    width=\"240\"\n                    height=\"160\"\n                    style=\"max-width:100%;\"\n                \/>\n            <\/a>\n        <\/div>\n\t\t\t\t\t\t\t<\/div> \n\t\t\t\n        \n\t\t\t\t<div id=\"ngg-image-3\" class=\"ngg-gallery-thumbnail-box\" >\n\t\t\t\t        <div class=\"ngg-gallery-thumbnail\">\n            <a href=\"https:\/\/ecojardindesgrivauds.fr\/wp-content\/gallery\/2019_08_11-plein-de-haricots\/2019-08-10_06-20-55.jpg\"\n               title=\"Au moins, cet hiver, on aura du panais !\"\n               data-src=\"https:\/\/ecojardindesgrivauds.fr\/wp-content\/gallery\/2019_08_11-plein-de-haricots\/2019-08-10_06-20-55.jpg\"\n               data-thumbnail=\"https:\/\/ecojardindesgrivauds.fr\/wp-content\/gallery\/2019_08_11-plein-de-haricots\/thumbs\/thumbs_2019-08-10_06-20-55.jpg\"\n               data-image-id=\"1104\"\n               data-title=\"2019-08-10_06-20-55\"\n               data-description=\"Au moins, cet hiver, on aura du panais !\"\n               data-image-slug=\"2019-08-10_06-20-55\"\n               class=\"ngg-fancybox\" rel=\"30ea2b08e355d72373c1e5c8e9c2c822\">\n                <img\n                    title=\"2019-08-10_06-20-55\"\n                    alt=\"2019-08-10_06-20-55\"\n                    src=\"https:\/\/ecojardindesgrivauds.fr\/wp-content\/gallery\/2019_08_11-plein-de-haricots\/thumbs\/thumbs_2019-08-10_06-20-55.jpg\"\n                    width=\"240\"\n                    height=\"160\"\n                    style=\"max-width:100%;\"\n                \/>\n            <\/a>\n        <\/div>\n\t\t\t\t\t\t\t<\/div> \n\t\t\t\n        \n\t\t\t\t<div id=\"ngg-image-4\" class=\"ngg-gallery-thumbnail-box\" >\n\t\t\t\t        <div class=\"ngg-gallery-thumbnail\">\n            <a href=\"https:\/\/ecojardindesgrivauds.fr\/wp-content\/gallery\/2019_08_11-plein-de-haricots\/2019-08-10_06-39-30.jpg\"\n               title=\"Notre premier semis de m\u00e2che est en pleine forme !\"\n               data-src=\"https:\/\/ecojardindesgrivauds.fr\/wp-content\/gallery\/2019_08_11-plein-de-haricots\/2019-08-10_06-39-30.jpg\"\n               data-thumbnail=\"https:\/\/ecojardindesgrivauds.fr\/wp-content\/gallery\/2019_08_11-plein-de-haricots\/thumbs\/thumbs_2019-08-10_06-39-30.jpg\"\n               data-image-id=\"1105\"\n               data-title=\"2019-08-10_06-39-30\"\n               data-description=\"Notre premier semis de m\u00e2che est en pleine forme !\"\n               data-image-slug=\"2019-08-10_06-39-30\"\n               class=\"ngg-fancybox\" rel=\"30ea2b08e355d72373c1e5c8e9c2c822\">\n                <img\n                    title=\"2019-08-10_06-39-30\"\n                    alt=\"2019-08-10_06-39-30\"\n                    src=\"https:\/\/ecojardindesgrivauds.fr\/wp-content\/gallery\/2019_08_11-plein-de-haricots\/thumbs\/thumbs_2019-08-10_06-39-30.jpg\"\n                    width=\"240\"\n                    height=\"160\"\n                    style=\"max-width:100%;\"\n                \/>\n            <\/a>\n        <\/div>\n\t\t\t\t\t\t\t<\/div> \n\t\t\t\n        \n\t\t\t\t<div id=\"ngg-image-5\" class=\"ngg-gallery-thumbnail-box\" >\n\t\t\t\t        <div class=\"ngg-gallery-thumbnail\">\n            <a href=\"https:\/\/ecojardindesgrivauds.fr\/wp-content\/gallery\/2019_08_11-plein-de-haricots\/2019-08-09_19-35-14.jpg\"\n               title=\"Notre stand sur le march\u00e9 de Vichy\"\n               data-src=\"https:\/\/ecojardindesgrivauds.fr\/wp-content\/gallery\/2019_08_11-plein-de-haricots\/2019-08-09_19-35-14.jpg\"\n               data-thumbnail=\"https:\/\/ecojardindesgrivauds.fr\/wp-content\/gallery\/2019_08_11-plein-de-haricots\/thumbs\/thumbs_2019-08-09_19-35-14.jpg\"\n               data-image-id=\"1101\"\n               data-title=\"2019-08-09_19-35-14\"\n               data-description=\"Notre stand sur le march\u00e9 de Vichy\"\n               data-image-slug=\"2019-08-09_19-35-14\"\n               class=\"ngg-fancybox\" rel=\"30ea2b08e355d72373c1e5c8e9c2c822\">\n                <img\n                    title=\"2019-08-09_19-35-14\"\n                    alt=\"2019-08-09_19-35-14\"\n                    src=\"https:\/\/ecojardindesgrivauds.fr\/wp-content\/gallery\/2019_08_11-plein-de-haricots\/thumbs\/thumbs_2019-08-09_19-35-14.jpg\"\n                    width=\"240\"\n                    height=\"160\"\n                    style=\"max-width:100%;\"\n                \/>\n            <\/a>\n        <\/div>\n\t\t\t\t\t\t\t<\/div> \n\t\t\t\n        \n\t\t\t\t<div id=\"ngg-image-6\" class=\"ngg-gallery-thumbnail-box\" >\n\t\t\t\t        <div class=\"ngg-gallery-thumbnail\">\n            <a href=\"https:\/\/ecojardindesgrivauds.fr\/wp-content\/gallery\/2019_08_11-plein-de-haricots\/2019-08-09_19-35-23.jpg\"\n               title=\"\"\n               data-src=\"https:\/\/ecojardindesgrivauds.fr\/wp-content\/gallery\/2019_08_11-plein-de-haricots\/2019-08-09_19-35-23.jpg\"\n               data-thumbnail=\"https:\/\/ecojardindesgrivauds.fr\/wp-content\/gallery\/2019_08_11-plein-de-haricots\/thumbs\/thumbs_2019-08-09_19-35-23.jpg\"\n               data-image-id=\"1102\"\n               data-title=\"2019-08-09_19-35-23\"\n               data-description=\"\"\n               data-image-slug=\"2019-08-09_19-35-23\"\n               class=\"ngg-fancybox\" rel=\"30ea2b08e355d72373c1e5c8e9c2c822\">\n                <img\n                    title=\"2019-08-09_19-35-23\"\n                    alt=\"2019-08-09_19-35-23\"\n                    src=\"https:\/\/ecojardindesgrivauds.fr\/wp-content\/gallery\/2019_08_11-plein-de-haricots\/thumbs\/thumbs_2019-08-09_19-35-23.jpg\"\n                    width=\"240\"\n                    height=\"160\"\n                    style=\"max-width:100%;\"\n                \/>\n            <\/a>\n        <\/div>\n\t\t\t\t\t\t\t<\/div> \n\t\t\t\n        \n\t\t\t\t<div id=\"ngg-image-7\" class=\"ngg-gallery-thumbnail-box\" >\n\t\t\t\t        <div class=\"ngg-gallery-thumbnail\">\n            <a href=\"https:\/\/ecojardindesgrivauds.fr\/wp-content\/gallery\/2019_08_11-plein-de-haricots\/IMG_4985.jpg\"\n               title=\"\"\n               data-src=\"https:\/\/ecojardindesgrivauds.fr\/wp-content\/gallery\/2019_08_11-plein-de-haricots\/IMG_4985.jpg\"\n               data-thumbnail=\"https:\/\/ecojardindesgrivauds.fr\/wp-content\/gallery\/2019_08_11-plein-de-haricots\/thumbs\/thumbs_IMG_4985.jpg\"\n               data-image-id=\"1107\"\n               data-title=\"IMG_4985\"\n               data-description=\"\"\n               data-image-slug=\"img_4985\"\n               class=\"ngg-fancybox\" rel=\"30ea2b08e355d72373c1e5c8e9c2c822\">\n                <img\n                    title=\"IMG_4985\"\n                    alt=\"IMG_4985\"\n                    src=\"https:\/\/ecojardindesgrivauds.fr\/wp-content\/gallery\/2019_08_11-plein-de-haricots\/thumbs\/thumbs_IMG_4985.jpg\"\n                    width=\"240\"\n                    height=\"160\"\n                    style=\"max-width:100%;\"\n                \/>\n            <\/a>\n        <\/div>\n\t\t\t\t\t\t\t<\/div> \n\t\t\t\n        \n\t\t\t\t<div id=\"ngg-image-8\" class=\"ngg-gallery-thumbnail-box\" >\n\t\t\t\t        <div class=\"ngg-gallery-thumbnail\">\n            <a href=\"https:\/\/ecojardindesgrivauds.fr\/wp-content\/gallery\/2019_08_11-plein-de-haricots\/IMG_4977.jpg\"\n               title=\"Echinops Ritro : c&#039;est avec ces belles boules azur\u00e9es qu&#039;on vous accueille aux Grivauds !\"\n               data-src=\"https:\/\/ecojardindesgrivauds.fr\/wp-content\/gallery\/2019_08_11-plein-de-haricots\/IMG_4977.jpg\"\n               data-thumbnail=\"https:\/\/ecojardindesgrivauds.fr\/wp-content\/gallery\/2019_08_11-plein-de-haricots\/thumbs\/thumbs_IMG_4977.jpg\"\n               data-image-id=\"1106\"\n               data-title=\"IMG_4977\"\n               data-description=\"Echinops Ritro : c&#039;est avec ces belles boules azur\u00e9es qu&#039;on vous accueille aux Grivauds !\"\n               data-image-slug=\"img_4977\"\n               class=\"ngg-fancybox\" rel=\"30ea2b08e355d72373c1e5c8e9c2c822\">\n                <img\n                    title=\"IMG_4977\"\n                    alt=\"IMG_4977\"\n                    src=\"https:\/\/ecojardindesgrivauds.fr\/wp-content\/gallery\/2019_08_11-plein-de-haricots\/thumbs\/thumbs_IMG_4977.jpg\"\n                    width=\"240\"\n                    height=\"160\"\n                    style=\"max-width:100%;\"\n                \/>\n            <\/a>\n        <\/div>\n\t\t\t\t\t\t\t<\/div> \n\t\t\t\n        \n\t\t\t\t<div id=\"ngg-image-9\" class=\"ngg-gallery-thumbnail-box\" >\n\t\t\t\t        <div class=\"ngg-gallery-thumbnail\">\n            <a href=\"https:\/\/ecojardindesgrivauds.fr\/wp-content\/gallery\/2019_08_11-plein-de-haricots\/2019-08-05_23-05-11.jpg\"\n               title=\"Ici et l\u00e0, dans notre champ, on a plant\u00e9 des fleurs au printemps. Ici, une mauve tr\u00e8s en forme.\"\n               data-src=\"https:\/\/ecojardindesgrivauds.fr\/wp-content\/gallery\/2019_08_11-plein-de-haricots\/2019-08-05_23-05-11.jpg\"\n               data-thumbnail=\"https:\/\/ecojardindesgrivauds.fr\/wp-content\/gallery\/2019_08_11-plein-de-haricots\/thumbs\/thumbs_2019-08-05_23-05-11.jpg\"\n               data-image-id=\"1092\"\n               data-title=\"2019-08-05_23-05-11\"\n               data-description=\"Ici et l\u00e0, dans notre champ, on a plant\u00e9 des fleurs au printemps. Ici, une mauve tr\u00e8s en forme.\"\n               data-image-slug=\"2019-08-05_23-05-11\"\n               class=\"ngg-fancybox\" rel=\"30ea2b08e355d72373c1e5c8e9c2c822\">\n                <img\n                    title=\"2019-08-05_23-05-11\"\n                    alt=\"2019-08-05_23-05-11\"\n                    src=\"https:\/\/ecojardindesgrivauds.fr\/wp-content\/gallery\/2019_08_11-plein-de-haricots\/thumbs\/thumbs_2019-08-05_23-05-11.jpg\"\n                    width=\"240\"\n                    height=\"160\"\n                    style=\"max-width:100%;\"\n                \/>\n            <\/a>\n        <\/div>\n\t\t\t\t\t\t\t<\/div> \n\t\t\t\n        \n\t\t\t\t<div id=\"ngg-image-10\" class=\"ngg-gallery-thumbnail-box\" >\n\t\t\t\t        <div class=\"ngg-gallery-thumbnail\">\n            <a href=\"https:\/\/ecojardindesgrivauds.fr\/wp-content\/gallery\/2019_08_11-plein-de-haricots\/2019-08-10_04-27-38.jpg\"\n               title=\"Mante religieuse sur courgette\"\n               data-src=\"https:\/\/ecojardindesgrivauds.fr\/wp-content\/gallery\/2019_08_11-plein-de-haricots\/2019-08-10_04-27-38.jpg\"\n               data-thumbnail=\"https:\/\/ecojardindesgrivauds.fr\/wp-content\/gallery\/2019_08_11-plein-de-haricots\/thumbs\/thumbs_2019-08-10_04-27-38.jpg\"\n               data-image-id=\"1103\"\n               data-title=\"2019-08-10_04-27-38\"\n               data-description=\"Mante religieuse sur courgette\"\n               data-image-slug=\"2019-08-10_04-27-38\"\n               class=\"ngg-fancybox\" rel=\"30ea2b08e355d72373c1e5c8e9c2c822\">\n                <img\n                    title=\"2019-08-10_04-27-38\"\n                    alt=\"2019-08-10_04-27-38\"\n                    src=\"https:\/\/ecojardindesgrivauds.fr\/wp-content\/gallery\/2019_08_11-plein-de-haricots\/thumbs\/thumbs_2019-08-10_04-27-38.jpg\"\n                    width=\"240\"\n                    height=\"160\"\n                    style=\"max-width:100%;\"\n                \/>\n            <\/a>\n        <\/div>\n\t\t\t\t\t\t\t<\/div> \n\t\t\t\n        \n\t\t\t\t<div id=\"ngg-image-11\" class=\"ngg-gallery-thumbnail-box\" >\n\t\t\t\t        <div class=\"ngg-gallery-thumbnail\">\n            <a href=\"https:\/\/ecojardindesgrivauds.fr\/wp-content\/gallery\/2019_08_11-plein-de-haricots\/2019-08-07_00-01-37.jpg\"\n               title=\"Tiens, un crapaud s&#039;est install\u00e9 sous la paille des pommes de terre !\"\n               data-src=\"https:\/\/ecojardindesgrivauds.fr\/wp-content\/gallery\/2019_08_11-plein-de-haricots\/2019-08-07_00-01-37.jpg\"\n               data-thumbnail=\"https:\/\/ecojardindesgrivauds.fr\/wp-content\/gallery\/2019_08_11-plein-de-haricots\/thumbs\/thumbs_2019-08-07_00-01-37.jpg\"\n               data-image-id=\"1094\"\n               data-title=\"2019-08-07_00-01-37\"\n               data-description=\"Tiens, un crapaud s&#039;est install\u00e9 sous la paille des pommes de terre !\"\n               data-image-slug=\"2019-08-07_00-01-37\"\n               class=\"ngg-fancybox\" rel=\"30ea2b08e355d72373c1e5c8e9c2c822\">\n                <img\n                    title=\"2019-08-07_00-01-37\"\n                    alt=\"2019-08-07_00-01-37\"\n                    src=\"https:\/\/ecojardindesgrivauds.fr\/wp-content\/gallery\/2019_08_11-plein-de-haricots\/thumbs\/thumbs_2019-08-07_00-01-37.jpg\"\n                    width=\"240\"\n                    height=\"160\"\n                    style=\"max-width:100%;\"\n                \/>\n            <\/a>\n        <\/div>\n\t\t\t\t\t\t\t<\/div> \n\t\t\t\n        \n\t\t\t\t<div id=\"ngg-image-12\" class=\"ngg-gallery-thumbnail-box\" >\n\t\t\t\t        <div class=\"ngg-gallery-thumbnail\">\n            <a href=\"https:\/\/ecojardindesgrivauds.fr\/wp-content\/gallery\/2019_08_11-plein-de-haricots\/2019-08-07_21-01-48.jpg\"\n               title=\"\"\n               data-src=\"https:\/\/ecojardindesgrivauds.fr\/wp-content\/gallery\/2019_08_11-plein-de-haricots\/2019-08-07_21-01-48.jpg\"\n               data-thumbnail=\"https:\/\/ecojardindesgrivauds.fr\/wp-content\/gallery\/2019_08_11-plein-de-haricots\/thumbs\/thumbs_2019-08-07_21-01-48.jpg\"\n               data-image-id=\"1095\"\n               data-title=\"2019-08-07_21-01-48\"\n               data-description=\"\"\n               data-image-slug=\"2019-08-07_21-01-48\"\n               class=\"ngg-fancybox\" rel=\"30ea2b08e355d72373c1e5c8e9c2c822\">\n                <img\n                    title=\"2019-08-07_21-01-48\"\n                    alt=\"2019-08-07_21-01-48\"\n                    src=\"https:\/\/ecojardindesgrivauds.fr\/wp-content\/gallery\/2019_08_11-plein-de-haricots\/thumbs\/thumbs_2019-08-07_21-01-48.jpg\"\n                    width=\"240\"\n                    height=\"160\"\n                    style=\"max-width:100%;\"\n                \/>\n            <\/a>\n        <\/div>\n\t\t\t\t\t\t\t<\/div> \n\t\t\t\n        \n\t\t\t\t<div id=\"ngg-image-13\" class=\"ngg-gallery-thumbnail-box\" >\n\t\t\t\t        <div class=\"ngg-gallery-thumbnail\">\n            <a href=\"https:\/\/ecojardindesgrivauds.fr\/wp-content\/gallery\/2019_08_11-plein-de-haricots\/2019-08-06_23-00-59.jpg\"\n               title=\"Encore un chat des Grivauds apparemment craintif et malheureux...\"\n               data-src=\"https:\/\/ecojardindesgrivauds.fr\/wp-content\/gallery\/2019_08_11-plein-de-haricots\/2019-08-06_23-00-59.jpg\"\n               data-thumbnail=\"https:\/\/ecojardindesgrivauds.fr\/wp-content\/gallery\/2019_08_11-plein-de-haricots\/thumbs\/thumbs_2019-08-06_23-00-59.jpg\"\n               data-image-id=\"1093\"\n               data-title=\"2019-08-06_23-00-59\"\n               data-description=\"Encore un chat des Grivauds apparemment craintif et malheureux...\"\n               data-image-slug=\"2019-08-06_23-00-59\"\n               class=\"ngg-fancybox\" rel=\"30ea2b08e355d72373c1e5c8e9c2c822\">\n                <img\n                    title=\"2019-08-06_23-00-59\"\n                    alt=\"2019-08-06_23-00-59\"\n                    src=\"https:\/\/ecojardindesgrivauds.fr\/wp-content\/gallery\/2019_08_11-plein-de-haricots\/thumbs\/thumbs_2019-08-06_23-00-59.jpg\"\n                    width=\"240\"\n                    height=\"160\"\n                    style=\"max-width:100%;\"\n                \/>\n            <\/a>\n        <\/div>\n\t\t\t\t\t\t\t<\/div> \n\t\t\t\n        \n\t\t\n\t\t<!-- Pagination -->\n\t<div class='ngg-clear'><\/div>\t<\/div>\n\n","protected":false},"excerpt":{"rendered":"<p>Au d\u00e9part, on avait un plan bien huil\u00e9 pour satisfaire les envies de haricots tout en nous m\u00e9nageant : il suffit d&rsquo;en semer r\u00e9guli\u00e8rement de telle sorte que d\u00e8s qu&rsquo;une planche commence \u00e0 donner des signes de faiblesse, une autre vienne la remplacer. En d\u00e9but d&rsquo;\u00e9t\u00e9, on comptait sur nos haricots \u00e0 rame (en serre). &hellip; <\/p>\n<p class=\"link-more\"><a href=\"https:\/\/ecojardindesgrivauds.fr\/?p=3541\" class=\"more-link\">Continuer la lecture<span class=\"screen-reader-text\"> de &laquo;&nbsp;Le haricot des Grivauds, troisi\u00e8me acte&nbsp;&raquo;<\/span><\/a><\/p>\n","protected":false},"author":1,"featured_media":0,"comment_status":"open","ping_status":"open","sticky":false,"template":"","format":"standard","meta":{"ngg_post_thumbnail":0},"categories":[1],"tags":[],"_links":{"self":[{"href":"https:\/\/ecojardindesgrivauds.fr\/index.php?rest_route=\/wp\/v2\/posts\/3541"}],"collection":[{"href":"https:\/\/ecojardindesgrivauds.fr\/index.php?rest_route=\/wp\/v2\/posts"}],"about":[{"href":"https:\/\/ecojardindesgrivauds.fr\/index.php?rest_route=\/wp\/v2\/types\/post"}],"author":[{"embeddable":true,"href":"https:\/\/ecojardindesgrivauds.fr\/index.php?rest_route=\/wp\/v2\/users\/1"}],"replies":[{"embeddable":true,"href":"https:\/\/ecojardindesgrivauds.fr\/index.php?rest_route=%2Fwp%2Fv2%2Fcomments&post=3541"}],"version-history":[{"count":8,"href":"https:\/\/ecojardindesgrivauds.fr\/index.php?rest_route=\/wp\/v2\/posts\/3541\/revisions"}],"predecessor-version":[{"id":3583,"href":"https:\/\/ecojardindesgrivauds.fr\/index.php?rest_route=\/wp\/v2\/posts\/3541\/revisions\/3583"}],"wp:attachment":[{"href":"https:\/\/ecojardindesgrivauds.fr\/index.php?rest_route=%2Fwp%2Fv2%2Fmedia&parent=3541"}],"wp:term":[{"taxonomy":"category","embeddable":true,"href":"https:\/\/ecojardindesgrivauds.fr\/index.php?rest_route=%2Fwp%2Fv2%2Fcategories&post=3541"},{"taxonomy":"post_tag","embeddable":true,"href":"https:\/\/ecojardindesgrivauds.fr\/index.php?rest_route=%2Fwp%2Fv2%2Ftags&post=3541"}],"curies":[{"name":"wp","href":"https:\/\/api.w.org\/{rel}","templated":true}]}}