{"id":3584,"date":"2019-08-18T08:14:34","date_gmt":"2019-08-18T06:14:34","guid":{"rendered":"http:\/\/ecojardindesgrivauds.fr\/?p=3584"},"modified":"2019-08-18T08:14:34","modified_gmt":"2019-08-18T06:14:34","slug":"un-article-en-service-minimum","status":"publish","type":"post","link":"https:\/\/ecojardindesgrivauds.fr\/?p=3584","title":{"rendered":"Un article en service minimum"},"content":{"rendered":"\n<div class=\"wp-block-image\"><figure class=\"alignright\"><img decoding=\"async\" loading=\"lazy\" width=\"225\" height=\"300\" src=\"http:\/\/ecojardindesgrivauds.fr\/wp-content\/uploads\/2019\/08\/2019-08-13_04-41-11-225x300.jpg\" alt=\"\" class=\"wp-image-3589\" srcset=\"https:\/\/ecojardindesgrivauds.fr\/wp-content\/uploads\/2019\/08\/2019-08-13_04-41-11-225x300.jpg 225w, https:\/\/ecojardindesgrivauds.fr\/wp-content\/uploads\/2019\/08\/2019-08-13_04-41-11.jpg 768w\" sizes=\"(max-width: 225px) 100vw, 225px\" \/><figcaption>Courgettes d&rsquo;automne<\/figcaption><\/figure><\/div>\n\n\n\n<p>Apr\u00e8s les gros chantiers de juillet (dont la plantation des derniers poireaux et des derniers choux), on a toujours l&rsquo;impression qu&rsquo;on va pouvoir souffler un peu. Las, c&rsquo;est oublier que les r\u00e9coltes nous prennent \u00e0 ce moment-l\u00e0 un temps consid\u00e9rable (en particulier les tomates et les haricots verts) et que les plantations de navets et de radis d&rsquo;hiver ne tarderont pas \u00e0 frapper \u00e0 la porte du jardin. N\u00e9anmoins, on admet que pour le blog, ce sera une petite semaine&#8230; Un peu de paillage, quelques plantations de plein champ (salades, scaroles, choux raves et courgettes d&rsquo;automne) et des r\u00e9coltes (dont celle des oignons, qui se poursuit de fa\u00e7on prometteuse), voil\u00e0 tout ! Nos nouveaux wwoofeurs (Lea et J\u00e9r\u00e9my) vous seront pr\u00e9sent\u00e9s la semaine prochaine : ils n&rsquo;ont pass\u00e9 qu&rsquo;une petite journ\u00e9e au jardin pour le moment. Comble du comble, je (Denis) me suis offert une journ\u00e9e de cong\u00e9s samedi pour cause de f\u00eate de famille&#8230; Promis, la semaine prochaine, on revient avec plus de contenu&#8230;<\/p>\n\n\n\n<p><em>\u00c0 la semaine prochaine<\/em><\/p>\n\n\n\n<!-- index.php -->\n<div\n\tclass=\"ngg-galleryoverview ngg-ajax-pagination-none\"\n\tid=\"ngg-gallery-e1efcdf12836fbb8857fc11b853f3b4f-1\">\n\n    \t\t<!-- Thumbnails -->\n\t\t\t\t<div id=\"ngg-image-0\" class=\"ngg-gallery-thumbnail-box\" >\n\t\t\t\t        <div class=\"ngg-gallery-thumbnail\">\n            <a href=\"https:\/\/ecojardindesgrivauds.fr\/wp-content\/gallery\/2019_08_18-semaine-legere\/2019-08-11_23-19-43.jpg\"\n               title=\"Lundi, les parents de Denis sont venus filer un coup de main au d\u00e9sherbage des choux.\"\n               data-src=\"https:\/\/ecojardindesgrivauds.fr\/wp-content\/gallery\/2019_08_18-semaine-legere\/2019-08-11_23-19-43.jpg\"\n               data-thumbnail=\"https:\/\/ecojardindesgrivauds.fr\/wp-content\/gallery\/2019_08_18-semaine-legere\/thumbs\/thumbs_2019-08-11_23-19-43.jpg\"\n               data-image-id=\"1108\"\n               data-title=\"2019-08-11_23-19-43\"\n               data-description=\"Lundi, les parents de Denis sont venus filer un coup de main au d\u00e9sherbage des choux.\"\n               data-image-slug=\"2019-08-11_23-19-43\"\n               class=\"ngg-fancybox\" rel=\"e1efcdf12836fbb8857fc11b853f3b4f\">\n                <img\n                    title=\"2019-08-11_23-19-43\"\n                    alt=\"2019-08-11_23-19-43\"\n                    src=\"https:\/\/ecojardindesgrivauds.fr\/wp-content\/gallery\/2019_08_18-semaine-legere\/thumbs\/thumbs_2019-08-11_23-19-43.jpg\"\n                    width=\"240\"\n                    height=\"160\"\n                    style=\"max-width:100%;\"\n                \/>\n            <\/a>\n        <\/div>\n\t\t\t\t\t\t\t<\/div> \n\t\t\t\n        \n\t\t\t\t<div id=\"ngg-image-1\" class=\"ngg-gallery-thumbnail-box\" >\n\t\t\t\t        <div class=\"ngg-gallery-thumbnail\">\n            <a href=\"https:\/\/ecojardindesgrivauds.fr\/wp-content\/gallery\/2019_08_18-semaine-legere\/2019-08-12_20-31-33.jpg\"\n               title=\"Crevette prend de la hauteur.\"\n               data-src=\"https:\/\/ecojardindesgrivauds.fr\/wp-content\/gallery\/2019_08_18-semaine-legere\/2019-08-12_20-31-33.jpg\"\n               data-thumbnail=\"https:\/\/ecojardindesgrivauds.fr\/wp-content\/gallery\/2019_08_18-semaine-legere\/thumbs\/thumbs_2019-08-12_20-31-33.jpg\"\n               data-image-id=\"1109\"\n               data-title=\"2019-08-12_20-31-33\"\n               data-description=\"Crevette prend de la hauteur.\"\n               data-image-slug=\"2019-08-12_20-31-33\"\n               class=\"ngg-fancybox\" rel=\"e1efcdf12836fbb8857fc11b853f3b4f\">\n                <img\n                    title=\"2019-08-12_20-31-33\"\n                    alt=\"2019-08-12_20-31-33\"\n                    src=\"https:\/\/ecojardindesgrivauds.fr\/wp-content\/gallery\/2019_08_18-semaine-legere\/thumbs\/thumbs_2019-08-12_20-31-33.jpg\"\n                    width=\"240\"\n                    height=\"160\"\n                    style=\"max-width:100%;\"\n                \/>\n            <\/a>\n        <\/div>\n\t\t\t\t\t\t\t<\/div> \n\t\t\t\n        \n\t\t\t\t<div id=\"ngg-image-2\" class=\"ngg-gallery-thumbnail-box\" >\n\t\t\t\t        <div class=\"ngg-gallery-thumbnail\">\n            <a href=\"https:\/\/ecojardindesgrivauds.fr\/wp-content\/gallery\/2019_08_18-semaine-legere\/2019-08-14_20-08-20.jpg\"\n               title=\"Noctuelle de l&#039;\u00e9rable (Acronicta aceris), perdue dans une brouette\"\n               data-src=\"https:\/\/ecojardindesgrivauds.fr\/wp-content\/gallery\/2019_08_18-semaine-legere\/2019-08-14_20-08-20.jpg\"\n               data-thumbnail=\"https:\/\/ecojardindesgrivauds.fr\/wp-content\/gallery\/2019_08_18-semaine-legere\/thumbs\/thumbs_2019-08-14_20-08-20.jpg\"\n               data-image-id=\"1110\"\n               data-title=\"2019-08-14_20-08-20\"\n               data-description=\"Noctuelle de l&#039;\u00e9rable (Acronicta aceris), perdue dans une brouette\"\n               data-image-slug=\"2019-08-14_20-08-20\"\n               class=\"ngg-fancybox\" rel=\"e1efcdf12836fbb8857fc11b853f3b4f\">\n                <img\n                    title=\"2019-08-14_20-08-20\"\n                    alt=\"2019-08-14_20-08-20\"\n                    src=\"https:\/\/ecojardindesgrivauds.fr\/wp-content\/gallery\/2019_08_18-semaine-legere\/thumbs\/thumbs_2019-08-14_20-08-20.jpg\"\n                    width=\"240\"\n                    height=\"160\"\n                    style=\"max-width:100%;\"\n                \/>\n            <\/a>\n        <\/div>\n\t\t\t\t\t\t\t<\/div> \n\t\t\t\n        \n\t\t\t\t<div id=\"ngg-image-3\" class=\"ngg-gallery-thumbnail-box\" >\n\t\t\t\t        <div class=\"ngg-gallery-thumbnail\">\n            <a href=\"https:\/\/ecojardindesgrivauds.fr\/wp-content\/gallery\/2019_08_18-semaine-legere\/2019-08-15_21-49-16.jpg\"\n               title=\"J\u00e9r\u00e9my, un de nos nouveaux wwoofeurs, revient de sa r\u00e9colte de persil.\"\n               data-src=\"https:\/\/ecojardindesgrivauds.fr\/wp-content\/gallery\/2019_08_18-semaine-legere\/2019-08-15_21-49-16.jpg\"\n               data-thumbnail=\"https:\/\/ecojardindesgrivauds.fr\/wp-content\/gallery\/2019_08_18-semaine-legere\/thumbs\/thumbs_2019-08-15_21-49-16.jpg\"\n               data-image-id=\"1111\"\n               data-title=\"2019-08-15_21-49-16\"\n               data-description=\"J\u00e9r\u00e9my, un de nos nouveaux wwoofeurs, revient de sa r\u00e9colte de persil.\"\n               data-image-slug=\"2019-08-15_21-49-16\"\n               class=\"ngg-fancybox\" rel=\"e1efcdf12836fbb8857fc11b853f3b4f\">\n                <img\n                    title=\"2019-08-15_21-49-16\"\n                    alt=\"2019-08-15_21-49-16\"\n                    src=\"https:\/\/ecojardindesgrivauds.fr\/wp-content\/gallery\/2019_08_18-semaine-legere\/thumbs\/thumbs_2019-08-15_21-49-16.jpg\"\n                    width=\"240\"\n                    height=\"160\"\n                    style=\"max-width:100%;\"\n                \/>\n            <\/a>\n        <\/div>\n\t\t\t\t\t\t\t<\/div> \n\t\t\t\n        \n\t\t\t\t<div id=\"ngg-image-4\" class=\"ngg-gallery-thumbnail-box\" >\n\t\t\t\t        <div class=\"ngg-gallery-thumbnail\">\n            <a href=\"https:\/\/ecojardindesgrivauds.fr\/wp-content\/gallery\/2019_08_18-semaine-legere\/2019-08-16_01-14-36.jpg\"\n               title=\"Saurez-vous deviner ce que nos \u00e2nes nous r\u00e9clament ?...\"\n               data-src=\"https:\/\/ecojardindesgrivauds.fr\/wp-content\/gallery\/2019_08_18-semaine-legere\/2019-08-16_01-14-36.jpg\"\n               data-thumbnail=\"https:\/\/ecojardindesgrivauds.fr\/wp-content\/gallery\/2019_08_18-semaine-legere\/thumbs\/thumbs_2019-08-16_01-14-36.jpg\"\n               data-image-id=\"1112\"\n               data-title=\"2019-08-16_01-14-36\"\n               data-description=\"Saurez-vous deviner ce que nos \u00e2nes nous r\u00e9clament ?...\"\n               data-image-slug=\"2019-08-16_01-14-36\"\n               class=\"ngg-fancybox\" rel=\"e1efcdf12836fbb8857fc11b853f3b4f\">\n                <img\n                    title=\"2019-08-16_01-14-36\"\n                    alt=\"2019-08-16_01-14-36\"\n                    src=\"https:\/\/ecojardindesgrivauds.fr\/wp-content\/gallery\/2019_08_18-semaine-legere\/thumbs\/thumbs_2019-08-16_01-14-36.jpg\"\n                    width=\"240\"\n                    height=\"160\"\n                    style=\"max-width:100%;\"\n                \/>\n            <\/a>\n        <\/div>\n\t\t\t\t\t\t\t<\/div> \n\t\t\t\n        \n\t\t\n\t\t<!-- Pagination -->\n\t<div class='ngg-clear'><\/div>\t<\/div>\n\n","protected":false},"excerpt":{"rendered":"<p>Apr\u00e8s les gros chantiers de juillet (dont la plantation des derniers poireaux et des derniers choux), on a toujours l&rsquo;impression qu&rsquo;on va pouvoir souffler un peu. Las, c&rsquo;est oublier que les r\u00e9coltes nous prennent \u00e0 ce moment-l\u00e0 un temps consid\u00e9rable (en particulier les tomates et les haricots verts) et que les plantations de navets et &hellip; <\/p>\n<p class=\"link-more\"><a href=\"https:\/\/ecojardindesgrivauds.fr\/?p=3584\" class=\"more-link\">Continuer la lecture<span class=\"screen-reader-text\"> de &laquo;&nbsp;Un article en service minimum&nbsp;&raquo;<\/span><\/a><\/p>\n","protected":false},"author":1,"featured_media":0,"comment_status":"open","ping_status":"open","sticky":false,"template":"","format":"standard","meta":{"ngg_post_thumbnail":0},"categories":[1],"tags":[],"_links":{"self":[{"href":"https:\/\/ecojardindesgrivauds.fr\/index.php?rest_route=\/wp\/v2\/posts\/3584"}],"collection":[{"href":"https:\/\/ecojardindesgrivauds.fr\/index.php?rest_route=\/wp\/v2\/posts"}],"about":[{"href":"https:\/\/ecojardindesgrivauds.fr\/index.php?rest_route=\/wp\/v2\/types\/post"}],"author":[{"embeddable":true,"href":"https:\/\/ecojardindesgrivauds.fr\/index.php?rest_route=\/wp\/v2\/users\/1"}],"replies":[{"embeddable":true,"href":"https:\/\/ecojardindesgrivauds.fr\/index.php?rest_route=%2Fwp%2Fv2%2Fcomments&post=3584"}],"version-history":[{"count":3,"href":"https:\/\/ecojardindesgrivauds.fr\/index.php?rest_route=\/wp\/v2\/posts\/3584\/revisions"}],"predecessor-version":[{"id":3599,"href":"https:\/\/ecojardindesgrivauds.fr\/index.php?rest_route=\/wp\/v2\/posts\/3584\/revisions\/3599"}],"wp:attachment":[{"href":"https:\/\/ecojardindesgrivauds.fr\/index.php?rest_route=%2Fwp%2Fv2%2Fmedia&parent=3584"}],"wp:term":[{"taxonomy":"category","embeddable":true,"href":"https:\/\/ecojardindesgrivauds.fr\/index.php?rest_route=%2Fwp%2Fv2%2Fcategories&post=3584"},{"taxonomy":"post_tag","embeddable":true,"href":"https:\/\/ecojardindesgrivauds.fr\/index.php?rest_route=%2Fwp%2Fv2%2Ftags&post=3584"}],"curies":[{"name":"wp","href":"https:\/\/api.w.org\/{rel}","templated":true}]}}