{"id":3817,"date":"2019-09-29T07:40:49","date_gmt":"2019-09-29T05:40:49","guid":{"rendered":"http:\/\/ecojardindesgrivauds.fr\/?p=3817"},"modified":"2019-09-29T07:40:49","modified_gmt":"2019-09-29T05:40:49","slug":"et-la-pluie-vint","status":"publish","type":"post","link":"https:\/\/ecojardindesgrivauds.fr\/?p=3817","title":{"rendered":"Et la pluie vint !"},"content":{"rendered":"\n<figure class=\"wp-block-image\"><a href=\"http:\/\/ecojardindesgrivauds.fr\/wp-content\/uploads\/2019\/09\/2019-09-23_08-25-15-1.jpg\"><img decoding=\"async\" loading=\"lazy\" width=\"1024\" height=\"682\" src=\"http:\/\/ecojardindesgrivauds.fr\/wp-content\/uploads\/2019\/09\/2019-09-23_08-25-15-1-1024x682.jpg\" alt=\"\" class=\"wp-image-3839\" srcset=\"https:\/\/ecojardindesgrivauds.fr\/wp-content\/uploads\/2019\/09\/2019-09-23_08-25-15-1-1024x682.jpg 1024w, https:\/\/ecojardindesgrivauds.fr\/wp-content\/uploads\/2019\/09\/2019-09-23_08-25-15-1-300x200.jpg 300w, https:\/\/ecojardindesgrivauds.fr\/wp-content\/uploads\/2019\/09\/2019-09-23_08-25-15-1-768x512.jpg 768w, https:\/\/ecojardindesgrivauds.fr\/wp-content\/uploads\/2019\/09\/2019-09-23_08-25-15-1.jpg 1280w\" sizes=\"(max-width: 767px) 89vw, (max-width: 1000px) 54vw, (max-width: 1071px) 543px, 580px\" \/><\/a><figcaption>Lendemain de pluie aux Grivauds, une lumi\u00e8re qui nous rappelle que l&rsquo;automne est bel et bien pr\u00e9sent !<\/figcaption><\/figure>\n\n\n\n<p>On a eu de l&rsquo;eau cette semaine, enfin ! Pas des quantit\u00e9s d\u00e9lirantes, mais \u00e7a a tout de m\u00eame \u00e9t\u00e9 efficace. Au total, notre jardin a re\u00e7u environ 25 mm d&rsquo;eau sur l&rsquo;\u00e9pisode. La r\u00e9action de la v\u00e9g\u00e9tation a \u00e9t\u00e9 tr\u00e8s rapide : tout pousse de nouveau ! La couleur jaune paille des prairies alentour c\u00e8de de la place \u00e0 une verdure conqu\u00e9rante. Dans le champ, les poireaux et les c\u00e9leris-raves grossissent de nouveau ; les navets et les radis d\u00e9marrent en fanfare, les feuilles des haricots ont des nuances bleut\u00e9es et &#8230; ici et l\u00e0, des sarrasins que Fabrice avait sem\u00e9s en guise d&rsquo;engrais vert daignent enfin lever&#8230; Plus encore que la semaine derni\u00e8re, notre jardin est \u00e0 son pic de prodigalit\u00e9 : aux l\u00e9gumes d&rsquo;\u00e9t\u00e9 finissant se superposent les l\u00e9gumes d&rsquo;automne et d&rsquo;hiver. Notre stand, sur le march\u00e9 de Vichy, n&rsquo;a jamais \u00e9t\u00e9 aussi long et on prend un plaisir immense \u00e0 le parcourir de long en large pour aller servir nos clients, all\u00e9ch\u00e9s par tant de couleurs et de diversit\u00e9 !<\/p>\n\n\n\n<div class=\"wp-block-image\"><figure class=\"alignright\"><a href=\"http:\/\/ecojardindesgrivauds.fr\/wp-content\/uploads\/2019\/09\/2019-09-23_14-57-06.jpg\"><img decoding=\"async\" loading=\"lazy\" width=\"300\" height=\"225\" src=\"http:\/\/ecojardindesgrivauds.fr\/wp-content\/uploads\/2019\/09\/2019-09-23_14-57-06-300x225.jpg\" alt=\"\" class=\"wp-image-3820\" srcset=\"https:\/\/ecojardindesgrivauds.fr\/wp-content\/uploads\/2019\/09\/2019-09-23_14-57-06-300x225.jpg 300w, https:\/\/ecojardindesgrivauds.fr\/wp-content\/uploads\/2019\/09\/2019-09-23_14-57-06-768x576.jpg 768w, https:\/\/ecojardindesgrivauds.fr\/wp-content\/uploads\/2019\/09\/2019-09-23_14-57-06.jpg 1024w\" sizes=\"(max-width: 300px) 100vw, 300px\" \/><\/a><\/figure><\/div>\n\n\n\n<p>Lundi, la journ\u00e9e a \u00e9t\u00e9 tr\u00e8s particuli\u00e8re pour nous. Notre ferme a en effet accueilli une formation sur le th\u00e8me du Mara\u00eechage sur Sol Vivant (MSV). Une dizaine de participants sont venus visiter nos cultures et nous entendre pr\u00e9senter nos itin\u00e9raires techniques. La journ\u00e9e \u00e9tait encadr\u00e9e par Mehdi Ait-Abbas, le Technicien Mara\u00eechage Bio de la FRAB AuRA. Les profils des visiteurs \u00e9taient tr\u00e8s vari\u00e9s : certains ne sont encore qu&rsquo;en phase d&rsquo;installation, d&rsquo;autres ont d\u00e9j\u00e0 de l&rsquo;exp\u00e9rience et souhaitent enrichir leurs connaissances et leur pratique. Les \u00e9changes ont \u00e9t\u00e9 tr\u00e8s riches, y compris pour nous ! Comme d&rsquo;un fait expr\u00e8s, lundi \u00e9tait aussi le premier jour de David, notre nouveau stagiaire BPREA. Accrochez-vous bien parce que cette ann\u00e9e, on va en avoir plusieurs, venant de CFPPA diff\u00e9rents et sur des p\u00e9riodes qui ne se superposent pas. David, donc, est un alsacien qui a emm\u00e9nag\u00e9 dans la Ni\u00e8vre o\u00f9 il s&rsquo;appr\u00eate \u00e0 se lancer dans le mara\u00eechage pendant que sa conjointe s&rsquo;installe en naturopathie. Il n&rsquo;en est pas pr\u00e9cis\u00e9ment \u00e0 son galop d&rsquo;essai et a eu la chance d&rsquo;\u00eatre stagiaire chez Fabrice Meyer, un des membres fondateurs du r\u00e9seau MSV. <\/p>\n\n\n\n<div class=\"wp-block-image\"><figure class=\"alignleft\"><a href=\"http:\/\/ecojardindesgrivauds.fr\/wp-content\/uploads\/2019\/09\/2019-09-25_16-55-11.jpg\"><img decoding=\"async\" loading=\"lazy\" width=\"225\" height=\"300\" src=\"http:\/\/ecojardindesgrivauds.fr\/wp-content\/uploads\/2019\/09\/2019-09-25_16-55-11-225x300.jpg\" alt=\"\" class=\"wp-image-3824\" srcset=\"https:\/\/ecojardindesgrivauds.fr\/wp-content\/uploads\/2019\/09\/2019-09-25_16-55-11-225x300.jpg 225w, https:\/\/ecojardindesgrivauds.fr\/wp-content\/uploads\/2019\/09\/2019-09-25_16-55-11.jpg 768w\" sizes=\"(max-width: 225px) 100vw, 225px\" \/><\/a><figcaption>David et Sophie au semis d&rsquo;\u00e9pinard<\/figcaption><\/figure><\/div>\n\n\n\n<p>Cette semaine, on dit aussi au revoir \u00e0 Sophie, notre wwoofeuse autrichienne. Sophie, malgr\u00e9 sa discr\u00e9tion, a su trouver sa place dans notre activit\u00e9 et a \u00e9t\u00e9 une petite main valeureuse ! Elle nous a accompagn\u00e9 trois fois \u00e0 Vichy (!), a particip\u00e9 \u00e0 nos r\u00e9coltes, nos plantations et nos d\u00e9sherbages et a m\u00eame \u00e9t\u00e9 deux fois \u00e0 la chorale de Pierrefitte ! Comble du comble, elle nous gratifie d&rsquo;un beau g\u00e2teau au chocolat la veille de son d\u00e9part ! On lui souhaite un bon retour \u00e0 Vienne et qu&rsquo;elle se repose bien de son p\u00e9riple, qui a \u00e9t\u00e9 finalement tr\u00e8s intense !<\/p>\n\n\n\n<p><em>\u00c0 la semaine prochaine !<\/em><\/p>\n\n\n\n<!-- index.php -->\n<div\n\tclass=\"ngg-galleryoverview ngg-ajax-pagination-none\"\n\tid=\"ngg-gallery-c3e9a80cd66d0c70a097ea13db630918-1\">\n\n    \t\t<!-- Thumbnails -->\n\t\t\t\t<div id=\"ngg-image-0\" class=\"ngg-gallery-thumbnail-box\" >\n\t\t\t\t        <div class=\"ngg-gallery-thumbnail\">\n            <a href=\"https:\/\/ecojardindesgrivauds.fr\/wp-content\/gallery\/2019_09_29-premiere-pluie-dautomne\/2019-09-24_17-39-29.jpg\"\n               title=\"Sophie et Peluche r\u00e9coltent les stolons de fraisier\"\n               data-src=\"https:\/\/ecojardindesgrivauds.fr\/wp-content\/gallery\/2019_09_29-premiere-pluie-dautomne\/2019-09-24_17-39-29.jpg\"\n               data-thumbnail=\"https:\/\/ecojardindesgrivauds.fr\/wp-content\/gallery\/2019_09_29-premiere-pluie-dautomne\/thumbs\/thumbs_2019-09-24_17-39-29.jpg\"\n               data-image-id=\"1186\"\n               data-title=\"2019-09-24_17-39-29\"\n               data-description=\"Sophie et Peluche r\u00e9coltent les stolons de fraisier\"\n               data-image-slug=\"2019-09-24_17-39-29\"\n               class=\"ngg-fancybox\" rel=\"c3e9a80cd66d0c70a097ea13db630918\">\n                <img\n                    title=\"2019-09-24_17-39-29\"\n                    alt=\"2019-09-24_17-39-29\"\n                    src=\"https:\/\/ecojardindesgrivauds.fr\/wp-content\/gallery\/2019_09_29-premiere-pluie-dautomne\/thumbs\/thumbs_2019-09-24_17-39-29.jpg\"\n                    width=\"240\"\n                    height=\"160\"\n                    style=\"max-width:100%;\"\n                \/>\n            <\/a>\n        <\/div>\n\t\t\t\t\t\t\t<\/div> \n\t\t\t\n        \n\t\t\t\t<div id=\"ngg-image-1\" class=\"ngg-gallery-thumbnail-box\" >\n\t\t\t\t        <div class=\"ngg-gallery-thumbnail\">\n            <a href=\"https:\/\/ecojardindesgrivauds.fr\/wp-content\/gallery\/2019_09_29-premiere-pluie-dautomne\/2019-09-24_17-40-01.jpg\"\n               title=\"Les nouveaux pieds de fraise sont temporairement stock\u00e9s dans du terreau.\"\n               data-src=\"https:\/\/ecojardindesgrivauds.fr\/wp-content\/gallery\/2019_09_29-premiere-pluie-dautomne\/2019-09-24_17-40-01.jpg\"\n               data-thumbnail=\"https:\/\/ecojardindesgrivauds.fr\/wp-content\/gallery\/2019_09_29-premiere-pluie-dautomne\/thumbs\/thumbs_2019-09-24_17-40-01.jpg\"\n               data-image-id=\"1187\"\n               data-title=\"2019-09-24_17-40-01\"\n               data-description=\"Les nouveaux pieds de fraise sont temporairement stock\u00e9s dans du terreau.\"\n               data-image-slug=\"2019-09-24_17-40-01\"\n               class=\"ngg-fancybox\" rel=\"c3e9a80cd66d0c70a097ea13db630918\">\n                <img\n                    title=\"2019-09-24_17-40-01\"\n                    alt=\"2019-09-24_17-40-01\"\n                    src=\"https:\/\/ecojardindesgrivauds.fr\/wp-content\/gallery\/2019_09_29-premiere-pluie-dautomne\/thumbs\/thumbs_2019-09-24_17-40-01.jpg\"\n                    width=\"240\"\n                    height=\"160\"\n                    style=\"max-width:100%;\"\n                \/>\n            <\/a>\n        <\/div>\n\t\t\t\t\t\t\t<\/div> \n\t\t\t\n        \n\t\t\t\t<div id=\"ngg-image-2\" class=\"ngg-gallery-thumbnail-box\" >\n\t\t\t\t        <div class=\"ngg-gallery-thumbnail\">\n            <a href=\"https:\/\/ecojardindesgrivauds.fr\/wp-content\/gallery\/2019_09_29-premiere-pluie-dautomne\/2019-09-26_15-40-34.jpg\"\n               title=\"David, l&#039;homme qui se servait des poireaux comme d&#039;un fouet...\"\n               data-src=\"https:\/\/ecojardindesgrivauds.fr\/wp-content\/gallery\/2019_09_29-premiere-pluie-dautomne\/2019-09-26_15-40-34.jpg\"\n               data-thumbnail=\"https:\/\/ecojardindesgrivauds.fr\/wp-content\/gallery\/2019_09_29-premiere-pluie-dautomne\/thumbs\/thumbs_2019-09-26_15-40-34.jpg\"\n               data-image-id=\"1190\"\n               data-title=\"2019-09-26_15-40-34\"\n               data-description=\"David, l&#039;homme qui se servait des poireaux comme d&#039;un fouet...\"\n               data-image-slug=\"2019-09-26_15-40-34\"\n               class=\"ngg-fancybox\" rel=\"c3e9a80cd66d0c70a097ea13db630918\">\n                <img\n                    title=\"2019-09-26_15-40-34\"\n                    alt=\"2019-09-26_15-40-34\"\n                    src=\"https:\/\/ecojardindesgrivauds.fr\/wp-content\/gallery\/2019_09_29-premiere-pluie-dautomne\/thumbs\/thumbs_2019-09-26_15-40-34.jpg\"\n                    width=\"240\"\n                    height=\"160\"\n                    style=\"max-width:100%;\"\n                \/>\n            <\/a>\n        <\/div>\n\t\t\t\t\t\t\t<\/div> \n\t\t\t\n        \n\t\t\t\t<div id=\"ngg-image-3\" class=\"ngg-gallery-thumbnail-box\" >\n\t\t\t\t        <div class=\"ngg-gallery-thumbnail\">\n            <a href=\"https:\/\/ecojardindesgrivauds.fr\/wp-content\/gallery\/2019_09_29-premiere-pluie-dautomne\/2019-09-27_14-58-48.jpg\"\n               title=\"Encore cette ann\u00e9e, c&#039;est la derni\u00e8re s\u00e9rie de fenouils qui est la meilleure !\"\n               data-src=\"https:\/\/ecojardindesgrivauds.fr\/wp-content\/gallery\/2019_09_29-premiere-pluie-dautomne\/2019-09-27_14-58-48.jpg\"\n               data-thumbnail=\"https:\/\/ecojardindesgrivauds.fr\/wp-content\/gallery\/2019_09_29-premiere-pluie-dautomne\/thumbs\/thumbs_2019-09-27_14-58-48.jpg\"\n               data-image-id=\"1192\"\n               data-title=\"2019-09-27_14-58-48\"\n               data-description=\"Encore cette ann\u00e9e, c&#039;est la derni\u00e8re s\u00e9rie de fenouils qui est la meilleure !\"\n               data-image-slug=\"2019-09-27_14-58-48\"\n               class=\"ngg-fancybox\" rel=\"c3e9a80cd66d0c70a097ea13db630918\">\n                <img\n                    title=\"2019-09-27_14-58-48\"\n                    alt=\"2019-09-27_14-58-48\"\n                    src=\"https:\/\/ecojardindesgrivauds.fr\/wp-content\/gallery\/2019_09_29-premiere-pluie-dautomne\/thumbs\/thumbs_2019-09-27_14-58-48.jpg\"\n                    width=\"240\"\n                    height=\"160\"\n                    style=\"max-width:100%;\"\n                \/>\n            <\/a>\n        <\/div>\n\t\t\t\t\t\t\t<\/div> \n\t\t\t\n        \n\t\t\t\t<div id=\"ngg-image-4\" class=\"ngg-gallery-thumbnail-box\" >\n\t\t\t\t        <div class=\"ngg-gallery-thumbnail\">\n            <a href=\"https:\/\/ecojardindesgrivauds.fr\/wp-content\/gallery\/2019_09_29-premiere-pluie-dautomne\/2019-09-27_18-28-49.jpg\"\n               title=\"Apr\u00e8s deux belles r\u00e9coltes de tomates cette semaine, on est surpris de constater qu&#039;il reste encore beaucoup de fruits sur les pieds !\"\n               data-src=\"https:\/\/ecojardindesgrivauds.fr\/wp-content\/gallery\/2019_09_29-premiere-pluie-dautomne\/2019-09-27_18-28-49.jpg\"\n               data-thumbnail=\"https:\/\/ecojardindesgrivauds.fr\/wp-content\/gallery\/2019_09_29-premiere-pluie-dautomne\/thumbs\/thumbs_2019-09-27_18-28-49.jpg\"\n               data-image-id=\"1193\"\n               data-title=\"2019-09-27_18-28-49\"\n               data-description=\"Apr\u00e8s deux belles r\u00e9coltes de tomates cette semaine, on est surpris de constater qu&#039;il reste encore beaucoup de fruits sur les pieds !\"\n               data-image-slug=\"2019-09-27_18-28-49\"\n               class=\"ngg-fancybox\" rel=\"c3e9a80cd66d0c70a097ea13db630918\">\n                <img\n                    title=\"2019-09-27_18-28-49\"\n                    alt=\"2019-09-27_18-28-49\"\n                    src=\"https:\/\/ecojardindesgrivauds.fr\/wp-content\/gallery\/2019_09_29-premiere-pluie-dautomne\/thumbs\/thumbs_2019-09-27_18-28-49.jpg\"\n                    width=\"240\"\n                    height=\"160\"\n                    style=\"max-width:100%;\"\n                \/>\n            <\/a>\n        <\/div>\n\t\t\t\t\t\t\t<\/div> \n\t\t\t\n        \n\t\t\t\t<div id=\"ngg-image-5\" class=\"ngg-gallery-thumbnail-box\" >\n\t\t\t\t        <div class=\"ngg-gallery-thumbnail\">\n            <a href=\"https:\/\/ecojardindesgrivauds.fr\/wp-content\/gallery\/2019_09_29-premiere-pluie-dautomne\/2019-09-28_14-39-26.jpg\"\n               title=\"On a du Chou Kale ! \u00c7a nous surprend encore, compte-tenu des conditions tr\u00e8s hostiles qu&#039;ils ont connues lors de leur implantation !\"\n               data-src=\"https:\/\/ecojardindesgrivauds.fr\/wp-content\/gallery\/2019_09_29-premiere-pluie-dautomne\/2019-09-28_14-39-26.jpg\"\n               data-thumbnail=\"https:\/\/ecojardindesgrivauds.fr\/wp-content\/gallery\/2019_09_29-premiere-pluie-dautomne\/thumbs\/thumbs_2019-09-28_14-39-26.jpg\"\n               data-image-id=\"1196\"\n               data-title=\"2019-09-28_14-39-26\"\n               data-description=\"On a du Chou Kale ! \u00c7a nous surprend encore, compte-tenu des conditions tr\u00e8s hostiles qu&#039;ils ont connues lors de leur implantation !\"\n               data-image-slug=\"2019-09-28_14-39-26\"\n               class=\"ngg-fancybox\" rel=\"c3e9a80cd66d0c70a097ea13db630918\">\n                <img\n                    title=\"2019-09-28_14-39-26\"\n                    alt=\"2019-09-28_14-39-26\"\n                    src=\"https:\/\/ecojardindesgrivauds.fr\/wp-content\/gallery\/2019_09_29-premiere-pluie-dautomne\/thumbs\/thumbs_2019-09-28_14-39-26.jpg\"\n                    width=\"240\"\n                    height=\"160\"\n                    style=\"max-width:100%;\"\n                \/>\n            <\/a>\n        <\/div>\n\t\t\t\t\t\t\t<\/div> \n\t\t\t\n        \n\t\t\t\t<div id=\"ngg-image-6\" class=\"ngg-gallery-thumbnail-box\" >\n\t\t\t\t        <div class=\"ngg-gallery-thumbnail\">\n            <a href=\"https:\/\/ecojardindesgrivauds.fr\/wp-content\/gallery\/2019_09_29-premiere-pluie-dautomne\/2019-09-28_14-40-44.jpg\"\n               title=\"Qui se cache dans ces feuilles ?...\"\n               data-src=\"https:\/\/ecojardindesgrivauds.fr\/wp-content\/gallery\/2019_09_29-premiere-pluie-dautomne\/2019-09-28_14-40-44.jpg\"\n               data-thumbnail=\"https:\/\/ecojardindesgrivauds.fr\/wp-content\/gallery\/2019_09_29-premiere-pluie-dautomne\/thumbs\/thumbs_2019-09-28_14-40-44.jpg\"\n               data-image-id=\"1197\"\n               data-title=\"2019-09-28_14-40-44\"\n               data-description=\"Qui se cache dans ces feuilles ?...\"\n               data-image-slug=\"2019-09-28_14-40-44\"\n               class=\"ngg-fancybox\" rel=\"c3e9a80cd66d0c70a097ea13db630918\">\n                <img\n                    title=\"2019-09-28_14-40-44\"\n                    alt=\"2019-09-28_14-40-44\"\n                    src=\"https:\/\/ecojardindesgrivauds.fr\/wp-content\/gallery\/2019_09_29-premiere-pluie-dautomne\/thumbs\/thumbs_2019-09-28_14-40-44.jpg\"\n                    width=\"240\"\n                    height=\"160\"\n                    style=\"max-width:100%;\"\n                \/>\n            <\/a>\n        <\/div>\n\t\t\t\t\t\t\t<\/div> \n\t\t\t\n        \n\t\t\t\t<div id=\"ngg-image-7\" class=\"ngg-gallery-thumbnail-box\" >\n\t\t\t\t        <div class=\"ngg-gallery-thumbnail\">\n            <a href=\"https:\/\/ecojardindesgrivauds.fr\/wp-content\/gallery\/2019_09_29-premiere-pluie-dautomne\/2019-09-28_14-46-51.jpg\"\n               title=\"Serre n\u00ba5 : d\u00e9j\u00e0 trois buttes install\u00e9es pour l&#039;hiver (blettes, fris\u00e9es et mesclun)\"\n               data-src=\"https:\/\/ecojardindesgrivauds.fr\/wp-content\/gallery\/2019_09_29-premiere-pluie-dautomne\/2019-09-28_14-46-51.jpg\"\n               data-thumbnail=\"https:\/\/ecojardindesgrivauds.fr\/wp-content\/gallery\/2019_09_29-premiere-pluie-dautomne\/thumbs\/thumbs_2019-09-28_14-46-51.jpg\"\n               data-image-id=\"1198\"\n               data-title=\"2019-09-28_14-46-51\"\n               data-description=\"Serre n\u00ba5 : d\u00e9j\u00e0 trois buttes install\u00e9es pour l&#039;hiver (blettes, fris\u00e9es et mesclun)\"\n               data-image-slug=\"2019-09-28_14-46-51\"\n               class=\"ngg-fancybox\" rel=\"c3e9a80cd66d0c70a097ea13db630918\">\n                <img\n                    title=\"2019-09-28_14-46-51\"\n                    alt=\"2019-09-28_14-46-51\"\n                    src=\"https:\/\/ecojardindesgrivauds.fr\/wp-content\/gallery\/2019_09_29-premiere-pluie-dautomne\/thumbs\/thumbs_2019-09-28_14-46-51.jpg\"\n                    width=\"240\"\n                    height=\"160\"\n                    style=\"max-width:100%;\"\n                \/>\n            <\/a>\n        <\/div>\n\t\t\t\t\t\t\t<\/div> \n\t\t\t\n        \n\t\t\t\t<div id=\"ngg-image-8\" class=\"ngg-gallery-thumbnail-box\" >\n\t\t\t\t        <div class=\"ngg-gallery-thumbnail\">\n            <a href=\"https:\/\/ecojardindesgrivauds.fr\/wp-content\/gallery\/2019_09_29-premiere-pluie-dautomne\/2019-09-28_14-48-02.jpg\"\n               title=\"La premi\u00e8re m\u00e2che n&#039;est plus tr\u00e8s loin !\"\n               data-src=\"https:\/\/ecojardindesgrivauds.fr\/wp-content\/gallery\/2019_09_29-premiere-pluie-dautomne\/2019-09-28_14-48-02.jpg\"\n               data-thumbnail=\"https:\/\/ecojardindesgrivauds.fr\/wp-content\/gallery\/2019_09_29-premiere-pluie-dautomne\/thumbs\/thumbs_2019-09-28_14-48-02.jpg\"\n               data-image-id=\"1199\"\n               data-title=\"2019-09-28_14-48-02\"\n               data-description=\"La premi\u00e8re m\u00e2che n&#039;est plus tr\u00e8s loin !\"\n               data-image-slug=\"2019-09-28_14-48-02\"\n               class=\"ngg-fancybox\" rel=\"c3e9a80cd66d0c70a097ea13db630918\">\n                <img\n                    title=\"2019-09-28_14-48-02\"\n                    alt=\"2019-09-28_14-48-02\"\n                    src=\"https:\/\/ecojardindesgrivauds.fr\/wp-content\/gallery\/2019_09_29-premiere-pluie-dautomne\/thumbs\/thumbs_2019-09-28_14-48-02.jpg\"\n                    width=\"240\"\n                    height=\"160\"\n                    style=\"max-width:100%;\"\n                \/>\n            <\/a>\n        <\/div>\n\t\t\t\t\t\t\t<\/div> \n\t\t\t\n        \n\t\t\t\t<div id=\"ngg-image-9\" class=\"ngg-gallery-thumbnail-box\" >\n\t\t\t\t        <div class=\"ngg-gallery-thumbnail\">\n            <a href=\"https:\/\/ecojardindesgrivauds.fr\/wp-content\/gallery\/2019_09_29-premiere-pluie-dautomne\/2019-09-28_14-53-41.jpg\"\n               title=\"C&#039;est irr\u00e9gulier dans les navets mais on devrait en avoir un peu tout de m\u00eame.\"\n               data-src=\"https:\/\/ecojardindesgrivauds.fr\/wp-content\/gallery\/2019_09_29-premiere-pluie-dautomne\/2019-09-28_14-53-41.jpg\"\n               data-thumbnail=\"https:\/\/ecojardindesgrivauds.fr\/wp-content\/gallery\/2019_09_29-premiere-pluie-dautomne\/thumbs\/thumbs_2019-09-28_14-53-41.jpg\"\n               data-image-id=\"1201\"\n               data-title=\"2019-09-28_14-53-41\"\n               data-description=\"C&#039;est irr\u00e9gulier dans les navets mais on devrait en avoir un peu tout de m\u00eame.\"\n               data-image-slug=\"2019-09-28_14-53-41\"\n               class=\"ngg-fancybox\" rel=\"c3e9a80cd66d0c70a097ea13db630918\">\n                <img\n                    title=\"2019-09-28_14-53-41\"\n                    alt=\"2019-09-28_14-53-41\"\n                    src=\"https:\/\/ecojardindesgrivauds.fr\/wp-content\/gallery\/2019_09_29-premiere-pluie-dautomne\/thumbs\/thumbs_2019-09-28_14-53-41.jpg\"\n                    width=\"240\"\n                    height=\"160\"\n                    style=\"max-width:100%;\"\n                \/>\n            <\/a>\n        <\/div>\n\t\t\t\t\t\t\t<\/div> \n\t\t\t\n        \n\t\t\t\t<div id=\"ngg-image-10\" class=\"ngg-gallery-thumbnail-box\" >\n\t\t\t\t        <div class=\"ngg-gallery-thumbnail\">\n            <a href=\"https:\/\/ecojardindesgrivauds.fr\/wp-content\/gallery\/2019_09_29-premiere-pluie-dautomne\/2019-09-28_14-54-51.jpg\"\n               title=\"Apr\u00e8s la pluie, du mieux dans les c\u00e9leris raves\"\n               data-src=\"https:\/\/ecojardindesgrivauds.fr\/wp-content\/gallery\/2019_09_29-premiere-pluie-dautomne\/2019-09-28_14-54-51.jpg\"\n               data-thumbnail=\"https:\/\/ecojardindesgrivauds.fr\/wp-content\/gallery\/2019_09_29-premiere-pluie-dautomne\/thumbs\/thumbs_2019-09-28_14-54-51.jpg\"\n               data-image-id=\"1202\"\n               data-title=\"2019-09-28_14-54-51\"\n               data-description=\"Apr\u00e8s la pluie, du mieux dans les c\u00e9leris raves\"\n               data-image-slug=\"2019-09-28_14-54-51\"\n               class=\"ngg-fancybox\" rel=\"c3e9a80cd66d0c70a097ea13db630918\">\n                <img\n                    title=\"2019-09-28_14-54-51\"\n                    alt=\"2019-09-28_14-54-51\"\n                    src=\"https:\/\/ecojardindesgrivauds.fr\/wp-content\/gallery\/2019_09_29-premiere-pluie-dautomne\/thumbs\/thumbs_2019-09-28_14-54-51.jpg\"\n                    width=\"240\"\n                    height=\"160\"\n                    style=\"max-width:100%;\"\n                \/>\n            <\/a>\n        <\/div>\n\t\t\t\t\t\t\t<\/div> \n\t\t\t\n        \n\t\t\t\t<div id=\"ngg-image-11\" class=\"ngg-gallery-thumbnail-box\" >\n\t\t\t\t        <div class=\"ngg-gallery-thumbnail\">\n            <a href=\"https:\/\/ecojardindesgrivauds.fr\/wp-content\/gallery\/2019_09_29-premiere-pluie-dautomne\/2019-09-25_11-31-56.jpg\"\n               title=\"David, le Dali de la tomate cornue...\"\n               data-src=\"https:\/\/ecojardindesgrivauds.fr\/wp-content\/gallery\/2019_09_29-premiere-pluie-dautomne\/2019-09-25_11-31-56.jpg\"\n               data-thumbnail=\"https:\/\/ecojardindesgrivauds.fr\/wp-content\/gallery\/2019_09_29-premiere-pluie-dautomne\/thumbs\/thumbs_2019-09-25_11-31-56.jpg\"\n               data-image-id=\"1188\"\n               data-title=\"2019-09-25_11-31-56\"\n               data-description=\"David, le Dali de la tomate cornue...\"\n               data-image-slug=\"2019-09-25_11-31-56\"\n               class=\"ngg-fancybox\" rel=\"c3e9a80cd66d0c70a097ea13db630918\">\n                <img\n                    title=\"2019-09-25_11-31-56\"\n                    alt=\"2019-09-25_11-31-56\"\n                    src=\"https:\/\/ecojardindesgrivauds.fr\/wp-content\/gallery\/2019_09_29-premiere-pluie-dautomne\/thumbs\/thumbs_2019-09-25_11-31-56.jpg\"\n                    width=\"240\"\n                    height=\"160\"\n                    style=\"max-width:100%;\"\n                \/>\n            <\/a>\n        <\/div>\n\t\t\t\t\t\t\t<\/div> \n\t\t\t\n        \n\t\t\t\t<div id=\"ngg-image-12\" class=\"ngg-gallery-thumbnail-box\" >\n\t\t\t\t        <div class=\"ngg-gallery-thumbnail\">\n            <a href=\"https:\/\/ecojardindesgrivauds.fr\/wp-content\/gallery\/2019_09_29-premiere-pluie-dautomne\/2019-09-28_07-49-51.jpg\"\n               title=\"Sur le stand de Vichy\"\n               data-src=\"https:\/\/ecojardindesgrivauds.fr\/wp-content\/gallery\/2019_09_29-premiere-pluie-dautomne\/2019-09-28_07-49-51.jpg\"\n               data-thumbnail=\"https:\/\/ecojardindesgrivauds.fr\/wp-content\/gallery\/2019_09_29-premiere-pluie-dautomne\/thumbs\/thumbs_2019-09-28_07-49-51.jpg\"\n               data-image-id=\"1194\"\n               data-title=\"2019-09-28_07-49-51\"\n               data-description=\"Sur le stand de Vichy\"\n               data-image-slug=\"2019-09-28_07-49-51\"\n               class=\"ngg-fancybox\" rel=\"c3e9a80cd66d0c70a097ea13db630918\">\n                <img\n                    title=\"2019-09-28_07-49-51\"\n                    alt=\"2019-09-28_07-49-51\"\n                    src=\"https:\/\/ecojardindesgrivauds.fr\/wp-content\/gallery\/2019_09_29-premiere-pluie-dautomne\/thumbs\/thumbs_2019-09-28_07-49-51.jpg\"\n                    width=\"240\"\n                    height=\"160\"\n                    style=\"max-width:100%;\"\n                \/>\n            <\/a>\n        <\/div>\n\t\t\t\t\t\t\t<\/div> \n\t\t\t\n        \n\t\t\t\t<div id=\"ngg-image-13\" class=\"ngg-gallery-thumbnail-box\" >\n\t\t\t\t        <div class=\"ngg-gallery-thumbnail\">\n            <a href=\"https:\/\/ecojardindesgrivauds.fr\/wp-content\/gallery\/2019_09_29-premiere-pluie-dautomne\/2019-09-28_07-59-22.jpg\"\n               title=\"Sur le stand de Vichy\"\n               data-src=\"https:\/\/ecojardindesgrivauds.fr\/wp-content\/gallery\/2019_09_29-premiere-pluie-dautomne\/2019-09-28_07-59-22.jpg\"\n               data-thumbnail=\"https:\/\/ecojardindesgrivauds.fr\/wp-content\/gallery\/2019_09_29-premiere-pluie-dautomne\/thumbs\/thumbs_2019-09-28_07-59-22.jpg\"\n               data-image-id=\"1195\"\n               data-title=\"2019-09-28_07-59-22\"\n               data-description=\"Sur le stand de Vichy\"\n               data-image-slug=\"2019-09-28_07-59-22\"\n               class=\"ngg-fancybox\" rel=\"c3e9a80cd66d0c70a097ea13db630918\">\n                <img\n                    title=\"2019-09-28_07-59-22\"\n                    alt=\"2019-09-28_07-59-22\"\n                    src=\"https:\/\/ecojardindesgrivauds.fr\/wp-content\/gallery\/2019_09_29-premiere-pluie-dautomne\/thumbs\/thumbs_2019-09-28_07-59-22.jpg\"\n                    width=\"240\"\n                    height=\"160\"\n                    style=\"max-width:100%;\"\n                \/>\n            <\/a>\n        <\/div>\n\t\t\t\t\t\t\t<\/div> \n\t\t\t\n        \n\t\t\t\t<div id=\"ngg-image-14\" class=\"ngg-gallery-thumbnail-box\" >\n\t\t\t\t        <div class=\"ngg-gallery-thumbnail\">\n            <a href=\"https:\/\/ecojardindesgrivauds.fr\/wp-content\/gallery\/2019_09_29-premiere-pluie-dautomne\/2019-09-28_14-51-01.jpg\"\n               title=\"Phac\u00e9lies en fleur\"\n               data-src=\"https:\/\/ecojardindesgrivauds.fr\/wp-content\/gallery\/2019_09_29-premiere-pluie-dautomne\/2019-09-28_14-51-01.jpg\"\n               data-thumbnail=\"https:\/\/ecojardindesgrivauds.fr\/wp-content\/gallery\/2019_09_29-premiere-pluie-dautomne\/thumbs\/thumbs_2019-09-28_14-51-01.jpg\"\n               data-image-id=\"1200\"\n               data-title=\"2019-09-28_14-51-01\"\n               data-description=\"Phac\u00e9lies en fleur\"\n               data-image-slug=\"2019-09-28_14-51-01\"\n               class=\"ngg-fancybox\" rel=\"c3e9a80cd66d0c70a097ea13db630918\">\n                <img\n                    title=\"2019-09-28_14-51-01\"\n                    alt=\"2019-09-28_14-51-01\"\n                    src=\"https:\/\/ecojardindesgrivauds.fr\/wp-content\/gallery\/2019_09_29-premiere-pluie-dautomne\/thumbs\/thumbs_2019-09-28_14-51-01.jpg\"\n                    width=\"240\"\n                    height=\"160\"\n                    style=\"max-width:100%;\"\n                \/>\n            <\/a>\n        <\/div>\n\t\t\t\t\t\t\t<\/div> \n\t\t\t\n        \n\t\t\t\t<div id=\"ngg-image-15\" class=\"ngg-gallery-thumbnail-box\" >\n\t\t\t\t        <div class=\"ngg-gallery-thumbnail\">\n            <a href=\"https:\/\/ecojardindesgrivauds.fr\/wp-content\/gallery\/2019_09_29-premiere-pluie-dautomne\/2019-09-26_14-33-20.jpg\"\n               title=\"Grenouille verte, d\u00e9couverte pendant la r\u00e9colte des pommes de terre\"\n               data-src=\"https:\/\/ecojardindesgrivauds.fr\/wp-content\/gallery\/2019_09_29-premiere-pluie-dautomne\/2019-09-26_14-33-20.jpg\"\n               data-thumbnail=\"https:\/\/ecojardindesgrivauds.fr\/wp-content\/gallery\/2019_09_29-premiere-pluie-dautomne\/thumbs\/thumbs_2019-09-26_14-33-20.jpg\"\n               data-image-id=\"1189\"\n               data-title=\"2019-09-26_14-33-20\"\n               data-description=\"Grenouille verte, d\u00e9couverte pendant la r\u00e9colte des pommes de terre\"\n               data-image-slug=\"2019-09-26_14-33-20\"\n               class=\"ngg-fancybox\" rel=\"c3e9a80cd66d0c70a097ea13db630918\">\n                <img\n                    title=\"2019-09-26_14-33-20\"\n                    alt=\"2019-09-26_14-33-20\"\n                    src=\"https:\/\/ecojardindesgrivauds.fr\/wp-content\/gallery\/2019_09_29-premiere-pluie-dautomne\/thumbs\/thumbs_2019-09-26_14-33-20.jpg\"\n                    width=\"240\"\n                    height=\"160\"\n                    style=\"max-width:100%;\"\n                \/>\n            <\/a>\n        <\/div>\n\t\t\t\t\t\t\t<\/div> \n\t\t\t\n        \n\t\t\t\t<div id=\"ngg-image-16\" class=\"ngg-gallery-thumbnail-box\" >\n\t\t\t\t        <div class=\"ngg-gallery-thumbnail\">\n            <a href=\"https:\/\/ecojardindesgrivauds.fr\/wp-content\/gallery\/2019_09_29-premiere-pluie-dautomne\/2019-09-27_08-36-33.jpg\"\n               title=\"\u00c9peire \u00e0 quatre points (Araneus quadratus)\"\n               data-src=\"https:\/\/ecojardindesgrivauds.fr\/wp-content\/gallery\/2019_09_29-premiere-pluie-dautomne\/2019-09-27_08-36-33.jpg\"\n               data-thumbnail=\"https:\/\/ecojardindesgrivauds.fr\/wp-content\/gallery\/2019_09_29-premiere-pluie-dautomne\/thumbs\/thumbs_2019-09-27_08-36-33.jpg\"\n               data-image-id=\"1191\"\n               data-title=\"2019-09-27_08-36-33\"\n               data-description=\"\u00c9peire \u00e0 quatre points (Araneus quadratus)\"\n               data-image-slug=\"2019-09-27_08-36-33\"\n               class=\"ngg-fancybox\" rel=\"c3e9a80cd66d0c70a097ea13db630918\">\n                <img\n                    title=\"2019-09-27_08-36-33\"\n                    alt=\"2019-09-27_08-36-33\"\n                    src=\"https:\/\/ecojardindesgrivauds.fr\/wp-content\/gallery\/2019_09_29-premiere-pluie-dautomne\/thumbs\/thumbs_2019-09-27_08-36-33.jpg\"\n                    width=\"240\"\n                    height=\"160\"\n                    style=\"max-width:100%;\"\n                \/>\n            <\/a>\n        <\/div>\n\t\t\t\t\t\t\t<\/div> \n\t\t\t\n        \n\t\t\n\t\t<!-- Pagination -->\n\t<div class='ngg-clear'><\/div>\t<\/div>\n\n","protected":false},"excerpt":{"rendered":"<p>On a eu de l&rsquo;eau cette semaine, enfin ! Pas des quantit\u00e9s d\u00e9lirantes, mais \u00e7a a tout de m\u00eame \u00e9t\u00e9 efficace. Au total, notre jardin a re\u00e7u environ 25 mm d&rsquo;eau sur l&rsquo;\u00e9pisode. La r\u00e9action de la v\u00e9g\u00e9tation a \u00e9t\u00e9 tr\u00e8s rapide : tout pousse de nouveau ! La couleur jaune paille des prairies alentour &hellip; <\/p>\n<p class=\"link-more\"><a href=\"https:\/\/ecojardindesgrivauds.fr\/?p=3817\" class=\"more-link\">Continuer la lecture<span class=\"screen-reader-text\"> de &laquo;&nbsp;Et la pluie vint !&nbsp;&raquo;<\/span><\/a><\/p>\n","protected":false},"author":1,"featured_media":0,"comment_status":"open","ping_status":"open","sticky":false,"template":"","format":"standard","meta":{"ngg_post_thumbnail":0},"categories":[1],"tags":[],"_links":{"self":[{"href":"https:\/\/ecojardindesgrivauds.fr\/index.php?rest_route=\/wp\/v2\/posts\/3817"}],"collection":[{"href":"https:\/\/ecojardindesgrivauds.fr\/index.php?rest_route=\/wp\/v2\/posts"}],"about":[{"href":"https:\/\/ecojardindesgrivauds.fr\/index.php?rest_route=\/wp\/v2\/types\/post"}],"author":[{"embeddable":true,"href":"https:\/\/ecojardindesgrivauds.fr\/index.php?rest_route=\/wp\/v2\/users\/1"}],"replies":[{"embeddable":true,"href":"https:\/\/ecojardindesgrivauds.fr\/index.php?rest_route=%2Fwp%2Fv2%2Fcomments&post=3817"}],"version-history":[{"count":1,"href":"https:\/\/ecojardindesgrivauds.fr\/index.php?rest_route=\/wp\/v2\/posts\/3817\/revisions"}],"predecessor-version":[{"id":3858,"href":"https:\/\/ecojardindesgrivauds.fr\/index.php?rest_route=\/wp\/v2\/posts\/3817\/revisions\/3858"}],"wp:attachment":[{"href":"https:\/\/ecojardindesgrivauds.fr\/index.php?rest_route=%2Fwp%2Fv2%2Fmedia&parent=3817"}],"wp:term":[{"taxonomy":"category","embeddable":true,"href":"https:\/\/ecojardindesgrivauds.fr\/index.php?rest_route=%2Fwp%2Fv2%2Fcategories&post=3817"},{"taxonomy":"post_tag","embeddable":true,"href":"https:\/\/ecojardindesgrivauds.fr\/index.php?rest_route=%2Fwp%2Fv2%2Ftags&post=3817"}],"curies":[{"name":"wp","href":"https:\/\/api.w.org\/{rel}","templated":true}]}}