{"id":4177,"date":"2019-12-15T10:23:44","date_gmt":"2019-12-15T09:23:44","guid":{"rendered":"http:\/\/ecojardindesgrivauds.fr\/?p=4177"},"modified":"2019-12-15T10:23:44","modified_gmt":"2019-12-15T09:23:44","slug":"notre-jardin-a-une-epine-dans-le-pied-son-camion-rouge","status":"publish","type":"post","link":"https:\/\/ecojardindesgrivauds.fr\/?p=4177","title":{"rendered":"Notre jardin a une \u00e9pine dans le pied : son camion rouge !"},"content":{"rendered":"\n<div class=\"wp-block-image\"><figure class=\"alignright size-medium\"><a href=\"http:\/\/ecojardindesgrivauds.fr\/wp-content\/uploads\/2019\/12\/2019-12-15_11-13-33.jpg\"><img decoding=\"async\" loading=\"lazy\" width=\"300\" height=\"225\" src=\"http:\/\/ecojardindesgrivauds.fr\/wp-content\/uploads\/2019\/12\/2019-12-15_11-13-33-300x225.jpg\" alt=\"\" class=\"wp-image-4198\" srcset=\"https:\/\/ecojardindesgrivauds.fr\/wp-content\/uploads\/2019\/12\/2019-12-15_11-13-33-300x225.jpg 300w, https:\/\/ecojardindesgrivauds.fr\/wp-content\/uploads\/2019\/12\/2019-12-15_11-13-33-768x576.jpg 768w, https:\/\/ecojardindesgrivauds.fr\/wp-content\/uploads\/2019\/12\/2019-12-15_11-13-33.jpg 1024w\" sizes=\"(max-width: 300px) 100vw, 300px\" \/><\/a><figcaption>Notre camion porte-l\u00e9gumes<\/figcaption><\/figure><\/div>\n\n\n\n<p>Pas besoin de stickers sur notre camion : tout le monde nous reconna\u00eet facilement, notamment gr\u00e2ce \u00e0 sa couleur rouge &#8211; vu son \u00e9tat de propret\u00e9, je devrais plut\u00f4t dire \u00abrouge\u00e2tre\u00bb&#8230; Passons. Avec ses 260 000 km et ses 18 ans d&rsquo;\u00e2ge, on peut dire qu&rsquo;il aurait m\u00e9rit\u00e9 une bonne retraite. Et comme il sent qu&rsquo;on n&rsquo;a pas tellement envie de l&rsquo;envoyer se la couler douce \u00e0 la casse du coin, il nous rappelle de temps \u00e0 autre qu&rsquo;il commence \u00e0 fatiguer. La semaine derni\u00e8re, vous vous souvenez qu&rsquo;on \u00e9tait rest\u00e9s en rade \u00e0 Vichy \u00e0 cause de la courroie de l&rsquo;alternateur. Mardi, on a fait l&rsquo;aller-retour pour revenir chercher le bestiau avec une belle courroie toute neuve. Las, mardi soir, la batterie \u00e9tait morte ! Nouvel aller-retour en urgence chez un garagiste (\u00e0 Coulanges, cette fois-ci) pour la remplacer. Dans la foul\u00e9e, on fixe un rendez-vous la semaine prochaine pour faire le point sur notre camion porte-l\u00e9gumes : est-ce que, moyennant quelques menues r\u00e9parations, on ne pourrait pas faire durer un peu la plaisanterie encore quelques ann\u00e9es, histoire de nous laisser le temps de mettre un peu de sous de c\u00f4t\u00e9 et d&rsquo;\u00e9viter d&rsquo;avoir \u00e0 passer par la case \u00abpr\u00eat bancaire\u00bb ?&#8230; On croise les doigts mais on ne se fait pas trop d&rsquo;illusions. Dommage, on avait l&rsquo;impression d&rsquo;avoir pas trop mal n\u00e9goci\u00e9 notre ann\u00e9e, \u00e9conomiquement parlant.<\/p>\n\n\n\n<div class=\"wp-block-image\"><figure class=\"alignright size-medium\"><a href=\"http:\/\/ecojardindesgrivauds.fr\/wp-content\/uploads\/2019\/12\/2019-12-14_12-39-27.jpg\"><img decoding=\"async\" loading=\"lazy\" width=\"225\" height=\"300\" src=\"http:\/\/ecojardindesgrivauds.fr\/wp-content\/uploads\/2019\/12\/2019-12-14_12-39-27-225x300.jpg\" alt=\"\" class=\"wp-image-4183\" srcset=\"https:\/\/ecojardindesgrivauds.fr\/wp-content\/uploads\/2019\/12\/2019-12-14_12-39-27-225x300.jpg 225w, https:\/\/ecojardindesgrivauds.fr\/wp-content\/uploads\/2019\/12\/2019-12-14_12-39-27.jpg 768w\" sizes=\"(max-width: 225px) 100vw, 225px\" \/><\/a><figcaption>Installation de l&rsquo;aspersion en serre n\u00ba5<\/figcaption><\/figure><\/div>\n\n\n\n<p>C\u00f4t\u00e9 jardin, on essaie de trouver le temps de faire avancer nos chantiers d&rsquo;hiver : nettoyer les derni\u00e8res planches de culture en serre, planter de la m\u00e2che \u00e0 tour de bras, installer l&rsquo;aspersion dans la serre n\u00ba5, peaufiner nos plans de culture et faire les commandes de toiles et de filets pour l&rsquo;ann\u00e9e prochaine. On garde en t\u00eate qu&rsquo;apr\u00e8s la mi-janvier (date \u00e0 laquelle on se fait livrer les nouvelles serres), tout va s&rsquo;acc\u00e9l\u00e9rer et qu&rsquo;on aura moins de temps pour toutes ces petites choses. Sur la liste des trucs \u00e0 faire, on trouve la taille des haies, la r\u00e9paration du toit en t\u00f4le de la bergerie et l&rsquo;\u00e9largissement du chemin qui va des serres \u00e0 la chambre froide (celui qui passe sous le figuier). Entre autres. Ajoutez \u00e0 \u00e7a qu&rsquo;on se pr\u00e9pare \u00e0 deux gros march\u00e9s fin d\u00e9cembre et \u00e7a vous donne une id\u00e9e du remplissage de nos journ\u00e9es. Bon, ne vous inqui\u00e9tez pas trop, on se pr\u00e9pare aussi des vacances et quelques petites pauses ici et l\u00e0.<\/p>\n\n\n\n<!-- index.php -->\n<div\n\tclass=\"ngg-galleryoverview ngg-ajax-pagination-none\"\n\tid=\"ngg-gallery-1833cf2de4dc404ef7ebe1a1b3ef326a-1\">\n\n    \t\t<!-- Thumbnails -->\n\t\t\t\t<div id=\"ngg-image-0\" class=\"ngg-gallery-thumbnail-box\" >\n\t\t\t\t        <div class=\"ngg-gallery-thumbnail\">\n            <a href=\"https:\/\/ecojardindesgrivauds.fr\/wp-content\/gallery\/2019_12_14-camion-rouge\/2019-12-13_09-37-55.jpg\"\n               title=\"Lever de soleil derri\u00e8re la serre n\u00ba4\"\n               data-src=\"https:\/\/ecojardindesgrivauds.fr\/wp-content\/gallery\/2019_12_14-camion-rouge\/2019-12-13_09-37-55.jpg\"\n               data-thumbnail=\"https:\/\/ecojardindesgrivauds.fr\/wp-content\/gallery\/2019_12_14-camion-rouge\/thumbs\/thumbs_2019-12-13_09-37-55.jpg\"\n               data-image-id=\"1309\"\n               data-title=\"2019-12-13_09-37-55\"\n               data-description=\"Lever de soleil derri\u00e8re la serre n\u00ba4\"\n               data-image-slug=\"2019-12-13_09-37-55\"\n               class=\"ngg-fancybox\" rel=\"1833cf2de4dc404ef7ebe1a1b3ef326a\">\n                <img\n                    title=\"2019-12-13_09-37-55\"\n                    alt=\"2019-12-13_09-37-55\"\n                    src=\"https:\/\/ecojardindesgrivauds.fr\/wp-content\/gallery\/2019_12_14-camion-rouge\/thumbs\/thumbs_2019-12-13_09-37-55.jpg\"\n                    width=\"240\"\n                    height=\"160\"\n                    style=\"max-width:100%;\"\n                \/>\n            <\/a>\n        <\/div>\n\t\t\t\t\t\t\t<\/div> \n\t\t\t\n        \n\t\t\t\t<div id=\"ngg-image-1\" class=\"ngg-gallery-thumbnail-box\" >\n\t\t\t\t        <div class=\"ngg-gallery-thumbnail\">\n            <a href=\"https:\/\/ecojardindesgrivauds.fr\/wp-content\/gallery\/2019_12_14-camion-rouge\/2019-12-14_12-42-00.jpg\"\n               title=\"D\u00e9cid\u00e9ment, le semis de carottes pour le printemps est vraiment r\u00e9ussi !\"\n               data-src=\"https:\/\/ecojardindesgrivauds.fr\/wp-content\/gallery\/2019_12_14-camion-rouge\/2019-12-14_12-42-00.jpg\"\n               data-thumbnail=\"https:\/\/ecojardindesgrivauds.fr\/wp-content\/gallery\/2019_12_14-camion-rouge\/thumbs\/thumbs_2019-12-14_12-42-00.jpg\"\n               data-image-id=\"1314\"\n               data-title=\"2019-12-14_12-42-00\"\n               data-description=\"D\u00e9cid\u00e9ment, le semis de carottes pour le printemps est vraiment r\u00e9ussi !\"\n               data-image-slug=\"2019-12-14_12-42-00\"\n               class=\"ngg-fancybox\" rel=\"1833cf2de4dc404ef7ebe1a1b3ef326a\">\n                <img\n                    title=\"2019-12-14_12-42-00\"\n                    alt=\"2019-12-14_12-42-00\"\n                    src=\"https:\/\/ecojardindesgrivauds.fr\/wp-content\/gallery\/2019_12_14-camion-rouge\/thumbs\/thumbs_2019-12-14_12-42-00.jpg\"\n                    width=\"240\"\n                    height=\"160\"\n                    style=\"max-width:100%;\"\n                \/>\n            <\/a>\n        <\/div>\n\t\t\t\t\t\t\t<\/div> \n\t\t\t\n        \n\t\t\t\t<div id=\"ngg-image-2\" class=\"ngg-gallery-thumbnail-box\" >\n\t\t\t\t        <div class=\"ngg-gallery-thumbnail\">\n            <a href=\"https:\/\/ecojardindesgrivauds.fr\/wp-content\/gallery\/2019_12_14-camion-rouge\/2019-12-14_12-46-31.jpg\"\n               title=\"Patience : la m\u00e2che est bient\u00f4t de retour !\"\n               data-src=\"https:\/\/ecojardindesgrivauds.fr\/wp-content\/gallery\/2019_12_14-camion-rouge\/2019-12-14_12-46-31.jpg\"\n               data-thumbnail=\"https:\/\/ecojardindesgrivauds.fr\/wp-content\/gallery\/2019_12_14-camion-rouge\/thumbs\/thumbs_2019-12-14_12-46-31.jpg\"\n               data-image-id=\"1315\"\n               data-title=\"2019-12-14_12-46-31\"\n               data-description=\"Patience : la m\u00e2che est bient\u00f4t de retour !\"\n               data-image-slug=\"2019-12-14_12-46-31\"\n               class=\"ngg-fancybox\" rel=\"1833cf2de4dc404ef7ebe1a1b3ef326a\">\n                <img\n                    title=\"2019-12-14_12-46-31\"\n                    alt=\"2019-12-14_12-46-31\"\n                    src=\"https:\/\/ecojardindesgrivauds.fr\/wp-content\/gallery\/2019_12_14-camion-rouge\/thumbs\/thumbs_2019-12-14_12-46-31.jpg\"\n                    width=\"240\"\n                    height=\"160\"\n                    style=\"max-width:100%;\"\n                \/>\n            <\/a>\n        <\/div>\n\t\t\t\t\t\t\t<\/div> \n\t\t\t\n        \n\t\t\t\t<div id=\"ngg-image-3\" class=\"ngg-gallery-thumbnail-box\" >\n\t\t\t\t        <div class=\"ngg-gallery-thumbnail\">\n            <a href=\"https:\/\/ecojardindesgrivauds.fr\/wp-content\/gallery\/2019_12_14-camion-rouge\/2019-12-13_09-59-04.jpg\"\n               title=\"De temps en temps, on trouve des brins de paille qui semblent plant\u00e9s dans le sol ; ce sont les vers de terre qui tentent de les entra\u00eener dans leurs galeries... #yeuxplusgrosqueleventre\"\n               data-src=\"https:\/\/ecojardindesgrivauds.fr\/wp-content\/gallery\/2019_12_14-camion-rouge\/2019-12-13_09-59-04.jpg\"\n               data-thumbnail=\"https:\/\/ecojardindesgrivauds.fr\/wp-content\/gallery\/2019_12_14-camion-rouge\/thumbs\/thumbs_2019-12-13_09-59-04.jpg\"\n               data-image-id=\"1310\"\n               data-title=\"2019-12-13_09-59-04\"\n               data-description=\"De temps en temps, on trouve des brins de paille qui semblent plant\u00e9s dans le sol ; ce sont les vers de terre qui tentent de les entra\u00eener dans leurs galeries... #yeuxplusgrosqueleventre\"\n               data-image-slug=\"2019-12-13_09-59-04\"\n               class=\"ngg-fancybox\" rel=\"1833cf2de4dc404ef7ebe1a1b3ef326a\">\n                <img\n                    title=\"2019-12-13_09-59-04\"\n                    alt=\"2019-12-13_09-59-04\"\n                    src=\"https:\/\/ecojardindesgrivauds.fr\/wp-content\/gallery\/2019_12_14-camion-rouge\/thumbs\/thumbs_2019-12-13_09-59-04.jpg\"\n                    width=\"240\"\n                    height=\"160\"\n                    style=\"max-width:100%;\"\n                \/>\n            <\/a>\n        <\/div>\n\t\t\t\t\t\t\t<\/div> \n\t\t\t\n        \n\t\t\t\t<div id=\"ngg-image-4\" class=\"ngg-gallery-thumbnail-box\" >\n\t\t\t\t        <div class=\"ngg-gallery-thumbnail\">\n            <a href=\"https:\/\/ecojardindesgrivauds.fr\/wp-content\/gallery\/2019_12_14-camion-rouge\/2019-12-14_10-48-20.jpg\"\n               title=\"M\u00e9sange \u00e0 longue queue (d\u00e9sol\u00e9 pour le manque de luminosit\u00e9)\"\n               data-src=\"https:\/\/ecojardindesgrivauds.fr\/wp-content\/gallery\/2019_12_14-camion-rouge\/2019-12-14_10-48-20.jpg\"\n               data-thumbnail=\"https:\/\/ecojardindesgrivauds.fr\/wp-content\/gallery\/2019_12_14-camion-rouge\/thumbs\/thumbs_2019-12-14_10-48-20.jpg\"\n               data-image-id=\"1311\"\n               data-title=\"2019-12-14_10-48-20\"\n               data-description=\"M\u00e9sange \u00e0 longue queue (d\u00e9sol\u00e9 pour le manque de luminosit\u00e9)\"\n               data-image-slug=\"2019-12-14_10-48-20\"\n               class=\"ngg-fancybox\" rel=\"1833cf2de4dc404ef7ebe1a1b3ef326a\">\n                <img\n                    title=\"2019-12-14_10-48-20\"\n                    alt=\"2019-12-14_10-48-20\"\n                    src=\"https:\/\/ecojardindesgrivauds.fr\/wp-content\/gallery\/2019_12_14-camion-rouge\/thumbs\/thumbs_2019-12-14_10-48-20.jpg\"\n                    width=\"240\"\n                    height=\"160\"\n                    style=\"max-width:100%;\"\n                \/>\n            <\/a>\n        <\/div>\n\t\t\t\t\t\t\t<\/div> \n\t\t\t\n        \n\t\t\t\t<div id=\"ngg-image-5\" class=\"ngg-gallery-thumbnail-box\" >\n\t\t\t\t        <div class=\"ngg-gallery-thumbnail\">\n            <a href=\"https:\/\/ecojardindesgrivauds.fr\/wp-content\/gallery\/2019_12_14-camion-rouge\/2019-12-14_12-36-17.jpg\"\n               title=\"Non, d\u00e9cid\u00e9ment, nos chats n&#039;ont aucun respect pour nos cultures sous voiles !\"\n               data-src=\"https:\/\/ecojardindesgrivauds.fr\/wp-content\/gallery\/2019_12_14-camion-rouge\/2019-12-14_12-36-17.jpg\"\n               data-thumbnail=\"https:\/\/ecojardindesgrivauds.fr\/wp-content\/gallery\/2019_12_14-camion-rouge\/thumbs\/thumbs_2019-12-14_12-36-17.jpg\"\n               data-image-id=\"1312\"\n               data-title=\"2019-12-14_12-36-17\"\n               data-description=\"Non, d\u00e9cid\u00e9ment, nos chats n&#039;ont aucun respect pour nos cultures sous voiles !\"\n               data-image-slug=\"2019-12-14_12-36-17\"\n               class=\"ngg-fancybox\" rel=\"1833cf2de4dc404ef7ebe1a1b3ef326a\">\n                <img\n                    title=\"2019-12-14_12-36-17\"\n                    alt=\"2019-12-14_12-36-17\"\n                    src=\"https:\/\/ecojardindesgrivauds.fr\/wp-content\/gallery\/2019_12_14-camion-rouge\/thumbs\/thumbs_2019-12-14_12-36-17.jpg\"\n                    width=\"240\"\n                    height=\"160\"\n                    style=\"max-width:100%;\"\n                \/>\n            <\/a>\n        <\/div>\n\t\t\t\t\t\t\t<\/div> \n\t\t\t\n        \n\t\t\t\t<div id=\"ngg-image-6\" class=\"ngg-gallery-thumbnail-box\" >\n\t\t\t\t        <div class=\"ngg-gallery-thumbnail\">\n            <a href=\"https:\/\/ecojardindesgrivauds.fr\/wp-content\/gallery\/2019_12_14-camion-rouge\/2019-12-10_16-01-26.jpg\"\n               title=\"Et le pire, c&#039;est que Fabrice semble cautionner ! O\u00f9 va le monde ?\"\n               data-src=\"https:\/\/ecojardindesgrivauds.fr\/wp-content\/gallery\/2019_12_14-camion-rouge\/2019-12-10_16-01-26.jpg\"\n               data-thumbnail=\"https:\/\/ecojardindesgrivauds.fr\/wp-content\/gallery\/2019_12_14-camion-rouge\/thumbs\/thumbs_2019-12-10_16-01-26.jpg\"\n               data-image-id=\"1308\"\n               data-title=\"2019-12-10_16-01-26\"\n               data-description=\"Et le pire, c&#039;est que Fabrice semble cautionner ! O\u00f9 va le monde ?\"\n               data-image-slug=\"2019-12-10_16-01-26\"\n               class=\"ngg-fancybox\" rel=\"1833cf2de4dc404ef7ebe1a1b3ef326a\">\n                <img\n                    title=\"2019-12-10_16-01-26\"\n                    alt=\"2019-12-10_16-01-26\"\n                    src=\"https:\/\/ecojardindesgrivauds.fr\/wp-content\/gallery\/2019_12_14-camion-rouge\/thumbs\/thumbs_2019-12-10_16-01-26.jpg\"\n                    width=\"240\"\n                    height=\"160\"\n                    style=\"max-width:100%;\"\n                \/>\n            <\/a>\n        <\/div>\n\t\t\t\t\t\t\t<\/div> \n\t\t\t\n        \n\t\t\n\t\t<!-- Pagination -->\n\t<div class='ngg-clear'><\/div>\t<\/div>\n\n","protected":false},"excerpt":{"rendered":"<p>Pas besoin de stickers sur notre camion : tout le monde nous reconna\u00eet facilement, notamment gr\u00e2ce \u00e0 sa couleur rouge &#8211; vu son \u00e9tat de propret\u00e9, je devrais plut\u00f4t dire \u00abrouge\u00e2tre\u00bb&#8230; Passons. Avec ses 260 000 km et ses 18 ans d&rsquo;\u00e2ge, on peut dire qu&rsquo;il aurait m\u00e9rit\u00e9 une bonne retraite. Et comme il sent &hellip; <\/p>\n<p class=\"link-more\"><a href=\"https:\/\/ecojardindesgrivauds.fr\/?p=4177\" class=\"more-link\">Continuer la lecture<span class=\"screen-reader-text\"> de &laquo;&nbsp;Notre jardin a une \u00e9pine dans le pied : son camion rouge !&nbsp;&raquo;<\/span><\/a><\/p>\n","protected":false},"author":1,"featured_media":0,"comment_status":"open","ping_status":"open","sticky":false,"template":"","format":"standard","meta":{"ngg_post_thumbnail":0},"categories":[1],"tags":[],"_links":{"self":[{"href":"https:\/\/ecojardindesgrivauds.fr\/index.php?rest_route=\/wp\/v2\/posts\/4177"}],"collection":[{"href":"https:\/\/ecojardindesgrivauds.fr\/index.php?rest_route=\/wp\/v2\/posts"}],"about":[{"href":"https:\/\/ecojardindesgrivauds.fr\/index.php?rest_route=\/wp\/v2\/types\/post"}],"author":[{"embeddable":true,"href":"https:\/\/ecojardindesgrivauds.fr\/index.php?rest_route=\/wp\/v2\/users\/1"}],"replies":[{"embeddable":true,"href":"https:\/\/ecojardindesgrivauds.fr\/index.php?rest_route=%2Fwp%2Fv2%2Fcomments&post=4177"}],"version-history":[{"count":3,"href":"https:\/\/ecojardindesgrivauds.fr\/index.php?rest_route=\/wp\/v2\/posts\/4177\/revisions"}],"predecessor-version":[{"id":4199,"href":"https:\/\/ecojardindesgrivauds.fr\/index.php?rest_route=\/wp\/v2\/posts\/4177\/revisions\/4199"}],"wp:attachment":[{"href":"https:\/\/ecojardindesgrivauds.fr\/index.php?rest_route=%2Fwp%2Fv2%2Fmedia&parent=4177"}],"wp:term":[{"taxonomy":"category","embeddable":true,"href":"https:\/\/ecojardindesgrivauds.fr\/index.php?rest_route=%2Fwp%2Fv2%2Fcategories&post=4177"},{"taxonomy":"post_tag","embeddable":true,"href":"https:\/\/ecojardindesgrivauds.fr\/index.php?rest_route=%2Fwp%2Fv2%2Ftags&post=4177"}],"curies":[{"name":"wp","href":"https:\/\/api.w.org\/{rel}","templated":true}]}}