{"id":4221,"date":"2020-01-11T17:29:24","date_gmt":"2020-01-11T16:29:24","guid":{"rendered":"http:\/\/ecojardindesgrivauds.fr\/?p=4221"},"modified":"2020-01-11T18:03:10","modified_gmt":"2020-01-11T17:03:10","slug":"2020-lannee-du-poireau","status":"publish","type":"post","link":"https:\/\/ecojardindesgrivauds.fr\/?p=4221","title":{"rendered":"2020 : l&rsquo;ann\u00e9e du poireau"},"content":{"rendered":"\n<figure class=\"wp-block-image size-large\"><a href=\"http:\/\/ecojardindesgrivauds.fr\/wp-content\/uploads\/2020\/01\/2019-08-31_08-15-31.jpg\"><img decoding=\"async\" loading=\"lazy\" width=\"1024\" height=\"768\" src=\"http:\/\/ecojardindesgrivauds.fr\/wp-content\/uploads\/2020\/01\/2019-08-31_08-15-31-1024x768.jpg\" alt=\"\" class=\"wp-image-4238\" srcset=\"https:\/\/ecojardindesgrivauds.fr\/wp-content\/uploads\/2020\/01\/2019-08-31_08-15-31-1024x768.jpg 1024w, https:\/\/ecojardindesgrivauds.fr\/wp-content\/uploads\/2020\/01\/2019-08-31_08-15-31-300x225.jpg 300w, https:\/\/ecojardindesgrivauds.fr\/wp-content\/uploads\/2020\/01\/2019-08-31_08-15-31-768x576.jpg 768w, https:\/\/ecojardindesgrivauds.fr\/wp-content\/uploads\/2020\/01\/2019-08-31_08-15-31.jpg 1280w\" sizes=\"(max-width: 767px) 89vw, (max-width: 1000px) 54vw, (max-width: 1071px) 543px, 580px\" \/><\/a><figcaption>Un bon paillage, un bon arrosage, une planche sans potentilles et un filet anti-mouches : avec \u00e7a, si on n&rsquo;arrive toujours pas \u00e0 faire des poireaux d&rsquo;hiver, c&rsquo;est \u00e0 s&rsquo;arracher les cheveux !<\/figcaption><\/figure>\n\n\n\n<p>2020, c&rsquo;est l&rsquo;ann\u00e9e du poireau dans l&rsquo;astrologie Grivaldienne. C&rsquo;est-\u00e0-dire que nos poireaux conna\u00eetront la conjonction de diff\u00e9rentes plan\u00e8tes, qui garantiront leur succ\u00e8s. D&rsquo;abord, il y a la plan\u00e8te Sol, qu&rsquo;on bichonne d\u00e9j\u00e0 depuis 3 ans gr\u00e2ce \u00e0 nos techniques MSV. Ensuite, il y a la plan\u00e8te Filets. On a d\u00e9j\u00e0 exp\u00e9riment\u00e9 cette ann\u00e9e : la lutte contre les parasites a\u00e9riens des cultures (altises, pi\u00e9rides et noctuelles pour les choux ; mouches mineuses pour les poireaux) passe par l&rsquo;installation de filets de protections adapt\u00e9s. Cet hiver, nos poireaux sont tr\u00e8s propres de ce point de vue-l\u00e0. Bon, le probl\u00e8me (parce qu&rsquo;il y en a toujours un), c&rsquo;est qu&rsquo;on les a principalement install\u00e9s sur des buttes pleines de potentilles&#8230; R\u00e9sultat : ils sont minuscules ! C&rsquo;est pourquoi, cette ann\u00e9e, nous comptons sur l&rsquo;influence d&rsquo;une troisi\u00e8me plan\u00e8te : la plan\u00e8te D\u00e9sherbage. Pour faire simple, nos poireaux seront install\u00e9s sur des buttes ayant connu une occultation cet hiver. Et voil\u00e0 ! Bon, me direz-vous, pourquoi diable nous bassinez-vous avec vos poireaux en cette p\u00e9riode de v\u0153ux et de bonnes r\u00e9solutions ? C&rsquo;est que finalement, des cultures rat\u00e9es, cette ann\u00e9e, il n&rsquo;y a en pas eu tant que \u00e7a. Les poireaux d&rsquo;hiver en font partie et ils nous manquent bien plus que n&rsquo;importe quel autre l\u00e9gume ! Et puis, sur cet exemple, on vous montre comment on ne reste pas les deux pieds dans le m\u00eame sabot : on am\u00e9liore les choses progressivement, en tirant les le\u00e7ons de nos \u00e9checs. Il y aura d&rsquo;autres cultures pour lesquels on compte progresser : les betteraves de conservation et les choux-fleurs de printemps en font partie&#8230;<\/p>\n\n\n\n<div class=\"wp-block-image\"><figure class=\"alignright size-medium\"><a href=\"http:\/\/ecojardindesgrivauds.fr\/wp-content\/uploads\/2020\/01\/2020-01-06_15-09-06.jpg\"><img decoding=\"async\" loading=\"lazy\" width=\"300\" height=\"225\" src=\"http:\/\/ecojardindesgrivauds.fr\/wp-content\/uploads\/2020\/01\/2020-01-06_15-09-06-300x225.jpg\" alt=\"\" class=\"wp-image-4228\" srcset=\"https:\/\/ecojardindesgrivauds.fr\/wp-content\/uploads\/2020\/01\/2020-01-06_15-09-06-300x225.jpg 300w, https:\/\/ecojardindesgrivauds.fr\/wp-content\/uploads\/2020\/01\/2020-01-06_15-09-06-768x576.jpg 768w, https:\/\/ecojardindesgrivauds.fr\/wp-content\/uploads\/2020\/01\/2020-01-06_15-09-06.jpg 1024w\" sizes=\"(max-width: 300px) 100vw, 300px\" \/><\/a><figcaption>Entretien des abords des serres : on peut enfin longer la serre 4 par la gauche !<\/figcaption><\/figure><\/div>\n\n\n\n<p>Les journ\u00e9es sont encore tr\u00e8s courtes mais les f\u00eates sont d\u00e9j\u00e0 derri\u00e8re nous. Apr\u00e8s la folle ann\u00e9e qu&rsquo;on vient de terminer, on a savour\u00e9 nos vacances comme jamais ! Nous voil\u00e0 de retour sur le terrain et Fabrice tr\u00e9pigne d&rsquo;envie de se lancer dans les premiers semis. Je le retiens comme je peux pour l&#8217;emp\u00eacher de semer des tomates au 10 janvier. Patience ! Avant \u00e7a, on a encore du pain sur la planche : les deux nouvelles serres arrivent dans deux semaines et il faut avoir exp\u00e9di\u00e9 un maximum de travaux hivernaux avant \u00e7a. Alors on nettoie, on broie les abords des serres, on taille les haies. On en profite pour envoyer le camion au garage pour une remise \u00e0 neuf (ou presque). Car, oui, c&rsquo;est finalement l&rsquo;option qu&rsquo;on a adopt\u00e9e : r\u00e9parer ce qui est r\u00e9parable pour repousser l&rsquo;achat d&rsquo;un nouveau camion \u00e0 une p\u00e9riode plus favorable, \u00e9conomiquement parlant.<\/p>\n\n\n\n<div class=\"wp-block-image\"><figure class=\"alignleft size-medium\"><a href=\"http:\/\/ecojardindesgrivauds.fr\/wp-content\/uploads\/2020\/01\/2020-01-10_12-44-06.jpg\"><img decoding=\"async\" loading=\"lazy\" width=\"225\" height=\"300\" src=\"http:\/\/ecojardindesgrivauds.fr\/wp-content\/uploads\/2020\/01\/2020-01-10_12-44-06-225x300.jpg\" alt=\"\" class=\"wp-image-4235\" srcset=\"https:\/\/ecojardindesgrivauds.fr\/wp-content\/uploads\/2020\/01\/2020-01-10_12-44-06-225x300.jpg 225w, https:\/\/ecojardindesgrivauds.fr\/wp-content\/uploads\/2020\/01\/2020-01-10_12-44-06.jpg 768w\" sizes=\"(max-width: 225px) 100vw, 225px\" \/><\/a><figcaption>R\u00e9colte de persil avec Lucie<\/figcaption><\/figure><\/div>\n\n\n\n<p>En fin de semaine, on a le plaisir de recevoir Lucie dans notre \u00c9coJardin. Lucie est aussi en train de pr\u00e9parer un BPREA (oui, comme Jean, David, Cl\u00e9ment et Lili&#8230;), mais avant de se lancer dans les choses s\u00e9rieuses, elle b\u00e9n\u00e9ficie de quelques petites p\u00e9riodes de stage pour visiter les fermes du coin afin d&rsquo;affiner son projet personnel. Elle nous file un coup de main dans la pr\u00e9paration du march\u00e9 du samedi. Avec le temps lib\u00e9r\u00e9, on en profite pour faire avancer des chantiers de d\u00e9sherbage (dont les fameux fraisiers de la serre n\u00ba1). Et enfin, pour finir sur une bonne nouvelle, sachez que Fabrice a r\u00e9ussi \u00e0 r\u00e9parer l&rsquo;avarie de notre pompe, qui aspirait de l&rsquo;air depuis des semaines : on a \u00e0 nouveau 4 bars dans les tuyaux et on profite d&rsquo;une m\u00e9t\u00e9o plut\u00f4t cl\u00e9mente pour r\u00e9hydrater nos sols de serre.<\/p>\n\n\n\n<p>\u00c0 la semaine prochaine !<\/p>\n\n\n\n<!-- index.php -->\n<div\n\tclass=\"ngg-galleryoverview ngg-ajax-pagination-none\"\n\tid=\"ngg-gallery-22dfc8330d49e6d2bdaa1c3299076cd8-1\">\n\n    \t\t<!-- Thumbnails -->\n\t\t\t\t<div id=\"ngg-image-0\" class=\"ngg-gallery-thumbnail-box\" >\n\t\t\t\t        <div class=\"ngg-gallery-thumbnail\">\n            <a href=\"https:\/\/ecojardindesgrivauds.fr\/wp-content\/gallery\/2020_01_11-divers-entretien\/2019-12-25_15-28-46.jpg\"\n               title=\"Entre les f\u00eates, pour aider Denis \u00e0 pr\u00e9parer le march\u00e9, Sandrine est venue faire quelques r\u00e9coltes.\"\n               data-src=\"https:\/\/ecojardindesgrivauds.fr\/wp-content\/gallery\/2020_01_11-divers-entretien\/2019-12-25_15-28-46.jpg\"\n               data-thumbnail=\"https:\/\/ecojardindesgrivauds.fr\/wp-content\/gallery\/2020_01_11-divers-entretien\/thumbs\/thumbs_2019-12-25_15-28-46.jpg\"\n               data-image-id=\"1321\"\n               data-title=\"2019-12-25_15-28-46\"\n               data-description=\"Entre les f\u00eates, pour aider Denis \u00e0 pr\u00e9parer le march\u00e9, Sandrine est venue faire quelques r\u00e9coltes.\"\n               data-image-slug=\"2019-12-25_15-28-46\"\n               class=\"ngg-fancybox\" rel=\"22dfc8330d49e6d2bdaa1c3299076cd8\">\n                <img\n                    title=\"2019-12-25_15-28-46\"\n                    alt=\"2019-12-25_15-28-46\"\n                    src=\"https:\/\/ecojardindesgrivauds.fr\/wp-content\/gallery\/2020_01_11-divers-entretien\/thumbs\/thumbs_2019-12-25_15-28-46.jpg\"\n                    width=\"240\"\n                    height=\"160\"\n                    style=\"max-width:100%;\"\n                \/>\n            <\/a>\n        <\/div>\n\t\t\t\t\t\t\t<\/div> \n\t\t\t\n        \n\t\t\t\t<div id=\"ngg-image-1\" class=\"ngg-gallery-thumbnail-box\" >\n\t\t\t\t        <div class=\"ngg-gallery-thumbnail\">\n            <a href=\"https:\/\/ecojardindesgrivauds.fr\/wp-content\/gallery\/2020_01_11-divers-entretien\/2019-12-30_17-09-19.jpg\"\n               title=\"Broyage et b\u00e2chage de 3 nouvelles buttes dans le champ.\"\n               data-src=\"https:\/\/ecojardindesgrivauds.fr\/wp-content\/gallery\/2020_01_11-divers-entretien\/2019-12-30_17-09-19.jpg\"\n               data-thumbnail=\"https:\/\/ecojardindesgrivauds.fr\/wp-content\/gallery\/2020_01_11-divers-entretien\/thumbs\/thumbs_2019-12-30_17-09-19.jpg\"\n               data-image-id=\"1322\"\n               data-title=\"2019-12-30_17-09-19\"\n               data-description=\"Broyage et b\u00e2chage de 3 nouvelles buttes dans le champ.\"\n               data-image-slug=\"2019-12-30_17-09-19\"\n               class=\"ngg-fancybox\" rel=\"22dfc8330d49e6d2bdaa1c3299076cd8\">\n                <img\n                    title=\"2019-12-30_17-09-19\"\n                    alt=\"2019-12-30_17-09-19\"\n                    src=\"https:\/\/ecojardindesgrivauds.fr\/wp-content\/gallery\/2020_01_11-divers-entretien\/thumbs\/thumbs_2019-12-30_17-09-19.jpg\"\n                    width=\"240\"\n                    height=\"160\"\n                    style=\"max-width:100%;\"\n                \/>\n            <\/a>\n        <\/div>\n\t\t\t\t\t\t\t<\/div> \n\t\t\t\n        \n\t\t\t\t<div id=\"ngg-image-2\" class=\"ngg-gallery-thumbnail-box\" >\n\t\t\t\t        <div class=\"ngg-gallery-thumbnail\">\n            <a href=\"https:\/\/ecojardindesgrivauds.fr\/wp-content\/gallery\/2020_01_11-divers-entretien\/2020-01-02_12-41-55.jpg\"\n               title=\"Signe d&#039;un hiver tr\u00e8s doux : nos sols se refroidissent tr\u00e8s lentement cette ann\u00e9e !\"\n               data-src=\"https:\/\/ecojardindesgrivauds.fr\/wp-content\/gallery\/2020_01_11-divers-entretien\/2020-01-02_12-41-55.jpg\"\n               data-thumbnail=\"https:\/\/ecojardindesgrivauds.fr\/wp-content\/gallery\/2020_01_11-divers-entretien\/thumbs\/thumbs_2020-01-02_12-41-55.jpg\"\n               data-image-id=\"1323\"\n               data-title=\"2020-01-02_12-41-55\"\n               data-description=\"Signe d&#039;un hiver tr\u00e8s doux : nos sols se refroidissent tr\u00e8s lentement cette ann\u00e9e !\"\n               data-image-slug=\"2020-01-02_12-41-55\"\n               class=\"ngg-fancybox\" rel=\"22dfc8330d49e6d2bdaa1c3299076cd8\">\n                <img\n                    title=\"2020-01-02_12-41-55\"\n                    alt=\"2020-01-02_12-41-55\"\n                    src=\"https:\/\/ecojardindesgrivauds.fr\/wp-content\/gallery\/2020_01_11-divers-entretien\/thumbs\/thumbs_2020-01-02_12-41-55.jpg\"\n                    width=\"240\"\n                    height=\"160\"\n                    style=\"max-width:100%;\"\n                \/>\n            <\/a>\n        <\/div>\n\t\t\t\t\t\t\t<\/div> \n\t\t\t\n        \n\t\t\t\t<div id=\"ngg-image-3\" class=\"ngg-gallery-thumbnail-box\" >\n\t\t\t\t        <div class=\"ngg-gallery-thumbnail\">\n            <a href=\"https:\/\/ecojardindesgrivauds.fr\/wp-content\/gallery\/2020_01_11-divers-entretien\/2020-01-06_09-36-50.jpg\"\n               title=\"Lever de soleil hivernal sur les serres 1, 2 et 3\"\n               data-src=\"https:\/\/ecojardindesgrivauds.fr\/wp-content\/gallery\/2020_01_11-divers-entretien\/2020-01-06_09-36-50.jpg\"\n               data-thumbnail=\"https:\/\/ecojardindesgrivauds.fr\/wp-content\/gallery\/2020_01_11-divers-entretien\/thumbs\/thumbs_2020-01-06_09-36-50.jpg\"\n               data-image-id=\"1324\"\n               data-title=\"2020-01-06_09-36-50\"\n               data-description=\"Lever de soleil hivernal sur les serres 1, 2 et 3\"\n               data-image-slug=\"2020-01-06_09-36-50\"\n               class=\"ngg-fancybox\" rel=\"22dfc8330d49e6d2bdaa1c3299076cd8\">\n                <img\n                    title=\"2020-01-06_09-36-50\"\n                    alt=\"2020-01-06_09-36-50\"\n                    src=\"https:\/\/ecojardindesgrivauds.fr\/wp-content\/gallery\/2020_01_11-divers-entretien\/thumbs\/thumbs_2020-01-06_09-36-50.jpg\"\n                    width=\"240\"\n                    height=\"160\"\n                    style=\"max-width:100%;\"\n                \/>\n            <\/a>\n        <\/div>\n\t\t\t\t\t\t\t<\/div> \n\t\t\t\n        \n\t\t\t\t<div id=\"ngg-image-4\" class=\"ngg-gallery-thumbnail-box\" >\n\t\t\t\t        <div class=\"ngg-gallery-thumbnail\">\n            <a href=\"https:\/\/ecojardindesgrivauds.fr\/wp-content\/gallery\/2020_01_11-divers-entretien\/2020-01-07_17-05-41.jpg\"\n               title=\"Il reste quelques carottes dans le champ. Surprise : elles sont presque plus belles que nos carottes de conservation !\"\n               data-src=\"https:\/\/ecojardindesgrivauds.fr\/wp-content\/gallery\/2020_01_11-divers-entretien\/2020-01-07_17-05-41.jpg\"\n               data-thumbnail=\"https:\/\/ecojardindesgrivauds.fr\/wp-content\/gallery\/2020_01_11-divers-entretien\/thumbs\/thumbs_2020-01-07_17-05-41.jpg\"\n               data-image-id=\"1325\"\n               data-title=\"2020-01-07_17-05-41\"\n               data-description=\"Il reste quelques carottes dans le champ. Surprise : elles sont presque plus belles que nos carottes de conservation !\"\n               data-image-slug=\"2020-01-07_17-05-41\"\n               class=\"ngg-fancybox\" rel=\"22dfc8330d49e6d2bdaa1c3299076cd8\">\n                <img\n                    title=\"2020-01-07_17-05-41\"\n                    alt=\"2020-01-07_17-05-41\"\n                    src=\"https:\/\/ecojardindesgrivauds.fr\/wp-content\/gallery\/2020_01_11-divers-entretien\/thumbs\/thumbs_2020-01-07_17-05-41.jpg\"\n                    width=\"240\"\n                    height=\"160\"\n                    style=\"max-width:100%;\"\n                \/>\n            <\/a>\n        <\/div>\n\t\t\t\t\t\t\t<\/div> \n\t\t\t\n        \n\t\t\t\t<div id=\"ngg-image-5\" class=\"ngg-gallery-thumbnail-box\" >\n\t\t\t\t        <div class=\"ngg-gallery-thumbnail\">\n            <a href=\"https:\/\/ecojardindesgrivauds.fr\/wp-content\/gallery\/2020_01_11-divers-entretien\/2020-01-08_15-40-55.jpg\"\n               title=\"Chardonneret \u00e9l\u00e9gant\"\n               data-src=\"https:\/\/ecojardindesgrivauds.fr\/wp-content\/gallery\/2020_01_11-divers-entretien\/2020-01-08_15-40-55.jpg\"\n               data-thumbnail=\"https:\/\/ecojardindesgrivauds.fr\/wp-content\/gallery\/2020_01_11-divers-entretien\/thumbs\/thumbs_2020-01-08_15-40-55.jpg\"\n               data-image-id=\"1326\"\n               data-title=\"2020-01-08_15-40-55\"\n               data-description=\"Chardonneret \u00e9l\u00e9gant\"\n               data-image-slug=\"2020-01-08_15-40-55\"\n               class=\"ngg-fancybox\" rel=\"22dfc8330d49e6d2bdaa1c3299076cd8\">\n                <img\n                    title=\"2020-01-08_15-40-55\"\n                    alt=\"2020-01-08_15-40-55\"\n                    src=\"https:\/\/ecojardindesgrivauds.fr\/wp-content\/gallery\/2020_01_11-divers-entretien\/thumbs\/thumbs_2020-01-08_15-40-55.jpg\"\n                    width=\"240\"\n                    height=\"160\"\n                    style=\"max-width:100%;\"\n                \/>\n            <\/a>\n        <\/div>\n\t\t\t\t\t\t\t<\/div> \n\t\t\t\n        \n\t\t\t\t<div id=\"ngg-image-6\" class=\"ngg-gallery-thumbnail-box\" >\n\t\t\t\t        <div class=\"ngg-gallery-thumbnail\">\n            <a href=\"https:\/\/ecojardindesgrivauds.fr\/wp-content\/gallery\/2020_01_11-divers-entretien\/2020-01-08_15-42-27.jpg\"\n               title=\"Encore plus fort : chardonneret et m\u00e9sange bleue !\"\n               data-src=\"https:\/\/ecojardindesgrivauds.fr\/wp-content\/gallery\/2020_01_11-divers-entretien\/2020-01-08_15-42-27.jpg\"\n               data-thumbnail=\"https:\/\/ecojardindesgrivauds.fr\/wp-content\/gallery\/2020_01_11-divers-entretien\/thumbs\/thumbs_2020-01-08_15-42-27.jpg\"\n               data-image-id=\"1327\"\n               data-title=\"2020-01-08_15-42-27\"\n               data-description=\"Encore plus fort : chardonneret et m\u00e9sange bleue !\"\n               data-image-slug=\"2020-01-08_15-42-27\"\n               class=\"ngg-fancybox\" rel=\"22dfc8330d49e6d2bdaa1c3299076cd8\">\n                <img\n                    title=\"2020-01-08_15-42-27\"\n                    alt=\"2020-01-08_15-42-27\"\n                    src=\"https:\/\/ecojardindesgrivauds.fr\/wp-content\/gallery\/2020_01_11-divers-entretien\/thumbs\/thumbs_2020-01-08_15-42-27.jpg\"\n                    width=\"240\"\n                    height=\"160\"\n                    style=\"max-width:100%;\"\n                \/>\n            <\/a>\n        <\/div>\n\t\t\t\t\t\t\t<\/div> \n\t\t\t\n        \n\t\t\t\t<div id=\"ngg-image-7\" class=\"ngg-gallery-thumbnail-box\" >\n\t\t\t\t        <div class=\"ngg-gallery-thumbnail\">\n            <a href=\"https:\/\/ecojardindesgrivauds.fr\/wp-content\/gallery\/2020_01_11-divers-entretien\/2020-01-09_15-06-50.jpg\"\n               title=\"Petit clin d&#039;\u0153il \u00e0 Cl\u00e9ment qui a aid\u00e9 \u00e0 nettoyer les asperseurs de la serre 5 : on utilise enfin cette nouvelle rampe !\"\n               data-src=\"https:\/\/ecojardindesgrivauds.fr\/wp-content\/gallery\/2020_01_11-divers-entretien\/2020-01-09_15-06-50.jpg\"\n               data-thumbnail=\"https:\/\/ecojardindesgrivauds.fr\/wp-content\/gallery\/2020_01_11-divers-entretien\/thumbs\/thumbs_2020-01-09_15-06-50.jpg\"\n               data-image-id=\"1328\"\n               data-title=\"2020-01-09_15-06-50\"\n               data-description=\"Petit clin d&#039;\u0153il \u00e0 Cl\u00e9ment qui a aid\u00e9 \u00e0 nettoyer les asperseurs de la serre 5 : on utilise enfin cette nouvelle rampe !\"\n               data-image-slug=\"2020-01-09_15-06-50\"\n               class=\"ngg-fancybox\" rel=\"22dfc8330d49e6d2bdaa1c3299076cd8\">\n                <img\n                    title=\"2020-01-09_15-06-50\"\n                    alt=\"2020-01-09_15-06-50\"\n                    src=\"https:\/\/ecojardindesgrivauds.fr\/wp-content\/gallery\/2020_01_11-divers-entretien\/thumbs\/thumbs_2020-01-09_15-06-50.jpg\"\n                    width=\"240\"\n                    height=\"160\"\n                    style=\"max-width:100%;\"\n                \/>\n            <\/a>\n        <\/div>\n\t\t\t\t\t\t\t<\/div> \n\t\t\t\n        \n\t\t\t\t<div id=\"ngg-image-8\" class=\"ngg-gallery-thumbnail-box\" >\n\t\t\t\t        <div class=\"ngg-gallery-thumbnail\">\n            <a href=\"https:\/\/ecojardindesgrivauds.fr\/wp-content\/gallery\/2020_01_11-divers-entretien\/2020-01-10_11-19-52.jpg\"\n               title=\"Oh ! Des laitues en plein hiver !\"\n               data-src=\"https:\/\/ecojardindesgrivauds.fr\/wp-content\/gallery\/2020_01_11-divers-entretien\/2020-01-10_11-19-52.jpg\"\n               data-thumbnail=\"https:\/\/ecojardindesgrivauds.fr\/wp-content\/gallery\/2020_01_11-divers-entretien\/thumbs\/thumbs_2020-01-10_11-19-52.jpg\"\n               data-image-id=\"1329\"\n               data-title=\"2020-01-10_11-19-52\"\n               data-description=\"Oh ! Des laitues en plein hiver !\"\n               data-image-slug=\"2020-01-10_11-19-52\"\n               class=\"ngg-fancybox\" rel=\"22dfc8330d49e6d2bdaa1c3299076cd8\">\n                <img\n                    title=\"2020-01-10_11-19-52\"\n                    alt=\"2020-01-10_11-19-52\"\n                    src=\"https:\/\/ecojardindesgrivauds.fr\/wp-content\/gallery\/2020_01_11-divers-entretien\/thumbs\/thumbs_2020-01-10_11-19-52.jpg\"\n                    width=\"240\"\n                    height=\"160\"\n                    style=\"max-width:100%;\"\n                \/>\n            <\/a>\n        <\/div>\n\t\t\t\t\t\t\t<\/div> \n\t\t\t\n        \n\t\t\t\t<div id=\"ngg-image-9\" class=\"ngg-gallery-thumbnail-box\" >\n\t\t\t\t        <div class=\"ngg-gallery-thumbnail\">\n            <a href=\"https:\/\/ecojardindesgrivauds.fr\/wp-content\/gallery\/2020_01_11-divers-entretien\/2020-01-10_11-21-20.jpg\"\n               title=\"Les scaroles ont aussi bien profit\u00e9 de la douceur !\"\n               data-src=\"https:\/\/ecojardindesgrivauds.fr\/wp-content\/gallery\/2020_01_11-divers-entretien\/2020-01-10_11-21-20.jpg\"\n               data-thumbnail=\"https:\/\/ecojardindesgrivauds.fr\/wp-content\/gallery\/2020_01_11-divers-entretien\/thumbs\/thumbs_2020-01-10_11-21-20.jpg\"\n               data-image-id=\"1330\"\n               data-title=\"2020-01-10_11-21-20\"\n               data-description=\"Les scaroles ont aussi bien profit\u00e9 de la douceur !\"\n               data-image-slug=\"2020-01-10_11-21-20\"\n               class=\"ngg-fancybox\" rel=\"22dfc8330d49e6d2bdaa1c3299076cd8\">\n                <img\n                    title=\"2020-01-10_11-21-20\"\n                    alt=\"2020-01-10_11-21-20\"\n                    src=\"https:\/\/ecojardindesgrivauds.fr\/wp-content\/gallery\/2020_01_11-divers-entretien\/thumbs\/thumbs_2020-01-10_11-21-20.jpg\"\n                    width=\"240\"\n                    height=\"160\"\n                    style=\"max-width:100%;\"\n                \/>\n            <\/a>\n        <\/div>\n\t\t\t\t\t\t\t<\/div> \n\t\t\t\n        \n\t\t\t\t<div id=\"ngg-image-10\" class=\"ngg-gallery-thumbnail-box\" >\n\t\t\t\t        <div class=\"ngg-gallery-thumbnail\">\n            <a href=\"https:\/\/ecojardindesgrivauds.fr\/wp-content\/gallery\/2020_01_11-divers-entretien\/2020-01-10_12-44-21.jpg\"\n               title=\"Exposition de bouquets de persil. C&#039;est inutile mais c&#039;est beau.\"\n               data-src=\"https:\/\/ecojardindesgrivauds.fr\/wp-content\/gallery\/2020_01_11-divers-entretien\/2020-01-10_12-44-21.jpg\"\n               data-thumbnail=\"https:\/\/ecojardindesgrivauds.fr\/wp-content\/gallery\/2020_01_11-divers-entretien\/thumbs\/thumbs_2020-01-10_12-44-21.jpg\"\n               data-image-id=\"1331\"\n               data-title=\"2020-01-10_12-44-21\"\n               data-description=\"Exposition de bouquets de persil. C&#039;est inutile mais c&#039;est beau.\"\n               data-image-slug=\"2020-01-10_12-44-21\"\n               class=\"ngg-fancybox\" rel=\"22dfc8330d49e6d2bdaa1c3299076cd8\">\n                <img\n                    title=\"2020-01-10_12-44-21\"\n                    alt=\"2020-01-10_12-44-21\"\n                    src=\"https:\/\/ecojardindesgrivauds.fr\/wp-content\/gallery\/2020_01_11-divers-entretien\/thumbs\/thumbs_2020-01-10_12-44-21.jpg\"\n                    width=\"240\"\n                    height=\"160\"\n                    style=\"max-width:100%;\"\n                \/>\n            <\/a>\n        <\/div>\n\t\t\t\t\t\t\t<\/div> \n\t\t\t\n        \n\t\t\t\t<div id=\"ngg-image-11\" class=\"ngg-gallery-thumbnail-box\" >\n\t\t\t\t        <div class=\"ngg-gallery-thumbnail\">\n            <a href=\"https:\/\/ecojardindesgrivauds.fr\/wp-content\/gallery\/2020_01_11-divers-entretien\/2020-01-10_17-00-32.jpg\"\n               title=\"Dans la serre 4, on a visiblement des vers de terre an\u00e9ciques qui travaillent \u00e0 fond ! Notez la couleur des turricules : signe d&#039;un joli taux d&#039;humus !\"\n               data-src=\"https:\/\/ecojardindesgrivauds.fr\/wp-content\/gallery\/2020_01_11-divers-entretien\/2020-01-10_17-00-32.jpg\"\n               data-thumbnail=\"https:\/\/ecojardindesgrivauds.fr\/wp-content\/gallery\/2020_01_11-divers-entretien\/thumbs\/thumbs_2020-01-10_17-00-32.jpg\"\n               data-image-id=\"1332\"\n               data-title=\"2020-01-10_17-00-32\"\n               data-description=\"Dans la serre 4, on a visiblement des vers de terre an\u00e9ciques qui travaillent \u00e0 fond ! Notez la couleur des turricules : signe d&#039;un joli taux d&#039;humus !\"\n               data-image-slug=\"2020-01-10_17-00-32\"\n               class=\"ngg-fancybox\" rel=\"22dfc8330d49e6d2bdaa1c3299076cd8\">\n                <img\n                    title=\"2020-01-10_17-00-32\"\n                    alt=\"2020-01-10_17-00-32\"\n                    src=\"https:\/\/ecojardindesgrivauds.fr\/wp-content\/gallery\/2020_01_11-divers-entretien\/thumbs\/thumbs_2020-01-10_17-00-32.jpg\"\n                    width=\"240\"\n                    height=\"160\"\n                    style=\"max-width:100%;\"\n                \/>\n            <\/a>\n        <\/div>\n\t\t\t\t\t\t\t<\/div> \n\t\t\t\n        \n\t\t\n\t\t<!-- Pagination -->\n\t<div class='ngg-clear'><\/div>\t<\/div>\n\n","protected":false},"excerpt":{"rendered":"<p>2020, c&rsquo;est l&rsquo;ann\u00e9e du poireau dans l&rsquo;astrologie Grivaldienne. C&rsquo;est-\u00e0-dire que nos poireaux conna\u00eetront la conjonction de diff\u00e9rentes plan\u00e8tes, qui garantiront leur succ\u00e8s. D&rsquo;abord, il y a la plan\u00e8te Sol, qu&rsquo;on bichonne d\u00e9j\u00e0 depuis 3 ans gr\u00e2ce \u00e0 nos techniques MSV. Ensuite, il y a la plan\u00e8te Filets. On a d\u00e9j\u00e0 exp\u00e9riment\u00e9 cette ann\u00e9e : la &hellip; <\/p>\n<p class=\"link-more\"><a href=\"https:\/\/ecojardindesgrivauds.fr\/?p=4221\" class=\"more-link\">Continuer la lecture<span class=\"screen-reader-text\"> de &laquo;&nbsp;2020 : l&rsquo;ann\u00e9e du poireau&nbsp;&raquo;<\/span><\/a><\/p>\n","protected":false},"author":1,"featured_media":0,"comment_status":"open","ping_status":"open","sticky":false,"template":"","format":"standard","meta":{"ngg_post_thumbnail":0},"categories":[1],"tags":[],"_links":{"self":[{"href":"https:\/\/ecojardindesgrivauds.fr\/index.php?rest_route=\/wp\/v2\/posts\/4221"}],"collection":[{"href":"https:\/\/ecojardindesgrivauds.fr\/index.php?rest_route=\/wp\/v2\/posts"}],"about":[{"href":"https:\/\/ecojardindesgrivauds.fr\/index.php?rest_route=\/wp\/v2\/types\/post"}],"author":[{"embeddable":true,"href":"https:\/\/ecojardindesgrivauds.fr\/index.php?rest_route=\/wp\/v2\/users\/1"}],"replies":[{"embeddable":true,"href":"https:\/\/ecojardindesgrivauds.fr\/index.php?rest_route=%2Fwp%2Fv2%2Fcomments&post=4221"}],"version-history":[{"count":8,"href":"https:\/\/ecojardindesgrivauds.fr\/index.php?rest_route=\/wp\/v2\/posts\/4221\/revisions"}],"predecessor-version":[{"id":4258,"href":"https:\/\/ecojardindesgrivauds.fr\/index.php?rest_route=\/wp\/v2\/posts\/4221\/revisions\/4258"}],"wp:attachment":[{"href":"https:\/\/ecojardindesgrivauds.fr\/index.php?rest_route=%2Fwp%2Fv2%2Fmedia&parent=4221"}],"wp:term":[{"taxonomy":"category","embeddable":true,"href":"https:\/\/ecojardindesgrivauds.fr\/index.php?rest_route=%2Fwp%2Fv2%2Fcategories&post=4221"},{"taxonomy":"post_tag","embeddable":true,"href":"https:\/\/ecojardindesgrivauds.fr\/index.php?rest_route=%2Fwp%2Fv2%2Ftags&post=4221"}],"curies":[{"name":"wp","href":"https:\/\/api.w.org\/{rel}","templated":true}]}}