{"id":4259,"date":"2020-01-19T10:44:19","date_gmt":"2020-01-19T09:44:19","guid":{"rendered":"http:\/\/ecojardindesgrivauds.fr\/?p=4259"},"modified":"2020-01-19T11:16:10","modified_gmt":"2020-01-19T10:16:10","slug":"semis-de-janvier-en-route-vers-le-printemps","status":"publish","type":"post","link":"https:\/\/ecojardindesgrivauds.fr\/?p=4259","title":{"rendered":"Semis de janvier :\u00a0en route vers le printemps !"},"content":{"rendered":"\n<div class=\"wp-block-image\"><figure class=\"alignleft size-medium\"><a href=\"http:\/\/ecojardindesgrivauds.fr\/wp-content\/uploads\/2020\/01\/2020-01-16_12-45-06.jpg\"><img decoding=\"async\" loading=\"lazy\" width=\"225\" height=\"300\" src=\"http:\/\/ecojardindesgrivauds.fr\/wp-content\/uploads\/2020\/01\/2020-01-16_12-45-06-225x300.jpg\" alt=\"\" class=\"wp-image-4269\" srcset=\"https:\/\/ecojardindesgrivauds.fr\/wp-content\/uploads\/2020\/01\/2020-01-16_12-45-06-225x300.jpg 225w, https:\/\/ecojardindesgrivauds.fr\/wp-content\/uploads\/2020\/01\/2020-01-16_12-45-06.jpg 768w\" sizes=\"(max-width: 225px) 100vw, 225px\" \/><\/a><figcaption>Semis de petits pois par Lucie<\/figcaption><\/figure><\/div>\n\n\n\n<p>Certes, on n&rsquo;a jamais r\u00e9ellement cess\u00e9 de semer pendant cet hiver, notamment des salades et de la m\u00e2che. Mais, l\u00e0, les choses s\u00e9rieuses commencent ! Oignons nouveaux, brocolis, roquette, \u00e7a c&rsquo;est du classique en janvier. Dans les nouveaut\u00e9s de l&rsquo;ann\u00e9e, il y a cet impressionnant semis de petits pois en mottes ! \u00c0 raison d&rsquo;une graine par motte, on a rempli 18 plateaux de 112 mottes ! L&rsquo;id\u00e9e, c&rsquo;est de contourner nos probl\u00e8mes de semis direct \u00e0 cette p\u00e9riode ; m\u00eame avec une pr\u00e9-germination, les graines sont extr\u00eamement app\u00e9tantes pour notre faune du sol, qui nous \u00e9claircit dramatiquement le semis. Sans parler des limaces, qui viennent terminer le travail&#8230; Bref, on a souvent des bandes de petits pois faiblement remplies. Apr\u00e8s lev\u00e9e, la plantation consistera \u00e0 placer les mottes les unes contre les autres dans deux sillons s\u00e9par\u00e9s de 40cm. Pour compenser une densit\u00e9 plus faible que celle qui est pr\u00e9conis\u00e9e, on a choisi une vari\u00e9t\u00e9 \u00e0 plus forte croissance : le First Early May (pois \u00e0 ramer, 140 cm de hauteur). L&rsquo;ann\u00e9e derni\u00e8re, on avait test\u00e9 cette m\u00eame technique avec nos haricots \u00e0 rames et le r\u00e9sultat avait \u00e9t\u00e9 tr\u00e8s convainquant. Pour terminer cette tourn\u00e9e des semis de la semaine, n&rsquo;oublions pas notre premier semis de radis en serre. Pour le coup, la technique est tr\u00e8s simple : on utilise les sillons trac\u00e9s par des rangs de m\u00e2che apr\u00e8s r\u00e9colte et on s\u00e8me en ligne (en recouvrant les graines d&rsquo;un peu de compost de d\u00e9chets verts). On arrose et on attend&#8230;<\/p>\n\n\n\n<div class=\"wp-block-image\"><figure class=\"alignright size-medium\"><a href=\"http:\/\/ecojardindesgrivauds.fr\/wp-content\/uploads\/2020\/01\/2020-01-14_13-44-26.jpg\"><img decoding=\"async\" loading=\"lazy\" width=\"300\" height=\"200\" src=\"http:\/\/ecojardindesgrivauds.fr\/wp-content\/uploads\/2020\/01\/2020-01-14_13-44-26-300x200.jpg\" alt=\"\" class=\"wp-image-4267\" srcset=\"https:\/\/ecojardindesgrivauds.fr\/wp-content\/uploads\/2020\/01\/2020-01-14_13-44-26-300x200.jpg 300w, https:\/\/ecojardindesgrivauds.fr\/wp-content\/uploads\/2020\/01\/2020-01-14_13-44-26-768x512.jpg 768w, https:\/\/ecojardindesgrivauds.fr\/wp-content\/uploads\/2020\/01\/2020-01-14_13-44-26.jpg 1024w\" sizes=\"(max-width: 300px) 100vw, 300px\" \/><\/a><figcaption>Chantier de r\u00e9fection de notre toiture en t\u00f4le de l&rsquo;appentis de la bergerie.<\/figcaption><\/figure><\/div>\n\n\n\n<p>En dehors de ces quelques semis, la semaine a \u00e9t\u00e9 bien occup\u00e9e ! Lundi, on plante notre derni\u00e8re s\u00e9rie de m\u00e2ches de l&rsquo;ann\u00e9e. Bon, jusqu&rsquo;\u00e0 pr\u00e9sent, les plantations de janvier n&rsquo;ont jamais donn\u00e9 satisfaction, mais sait-on jamais ! Ensuite, on a refait le toit en t\u00f4le de l&rsquo;appentis de la bergerie. On en profite pour nettoyer, trier, ranger, jeter le cas \u00e9ch\u00e9ant, r\u00e9-organiser notre espace de travail, etc. Le r\u00e9sultat est pr\u00eat pour accueillir les pluies de vendredi : pour une fois, la vente \u00e0 la ferme sera pr\u00e9par\u00e9e au sec ! Mardi, on a re\u00e7u les nouvelles serres ! Le chantier commencera la semaine prochaine, si le gel n&rsquo;est pas trop fort&#8230; On continue \u00e0 d\u00e9sherber nos fraisiers (merci, merci Lucie pour ta patience !) et on poursuit la taille des haies. Histoire de nous occuper encore un peu plus, on a re\u00e7u deux visites cette semaine : celle d&rsquo;un des coordinateurs de la formation de Lucie (Cfppa du Morvan, Chateau-Chinon) jeudi, puis celle d&rsquo;un groupe de stagiaires du Cfppa de Neuvy, la formation dont sont issus Lili et Cl\u00e9ment, qu&rsquo;on ne vous pr\u00e9sente plus&#8230; Les questions fusent : on parle de Sol Vivant, d&rsquo;itin\u00e9raires techniques, de biodiversit\u00e9, de r\u00e9chauffement des sols, etc. Comme toujours, pour nous, le message est double : \u00e0 ceux qui ne connaissent que le travail du sol, on montre qu&rsquo;un autre mod\u00e8le est possible (nos m\u00e2ches, nos salades et nos choux en font la d\u00e9monstration), et \u00e0 ceux qui seraient d\u00e9j\u00e0 tent\u00e9s par cette voie, on rappelle que notre technique n&rsquo;est pas une panac\u00e9e et qu&rsquo;elle requiert \u00e0 la fois beaucoup de main d&rsquo;\u0153uvre et beaucoup de connaissances. <\/p>\n\n\n\n<p>Pour finir la semaine en beaut\u00e9, Sandrine et moi profitons d&rsquo;une invitation de la LPO de Moulins pour aller faire un tour dans la r\u00e9serve du Val d&rsquo;Allier pour admirer les grues qui s&rsquo;y sont install\u00e9es pour l&rsquo;hiver.<\/p>\n\n\n\n<p><em>\u00c0 la semaine prochaine !<\/em><\/p>\n\n\n\n<!-- index.php -->\n<div\n\tclass=\"ngg-galleryoverview ngg-ajax-pagination-none\"\n\tid=\"ngg-gallery-4a834a7bc657159d883f133873652c07-1\">\n\n    \t\t<!-- Thumbnails -->\n\t\t\t\t<div id=\"ngg-image-0\" class=\"ngg-gallery-thumbnail-box\" >\n\t\t\t\t        <div class=\"ngg-gallery-thumbnail\">\n            <a href=\"https:\/\/ecojardindesgrivauds.fr\/wp-content\/gallery\/2020_01_19-premiers-semis\/2020-01-13_16-16-03.jpg\"\n               title=\"Derni\u00e8re plantation de m\u00e2che de la saison : Lili et Cl\u00e9ment \u00e0 la man\u0153uvre (comme \u00e7a, si \u00e7a ne marche pas, on pourra dire que c&#039;est de leur faute).\"\n               data-src=\"https:\/\/ecojardindesgrivauds.fr\/wp-content\/gallery\/2020_01_19-premiers-semis\/2020-01-13_16-16-03.jpg\"\n               data-thumbnail=\"https:\/\/ecojardindesgrivauds.fr\/wp-content\/gallery\/2020_01_19-premiers-semis\/thumbs\/thumbs_2020-01-13_16-16-03.jpg\"\n               data-image-id=\"1333\"\n               data-title=\"2020-01-13_16-16-03\"\n               data-description=\"Derni\u00e8re plantation de m\u00e2che de la saison : Lili et Cl\u00e9ment \u00e0 la man\u0153uvre (comme \u00e7a, si \u00e7a ne marche pas, on pourra dire que c&#039;est de leur faute).\"\n               data-image-slug=\"2020-01-13_16-16-03\"\n               class=\"ngg-fancybox\" rel=\"4a834a7bc657159d883f133873652c07\">\n                <img\n                    title=\"2020-01-13_16-16-03\"\n                    alt=\"2020-01-13_16-16-03\"\n                    src=\"https:\/\/ecojardindesgrivauds.fr\/wp-content\/gallery\/2020_01_19-premiers-semis\/thumbs\/thumbs_2020-01-13_16-16-03.jpg\"\n                    width=\"240\"\n                    height=\"160\"\n                    style=\"max-width:100%;\"\n                \/>\n            <\/a>\n        <\/div>\n\t\t\t\t\t\t\t<\/div> \n\t\t\t\n        \n\t\t\t\t<div id=\"ngg-image-1\" class=\"ngg-gallery-thumbnail-box\" >\n\t\t\t\t        <div class=\"ngg-gallery-thumbnail\">\n            <a href=\"https:\/\/ecojardindesgrivauds.fr\/wp-content\/gallery\/2020_01_19-premiers-semis\/2020-01-13_16-16-50.jpg\"\n               title=\"Ou alors que c&#039;est de la faute de Mi-Roux, qui marche sur les plantations.\"\n               data-src=\"https:\/\/ecojardindesgrivauds.fr\/wp-content\/gallery\/2020_01_19-premiers-semis\/2020-01-13_16-16-50.jpg\"\n               data-thumbnail=\"https:\/\/ecojardindesgrivauds.fr\/wp-content\/gallery\/2020_01_19-premiers-semis\/thumbs\/thumbs_2020-01-13_16-16-50.jpg\"\n               data-image-id=\"1334\"\n               data-title=\"2020-01-13_16-16-50\"\n               data-description=\"Ou alors que c&#039;est de la faute de Mi-Roux, qui marche sur les plantations.\"\n               data-image-slug=\"2020-01-13_16-16-50\"\n               class=\"ngg-fancybox\" rel=\"4a834a7bc657159d883f133873652c07\">\n                <img\n                    title=\"2020-01-13_16-16-50\"\n                    alt=\"2020-01-13_16-16-50\"\n                    src=\"https:\/\/ecojardindesgrivauds.fr\/wp-content\/gallery\/2020_01_19-premiers-semis\/thumbs\/thumbs_2020-01-13_16-16-50.jpg\"\n                    width=\"240\"\n                    height=\"160\"\n                    style=\"max-width:100%;\"\n                \/>\n            <\/a>\n        <\/div>\n\t\t\t\t\t\t\t<\/div> \n\t\t\t\n        \n\t\t\t\t<div id=\"ngg-image-2\" class=\"ngg-gallery-thumbnail-box\" >\n\t\t\t\t        <div class=\"ngg-gallery-thumbnail\">\n            <a href=\"https:\/\/ecojardindesgrivauds.fr\/wp-content\/gallery\/2020_01_19-premiers-semis\/2020-01-14_10-09-00.jpg\"\n               title=\"Re-paillage de passe-pieds : on d\u00e9lite la paille au dessus d&#039;une claie pour \u00e9liminer le grain.\"\n               data-src=\"https:\/\/ecojardindesgrivauds.fr\/wp-content\/gallery\/2020_01_19-premiers-semis\/2020-01-14_10-09-00.jpg\"\n               data-thumbnail=\"https:\/\/ecojardindesgrivauds.fr\/wp-content\/gallery\/2020_01_19-premiers-semis\/thumbs\/thumbs_2020-01-14_10-09-00.jpg\"\n               data-image-id=\"1335\"\n               data-title=\"2020-01-14_10-09-00\"\n               data-description=\"Re-paillage de passe-pieds : on d\u00e9lite la paille au dessus d&#039;une claie pour \u00e9liminer le grain.\"\n               data-image-slug=\"2020-01-14_10-09-00\"\n               class=\"ngg-fancybox\" rel=\"4a834a7bc657159d883f133873652c07\">\n                <img\n                    title=\"2020-01-14_10-09-00\"\n                    alt=\"2020-01-14_10-09-00\"\n                    src=\"https:\/\/ecojardindesgrivauds.fr\/wp-content\/gallery\/2020_01_19-premiers-semis\/thumbs\/thumbs_2020-01-14_10-09-00.jpg\"\n                    width=\"240\"\n                    height=\"160\"\n                    style=\"max-width:100%;\"\n                \/>\n            <\/a>\n        <\/div>\n\t\t\t\t\t\t\t<\/div> \n\t\t\t\n        \n\t\t\t\t<div id=\"ngg-image-3\" class=\"ngg-gallery-thumbnail-box\" >\n\t\t\t\t        <div class=\"ngg-gallery-thumbnail\">\n            <a href=\"https:\/\/ecojardindesgrivauds.fr\/wp-content\/gallery\/2020_01_19-premiers-semis\/2020-01-14_10-10-16.jpg\"\n               title=\"\"\n               data-src=\"https:\/\/ecojardindesgrivauds.fr\/wp-content\/gallery\/2020_01_19-premiers-semis\/2020-01-14_10-10-16.jpg\"\n               data-thumbnail=\"https:\/\/ecojardindesgrivauds.fr\/wp-content\/gallery\/2020_01_19-premiers-semis\/thumbs\/thumbs_2020-01-14_10-10-16.jpg\"\n               data-image-id=\"1336\"\n               data-title=\"2020-01-14_10-10-16\"\n               data-description=\"\"\n               data-image-slug=\"2020-01-14_10-10-16\"\n               class=\"ngg-fancybox\" rel=\"4a834a7bc657159d883f133873652c07\">\n                <img\n                    title=\"2020-01-14_10-10-16\"\n                    alt=\"2020-01-14_10-10-16\"\n                    src=\"https:\/\/ecojardindesgrivauds.fr\/wp-content\/gallery\/2020_01_19-premiers-semis\/thumbs\/thumbs_2020-01-14_10-10-16.jpg\"\n                    width=\"240\"\n                    height=\"160\"\n                    style=\"max-width:100%;\"\n                \/>\n            <\/a>\n        <\/div>\n\t\t\t\t\t\t\t<\/div> \n\t\t\t\n        \n\t\t\t\t<div id=\"ngg-image-4\" class=\"ngg-gallery-thumbnail-box\" >\n\t\t\t\t        <div class=\"ngg-gallery-thumbnail\">\n            <a href=\"https:\/\/ecojardindesgrivauds.fr\/wp-content\/gallery\/2020_01_19-premiers-semis\/2020-01-14_12-09-27.jpg\"\n               title=\"Arceaux de nos nouvelles serres. Yapluka.\"\n               data-src=\"https:\/\/ecojardindesgrivauds.fr\/wp-content\/gallery\/2020_01_19-premiers-semis\/2020-01-14_12-09-27.jpg\"\n               data-thumbnail=\"https:\/\/ecojardindesgrivauds.fr\/wp-content\/gallery\/2020_01_19-premiers-semis\/thumbs\/thumbs_2020-01-14_12-09-27.jpg\"\n               data-image-id=\"1337\"\n               data-title=\"2020-01-14_12-09-27\"\n               data-description=\"Arceaux de nos nouvelles serres. Yapluka.\"\n               data-image-slug=\"2020-01-14_12-09-27\"\n               class=\"ngg-fancybox\" rel=\"4a834a7bc657159d883f133873652c07\">\n                <img\n                    title=\"2020-01-14_12-09-27\"\n                    alt=\"2020-01-14_12-09-27\"\n                    src=\"https:\/\/ecojardindesgrivauds.fr\/wp-content\/gallery\/2020_01_19-premiers-semis\/thumbs\/thumbs_2020-01-14_12-09-27.jpg\"\n                    width=\"240\"\n                    height=\"160\"\n                    style=\"max-width:100%;\"\n                \/>\n            <\/a>\n        <\/div>\n\t\t\t\t\t\t\t<\/div> \n\t\t\t\n        \n\t\t\t\t<div id=\"ngg-image-5\" class=\"ngg-gallery-thumbnail-box\" >\n\t\t\t\t        <div class=\"ngg-gallery-thumbnail\">\n            <a href=\"https:\/\/ecojardindesgrivauds.fr\/wp-content\/gallery\/2020_01_19-premiers-semis\/2020-01-14_17-02-43.jpg\"\n               title=\"Fiers de nos choux !\"\n               data-src=\"https:\/\/ecojardindesgrivauds.fr\/wp-content\/gallery\/2020_01_19-premiers-semis\/2020-01-14_17-02-43.jpg\"\n               data-thumbnail=\"https:\/\/ecojardindesgrivauds.fr\/wp-content\/gallery\/2020_01_19-premiers-semis\/thumbs\/thumbs_2020-01-14_17-02-43.jpg\"\n               data-image-id=\"1339\"\n               data-title=\"2020-01-14_17-02-43\"\n               data-description=\"Fiers de nos choux !\"\n               data-image-slug=\"2020-01-14_17-02-43\"\n               class=\"ngg-fancybox\" rel=\"4a834a7bc657159d883f133873652c07\">\n                <img\n                    title=\"2020-01-14_17-02-43\"\n                    alt=\"2020-01-14_17-02-43\"\n                    src=\"https:\/\/ecojardindesgrivauds.fr\/wp-content\/gallery\/2020_01_19-premiers-semis\/thumbs\/thumbs_2020-01-14_17-02-43.jpg\"\n                    width=\"240\"\n                    height=\"160\"\n                    style=\"max-width:100%;\"\n                \/>\n            <\/a>\n        <\/div>\n\t\t\t\t\t\t\t<\/div> \n\t\t\t\n        \n\t\t\t\t<div id=\"ngg-image-6\" class=\"ngg-gallery-thumbnail-box\" >\n\t\t\t\t        <div class=\"ngg-gallery-thumbnail\">\n            <a href=\"https:\/\/ecojardindesgrivauds.fr\/wp-content\/gallery\/2020_01_19-premiers-semis\/2020-01-16_16-58-11.jpg\"\n               title=\"Installation de notre toiture en polycarbonate : chantier r\u00e9serv\u00e9 \u00e0 ceux ou celles qui ont de grands bras. Denis est donc mis sur la touche.\"\n               data-src=\"https:\/\/ecojardindesgrivauds.fr\/wp-content\/gallery\/2020_01_19-premiers-semis\/2020-01-16_16-58-11.jpg\"\n               data-thumbnail=\"https:\/\/ecojardindesgrivauds.fr\/wp-content\/gallery\/2020_01_19-premiers-semis\/thumbs\/thumbs_2020-01-16_16-58-11.jpg\"\n               data-image-id=\"1341\"\n               data-title=\"2020-01-16_16-58-11\"\n               data-description=\"Installation de notre toiture en polycarbonate : chantier r\u00e9serv\u00e9 \u00e0 ceux ou celles qui ont de grands bras. Denis est donc mis sur la touche.\"\n               data-image-slug=\"2020-01-16_16-58-11\"\n               class=\"ngg-fancybox\" rel=\"4a834a7bc657159d883f133873652c07\">\n                <img\n                    title=\"2020-01-16_16-58-11\"\n                    alt=\"2020-01-16_16-58-11\"\n                    src=\"https:\/\/ecojardindesgrivauds.fr\/wp-content\/gallery\/2020_01_19-premiers-semis\/thumbs\/thumbs_2020-01-16_16-58-11.jpg\"\n                    width=\"240\"\n                    height=\"160\"\n                    style=\"max-width:100%;\"\n                \/>\n            <\/a>\n        <\/div>\n\t\t\t\t\t\t\t<\/div> \n\t\t\t\n        \n\t\t\t\t<div id=\"ngg-image-7\" class=\"ngg-gallery-thumbnail-box\" >\n\t\t\t\t        <div class=\"ngg-gallery-thumbnail\">\n            <a href=\"https:\/\/ecojardindesgrivauds.fr\/wp-content\/gallery\/2020_01_19-premiers-semis\/2020-01-18_13-04-55.jpg\"\n               title=\"Apr\u00e8s r\u00e9-am\u00e9nagement\"\n               data-src=\"https:\/\/ecojardindesgrivauds.fr\/wp-content\/gallery\/2020_01_19-premiers-semis\/2020-01-18_13-04-55.jpg\"\n               data-thumbnail=\"https:\/\/ecojardindesgrivauds.fr\/wp-content\/gallery\/2020_01_19-premiers-semis\/thumbs\/thumbs_2020-01-18_13-04-55.jpg\"\n               data-image-id=\"1343\"\n               data-title=\"2020-01-18_13-04-55\"\n               data-description=\"Apr\u00e8s r\u00e9-am\u00e9nagement\"\n               data-image-slug=\"2020-01-18_13-04-55\"\n               class=\"ngg-fancybox\" rel=\"4a834a7bc657159d883f133873652c07\">\n                <img\n                    title=\"2020-01-18_13-04-55\"\n                    alt=\"2020-01-18_13-04-55\"\n                    src=\"https:\/\/ecojardindesgrivauds.fr\/wp-content\/gallery\/2020_01_19-premiers-semis\/thumbs\/thumbs_2020-01-18_13-04-55.jpg\"\n                    width=\"240\"\n                    height=\"160\"\n                    style=\"max-width:100%;\"\n                \/>\n            <\/a>\n        <\/div>\n\t\t\t\t\t\t\t<\/div> \n\t\t\t\n        \n\t\t\t\t<div id=\"ngg-image-8\" class=\"ngg-gallery-thumbnail-box\" >\n\t\t\t\t        <div class=\"ngg-gallery-thumbnail\">\n            <a href=\"https:\/\/ecojardindesgrivauds.fr\/wp-content\/gallery\/2020_01_19-premiers-semis\/2020-01-17_17-14-16.jpg\"\n               title=\"Crapaud commun, vu dans les fraisiers\"\n               data-src=\"https:\/\/ecojardindesgrivauds.fr\/wp-content\/gallery\/2020_01_19-premiers-semis\/2020-01-17_17-14-16.jpg\"\n               data-thumbnail=\"https:\/\/ecojardindesgrivauds.fr\/wp-content\/gallery\/2020_01_19-premiers-semis\/thumbs\/thumbs_2020-01-17_17-14-16.jpg\"\n               data-image-id=\"1342\"\n               data-title=\"2020-01-17_17-14-16\"\n               data-description=\"Crapaud commun, vu dans les fraisiers\"\n               data-image-slug=\"2020-01-17_17-14-16\"\n               class=\"ngg-fancybox\" rel=\"4a834a7bc657159d883f133873652c07\">\n                <img\n                    title=\"2020-01-17_17-14-16\"\n                    alt=\"2020-01-17_17-14-16\"\n                    src=\"https:\/\/ecojardindesgrivauds.fr\/wp-content\/gallery\/2020_01_19-premiers-semis\/thumbs\/thumbs_2020-01-17_17-14-16.jpg\"\n                    width=\"240\"\n                    height=\"160\"\n                    style=\"max-width:100%;\"\n                \/>\n            <\/a>\n        <\/div>\n\t\t\t\t\t\t\t<\/div> \n\t\t\t\n        \n\t\t\t\t<div id=\"ngg-image-9\" class=\"ngg-gallery-thumbnail-box\" >\n\t\t\t\t        <div class=\"ngg-gallery-thumbnail\">\n            <a href=\"https:\/\/ecojardindesgrivauds.fr\/wp-content\/gallery\/2020_01_19-premiers-semis\/2020-01-18_15-54-43.jpg\"\n               title=\"Tiens, une v\u00e9ronique en fleur !\"\n               data-src=\"https:\/\/ecojardindesgrivauds.fr\/wp-content\/gallery\/2020_01_19-premiers-semis\/2020-01-18_15-54-43.jpg\"\n               data-thumbnail=\"https:\/\/ecojardindesgrivauds.fr\/wp-content\/gallery\/2020_01_19-premiers-semis\/thumbs\/thumbs_2020-01-18_15-54-43.jpg\"\n               data-image-id=\"1344\"\n               data-title=\"2020-01-18_15-54-43\"\n               data-description=\"Tiens, une v\u00e9ronique en fleur !\"\n               data-image-slug=\"2020-01-18_15-54-43\"\n               class=\"ngg-fancybox\" rel=\"4a834a7bc657159d883f133873652c07\">\n                <img\n                    title=\"2020-01-18_15-54-43\"\n                    alt=\"2020-01-18_15-54-43\"\n                    src=\"https:\/\/ecojardindesgrivauds.fr\/wp-content\/gallery\/2020_01_19-premiers-semis\/thumbs\/thumbs_2020-01-18_15-54-43.jpg\"\n                    width=\"240\"\n                    height=\"160\"\n                    style=\"max-width:100%;\"\n                \/>\n            <\/a>\n        <\/div>\n\t\t\t\t\t\t\t<\/div> \n\t\t\t\n        \n\t\t\t\t<div id=\"ngg-image-10\" class=\"ngg-gallery-thumbnail-box\" >\n\t\t\t\t        <div class=\"ngg-gallery-thumbnail\">\n            <a href=\"https:\/\/ecojardindesgrivauds.fr\/wp-content\/gallery\/2020_01_19-premiers-semis\/2020-01-18_16-25-29.jpg\"\n               title=\"Vu dans la R\u00e9serve du Val d&#039;Allier : un vol de grues cendr\u00e9es\"\n               data-src=\"https:\/\/ecojardindesgrivauds.fr\/wp-content\/gallery\/2020_01_19-premiers-semis\/2020-01-18_16-25-29.jpg\"\n               data-thumbnail=\"https:\/\/ecojardindesgrivauds.fr\/wp-content\/gallery\/2020_01_19-premiers-semis\/thumbs\/thumbs_2020-01-18_16-25-29.jpg\"\n               data-image-id=\"1345\"\n               data-title=\"2020-01-18_16-25-29\"\n               data-description=\"Vu dans la R\u00e9serve du Val d&#039;Allier : un vol de grues cendr\u00e9es\"\n               data-image-slug=\"2020-01-18_16-25-29\"\n               class=\"ngg-fancybox\" rel=\"4a834a7bc657159d883f133873652c07\">\n                <img\n                    title=\"2020-01-18_16-25-29\"\n                    alt=\"2020-01-18_16-25-29\"\n                    src=\"https:\/\/ecojardindesgrivauds.fr\/wp-content\/gallery\/2020_01_19-premiers-semis\/thumbs\/thumbs_2020-01-18_16-25-29.jpg\"\n                    width=\"240\"\n                    height=\"160\"\n                    style=\"max-width:100%;\"\n                \/>\n            <\/a>\n        <\/div>\n\t\t\t\t\t\t\t<\/div> \n\t\t\t\n        \n\t\t\n\t\t<!-- Pagination -->\n\t<div class='ngg-clear'><\/div>\t<\/div>\n\n","protected":false},"excerpt":{"rendered":"<p>Certes, on n&rsquo;a jamais r\u00e9ellement cess\u00e9 de semer pendant cet hiver, notamment des salades et de la m\u00e2che. Mais, l\u00e0, les choses s\u00e9rieuses commencent ! Oignons nouveaux, brocolis, roquette, \u00e7a c&rsquo;est du classique en janvier. Dans les nouveaut\u00e9s de l&rsquo;ann\u00e9e, il y a cet impressionnant semis de petits pois en mottes ! \u00c0 raison d&rsquo;une &hellip; <\/p>\n<p class=\"link-more\"><a href=\"https:\/\/ecojardindesgrivauds.fr\/?p=4259\" class=\"more-link\">Continuer la lecture<span class=\"screen-reader-text\"> de &laquo;&nbsp;Semis de janvier :\u00a0en route vers le printemps !&nbsp;&raquo;<\/span><\/a><\/p>\n","protected":false},"author":1,"featured_media":0,"comment_status":"open","ping_status":"open","sticky":false,"template":"","format":"standard","meta":{"ngg_post_thumbnail":0},"categories":[1],"tags":[],"_links":{"self":[{"href":"https:\/\/ecojardindesgrivauds.fr\/index.php?rest_route=\/wp\/v2\/posts\/4259"}],"collection":[{"href":"https:\/\/ecojardindesgrivauds.fr\/index.php?rest_route=\/wp\/v2\/posts"}],"about":[{"href":"https:\/\/ecojardindesgrivauds.fr\/index.php?rest_route=\/wp\/v2\/types\/post"}],"author":[{"embeddable":true,"href":"https:\/\/ecojardindesgrivauds.fr\/index.php?rest_route=\/wp\/v2\/users\/1"}],"replies":[{"embeddable":true,"href":"https:\/\/ecojardindesgrivauds.fr\/index.php?rest_route=%2Fwp%2Fv2%2Fcomments&post=4259"}],"version-history":[{"count":4,"href":"https:\/\/ecojardindesgrivauds.fr\/index.php?rest_route=\/wp\/v2\/posts\/4259\/revisions"}],"predecessor-version":[{"id":4290,"href":"https:\/\/ecojardindesgrivauds.fr\/index.php?rest_route=\/wp\/v2\/posts\/4259\/revisions\/4290"}],"wp:attachment":[{"href":"https:\/\/ecojardindesgrivauds.fr\/index.php?rest_route=%2Fwp%2Fv2%2Fmedia&parent=4259"}],"wp:term":[{"taxonomy":"category","embeddable":true,"href":"https:\/\/ecojardindesgrivauds.fr\/index.php?rest_route=%2Fwp%2Fv2%2Fcategories&post=4259"},{"taxonomy":"post_tag","embeddable":true,"href":"https:\/\/ecojardindesgrivauds.fr\/index.php?rest_route=%2Fwp%2Fv2%2Ftags&post=4259"}],"curies":[{"name":"wp","href":"https:\/\/api.w.org\/{rel}","templated":true}]}}