{"id":4550,"date":"2020-03-15T07:04:18","date_gmt":"2020-03-15T06:04:18","guid":{"rendered":"http:\/\/ecojardindesgrivauds.fr\/?p=4550"},"modified":"2020-03-15T08:35:12","modified_gmt":"2020-03-15T07:35:12","slug":"gardons-notre-calme","status":"publish","type":"post","link":"https:\/\/ecojardindesgrivauds.fr\/?p=4550","title":{"rendered":"Gardons notre calme !"},"content":{"rendered":"\n<div class=\"wp-block-image\"><figure class=\"alignright size-medium\"><a href=\"http:\/\/ecojardindesgrivauds.fr\/wp-content\/uploads\/2020\/03\/2020-03-13_17-10-13.jpg\"><img decoding=\"async\" loading=\"lazy\" width=\"300\" height=\"225\" src=\"http:\/\/ecojardindesgrivauds.fr\/wp-content\/uploads\/2020\/03\/2020-03-13_17-10-13-300x225.jpg\" alt=\"\" class=\"wp-image-4567\" srcset=\"https:\/\/ecojardindesgrivauds.fr\/wp-content\/uploads\/2020\/03\/2020-03-13_17-10-13-300x225.jpg 300w, https:\/\/ecojardindesgrivauds.fr\/wp-content\/uploads\/2020\/03\/2020-03-13_17-10-13-768x576.jpg 768w, https:\/\/ecojardindesgrivauds.fr\/wp-content\/uploads\/2020\/03\/2020-03-13_17-10-13.jpg 1024w\" sizes=\"(max-width: 300px) 100vw, 300px\" \/><\/a><figcaption>Nous, on a plus peur de cet animal que du COVID-19<\/figcaption><\/figure><\/div>\n\n\n\n<p>Mercredi, La Montagne titre en une \u00abGardons notre calme !\u00bb. Nous, c&rsquo;est exactement ce qu&rsquo;on se dit tous les jours lorsqu&rsquo;on voit Mi-Roux marcher dans les caisses de plants ou s&rsquo;allonger sur les oignons fra\u00eechement repiqu\u00e9s. C&rsquo;est ce qu&rsquo;on a essay\u00e9 de se dire aussi mercredi soir quand la boite de vitesse de notre vieux camion rouge a rendu l&rsquo;\u00e2me&#8230; Ah mais non, dans le journal, ils font r\u00e9f\u00e9rence au Coronavirus, pardon ! Ce sont les m\u00eames qui appellent \u00e0 garder notre sang-froid alors que \u00e7a fait des jours que toutes leurs unes font monter la mayonnaise. Marrant d&rsquo;ailleurs comment on a l&rsquo;inqui\u00e9tude s\u00e9lective. Un virus ressemblant \u00e0 une m\u00e9chante grippe suffit \u00e0 coller tout le monde en \u00e9tat d&rsquo;alerte et de grosses mesures de pr\u00e9caution sont prises. Par contre, le r\u00e9chauffement climatique, \u00e7a va ! Depuis le 5 mars, <a href=\"https:\/\/reporterre.net\/Depuis-ce-matin-la-France-est-a-decouvert-climatique\">la France vit \u00e0 \u00abd\u00e9couvert climatique\u00bb<\/a>, c&rsquo;est-\u00e0-dire qu&rsquo;elle a d\u00e9j\u00e0 \u00e9mis plus de CO2 en 9 semaines qu&rsquo;elle ne devrait le faire en un an si elle voulait respecter ses objectifs de neutralit\u00e9 carbone. \u00c0 mon humble avis, il est bien plus probable de vivre de longues canicules\/s\u00e9cheresses\/incendies dans les ann\u00e9es \u00e0 venir que d&rsquo;attraper le Coronavirus. Mais pendant ce temps-l\u00e0, les camions continuent \u00e0 sillonner la France et les avions d\u00e9collent (<a href=\"https:\/\/www.bastamag.net\/coronavirus-COVID19-compagnies-aeriennes-vol-avions-vide-aberration-defi-climatique\">il para\u00eet m\u00eame que certains volent \u00e0 vide<\/a>). Cherchez pas, c&rsquo;est compliqu\u00e9. Comble du comble, on nous prive de nos rares sorties : le concert de la fanfare et de la chorale est annul\u00e9. Il va falloir donc arr\u00eater de vivre pour survivre&#8230;<\/p>\n\n\n\n<p>C&rsquo;est dommage que La Montagne ait titr\u00e9 sur l&rsquo;\u00e9pid\u00e9mie ce jour-l\u00e0, parce qu&rsquo;ils avaient tout de m\u00eame du contenu int\u00e9ressant en pages 2 et 3 : <a href=\"https:\/\/www.lamontagne.fr\/gouise-03340\/actualites\/immersion-dans-une-exploitation-a-gouise-allier-qui-travaille-en-agriculture-de-conservation_13755265\/\">un bel article sur l&rsquo;agriculture de conservation dans l&rsquo;Allier<\/a> ! Avec un carabe en photo ! Et des gens qui vous expliquent que c&rsquo;est une bonne id\u00e9e de \u00ablaisser le sol tranquille\u00bb, que \u00e7a leur permet de diminuer leur bilan carbone et de r\u00e9duire leur consommation de produits phyto. On nous explique m\u00eame qu&rsquo;un ravageur comme la m\u00e9lig\u00e8the (parasite du colza) peut aussi \u00eatre un auxiliaire pollinisateur. Bigre ! Des insectes qui seraient tant\u00f4t m\u00e9chants tant\u00f4t sympas, \u00e7a existe donc ? Un peu plus et on serait capable de nous dire du bien des limaces&#8230; Bon d&rsquo;accord, l&rsquo;agriculture de conservation utilise aussi pas mal de glyphosate. Dans ses conf\u00e9rences, Fran\u00e7ois Mulet (un des pionniers du MSV en France) aime bien demander \u00e0 l&rsquo;assistance : \u00abqu&rsquo;est-ce qui pollue le plus ? Un coup de glypho ou un coup de charrue ?\u00bb Cherchez pas, c&rsquo;est compliqu\u00e9 (bis).<\/p>\n\n\n\n<div class=\"wp-block-image\"><figure class=\"alignleft size-medium\"><a href=\"http:\/\/ecojardindesgrivauds.fr\/wp-content\/uploads\/2020\/03\/2020-03-09_12-34-21.jpg\"><img decoding=\"async\" loading=\"lazy\" width=\"300\" height=\"225\" src=\"http:\/\/ecojardindesgrivauds.fr\/wp-content\/uploads\/2020\/03\/2020-03-09_12-34-21-300x225.jpg\" alt=\"\" class=\"wp-image-4553\" srcset=\"https:\/\/ecojardindesgrivauds.fr\/wp-content\/uploads\/2020\/03\/2020-03-09_12-34-21-300x225.jpg 300w, https:\/\/ecojardindesgrivauds.fr\/wp-content\/uploads\/2020\/03\/2020-03-09_12-34-21-768x576.jpg 768w, https:\/\/ecojardindesgrivauds.fr\/wp-content\/uploads\/2020\/03\/2020-03-09_12-34-21.jpg 1024w\" sizes=\"(max-width: 300px) 100vw, 300px\" \/><\/a><figcaption>Plantation de choux-fleurs avec C\u00e9cile et Denis<\/figcaption><\/figure><\/div>\n\n\n\n<p>Bon, nous, on a tranch\u00e9 : ce sera ni l&rsquo;un ni l&rsquo;autre. Mais des fois, \u00e7a s&rsquo;enherbe un peu, m\u00eame malgr\u00e9 la paille. Alors, on intervient, soit manuellement, soit par occultation (on met une b\u00e2che sur le sol). Impossible sur une grande culture de proc\u00e9der ainsi, c&rsquo;est pour cela que vous ne trouverez quasiment aucun paysan qui soit \u00e0 la fois en agriculture de conservation et en bio&#8230; \u00c7a viendra peut-\u00eatre plus tard, souhaitons-le. Revenons \u00e0 nos cultures. Dans notre champ, les planches occult\u00e9es en 2018 sont encore plut\u00f4t propres. On en nettoie une rapidement (un peu de renoncule, un peu de carex, un peu de pissenlit), on la paille et hop ! c&rsquo;est pr\u00eat pour notre premi\u00e8re plantation de plein champ de l&rsquo;ann\u00e9e ! \u00c0 la man\u0153uvre, nos deux premiers wwoofeurs de la saison : Denis et C\u00e9cile. Tous les deux sont en d\u00e9marche d&rsquo;installation et se forment en attendant le grand saut. Solides jardiniers, ils ont d\u00e9j\u00e0 beaucoup de connaissances et on \u00e9change autour de nombreux sujets. Mine de rien, on a plant\u00e9 pas mal de choses ensemble : des fenouils, des brocolis, des choux-fleurs, des choux-rouges, des salades et des \u00e9pinards. Ils ont go\u00fbt\u00e9 aux joies du paillage en plein champ, sans sourciller &#8211; on sent qu&rsquo;on a affaire \u00e0 des sportifs. Les pignons des serres 6 et 7 sont mont\u00e9s, les derniers radis sous serre sont sem\u00e9s, les rhubarbes sont plant\u00e9es ; bref, une semaine bien productive, encore une fois !<\/p>\n\n\n\n<p><em>\u00c0 la semaine prochaine !<\/em><\/p>\n\n\n\n<!-- index.php -->\n<div\n\tclass=\"ngg-galleryoverview ngg-ajax-pagination-none\"\n\tid=\"ngg-gallery-d4b95927bb8190396fbfc141c0b11ac1-1\">\n\n    \t\t<!-- Thumbnails -->\n\t\t\t\t<div id=\"ngg-image-0\" class=\"ngg-gallery-thumbnail-box\" >\n\t\t\t\t        <div class=\"ngg-gallery-thumbnail\">\n            <a href=\"https:\/\/ecojardindesgrivauds.fr\/wp-content\/gallery\/2020_03_15-premiers-wwoofeurs-2020\/2020-03-09_15-54-34.jpg\"\n               title=\"D\u00e9but de semaine avec Lili et Cl\u00e9ment :\u00a0montage des pignons des serres 6 et 7\"\n               data-src=\"https:\/\/ecojardindesgrivauds.fr\/wp-content\/gallery\/2020_03_15-premiers-wwoofeurs-2020\/2020-03-09_15-54-34.jpg\"\n               data-thumbnail=\"https:\/\/ecojardindesgrivauds.fr\/wp-content\/gallery\/2020_03_15-premiers-wwoofeurs-2020\/thumbs\/thumbs_2020-03-09_15-54-34.jpg\"\n               data-image-id=\"1434\"\n               data-title=\"2020-03-09_15-54-34\"\n               data-description=\"D\u00e9but de semaine avec Lili et Cl\u00e9ment :\u00a0montage des pignons des serres 6 et 7\"\n               data-image-slug=\"2020-03-09_15-54-34\"\n               class=\"ngg-fancybox\" rel=\"d4b95927bb8190396fbfc141c0b11ac1\">\n                <img\n                    title=\"2020-03-09_15-54-34\"\n                    alt=\"2020-03-09_15-54-34\"\n                    src=\"https:\/\/ecojardindesgrivauds.fr\/wp-content\/gallery\/2020_03_15-premiers-wwoofeurs-2020\/thumbs\/thumbs_2020-03-09_15-54-34.jpg\"\n                    width=\"240\"\n                    height=\"160\"\n                    style=\"max-width:100%;\"\n                \/>\n            <\/a>\n        <\/div>\n\t\t\t\t\t\t\t<\/div> \n\t\t\t\n        \n\t\t\t\t<div id=\"ngg-image-1\" class=\"ngg-gallery-thumbnail-box\" >\n\t\t\t\t        <div class=\"ngg-gallery-thumbnail\">\n            <a href=\"https:\/\/ecojardindesgrivauds.fr\/wp-content\/gallery\/2020_03_15-premiers-wwoofeurs-2020\/2020-03-09_15-54-45.jpg\"\n               title=\"\"\n               data-src=\"https:\/\/ecojardindesgrivauds.fr\/wp-content\/gallery\/2020_03_15-premiers-wwoofeurs-2020\/2020-03-09_15-54-45.jpg\"\n               data-thumbnail=\"https:\/\/ecojardindesgrivauds.fr\/wp-content\/gallery\/2020_03_15-premiers-wwoofeurs-2020\/thumbs\/thumbs_2020-03-09_15-54-45.jpg\"\n               data-image-id=\"1435\"\n               data-title=\"2020-03-09_15-54-45\"\n               data-description=\"\"\n               data-image-slug=\"2020-03-09_15-54-45\"\n               class=\"ngg-fancybox\" rel=\"d4b95927bb8190396fbfc141c0b11ac1\">\n                <img\n                    title=\"2020-03-09_15-54-45\"\n                    alt=\"2020-03-09_15-54-45\"\n                    src=\"https:\/\/ecojardindesgrivauds.fr\/wp-content\/gallery\/2020_03_15-premiers-wwoofeurs-2020\/thumbs\/thumbs_2020-03-09_15-54-45.jpg\"\n                    width=\"240\"\n                    height=\"160\"\n                    style=\"max-width:100%;\"\n                \/>\n            <\/a>\n        <\/div>\n\t\t\t\t\t\t\t<\/div> \n\t\t\t\n        \n\t\t\t\t<div id=\"ngg-image-2\" class=\"ngg-gallery-thumbnail-box\" >\n\t\t\t\t        <div class=\"ngg-gallery-thumbnail\">\n            <a href=\"https:\/\/ecojardindesgrivauds.fr\/wp-content\/gallery\/2020_03_15-premiers-wwoofeurs-2020\/2020-03-09_12-34-56.jpg\"\n               title=\"\"\n               data-src=\"https:\/\/ecojardindesgrivauds.fr\/wp-content\/gallery\/2020_03_15-premiers-wwoofeurs-2020\/2020-03-09_12-34-56.jpg\"\n               data-thumbnail=\"https:\/\/ecojardindesgrivauds.fr\/wp-content\/gallery\/2020_03_15-premiers-wwoofeurs-2020\/thumbs\/thumbs_2020-03-09_12-34-56.jpg\"\n               data-image-id=\"1433\"\n               data-title=\"2020-03-09_12-34-56\"\n               data-description=\"\"\n               data-image-slug=\"2020-03-09_12-34-56\"\n               class=\"ngg-fancybox\" rel=\"d4b95927bb8190396fbfc141c0b11ac1\">\n                <img\n                    title=\"2020-03-09_12-34-56\"\n                    alt=\"2020-03-09_12-34-56\"\n                    src=\"https:\/\/ecojardindesgrivauds.fr\/wp-content\/gallery\/2020_03_15-premiers-wwoofeurs-2020\/thumbs\/thumbs_2020-03-09_12-34-56.jpg\"\n                    width=\"240\"\n                    height=\"160\"\n                    style=\"max-width:100%;\"\n                \/>\n            <\/a>\n        <\/div>\n\t\t\t\t\t\t\t<\/div> \n\t\t\t\n        \n\t\t\t\t<div id=\"ngg-image-3\" class=\"ngg-gallery-thumbnail-box\" >\n\t\t\t\t        <div class=\"ngg-gallery-thumbnail\">\n            <a href=\"https:\/\/ecojardindesgrivauds.fr\/wp-content\/gallery\/2020_03_15-premiers-wwoofeurs-2020\/2020-03-09_15-54-59.jpg\"\n               title=\"Denis arrose les brocolis et les choux-fleurs fra\u00eechement repiqu\u00e9s.\"\n               data-src=\"https:\/\/ecojardindesgrivauds.fr\/wp-content\/gallery\/2020_03_15-premiers-wwoofeurs-2020\/2020-03-09_15-54-59.jpg\"\n               data-thumbnail=\"https:\/\/ecojardindesgrivauds.fr\/wp-content\/gallery\/2020_03_15-premiers-wwoofeurs-2020\/thumbs\/thumbs_2020-03-09_15-54-59.jpg\"\n               data-image-id=\"1436\"\n               data-title=\"2020-03-09_15-54-59\"\n               data-description=\"Denis arrose les brocolis et les choux-fleurs fra\u00eechement repiqu\u00e9s.\"\n               data-image-slug=\"2020-03-09_15-54-59\"\n               class=\"ngg-fancybox\" rel=\"d4b95927bb8190396fbfc141c0b11ac1\">\n                <img\n                    title=\"2020-03-09_15-54-59\"\n                    alt=\"2020-03-09_15-54-59\"\n                    src=\"https:\/\/ecojardindesgrivauds.fr\/wp-content\/gallery\/2020_03_15-premiers-wwoofeurs-2020\/thumbs\/thumbs_2020-03-09_15-54-59.jpg\"\n                    width=\"240\"\n                    height=\"160\"\n                    style=\"max-width:100%;\"\n                \/>\n            <\/a>\n        <\/div>\n\t\t\t\t\t\t\t<\/div> \n\t\t\t\n        \n\t\t\t\t<div id=\"ngg-image-4\" class=\"ngg-gallery-thumbnail-box\" >\n\t\t\t\t        <div class=\"ngg-gallery-thumbnail\">\n            <a href=\"https:\/\/ecojardindesgrivauds.fr\/wp-content\/gallery\/2020_03_15-premiers-wwoofeurs-2020\/2020-03-10_12-58-54.jpg\"\n               title=\"Semis de fenouils par Lili\"\n               data-src=\"https:\/\/ecojardindesgrivauds.fr\/wp-content\/gallery\/2020_03_15-premiers-wwoofeurs-2020\/2020-03-10_12-58-54.jpg\"\n               data-thumbnail=\"https:\/\/ecojardindesgrivauds.fr\/wp-content\/gallery\/2020_03_15-premiers-wwoofeurs-2020\/thumbs\/thumbs_2020-03-10_12-58-54.jpg\"\n               data-image-id=\"1437\"\n               data-title=\"2020-03-10_12-58-54\"\n               data-description=\"Semis de fenouils par Lili\"\n               data-image-slug=\"2020-03-10_12-58-54\"\n               class=\"ngg-fancybox\" rel=\"d4b95927bb8190396fbfc141c0b11ac1\">\n                <img\n                    title=\"2020-03-10_12-58-54\"\n                    alt=\"2020-03-10_12-58-54\"\n                    src=\"https:\/\/ecojardindesgrivauds.fr\/wp-content\/gallery\/2020_03_15-premiers-wwoofeurs-2020\/thumbs\/thumbs_2020-03-10_12-58-54.jpg\"\n                    width=\"240\"\n                    height=\"160\"\n                    style=\"max-width:100%;\"\n                \/>\n            <\/a>\n        <\/div>\n\t\t\t\t\t\t\t<\/div> \n\t\t\t\n        \n\t\t\t\t<div id=\"ngg-image-5\" class=\"ngg-gallery-thumbnail-box\" >\n\t\t\t\t        <div class=\"ngg-gallery-thumbnail\">\n            <a href=\"https:\/\/ecojardindesgrivauds.fr\/wp-content\/gallery\/2020_03_15-premiers-wwoofeurs-2020\/2020-03-10_13-00-11.jpg\"\n               title=\"Il est beau notre plant de persil !\"\n               data-src=\"https:\/\/ecojardindesgrivauds.fr\/wp-content\/gallery\/2020_03_15-premiers-wwoofeurs-2020\/2020-03-10_13-00-11.jpg\"\n               data-thumbnail=\"https:\/\/ecojardindesgrivauds.fr\/wp-content\/gallery\/2020_03_15-premiers-wwoofeurs-2020\/thumbs\/thumbs_2020-03-10_13-00-11.jpg\"\n               data-image-id=\"1438\"\n               data-title=\"2020-03-10_13-00-11\"\n               data-description=\"Il est beau notre plant de persil !\"\n               data-image-slug=\"2020-03-10_13-00-11\"\n               class=\"ngg-fancybox\" rel=\"d4b95927bb8190396fbfc141c0b11ac1\">\n                <img\n                    title=\"2020-03-10_13-00-11\"\n                    alt=\"2020-03-10_13-00-11\"\n                    src=\"https:\/\/ecojardindesgrivauds.fr\/wp-content\/gallery\/2020_03_15-premiers-wwoofeurs-2020\/thumbs\/thumbs_2020-03-10_13-00-11.jpg\"\n                    width=\"240\"\n                    height=\"160\"\n                    style=\"max-width:100%;\"\n                \/>\n            <\/a>\n        <\/div>\n\t\t\t\t\t\t\t<\/div> \n\t\t\t\n        \n\t\t\t\t<div id=\"ngg-image-6\" class=\"ngg-gallery-thumbnail-box\" >\n\t\t\t\t        <div class=\"ngg-gallery-thumbnail\">\n            <a href=\"https:\/\/ecojardindesgrivauds.fr\/wp-content\/gallery\/2020_03_15-premiers-wwoofeurs-2020\/2020-03-11_10-12-00.jpg\"\n               title=\"R\u00e9colte de m\u00e2ches\"\n               data-src=\"https:\/\/ecojardindesgrivauds.fr\/wp-content\/gallery\/2020_03_15-premiers-wwoofeurs-2020\/2020-03-11_10-12-00.jpg\"\n               data-thumbnail=\"https:\/\/ecojardindesgrivauds.fr\/wp-content\/gallery\/2020_03_15-premiers-wwoofeurs-2020\/thumbs\/thumbs_2020-03-11_10-12-00.jpg\"\n               data-image-id=\"1439\"\n               data-title=\"2020-03-11_10-12-00\"\n               data-description=\"R\u00e9colte de m\u00e2ches\"\n               data-image-slug=\"2020-03-11_10-12-00\"\n               class=\"ngg-fancybox\" rel=\"d4b95927bb8190396fbfc141c0b11ac1\">\n                <img\n                    title=\"2020-03-11_10-12-00\"\n                    alt=\"2020-03-11_10-12-00\"\n                    src=\"https:\/\/ecojardindesgrivauds.fr\/wp-content\/gallery\/2020_03_15-premiers-wwoofeurs-2020\/thumbs\/thumbs_2020-03-11_10-12-00.jpg\"\n                    width=\"240\"\n                    height=\"160\"\n                    style=\"max-width:100%;\"\n                \/>\n            <\/a>\n        <\/div>\n\t\t\t\t\t\t\t<\/div> \n\t\t\t\n        \n\t\t\t\t<div id=\"ngg-image-7\" class=\"ngg-gallery-thumbnail-box\" >\n\t\t\t\t        <div class=\"ngg-gallery-thumbnail\">\n            <a href=\"https:\/\/ecojardindesgrivauds.fr\/wp-content\/gallery\/2020_03_15-premiers-wwoofeurs-2020\/2020-03-12_13-04-00.jpg\"\n               title=\"Premier paillage en plein champ !\"\n               data-src=\"https:\/\/ecojardindesgrivauds.fr\/wp-content\/gallery\/2020_03_15-premiers-wwoofeurs-2020\/2020-03-12_13-04-00.jpg\"\n               data-thumbnail=\"https:\/\/ecojardindesgrivauds.fr\/wp-content\/gallery\/2020_03_15-premiers-wwoofeurs-2020\/thumbs\/thumbs_2020-03-12_13-04-00.jpg\"\n               data-image-id=\"1440\"\n               data-title=\"2020-03-12_13-04-00\"\n               data-description=\"Premier paillage en plein champ !\"\n               data-image-slug=\"2020-03-12_13-04-00\"\n               class=\"ngg-fancybox\" rel=\"d4b95927bb8190396fbfc141c0b11ac1\">\n                <img\n                    title=\"2020-03-12_13-04-00\"\n                    alt=\"2020-03-12_13-04-00\"\n                    src=\"https:\/\/ecojardindesgrivauds.fr\/wp-content\/gallery\/2020_03_15-premiers-wwoofeurs-2020\/thumbs\/thumbs_2020-03-12_13-04-00.jpg\"\n                    width=\"240\"\n                    height=\"160\"\n                    style=\"max-width:100%;\"\n                \/>\n            <\/a>\n        <\/div>\n\t\t\t\t\t\t\t<\/div> \n\t\t\t\n        \n\t\t\t\t<div id=\"ngg-image-8\" class=\"ngg-gallery-thumbnail-box\" >\n\t\t\t\t        <div class=\"ngg-gallery-thumbnail\">\n            <a href=\"https:\/\/ecojardindesgrivauds.fr\/wp-content\/gallery\/2020_03_15-premiers-wwoofeurs-2020\/2020-03-12_18-06-05.jpg\"\n               title=\"\"\n               data-src=\"https:\/\/ecojardindesgrivauds.fr\/wp-content\/gallery\/2020_03_15-premiers-wwoofeurs-2020\/2020-03-12_18-06-05.jpg\"\n               data-thumbnail=\"https:\/\/ecojardindesgrivauds.fr\/wp-content\/gallery\/2020_03_15-premiers-wwoofeurs-2020\/thumbs\/thumbs_2020-03-12_18-06-05.jpg\"\n               data-image-id=\"1441\"\n               data-title=\"2020-03-12_18-06-05\"\n               data-description=\"\"\n               data-image-slug=\"2020-03-12_18-06-05\"\n               class=\"ngg-fancybox\" rel=\"d4b95927bb8190396fbfc141c0b11ac1\">\n                <img\n                    title=\"2020-03-12_18-06-05\"\n                    alt=\"2020-03-12_18-06-05\"\n                    src=\"https:\/\/ecojardindesgrivauds.fr\/wp-content\/gallery\/2020_03_15-premiers-wwoofeurs-2020\/thumbs\/thumbs_2020-03-12_18-06-05.jpg\"\n                    width=\"240\"\n                    height=\"160\"\n                    style=\"max-width:100%;\"\n                \/>\n            <\/a>\n        <\/div>\n\t\t\t\t\t\t\t<\/div> \n\t\t\t\n        \n\t\t\t\t<div id=\"ngg-image-9\" class=\"ngg-gallery-thumbnail-box\" >\n\t\t\t\t        <div class=\"ngg-gallery-thumbnail\">\n            <a href=\"https:\/\/ecojardindesgrivauds.fr\/wp-content\/gallery\/2020_03_15-premiers-wwoofeurs-2020\/2020-03-13_11-22-01.jpg\"\n               title=\"Plantation d&#039;\u00e9pinards\"\n               data-src=\"https:\/\/ecojardindesgrivauds.fr\/wp-content\/gallery\/2020_03_15-premiers-wwoofeurs-2020\/2020-03-13_11-22-01.jpg\"\n               data-thumbnail=\"https:\/\/ecojardindesgrivauds.fr\/wp-content\/gallery\/2020_03_15-premiers-wwoofeurs-2020\/thumbs\/thumbs_2020-03-13_11-22-01.jpg\"\n               data-image-id=\"1442\"\n               data-title=\"2020-03-13_11-22-01\"\n               data-description=\"Plantation d&#039;\u00e9pinards\"\n               data-image-slug=\"2020-03-13_11-22-01\"\n               class=\"ngg-fancybox\" rel=\"d4b95927bb8190396fbfc141c0b11ac1\">\n                <img\n                    title=\"2020-03-13_11-22-01\"\n                    alt=\"2020-03-13_11-22-01\"\n                    src=\"https:\/\/ecojardindesgrivauds.fr\/wp-content\/gallery\/2020_03_15-premiers-wwoofeurs-2020\/thumbs\/thumbs_2020-03-13_11-22-01.jpg\"\n                    width=\"240\"\n                    height=\"160\"\n                    style=\"max-width:100%;\"\n                \/>\n            <\/a>\n        <\/div>\n\t\t\t\t\t\t\t<\/div> \n\t\t\t\n        \n\t\t\t\t<div id=\"ngg-image-10\" class=\"ngg-gallery-thumbnail-box\" >\n\t\t\t\t        <div class=\"ngg-gallery-thumbnail\">\n            <a href=\"https:\/\/ecojardindesgrivauds.fr\/wp-content\/gallery\/2020_03_15-premiers-wwoofeurs-2020\/2020-03-14_15-25-59.jpg\"\n               title=\"Il y aura une derni\u00e8re coupe g\u00e9n\u00e9reuse des blettes avant montaison !\"\n               data-src=\"https:\/\/ecojardindesgrivauds.fr\/wp-content\/gallery\/2020_03_15-premiers-wwoofeurs-2020\/2020-03-14_15-25-59.jpg\"\n               data-thumbnail=\"https:\/\/ecojardindesgrivauds.fr\/wp-content\/gallery\/2020_03_15-premiers-wwoofeurs-2020\/thumbs\/thumbs_2020-03-14_15-25-59.jpg\"\n               data-image-id=\"1447\"\n               data-title=\"2020-03-14_15-25-59\"\n               data-description=\"Il y aura une derni\u00e8re coupe g\u00e9n\u00e9reuse des blettes avant montaison !\"\n               data-image-slug=\"2020-03-14_15-25-59\"\n               class=\"ngg-fancybox\" rel=\"d4b95927bb8190396fbfc141c0b11ac1\">\n                <img\n                    title=\"2020-03-14_15-25-59\"\n                    alt=\"2020-03-14_15-25-59\"\n                    src=\"https:\/\/ecojardindesgrivauds.fr\/wp-content\/gallery\/2020_03_15-premiers-wwoofeurs-2020\/thumbs\/thumbs_2020-03-14_15-25-59.jpg\"\n                    width=\"240\"\n                    height=\"160\"\n                    style=\"max-width:100%;\"\n                \/>\n            <\/a>\n        <\/div>\n\t\t\t\t\t\t\t<\/div> \n\t\t\t\n        \n\t\t\t\t<div id=\"ngg-image-11\" class=\"ngg-gallery-thumbnail-box\" >\n\t\t\t\t        <div class=\"ngg-gallery-thumbnail\">\n            <a href=\"https:\/\/ecojardindesgrivauds.fr\/wp-content\/gallery\/2020_03_15-premiers-wwoofeurs-2020\/2020-03-14_15-26-15.jpg\"\n               title=\"Les choux en serre 5 ont bien d\u00e9marr\u00e9 !\"\n               data-src=\"https:\/\/ecojardindesgrivauds.fr\/wp-content\/gallery\/2020_03_15-premiers-wwoofeurs-2020\/2020-03-14_15-26-15.jpg\"\n               data-thumbnail=\"https:\/\/ecojardindesgrivauds.fr\/wp-content\/gallery\/2020_03_15-premiers-wwoofeurs-2020\/thumbs\/thumbs_2020-03-14_15-26-15.jpg\"\n               data-image-id=\"1448\"\n               data-title=\"2020-03-14_15-26-15\"\n               data-description=\"Les choux en serre 5 ont bien d\u00e9marr\u00e9 !\"\n               data-image-slug=\"2020-03-14_15-26-15\"\n               class=\"ngg-fancybox\" rel=\"d4b95927bb8190396fbfc141c0b11ac1\">\n                <img\n                    title=\"2020-03-14_15-26-15\"\n                    alt=\"2020-03-14_15-26-15\"\n                    src=\"https:\/\/ecojardindesgrivauds.fr\/wp-content\/gallery\/2020_03_15-premiers-wwoofeurs-2020\/thumbs\/thumbs_2020-03-14_15-26-15.jpg\"\n                    width=\"240\"\n                    height=\"160\"\n                    style=\"max-width:100%;\"\n                \/>\n            <\/a>\n        <\/div>\n\t\t\t\t\t\t\t<\/div> \n\t\t\t\n        \n\t\t\t\t<div id=\"ngg-image-12\" class=\"ngg-gallery-thumbnail-box\" >\n\t\t\t\t        <div class=\"ngg-gallery-thumbnail\">\n            <a href=\"https:\/\/ecojardindesgrivauds.fr\/wp-content\/gallery\/2020_03_15-premiers-wwoofeurs-2020\/2020-03-14_18-40-46.jpg\"\n               title=\"Plantation de rhubarbes\"\n               data-src=\"https:\/\/ecojardindesgrivauds.fr\/wp-content\/gallery\/2020_03_15-premiers-wwoofeurs-2020\/2020-03-14_18-40-46.jpg\"\n               data-thumbnail=\"https:\/\/ecojardindesgrivauds.fr\/wp-content\/gallery\/2020_03_15-premiers-wwoofeurs-2020\/thumbs\/thumbs_2020-03-14_18-40-46.jpg\"\n               data-image-id=\"1449\"\n               data-title=\"2020-03-14_18-40-46\"\n               data-description=\"Plantation de rhubarbes\"\n               data-image-slug=\"2020-03-14_18-40-46\"\n               class=\"ngg-fancybox\" rel=\"d4b95927bb8190396fbfc141c0b11ac1\">\n                <img\n                    title=\"2020-03-14_18-40-46\"\n                    alt=\"2020-03-14_18-40-46\"\n                    src=\"https:\/\/ecojardindesgrivauds.fr\/wp-content\/gallery\/2020_03_15-premiers-wwoofeurs-2020\/thumbs\/thumbs_2020-03-14_18-40-46.jpg\"\n                    width=\"240\"\n                    height=\"160\"\n                    style=\"max-width:100%;\"\n                \/>\n            <\/a>\n        <\/div>\n\t\t\t\t\t\t\t<\/div> \n\t\t\t\n        \n\t\t\t\t<div id=\"ngg-image-13\" class=\"ngg-gallery-thumbnail-box\" >\n\t\t\t\t        <div class=\"ngg-gallery-thumbnail\">\n            <a href=\"https:\/\/ecojardindesgrivauds.fr\/wp-content\/gallery\/2020_03_15-premiers-wwoofeurs-2020\/2020-03-13_17-10-55.jpg\"\n               title=\"M\u00e9sange \u00e0 longue queue\"\n               data-src=\"https:\/\/ecojardindesgrivauds.fr\/wp-content\/gallery\/2020_03_15-premiers-wwoofeurs-2020\/2020-03-13_17-10-55.jpg\"\n               data-thumbnail=\"https:\/\/ecojardindesgrivauds.fr\/wp-content\/gallery\/2020_03_15-premiers-wwoofeurs-2020\/thumbs\/thumbs_2020-03-13_17-10-55.jpg\"\n               data-image-id=\"1445\"\n               data-title=\"2020-03-13_17-10-55\"\n               data-description=\"M\u00e9sange \u00e0 longue queue\"\n               data-image-slug=\"2020-03-13_17-10-55\"\n               class=\"ngg-fancybox\" rel=\"d4b95927bb8190396fbfc141c0b11ac1\">\n                <img\n                    title=\"2020-03-13_17-10-55\"\n                    alt=\"2020-03-13_17-10-55\"\n                    src=\"https:\/\/ecojardindesgrivauds.fr\/wp-content\/gallery\/2020_03_15-premiers-wwoofeurs-2020\/thumbs\/thumbs_2020-03-13_17-10-55.jpg\"\n                    width=\"240\"\n                    height=\"160\"\n                    style=\"max-width:100%;\"\n                \/>\n            <\/a>\n        <\/div>\n\t\t\t\t\t\t\t<\/div> \n\t\t\t\n        \n\t\t\t\t<div id=\"ngg-image-14\" class=\"ngg-gallery-thumbnail-box\" >\n\t\t\t\t        <div class=\"ngg-gallery-thumbnail\">\n            <a href=\"https:\/\/ecojardindesgrivauds.fr\/wp-content\/gallery\/2020_03_15-premiers-wwoofeurs-2020\/2020-03-14_11-27-41.jpg\"\n               title=\"Linotte m\u00e9lodieuse\"\n               data-src=\"https:\/\/ecojardindesgrivauds.fr\/wp-content\/gallery\/2020_03_15-premiers-wwoofeurs-2020\/2020-03-14_11-27-41.jpg\"\n               data-thumbnail=\"https:\/\/ecojardindesgrivauds.fr\/wp-content\/gallery\/2020_03_15-premiers-wwoofeurs-2020\/thumbs\/thumbs_2020-03-14_11-27-41.jpg\"\n               data-image-id=\"1446\"\n               data-title=\"2020-03-14_11-27-41\"\n               data-description=\"Linotte m\u00e9lodieuse\"\n               data-image-slug=\"2020-03-14_11-27-41\"\n               class=\"ngg-fancybox\" rel=\"d4b95927bb8190396fbfc141c0b11ac1\">\n                <img\n                    title=\"2020-03-14_11-27-41\"\n                    alt=\"2020-03-14_11-27-41\"\n                    src=\"https:\/\/ecojardindesgrivauds.fr\/wp-content\/gallery\/2020_03_15-premiers-wwoofeurs-2020\/thumbs\/thumbs_2020-03-14_11-27-41.jpg\"\n                    width=\"240\"\n                    height=\"160\"\n                    style=\"max-width:100%;\"\n                \/>\n            <\/a>\n        <\/div>\n\t\t\t\t\t\t\t<\/div> \n\t\t\t\n        \n\t\t\t\t<div id=\"ngg-image-15\" class=\"ngg-gallery-thumbnail-box\" >\n\t\t\t\t        <div class=\"ngg-gallery-thumbnail\">\n            <a href=\"https:\/\/ecojardindesgrivauds.fr\/wp-content\/gallery\/2020_03_15-premiers-wwoofeurs-2020\/2020-03-13_17-07-27.jpg\"\n               title=\"Sans commentaire\"\n               data-src=\"https:\/\/ecojardindesgrivauds.fr\/wp-content\/gallery\/2020_03_15-premiers-wwoofeurs-2020\/2020-03-13_17-07-27.jpg\"\n               data-thumbnail=\"https:\/\/ecojardindesgrivauds.fr\/wp-content\/gallery\/2020_03_15-premiers-wwoofeurs-2020\/thumbs\/thumbs_2020-03-13_17-07-27.jpg\"\n               data-image-id=\"1444\"\n               data-title=\"2020-03-13_17-07-27\"\n               data-description=\"Sans commentaire\"\n               data-image-slug=\"2020-03-13_17-07-27\"\n               class=\"ngg-fancybox\" rel=\"d4b95927bb8190396fbfc141c0b11ac1\">\n                <img\n                    title=\"2020-03-13_17-07-27\"\n                    alt=\"2020-03-13_17-07-27\"\n                    src=\"https:\/\/ecojardindesgrivauds.fr\/wp-content\/gallery\/2020_03_15-premiers-wwoofeurs-2020\/thumbs\/thumbs_2020-03-13_17-07-27.jpg\"\n                    width=\"240\"\n                    height=\"160\"\n                    style=\"max-width:100%;\"\n                \/>\n            <\/a>\n        <\/div>\n\t\t\t\t\t\t\t<\/div> \n\t\t\t\n        \n\t\t\t\t<div id=\"ngg-image-16\" class=\"ngg-gallery-thumbnail-box\" >\n\t\t\t\t        <div class=\"ngg-gallery-thumbnail\">\n            <a href=\"https:\/\/ecojardindesgrivauds.fr\/wp-content\/gallery\/2020_03_15-premiers-wwoofeurs-2020\/2020-03-13_17-07-14.jpg\"\n               title=\"Florin a trouv\u00e9 une solution pour se prot\u00e9ger du Coronavirus.\"\n               data-src=\"https:\/\/ecojardindesgrivauds.fr\/wp-content\/gallery\/2020_03_15-premiers-wwoofeurs-2020\/2020-03-13_17-07-14.jpg\"\n               data-thumbnail=\"https:\/\/ecojardindesgrivauds.fr\/wp-content\/gallery\/2020_03_15-premiers-wwoofeurs-2020\/thumbs\/thumbs_2020-03-13_17-07-14.jpg\"\n               data-image-id=\"1443\"\n               data-title=\"2020-03-13_17-07-14\"\n               data-description=\"Florin a trouv\u00e9 une solution pour se prot\u00e9ger du Coronavirus.\"\n               data-image-slug=\"2020-03-13_17-07-14\"\n               class=\"ngg-fancybox\" rel=\"d4b95927bb8190396fbfc141c0b11ac1\">\n                <img\n                    title=\"2020-03-13_17-07-14\"\n                    alt=\"2020-03-13_17-07-14\"\n                    src=\"https:\/\/ecojardindesgrivauds.fr\/wp-content\/gallery\/2020_03_15-premiers-wwoofeurs-2020\/thumbs\/thumbs_2020-03-13_17-07-14.jpg\"\n                    width=\"240\"\n                    height=\"160\"\n                    style=\"max-width:100%;\"\n                \/>\n            <\/a>\n        <\/div>\n\t\t\t\t\t\t\t<\/div> \n\t\t\t\n        \n\t\t\n\t\t<!-- Pagination -->\n\t<div class='ngg-clear'><\/div>\t<\/div>\n\n","protected":false},"excerpt":{"rendered":"<p>Mercredi, La Montagne titre en une \u00abGardons notre calme !\u00bb. Nous, c&rsquo;est exactement ce qu&rsquo;on se dit tous les jours lorsqu&rsquo;on voit Mi-Roux marcher dans les caisses de plants ou s&rsquo;allonger sur les oignons fra\u00eechement repiqu\u00e9s. C&rsquo;est ce qu&rsquo;on a essay\u00e9 de se dire aussi mercredi soir quand la boite de vitesse de notre vieux &hellip; <\/p>\n<p class=\"link-more\"><a href=\"https:\/\/ecojardindesgrivauds.fr\/?p=4550\" class=\"more-link\">Continuer la lecture<span class=\"screen-reader-text\"> de &laquo;&nbsp;Gardons notre calme !&nbsp;&raquo;<\/span><\/a><\/p>\n","protected":false},"author":1,"featured_media":0,"comment_status":"open","ping_status":"open","sticky":false,"template":"","format":"standard","meta":{"ngg_post_thumbnail":0},"categories":[1],"tags":[],"_links":{"self":[{"href":"https:\/\/ecojardindesgrivauds.fr\/index.php?rest_route=\/wp\/v2\/posts\/4550"}],"collection":[{"href":"https:\/\/ecojardindesgrivauds.fr\/index.php?rest_route=\/wp\/v2\/posts"}],"about":[{"href":"https:\/\/ecojardindesgrivauds.fr\/index.php?rest_route=\/wp\/v2\/types\/post"}],"author":[{"embeddable":true,"href":"https:\/\/ecojardindesgrivauds.fr\/index.php?rest_route=\/wp\/v2\/users\/1"}],"replies":[{"embeddable":true,"href":"https:\/\/ecojardindesgrivauds.fr\/index.php?rest_route=%2Fwp%2Fv2%2Fcomments&post=4550"}],"version-history":[{"count":9,"href":"https:\/\/ecojardindesgrivauds.fr\/index.php?rest_route=\/wp\/v2\/posts\/4550\/revisions"}],"predecessor-version":[{"id":4597,"href":"https:\/\/ecojardindesgrivauds.fr\/index.php?rest_route=\/wp\/v2\/posts\/4550\/revisions\/4597"}],"wp:attachment":[{"href":"https:\/\/ecojardindesgrivauds.fr\/index.php?rest_route=%2Fwp%2Fv2%2Fmedia&parent=4550"}],"wp:term":[{"taxonomy":"category","embeddable":true,"href":"https:\/\/ecojardindesgrivauds.fr\/index.php?rest_route=%2Fwp%2Fv2%2Fcategories&post=4550"},{"taxonomy":"post_tag","embeddable":true,"href":"https:\/\/ecojardindesgrivauds.fr\/index.php?rest_route=%2Fwp%2Fv2%2Ftags&post=4550"}],"curies":[{"name":"wp","href":"https:\/\/api.w.org\/{rel}","templated":true}]}}