{"id":4912,"date":"2020-05-03T08:19:46","date_gmt":"2020-05-03T06:19:46","guid":{"rendered":"http:\/\/ecojardindesgrivauds.fr\/?p=4912"},"modified":"2020-05-03T08:53:07","modified_gmt":"2020-05-03T06:53:07","slug":"la-chenille-la-chenille","status":"publish","type":"post","link":"https:\/\/ecojardindesgrivauds.fr\/?p=4912","title":{"rendered":"La chenille ! La chenille !"},"content":{"rendered":"\n<div class=\"wp-block-image\"><figure class=\"alignright size-medium\"><a href=\"http:\/\/ecojardindesgrivauds.fr\/wp-content\/uploads\/2020\/05\/2020-05-02_07-23-02.jpg\"><img decoding=\"async\" loading=\"lazy\" width=\"300\" height=\"200\" src=\"http:\/\/ecojardindesgrivauds.fr\/wp-content\/uploads\/2020\/05\/2020-05-02_07-23-02-300x200.jpg\" alt=\"\" class=\"wp-image-4934\" srcset=\"https:\/\/ecojardindesgrivauds.fr\/wp-content\/uploads\/2020\/05\/2020-05-02_07-23-02-300x200.jpg 300w, https:\/\/ecojardindesgrivauds.fr\/wp-content\/uploads\/2020\/05\/2020-05-02_07-23-02-768x512.jpg 768w, https:\/\/ecojardindesgrivauds.fr\/wp-content\/uploads\/2020\/05\/2020-05-02_07-23-02.jpg 1024w\" sizes=\"(max-width: 300px) 100vw, 300px\" \/><\/a><figcaption>Il pleut ? Qu&rsquo;\u00e0 cela ne tienne :&nbsp;on tient tout de m\u00eame notre stand sous un barnum !<\/figcaption><\/figure><\/div>\n\n\n\n<p><em>\u00abMets tes deux pieds dans tes bottes, c&rsquo;est la pluvio qui red\u00e9marre\u00bb<\/em> (proverbe mara\u00eecher). Dr\u00f4le de printemps, tout de m\u00eame. On se prend 40 jours de s\u00e9cheresse et on encha\u00eene avec une semaine extr\u00eamement pluvieuse, o\u00f9 on rel\u00e8ve 15 mm par jour dans le pluviom\u00e8tre. Nos sols encaissent l&rsquo;eau sans broncher, pas de probl\u00e8me de ce c\u00f4t\u00e9-l\u00e0, si ce n&rsquo;est qu&rsquo;on a rang\u00e9 les claquettes et qu&rsquo;on a ressorti les bottes&#8230; Pas de probl\u00e8me non plus du c\u00f4t\u00e9 de notre emploi du temps : on avait d\u00e9j\u00e0 bien avanc\u00e9 dans nos plantations de plein champ avant la pluie et on peut se permettre de se concentrer sur nos serres. On craint \u00e9videmment le mildiou : la temp\u00e9rature a baiss\u00e9 et l&rsquo;air est tr\u00e8s humide. Mais, a priori, rien \u00e0 d\u00e9clarer, ni sur les tomates, ni sur les pommes de terre. Bon. Par contre, il y a quand m\u00eame des d\u00e9g\u00e2ts, pas forc\u00e9ment l\u00e0 o\u00f9 on les attendait. Nos concombres tombent comme des mouches : le pythium est pass\u00e9 par l\u00e0 ! Fabrice re-s\u00e8me une s\u00e9rie en urgence pour combler les manques. Et dans le champ, on avait oubli\u00e9 un d\u00e9tail : avec la pluie vient&#8230; la limace ! On en retrouve un peu partout (dans les choux, les petits pois, les salades, etc.). Et surtout, elles nous ont mang\u00e9 un magnifique semis de carottes ! L\u00e0 encore, on pr\u00e9voit un semis en urgence d\u00e8s lundi mais le mal est fait : on risque d&rsquo;avoir un trou dans les carottes en juillet&#8230;<\/p>\n\n\n\n<div class=\"wp-block-image\"><figure class=\"alignleft size-medium\"><a href=\"http:\/\/ecojardindesgrivauds.fr\/wp-content\/uploads\/2020\/05\/2020-04-30_19-32-54.jpg\"><img decoding=\"async\" loading=\"lazy\" width=\"300\" height=\"225\" src=\"http:\/\/ecojardindesgrivauds.fr\/wp-content\/uploads\/2020\/05\/2020-04-30_19-32-54-300x225.jpg\" alt=\"\" class=\"wp-image-4930\" srcset=\"https:\/\/ecojardindesgrivauds.fr\/wp-content\/uploads\/2020\/05\/2020-04-30_19-32-54-300x225.jpg 300w, https:\/\/ecojardindesgrivauds.fr\/wp-content\/uploads\/2020\/05\/2020-04-30_19-32-54-768x576.jpg 768w, https:\/\/ecojardindesgrivauds.fr\/wp-content\/uploads\/2020\/05\/2020-04-30_19-32-54.jpg 1024w\" sizes=\"(max-width: 300px) 100vw, 300px\" \/><\/a><figcaption>Chenille du Cossus G\u00e2te-Bois<\/figcaption><\/figure><\/div>\n\n\n\n<p>Je ne sais pas si la m\u00e9t\u00e9o tr\u00e8s douce de cet hiver et de ce d\u00e9but de printemps y est pour quelque chose mais on a la sensation d&rsquo;\u00eatre entour\u00e9s de beaucoup d&rsquo;insectes cette ann\u00e9e. Nos amis les Mangetouts de Saligny nous signalaient qu&rsquo;ils \u00e9taient envahis de tipules. Nous, de notre c\u00f4t\u00e9, on rep\u00e8re un nombre extravagant de chenilles dans notre \u00e9cosyst\u00e8me. Il y en a de toutes les tailles et de toutes les couleurs ! On est \u00e0 la peine pour tout identifier avec certitude, comme vous le verrez dans la galerie. Dans le genre spectaculaire, la palme revient \u00e0 l&rsquo;\u00e9norme larve du Cossus G\u00e2te-Bois ! On est mod\u00e9r\u00e9ment surpris cependant : on a vu \u00e9norm\u00e9ment de papillons circuler en d\u00e9but de printemps. De mani\u00e8re g\u00e9n\u00e9rale, le jardin grouille de vie en ce moment : oiseaux, insectes, araign\u00e9es, batraciens, baveux en tout genre, etc. Un r\u00e9gal pour les yeux et les oreilles !<\/p>\n\n\n\n<div class=\"wp-block-image\"><figure class=\"alignright size-medium\"><a href=\"http:\/\/ecojardindesgrivauds.fr\/wp-content\/uploads\/2020\/05\/2020-04-27_09-38-57.jpg\"><img decoding=\"async\" loading=\"lazy\" width=\"225\" height=\"300\" src=\"http:\/\/ecojardindesgrivauds.fr\/wp-content\/uploads\/2020\/05\/2020-04-27_09-38-57-225x300.jpg\" alt=\"\" class=\"wp-image-4914\" srcset=\"https:\/\/ecojardindesgrivauds.fr\/wp-content\/uploads\/2020\/05\/2020-04-27_09-38-57-225x300.jpg 225w, https:\/\/ecojardindesgrivauds.fr\/wp-content\/uploads\/2020\/05\/2020-04-27_09-38-57.jpg 768w\" sizes=\"(max-width: 225px) 100vw, 225px\" \/><\/a><figcaption>D\u00e9but du d\u00e9sherbage des carottes en serre 7 par les parents de Denis ; le r\u00e9sultat est dans la galerie !<\/figcaption><\/figure><\/div>\n\n\n\n<p>Du coup, on s&rsquo;efforce d&rsquo;\u00eatre \u00e0 la hauteur de toute cette activit\u00e9 et on met les bouch\u00e9es doubles pour pr\u00e9parer l&rsquo;\u00e9t\u00e9. Avec l&rsquo;aide de Maxime, qu&rsquo;on ne vous pr\u00e9sente plus, on paille et on plante \u00e0 tout-va : betteraves, poivrons, melons, etc. Aide tr\u00e8s appr\u00e9ci\u00e9e cette semaine, mes parents (Alain et Jacqueline) sont venus filer un coup de main quotidien dans nos cultures. Ils ont notamment d\u00e9sherb\u00e9 les carottes de la serre n\u00ba7 (potentilles) et les salades du champ (liseron). On leur confie aussi le premier palissage de tomates de la saison. Depuis qu&rsquo;il a \u00e9t\u00e9 effectu\u00e9 (lundi), les tomates ont tellement pouss\u00e9, qu&rsquo;on a senti le besoin d&rsquo;y remettre quelques clips. Si c&rsquo;est pas un bon signe \u00e7a !&#8230;<\/p>\n\n\n\n<p><em>\u00c0<\/em> <em>la semaine prochaine !<\/em><\/p>\n\n\n\n<!-- index.php -->\n<div\n\tclass=\"ngg-galleryoverview ngg-ajax-pagination-none\"\n\tid=\"ngg-gallery-25679a996cf2d370c5f5b73bce8a3303-1\">\n\n    \t\t<!-- Thumbnails -->\n\t\t\t\t<div id=\"ngg-image-0\" class=\"ngg-gallery-thumbnail-box\" >\n\t\t\t\t        <div class=\"ngg-gallery-thumbnail\">\n            <a href=\"https:\/\/ecojardindesgrivauds.fr\/wp-content\/gallery\/2020_05_03-chenilles\/2020-04-27_15-20-20.jpg\"\n               title=\"Alain et Jacqueline palissent les tomates\"\n               data-src=\"https:\/\/ecojardindesgrivauds.fr\/wp-content\/gallery\/2020_05_03-chenilles\/2020-04-27_15-20-20.jpg\"\n               data-thumbnail=\"https:\/\/ecojardindesgrivauds.fr\/wp-content\/gallery\/2020_05_03-chenilles\/thumbs\/thumbs_2020-04-27_15-20-20.jpg\"\n               data-image-id=\"1561\"\n               data-title=\"2020-04-27_15-20-20\"\n               data-description=\"Alain et Jacqueline palissent les tomates\"\n               data-image-slug=\"2020-04-27_15-20-20\"\n               class=\"ngg-fancybox\" rel=\"25679a996cf2d370c5f5b73bce8a3303\">\n                <img\n                    title=\"2020-04-27_15-20-20\"\n                    alt=\"2020-04-27_15-20-20\"\n                    src=\"https:\/\/ecojardindesgrivauds.fr\/wp-content\/gallery\/2020_05_03-chenilles\/thumbs\/thumbs_2020-04-27_15-20-20.jpg\"\n                    width=\"240\"\n                    height=\"160\"\n                    style=\"max-width:100%;\"\n                \/>\n            <\/a>\n        <\/div>\n\t\t\t\t\t\t\t<\/div> \n\t\t\t\n        \n\t\t\t\t<div id=\"ngg-image-1\" class=\"ngg-gallery-thumbnail-box\" >\n\t\t\t\t        <div class=\"ngg-gallery-thumbnail\">\n            <a href=\"https:\/\/ecojardindesgrivauds.fr\/wp-content\/gallery\/2020_05_03-chenilles\/2020-04-28_10-39-11.jpg\"\n               title=\"Serre n\u00ba3 : apr\u00e8s broyage, on d\u00e9roule une toile de chanvre pour pailler les melons.\"\n               data-src=\"https:\/\/ecojardindesgrivauds.fr\/wp-content\/gallery\/2020_05_03-chenilles\/2020-04-28_10-39-11.jpg\"\n               data-thumbnail=\"https:\/\/ecojardindesgrivauds.fr\/wp-content\/gallery\/2020_05_03-chenilles\/thumbs\/thumbs_2020-04-28_10-39-11.jpg\"\n               data-image-id=\"1562\"\n               data-title=\"2020-04-28_10-39-11\"\n               data-description=\"Serre n\u00ba3 : apr\u00e8s broyage, on d\u00e9roule une toile de chanvre pour pailler les melons.\"\n               data-image-slug=\"2020-04-28_10-39-11\"\n               class=\"ngg-fancybox\" rel=\"25679a996cf2d370c5f5b73bce8a3303\">\n                <img\n                    title=\"2020-04-28_10-39-11\"\n                    alt=\"2020-04-28_10-39-11\"\n                    src=\"https:\/\/ecojardindesgrivauds.fr\/wp-content\/gallery\/2020_05_03-chenilles\/thumbs\/thumbs_2020-04-28_10-39-11.jpg\"\n                    width=\"240\"\n                    height=\"160\"\n                    style=\"max-width:100%;\"\n                \/>\n            <\/a>\n        <\/div>\n\t\t\t\t\t\t\t<\/div> \n\t\t\t\n        \n\t\t\t\t<div id=\"ngg-image-2\" class=\"ngg-gallery-thumbnail-box\" >\n\t\t\t\t        <div class=\"ngg-gallery-thumbnail\">\n            <a href=\"https:\/\/ecojardindesgrivauds.fr\/wp-content\/gallery\/2020_05_03-chenilles\/2020-04-28_17-25-42.jpg\"\n               title=\"D\u00e9sherbage et paillage des vivaces le long de la serre n\u00ba5 (estragon, thym, sauge et lavande).\"\n               data-src=\"https:\/\/ecojardindesgrivauds.fr\/wp-content\/gallery\/2020_05_03-chenilles\/2020-04-28_17-25-42.jpg\"\n               data-thumbnail=\"https:\/\/ecojardindesgrivauds.fr\/wp-content\/gallery\/2020_05_03-chenilles\/thumbs\/thumbs_2020-04-28_17-25-42.jpg\"\n               data-image-id=\"1564\"\n               data-title=\"2020-04-28_17-25-42\"\n               data-description=\"D\u00e9sherbage et paillage des vivaces le long de la serre n\u00ba5 (estragon, thym, sauge et lavande).\"\n               data-image-slug=\"2020-04-28_17-25-42\"\n               class=\"ngg-fancybox\" rel=\"25679a996cf2d370c5f5b73bce8a3303\">\n                <img\n                    title=\"2020-04-28_17-25-42\"\n                    alt=\"2020-04-28_17-25-42\"\n                    src=\"https:\/\/ecojardindesgrivauds.fr\/wp-content\/gallery\/2020_05_03-chenilles\/thumbs\/thumbs_2020-04-28_17-25-42.jpg\"\n                    width=\"240\"\n                    height=\"160\"\n                    style=\"max-width:100%;\"\n                \/>\n            <\/a>\n        <\/div>\n\t\t\t\t\t\t\t<\/div> \n\t\t\t\n        \n\t\t\t\t<div id=\"ngg-image-3\" class=\"ngg-gallery-thumbnail-box\" >\n\t\t\t\t        <div class=\"ngg-gallery-thumbnail\">\n            <a href=\"https:\/\/ecojardindesgrivauds.fr\/wp-content\/gallery\/2020_05_03-chenilles\/2020-04-29_14-05-21.jpg\"\n               title=\"Le liseron avait commenc\u00e9 \u00e0 monter sur les salades...\"\n               data-src=\"https:\/\/ecojardindesgrivauds.fr\/wp-content\/gallery\/2020_05_03-chenilles\/2020-04-29_14-05-21.jpg\"\n               data-thumbnail=\"https:\/\/ecojardindesgrivauds.fr\/wp-content\/gallery\/2020_05_03-chenilles\/thumbs\/thumbs_2020-04-29_14-05-21.jpg\"\n               data-image-id=\"1565\"\n               data-title=\"2020-04-29_14-05-21\"\n               data-description=\"Le liseron avait commenc\u00e9 \u00e0 monter sur les salades...\"\n               data-image-slug=\"2020-04-29_14-05-21\"\n               class=\"ngg-fancybox\" rel=\"25679a996cf2d370c5f5b73bce8a3303\">\n                <img\n                    title=\"2020-04-29_14-05-21\"\n                    alt=\"2020-04-29_14-05-21\"\n                    src=\"https:\/\/ecojardindesgrivauds.fr\/wp-content\/gallery\/2020_05_03-chenilles\/thumbs\/thumbs_2020-04-29_14-05-21.jpg\"\n                    width=\"240\"\n                    height=\"160\"\n                    style=\"max-width:100%;\"\n                \/>\n            <\/a>\n        <\/div>\n\t\t\t\t\t\t\t<\/div> \n\t\t\t\n        \n\t\t\t\t<div id=\"ngg-image-4\" class=\"ngg-gallery-thumbnail-box\" >\n\t\t\t\t        <div class=\"ngg-gallery-thumbnail\">\n            <a href=\"https:\/\/ecojardindesgrivauds.fr\/wp-content\/gallery\/2020_05_03-chenilles\/2020-04-29_14-20-53.jpg\"\n               title=\"Sandrine au d\u00e9sherbage des petits pois.\"\n               data-src=\"https:\/\/ecojardindesgrivauds.fr\/wp-content\/gallery\/2020_05_03-chenilles\/2020-04-29_14-20-53.jpg\"\n               data-thumbnail=\"https:\/\/ecojardindesgrivauds.fr\/wp-content\/gallery\/2020_05_03-chenilles\/thumbs\/thumbs_2020-04-29_14-20-53.jpg\"\n               data-image-id=\"1566\"\n               data-title=\"2020-04-29_14-20-53\"\n               data-description=\"Sandrine au d\u00e9sherbage des petits pois.\"\n               data-image-slug=\"2020-04-29_14-20-53\"\n               class=\"ngg-fancybox\" rel=\"25679a996cf2d370c5f5b73bce8a3303\">\n                <img\n                    title=\"2020-04-29_14-20-53\"\n                    alt=\"2020-04-29_14-20-53\"\n                    src=\"https:\/\/ecojardindesgrivauds.fr\/wp-content\/gallery\/2020_05_03-chenilles\/thumbs\/thumbs_2020-04-29_14-20-53.jpg\"\n                    width=\"240\"\n                    height=\"160\"\n                    style=\"max-width:100%;\"\n                \/>\n            <\/a>\n        <\/div>\n\t\t\t\t\t\t\t<\/div> \n\t\t\t\n        \n\t\t\t\t<div id=\"ngg-image-5\" class=\"ngg-gallery-thumbnail-box\" >\n\t\t\t\t        <div class=\"ngg-gallery-thumbnail\">\n            <a href=\"https:\/\/ecojardindesgrivauds.fr\/wp-content\/gallery\/2020_05_03-chenilles\/2020-04-29_15-28-01.jpg\"\n               title=\"On profite d&#039;une demi-journ\u00e9e sans pluie pour faire avancer le travail dans le champ.\"\n               data-src=\"https:\/\/ecojardindesgrivauds.fr\/wp-content\/gallery\/2020_05_03-chenilles\/2020-04-29_15-28-01.jpg\"\n               data-thumbnail=\"https:\/\/ecojardindesgrivauds.fr\/wp-content\/gallery\/2020_05_03-chenilles\/thumbs\/thumbs_2020-04-29_15-28-01.jpg\"\n               data-image-id=\"1569\"\n               data-title=\"2020-04-29_15-28-01\"\n               data-description=\"On profite d&#039;une demi-journ\u00e9e sans pluie pour faire avancer le travail dans le champ.\"\n               data-image-slug=\"2020-04-29_15-28-01\"\n               class=\"ngg-fancybox\" rel=\"25679a996cf2d370c5f5b73bce8a3303\">\n                <img\n                    title=\"2020-04-29_15-28-01\"\n                    alt=\"2020-04-29_15-28-01\"\n                    src=\"https:\/\/ecojardindesgrivauds.fr\/wp-content\/gallery\/2020_05_03-chenilles\/thumbs\/thumbs_2020-04-29_15-28-01.jpg\"\n                    width=\"240\"\n                    height=\"160\"\n                    style=\"max-width:100%;\"\n                \/>\n            <\/a>\n        <\/div>\n\t\t\t\t\t\t\t<\/div> \n\t\t\t\n        \n\t\t\t\t<div id=\"ngg-image-6\" class=\"ngg-gallery-thumbnail-box\" >\n\t\t\t\t        <div class=\"ngg-gallery-thumbnail\">\n            <a href=\"https:\/\/ecojardindesgrivauds.fr\/wp-content\/gallery\/2020_05_03-chenilles\/2020-04-29_15-28-27.jpg\"\n               title=\"Maxime \u00e9limine les gramin\u00e9es qui ont pouss\u00e9 \u00e0 travers les b\u00e2ches des choux de l&#039;ann\u00e9e derni\u00e8re. Cette planche servira cette ann\u00e9e pour des pommes de terre.\"\n               data-src=\"https:\/\/ecojardindesgrivauds.fr\/wp-content\/gallery\/2020_05_03-chenilles\/2020-04-29_15-28-27.jpg\"\n               data-thumbnail=\"https:\/\/ecojardindesgrivauds.fr\/wp-content\/gallery\/2020_05_03-chenilles\/thumbs\/thumbs_2020-04-29_15-28-27.jpg\"\n               data-image-id=\"1570\"\n               data-title=\"2020-04-29_15-28-27\"\n               data-description=\"Maxime \u00e9limine les gramin\u00e9es qui ont pouss\u00e9 \u00e0 travers les b\u00e2ches des choux de l&#039;ann\u00e9e derni\u00e8re. Cette planche servira cette ann\u00e9e pour des pommes de terre.\"\n               data-image-slug=\"2020-04-29_15-28-27\"\n               class=\"ngg-fancybox\" rel=\"25679a996cf2d370c5f5b73bce8a3303\">\n                <img\n                    title=\"2020-04-29_15-28-27\"\n                    alt=\"2020-04-29_15-28-27\"\n                    src=\"https:\/\/ecojardindesgrivauds.fr\/wp-content\/gallery\/2020_05_03-chenilles\/thumbs\/thumbs_2020-04-29_15-28-27.jpg\"\n                    width=\"240\"\n                    height=\"160\"\n                    style=\"max-width:100%;\"\n                \/>\n            <\/a>\n        <\/div>\n\t\t\t\t\t\t\t<\/div> \n\t\t\t\n        \n\t\t\t\t<div id=\"ngg-image-7\" class=\"ngg-gallery-thumbnail-box\" >\n\t\t\t\t        <div class=\"ngg-gallery-thumbnail\">\n            <a href=\"https:\/\/ecojardindesgrivauds.fr\/wp-content\/gallery\/2020_05_03-chenilles\/2020-04-30_16-23-10.jpg\"\n               title=\"Plantation des poivrons avec Denis, Maxime et Jacqueline.\"\n               data-src=\"https:\/\/ecojardindesgrivauds.fr\/wp-content\/gallery\/2020_05_03-chenilles\/2020-04-30_16-23-10.jpg\"\n               data-thumbnail=\"https:\/\/ecojardindesgrivauds.fr\/wp-content\/gallery\/2020_05_03-chenilles\/thumbs\/thumbs_2020-04-30_16-23-10.jpg\"\n               data-image-id=\"1573\"\n               data-title=\"2020-04-30_16-23-10\"\n               data-description=\"Plantation des poivrons avec Denis, Maxime et Jacqueline.\"\n               data-image-slug=\"2020-04-30_16-23-10\"\n               class=\"ngg-fancybox\" rel=\"25679a996cf2d370c5f5b73bce8a3303\">\n                <img\n                    title=\"2020-04-30_16-23-10\"\n                    alt=\"2020-04-30_16-23-10\"\n                    src=\"https:\/\/ecojardindesgrivauds.fr\/wp-content\/gallery\/2020_05_03-chenilles\/thumbs\/thumbs_2020-04-30_16-23-10.jpg\"\n                    width=\"240\"\n                    height=\"160\"\n                    style=\"max-width:100%;\"\n                \/>\n            <\/a>\n        <\/div>\n\t\t\t\t\t\t\t<\/div> \n\t\t\t\n        \n\t\t\t\t<div id=\"ngg-image-8\" class=\"ngg-gallery-thumbnail-box\" >\n\t\t\t\t        <div class=\"ngg-gallery-thumbnail\">\n            <a href=\"https:\/\/ecojardindesgrivauds.fr\/wp-content\/gallery\/2020_05_03-chenilles\/2020-05-01_17-11-24.jpg\"\n               title=\"Au moins, lui, il ne s&#039;allonge pas sur les plantations, hein Mi-Roux ?\"\n               data-src=\"https:\/\/ecojardindesgrivauds.fr\/wp-content\/gallery\/2020_05_03-chenilles\/2020-05-01_17-11-24.jpg\"\n               data-thumbnail=\"https:\/\/ecojardindesgrivauds.fr\/wp-content\/gallery\/2020_05_03-chenilles\/thumbs\/thumbs_2020-05-01_17-11-24.jpg\"\n               data-image-id=\"1575\"\n               data-title=\"2020-05-01_17-11-24\"\n               data-description=\"Au moins, lui, il ne s&#039;allonge pas sur les plantations, hein Mi-Roux ?\"\n               data-image-slug=\"2020-05-01_17-11-24\"\n               class=\"ngg-fancybox\" rel=\"25679a996cf2d370c5f5b73bce8a3303\">\n                <img\n                    title=\"2020-05-01_17-11-24\"\n                    alt=\"2020-05-01_17-11-24\"\n                    src=\"https:\/\/ecojardindesgrivauds.fr\/wp-content\/gallery\/2020_05_03-chenilles\/thumbs\/thumbs_2020-05-01_17-11-24.jpg\"\n                    width=\"240\"\n                    height=\"160\"\n                    style=\"max-width:100%;\"\n                \/>\n            <\/a>\n        <\/div>\n\t\t\t\t\t\t\t<\/div> \n\t\t\t\n        \n\t\t\t\t<div id=\"ngg-image-9\" class=\"ngg-gallery-thumbnail-box\" >\n\t\t\t\t        <div class=\"ngg-gallery-thumbnail\">\n            <a href=\"https:\/\/ecojardindesgrivauds.fr\/wp-content\/gallery\/2020_05_03-chenilles\/2020-05-02_07-42-29.jpg\"\n               title=\"Samedi matin \u00e0 Pierrefitte : on est pr\u00eats pour notre mini-march\u00e9 hebdomadaire !\"\n               data-src=\"https:\/\/ecojardindesgrivauds.fr\/wp-content\/gallery\/2020_05_03-chenilles\/2020-05-02_07-42-29.jpg\"\n               data-thumbnail=\"https:\/\/ecojardindesgrivauds.fr\/wp-content\/gallery\/2020_05_03-chenilles\/thumbs\/thumbs_2020-05-02_07-42-29.jpg\"\n               data-image-id=\"1578\"\n               data-title=\"2020-05-02_07-42-29\"\n               data-description=\"Samedi matin \u00e0 Pierrefitte : on est pr\u00eats pour notre mini-march\u00e9 hebdomadaire !\"\n               data-image-slug=\"2020-05-02_07-42-29\"\n               class=\"ngg-fancybox\" rel=\"25679a996cf2d370c5f5b73bce8a3303\">\n                <img\n                    title=\"2020-05-02_07-42-29\"\n                    alt=\"2020-05-02_07-42-29\"\n                    src=\"https:\/\/ecojardindesgrivauds.fr\/wp-content\/gallery\/2020_05_03-chenilles\/thumbs\/thumbs_2020-05-02_07-42-29.jpg\"\n                    width=\"240\"\n                    height=\"160\"\n                    style=\"max-width:100%;\"\n                \/>\n            <\/a>\n        <\/div>\n\t\t\t\t\t\t\t<\/div> \n\t\t\t\n        \n\t\t\t\t<div id=\"ngg-image-10\" class=\"ngg-gallery-thumbnail-box\" >\n\t\t\t\t        <div class=\"ngg-gallery-thumbnail\">\n            <a href=\"https:\/\/ecojardindesgrivauds.fr\/wp-content\/gallery\/2020_05_03-chenilles\/2020-05-02_07-26-30.jpg\"\n               title=\"D\u00e9tail du stand du samedi matin\"\n               data-src=\"https:\/\/ecojardindesgrivauds.fr\/wp-content\/gallery\/2020_05_03-chenilles\/2020-05-02_07-26-30.jpg\"\n               data-thumbnail=\"https:\/\/ecojardindesgrivauds.fr\/wp-content\/gallery\/2020_05_03-chenilles\/thumbs\/thumbs_2020-05-02_07-26-30.jpg\"\n               data-image-id=\"1577\"\n               data-title=\"2020-05-02_07-26-30\"\n               data-description=\"D\u00e9tail du stand du samedi matin\"\n               data-image-slug=\"2020-05-02_07-26-30\"\n               class=\"ngg-fancybox\" rel=\"25679a996cf2d370c5f5b73bce8a3303\">\n                <img\n                    title=\"2020-05-02_07-26-30\"\n                    alt=\"2020-05-02_07-26-30\"\n                    src=\"https:\/\/ecojardindesgrivauds.fr\/wp-content\/gallery\/2020_05_03-chenilles\/thumbs\/thumbs_2020-05-02_07-26-30.jpg\"\n                    width=\"240\"\n                    height=\"160\"\n                    style=\"max-width:100%;\"\n                \/>\n            <\/a>\n        <\/div>\n\t\t\t\t\t\t\t<\/div> \n\t\t\t\n        \n\t\t\t\t<div id=\"ngg-image-11\" class=\"ngg-gallery-thumbnail-box\" >\n\t\t\t\t        <div class=\"ngg-gallery-thumbnail\">\n            <a href=\"https:\/\/ecojardindesgrivauds.fr\/wp-content\/gallery\/2020_05_03-chenilles\/2020-05-02_15-50-04.jpg\"\n               title=\"Les fleurs sont en pr\u00e9paration sur les aubergines !\"\n               data-src=\"https:\/\/ecojardindesgrivauds.fr\/wp-content\/gallery\/2020_05_03-chenilles\/2020-05-02_15-50-04.jpg\"\n               data-thumbnail=\"https:\/\/ecojardindesgrivauds.fr\/wp-content\/gallery\/2020_05_03-chenilles\/thumbs\/thumbs_2020-05-02_15-50-04.jpg\"\n               data-image-id=\"1580\"\n               data-title=\"2020-05-02_15-50-04\"\n               data-description=\"Les fleurs sont en pr\u00e9paration sur les aubergines !\"\n               data-image-slug=\"2020-05-02_15-50-04\"\n               class=\"ngg-fancybox\" rel=\"25679a996cf2d370c5f5b73bce8a3303\">\n                <img\n                    title=\"2020-05-02_15-50-04\"\n                    alt=\"2020-05-02_15-50-04\"\n                    src=\"https:\/\/ecojardindesgrivauds.fr\/wp-content\/gallery\/2020_05_03-chenilles\/thumbs\/thumbs_2020-05-02_15-50-04.jpg\"\n                    width=\"240\"\n                    height=\"160\"\n                    style=\"max-width:100%;\"\n                \/>\n            <\/a>\n        <\/div>\n\t\t\t\t\t\t\t<\/div> \n\t\t\t\n        \n\t\t\t\t<div id=\"ngg-image-12\" class=\"ngg-gallery-thumbnail-box\" >\n\t\t\t\t        <div class=\"ngg-gallery-thumbnail\">\n            <a href=\"https:\/\/ecojardindesgrivauds.fr\/wp-content\/gallery\/2020_05_03-chenilles\/2020-05-02_18-50-27.jpg\"\n               title=\"Oh ! Une courgette qui grossit!\"\n               data-src=\"https:\/\/ecojardindesgrivauds.fr\/wp-content\/gallery\/2020_05_03-chenilles\/2020-05-02_18-50-27.jpg\"\n               data-thumbnail=\"https:\/\/ecojardindesgrivauds.fr\/wp-content\/gallery\/2020_05_03-chenilles\/thumbs\/thumbs_2020-05-02_18-50-27.jpg\"\n               data-image-id=\"1585\"\n               data-title=\"2020-05-02_18-50-27\"\n               data-description=\"Oh ! Une courgette qui grossit!\"\n               data-image-slug=\"2020-05-02_18-50-27\"\n               class=\"ngg-fancybox\" rel=\"25679a996cf2d370c5f5b73bce8a3303\">\n                <img\n                    title=\"2020-05-02_18-50-27\"\n                    alt=\"2020-05-02_18-50-27\"\n                    src=\"https:\/\/ecojardindesgrivauds.fr\/wp-content\/gallery\/2020_05_03-chenilles\/thumbs\/thumbs_2020-05-02_18-50-27.jpg\"\n                    width=\"240\"\n                    height=\"160\"\n                    style=\"max-width:100%;\"\n                \/>\n            <\/a>\n        <\/div>\n\t\t\t\t\t\t\t<\/div> \n\t\t\t\n        \n\t\t\t\t<div id=\"ngg-image-13\" class=\"ngg-gallery-thumbnail-box\" >\n\t\t\t\t        <div class=\"ngg-gallery-thumbnail\">\n            <a href=\"https:\/\/ecojardindesgrivauds.fr\/wp-content\/gallery\/2020_05_03-chenilles\/2020-05-02_18-47-50.jpg\"\n               title=\"Carottes de la serre 7, apr\u00e8s le d\u00e9sherbage de mes parents ! Beau travail, non ?\"\n               data-src=\"https:\/\/ecojardindesgrivauds.fr\/wp-content\/gallery\/2020_05_03-chenilles\/2020-05-02_18-47-50.jpg\"\n               data-thumbnail=\"https:\/\/ecojardindesgrivauds.fr\/wp-content\/gallery\/2020_05_03-chenilles\/thumbs\/thumbs_2020-05-02_18-47-50.jpg\"\n               data-image-id=\"1584\"\n               data-title=\"2020-05-02_18-47-50\"\n               data-description=\"Carottes de la serre 7, apr\u00e8s le d\u00e9sherbage de mes parents ! Beau travail, non ?\"\n               data-image-slug=\"2020-05-02_18-47-50\"\n               class=\"ngg-fancybox\" rel=\"25679a996cf2d370c5f5b73bce8a3303\">\n                <img\n                    title=\"2020-05-02_18-47-50\"\n                    alt=\"2020-05-02_18-47-50\"\n                    src=\"https:\/\/ecojardindesgrivauds.fr\/wp-content\/gallery\/2020_05_03-chenilles\/thumbs\/thumbs_2020-05-02_18-47-50.jpg\"\n                    width=\"240\"\n                    height=\"160\"\n                    style=\"max-width:100%;\"\n                \/>\n            <\/a>\n        <\/div>\n\t\t\t\t\t\t\t<\/div> \n\t\t\t\n        \n\t\t\t\t<div id=\"ngg-image-14\" class=\"ngg-gallery-thumbnail-box\" >\n\t\t\t\t        <div class=\"ngg-gallery-thumbnail\">\n            <a href=\"https:\/\/ecojardindesgrivauds.fr\/wp-content\/gallery\/2020_05_03-chenilles\/2020-05-01_15-18-17.jpg\"\n               title=\"Chenilles du papillon Petite Tortue\"\n               data-src=\"https:\/\/ecojardindesgrivauds.fr\/wp-content\/gallery\/2020_05_03-chenilles\/2020-05-01_15-18-17.jpg\"\n               data-thumbnail=\"https:\/\/ecojardindesgrivauds.fr\/wp-content\/gallery\/2020_05_03-chenilles\/thumbs\/thumbs_2020-05-01_15-18-17.jpg\"\n               data-image-id=\"1574\"\n               data-title=\"2020-05-01_15-18-17\"\n               data-description=\"Chenilles du papillon Petite Tortue\"\n               data-image-slug=\"2020-05-01_15-18-17\"\n               class=\"ngg-fancybox\" rel=\"25679a996cf2d370c5f5b73bce8a3303\">\n                <img\n                    title=\"2020-05-01_15-18-17\"\n                    alt=\"2020-05-01_15-18-17\"\n                    src=\"https:\/\/ecojardindesgrivauds.fr\/wp-content\/gallery\/2020_05_03-chenilles\/thumbs\/thumbs_2020-05-01_15-18-17.jpg\"\n                    width=\"240\"\n                    height=\"160\"\n                    style=\"max-width:100%;\"\n                \/>\n            <\/a>\n        <\/div>\n\t\t\t\t\t\t\t<\/div> \n\t\t\t\n        \n\t\t\t\t<div id=\"ngg-image-15\" class=\"ngg-gallery-thumbnail-box\" >\n\t\t\t\t        <div class=\"ngg-gallery-thumbnail\">\n            <a href=\"https:\/\/ecojardindesgrivauds.fr\/wp-content\/gallery\/2020_05_03-chenilles\/2020-05-02_17-33-13.jpg\"\n               title=\"Chenilles de la Livr\u00e9e des arbres (Malacosoma neustria)\"\n               data-src=\"https:\/\/ecojardindesgrivauds.fr\/wp-content\/gallery\/2020_05_03-chenilles\/2020-05-02_17-33-13.jpg\"\n               data-thumbnail=\"https:\/\/ecojardindesgrivauds.fr\/wp-content\/gallery\/2020_05_03-chenilles\/thumbs\/thumbs_2020-05-02_17-33-13.jpg\"\n               data-image-id=\"1582\"\n               data-title=\"2020-05-02_17-33-13\"\n               data-description=\"Chenilles de la Livr\u00e9e des arbres (Malacosoma neustria)\"\n               data-image-slug=\"2020-05-02_17-33-13\"\n               class=\"ngg-fancybox\" rel=\"25679a996cf2d370c5f5b73bce8a3303\">\n                <img\n                    title=\"2020-05-02_17-33-13\"\n                    alt=\"2020-05-02_17-33-13\"\n                    src=\"https:\/\/ecojardindesgrivauds.fr\/wp-content\/gallery\/2020_05_03-chenilles\/thumbs\/thumbs_2020-05-02_17-33-13.jpg\"\n                    width=\"240\"\n                    height=\"160\"\n                    style=\"max-width:100%;\"\n                \/>\n            <\/a>\n        <\/div>\n\t\t\t\t\t\t\t<\/div> \n\t\t\t\n        \n\t\t\t\t<div id=\"ngg-image-16\" class=\"ngg-gallery-thumbnail-box\" >\n\t\t\t\t        <div class=\"ngg-gallery-thumbnail\">\n            <a href=\"https:\/\/ecojardindesgrivauds.fr\/wp-content\/gallery\/2020_05_03-chenilles\/2020-04-29_16-40-59.jpg\"\n               title=\"Fad\u00e9 commun\"\n               data-src=\"https:\/\/ecojardindesgrivauds.fr\/wp-content\/gallery\/2020_05_03-chenilles\/2020-04-29_16-40-59.jpg\"\n               data-thumbnail=\"https:\/\/ecojardindesgrivauds.fr\/wp-content\/gallery\/2020_05_03-chenilles\/thumbs\/thumbs_2020-04-29_16-40-59.jpg\"\n               data-image-id=\"1572\"\n               data-title=\"2020-04-29_16-40-59\"\n               data-description=\"Fad\u00e9 commun\"\n               data-image-slug=\"2020-04-29_16-40-59\"\n               class=\"ngg-fancybox\" rel=\"25679a996cf2d370c5f5b73bce8a3303\">\n                <img\n                    title=\"2020-04-29_16-40-59\"\n                    alt=\"2020-04-29_16-40-59\"\n                    src=\"https:\/\/ecojardindesgrivauds.fr\/wp-content\/gallery\/2020_05_03-chenilles\/thumbs\/thumbs_2020-04-29_16-40-59.jpg\"\n                    width=\"240\"\n                    height=\"160\"\n                    style=\"max-width:100%;\"\n                \/>\n            <\/a>\n        <\/div>\n\t\t\t\t\t\t\t<\/div> \n\t\t\t\n        \n\t\t\t\t<div id=\"ngg-image-17\" class=\"ngg-gallery-thumbnail-box\" >\n\t\t\t\t        <div class=\"ngg-gallery-thumbnail\">\n            <a href=\"https:\/\/ecojardindesgrivauds.fr\/wp-content\/gallery\/2020_05_03-chenilles\/2020-05-02_16-23-31.jpg\"\n               title=\"\u00c9caille fermi\u00e8re (Arctia villica)\"\n               data-src=\"https:\/\/ecojardindesgrivauds.fr\/wp-content\/gallery\/2020_05_03-chenilles\/2020-05-02_16-23-31.jpg\"\n               data-thumbnail=\"https:\/\/ecojardindesgrivauds.fr\/wp-content\/gallery\/2020_05_03-chenilles\/thumbs\/thumbs_2020-05-02_16-23-31.jpg\"\n               data-image-id=\"1581\"\n               data-title=\"2020-05-02_16-23-31\"\n               data-description=\"\u00c9caille fermi\u00e8re (Arctia villica)\"\n               data-image-slug=\"2020-05-02_16-23-31\"\n               class=\"ngg-fancybox\" rel=\"25679a996cf2d370c5f5b73bce8a3303\">\n                <img\n                    title=\"2020-05-02_16-23-31\"\n                    alt=\"2020-05-02_16-23-31\"\n                    src=\"https:\/\/ecojardindesgrivauds.fr\/wp-content\/gallery\/2020_05_03-chenilles\/thumbs\/thumbs_2020-05-02_16-23-31.jpg\"\n                    width=\"240\"\n                    height=\"160\"\n                    style=\"max-width:100%;\"\n                \/>\n            <\/a>\n        <\/div>\n\t\t\t\t\t\t\t<\/div> \n\t\t\t\n        \n\t\t\t\t<div id=\"ngg-image-18\" class=\"ngg-gallery-thumbnail-box\" >\n\t\t\t\t        <div class=\"ngg-gallery-thumbnail\">\n            <a href=\"https:\/\/ecojardindesgrivauds.fr\/wp-content\/gallery\/2020_05_03-chenilles\/2020-04-27_12-26-25.jpg\"\n               title=\"Anax empereur (femelle)\"\n               data-src=\"https:\/\/ecojardindesgrivauds.fr\/wp-content\/gallery\/2020_05_03-chenilles\/2020-04-27_12-26-25.jpg\"\n               data-thumbnail=\"https:\/\/ecojardindesgrivauds.fr\/wp-content\/gallery\/2020_05_03-chenilles\/thumbs\/thumbs_2020-04-27_12-26-25.jpg\"\n               data-image-id=\"1560\"\n               data-title=\"2020-04-27_12-26-25\"\n               data-description=\"Anax empereur (femelle)\"\n               data-image-slug=\"2020-04-27_12-26-25\"\n               class=\"ngg-fancybox\" rel=\"25679a996cf2d370c5f5b73bce8a3303\">\n                <img\n                    title=\"2020-04-27_12-26-25\"\n                    alt=\"2020-04-27_12-26-25\"\n                    src=\"https:\/\/ecojardindesgrivauds.fr\/wp-content\/gallery\/2020_05_03-chenilles\/thumbs\/thumbs_2020-04-27_12-26-25.jpg\"\n                    width=\"240\"\n                    height=\"160\"\n                    style=\"max-width:100%;\"\n                \/>\n            <\/a>\n        <\/div>\n\t\t\t\t\t\t\t<\/div> \n\t\t\t\n        \n\t\t\t\t<div id=\"ngg-image-19\" class=\"ngg-gallery-thumbnail-box\" >\n\t\t\t\t        <div class=\"ngg-gallery-thumbnail\">\n            <a href=\"https:\/\/ecojardindesgrivauds.fr\/wp-content\/gallery\/2020_05_03-chenilles\/2020-05-01_18-06-54.jpg\"\n               title=\"Escargot de Bourgogne\"\n               data-src=\"https:\/\/ecojardindesgrivauds.fr\/wp-content\/gallery\/2020_05_03-chenilles\/2020-05-01_18-06-54.jpg\"\n               data-thumbnail=\"https:\/\/ecojardindesgrivauds.fr\/wp-content\/gallery\/2020_05_03-chenilles\/thumbs\/thumbs_2020-05-01_18-06-54.jpg\"\n               data-image-id=\"1576\"\n               data-title=\"2020-05-01_18-06-54\"\n               data-description=\"Escargot de Bourgogne\"\n               data-image-slug=\"2020-05-01_18-06-54\"\n               class=\"ngg-fancybox\" rel=\"25679a996cf2d370c5f5b73bce8a3303\">\n                <img\n                    title=\"2020-05-01_18-06-54\"\n                    alt=\"2020-05-01_18-06-54\"\n                    src=\"https:\/\/ecojardindesgrivauds.fr\/wp-content\/gallery\/2020_05_03-chenilles\/thumbs\/thumbs_2020-05-01_18-06-54.jpg\"\n                    width=\"240\"\n                    height=\"160\"\n                    style=\"max-width:100%;\"\n                \/>\n            <\/a>\n        <\/div>\n\t\t\t\t\t\t\t<\/div> \n\t\t\t\n        \n\t\t\t\t<div id=\"ngg-image-20\" class=\"ngg-gallery-thumbnail-box\" >\n\t\t\t\t        <div class=\"ngg-gallery-thumbnail\">\n            <a href=\"https:\/\/ecojardindesgrivauds.fr\/wp-content\/gallery\/2020_05_03-chenilles\/2020-05-02_14-24-00.jpg\"\n               title=\"Escargot des haies 00345 (pas si fr\u00e9quent !)\"\n               data-src=\"https:\/\/ecojardindesgrivauds.fr\/wp-content\/gallery\/2020_05_03-chenilles\/2020-05-02_14-24-00.jpg\"\n               data-thumbnail=\"https:\/\/ecojardindesgrivauds.fr\/wp-content\/gallery\/2020_05_03-chenilles\/thumbs\/thumbs_2020-05-02_14-24-00.jpg\"\n               data-image-id=\"1579\"\n               data-title=\"2020-05-02_14-24-00\"\n               data-description=\"Escargot des haies 00345 (pas si fr\u00e9quent !)\"\n               data-image-slug=\"2020-05-02_14-24-00\"\n               class=\"ngg-fancybox\" rel=\"25679a996cf2d370c5f5b73bce8a3303\">\n                <img\n                    title=\"2020-05-02_14-24-00\"\n                    alt=\"2020-05-02_14-24-00\"\n                    src=\"https:\/\/ecojardindesgrivauds.fr\/wp-content\/gallery\/2020_05_03-chenilles\/thumbs\/thumbs_2020-05-02_14-24-00.jpg\"\n                    width=\"240\"\n                    height=\"160\"\n                    style=\"max-width:100%;\"\n                \/>\n            <\/a>\n        <\/div>\n\t\t\t\t\t\t\t<\/div> \n\t\t\t\n        \n\t\t\t\t<div id=\"ngg-image-21\" class=\"ngg-gallery-thumbnail-box\" >\n\t\t\t\t        <div class=\"ngg-gallery-thumbnail\">\n            <a href=\"https:\/\/ecojardindesgrivauds.fr\/wp-content\/gallery\/2020_05_03-chenilles\/2020-04-29_16-21-32.jpg\"\n               title=\"Accouplement de coccinelles \u00e0 deux points\"\n               data-src=\"https:\/\/ecojardindesgrivauds.fr\/wp-content\/gallery\/2020_05_03-chenilles\/2020-04-29_16-21-32.jpg\"\n               data-thumbnail=\"https:\/\/ecojardindesgrivauds.fr\/wp-content\/gallery\/2020_05_03-chenilles\/thumbs\/thumbs_2020-04-29_16-21-32.jpg\"\n               data-image-id=\"1571\"\n               data-title=\"2020-04-29_16-21-32\"\n               data-description=\"Accouplement de coccinelles \u00e0 deux points\"\n               data-image-slug=\"2020-04-29_16-21-32\"\n               class=\"ngg-fancybox\" rel=\"25679a996cf2d370c5f5b73bce8a3303\">\n                <img\n                    title=\"2020-04-29_16-21-32\"\n                    alt=\"2020-04-29_16-21-32\"\n                    src=\"https:\/\/ecojardindesgrivauds.fr\/wp-content\/gallery\/2020_05_03-chenilles\/thumbs\/thumbs_2020-04-29_16-21-32.jpg\"\n                    width=\"240\"\n                    height=\"160\"\n                    style=\"max-width:100%;\"\n                \/>\n            <\/a>\n        <\/div>\n\t\t\t\t\t\t\t<\/div> \n\t\t\t\n        \n\t\t\t\t<div id=\"ngg-image-22\" class=\"ngg-gallery-thumbnail-box\" >\n\t\t\t\t        <div class=\"ngg-gallery-thumbnail\">\n            <a href=\"https:\/\/ecojardindesgrivauds.fr\/wp-content\/gallery\/2020_05_03-chenilles\/2020-04-29_15-26-59.jpg\"\n               title=\"\u0152ufs de coccinelle sur salade\"\n               data-src=\"https:\/\/ecojardindesgrivauds.fr\/wp-content\/gallery\/2020_05_03-chenilles\/2020-04-29_15-26-59.jpg\"\n               data-thumbnail=\"https:\/\/ecojardindesgrivauds.fr\/wp-content\/gallery\/2020_05_03-chenilles\/thumbs\/thumbs_2020-04-29_15-26-59.jpg\"\n               data-image-id=\"1568\"\n               data-title=\"2020-04-29_15-26-59\"\n               data-description=\"\u0152ufs de coccinelle sur salade\"\n               data-image-slug=\"2020-04-29_15-26-59\"\n               class=\"ngg-fancybox\" rel=\"25679a996cf2d370c5f5b73bce8a3303\">\n                <img\n                    title=\"2020-04-29_15-26-59\"\n                    alt=\"2020-04-29_15-26-59\"\n                    src=\"https:\/\/ecojardindesgrivauds.fr\/wp-content\/gallery\/2020_05_03-chenilles\/thumbs\/thumbs_2020-04-29_15-26-59.jpg\"\n                    width=\"240\"\n                    height=\"160\"\n                    style=\"max-width:100%;\"\n                \/>\n            <\/a>\n        <\/div>\n\t\t\t\t\t\t\t<\/div> \n\t\t\t\n        \n\t\t\t\t<div id=\"ngg-image-23\" class=\"ngg-gallery-thumbnail-box\" >\n\t\t\t\t        <div class=\"ngg-gallery-thumbnail\">\n            <a href=\"https:\/\/ecojardindesgrivauds.fr\/wp-content\/gallery\/2020_05_03-chenilles\/2020-04-27_10-03-43.jpg\"\n               title=\"Nymphe de coccinelle sur pois\"\n               data-src=\"https:\/\/ecojardindesgrivauds.fr\/wp-content\/gallery\/2020_05_03-chenilles\/2020-04-27_10-03-43.jpg\"\n               data-thumbnail=\"https:\/\/ecojardindesgrivauds.fr\/wp-content\/gallery\/2020_05_03-chenilles\/thumbs\/thumbs_2020-04-27_10-03-43.jpg\"\n               data-image-id=\"1559\"\n               data-title=\"2020-04-27_10-03-43\"\n               data-description=\"Nymphe de coccinelle sur pois\"\n               data-image-slug=\"2020-04-27_10-03-43\"\n               class=\"ngg-fancybox\" rel=\"25679a996cf2d370c5f5b73bce8a3303\">\n                <img\n                    title=\"2020-04-27_10-03-43\"\n                    alt=\"2020-04-27_10-03-43\"\n                    src=\"https:\/\/ecojardindesgrivauds.fr\/wp-content\/gallery\/2020_05_03-chenilles\/thumbs\/thumbs_2020-04-27_10-03-43.jpg\"\n                    width=\"240\"\n                    height=\"160\"\n                    style=\"max-width:100%;\"\n                \/>\n            <\/a>\n        <\/div>\n\t\t\t\t\t\t\t<\/div> \n\t\t\t\n        \n\t\t\t\t<div id=\"ngg-image-24\" class=\"ngg-gallery-thumbnail-box\" >\n\t\t\t\t        <div class=\"ngg-gallery-thumbnail\">\n            <a href=\"https:\/\/ecojardindesgrivauds.fr\/wp-content\/gallery\/2020_05_03-chenilles\/2020-04-29_15-08-26.jpg\"\n               title=\"Nymphe de coccinelle sur liseron\"\n               data-src=\"https:\/\/ecojardindesgrivauds.fr\/wp-content\/gallery\/2020_05_03-chenilles\/2020-04-29_15-08-26.jpg\"\n               data-thumbnail=\"https:\/\/ecojardindesgrivauds.fr\/wp-content\/gallery\/2020_05_03-chenilles\/thumbs\/thumbs_2020-04-29_15-08-26.jpg\"\n               data-image-id=\"1567\"\n               data-title=\"2020-04-29_15-08-26\"\n               data-description=\"Nymphe de coccinelle sur liseron\"\n               data-image-slug=\"2020-04-29_15-08-26\"\n               class=\"ngg-fancybox\" rel=\"25679a996cf2d370c5f5b73bce8a3303\">\n                <img\n                    title=\"2020-04-29_15-08-26\"\n                    alt=\"2020-04-29_15-08-26\"\n                    src=\"https:\/\/ecojardindesgrivauds.fr\/wp-content\/gallery\/2020_05_03-chenilles\/thumbs\/thumbs_2020-04-29_15-08-26.jpg\"\n                    width=\"240\"\n                    height=\"160\"\n                    style=\"max-width:100%;\"\n                \/>\n            <\/a>\n        <\/div>\n\t\t\t\t\t\t\t<\/div> \n\t\t\t\n        \n\t\t\t\t<div id=\"ngg-image-25\" class=\"ngg-gallery-thumbnail-box\" >\n\t\t\t\t        <div class=\"ngg-gallery-thumbnail\">\n            <a href=\"https:\/\/ecojardindesgrivauds.fr\/wp-content\/gallery\/2020_05_03-chenilles\/2020-05-02_18-08-06.jpg\"\n               title=\"Larve de vers luisant (notre premi\u00e8re de l&#039;ann\u00e9e)\"\n               data-src=\"https:\/\/ecojardindesgrivauds.fr\/wp-content\/gallery\/2020_05_03-chenilles\/2020-05-02_18-08-06.jpg\"\n               data-thumbnail=\"https:\/\/ecojardindesgrivauds.fr\/wp-content\/gallery\/2020_05_03-chenilles\/thumbs\/thumbs_2020-05-02_18-08-06.jpg\"\n               data-image-id=\"1583\"\n               data-title=\"2020-05-02_18-08-06\"\n               data-description=\"Larve de vers luisant (notre premi\u00e8re de l&#039;ann\u00e9e)\"\n               data-image-slug=\"2020-05-02_18-08-06\"\n               class=\"ngg-fancybox\" rel=\"25679a996cf2d370c5f5b73bce8a3303\">\n                <img\n                    title=\"2020-05-02_18-08-06\"\n                    alt=\"2020-05-02_18-08-06\"\n                    src=\"https:\/\/ecojardindesgrivauds.fr\/wp-content\/gallery\/2020_05_03-chenilles\/thumbs\/thumbs_2020-05-02_18-08-06.jpg\"\n                    width=\"240\"\n                    height=\"160\"\n                    style=\"max-width:100%;\"\n                \/>\n            <\/a>\n        <\/div>\n\t\t\t\t\t\t\t<\/div> \n\t\t\t\n        \n\t\t\n\t\t<!-- Pagination -->\n\t<div class='ngg-clear'><\/div>\t<\/div>\n\n","protected":false},"excerpt":{"rendered":"<p>\u00abMets tes deux pieds dans tes bottes, c&rsquo;est la pluvio qui red\u00e9marre\u00bb (proverbe mara\u00eecher). Dr\u00f4le de printemps, tout de m\u00eame. On se prend 40 jours de s\u00e9cheresse et on encha\u00eene avec une semaine extr\u00eamement pluvieuse, o\u00f9 on rel\u00e8ve 15 mm par jour dans le pluviom\u00e8tre. Nos sols encaissent l&rsquo;eau sans broncher, pas de probl\u00e8me de &hellip; <\/p>\n<p class=\"link-more\"><a href=\"https:\/\/ecojardindesgrivauds.fr\/?p=4912\" class=\"more-link\">Continuer la lecture<span class=\"screen-reader-text\"> de &laquo;&nbsp;La chenille ! La chenille !&nbsp;&raquo;<\/span><\/a><\/p>\n","protected":false},"author":1,"featured_media":0,"comment_status":"open","ping_status":"open","sticky":false,"template":"","format":"standard","meta":{"ngg_post_thumbnail":0},"categories":[1],"tags":[],"_links":{"self":[{"href":"https:\/\/ecojardindesgrivauds.fr\/index.php?rest_route=\/wp\/v2\/posts\/4912"}],"collection":[{"href":"https:\/\/ecojardindesgrivauds.fr\/index.php?rest_route=\/wp\/v2\/posts"}],"about":[{"href":"https:\/\/ecojardindesgrivauds.fr\/index.php?rest_route=\/wp\/v2\/types\/post"}],"author":[{"embeddable":true,"href":"https:\/\/ecojardindesgrivauds.fr\/index.php?rest_route=\/wp\/v2\/users\/1"}],"replies":[{"embeddable":true,"href":"https:\/\/ecojardindesgrivauds.fr\/index.php?rest_route=%2Fwp%2Fv2%2Fcomments&post=4912"}],"version-history":[{"count":7,"href":"https:\/\/ecojardindesgrivauds.fr\/index.php?rest_route=\/wp\/v2\/posts\/4912\/revisions"}],"predecessor-version":[{"id":4977,"href":"https:\/\/ecojardindesgrivauds.fr\/index.php?rest_route=\/wp\/v2\/posts\/4912\/revisions\/4977"}],"wp:attachment":[{"href":"https:\/\/ecojardindesgrivauds.fr\/index.php?rest_route=%2Fwp%2Fv2%2Fmedia&parent=4912"}],"wp:term":[{"taxonomy":"category","embeddable":true,"href":"https:\/\/ecojardindesgrivauds.fr\/index.php?rest_route=%2Fwp%2Fv2%2Fcategories&post=4912"},{"taxonomy":"post_tag","embeddable":true,"href":"https:\/\/ecojardindesgrivauds.fr\/index.php?rest_route=%2Fwp%2Fv2%2Ftags&post=4912"}],"curies":[{"name":"wp","href":"https:\/\/api.w.org\/{rel}","templated":true}]}}