{"id":4978,"date":"2020-05-10T09:30:16","date_gmt":"2020-05-10T07:30:16","guid":{"rendered":"http:\/\/ecojardindesgrivauds.fr\/?p=4978"},"modified":"2020-05-10T09:37:54","modified_gmt":"2020-05-10T07:37:54","slug":"les-amaps-vont-redemarrer","status":"publish","type":"post","link":"https:\/\/ecojardindesgrivauds.fr\/?p=4978","title":{"rendered":"Les Amaps vont red\u00e9marrer !"},"content":{"rendered":"\n<div class=\"wp-block-image\"><figure class=\"alignright size-medium\"><a href=\"http:\/\/ecojardindesgrivauds.fr\/wp-content\/uploads\/2020\/05\/2020-05-06_14-04-03.jpg\"><img decoding=\"async\" loading=\"lazy\" width=\"300\" height=\"225\" src=\"http:\/\/ecojardindesgrivauds.fr\/wp-content\/uploads\/2020\/05\/2020-05-06_14-04-03-300x225.jpg\" alt=\"\" class=\"wp-image-5030\" srcset=\"https:\/\/ecojardindesgrivauds.fr\/wp-content\/uploads\/2020\/05\/2020-05-06_14-04-03-300x225.jpg 300w, https:\/\/ecojardindesgrivauds.fr\/wp-content\/uploads\/2020\/05\/2020-05-06_14-04-03-768x576.jpg 768w, https:\/\/ecojardindesgrivauds.fr\/wp-content\/uploads\/2020\/05\/2020-05-06_14-04-03.jpg 1024w\" sizes=\"(max-width: 300px) 100vw, 300px\" \/><\/a><figcaption>Toutes nos tomates sont d\u00e9sormais plant\u00e9es. Les premi\u00e8res sont m\u00eame plut\u00f4t bien parties !<\/figcaption><\/figure><\/div>\n\n\n\n<p>Et on a m\u00eame des dates de rentr\u00e9e : le mercredi 20 mai pour l&rsquo;Amap de Bourbon-Lancy et le jeudi 28 mai pour celle de Dompierre. Il semblerait d&rsquo;ailleurs que la reprise de nos Amaps soit plac\u00e9e sous une bonne \u00e9toile cette ann\u00e9e ! D&rsquo;abord, le jardin est pr\u00eat pour encaisser les premi\u00e8res grosses r\u00e9coltes : carottes nouvelles, petits pois, oignons nouveaux, choux de printemps, courgettes, tout \u00e7a a bien pouss\u00e9 ! Certes, on risque d&rsquo;avoir un petit trou pour les premi\u00e8res salades du plein champ, qui peinent \u00e0 d\u00e9marrer. Et on regrette les quelques loup\u00e9s du printemps : des choux chinois qui partent en fleur, des mini-blettes qui arrivent deux semaines trop t\u00f4t et des \u00e9pinards qui n&rsquo;ont pas aim\u00e9 nos sols froids&#8230; Comme toujours, les premiers paniers ne seront pas les plus remplis mais on se rattrapera en \u00e9t\u00e9 !<\/p>\n\n\n\n<p>Ensuite, la r\u00e9-ouverture des Amaps co\u00efncide avec le d\u00e9-confinement, ce qui facilite les choses ! Bien entendu, que ce soit \u00e0 Dompierre ou \u00e0 Bourbon-Lancy, on a pr\u00e9vu un certain nombre de dispositifs pour limiter les risques de diffusion du coronavirus. La signature des contrats se fait par mail ou par courrier. D&rsquo;ailleurs, si vous h\u00e9sitiez encore \u00e0 rejoindre ces Amaps, sachez qu&rsquo;il reste de la place ; contactez-nous et on vous expliquera les modalit\u00e9s d&rsquo;inscription. Et si vous aviez des doutes sur ce que signifie le mot \u00abAmap\u00bb, allez jeter un coup d&rsquo;\u0153il <a href=\"http:\/\/lespaniersdelabesbre.blogspot.com\/p\/accueil.html\">au site \u00abLes Paniers de la Besbre\u00bb (l&rsquo;Amap de Dompierre)<\/a> o\u00f9 c&rsquo;est tr\u00e8s bien expliqu\u00e9 !<\/p>\n\n\n\n<div class=\"wp-block-image\"><figure class=\"alignright size-medium\"><a href=\"http:\/\/ecojardindesgrivauds.fr\/wp-content\/uploads\/2020\/05\/2020-05-09_15-00-43.jpg\"><img decoding=\"async\" loading=\"lazy\" width=\"225\" height=\"300\" src=\"http:\/\/ecojardindesgrivauds.fr\/wp-content\/uploads\/2020\/05\/2020-05-09_15-00-43-225x300.jpg\" alt=\"\" class=\"wp-image-4996\" srcset=\"https:\/\/ecojardindesgrivauds.fr\/wp-content\/uploads\/2020\/05\/2020-05-09_15-00-43-225x300.jpg 225w, https:\/\/ecojardindesgrivauds.fr\/wp-content\/uploads\/2020\/05\/2020-05-09_15-00-43.jpg 768w\" sizes=\"(max-width: 225px) 100vw, 225px\" \/><\/a><figcaption>Enfin ! Les haricots \u00e0 rame d\u00e9collent !<\/figcaption><\/figure><\/div>\n\n\n\n<p>Que s&rsquo;est-il pass\u00e9 pendant ces quelques semaines de coupure ? Eh bien, nous avons plant\u00e9 nos l\u00e9gumes d&rsquo;\u00e9t\u00e9 (courgettes, tomates, aubergines, concombres, haricots, poivrons, melons, etc.). Tout ce petit monde a d\u00e9j\u00e0 commenc\u00e9 \u00e0 pousser et \u00e7a fait plaisir de palisser des tomates autant en forme ! Il nous reste encore \u00e0 planter une s\u00e9rie d&rsquo;aubergines, quelques concombres et des courgettes de plein champ. Ensuite, on pourra se concentrer sur les premi\u00e8res s\u00e9ries de l\u00e9gumes d&rsquo;automne et d&rsquo;hiver : betteraves, c\u00e9leris-raves, courges et poireaux. Les chantiers se bousculent mais on est \u00e0 peu pr\u00e8s \u00e0 l&rsquo;heure. Heureusement qu&rsquo;on a Maxime avec nous, sinon on serait dans les choux ! (Au sens figur\u00e9, hein !)<\/p>\n\n\n\n<p>C\u00f4t\u00e9 Wwoofing, <a href=\"https:\/\/asso.wwoof.fr\/deconfinement-les-precautions-de-reprise-du-wwoofing\/\">la nouvelle vient de tomber : c&rsquo;est de nouveau permis ! <\/a>Mais&#8230; uniquement dans la limite de la r\u00e8gle des 100km&#8230; Donc on fait une croix sur nos r\u00e9servations du mois de mai. Par contre, si vous connaissez un(e) bourbonnais(e) qui a envie de venir passer quelques jours \u00e0 la ferme, vous pouvez lui parler de nous : pour l&rsquo;instant la caravane est vide !&#8230;<\/p>\n\n\n\n<p><em>\u00c0 la semaine prochaine !<\/em><\/p>\n\n\n\n<!-- index.php -->\n<div\n\tclass=\"ngg-galleryoverview ngg-ajax-pagination-none\"\n\tid=\"ngg-gallery-42dfafc47e041fbfa9a313babc0ed873-1\">\n\n    \t\t<!-- Thumbnails -->\n\t\t\t\t<div id=\"ngg-image-0\" class=\"ngg-gallery-thumbnail-box\" >\n\t\t\t\t        <div class=\"ngg-gallery-thumbnail\">\n            <a href=\"https:\/\/ecojardindesgrivauds.fr\/wp-content\/gallery\/2020_05_10-premier-chou-fleur\/2020-05-06_14-04-25.jpg\"\n               title=\"Paillage de la derni\u00e8re s\u00e9rie de tomates.\"\n               data-src=\"https:\/\/ecojardindesgrivauds.fr\/wp-content\/gallery\/2020_05_10-premier-chou-fleur\/2020-05-06_14-04-25.jpg\"\n               data-thumbnail=\"https:\/\/ecojardindesgrivauds.fr\/wp-content\/gallery\/2020_05_10-premier-chou-fleur\/thumbs\/thumbs_2020-05-06_14-04-25.jpg\"\n               data-image-id=\"1611\"\n               data-title=\"2020-05-06_14-04-25\"\n               data-description=\"Paillage de la derni\u00e8re s\u00e9rie de tomates.\"\n               data-image-slug=\"2020-05-06_14-04-25\"\n               class=\"ngg-fancybox\" rel=\"42dfafc47e041fbfa9a313babc0ed873\">\n                <img\n                    title=\"2020-05-06_14-04-25\"\n                    alt=\"2020-05-06_14-04-25\"\n                    src=\"https:\/\/ecojardindesgrivauds.fr\/wp-content\/gallery\/2020_05_10-premier-chou-fleur\/thumbs\/thumbs_2020-05-06_14-04-25.jpg\"\n                    width=\"240\"\n                    height=\"160\"\n                    style=\"max-width:100%;\"\n                \/>\n            <\/a>\n        <\/div>\n\t\t\t\t\t\t\t<\/div> \n\t\t\t\n        \n\t\t\t\t<div id=\"ngg-image-1\" class=\"ngg-gallery-thumbnail-box\" >\n\t\t\t\t        <div class=\"ngg-gallery-thumbnail\">\n            <a href=\"https:\/\/ecojardindesgrivauds.fr\/wp-content\/gallery\/2020_05_10-premier-chou-fleur\/2020-05-05_16-19-34.jpg\"\n               title=\"Plantation des salades (Denis et Maxime)\"\n               data-src=\"https:\/\/ecojardindesgrivauds.fr\/wp-content\/gallery\/2020_05_10-premier-chou-fleur\/2020-05-05_16-19-34.jpg\"\n               data-thumbnail=\"https:\/\/ecojardindesgrivauds.fr\/wp-content\/gallery\/2020_05_10-premier-chou-fleur\/thumbs\/thumbs_2020-05-05_16-19-34.jpg\"\n               data-image-id=\"1586\"\n               data-title=\"2020-05-05_16-19-34\"\n               data-description=\"Plantation des salades (Denis et Maxime)\"\n               data-image-slug=\"2020-05-05_16-19-34\"\n               class=\"ngg-fancybox\" rel=\"42dfafc47e041fbfa9a313babc0ed873\">\n                <img\n                    title=\"2020-05-05_16-19-34\"\n                    alt=\"2020-05-05_16-19-34\"\n                    src=\"https:\/\/ecojardindesgrivauds.fr\/wp-content\/gallery\/2020_05_10-premier-chou-fleur\/thumbs\/thumbs_2020-05-05_16-19-34.jpg\"\n                    width=\"240\"\n                    height=\"160\"\n                    style=\"max-width:100%;\"\n                \/>\n            <\/a>\n        <\/div>\n\t\t\t\t\t\t\t<\/div> \n\t\t\t\n        \n\t\t\t\t<div id=\"ngg-image-2\" class=\"ngg-gallery-thumbnail-box\" >\n\t\t\t\t        <div class=\"ngg-gallery-thumbnail\">\n            <a href=\"https:\/\/ecojardindesgrivauds.fr\/wp-content\/gallery\/2020_05_10-premier-chou-fleur\/2020-05-08_09-00-52.jpg\"\n               title=\"Premi\u00e8re r\u00e9colte d&#039;ail frais\"\n               data-src=\"https:\/\/ecojardindesgrivauds.fr\/wp-content\/gallery\/2020_05_10-premier-chou-fleur\/2020-05-08_09-00-52.jpg\"\n               data-thumbnail=\"https:\/\/ecojardindesgrivauds.fr\/wp-content\/gallery\/2020_05_10-premier-chou-fleur\/thumbs\/thumbs_2020-05-08_09-00-52.jpg\"\n               data-image-id=\"1589\"\n               data-title=\"2020-05-08_09-00-52\"\n               data-description=\"Premi\u00e8re r\u00e9colte d&#039;ail frais\"\n               data-image-slug=\"2020-05-08_09-00-52\"\n               class=\"ngg-fancybox\" rel=\"42dfafc47e041fbfa9a313babc0ed873\">\n                <img\n                    title=\"2020-05-08_09-00-52\"\n                    alt=\"2020-05-08_09-00-52\"\n                    src=\"https:\/\/ecojardindesgrivauds.fr\/wp-content\/gallery\/2020_05_10-premier-chou-fleur\/thumbs\/thumbs_2020-05-08_09-00-52.jpg\"\n                    width=\"240\"\n                    height=\"160\"\n                    style=\"max-width:100%;\"\n                \/>\n            <\/a>\n        <\/div>\n\t\t\t\t\t\t\t<\/div> \n\t\t\t\n        \n\t\t\t\t<div id=\"ngg-image-3\" class=\"ngg-gallery-thumbnail-box\" >\n\t\t\t\t        <div class=\"ngg-gallery-thumbnail\">\n            <a href=\"https:\/\/ecojardindesgrivauds.fr\/wp-content\/gallery\/2020_05_10-premier-chou-fleur\/2020-05-09_07-47-50.jpg\"\n               title=\"Sur le march\u00e9 de Pierrefitte : o\u00f9 est Sandrine ?\"\n               data-src=\"https:\/\/ecojardindesgrivauds.fr\/wp-content\/gallery\/2020_05_10-premier-chou-fleur\/2020-05-09_07-47-50.jpg\"\n               data-thumbnail=\"https:\/\/ecojardindesgrivauds.fr\/wp-content\/gallery\/2020_05_10-premier-chou-fleur\/thumbs\/thumbs_2020-05-09_07-47-50.jpg\"\n               data-image-id=\"1592\"\n               data-title=\"2020-05-09_07-47-50\"\n               data-description=\"Sur le march\u00e9 de Pierrefitte : o\u00f9 est Sandrine ?\"\n               data-image-slug=\"2020-05-09_07-47-50\"\n               class=\"ngg-fancybox\" rel=\"42dfafc47e041fbfa9a313babc0ed873\">\n                <img\n                    title=\"2020-05-09_07-47-50\"\n                    alt=\"2020-05-09_07-47-50\"\n                    src=\"https:\/\/ecojardindesgrivauds.fr\/wp-content\/gallery\/2020_05_10-premier-chou-fleur\/thumbs\/thumbs_2020-05-09_07-47-50.jpg\"\n                    width=\"240\"\n                    height=\"160\"\n                    style=\"max-width:100%;\"\n                \/>\n            <\/a>\n        <\/div>\n\t\t\t\t\t\t\t<\/div> \n\t\t\t\n        \n\t\t\t\t<div id=\"ngg-image-4\" class=\"ngg-gallery-thumbnail-box\" >\n\t\t\t\t        <div class=\"ngg-gallery-thumbnail\">\n            <a href=\"https:\/\/ecojardindesgrivauds.fr\/wp-content\/gallery\/2020_05_10-premier-chou-fleur\/2020-05-09_08-38-24.jpg\"\n               title=\"Serre n\u00ba7 : on sait d\u00e9sormais qu&#039;on peut cultiver du chou-fleur au printemps !\"\n               data-src=\"https:\/\/ecojardindesgrivauds.fr\/wp-content\/gallery\/2020_05_10-premier-chou-fleur\/2020-05-09_08-38-24.jpg\"\n               data-thumbnail=\"https:\/\/ecojardindesgrivauds.fr\/wp-content\/gallery\/2020_05_10-premier-chou-fleur\/thumbs\/thumbs_2020-05-09_08-38-24.jpg\"\n               data-image-id=\"1594\"\n               data-title=\"2020-05-09_08-38-24\"\n               data-description=\"Serre n\u00ba7 : on sait d\u00e9sormais qu&#039;on peut cultiver du chou-fleur au printemps !\"\n               data-image-slug=\"2020-05-09_08-38-24\"\n               class=\"ngg-fancybox\" rel=\"42dfafc47e041fbfa9a313babc0ed873\">\n                <img\n                    title=\"2020-05-09_08-38-24\"\n                    alt=\"2020-05-09_08-38-24\"\n                    src=\"https:\/\/ecojardindesgrivauds.fr\/wp-content\/gallery\/2020_05_10-premier-chou-fleur\/thumbs\/thumbs_2020-05-09_08-38-24.jpg\"\n                    width=\"240\"\n                    height=\"160\"\n                    style=\"max-width:100%;\"\n                \/>\n            <\/a>\n        <\/div>\n\t\t\t\t\t\t\t<\/div> \n\t\t\t\n        \n\t\t\t\t<div id=\"ngg-image-5\" class=\"ngg-gallery-thumbnail-box\" >\n\t\t\t\t        <div class=\"ngg-gallery-thumbnail\">\n            <a href=\"https:\/\/ecojardindesgrivauds.fr\/wp-content\/gallery\/2020_05_10-premier-chou-fleur\/2020-05-09_08-38-34.jpg\"\n               title=\"Celui-l\u00e0 sera r\u00e9colt\u00e9 la semaine prochaine !\"\n               data-src=\"https:\/\/ecojardindesgrivauds.fr\/wp-content\/gallery\/2020_05_10-premier-chou-fleur\/2020-05-09_08-38-34.jpg\"\n               data-thumbnail=\"https:\/\/ecojardindesgrivauds.fr\/wp-content\/gallery\/2020_05_10-premier-chou-fleur\/thumbs\/thumbs_2020-05-09_08-38-34.jpg\"\n               data-image-id=\"1595\"\n               data-title=\"2020-05-09_08-38-34\"\n               data-description=\"Celui-l\u00e0 sera r\u00e9colt\u00e9 la semaine prochaine !\"\n               data-image-slug=\"2020-05-09_08-38-34\"\n               class=\"ngg-fancybox\" rel=\"42dfafc47e041fbfa9a313babc0ed873\">\n                <img\n                    title=\"2020-05-09_08-38-34\"\n                    alt=\"2020-05-09_08-38-34\"\n                    src=\"https:\/\/ecojardindesgrivauds.fr\/wp-content\/gallery\/2020_05_10-premier-chou-fleur\/thumbs\/thumbs_2020-05-09_08-38-34.jpg\"\n                    width=\"240\"\n                    height=\"160\"\n                    style=\"max-width:100%;\"\n                \/>\n            <\/a>\n        <\/div>\n\t\t\t\t\t\t\t<\/div> \n\t\t\t\n        \n\t\t\t\t<div id=\"ngg-image-6\" class=\"ngg-gallery-thumbnail-box\" >\n\t\t\t\t        <div class=\"ngg-gallery-thumbnail\">\n            <a href=\"https:\/\/ecojardindesgrivauds.fr\/wp-content\/gallery\/2020_05_10-premier-chou-fleur\/2020-05-09_08-39-36.jpg\"\n               title=\"Brocolis : c&#039;est irr\u00e9gulier mais il y a quelques belles b\u00eates !\"\n               data-src=\"https:\/\/ecojardindesgrivauds.fr\/wp-content\/gallery\/2020_05_10-premier-chou-fleur\/2020-05-09_08-39-36.jpg\"\n               data-thumbnail=\"https:\/\/ecojardindesgrivauds.fr\/wp-content\/gallery\/2020_05_10-premier-chou-fleur\/thumbs\/thumbs_2020-05-09_08-39-36.jpg\"\n               data-image-id=\"1596\"\n               data-title=\"2020-05-09_08-39-36\"\n               data-description=\"Brocolis : c&#039;est irr\u00e9gulier mais il y a quelques belles b\u00eates !\"\n               data-image-slug=\"2020-05-09_08-39-36\"\n               class=\"ngg-fancybox\" rel=\"42dfafc47e041fbfa9a313babc0ed873\">\n                <img\n                    title=\"2020-05-09_08-39-36\"\n                    alt=\"2020-05-09_08-39-36\"\n                    src=\"https:\/\/ecojardindesgrivauds.fr\/wp-content\/gallery\/2020_05_10-premier-chou-fleur\/thumbs\/thumbs_2020-05-09_08-39-36.jpg\"\n                    width=\"240\"\n                    height=\"160\"\n                    style=\"max-width:100%;\"\n                \/>\n            <\/a>\n        <\/div>\n\t\t\t\t\t\t\t<\/div> \n\t\t\t\n        \n\t\t\t\t<div id=\"ngg-image-7\" class=\"ngg-gallery-thumbnail-box\" >\n\t\t\t\t        <div class=\"ngg-gallery-thumbnail\">\n            <a href=\"https:\/\/ecojardindesgrivauds.fr\/wp-content\/gallery\/2020_05_10-premier-chou-fleur\/2020-05-09_08-40-48.jpg\"\n               title=\"Regardez de pr\u00e8s : on voit appara\u00eetre la fleur !\"\n               data-src=\"https:\/\/ecojardindesgrivauds.fr\/wp-content\/gallery\/2020_05_10-premier-chou-fleur\/2020-05-09_08-40-48.jpg\"\n               data-thumbnail=\"https:\/\/ecojardindesgrivauds.fr\/wp-content\/gallery\/2020_05_10-premier-chou-fleur\/thumbs\/thumbs_2020-05-09_08-40-48.jpg\"\n               data-image-id=\"1598\"\n               data-title=\"2020-05-09_08-40-48\"\n               data-description=\"Regardez de pr\u00e8s : on voit appara\u00eetre la fleur !\"\n               data-image-slug=\"2020-05-09_08-40-48\"\n               class=\"ngg-fancybox\" rel=\"42dfafc47e041fbfa9a313babc0ed873\">\n                <img\n                    title=\"2020-05-09_08-40-48\"\n                    alt=\"2020-05-09_08-40-48\"\n                    src=\"https:\/\/ecojardindesgrivauds.fr\/wp-content\/gallery\/2020_05_10-premier-chou-fleur\/thumbs\/thumbs_2020-05-09_08-40-48.jpg\"\n                    width=\"240\"\n                    height=\"160\"\n                    style=\"max-width:100%;\"\n                \/>\n            <\/a>\n        <\/div>\n\t\t\t\t\t\t\t<\/div> \n\t\t\t\n        \n\t\t\t\t<div id=\"ngg-image-8\" class=\"ngg-gallery-thumbnail-box\" >\n\t\t\t\t        <div class=\"ngg-gallery-thumbnail\">\n            <a href=\"https:\/\/ecojardindesgrivauds.fr\/wp-content\/gallery\/2020_05_10-premier-chou-fleur\/2020-05-09_08-40-19.jpg\"\n               title=\"Cressonette du Maroc : plus il fait chaud et plus elle est heureuse !\"\n               data-src=\"https:\/\/ecojardindesgrivauds.fr\/wp-content\/gallery\/2020_05_10-premier-chou-fleur\/2020-05-09_08-40-19.jpg\"\n               data-thumbnail=\"https:\/\/ecojardindesgrivauds.fr\/wp-content\/gallery\/2020_05_10-premier-chou-fleur\/thumbs\/thumbs_2020-05-09_08-40-19.jpg\"\n               data-image-id=\"1597\"\n               data-title=\"2020-05-09_08-40-19\"\n               data-description=\"Cressonette du Maroc : plus il fait chaud et plus elle est heureuse !\"\n               data-image-slug=\"2020-05-09_08-40-19\"\n               class=\"ngg-fancybox\" rel=\"42dfafc47e041fbfa9a313babc0ed873\">\n                <img\n                    title=\"2020-05-09_08-40-19\"\n                    alt=\"2020-05-09_08-40-19\"\n                    src=\"https:\/\/ecojardindesgrivauds.fr\/wp-content\/gallery\/2020_05_10-premier-chou-fleur\/thumbs\/thumbs_2020-05-09_08-40-19.jpg\"\n                    width=\"240\"\n                    height=\"160\"\n                    style=\"max-width:100%;\"\n                \/>\n            <\/a>\n        <\/div>\n\t\t\t\t\t\t\t<\/div> \n\t\t\t\n        \n\t\t\t\t<div id=\"ngg-image-9\" class=\"ngg-gallery-thumbnail-box\" >\n\t\t\t\t        <div class=\"ngg-gallery-thumbnail\">\n            <a href=\"https:\/\/ecojardindesgrivauds.fr\/wp-content\/gallery\/2020_05_10-premier-chou-fleur\/2020-05-09_15-44-54.jpg\"\n               title=\"Une pens\u00e9e pour Nicolas qui nous a aid\u00e9 \u00e0 planter tout \u00e7a !\"\n               data-src=\"https:\/\/ecojardindesgrivauds.fr\/wp-content\/gallery\/2020_05_10-premier-chou-fleur\/2020-05-09_15-44-54.jpg\"\n               data-thumbnail=\"https:\/\/ecojardindesgrivauds.fr\/wp-content\/gallery\/2020_05_10-premier-chou-fleur\/thumbs\/thumbs_2020-05-09_15-44-54.jpg\"\n               data-image-id=\"1606\"\n               data-title=\"2020-05-09_15-44-54\"\n               data-description=\"Une pens\u00e9e pour Nicolas qui nous a aid\u00e9 \u00e0 planter tout \u00e7a !\"\n               data-image-slug=\"2020-05-09_15-44-54\"\n               class=\"ngg-fancybox\" rel=\"42dfafc47e041fbfa9a313babc0ed873\">\n                <img\n                    title=\"2020-05-09_15-44-54\"\n                    alt=\"2020-05-09_15-44-54\"\n                    src=\"https:\/\/ecojardindesgrivauds.fr\/wp-content\/gallery\/2020_05_10-premier-chou-fleur\/thumbs\/thumbs_2020-05-09_15-44-54.jpg\"\n                    width=\"240\"\n                    height=\"160\"\n                    style=\"max-width:100%;\"\n                \/>\n            <\/a>\n        <\/div>\n\t\t\t\t\t\t\t<\/div> \n\t\t\t\n        \n\t\t\t\t<div id=\"ngg-image-10\" class=\"ngg-gallery-thumbnail-box\" >\n\t\t\t\t        <div class=\"ngg-gallery-thumbnail\">\n            <a href=\"https:\/\/ecojardindesgrivauds.fr\/wp-content\/gallery\/2020_05_10-premier-chou-fleur\/2020-05-09_17-20-51.jpg\"\n               title=\"Pommes de terre en serre n\u00ba3 : une planche prometteuse !\"\n               data-src=\"https:\/\/ecojardindesgrivauds.fr\/wp-content\/gallery\/2020_05_10-premier-chou-fleur\/2020-05-09_17-20-51.jpg\"\n               data-thumbnail=\"https:\/\/ecojardindesgrivauds.fr\/wp-content\/gallery\/2020_05_10-premier-chou-fleur\/thumbs\/thumbs_2020-05-09_17-20-51.jpg\"\n               data-image-id=\"1607\"\n               data-title=\"2020-05-09_17-20-51\"\n               data-description=\"Pommes de terre en serre n\u00ba3 : une planche prometteuse !\"\n               data-image-slug=\"2020-05-09_17-20-51\"\n               class=\"ngg-fancybox\" rel=\"42dfafc47e041fbfa9a313babc0ed873\">\n                <img\n                    title=\"2020-05-09_17-20-51\"\n                    alt=\"2020-05-09_17-20-51\"\n                    src=\"https:\/\/ecojardindesgrivauds.fr\/wp-content\/gallery\/2020_05_10-premier-chou-fleur\/thumbs\/thumbs_2020-05-09_17-20-51.jpg\"\n                    width=\"240\"\n                    height=\"160\"\n                    style=\"max-width:100%;\"\n                \/>\n            <\/a>\n        <\/div>\n\t\t\t\t\t\t\t<\/div> \n\t\t\t\n        \n\t\t\t\t<div id=\"ngg-image-11\" class=\"ngg-gallery-thumbnail-box\" >\n\t\t\t\t        <div class=\"ngg-gallery-thumbnail\">\n            <a href=\"https:\/\/ecojardindesgrivauds.fr\/wp-content\/gallery\/2020_05_10-premier-chou-fleur\/2020-05-09_17-21-40.jpg\"\n               title=\"Pour la premi\u00e8re fois depuis longtemps, on verra les pommes de terre fleurir au printemps !\"\n               data-src=\"https:\/\/ecojardindesgrivauds.fr\/wp-content\/gallery\/2020_05_10-premier-chou-fleur\/2020-05-09_17-21-40.jpg\"\n               data-thumbnail=\"https:\/\/ecojardindesgrivauds.fr\/wp-content\/gallery\/2020_05_10-premier-chou-fleur\/thumbs\/thumbs_2020-05-09_17-21-40.jpg\"\n               data-image-id=\"1608\"\n               data-title=\"2020-05-09_17-21-40\"\n               data-description=\"Pour la premi\u00e8re fois depuis longtemps, on verra les pommes de terre fleurir au printemps !\"\n               data-image-slug=\"2020-05-09_17-21-40\"\n               class=\"ngg-fancybox\" rel=\"42dfafc47e041fbfa9a313babc0ed873\">\n                <img\n                    title=\"2020-05-09_17-21-40\"\n                    alt=\"2020-05-09_17-21-40\"\n                    src=\"https:\/\/ecojardindesgrivauds.fr\/wp-content\/gallery\/2020_05_10-premier-chou-fleur\/thumbs\/thumbs_2020-05-09_17-21-40.jpg\"\n                    width=\"240\"\n                    height=\"160\"\n                    style=\"max-width:100%;\"\n                \/>\n            <\/a>\n        <\/div>\n\t\t\t\t\t\t\t<\/div> \n\t\t\t\n        \n\t\t\t\t<div id=\"ngg-image-12\" class=\"ngg-gallery-thumbnail-box\" >\n\t\t\t\t        <div class=\"ngg-gallery-thumbnail\">\n            <a href=\"https:\/\/ecojardindesgrivauds.fr\/wp-content\/gallery\/2020_05_10-premier-chou-fleur\/2020-05-09_15-21-15.jpg\"\n               title=\"Grande marguerite\"\n               data-src=\"https:\/\/ecojardindesgrivauds.fr\/wp-content\/gallery\/2020_05_10-premier-chou-fleur\/2020-05-09_15-21-15.jpg\"\n               data-thumbnail=\"https:\/\/ecojardindesgrivauds.fr\/wp-content\/gallery\/2020_05_10-premier-chou-fleur\/thumbs\/thumbs_2020-05-09_15-21-15.jpg\"\n               data-image-id=\"1604\"\n               data-title=\"2020-05-09_15-21-15\"\n               data-description=\"Grande marguerite\"\n               data-image-slug=\"2020-05-09_15-21-15\"\n               class=\"ngg-fancybox\" rel=\"42dfafc47e041fbfa9a313babc0ed873\">\n                <img\n                    title=\"2020-05-09_15-21-15\"\n                    alt=\"2020-05-09_15-21-15\"\n                    src=\"https:\/\/ecojardindesgrivauds.fr\/wp-content\/gallery\/2020_05_10-premier-chou-fleur\/thumbs\/thumbs_2020-05-09_15-21-15.jpg\"\n                    width=\"240\"\n                    height=\"160\"\n                    style=\"max-width:100%;\"\n                \/>\n            <\/a>\n        <\/div>\n\t\t\t\t\t\t\t<\/div> \n\t\t\t\n        \n\t\t\t\t<div id=\"ngg-image-13\" class=\"ngg-gallery-thumbnail-box\" >\n\t\t\t\t        <div class=\"ngg-gallery-thumbnail\">\n            <a href=\"https:\/\/ecojardindesgrivauds.fr\/wp-content\/gallery\/2020_05_10-premier-chou-fleur\/2020-05-06_16-37-13.jpg\"\n               title=\"Une photo de Sandrine, qui nous rappelle que notre champ ne produit pas que des l\u00e9gumes....\"\n               data-src=\"https:\/\/ecojardindesgrivauds.fr\/wp-content\/gallery\/2020_05_10-premier-chou-fleur\/2020-05-06_16-37-13.jpg\"\n               data-thumbnail=\"https:\/\/ecojardindesgrivauds.fr\/wp-content\/gallery\/2020_05_10-premier-chou-fleur\/thumbs\/thumbs_2020-05-06_16-37-13.jpg\"\n               data-image-id=\"1587\"\n               data-title=\"2020-05-06_16-37-13\"\n               data-description=\"Une photo de Sandrine, qui nous rappelle que notre champ ne produit pas que des l\u00e9gumes....\"\n               data-image-slug=\"2020-05-06_16-37-13\"\n               class=\"ngg-fancybox\" rel=\"42dfafc47e041fbfa9a313babc0ed873\">\n                <img\n                    title=\"2020-05-06_16-37-13\"\n                    alt=\"2020-05-06_16-37-13\"\n                    src=\"https:\/\/ecojardindesgrivauds.fr\/wp-content\/gallery\/2020_05_10-premier-chou-fleur\/thumbs\/thumbs_2020-05-06_16-37-13.jpg\"\n                    width=\"240\"\n                    height=\"160\"\n                    style=\"max-width:100%;\"\n                \/>\n            <\/a>\n        <\/div>\n\t\t\t\t\t\t\t<\/div> \n\t\t\t\n        \n\t\t\t\t<div id=\"ngg-image-14\" class=\"ngg-gallery-thumbnail-box\" >\n\t\t\t\t        <div class=\"ngg-gallery-thumbnail\">\n            <a href=\"https:\/\/ecojardindesgrivauds.fr\/wp-content\/gallery\/2020_05_10-premier-chou-fleur\/2020-05-09_08-32-35.jpg\"\n               title=\"Coccinelle \u00e0 sept points dans les aubergines\"\n               data-src=\"https:\/\/ecojardindesgrivauds.fr\/wp-content\/gallery\/2020_05_10-premier-chou-fleur\/2020-05-09_08-32-35.jpg\"\n               data-thumbnail=\"https:\/\/ecojardindesgrivauds.fr\/wp-content\/gallery\/2020_05_10-premier-chou-fleur\/thumbs\/thumbs_2020-05-09_08-32-35.jpg\"\n               data-image-id=\"1593\"\n               data-title=\"2020-05-09_08-32-35\"\n               data-description=\"Coccinelle \u00e0 sept points dans les aubergines\"\n               data-image-slug=\"2020-05-09_08-32-35\"\n               class=\"ngg-fancybox\" rel=\"42dfafc47e041fbfa9a313babc0ed873\">\n                <img\n                    title=\"2020-05-09_08-32-35\"\n                    alt=\"2020-05-09_08-32-35\"\n                    src=\"https:\/\/ecojardindesgrivauds.fr\/wp-content\/gallery\/2020_05_10-premier-chou-fleur\/thumbs\/thumbs_2020-05-09_08-32-35.jpg\"\n                    width=\"240\"\n                    height=\"160\"\n                    style=\"max-width:100%;\"\n                \/>\n            <\/a>\n        <\/div>\n\t\t\t\t\t\t\t<\/div> \n\t\t\t\n        \n\t\t\t\t<div id=\"ngg-image-15\" class=\"ngg-gallery-thumbnail-box\" >\n\t\t\t\t        <div class=\"ngg-gallery-thumbnail\">\n            <a href=\"https:\/\/ecojardindesgrivauds.fr\/wp-content\/gallery\/2020_05_10-premier-chou-fleur\/2020-05-09_09-20-53.jpg\"\n               title=\"Larve de syrphe dans les aubergines\"\n               data-src=\"https:\/\/ecojardindesgrivauds.fr\/wp-content\/gallery\/2020_05_10-premier-chou-fleur\/2020-05-09_09-20-53.jpg\"\n               data-thumbnail=\"https:\/\/ecojardindesgrivauds.fr\/wp-content\/gallery\/2020_05_10-premier-chou-fleur\/thumbs\/thumbs_2020-05-09_09-20-53.jpg\"\n               data-image-id=\"1599\"\n               data-title=\"2020-05-09_09-20-53\"\n               data-description=\"Larve de syrphe dans les aubergines\"\n               data-image-slug=\"2020-05-09_09-20-53\"\n               class=\"ngg-fancybox\" rel=\"42dfafc47e041fbfa9a313babc0ed873\">\n                <img\n                    title=\"2020-05-09_09-20-53\"\n                    alt=\"2020-05-09_09-20-53\"\n                    src=\"https:\/\/ecojardindesgrivauds.fr\/wp-content\/gallery\/2020_05_10-premier-chou-fleur\/thumbs\/thumbs_2020-05-09_09-20-53.jpg\"\n                    width=\"240\"\n                    height=\"160\"\n                    style=\"max-width:100%;\"\n                \/>\n            <\/a>\n        <\/div>\n\t\t\t\t\t\t\t<\/div> \n\t\t\t\n        \n\t\t\t\t<div id=\"ngg-image-16\" class=\"ngg-gallery-thumbnail-box\" >\n\t\t\t\t        <div class=\"ngg-gallery-thumbnail\">\n            <a href=\"https:\/\/ecojardindesgrivauds.fr\/wp-content\/gallery\/2020_05_10-premier-chou-fleur\/2020-05-08_18-15-40.jpg\"\n               title=\"M\u00eame les tomates ont pris le puceron ! Ici, c&#039;est le puceron dit \u00abrose et vert de la pomme de terre\u00bb.\"\n               data-src=\"https:\/\/ecojardindesgrivauds.fr\/wp-content\/gallery\/2020_05_10-premier-chou-fleur\/2020-05-08_18-15-40.jpg\"\n               data-thumbnail=\"https:\/\/ecojardindesgrivauds.fr\/wp-content\/gallery\/2020_05_10-premier-chou-fleur\/thumbs\/thumbs_2020-05-08_18-15-40.jpg\"\n               data-image-id=\"1591\"\n               data-title=\"2020-05-08_18-15-40\"\n               data-description=\"M\u00eame les tomates ont pris le puceron ! Ici, c&#039;est le puceron dit \u00abrose et vert de la pomme de terre\u00bb.\"\n               data-image-slug=\"2020-05-08_18-15-40\"\n               class=\"ngg-fancybox\" rel=\"42dfafc47e041fbfa9a313babc0ed873\">\n                <img\n                    title=\"2020-05-08_18-15-40\"\n                    alt=\"2020-05-08_18-15-40\"\n                    src=\"https:\/\/ecojardindesgrivauds.fr\/wp-content\/gallery\/2020_05_10-premier-chou-fleur\/thumbs\/thumbs_2020-05-08_18-15-40.jpg\"\n                    width=\"240\"\n                    height=\"160\"\n                    style=\"max-width:100%;\"\n                \/>\n            <\/a>\n        <\/div>\n\t\t\t\t\t\t\t<\/div> \n\t\t\t\n        \n\t\t\t\t<div id=\"ngg-image-17\" class=\"ngg-gallery-thumbnail-box\" >\n\t\t\t\t        <div class=\"ngg-gallery-thumbnail\">\n            <a href=\"https:\/\/ecojardindesgrivauds.fr\/wp-content\/gallery\/2020_05_10-premier-chou-fleur\/2020-05-08_08-33-13.jpg\"\n               title=\"\u00c0 identifier\"\n               data-src=\"https:\/\/ecojardindesgrivauds.fr\/wp-content\/gallery\/2020_05_10-premier-chou-fleur\/2020-05-08_08-33-13.jpg\"\n               data-thumbnail=\"https:\/\/ecojardindesgrivauds.fr\/wp-content\/gallery\/2020_05_10-premier-chou-fleur\/thumbs\/thumbs_2020-05-08_08-33-13.jpg\"\n               data-image-id=\"1588\"\n               data-title=\"2020-05-08_08-33-13\"\n               data-description=\"\u00c0 identifier\"\n               data-image-slug=\"2020-05-08_08-33-13\"\n               class=\"ngg-fancybox\" rel=\"42dfafc47e041fbfa9a313babc0ed873\">\n                <img\n                    title=\"2020-05-08_08-33-13\"\n                    alt=\"2020-05-08_08-33-13\"\n                    src=\"https:\/\/ecojardindesgrivauds.fr\/wp-content\/gallery\/2020_05_10-premier-chou-fleur\/thumbs\/thumbs_2020-05-08_08-33-13.jpg\"\n                    width=\"240\"\n                    height=\"160\"\n                    style=\"max-width:100%;\"\n                \/>\n            <\/a>\n        <\/div>\n\t\t\t\t\t\t\t<\/div> \n\t\t\t\n        \n\t\t\t\t<div id=\"ngg-image-18\" class=\"ngg-gallery-thumbnail-box\" >\n\t\t\t\t        <div class=\"ngg-gallery-thumbnail\">\n            <a href=\"https:\/\/ecojardindesgrivauds.fr\/wp-content\/gallery\/2020_05_10-premier-chou-fleur\/2020-05-09_15-44-23.jpg\"\n               title=\"Turquoise ou Procris de l&#039;oseille (Adscita statices)\"\n               data-src=\"https:\/\/ecojardindesgrivauds.fr\/wp-content\/gallery\/2020_05_10-premier-chou-fleur\/2020-05-09_15-44-23.jpg\"\n               data-thumbnail=\"https:\/\/ecojardindesgrivauds.fr\/wp-content\/gallery\/2020_05_10-premier-chou-fleur\/thumbs\/thumbs_2020-05-09_15-44-23.jpg\"\n               data-image-id=\"1605\"\n               data-title=\"2020-05-09_15-44-23\"\n               data-description=\"Turquoise ou Procris de l&#039;oseille (Adscita statices)\"\n               data-image-slug=\"2020-05-09_15-44-23\"\n               class=\"ngg-fancybox\" rel=\"42dfafc47e041fbfa9a313babc0ed873\">\n                <img\n                    title=\"2020-05-09_15-44-23\"\n                    alt=\"2020-05-09_15-44-23\"\n                    src=\"https:\/\/ecojardindesgrivauds.fr\/wp-content\/gallery\/2020_05_10-premier-chou-fleur\/thumbs\/thumbs_2020-05-09_15-44-23.jpg\"\n                    width=\"240\"\n                    height=\"160\"\n                    style=\"max-width:100%;\"\n                \/>\n            <\/a>\n        <\/div>\n\t\t\t\t\t\t\t<\/div> \n\t\t\t\n        \n\t\t\t\t<div id=\"ngg-image-19\" class=\"ngg-gallery-thumbnail-box\" >\n\t\t\t\t        <div class=\"ngg-gallery-thumbnail\">\n            <a href=\"https:\/\/ecojardindesgrivauds.fr\/wp-content\/gallery\/2020_05_10-premier-chou-fleur\/2020-05-09_18-53-08.jpg\"\n               title=\"Livr\u00e9es des arbres\"\n               data-src=\"https:\/\/ecojardindesgrivauds.fr\/wp-content\/gallery\/2020_05_10-premier-chou-fleur\/2020-05-09_18-53-08.jpg\"\n               data-thumbnail=\"https:\/\/ecojardindesgrivauds.fr\/wp-content\/gallery\/2020_05_10-premier-chou-fleur\/thumbs\/thumbs_2020-05-09_18-53-08.jpg\"\n               data-image-id=\"1609\"\n               data-title=\"2020-05-09_18-53-08\"\n               data-description=\"Livr\u00e9es des arbres\"\n               data-image-slug=\"2020-05-09_18-53-08\"\n               class=\"ngg-fancybox\" rel=\"42dfafc47e041fbfa9a313babc0ed873\">\n                <img\n                    title=\"2020-05-09_18-53-08\"\n                    alt=\"2020-05-09_18-53-08\"\n                    src=\"https:\/\/ecojardindesgrivauds.fr\/wp-content\/gallery\/2020_05_10-premier-chou-fleur\/thumbs\/thumbs_2020-05-09_18-53-08.jpg\"\n                    width=\"240\"\n                    height=\"160\"\n                    style=\"max-width:100%;\"\n                \/>\n            <\/a>\n        <\/div>\n\t\t\t\t\t\t\t<\/div> \n\t\t\t\n        \n\t\t\t\t<div id=\"ngg-image-20\" class=\"ngg-gallery-thumbnail-box\" >\n\t\t\t\t        <div class=\"ngg-gallery-thumbnail\">\n            <a href=\"https:\/\/ecojardindesgrivauds.fr\/wp-content\/gallery\/2020_05_10-premier-chou-fleur\/2020-05-06_15-39-34.jpg\"\n               title=\"Cardinal Rouge (Pyrochroa serraticornis) : \u00e0 v\u00e9rifier\"\n               data-src=\"https:\/\/ecojardindesgrivauds.fr\/wp-content\/gallery\/2020_05_10-premier-chou-fleur\/2020-05-06_15-39-34.jpg\"\n               data-thumbnail=\"https:\/\/ecojardindesgrivauds.fr\/wp-content\/gallery\/2020_05_10-premier-chou-fleur\/thumbs\/thumbs_2020-05-06_15-39-34.jpg\"\n               data-image-id=\"1612\"\n               data-title=\"2020-05-06_15-39-34\"\n               data-description=\"Cardinal Rouge (Pyrochroa serraticornis) : \u00e0 v\u00e9rifier\"\n               data-image-slug=\"2020-05-06_15-39-34\"\n               class=\"ngg-fancybox\" rel=\"42dfafc47e041fbfa9a313babc0ed873\">\n                <img\n                    title=\"2020-05-06_15-39-34\"\n                    alt=\"2020-05-06_15-39-34\"\n                    src=\"https:\/\/ecojardindesgrivauds.fr\/wp-content\/gallery\/2020_05_10-premier-chou-fleur\/thumbs\/thumbs_2020-05-06_15-39-34.jpg\"\n                    width=\"240\"\n                    height=\"160\"\n                    style=\"max-width:100%;\"\n                \/>\n            <\/a>\n        <\/div>\n\t\t\t\t\t\t\t<\/div> \n\t\t\t\n        \n\t\t\t\t<div id=\"ngg-image-21\" class=\"ngg-gallery-thumbnail-box\" >\n\t\t\t\t        <div class=\"ngg-gallery-thumbnail\">\n            <a href=\"https:\/\/ecojardindesgrivauds.fr\/wp-content\/gallery\/2020_05_10-premier-chou-fleur\/2020-05-06_15-40-11.jpg\"\n               title=\"Cardinal Rouge (Pyrochroa serraticornis) ;\u00a0\u00e0 v\u00e9rifier\"\n               data-src=\"https:\/\/ecojardindesgrivauds.fr\/wp-content\/gallery\/2020_05_10-premier-chou-fleur\/2020-05-06_15-40-11.jpg\"\n               data-thumbnail=\"https:\/\/ecojardindesgrivauds.fr\/wp-content\/gallery\/2020_05_10-premier-chou-fleur\/thumbs\/thumbs_2020-05-06_15-40-11.jpg\"\n               data-image-id=\"1613\"\n               data-title=\"2020-05-06_15-40-11\"\n               data-description=\"Cardinal Rouge (Pyrochroa serraticornis) ;\u00a0\u00e0 v\u00e9rifier\"\n               data-image-slug=\"2020-05-06_15-40-11\"\n               class=\"ngg-fancybox\" rel=\"42dfafc47e041fbfa9a313babc0ed873\">\n                <img\n                    title=\"2020-05-06_15-40-11\"\n                    alt=\"2020-05-06_15-40-11\"\n                    src=\"https:\/\/ecojardindesgrivauds.fr\/wp-content\/gallery\/2020_05_10-premier-chou-fleur\/thumbs\/thumbs_2020-05-06_15-40-11.jpg\"\n                    width=\"240\"\n                    height=\"160\"\n                    style=\"max-width:100%;\"\n                \/>\n            <\/a>\n        <\/div>\n\t\t\t\t\t\t\t<\/div> \n\t\t\t\n        \n\t\t\t\t<div id=\"ngg-image-22\" class=\"ngg-gallery-thumbnail-box\" >\n\t\t\t\t        <div class=\"ngg-gallery-thumbnail\">\n            <a href=\"https:\/\/ecojardindesgrivauds.fr\/wp-content\/gallery\/2020_05_10-premier-chou-fleur\/2020-05-08_12-44-30.jpg\"\n               title=\"Agrion \u00e9l\u00e9gant (Ischnura elegans)\"\n               data-src=\"https:\/\/ecojardindesgrivauds.fr\/wp-content\/gallery\/2020_05_10-premier-chou-fleur\/2020-05-08_12-44-30.jpg\"\n               data-thumbnail=\"https:\/\/ecojardindesgrivauds.fr\/wp-content\/gallery\/2020_05_10-premier-chou-fleur\/thumbs\/thumbs_2020-05-08_12-44-30.jpg\"\n               data-image-id=\"1590\"\n               data-title=\"2020-05-08_12-44-30\"\n               data-description=\"Agrion \u00e9l\u00e9gant (Ischnura elegans)\"\n               data-image-slug=\"2020-05-08_12-44-30\"\n               class=\"ngg-fancybox\" rel=\"42dfafc47e041fbfa9a313babc0ed873\">\n                <img\n                    title=\"2020-05-08_12-44-30\"\n                    alt=\"2020-05-08_12-44-30\"\n                    src=\"https:\/\/ecojardindesgrivauds.fr\/wp-content\/gallery\/2020_05_10-premier-chou-fleur\/thumbs\/thumbs_2020-05-08_12-44-30.jpg\"\n                    width=\"240\"\n                    height=\"160\"\n                    style=\"max-width:100%;\"\n                \/>\n            <\/a>\n        <\/div>\n\t\t\t\t\t\t\t<\/div> \n\t\t\t\n        \n\t\t\t\t<div id=\"ngg-image-23\" class=\"ngg-gallery-thumbnail-box\" >\n\t\t\t\t        <div class=\"ngg-gallery-thumbnail\">\n            <a href=\"https:\/\/ecojardindesgrivauds.fr\/wp-content\/gallery\/2020_05_10-premier-chou-fleur\/2020-05-05_12-42-20.jpg\"\n               title=\"Agrion jouvencelle (Coenagrion puella)\"\n               data-src=\"https:\/\/ecojardindesgrivauds.fr\/wp-content\/gallery\/2020_05_10-premier-chou-fleur\/2020-05-05_12-42-20.jpg\"\n               data-thumbnail=\"https:\/\/ecojardindesgrivauds.fr\/wp-content\/gallery\/2020_05_10-premier-chou-fleur\/thumbs\/thumbs_2020-05-05_12-42-20.jpg\"\n               data-image-id=\"1610\"\n               data-title=\"2020-05-05_12-42-20\"\n               data-description=\"Agrion jouvencelle (Coenagrion puella)\"\n               data-image-slug=\"2020-05-05_12-42-20\"\n               class=\"ngg-fancybox\" rel=\"42dfafc47e041fbfa9a313babc0ed873\">\n                <img\n                    title=\"2020-05-05_12-42-20\"\n                    alt=\"2020-05-05_12-42-20\"\n                    src=\"https:\/\/ecojardindesgrivauds.fr\/wp-content\/gallery\/2020_05_10-premier-chou-fleur\/thumbs\/thumbs_2020-05-05_12-42-20.jpg\"\n                    width=\"240\"\n                    height=\"160\"\n                    style=\"max-width:100%;\"\n                \/>\n            <\/a>\n        <\/div>\n\t\t\t\t\t\t\t<\/div> \n\t\t\t\n        \n\t\t\t\t<div id=\"ngg-image-24\" class=\"ngg-gallery-thumbnail-box\" >\n\t\t\t\t        <div class=\"ngg-gallery-thumbnail\">\n            <a href=\"https:\/\/ecojardindesgrivauds.fr\/wp-content\/gallery\/2020_05_10-premier-chou-fleur\/2020-05-09_15-00-10.jpg\"\n               title=\"Libellule \u00e9carlate (Crocothemis erythraea) ; m\u00e2le immature\"\n               data-src=\"https:\/\/ecojardindesgrivauds.fr\/wp-content\/gallery\/2020_05_10-premier-chou-fleur\/2020-05-09_15-00-10.jpg\"\n               data-thumbnail=\"https:\/\/ecojardindesgrivauds.fr\/wp-content\/gallery\/2020_05_10-premier-chou-fleur\/thumbs\/thumbs_2020-05-09_15-00-10.jpg\"\n               data-image-id=\"1600\"\n               data-title=\"2020-05-09_15-00-10\"\n               data-description=\"Libellule \u00e9carlate (Crocothemis erythraea) ; m\u00e2le immature\"\n               data-image-slug=\"2020-05-09_15-00-10\"\n               class=\"ngg-fancybox\" rel=\"42dfafc47e041fbfa9a313babc0ed873\">\n                <img\n                    title=\"2020-05-09_15-00-10\"\n                    alt=\"2020-05-09_15-00-10\"\n                    src=\"https:\/\/ecojardindesgrivauds.fr\/wp-content\/gallery\/2020_05_10-premier-chou-fleur\/thumbs\/thumbs_2020-05-09_15-00-10.jpg\"\n                    width=\"240\"\n                    height=\"160\"\n                    style=\"max-width:100%;\"\n                \/>\n            <\/a>\n        <\/div>\n\t\t\t\t\t\t\t<\/div> \n\t\t\t\n        \n\t\t\t\t<div id=\"ngg-image-25\" class=\"ngg-gallery-thumbnail-box\" >\n\t\t\t\t        <div class=\"ngg-gallery-thumbnail\">\n            <a href=\"https:\/\/ecojardindesgrivauds.fr\/wp-content\/gallery\/2020_05_10-premier-chou-fleur\/2020-05-09_15-00-24.jpg\"\n               title=\"Libellule \u00e9carlate (Crocothemis erythraea) ; m\u00e2le immature\"\n               data-src=\"https:\/\/ecojardindesgrivauds.fr\/wp-content\/gallery\/2020_05_10-premier-chou-fleur\/2020-05-09_15-00-24.jpg\"\n               data-thumbnail=\"https:\/\/ecojardindesgrivauds.fr\/wp-content\/gallery\/2020_05_10-premier-chou-fleur\/thumbs\/thumbs_2020-05-09_15-00-24.jpg\"\n               data-image-id=\"1601\"\n               data-title=\"2020-05-09_15-00-24\"\n               data-description=\"Libellule \u00e9carlate (Crocothemis erythraea) ; m\u00e2le immature\"\n               data-image-slug=\"2020-05-09_15-00-24\"\n               class=\"ngg-fancybox\" rel=\"42dfafc47e041fbfa9a313babc0ed873\">\n                <img\n                    title=\"2020-05-09_15-00-24\"\n                    alt=\"2020-05-09_15-00-24\"\n                    src=\"https:\/\/ecojardindesgrivauds.fr\/wp-content\/gallery\/2020_05_10-premier-chou-fleur\/thumbs\/thumbs_2020-05-09_15-00-24.jpg\"\n                    width=\"240\"\n                    height=\"160\"\n                    style=\"max-width:100%;\"\n                \/>\n            <\/a>\n        <\/div>\n\t\t\t\t\t\t\t<\/div> \n\t\t\t\n        \n\t\t\t\t<div id=\"ngg-image-26\" class=\"ngg-gallery-thumbnail-box\" >\n\t\t\t\t        <div class=\"ngg-gallery-thumbnail\">\n            <a href=\"https:\/\/ecojardindesgrivauds.fr\/wp-content\/gallery\/2020_05_10-premier-chou-fleur\/2020-05-09_15-19-50.jpg\"\n               title=\"Hypola\u00efs polyglotte\"\n               data-src=\"https:\/\/ecojardindesgrivauds.fr\/wp-content\/gallery\/2020_05_10-premier-chou-fleur\/2020-05-09_15-19-50.jpg\"\n               data-thumbnail=\"https:\/\/ecojardindesgrivauds.fr\/wp-content\/gallery\/2020_05_10-premier-chou-fleur\/thumbs\/thumbs_2020-05-09_15-19-50.jpg\"\n               data-image-id=\"1603\"\n               data-title=\"2020-05-09_15-19-50\"\n               data-description=\"Hypola\u00efs polyglotte\"\n               data-image-slug=\"2020-05-09_15-19-50\"\n               class=\"ngg-fancybox\" rel=\"42dfafc47e041fbfa9a313babc0ed873\">\n                <img\n                    title=\"2020-05-09_15-19-50\"\n                    alt=\"2020-05-09_15-19-50\"\n                    src=\"https:\/\/ecojardindesgrivauds.fr\/wp-content\/gallery\/2020_05_10-premier-chou-fleur\/thumbs\/thumbs_2020-05-09_15-19-50.jpg\"\n                    width=\"240\"\n                    height=\"160\"\n                    style=\"max-width:100%;\"\n                \/>\n            <\/a>\n        <\/div>\n\t\t\t\t\t\t\t<\/div> \n\t\t\t\n        \n\t\t\n\t\t<!-- Pagination -->\n\t<div class='ngg-clear'><\/div>\t<\/div>\n\n","protected":false},"excerpt":{"rendered":"<p>Et on a m\u00eame des dates de rentr\u00e9e : le mercredi 20 mai pour l&rsquo;Amap de Bourbon-Lancy et le jeudi 28 mai pour celle de Dompierre. Il semblerait d&rsquo;ailleurs que la reprise de nos Amaps soit plac\u00e9e sous une bonne \u00e9toile cette ann\u00e9e ! D&rsquo;abord, le jardin est pr\u00eat pour encaisser les premi\u00e8res grosses r\u00e9coltes &hellip; <\/p>\n<p class=\"link-more\"><a href=\"https:\/\/ecojardindesgrivauds.fr\/?p=4978\" class=\"more-link\">Continuer la lecture<span class=\"screen-reader-text\"> de &laquo;&nbsp;Les Amaps vont red\u00e9marrer !&nbsp;&raquo;<\/span><\/a><\/p>\n","protected":false},"author":1,"featured_media":0,"comment_status":"open","ping_status":"open","sticky":false,"template":"","format":"standard","meta":{"ngg_post_thumbnail":0},"categories":[1],"tags":[],"_links":{"self":[{"href":"https:\/\/ecojardindesgrivauds.fr\/index.php?rest_route=\/wp\/v2\/posts\/4978"}],"collection":[{"href":"https:\/\/ecojardindesgrivauds.fr\/index.php?rest_route=\/wp\/v2\/posts"}],"about":[{"href":"https:\/\/ecojardindesgrivauds.fr\/index.php?rest_route=\/wp\/v2\/types\/post"}],"author":[{"embeddable":true,"href":"https:\/\/ecojardindesgrivauds.fr\/index.php?rest_route=\/wp\/v2\/users\/1"}],"replies":[{"embeddable":true,"href":"https:\/\/ecojardindesgrivauds.fr\/index.php?rest_route=%2Fwp%2Fv2%2Fcomments&post=4978"}],"version-history":[{"count":7,"href":"https:\/\/ecojardindesgrivauds.fr\/index.php?rest_route=\/wp\/v2\/posts\/4978\/revisions"}],"predecessor-version":[{"id":5040,"href":"https:\/\/ecojardindesgrivauds.fr\/index.php?rest_route=\/wp\/v2\/posts\/4978\/revisions\/5040"}],"wp:attachment":[{"href":"https:\/\/ecojardindesgrivauds.fr\/index.php?rest_route=%2Fwp%2Fv2%2Fmedia&parent=4978"}],"wp:term":[{"taxonomy":"category","embeddable":true,"href":"https:\/\/ecojardindesgrivauds.fr\/index.php?rest_route=%2Fwp%2Fv2%2Fcategories&post=4978"},{"taxonomy":"post_tag","embeddable":true,"href":"https:\/\/ecojardindesgrivauds.fr\/index.php?rest_route=%2Fwp%2Fv2%2Ftags&post=4978"}],"curies":[{"name":"wp","href":"https:\/\/api.w.org\/{rel}","templated":true}]}}