{"id":5669,"date":"2020-08-09T07:16:20","date_gmt":"2020-08-09T05:16:20","guid":{"rendered":"http:\/\/ecojardindesgrivauds.fr\/?p=5669"},"modified":"2020-08-10T20:25:34","modified_gmt":"2020-08-10T18:25:34","slug":"tomates-les-raisons-dune-prodigalite-ephemere","status":"publish","type":"post","link":"https:\/\/ecojardindesgrivauds.fr\/?p=5669","title":{"rendered":"Tomates : les raisons d&rsquo;une prodigalit\u00e9 \u00e9ph\u00e9m\u00e8re"},"content":{"rendered":"\n<div class=\"wp-block-image\"><figure class=\"alignleft size-medium\"><a href=\"http:\/\/ecojardindesgrivauds.fr\/wp-content\/uploads\/2020\/08\/2020-08-07_09-05-57.jpg\"><img decoding=\"async\" loading=\"lazy\" width=\"225\" height=\"300\" src=\"http:\/\/ecojardindesgrivauds.fr\/wp-content\/uploads\/2020\/08\/2020-08-07_09-05-57-225x300.jpg\" alt=\"\" class=\"wp-image-5690\" srcset=\"https:\/\/ecojardindesgrivauds.fr\/wp-content\/uploads\/2020\/08\/2020-08-07_09-05-57-225x300.jpg 225w, https:\/\/ecojardindesgrivauds.fr\/wp-content\/uploads\/2020\/08\/2020-08-07_09-05-57.jpg 768w\" sizes=\"(max-width: 225px) 100vw, 225px\" \/><\/a><figcaption>Des fruits sur les premi\u00e8res grappes mais pas apr\u00e8s.<\/figcaption><\/figure><\/div>\n\n\n\n<p>Une ombre plane au dessus de nos tomates. Une vague mal\u00e9diction semble vouloir syst\u00e9matiquement nous priver de grosses r\u00e9coltes apr\u00e8s le 15 ao\u00fbt. Le front pliss\u00e9, nous consultons les livres sacr\u00e9s de notre profession (Itab, La Note Mara\u00eechage Bio, E-phytia, etc.). L&rsquo;apocalypse y prend des noms barbares, cladosporiose, alternariose, mildiou, et \u00e7a nous \u00e9pouvante encore plus.  \u00abMais qu&rsquo;est-ce qui vous inqui\u00e8te pr\u00e9cis\u00e9ment ?\u00bb seriez-vous en droit de me demander. Eh bien, c&rsquo;est un ensemble de sympt\u00f4mes : fl\u00e9trissement, d\u00e9coloration g\u00e9n\u00e9rale, feuilles ab\u00eem\u00e9es, croissance ralentie, mauvaise nouaison \u00e0 partir de la 4\u00e8me grappe (parfois d\u00e8s la deuxi\u00e8me grappe pour certains pieds). Bref, maintenant qu&rsquo;on a r\u00e9colt\u00e9 les premiers fruits de chaque pied, on sent que la suite va \u00eatre beaucoup moins marrante&#8230;<\/p>\n\n\n\n<div class=\"wp-block-image\"><figure class=\"alignright size-medium\"><a href=\"http:\/\/ecojardindesgrivauds.fr\/wp-content\/uploads\/2020\/08\/r\u00e9coltes-tomate.png\"><img decoding=\"async\" loading=\"lazy\" width=\"300\" height=\"207\" src=\"http:\/\/ecojardindesgrivauds.fr\/wp-content\/uploads\/2020\/08\/r\u00e9coltes-tomate-300x207.png\" alt=\"\" class=\"wp-image-5696\" srcset=\"https:\/\/ecojardindesgrivauds.fr\/wp-content\/uploads\/2020\/08\/r\u00e9coltes-tomate-300x207.png 300w, https:\/\/ecojardindesgrivauds.fr\/wp-content\/uploads\/2020\/08\/r\u00e9coltes-tomate.png 520w\" sizes=\"(max-width: 300px) 100vw, 300px\" \/><\/a><\/figure><\/div>\n\n\n\n<p>Histoire de mieux suivre l&rsquo;\u00e9volution de nos rendements, on a d\u00e9cid\u00e9 de peser syst\u00e9matiquement chaque r\u00e9colte. Les r\u00e9sultats (provisoires) apparaissent dans le graphique ci-contre. Pour l&rsquo;instant, on voit surtout qu&rsquo;on fait un bon d\u00e9but de saison, le meilleur depuis longtemps. Curieusement, les pieds plant\u00e9s les plus tard sont ceux qui restent les plus vigoureux. Et comme on a plant\u00e9 en trois vagues successives, la production est plus liss\u00e9e que l&rsquo;ann\u00e9e derni\u00e8re. La premi\u00e8re planche donne ses derniers fruits &#8211; les premiers pieds de Saint-Pierre sont compl\u00e8tement vides, par exemple &#8211; alors que la troisi\u00e8me s\u00e9rie entre en ce moment en pleine production. \u00c0 partir de la semaine prochaine, le gros de nos r\u00e9coltes viendra de ces pieds-l\u00e0. Alors qu&rsquo;on peine \u00e0 vendre le surplus de cette semaine (les jardiniers commencent \u00e0 en avoir aussi), on s&rsquo;attend d\u00e9j\u00e0 \u00e0 des semaines o\u00f9 il faudra choisir entre les Amaps et le march\u00e9. Heureusement, on va bient\u00f4t commencer \u00e0 r\u00e9colter nos premiers poireaux d&rsquo;\u00e9t\u00e9, on devrait se faire pardonner comme \u00e7a&#8230;<\/p>\n\n\n\n<div class=\"wp-block-image\"><figure class=\"alignleft size-medium\"><a href=\"http:\/\/ecojardindesgrivauds.fr\/wp-content\/uploads\/2020\/08\/2020-08-08_10-48-22.jpg\"><img decoding=\"async\" loading=\"lazy\" width=\"300\" height=\"225\" src=\"http:\/\/ecojardindesgrivauds.fr\/wp-content\/uploads\/2020\/08\/2020-08-08_10-48-22-300x225.jpg\" alt=\"\" class=\"wp-image-5694\" srcset=\"https:\/\/ecojardindesgrivauds.fr\/wp-content\/uploads\/2020\/08\/2020-08-08_10-48-22-300x225.jpg 300w, https:\/\/ecojardindesgrivauds.fr\/wp-content\/uploads\/2020\/08\/2020-08-08_10-48-22-768x575.jpg 768w, https:\/\/ecojardindesgrivauds.fr\/wp-content\/uploads\/2020\/08\/2020-08-08_10-48-22.jpg 1024w\" sizes=\"(max-width: 300px) 100vw, 300px\" \/><\/a><figcaption>Racine li\u00e9geuse (Corky root)<\/figcaption><\/figure><\/div>\n\n\n\n<p>Nos tomates ont toujours \u00e9t\u00e9 un peu malades mais pas \u00e0 ce point. L&rsquo;alternariose, par exemple, nous accompagne depuis un certain temps. Et comme les spores sont aussi pr\u00e9sents dans les graines et qu&rsquo;on fait nos graines sur des plants atteints, on sait qu&rsquo;il va falloir \u00abfaire avec\u00bb. Pour expliquer le mauvais \u00e9tat sanitaire de nos cultures, on a d&rsquo;abord soup\u00e7onn\u00e9 les pucerons d&rsquo;avoir contribu\u00e9 \u00e0 acc\u00e9l\u00e9rer les contaminations. Dans le doute, toujours accuser les pucerons, c&rsquo;est un principe mara\u00eecher. Et puis, finalement, Fabrice a l\u00e2ch\u00e9 le mot qui tue : \u00abCorky root\u00bb, la racine li\u00e9geuse. En d\u00e9racinant un plant tr\u00e8s atteint, on constate que certaines racines sont effectivement ab\u00eem\u00e9es. Il s&rsquo;agit d&rsquo;une maladie cryptogamique qui peut survivre plusieurs ann\u00e9es dans le sol. C&rsquo;est pour cela que les rotations sont recommand\u00e9es pour les tomates. Il faut bien admettre que chez les petits mara\u00eechers et chez les jardiniers, ce sont des cultures qui ne changent pas beaucoup d&#8217;emplacement&#8230; Tant que \u00e7a se passe bien, on ne touche \u00e0 rien. Un jardinier ne va pas se mettre \u00e0 d\u00e9placer sa serre \u00e0 tomates tous les ans, soyons pragmatiques ! Et puis, nous, on est contents de cet emplacement parce que \u00e7a permet de limiter les convoyages des tomates vers la bergerie, et \u00e7a, \u00e7a compte ! D\u00e8s lors, que faire ? Il y a une piste \u00e0 envisager pour l&rsquo;ann\u00e9e prochaine : le greffage des plants. \u00c0 condition, bien entendu, de choisir un porte-greffe r\u00e9sistant au Corky Root. Si certains d&rsquo;entre vous pratiquent d\u00e9j\u00e0, merci de nous raconter comment \u00e7a se passe et si vous en \u00eates contents.<\/p>\n\n\n\n<div class=\"wp-block-image\"><figure class=\"alignright size-medium\"><a href=\"http:\/\/ecojardindesgrivauds.fr\/wp-content\/uploads\/2020\/08\/2020-08-07_11-45-47.jpg\"><img decoding=\"async\" loading=\"lazy\" width=\"225\" height=\"300\" src=\"http:\/\/ecojardindesgrivauds.fr\/wp-content\/uploads\/2020\/08\/2020-08-07_11-45-47-225x300.jpg\" alt=\"\" class=\"wp-image-5693\" srcset=\"https:\/\/ecojardindesgrivauds.fr\/wp-content\/uploads\/2020\/08\/2020-08-07_11-45-47-225x300.jpg 225w, https:\/\/ecojardindesgrivauds.fr\/wp-content\/uploads\/2020\/08\/2020-08-07_11-45-47.jpg 768w\" sizes=\"(max-width: 225px) 100vw, 225px\" \/><\/a><figcaption>Claire et Gwenegan \u00e0 la r\u00e9colte des aubergines<\/figcaption><\/figure><\/div>\n\n\n\n<p><em>\u00abBon, mais \u00e0 part se lamenter sur vos tomates, qu&rsquo;avez-vous fait de la semaine ?\u00bb<\/em> Eh bien, d&rsquo;abord, on a beaucoup r\u00e9colt\u00e9 ! Les tomates, les aubergines, les haricots, les courgettes, tout \u00e7a prend beaucoup de temps. On plante un peu de salades, de choux chinois, on s\u00e8me des radis et des navets, on d\u00e9sherbe nos carottes&#8230; Cette semaine, on est accompagn\u00e9s de deux wwoofeurs atypiques : ils sont venus de Bretagne en &#8230; tandem ! Apr\u00e8s avoir sillonn\u00e9 leur r\u00e9gion, Claire et Gwenegan ont suivi la Loire pour arriver jusqu&rsquo;\u00e0 nous. Quel honneur ! Dans le jardin, on sent bien qu&rsquo;ils ne sont pas vraiment d\u00e9butants et qu&rsquo;ils ont d\u00e9j\u00e0 quelques heures de jardinage et de wwoofing derri\u00e8re eux ! Cerise sur le g\u00e2teau, ils sont aussi naturalistes et Fabrice peut enfin se faire pleinement comprendre quand il s&rsquo;extasie sur un passage de cigognes ou de gu\u00eapiers&#8230;<\/p>\n\n\n\n<p><em>\u00c0 la semaine prochaine !<\/em><\/p>\n\n\n\n<!-- index.php -->\n<div\n\tclass=\"ngg-galleryoverview ngg-ajax-pagination-none\"\n\tid=\"ngg-gallery-781f6a4c0011397b9852e4c102b0b214-1\">\n\n    \t\t<!-- Thumbnails -->\n\t\t\t\t<div id=\"ngg-image-0\" class=\"ngg-gallery-thumbnail-box\" >\n\t\t\t\t        <div class=\"ngg-gallery-thumbnail\">\n            <a href=\"https:\/\/ecojardindesgrivauds.fr\/wp-content\/gallery\/2020_08_09-tomates-malades\/2020-08-07_09-06-28.jpg\"\n               title=\"Au pied de nos tomates tr\u00e8s fatigu\u00e9es, des betteraves tr\u00e8s en forme, preuve que le sol est bien fertile !\"\n               data-src=\"https:\/\/ecojardindesgrivauds.fr\/wp-content\/gallery\/2020_08_09-tomates-malades\/2020-08-07_09-06-28.jpg\"\n               data-thumbnail=\"https:\/\/ecojardindesgrivauds.fr\/wp-content\/gallery\/2020_08_09-tomates-malades\/thumbs\/thumbs_2020-08-07_09-06-28.jpg\"\n               data-image-id=\"1844\"\n               data-title=\"2020-08-07_09-06-28\"\n               data-description=\"Au pied de nos tomates tr\u00e8s fatigu\u00e9es, des betteraves tr\u00e8s en forme, preuve que le sol est bien fertile !\"\n               data-image-slug=\"2020-08-07_09-06-28\"\n               class=\"ngg-fancybox\" rel=\"781f6a4c0011397b9852e4c102b0b214\">\n                <img\n                    title=\"2020-08-07_09-06-28\"\n                    alt=\"2020-08-07_09-06-28\"\n                    src=\"https:\/\/ecojardindesgrivauds.fr\/wp-content\/gallery\/2020_08_09-tomates-malades\/thumbs\/thumbs_2020-08-07_09-06-28.jpg\"\n                    width=\"240\"\n                    height=\"160\"\n                    style=\"max-width:100%;\"\n                \/>\n            <\/a>\n        <\/div>\n\t\t\t\t\t\t\t<\/div> \n\t\t\t\n        \n\t\t\t\t<div id=\"ngg-image-1\" class=\"ngg-gallery-thumbnail-box\" >\n\t\t\t\t        <div class=\"ngg-gallery-thumbnail\">\n            <a href=\"https:\/\/ecojardindesgrivauds.fr\/wp-content\/gallery\/2020_08_09-tomates-malades\/2020-08-03_08-43-11.jpg\"\n               title=\"Incroyable vigueur de nos courgettes !\"\n               data-src=\"https:\/\/ecojardindesgrivauds.fr\/wp-content\/gallery\/2020_08_09-tomates-malades\/2020-08-03_08-43-11.jpg\"\n               data-thumbnail=\"https:\/\/ecojardindesgrivauds.fr\/wp-content\/gallery\/2020_08_09-tomates-malades\/thumbs\/thumbs_2020-08-03_08-43-11.jpg\"\n               data-image-id=\"1837\"\n               data-title=\"2020-08-03_08-43-11\"\n               data-description=\"Incroyable vigueur de nos courgettes !\"\n               data-image-slug=\"2020-08-03_08-43-11\"\n               class=\"ngg-fancybox\" rel=\"781f6a4c0011397b9852e4c102b0b214\">\n                <img\n                    title=\"2020-08-03_08-43-11\"\n                    alt=\"2020-08-03_08-43-11\"\n                    src=\"https:\/\/ecojardindesgrivauds.fr\/wp-content\/gallery\/2020_08_09-tomates-malades\/thumbs\/thumbs_2020-08-03_08-43-11.jpg\"\n                    width=\"240\"\n                    height=\"160\"\n                    style=\"max-width:100%;\"\n                \/>\n            <\/a>\n        <\/div>\n\t\t\t\t\t\t\t<\/div> \n\t\t\t\n        \n\t\t\t\t<div id=\"ngg-image-2\" class=\"ngg-gallery-thumbnail-box\" >\n\t\t\t\t        <div class=\"ngg-gallery-thumbnail\">\n            <a href=\"https:\/\/ecojardindesgrivauds.fr\/wp-content\/gallery\/2020_08_09-tomates-malades\/2020-08-03_17-53-34.jpg\"\n               title=\"Semis de la derni\u00e8re s\u00e9rie de haricots sous serre\"\n               data-src=\"https:\/\/ecojardindesgrivauds.fr\/wp-content\/gallery\/2020_08_09-tomates-malades\/2020-08-03_17-53-34.jpg\"\n               data-thumbnail=\"https:\/\/ecojardindesgrivauds.fr\/wp-content\/gallery\/2020_08_09-tomates-malades\/thumbs\/thumbs_2020-08-03_17-53-34.jpg\"\n               data-image-id=\"1838\"\n               data-title=\"2020-08-03_17-53-34\"\n               data-description=\"Semis de la derni\u00e8re s\u00e9rie de haricots sous serre\"\n               data-image-slug=\"2020-08-03_17-53-34\"\n               class=\"ngg-fancybox\" rel=\"781f6a4c0011397b9852e4c102b0b214\">\n                <img\n                    title=\"2020-08-03_17-53-34\"\n                    alt=\"2020-08-03_17-53-34\"\n                    src=\"https:\/\/ecojardindesgrivauds.fr\/wp-content\/gallery\/2020_08_09-tomates-malades\/thumbs\/thumbs_2020-08-03_17-53-34.jpg\"\n                    width=\"240\"\n                    height=\"160\"\n                    style=\"max-width:100%;\"\n                \/>\n            <\/a>\n        <\/div>\n\t\t\t\t\t\t\t<\/div> \n\t\t\t\n        \n\t\t\t\t<div id=\"ngg-image-3\" class=\"ngg-gallery-thumbnail-box\" >\n\t\t\t\t        <div class=\"ngg-gallery-thumbnail\">\n            <a href=\"https:\/\/ecojardindesgrivauds.fr\/wp-content\/gallery\/2020_08_09-tomates-malades\/2020-08-04_11-54-32.jpg\"\n               title=\"\u00c7a y est : on a fini de r\u00e9colter les pommes de terre de la serre 3 !\"\n               data-src=\"https:\/\/ecojardindesgrivauds.fr\/wp-content\/gallery\/2020_08_09-tomates-malades\/2020-08-04_11-54-32.jpg\"\n               data-thumbnail=\"https:\/\/ecojardindesgrivauds.fr\/wp-content\/gallery\/2020_08_09-tomates-malades\/thumbs\/thumbs_2020-08-04_11-54-32.jpg\"\n               data-image-id=\"1841\"\n               data-title=\"2020-08-04_11-54-32\"\n               data-description=\"\u00c7a y est : on a fini de r\u00e9colter les pommes de terre de la serre 3 !\"\n               data-image-slug=\"2020-08-04_11-54-32\"\n               class=\"ngg-fancybox\" rel=\"781f6a4c0011397b9852e4c102b0b214\">\n                <img\n                    title=\"2020-08-04_11-54-32\"\n                    alt=\"2020-08-04_11-54-32\"\n                    src=\"https:\/\/ecojardindesgrivauds.fr\/wp-content\/gallery\/2020_08_09-tomates-malades\/thumbs\/thumbs_2020-08-04_11-54-32.jpg\"\n                    width=\"240\"\n                    height=\"160\"\n                    style=\"max-width:100%;\"\n                \/>\n            <\/a>\n        <\/div>\n\t\t\t\t\t\t\t<\/div> \n\t\t\t\n        \n\t\t\t\t<div id=\"ngg-image-4\" class=\"ngg-gallery-thumbnail-box\" >\n\t\t\t\t        <div class=\"ngg-gallery-thumbnail\">\n            <a href=\"https:\/\/ecojardindesgrivauds.fr\/wp-content\/gallery\/2020_08_09-tomates-malades\/2020-08-04_16-57-43.jpg\"\n               title=\"D\u00e9sherbage des haricots nains\"\n               data-src=\"https:\/\/ecojardindesgrivauds.fr\/wp-content\/gallery\/2020_08_09-tomates-malades\/2020-08-04_16-57-43.jpg\"\n               data-thumbnail=\"https:\/\/ecojardindesgrivauds.fr\/wp-content\/gallery\/2020_08_09-tomates-malades\/thumbs\/thumbs_2020-08-04_16-57-43.jpg\"\n               data-image-id=\"1842\"\n               data-title=\"2020-08-04_16-57-43\"\n               data-description=\"D\u00e9sherbage des haricots nains\"\n               data-image-slug=\"2020-08-04_16-57-43\"\n               class=\"ngg-fancybox\" rel=\"781f6a4c0011397b9852e4c102b0b214\">\n                <img\n                    title=\"2020-08-04_16-57-43\"\n                    alt=\"2020-08-04_16-57-43\"\n                    src=\"https:\/\/ecojardindesgrivauds.fr\/wp-content\/gallery\/2020_08_09-tomates-malades\/thumbs\/thumbs_2020-08-04_16-57-43.jpg\"\n                    width=\"240\"\n                    height=\"160\"\n                    style=\"max-width:100%;\"\n                \/>\n            <\/a>\n        <\/div>\n\t\t\t\t\t\t\t<\/div> \n\t\t\t\n        \n\t\t\t\t<div id=\"ngg-image-5\" class=\"ngg-gallery-thumbnail-box\" >\n\t\t\t\t        <div class=\"ngg-gallery-thumbnail\">\n            <a href=\"https:\/\/ecojardindesgrivauds.fr\/wp-content\/gallery\/2020_08_09-tomates-malades\/2020-08-05_12-24-40.jpg\"\n               title=\"Nouveau paillage en plein champ pour des salades\"\n               data-src=\"https:\/\/ecojardindesgrivauds.fr\/wp-content\/gallery\/2020_08_09-tomates-malades\/2020-08-05_12-24-40.jpg\"\n               data-thumbnail=\"https:\/\/ecojardindesgrivauds.fr\/wp-content\/gallery\/2020_08_09-tomates-malades\/thumbs\/thumbs_2020-08-05_12-24-40.jpg\"\n               data-image-id=\"1843\"\n               data-title=\"2020-08-05_12-24-40\"\n               data-description=\"Nouveau paillage en plein champ pour des salades\"\n               data-image-slug=\"2020-08-05_12-24-40\"\n               class=\"ngg-fancybox\" rel=\"781f6a4c0011397b9852e4c102b0b214\">\n                <img\n                    title=\"2020-08-05_12-24-40\"\n                    alt=\"2020-08-05_12-24-40\"\n                    src=\"https:\/\/ecojardindesgrivauds.fr\/wp-content\/gallery\/2020_08_09-tomates-malades\/thumbs\/thumbs_2020-08-05_12-24-40.jpg\"\n                    width=\"240\"\n                    height=\"160\"\n                    style=\"max-width:100%;\"\n                \/>\n            <\/a>\n        <\/div>\n\t\t\t\t\t\t\t<\/div> \n\t\t\t\n        \n\t\t\t\t<div id=\"ngg-image-6\" class=\"ngg-gallery-thumbnail-box\" >\n\t\t\t\t        <div class=\"ngg-gallery-thumbnail\">\n            <a href=\"https:\/\/ecojardindesgrivauds.fr\/wp-content\/gallery\/2020_08_09-tomates-malades\/2020-08-08_17-43-51.jpg\"\n               title=\"Un beau semis de carottes ; et en plus \u00e7a n&#039;est pas tr\u00e8s sale !\"\n               data-src=\"https:\/\/ecojardindesgrivauds.fr\/wp-content\/gallery\/2020_08_09-tomates-malades\/2020-08-08_17-43-51.jpg\"\n               data-thumbnail=\"https:\/\/ecojardindesgrivauds.fr\/wp-content\/gallery\/2020_08_09-tomates-malades\/thumbs\/thumbs_2020-08-08_17-43-51.jpg\"\n               data-image-id=\"1846\"\n               data-title=\"2020-08-08_17-43-51\"\n               data-description=\"Un beau semis de carottes ; et en plus \u00e7a n&#039;est pas tr\u00e8s sale !\"\n               data-image-slug=\"2020-08-08_17-43-51\"\n               class=\"ngg-fancybox\" rel=\"781f6a4c0011397b9852e4c102b0b214\">\n                <img\n                    title=\"2020-08-08_17-43-51\"\n                    alt=\"2020-08-08_17-43-51\"\n                    src=\"https:\/\/ecojardindesgrivauds.fr\/wp-content\/gallery\/2020_08_09-tomates-malades\/thumbs\/thumbs_2020-08-08_17-43-51.jpg\"\n                    width=\"240\"\n                    height=\"160\"\n                    style=\"max-width:100%;\"\n                \/>\n            <\/a>\n        <\/div>\n\t\t\t\t\t\t\t<\/div> \n\t\t\t\n        \n\t\t\t\t<div id=\"ngg-image-7\" class=\"ngg-gallery-thumbnail-box\" >\n\t\t\t\t        <div class=\"ngg-gallery-thumbnail\">\n            <a href=\"https:\/\/ecojardindesgrivauds.fr\/wp-content\/gallery\/2020_08_09-tomates-malades\/2020-08-07_09-24-54.jpg\"\n               title=\"Graphosome italien (Graphosoma italicum) sur berce\"\n               data-src=\"https:\/\/ecojardindesgrivauds.fr\/wp-content\/gallery\/2020_08_09-tomates-malades\/2020-08-07_09-24-54.jpg\"\n               data-thumbnail=\"https:\/\/ecojardindesgrivauds.fr\/wp-content\/gallery\/2020_08_09-tomates-malades\/thumbs\/thumbs_2020-08-07_09-24-54.jpg\"\n               data-image-id=\"1845\"\n               data-title=\"2020-08-07_09-24-54\"\n               data-description=\"Graphosome italien (Graphosoma italicum) sur berce\"\n               data-image-slug=\"2020-08-07_09-24-54\"\n               class=\"ngg-fancybox\" rel=\"781f6a4c0011397b9852e4c102b0b214\">\n                <img\n                    title=\"2020-08-07_09-24-54\"\n                    alt=\"2020-08-07_09-24-54\"\n                    src=\"https:\/\/ecojardindesgrivauds.fr\/wp-content\/gallery\/2020_08_09-tomates-malades\/thumbs\/thumbs_2020-08-07_09-24-54.jpg\"\n                    width=\"240\"\n                    height=\"160\"\n                    style=\"max-width:100%;\"\n                \/>\n            <\/a>\n        <\/div>\n\t\t\t\t\t\t\t<\/div> \n\t\t\t\n        \n\t\t\t\t<div id=\"ngg-image-8\" class=\"ngg-gallery-thumbnail-box\" >\n\t\t\t\t        <div class=\"ngg-gallery-thumbnail\">\n            <a href=\"https:\/\/ecojardindesgrivauds.fr\/wp-content\/gallery\/2020_08_09-tomates-malades\/2020-08-03_18-40-20.jpg\"\n               title=\"Vraisemblablement Enoplognatha ovata\"\n               data-src=\"https:\/\/ecojardindesgrivauds.fr\/wp-content\/gallery\/2020_08_09-tomates-malades\/2020-08-03_18-40-20.jpg\"\n               data-thumbnail=\"https:\/\/ecojardindesgrivauds.fr\/wp-content\/gallery\/2020_08_09-tomates-malades\/thumbs\/thumbs_2020-08-03_18-40-20.jpg\"\n               data-image-id=\"1839\"\n               data-title=\"2020-08-03_18-40-20\"\n               data-description=\"Vraisemblablement Enoplognatha ovata\"\n               data-image-slug=\"2020-08-03_18-40-20\"\n               class=\"ngg-fancybox\" rel=\"781f6a4c0011397b9852e4c102b0b214\">\n                <img\n                    title=\"2020-08-03_18-40-20\"\n                    alt=\"2020-08-03_18-40-20\"\n                    src=\"https:\/\/ecojardindesgrivauds.fr\/wp-content\/gallery\/2020_08_09-tomates-malades\/thumbs\/thumbs_2020-08-03_18-40-20.jpg\"\n                    width=\"240\"\n                    height=\"160\"\n                    style=\"max-width:100%;\"\n                \/>\n            <\/a>\n        <\/div>\n\t\t\t\t\t\t\t<\/div> \n\t\t\t\n        \n\t\t\t\t<div id=\"ngg-image-9\" class=\"ngg-gallery-thumbnail-box\" >\n\t\t\t\t        <div class=\"ngg-gallery-thumbnail\">\n            <a href=\"https:\/\/ecojardindesgrivauds.fr\/wp-content\/gallery\/2020_08_09-tomates-malades\/2020-08-04_09-03-46.jpg\"\n               title=\"On a eu la visite de pas mal d&#039;oiseaux cette semaine mais il n&#039;y a que cette photo d&#039;\u00e9tourneaux qui soit vraiment r\u00e9ussie... C&#039;est d\u00e9j\u00e0 pas mal, non ?\"\n               data-src=\"https:\/\/ecojardindesgrivauds.fr\/wp-content\/gallery\/2020_08_09-tomates-malades\/2020-08-04_09-03-46.jpg\"\n               data-thumbnail=\"https:\/\/ecojardindesgrivauds.fr\/wp-content\/gallery\/2020_08_09-tomates-malades\/thumbs\/thumbs_2020-08-04_09-03-46.jpg\"\n               data-image-id=\"1840\"\n               data-title=\"2020-08-04_09-03-46\"\n               data-description=\"On a eu la visite de pas mal d&#039;oiseaux cette semaine mais il n&#039;y a que cette photo d&#039;\u00e9tourneaux qui soit vraiment r\u00e9ussie... C&#039;est d\u00e9j\u00e0 pas mal, non ?\"\n               data-image-slug=\"2020-08-04_09-03-46\"\n               class=\"ngg-fancybox\" rel=\"781f6a4c0011397b9852e4c102b0b214\">\n                <img\n                    title=\"2020-08-04_09-03-46\"\n                    alt=\"2020-08-04_09-03-46\"\n                    src=\"https:\/\/ecojardindesgrivauds.fr\/wp-content\/gallery\/2020_08_09-tomates-malades\/thumbs\/thumbs_2020-08-04_09-03-46.jpg\"\n                    width=\"240\"\n                    height=\"160\"\n                    style=\"max-width:100%;\"\n                \/>\n            <\/a>\n        <\/div>\n\t\t\t\t\t\t\t<\/div> \n\t\t\t\n        \n\t\t\n\t\t<!-- Pagination -->\n\t<div class='ngg-clear'><\/div>\t<\/div>\n\n","protected":false},"excerpt":{"rendered":"<p>Une ombre plane au dessus de nos tomates. Une vague mal\u00e9diction semble vouloir syst\u00e9matiquement nous priver de grosses r\u00e9coltes apr\u00e8s le 15 ao\u00fbt. Le front pliss\u00e9, nous consultons les livres sacr\u00e9s de notre profession (Itab, La Note Mara\u00eechage Bio, E-phytia, etc.). L&rsquo;apocalypse y prend des noms barbares, cladosporiose, alternariose, mildiou, et \u00e7a nous \u00e9pouvante encore &hellip; <\/p>\n<p class=\"link-more\"><a href=\"https:\/\/ecojardindesgrivauds.fr\/?p=5669\" class=\"more-link\">Continuer la lecture<span class=\"screen-reader-text\"> de &laquo;&nbsp;Tomates : les raisons d&rsquo;une prodigalit\u00e9 \u00e9ph\u00e9m\u00e8re&nbsp;&raquo;<\/span><\/a><\/p>\n","protected":false},"author":1,"featured_media":0,"comment_status":"open","ping_status":"open","sticky":false,"template":"","format":"standard","meta":{"ngg_post_thumbnail":0},"categories":[1],"tags":[],"_links":{"self":[{"href":"https:\/\/ecojardindesgrivauds.fr\/index.php?rest_route=\/wp\/v2\/posts\/5669"}],"collection":[{"href":"https:\/\/ecojardindesgrivauds.fr\/index.php?rest_route=\/wp\/v2\/posts"}],"about":[{"href":"https:\/\/ecojardindesgrivauds.fr\/index.php?rest_route=\/wp\/v2\/types\/post"}],"author":[{"embeddable":true,"href":"https:\/\/ecojardindesgrivauds.fr\/index.php?rest_route=\/wp\/v2\/users\/1"}],"replies":[{"embeddable":true,"href":"https:\/\/ecojardindesgrivauds.fr\/index.php?rest_route=%2Fwp%2Fv2%2Fcomments&post=5669"}],"version-history":[{"count":7,"href":"https:\/\/ecojardindesgrivauds.fr\/index.php?rest_route=\/wp\/v2\/posts\/5669\/revisions"}],"predecessor-version":[{"id":5712,"href":"https:\/\/ecojardindesgrivauds.fr\/index.php?rest_route=\/wp\/v2\/posts\/5669\/revisions\/5712"}],"wp:attachment":[{"href":"https:\/\/ecojardindesgrivauds.fr\/index.php?rest_route=%2Fwp%2Fv2%2Fmedia&parent=5669"}],"wp:term":[{"taxonomy":"category","embeddable":true,"href":"https:\/\/ecojardindesgrivauds.fr\/index.php?rest_route=%2Fwp%2Fv2%2Fcategories&post=5669"},{"taxonomy":"post_tag","embeddable":true,"href":"https:\/\/ecojardindesgrivauds.fr\/index.php?rest_route=%2Fwp%2Fv2%2Ftags&post=5669"}],"curies":[{"name":"wp","href":"https:\/\/api.w.org\/{rel}","templated":true}]}}