{"id":6287,"date":"2020-11-08T12:30:09","date_gmt":"2020-11-08T11:30:09","guid":{"rendered":"http:\/\/ecojardindesgrivauds.fr\/?p=6287"},"modified":"2020-11-08T18:46:15","modified_gmt":"2020-11-08T17:46:15","slug":"ces-maraichers-qui-ne-font-rien-comme-les-autres","status":"publish","type":"post","link":"https:\/\/ecojardindesgrivauds.fr\/?p=6287","title":{"rendered":"Ces mara\u00eechers qui ne font rien comme les autres !"},"content":{"rendered":"\n<p><em>Cette semaine, je c\u00e8de de nouveau la plume \u00e0 une \u00abpetite main\u00bb des Grivauds. Et pas n&rsquo;importe laquelle puisqu&rsquo;il s&rsquo;agit de Yolande, dont vous avez d\u00e9j\u00e0 pu appr\u00e9cier la prose en septembre dans un article m\u00e9morable (<a href=\"http:\/\/ecojardindesgrivauds.fr\/?p=5897\" data-type=\"post\" data-id=\"5897\">De la chaise \u00e0 la terre<\/a>). Car oui, Yolande est de retour aux Grivauds !&nbsp;Son sens de l&rsquo;observation et son esprit critique font de nouveau mouche ici, dans un article o\u00f9 elle cherche \u00e0 montrer la singularit\u00e9 de notre pratique au sein de notre profession.<\/em><\/p>\n\n\n\n<p>Avez-vous d\u00e9j\u00e0 vu passer sur les r\u00e9seaux sociaux des illustrations compos\u00e9es g\u00e9n\u00e9ralement de quatre images cens\u00e9es repr\u00e9senter de mani\u00e8re plus ou moins humoristique et caricaturale des situations, personnes, corps de m\u00e9tiers, clich\u00e9s ? Ces illustrations sont nomm\u00e9es des starter packs, litt\u00e9ralement \u00ab\u00a0kit de d\u00e9marrage\u00a0\u00bb.&nbsp;En voici quelques exemples :<\/p>\n\n\n\n<figure class=\"is-layout-flex wp-block-gallery-1 wp-block-gallery columns-2 is-cropped\"><ul class=\"blocks-gallery-grid\"><li class=\"blocks-gallery-item\"><figure><img decoding=\"async\" loading=\"lazy\" width=\"484\" height=\"599\" src=\"http:\/\/ecojardindesgrivauds.fr\/wp-content\/uploads\/2020\/11\/5e790de1c8078.jpeg\" alt=\"\" data-id=\"6379\" data-full-url=\"http:\/\/ecojardindesgrivauds.fr\/wp-content\/uploads\/2020\/11\/5e790de1c8078.jpeg\" data-link=\"http:\/\/ecojardindesgrivauds.fr\/?attachment_id=6379\" class=\"wp-image-6379\" srcset=\"https:\/\/ecojardindesgrivauds.fr\/wp-content\/uploads\/2020\/11\/5e790de1c8078.jpeg 484w, https:\/\/ecojardindesgrivauds.fr\/wp-content\/uploads\/2020\/11\/5e790de1c8078-242x300.jpeg 242w\" sizes=\"(max-width: 484px) 100vw, 484px\" \/><\/figure><\/li><li class=\"blocks-gallery-item\"><figure><img decoding=\"async\" loading=\"lazy\" width=\"720\" height=\"710\" src=\"http:\/\/ecojardindesgrivauds.fr\/wp-content\/uploads\/2020\/11\/66811582_2505404989479725_8353760477901225984_n.jpg\" alt=\"\" data-id=\"6380\" data-full-url=\"http:\/\/ecojardindesgrivauds.fr\/wp-content\/uploads\/2020\/11\/66811582_2505404989479725_8353760477901225984_n.jpg\" data-link=\"http:\/\/ecojardindesgrivauds.fr\/?attachment_id=6380\" class=\"wp-image-6380\" srcset=\"https:\/\/ecojardindesgrivauds.fr\/wp-content\/uploads\/2020\/11\/66811582_2505404989479725_8353760477901225984_n.jpg 720w, https:\/\/ecojardindesgrivauds.fr\/wp-content\/uploads\/2020\/11\/66811582_2505404989479725_8353760477901225984_n-300x296.jpg 300w, https:\/\/ecojardindesgrivauds.fr\/wp-content\/uploads\/2020\/11\/66811582_2505404989479725_8353760477901225984_n-100x100.jpg 100w\" sizes=\"(max-width: 720px) 100vw, 720px\" \/><\/figure><\/li><\/ul><\/figure>\n\n\n\n<p>Mais\u2026 ce serait quoi le starter pack du mara\u00eecher en agriculture biologique?&nbsp;<\/p>\n\n\n\n<p>Je ne sais pas pour vous mais voici les images qui me viennent \u00e0 l&rsquo;esprit :<\/p>\n\n\n\n<figure class=\"wp-block-image size-large is-style-default\"><a href=\"http:\/\/ecojardindesgrivauds.fr\/wp-content\/uploads\/2020\/11\/Polish_20201108_115509216.jpg\"><img decoding=\"async\" loading=\"lazy\" width=\"1024\" height=\"1024\" src=\"http:\/\/ecojardindesgrivauds.fr\/wp-content\/uploads\/2020\/11\/Polish_20201108_115509216-1024x1024.jpg\" alt=\"\" class=\"wp-image-6382\" srcset=\"https:\/\/ecojardindesgrivauds.fr\/wp-content\/uploads\/2020\/11\/Polish_20201108_115509216-1024x1024.jpg 1024w, https:\/\/ecojardindesgrivauds.fr\/wp-content\/uploads\/2020\/11\/Polish_20201108_115509216-300x300.jpg 300w, https:\/\/ecojardindesgrivauds.fr\/wp-content\/uploads\/2020\/11\/Polish_20201108_115509216-150x150.jpg 150w, https:\/\/ecojardindesgrivauds.fr\/wp-content\/uploads\/2020\/11\/Polish_20201108_115509216-768x768.jpg 768w, https:\/\/ecojardindesgrivauds.fr\/wp-content\/uploads\/2020\/11\/Polish_20201108_115509216-1536x1536.jpg 1536w, https:\/\/ecojardindesgrivauds.fr\/wp-content\/uploads\/2020\/11\/Polish_20201108_115509216-100x100.jpg 100w, https:\/\/ecojardindesgrivauds.fr\/wp-content\/uploads\/2020\/11\/Polish_20201108_115509216.jpg 1920w\" sizes=\"(max-width: 767px) 89vw, (max-width: 1000px) 54vw, (max-width: 1071px) 543px, 580px\" \/><\/a><\/figure>\n\n\n\n<p>Il y a cependant un rutabaga dans le potage\u2026 aux Grivauds, aucun de ces \u00e9l\u00e9ments cl\u00e9s n&rsquo;est pr\u00e9sent (sauf s&rsquo;ils sont bien cach\u00e9s ou employ\u00e9s de nuit). M&rsquo;aurait-on menti&nbsp;? Est-il possible de les consid\u00e9rer comme de vrais mara\u00eechers&nbsp;? J&rsquo;ai d\u00e9cid\u00e9 de mener ma petite enqu\u00eate&#8230;<\/p>\n\n\n\n<p>Proc\u00e9dons dans l&rsquo;ordre.<\/p>\n\n\n\n<h2>En qu\u00eate du calendrier lunaire : exercice du sens de l&rsquo;observation<\/h2>\n\n\n\n<p>O\u00f9 trouver pareil objet ? Dans un bureau, non ?\u00a0<\/p>\n\n\n\n<p>Aux Grivauds, il y a un bureau (attention r\u00e9v\u00e9lation, dans cet antre sombre se manigancent bien des choses tels des itin\u00e9raires techniques, des compositions de panier amap, des r\u00e9partitions de r\u00e9colte pour le march\u00e9), mais aucun calendrier lunaire en vue. Denis et Fabrice ne semblent pas se soucier de la lune (peut-\u00eatre ne la remarquent-ils m\u00eame pas, la t\u00eate attentivement pench\u00e9e sur leur champ et non vers les cieux). Ils ne modifient en tout cas pas leur emploi du temps selon son \u00e9tat. La lune selon sa position dans le ciel exerce une force d&rsquo;attraction plus ou moins forte sur la Terre participant notamment \u00e0 des ph\u00e9nom\u00e8nes telles les mar\u00e9es. Selon certaines th\u00e9ories cette force aurait des effets sur la vigueur des plantes (voire des cheveux). Les distances minimale (p\u00e9rig\u00e9e) et maximale (apog\u00e9e) mais \u00e9galement le n\u0153ud lunaire lorsque la lune passe entre le soleil et la terre seraient par exemple des moments o\u00f9 le jardinage serait perturb\u00e9. Les rythmes de la lune (croissance\/d\u00e9croissance ou mont\u00e9e\/descente) correspondraient aussi \u00e0 diff\u00e9rentes p\u00e9riodes propices \u00e0 diff\u00e9rents gestes (semis, plantation, bouture, r\u00e9colte). Denis et Fabrice ne croyant pas en ces affirmations et aucune preuve scientifique rigoureuse ne les ayant appuy\u00e9es, leur pratique du mara\u00eechage est ind\u00e9pendante des param\u00e8tres lunaires. Je les crois sur parole mais dans le doute, j&rsquo;ai par acquit de conscience proc\u00e9d\u00e9 \u00e0 des v\u00e9rifications suppl\u00e9mentaires avant de poursuivre mon enqu\u00eate. Mais non, aucun calendrier lunaire suspendu aux murs des toilettes ni ne servant de cale \u00e0 quelque meuble bancal&#8230;<\/p>\n\n\n\n<h2>\u00c0 la recherche de purin d&rsquo;orties : exercice de l&rsquo;odorat<\/h2>\n\n\n\n<p>Ah\u2026 le fameux purin d&rsquo;orties, cette mixture \u00e0 la douce et agr\u00e9able odeur et aux multiples propri\u00e9t\u00e9s selon la dur\u00e9e de sa fermentation.&nbsp;<\/p>\n\n\n\n<p>M\u00eame si les vertus de ce mac\u00e9r\u00e2t s&rsquo;av\u00e9raient justes, aux Grivauds les orties resteraient en terre. Elles serviraient \u00e0 la limite d&rsquo;ingr\u00e9dients pour cuisiner un pesto mais ne seraient pas transform\u00e9es en purin. Revenons sur les propri\u00e9t\u00e9s de ce produit miracle&#8230;<\/p>\n\n\n\n<p>Une premi\u00e8re propri\u00e9t\u00e9 du purin d&rsquo;ortie est sa concentration en azote et potassium qui lui conf\u00e9re un r\u00f4le d&rsquo;engrais. Les engrais (ou fertilisants) sont un type d&rsquo;intrants \u00e0 destination des plantes. Ils lib\u00e8rent des \u00e9l\u00e9ments min\u00e9raux ou organiques directement assimilables par les v\u00e9g\u00e9taux (compost, fumier ou engrais synth\u00e9tiques). Les amendements sont l&rsquo;autre grand type d&rsquo;intrants. Ils sont \u00e0 destination non pas directement des plantes mais du sol. Les amendements r\u00e9unissent les m\u00e9thodes d&rsquo;enrichissement du sol par apport de mati\u00e8re organique (via des cultures laiss\u00e9es sur place : engrais verts, ou via diff\u00e9rents mulch : paille, bois ram\u00e9al fragment\u00e9 pour en citer parmi les plus c\u00e9l\u00e8bres\u2026)<\/p>\n\n\n\n<p>Aux Grivauds, les intrants sont utilis\u00e9s \u00e0 minima. Tous les sols sont amend\u00e9s par des engrais verts ou de la paille. Ils sont ainsi enrichis et couverts, deux des principes de base du mara\u00eechage sur sol vivant (MSV). L&rsquo;engrais n&rsquo;est utilis\u00e9 qu&rsquo;au d\u00e9marrage des cultures si les sols ne fournissent pas la quantit\u00e9 d&rsquo;azote n\u00e9cessaire (sol froid, cultures exigeantes comme la pomme de terre ou sur des planches de culture aux faibles rendements).<\/p>\n\n\n\n<p>Par ailleurs, le purin d&rsquo;orties aurait des vertus insecticides.\u00a0Mais une fois encore, aux Grivauds d&rsquo;autres m\u00e9thodes sont utilis\u00e9es contre les insectes ou autres nuisibles des cultures. Par exemple faire confiance \u00e0 l&rsquo;immunit\u00e9 des v\u00e9g\u00e9taux. Fabrice et Denis entretiennent un sol actif et en bonne sant\u00e9, favorable \u00e0 la mise en place de diff\u00e9rents m\u00e9canismes de d\u00e9fenses, quitte \u00e0 ce que les rendements s&rsquo;en trouvent affect\u00e9s. La philosophie adopt\u00e9e aux Grivauds peut \u00eatre qualifi\u00e9e de non-interventionniste. Cet \u00e9tat d&rsquo;esprit est notamment inspir\u00e9 du microbiologiste japonais Fukuoka. Sa th\u00e8se peut \u00eatre r\u00e9sum\u00e9e ainsi : la nature n&rsquo;a pas besoin de l&rsquo;homme pour s&rsquo;\u00e9panouir. Ainsi, respecter les rythmes naturels est suffisant afin de b\u00e9n\u00e9ficier des conditions permettant de cultiver. Il d\u00e9crit un mode de culture naturel en harmonie totale avec le vivant dans son ensemble. \u00c0 l&rsquo;inverse, un fonctionnement interventionniste consiste \u00e0 modifier des processus naturels. Certaines pratiques peuvent ainsi contre s\u00e9lectionner des agents naturels en remplissant partiellement ou totalement leur fonction dans un \u00e9cosyst\u00e8me. Utiliser un insecticide afin de se d\u00e9barrasser des pucerons par exemple supprime la pression exerc\u00e9e par leur pr\u00e9sence sur la culture. Les coccinelles ne sont donc plus utiles et peuvent m\u00eame dispara\u00eetre.<\/p>\n\n\n\n<h2>En qu\u00eate d&rsquo;explication \u00e0 l&rsquo;absence de grelinette et de binette : exercice des m\u00e9ninges<\/h2>\n\n\n\n<p>C&rsquo;est cette m\u00eame vision consistant \u00e0 laisser les \u00e9cosyst\u00e8mes se r\u00e9guler d&rsquo;eux-m\u00eames qui explique l&rsquo;absence de grelinette aux Grivauds. Cet outil est en effet utilis\u00e9 pour ameublir le sol en le perforant sans le retourner donc sans d\u00e9placer ses horizons (couches). Ces diff\u00e9rentes couches permettent \u00e0 de nombreuses fonctions biologiques d&rsquo;\u00eatre remplies, principalement par leurs conditions physico-chimiques et leurs structures. Ces caract\u00e9ristiques conditionnent notamment la vie de la faune et de la flore du sol (vers de terre, bact\u00e9ries, champignons, racines). Ainsi, m\u00eame si la grelinette contrairement au motoculteur, \u00e0 la b\u00eache ou \u00e0 la charrue, ne d\u00e9truit pas cet \u00e9quilibre biologique elle modifie la structure du sol par son r\u00f4le d&rsquo;a\u00e9ration, de bioturbation. Or ces fonctions sont naturellement assur\u00e9es par le ver de terre. Si on grelinait, il s&rsquo;en trouverait tout d\u00e9s\u0153uvr\u00e9 ! Ainsi Denis et Fabrice pr\u00e9f\u00e8rent lui laisser ces missions. La grelinette effectue dans tous les cas un travail du sol, ce qui est contraire aux principes du MSV.<\/p>\n\n\n\n<p>Aux Grivauds, pas de binette non plus. La binette, c&rsquo;est vraiment l&rsquo;outil de d\u00e9sherbage qu&rsquo;on trouve dans tous les jardins. Pourquoi ne le trouverait-on pas dans celui-ci\u00a0? D&rsquo;abord, le paillage ou b\u00e2chage des cultures rend inutilisable la binette car elle ne peut atteindre la terre. Quand bien m\u00eame on ouvrirait la paille pour l&rsquo;utiliser, elle a pour inconv\u00e9nient de r\u00e9activer le lit de semences. Des milliers de graines dans le sol sont en effet en latence. Elles sont comme endormies, n&rsquo;attendant que les conditions optimales \u00e0 leur germination soient r\u00e9unies. Ces conditions (pr\u00e9sence d&rsquo;air et d&rsquo;eau) leur sont offertes en d\u00e9pla\u00e7ant \u00e0 l&rsquo;aide de la binette la surface du sol. Elles vont donc germer suite au d\u00e9sherbage. Chaque binage est automatiquement suivi de l&rsquo;apparition de nouvelles adventices, ce qui entra\u00eene un cycle infini de binage&#8230; La binette est dans tous les cas inutile aux Grivauds car les seules plantes poussant au travers des paillages sont des vivaces, des v\u00e9g\u00e9taux survivant plusieurs ann\u00e9es. Aux Grivauds, elles sont \u00e9limin\u00e9es en \u00e9tant coup\u00e9es au collet (\u00e0 la base) gr\u00e2ce \u00e0 un s\u00e9cateur. Leurs racines sont laiss\u00e9es dans le sol. Elles s&rsquo;y d\u00e9composeront sur place sans modification de la structure du sol.<\/p>\n\n\n\n<p>Fin de l&rsquo;enqu\u00eate. Je rentre bredouille. J&rsquo;ai us\u00e9 de tous mes sens (ou presque) mais je n&rsquo;ai rien trouv\u00e9 de cet attirail aux Grivauds. Pour ce qui est de r\u00e9pondre \u00e0 la question <em>\u00ab\u00a0est-il quand m\u00eame possible de les consid\u00e9rer comme des mara\u00eechers?\u00a0\u00bb<\/em> revenons \u00e0 la d\u00e9finition du terme. Selon le CNRTL, un mara\u00eecher est un \u00ab\u00a0jardinier qui cultive des l\u00e9gumes sur une grande \u00e9chelle afin de les vendre\u00a0\u00bb. Ainsi Fabrice et Denis, en produisant vos l\u00e9gumes, vous remplissez le crit\u00e8re essentiel permettant de d\u00e9finitivement vous d\u00e9finir comme des mara\u00eechers (ouf). Simplement votre approche aux Grivauds oriente le fonctionnement de la nature afin de produire des l\u00e9gumes tout en visant la meilleure harmonie possible avec ses diff\u00e9rents \u00e9l\u00e9ments. L&rsquo;intervention majoritaire (outre les plantations et r\u00e9coltes cela va sans dire) est l&rsquo;enrichissement des sols, favorable \u00e0 leur rendement et il est r\u00e9alis\u00e9 avec des proc\u00e9d\u00e9s les moins artificiels possibles. Ainsi sont limit\u00e9s au maximum les mises sous tutelle et les modifications des processus naturels apr\u00e8s le lancement des cultures. Je termine donc mon enqu\u00eate les mains vides mais forte d&rsquo;une conclusion : Fabrice et Denis sont bien des mara\u00eechers et qui tentent de se faire coll\u00e8gues avec la nature en travaillant main dans la main avec le monde vivant. <\/p>\n\n\n\n<h2>Bonus de l&rsquo;enqu\u00eate : Mais quel est donc le starter pack de Denis et Fabrice?<\/h2>\n\n\n\n<figure class=\"wp-block-image size-large is-style-default\"><a href=\"http:\/\/ecojardindesgrivauds.fr\/wp-content\/uploads\/2020\/11\/Polish_20201108_113818198.jpg\"><img decoding=\"async\" loading=\"lazy\" width=\"1024\" height=\"1024\" src=\"http:\/\/ecojardindesgrivauds.fr\/wp-content\/uploads\/2020\/11\/Polish_20201108_113818198-1024x1024.jpg\" alt=\"\" class=\"wp-image-6381\" srcset=\"https:\/\/ecojardindesgrivauds.fr\/wp-content\/uploads\/2020\/11\/Polish_20201108_113818198-1024x1024.jpg 1024w, https:\/\/ecojardindesgrivauds.fr\/wp-content\/uploads\/2020\/11\/Polish_20201108_113818198-300x300.jpg 300w, https:\/\/ecojardindesgrivauds.fr\/wp-content\/uploads\/2020\/11\/Polish_20201108_113818198-150x150.jpg 150w, https:\/\/ecojardindesgrivauds.fr\/wp-content\/uploads\/2020\/11\/Polish_20201108_113818198-768x768.jpg 768w, https:\/\/ecojardindesgrivauds.fr\/wp-content\/uploads\/2020\/11\/Polish_20201108_113818198-1536x1536.jpg 1536w, https:\/\/ecojardindesgrivauds.fr\/wp-content\/uploads\/2020\/11\/Polish_20201108_113818198-100x100.jpg 100w, https:\/\/ecojardindesgrivauds.fr\/wp-content\/uploads\/2020\/11\/Polish_20201108_113818198.jpg 1920w\" sizes=\"(max-width: 767px) 89vw, (max-width: 1000px) 54vw, (max-width: 1071px) 543px, 580px\" \/><\/a><\/figure>\n\n\n\n<p><strong>Note du ma\u00eetre-toilier :<\/strong> <em>apr\u00e8s l&rsquo;article de Charl\u00e8ne la semaine derni\u00e8re et l&rsquo;article de Yolande cette semaine, je commen\u00e7ais \u00e0 avoir beaucoup de photos accumul\u00e9es, montrant notamment l&rsquo;avancement de nos planches de culture hivernales sous serre. Les voici donc rassembl\u00e9es ici dans une grande galerie. Vous y ferez notamment la connaissance de Charly, un stagiaire dont nous reparlerons prochainement.<\/em><\/p>\n\n\n\n<!-- index.php -->\n<div\n\tclass=\"ngg-galleryoverview ngg-ajax-pagination-none\"\n\tid=\"ngg-gallery-e4a6e1f053652bf09269ef309811f791-1\">\n\n    \t\t<!-- Thumbnails -->\n\t\t\t\t<div id=\"ngg-image-0\" class=\"ngg-gallery-thumbnail-box\" >\n\t\t\t\t        <div class=\"ngg-gallery-thumbnail\">\n            <a href=\"https:\/\/ecojardindesgrivauds.fr\/wp-content\/gallery\/2020_11_07-starter-pack\/2020-10-26_09-40-52.jpg\"\n               title=\"D\u00e9sinstallation des tomates en serre 2 : Mi-Roux joue les contre-ma\u00eetres.\"\n               data-src=\"https:\/\/ecojardindesgrivauds.fr\/wp-content\/gallery\/2020_11_07-starter-pack\/2020-10-26_09-40-52.jpg\"\n               data-thumbnail=\"https:\/\/ecojardindesgrivauds.fr\/wp-content\/gallery\/2020_11_07-starter-pack\/thumbs\/thumbs_2020-10-26_09-40-52.jpg\"\n               data-image-id=\"2002\"\n               data-title=\"2020-10-26_09-40-52\"\n               data-description=\"D\u00e9sinstallation des tomates en serre 2 : Mi-Roux joue les contre-ma\u00eetres.\"\n               data-image-slug=\"2020-10-26_09-40-52\"\n               class=\"ngg-fancybox\" rel=\"e4a6e1f053652bf09269ef309811f791\">\n                <img\n                    title=\"2020-10-26_09-40-52\"\n                    alt=\"2020-10-26_09-40-52\"\n                    src=\"https:\/\/ecojardindesgrivauds.fr\/wp-content\/gallery\/2020_11_07-starter-pack\/thumbs\/thumbs_2020-10-26_09-40-52.jpg\"\n                    width=\"240\"\n                    height=\"160\"\n                    style=\"max-width:100%;\"\n                \/>\n            <\/a>\n        <\/div>\n\t\t\t\t\t\t\t<\/div> \n\t\t\t\n        \n\t\t\t\t<div id=\"ngg-image-1\" class=\"ngg-gallery-thumbnail-box\" >\n\t\t\t\t        <div class=\"ngg-gallery-thumbnail\">\n            <a href=\"https:\/\/ecojardindesgrivauds.fr\/wp-content\/gallery\/2020_11_07-starter-pack\/2020-10-26_16-24-08.jpg\"\n               title=\"\u00c0 droite, Charly, notre nouveau stagiaire BPREA.\"\n               data-src=\"https:\/\/ecojardindesgrivauds.fr\/wp-content\/gallery\/2020_11_07-starter-pack\/2020-10-26_16-24-08.jpg\"\n               data-thumbnail=\"https:\/\/ecojardindesgrivauds.fr\/wp-content\/gallery\/2020_11_07-starter-pack\/thumbs\/thumbs_2020-10-26_16-24-08.jpg\"\n               data-image-id=\"2004\"\n               data-title=\"2020-10-26_16-24-08\"\n               data-description=\"\u00c0 droite, Charly, notre nouveau stagiaire BPREA.\"\n               data-image-slug=\"2020-10-26_16-24-08\"\n               class=\"ngg-fancybox\" rel=\"e4a6e1f053652bf09269ef309811f791\">\n                <img\n                    title=\"2020-10-26_16-24-08\"\n                    alt=\"2020-10-26_16-24-08\"\n                    src=\"https:\/\/ecojardindesgrivauds.fr\/wp-content\/gallery\/2020_11_07-starter-pack\/thumbs\/thumbs_2020-10-26_16-24-08.jpg\"\n                    width=\"240\"\n                    height=\"160\"\n                    style=\"max-width:100%;\"\n                \/>\n            <\/a>\n        <\/div>\n\t\t\t\t\t\t\t<\/div> \n\t\t\t\n        \n\t\t\t\t<div id=\"ngg-image-2\" class=\"ngg-gallery-thumbnail-box\" >\n\t\t\t\t        <div class=\"ngg-gallery-thumbnail\">\n            <a href=\"https:\/\/ecojardindesgrivauds.fr\/wp-content\/gallery\/2020_11_07-starter-pack\/2020-10-26_16-24-24.jpg\"\n               title=\"Le m\u00eame plus pr\u00e8s.\"\n               data-src=\"https:\/\/ecojardindesgrivauds.fr\/wp-content\/gallery\/2020_11_07-starter-pack\/2020-10-26_16-24-24.jpg\"\n               data-thumbnail=\"https:\/\/ecojardindesgrivauds.fr\/wp-content\/gallery\/2020_11_07-starter-pack\/thumbs\/thumbs_2020-10-26_16-24-24.jpg\"\n               data-image-id=\"2005\"\n               data-title=\"2020-10-26_16-24-24\"\n               data-description=\"Le m\u00eame plus pr\u00e8s.\"\n               data-image-slug=\"2020-10-26_16-24-24\"\n               class=\"ngg-fancybox\" rel=\"e4a6e1f053652bf09269ef309811f791\">\n                <img\n                    title=\"2020-10-26_16-24-24\"\n                    alt=\"2020-10-26_16-24-24\"\n                    src=\"https:\/\/ecojardindesgrivauds.fr\/wp-content\/gallery\/2020_11_07-starter-pack\/thumbs\/thumbs_2020-10-26_16-24-24.jpg\"\n                    width=\"240\"\n                    height=\"160\"\n                    style=\"max-width:100%;\"\n                \/>\n            <\/a>\n        <\/div>\n\t\t\t\t\t\t\t<\/div> \n\t\t\t\n        \n\t\t\t\t<div id=\"ngg-image-3\" class=\"ngg-gallery-thumbnail-box\" >\n\t\t\t\t        <div class=\"ngg-gallery-thumbnail\">\n            <a href=\"https:\/\/ecojardindesgrivauds.fr\/wp-content\/gallery\/2020_11_07-starter-pack\/2020-10-26_16-24-30.jpg\"\n               title=\"Le m\u00eame encore plus pr\u00e8s.\"\n               data-src=\"https:\/\/ecojardindesgrivauds.fr\/wp-content\/gallery\/2020_11_07-starter-pack\/2020-10-26_16-24-30.jpg\"\n               data-thumbnail=\"https:\/\/ecojardindesgrivauds.fr\/wp-content\/gallery\/2020_11_07-starter-pack\/thumbs\/thumbs_2020-10-26_16-24-30.jpg\"\n               data-image-id=\"2006\"\n               data-title=\"2020-10-26_16-24-30\"\n               data-description=\"Le m\u00eame encore plus pr\u00e8s.\"\n               data-image-slug=\"2020-10-26_16-24-30\"\n               class=\"ngg-fancybox\" rel=\"e4a6e1f053652bf09269ef309811f791\">\n                <img\n                    title=\"2020-10-26_16-24-30\"\n                    alt=\"2020-10-26_16-24-30\"\n                    src=\"https:\/\/ecojardindesgrivauds.fr\/wp-content\/gallery\/2020_11_07-starter-pack\/thumbs\/thumbs_2020-10-26_16-24-30.jpg\"\n                    width=\"240\"\n                    height=\"160\"\n                    style=\"max-width:100%;\"\n                \/>\n            <\/a>\n        <\/div>\n\t\t\t\t\t\t\t<\/div> \n\t\t\t\n        \n\t\t\t\t<div id=\"ngg-image-4\" class=\"ngg-gallery-thumbnail-box\" >\n\t\t\t\t        <div class=\"ngg-gallery-thumbnail\">\n            <a href=\"https:\/\/ecojardindesgrivauds.fr\/wp-content\/gallery\/2020_11_07-starter-pack\/2020-10-27_11-19-51.jpg\"\n               title=\"Plantation de m\u00e2ches : Charl\u00e8ne, Yolande et Charly en action.\"\n               data-src=\"https:\/\/ecojardindesgrivauds.fr\/wp-content\/gallery\/2020_11_07-starter-pack\/2020-10-27_11-19-51.jpg\"\n               data-thumbnail=\"https:\/\/ecojardindesgrivauds.fr\/wp-content\/gallery\/2020_11_07-starter-pack\/thumbs\/thumbs_2020-10-27_11-19-51.jpg\"\n               data-image-id=\"2007\"\n               data-title=\"2020-10-27_11-19-51\"\n               data-description=\"Plantation de m\u00e2ches : Charl\u00e8ne, Yolande et Charly en action.\"\n               data-image-slug=\"2020-10-27_11-19-51\"\n               class=\"ngg-fancybox\" rel=\"e4a6e1f053652bf09269ef309811f791\">\n                <img\n                    title=\"2020-10-27_11-19-51\"\n                    alt=\"2020-10-27_11-19-51\"\n                    src=\"https:\/\/ecojardindesgrivauds.fr\/wp-content\/gallery\/2020_11_07-starter-pack\/thumbs\/thumbs_2020-10-27_11-19-51.jpg\"\n                    width=\"240\"\n                    height=\"160\"\n                    style=\"max-width:100%;\"\n                \/>\n            <\/a>\n        <\/div>\n\t\t\t\t\t\t\t<\/div> \n\t\t\t\n        \n\t\t\t\t<div id=\"ngg-image-5\" class=\"ngg-gallery-thumbnail-box\" >\n\t\t\t\t        <div class=\"ngg-gallery-thumbnail\">\n            <a href=\"https:\/\/ecojardindesgrivauds.fr\/wp-content\/gallery\/2020_11_07-starter-pack\/2020-10-27_13-15-27.jpg\"\n               title=\"\"\n               data-src=\"https:\/\/ecojardindesgrivauds.fr\/wp-content\/gallery\/2020_11_07-starter-pack\/2020-10-27_13-15-27.jpg\"\n               data-thumbnail=\"https:\/\/ecojardindesgrivauds.fr\/wp-content\/gallery\/2020_11_07-starter-pack\/thumbs\/thumbs_2020-10-27_13-15-27.jpg\"\n               data-image-id=\"2008\"\n               data-title=\"2020-10-27_13-15-27\"\n               data-description=\"\"\n               data-image-slug=\"2020-10-27_13-15-27\"\n               class=\"ngg-fancybox\" rel=\"e4a6e1f053652bf09269ef309811f791\">\n                <img\n                    title=\"2020-10-27_13-15-27\"\n                    alt=\"2020-10-27_13-15-27\"\n                    src=\"https:\/\/ecojardindesgrivauds.fr\/wp-content\/gallery\/2020_11_07-starter-pack\/thumbs\/thumbs_2020-10-27_13-15-27.jpg\"\n                    width=\"240\"\n                    height=\"160\"\n                    style=\"max-width:100%;\"\n                \/>\n            <\/a>\n        <\/div>\n\t\t\t\t\t\t\t<\/div> \n\t\t\t\n        \n\t\t\t\t<div id=\"ngg-image-6\" class=\"ngg-gallery-thumbnail-box\" >\n\t\t\t\t        <div class=\"ngg-gallery-thumbnail\">\n            <a href=\"https:\/\/ecojardindesgrivauds.fr\/wp-content\/gallery\/2020_11_07-starter-pack\/2020-10-28_13-37-04.jpg\"\n               title=\"Fin de saison : on est tr\u00e8s fatigu\u00e9s, alors on fait des micro-siestes partout o\u00f9 on peut.\"\n               data-src=\"https:\/\/ecojardindesgrivauds.fr\/wp-content\/gallery\/2020_11_07-starter-pack\/2020-10-28_13-37-04.jpg\"\n               data-thumbnail=\"https:\/\/ecojardindesgrivauds.fr\/wp-content\/gallery\/2020_11_07-starter-pack\/thumbs\/thumbs_2020-10-28_13-37-04.jpg\"\n               data-image-id=\"2009\"\n               data-title=\"2020-10-28_13-37-04\"\n               data-description=\"Fin de saison : on est tr\u00e8s fatigu\u00e9s, alors on fait des micro-siestes partout o\u00f9 on peut.\"\n               data-image-slug=\"2020-10-28_13-37-04\"\n               class=\"ngg-fancybox\" rel=\"e4a6e1f053652bf09269ef309811f791\">\n                <img\n                    title=\"2020-10-28_13-37-04\"\n                    alt=\"2020-10-28_13-37-04\"\n                    src=\"https:\/\/ecojardindesgrivauds.fr\/wp-content\/gallery\/2020_11_07-starter-pack\/thumbs\/thumbs_2020-10-28_13-37-04.jpg\"\n                    width=\"240\"\n                    height=\"160\"\n                    style=\"max-width:100%;\"\n                \/>\n            <\/a>\n        <\/div>\n\t\t\t\t\t\t\t<\/div> \n\t\t\t\n        \n\t\t\t\t<div id=\"ngg-image-7\" class=\"ngg-gallery-thumbnail-box\" >\n\t\t\t\t        <div class=\"ngg-gallery-thumbnail\">\n            <a href=\"https:\/\/ecojardindesgrivauds.fr\/wp-content\/gallery\/2020_11_07-starter-pack\/2020-10-28_16-18-17.jpg\"\n               title=\"Charl\u00e8ne en plein dessin.\"\n               data-src=\"https:\/\/ecojardindesgrivauds.fr\/wp-content\/gallery\/2020_11_07-starter-pack\/2020-10-28_16-18-17.jpg\"\n               data-thumbnail=\"https:\/\/ecojardindesgrivauds.fr\/wp-content\/gallery\/2020_11_07-starter-pack\/thumbs\/thumbs_2020-10-28_16-18-17.jpg\"\n               data-image-id=\"2010\"\n               data-title=\"2020-10-28_16-18-17\"\n               data-description=\"Charl\u00e8ne en plein dessin.\"\n               data-image-slug=\"2020-10-28_16-18-17\"\n               class=\"ngg-fancybox\" rel=\"e4a6e1f053652bf09269ef309811f791\">\n                <img\n                    title=\"2020-10-28_16-18-17\"\n                    alt=\"2020-10-28_16-18-17\"\n                    src=\"https:\/\/ecojardindesgrivauds.fr\/wp-content\/gallery\/2020_11_07-starter-pack\/thumbs\/thumbs_2020-10-28_16-18-17.jpg\"\n                    width=\"240\"\n                    height=\"160\"\n                    style=\"max-width:100%;\"\n                \/>\n            <\/a>\n        <\/div>\n\t\t\t\t\t\t\t<\/div> \n\t\t\t\n        \n\t\t\t\t<div id=\"ngg-image-8\" class=\"ngg-gallery-thumbnail-box\" >\n\t\t\t\t        <div class=\"ngg-gallery-thumbnail\">\n            <a href=\"https:\/\/ecojardindesgrivauds.fr\/wp-content\/gallery\/2020_11_07-starter-pack\/2020-10-29_15-17-02.jpg\"\n               title=\"Grosse motivation pour Charl\u00e8ne !\"\n               data-src=\"https:\/\/ecojardindesgrivauds.fr\/wp-content\/gallery\/2020_11_07-starter-pack\/2020-10-29_15-17-02.jpg\"\n               data-thumbnail=\"https:\/\/ecojardindesgrivauds.fr\/wp-content\/gallery\/2020_11_07-starter-pack\/thumbs\/thumbs_2020-10-29_15-17-02.jpg\"\n               data-image-id=\"2011\"\n               data-title=\"2020-10-29_15-17-02\"\n               data-description=\"Grosse motivation pour Charl\u00e8ne !\"\n               data-image-slug=\"2020-10-29_15-17-02\"\n               class=\"ngg-fancybox\" rel=\"e4a6e1f053652bf09269ef309811f791\">\n                <img\n                    title=\"2020-10-29_15-17-02\"\n                    alt=\"2020-10-29_15-17-02\"\n                    src=\"https:\/\/ecojardindesgrivauds.fr\/wp-content\/gallery\/2020_11_07-starter-pack\/thumbs\/thumbs_2020-10-29_15-17-02.jpg\"\n                    width=\"240\"\n                    height=\"160\"\n                    style=\"max-width:100%;\"\n                \/>\n            <\/a>\n        <\/div>\n\t\t\t\t\t\t\t<\/div> \n\t\t\t\n        \n\t\t\t\t<div id=\"ngg-image-9\" class=\"ngg-gallery-thumbnail-box\" >\n\t\t\t\t        <div class=\"ngg-gallery-thumbnail\">\n            <a href=\"https:\/\/ecojardindesgrivauds.fr\/wp-content\/gallery\/2020_11_07-starter-pack\/2020-10-29_15-25-58.jpg\"\n               title=\"Oh un brocolis !\"\n               data-src=\"https:\/\/ecojardindesgrivauds.fr\/wp-content\/gallery\/2020_11_07-starter-pack\/2020-10-29_15-25-58.jpg\"\n               data-thumbnail=\"https:\/\/ecojardindesgrivauds.fr\/wp-content\/gallery\/2020_11_07-starter-pack\/thumbs\/thumbs_2020-10-29_15-25-58.jpg\"\n               data-image-id=\"2013\"\n               data-title=\"2020-10-29_15-25-58\"\n               data-description=\"Oh un brocolis !\"\n               data-image-slug=\"2020-10-29_15-25-58\"\n               class=\"ngg-fancybox\" rel=\"e4a6e1f053652bf09269ef309811f791\">\n                <img\n                    title=\"2020-10-29_15-25-58\"\n                    alt=\"2020-10-29_15-25-58\"\n                    src=\"https:\/\/ecojardindesgrivauds.fr\/wp-content\/gallery\/2020_11_07-starter-pack\/thumbs\/thumbs_2020-10-29_15-25-58.jpg\"\n                    width=\"240\"\n                    height=\"160\"\n                    style=\"max-width:100%;\"\n                \/>\n            <\/a>\n        <\/div>\n\t\t\t\t\t\t\t<\/div> \n\t\t\t\n        \n\t\t\t\t<div id=\"ngg-image-10\" class=\"ngg-gallery-thumbnail-box\" >\n\t\t\t\t        <div class=\"ngg-gallery-thumbnail\">\n            <a href=\"https:\/\/ecojardindesgrivauds.fr\/wp-content\/gallery\/2020_11_07-starter-pack\/2020-10-30_09-49-13.jpg\"\n               title=\"Charly \u00e0 la r\u00e9colte des m\u00e2ches\"\n               data-src=\"https:\/\/ecojardindesgrivauds.fr\/wp-content\/gallery\/2020_11_07-starter-pack\/2020-10-30_09-49-13.jpg\"\n               data-thumbnail=\"https:\/\/ecojardindesgrivauds.fr\/wp-content\/gallery\/2020_11_07-starter-pack\/thumbs\/thumbs_2020-10-30_09-49-13.jpg\"\n               data-image-id=\"2017\"\n               data-title=\"2020-10-30_09-49-13\"\n               data-description=\"Charly \u00e0 la r\u00e9colte des m\u00e2ches\"\n               data-image-slug=\"2020-10-30_09-49-13\"\n               class=\"ngg-fancybox\" rel=\"e4a6e1f053652bf09269ef309811f791\">\n                <img\n                    title=\"2020-10-30_09-49-13\"\n                    alt=\"2020-10-30_09-49-13\"\n                    src=\"https:\/\/ecojardindesgrivauds.fr\/wp-content\/gallery\/2020_11_07-starter-pack\/thumbs\/thumbs_2020-10-30_09-49-13.jpg\"\n                    width=\"240\"\n                    height=\"160\"\n                    style=\"max-width:100%;\"\n                \/>\n            <\/a>\n        <\/div>\n\t\t\t\t\t\t\t<\/div> \n\t\t\t\n        \n\t\t\t\t<div id=\"ngg-image-11\" class=\"ngg-gallery-thumbnail-box\" >\n\t\t\t\t        <div class=\"ngg-gallery-thumbnail\">\n            <a href=\"https:\/\/ecojardindesgrivauds.fr\/wp-content\/gallery\/2020_11_07-starter-pack\/2020-10-30_10-08-27.jpg\"\n               title=\"Charl\u00e8ne et une fris\u00e9e bien blanchie\"\n               data-src=\"https:\/\/ecojardindesgrivauds.fr\/wp-content\/gallery\/2020_11_07-starter-pack\/2020-10-30_10-08-27.jpg\"\n               data-thumbnail=\"https:\/\/ecojardindesgrivauds.fr\/wp-content\/gallery\/2020_11_07-starter-pack\/thumbs\/thumbs_2020-10-30_10-08-27.jpg\"\n               data-image-id=\"2018\"\n               data-title=\"2020-10-30_10-08-27\"\n               data-description=\"Charl\u00e8ne et une fris\u00e9e bien blanchie\"\n               data-image-slug=\"2020-10-30_10-08-27\"\n               class=\"ngg-fancybox\" rel=\"e4a6e1f053652bf09269ef309811f791\">\n                <img\n                    title=\"2020-10-30_10-08-27\"\n                    alt=\"2020-10-30_10-08-27\"\n                    src=\"https:\/\/ecojardindesgrivauds.fr\/wp-content\/gallery\/2020_11_07-starter-pack\/thumbs\/thumbs_2020-10-30_10-08-27.jpg\"\n                    width=\"240\"\n                    height=\"160\"\n                    style=\"max-width:100%;\"\n                \/>\n            <\/a>\n        <\/div>\n\t\t\t\t\t\t\t<\/div> \n\t\t\t\n        \n\t\t\t\t<div id=\"ngg-image-12\" class=\"ngg-gallery-thumbnail-box\" >\n\t\t\t\t        <div class=\"ngg-gallery-thumbnail\">\n            <a href=\"https:\/\/ecojardindesgrivauds.fr\/wp-content\/gallery\/2020_11_07-starter-pack\/2020-10-30_10-47-30.jpg\"\n               title=\"La serre des blettes est bien gard\u00e9e...\"\n               data-src=\"https:\/\/ecojardindesgrivauds.fr\/wp-content\/gallery\/2020_11_07-starter-pack\/2020-10-30_10-47-30.jpg\"\n               data-thumbnail=\"https:\/\/ecojardindesgrivauds.fr\/wp-content\/gallery\/2020_11_07-starter-pack\/thumbs\/thumbs_2020-10-30_10-47-30.jpg\"\n               data-image-id=\"2019\"\n               data-title=\"2020-10-30_10-47-30\"\n               data-description=\"La serre des blettes est bien gard\u00e9e...\"\n               data-image-slug=\"2020-10-30_10-47-30\"\n               class=\"ngg-fancybox\" rel=\"e4a6e1f053652bf09269ef309811f791\">\n                <img\n                    title=\"2020-10-30_10-47-30\"\n                    alt=\"2020-10-30_10-47-30\"\n                    src=\"https:\/\/ecojardindesgrivauds.fr\/wp-content\/gallery\/2020_11_07-starter-pack\/thumbs\/thumbs_2020-10-30_10-47-30.jpg\"\n                    width=\"240\"\n                    height=\"160\"\n                    style=\"max-width:100%;\"\n                \/>\n            <\/a>\n        <\/div>\n\t\t\t\t\t\t\t<\/div> \n\t\t\t\n        \n\t\t\t\t<div id=\"ngg-image-13\" class=\"ngg-gallery-thumbnail-box\" >\n\t\t\t\t        <div class=\"ngg-gallery-thumbnail\">\n            <a href=\"https:\/\/ecojardindesgrivauds.fr\/wp-content\/gallery\/2020_11_07-starter-pack\/2020-10-30_10-48-30.jpg\"\n               title=\"Cette mante religieuse a \u00e9t\u00e9 dress\u00e9e pour expliquer aux petites mains de passage comment les blettes devaient \u00eatre r\u00e9colt\u00e9es.\"\n               data-src=\"https:\/\/ecojardindesgrivauds.fr\/wp-content\/gallery\/2020_11_07-starter-pack\/2020-10-30_10-48-30.jpg\"\n               data-thumbnail=\"https:\/\/ecojardindesgrivauds.fr\/wp-content\/gallery\/2020_11_07-starter-pack\/thumbs\/thumbs_2020-10-30_10-48-30.jpg\"\n               data-image-id=\"2020\"\n               data-title=\"2020-10-30_10-48-30\"\n               data-description=\"Cette mante religieuse a \u00e9t\u00e9 dress\u00e9e pour expliquer aux petites mains de passage comment les blettes devaient \u00eatre r\u00e9colt\u00e9es.\"\n               data-image-slug=\"2020-10-30_10-48-30\"\n               class=\"ngg-fancybox\" rel=\"e4a6e1f053652bf09269ef309811f791\">\n                <img\n                    title=\"2020-10-30_10-48-30\"\n                    alt=\"2020-10-30_10-48-30\"\n                    src=\"https:\/\/ecojardindesgrivauds.fr\/wp-content\/gallery\/2020_11_07-starter-pack\/thumbs\/thumbs_2020-10-30_10-48-30.jpg\"\n                    width=\"240\"\n                    height=\"160\"\n                    style=\"max-width:100%;\"\n                \/>\n            <\/a>\n        <\/div>\n\t\t\t\t\t\t\t<\/div> \n\t\t\t\n        \n\t\t\t\t<div id=\"ngg-image-14\" class=\"ngg-gallery-thumbnail-box\" >\n\t\t\t\t        <div class=\"ngg-gallery-thumbnail\">\n            <a href=\"https:\/\/ecojardindesgrivauds.fr\/wp-content\/gallery\/2020_11_07-starter-pack\/2020-10-30_10-51-20.jpg\"\n               title=\"Charl\u00e8ne r\u00eavait d&#039;\u00eatre prise en photo entour\u00e9e de feuilles de l\u00e9gumes... C&#039;est chose faite !\"\n               data-src=\"https:\/\/ecojardindesgrivauds.fr\/wp-content\/gallery\/2020_11_07-starter-pack\/2020-10-30_10-51-20.jpg\"\n               data-thumbnail=\"https:\/\/ecojardindesgrivauds.fr\/wp-content\/gallery\/2020_11_07-starter-pack\/thumbs\/thumbs_2020-10-30_10-51-20.jpg\"\n               data-image-id=\"2021\"\n               data-title=\"2020-10-30_10-51-20\"\n               data-description=\"Charl\u00e8ne r\u00eavait d&#039;\u00eatre prise en photo entour\u00e9e de feuilles de l\u00e9gumes... C&#039;est chose faite !\"\n               data-image-slug=\"2020-10-30_10-51-20\"\n               class=\"ngg-fancybox\" rel=\"e4a6e1f053652bf09269ef309811f791\">\n                <img\n                    title=\"2020-10-30_10-51-20\"\n                    alt=\"2020-10-30_10-51-20\"\n                    src=\"https:\/\/ecojardindesgrivauds.fr\/wp-content\/gallery\/2020_11_07-starter-pack\/thumbs\/thumbs_2020-10-30_10-51-20.jpg\"\n                    width=\"240\"\n                    height=\"160\"\n                    style=\"max-width:100%;\"\n                \/>\n            <\/a>\n        <\/div>\n\t\t\t\t\t\t\t<\/div> \n\t\t\t\n        \n\t\t\t\t<div id=\"ngg-image-15\" class=\"ngg-gallery-thumbnail-box\" >\n\t\t\t\t        <div class=\"ngg-gallery-thumbnail\">\n            <a href=\"https:\/\/ecojardindesgrivauds.fr\/wp-content\/gallery\/2020_11_07-starter-pack\/2020-10-30_10-52-03.jpg\"\n               title=\"Les coulisses de la photo pr\u00e9c\u00e9dente...\"\n               data-src=\"https:\/\/ecojardindesgrivauds.fr\/wp-content\/gallery\/2020_11_07-starter-pack\/2020-10-30_10-52-03.jpg\"\n               data-thumbnail=\"https:\/\/ecojardindesgrivauds.fr\/wp-content\/gallery\/2020_11_07-starter-pack\/thumbs\/thumbs_2020-10-30_10-52-03.jpg\"\n               data-image-id=\"2022\"\n               data-title=\"2020-10-30_10-52-03\"\n               data-description=\"Les coulisses de la photo pr\u00e9c\u00e9dente...\"\n               data-image-slug=\"2020-10-30_10-52-03\"\n               class=\"ngg-fancybox\" rel=\"e4a6e1f053652bf09269ef309811f791\">\n                <img\n                    title=\"2020-10-30_10-52-03\"\n                    alt=\"2020-10-30_10-52-03\"\n                    src=\"https:\/\/ecojardindesgrivauds.fr\/wp-content\/gallery\/2020_11_07-starter-pack\/thumbs\/thumbs_2020-10-30_10-52-03.jpg\"\n                    width=\"240\"\n                    height=\"160\"\n                    style=\"max-width:100%;\"\n                \/>\n            <\/a>\n        <\/div>\n\t\t\t\t\t\t\t<\/div> \n\t\t\t\n        \n\t\t\t\t<div id=\"ngg-image-16\" class=\"ngg-gallery-thumbnail-box\" >\n\t\t\t\t        <div class=\"ngg-gallery-thumbnail\">\n            <a href=\"https:\/\/ecojardindesgrivauds.fr\/wp-content\/gallery\/2020_11_07-starter-pack\/2020-10-31_08-23-53.jpg\"\n               title=\"Sur le march\u00e9 de Vichy\"\n               data-src=\"https:\/\/ecojardindesgrivauds.fr\/wp-content\/gallery\/2020_11_07-starter-pack\/2020-10-31_08-23-53.jpg\"\n               data-thumbnail=\"https:\/\/ecojardindesgrivauds.fr\/wp-content\/gallery\/2020_11_07-starter-pack\/thumbs\/thumbs_2020-10-31_08-23-53.jpg\"\n               data-image-id=\"2025\"\n               data-title=\"2020-10-31_08-23-53\"\n               data-description=\"Sur le march\u00e9 de Vichy\"\n               data-image-slug=\"2020-10-31_08-23-53\"\n               class=\"ngg-fancybox\" rel=\"e4a6e1f053652bf09269ef309811f791\">\n                <img\n                    title=\"2020-10-31_08-23-53\"\n                    alt=\"2020-10-31_08-23-53\"\n                    src=\"https:\/\/ecojardindesgrivauds.fr\/wp-content\/gallery\/2020_11_07-starter-pack\/thumbs\/thumbs_2020-10-31_08-23-53.jpg\"\n                    width=\"240\"\n                    height=\"160\"\n                    style=\"max-width:100%;\"\n                \/>\n            <\/a>\n        <\/div>\n\t\t\t\t\t\t\t<\/div> \n\t\t\t\n        \n\t\t\t\t<div id=\"ngg-image-17\" class=\"ngg-gallery-thumbnail-box\" >\n\t\t\t\t        <div class=\"ngg-gallery-thumbnail\">\n            <a href=\"https:\/\/ecojardindesgrivauds.fr\/wp-content\/gallery\/2020_11_07-starter-pack\/2020-10-31_09-07-39.jpg\"\n               title=\"Sur le march\u00e9 de Vichy ; Yolande, sacr\u00e9e meilleure vendeuse de l&#039;ann\u00e9e !\"\n               data-src=\"https:\/\/ecojardindesgrivauds.fr\/wp-content\/gallery\/2020_11_07-starter-pack\/2020-10-31_09-07-39.jpg\"\n               data-thumbnail=\"https:\/\/ecojardindesgrivauds.fr\/wp-content\/gallery\/2020_11_07-starter-pack\/thumbs\/thumbs_2020-10-31_09-07-39.jpg\"\n               data-image-id=\"2026\"\n               data-title=\"2020-10-31_09-07-39\"\n               data-description=\"Sur le march\u00e9 de Vichy ; Yolande, sacr\u00e9e meilleure vendeuse de l&#039;ann\u00e9e !\"\n               data-image-slug=\"2020-10-31_09-07-39\"\n               class=\"ngg-fancybox\" rel=\"e4a6e1f053652bf09269ef309811f791\">\n                <img\n                    title=\"2020-10-31_09-07-39\"\n                    alt=\"2020-10-31_09-07-39\"\n                    src=\"https:\/\/ecojardindesgrivauds.fr\/wp-content\/gallery\/2020_11_07-starter-pack\/thumbs\/thumbs_2020-10-31_09-07-39.jpg\"\n                    width=\"240\"\n                    height=\"160\"\n                    style=\"max-width:100%;\"\n                \/>\n            <\/a>\n        <\/div>\n\t\t\t\t\t\t\t<\/div> \n\t\t\t\n        \n\t\t\t\t<div id=\"ngg-image-18\" class=\"ngg-gallery-thumbnail-box\" >\n\t\t\t\t        <div class=\"ngg-gallery-thumbnail\">\n            <a href=\"https:\/\/ecojardindesgrivauds.fr\/wp-content\/gallery\/2020_11_07-starter-pack\/2020-11-02_10-54-15.jpg\"\n               title=\"Apr\u00e8s le permis \u00abbrouette plateau\u00bb, Yolande passe le permis \u00abbrouette \u00e0 carottes\u00bb. L&#039;inarr\u00eatable ascension de Yolande.\"\n               data-src=\"https:\/\/ecojardindesgrivauds.fr\/wp-content\/gallery\/2020_11_07-starter-pack\/2020-11-02_10-54-15.jpg\"\n               data-thumbnail=\"https:\/\/ecojardindesgrivauds.fr\/wp-content\/gallery\/2020_11_07-starter-pack\/thumbs\/thumbs_2020-11-02_10-54-15.jpg\"\n               data-image-id=\"2027\"\n               data-title=\"2020-11-02_10-54-15\"\n               data-description=\"Apr\u00e8s le permis \u00abbrouette plateau\u00bb, Yolande passe le permis \u00abbrouette \u00e0 carottes\u00bb. L&#039;inarr\u00eatable ascension de Yolande.\"\n               data-image-slug=\"2020-11-02_10-54-15\"\n               class=\"ngg-fancybox\" rel=\"e4a6e1f053652bf09269ef309811f791\">\n                <img\n                    title=\"2020-11-02_10-54-15\"\n                    alt=\"2020-11-02_10-54-15\"\n                    src=\"https:\/\/ecojardindesgrivauds.fr\/wp-content\/gallery\/2020_11_07-starter-pack\/thumbs\/thumbs_2020-11-02_10-54-15.jpg\"\n                    width=\"240\"\n                    height=\"160\"\n                    style=\"max-width:100%;\"\n                \/>\n            <\/a>\n        <\/div>\n\t\t\t\t\t\t\t<\/div> \n\t\t\t\n        \n\t\t\t\t<div id=\"ngg-image-19\" class=\"ngg-gallery-thumbnail-box\" >\n\t\t\t\t        <div class=\"ngg-gallery-thumbnail\">\n            <a href=\"https:\/\/ecojardindesgrivauds.fr\/wp-content\/gallery\/2020_11_07-starter-pack\/2020-11-03_10-33-31.jpg\"\n               title=\"Semis de carottes de printemps en serre 1\"\n               data-src=\"https:\/\/ecojardindesgrivauds.fr\/wp-content\/gallery\/2020_11_07-starter-pack\/2020-11-03_10-33-31.jpg\"\n               data-thumbnail=\"https:\/\/ecojardindesgrivauds.fr\/wp-content\/gallery\/2020_11_07-starter-pack\/thumbs\/thumbs_2020-11-03_10-33-31.jpg\"\n               data-image-id=\"2031\"\n               data-title=\"2020-11-03_10-33-31\"\n               data-description=\"Semis de carottes de printemps en serre 1\"\n               data-image-slug=\"2020-11-03_10-33-31\"\n               class=\"ngg-fancybox\" rel=\"e4a6e1f053652bf09269ef309811f791\">\n                <img\n                    title=\"2020-11-03_10-33-31\"\n                    alt=\"2020-11-03_10-33-31\"\n                    src=\"https:\/\/ecojardindesgrivauds.fr\/wp-content\/gallery\/2020_11_07-starter-pack\/thumbs\/thumbs_2020-11-03_10-33-31.jpg\"\n                    width=\"240\"\n                    height=\"160\"\n                    style=\"max-width:100%;\"\n                \/>\n            <\/a>\n        <\/div>\n\t\t\t\t\t\t\t<\/div> \n\t\t\t\n        \n\t\t\t\t<div id=\"ngg-image-20\" class=\"ngg-gallery-thumbnail-box\" >\n\t\t\t\t        <div class=\"ngg-gallery-thumbnail\">\n            <a href=\"https:\/\/ecojardindesgrivauds.fr\/wp-content\/gallery\/2020_11_07-starter-pack\/2020-11-03_10-23-12.jpg\"\n               title=\"Semis de carottes de printemps en serre 1\"\n               data-src=\"https:\/\/ecojardindesgrivauds.fr\/wp-content\/gallery\/2020_11_07-starter-pack\/2020-11-03_10-23-12.jpg\"\n               data-thumbnail=\"https:\/\/ecojardindesgrivauds.fr\/wp-content\/gallery\/2020_11_07-starter-pack\/thumbs\/thumbs_2020-11-03_10-23-12.jpg\"\n               data-image-id=\"2030\"\n               data-title=\"2020-11-03_10-23-12\"\n               data-description=\"Semis de carottes de printemps en serre 1\"\n               data-image-slug=\"2020-11-03_10-23-12\"\n               class=\"ngg-fancybox\" rel=\"e4a6e1f053652bf09269ef309811f791\">\n                <img\n                    title=\"2020-11-03_10-23-12\"\n                    alt=\"2020-11-03_10-23-12\"\n                    src=\"https:\/\/ecojardindesgrivauds.fr\/wp-content\/gallery\/2020_11_07-starter-pack\/thumbs\/thumbs_2020-11-03_10-23-12.jpg\"\n                    width=\"240\"\n                    height=\"160\"\n                    style=\"max-width:100%;\"\n                \/>\n            <\/a>\n        <\/div>\n\t\t\t\t\t\t\t<\/div> \n\t\t\t\n        \n\t\t\t\t<div id=\"ngg-image-21\" class=\"ngg-gallery-thumbnail-box\" >\n\t\t\t\t        <div class=\"ngg-gallery-thumbnail\">\n            <a href=\"https:\/\/ecojardindesgrivauds.fr\/wp-content\/gallery\/2020_11_07-starter-pack\/2020-11-03_11-18-20.jpg\"\n               title=\"\"\n               data-src=\"https:\/\/ecojardindesgrivauds.fr\/wp-content\/gallery\/2020_11_07-starter-pack\/2020-11-03_11-18-20.jpg\"\n               data-thumbnail=\"https:\/\/ecojardindesgrivauds.fr\/wp-content\/gallery\/2020_11_07-starter-pack\/thumbs\/thumbs_2020-11-03_11-18-20.jpg\"\n               data-image-id=\"2034\"\n               data-title=\"2020-11-03_11-18-20\"\n               data-description=\"\"\n               data-image-slug=\"2020-11-03_11-18-20\"\n               class=\"ngg-fancybox\" rel=\"e4a6e1f053652bf09269ef309811f791\">\n                <img\n                    title=\"2020-11-03_11-18-20\"\n                    alt=\"2020-11-03_11-18-20\"\n                    src=\"https:\/\/ecojardindesgrivauds.fr\/wp-content\/gallery\/2020_11_07-starter-pack\/thumbs\/thumbs_2020-11-03_11-18-20.jpg\"\n                    width=\"240\"\n                    height=\"160\"\n                    style=\"max-width:100%;\"\n                \/>\n            <\/a>\n        <\/div>\n\t\t\t\t\t\t\t<\/div> \n\t\t\t\n        \n\t\t\t\t<div id=\"ngg-image-22\" class=\"ngg-gallery-thumbnail-box\" >\n\t\t\t\t        <div class=\"ngg-gallery-thumbnail\">\n            <a href=\"https:\/\/ecojardindesgrivauds.fr\/wp-content\/gallery\/2020_11_07-starter-pack\/2020-11-03_11-19-30.jpg\"\n               title=\"\"\n               data-src=\"https:\/\/ecojardindesgrivauds.fr\/wp-content\/gallery\/2020_11_07-starter-pack\/2020-11-03_11-19-30.jpg\"\n               data-thumbnail=\"https:\/\/ecojardindesgrivauds.fr\/wp-content\/gallery\/2020_11_07-starter-pack\/thumbs\/thumbs_2020-11-03_11-19-30.jpg\"\n               data-image-id=\"2035\"\n               data-title=\"2020-11-03_11-19-30\"\n               data-description=\"\"\n               data-image-slug=\"2020-11-03_11-19-30\"\n               class=\"ngg-fancybox\" rel=\"e4a6e1f053652bf09269ef309811f791\">\n                <img\n                    title=\"2020-11-03_11-19-30\"\n                    alt=\"2020-11-03_11-19-30\"\n                    src=\"https:\/\/ecojardindesgrivauds.fr\/wp-content\/gallery\/2020_11_07-starter-pack\/thumbs\/thumbs_2020-11-03_11-19-30.jpg\"\n                    width=\"240\"\n                    height=\"160\"\n                    style=\"max-width:100%;\"\n                \/>\n            <\/a>\n        <\/div>\n\t\t\t\t\t\t\t<\/div> \n\t\t\t\n        \n\t\t\t\t<div id=\"ngg-image-23\" class=\"ngg-gallery-thumbnail-box\" >\n\t\t\t\t        <div class=\"ngg-gallery-thumbnail\">\n            <a href=\"https:\/\/ecojardindesgrivauds.fr\/wp-content\/gallery\/2020_11_07-starter-pack\/2020-11-04_09-59-37.jpg\"\n               title=\"Arrachage de poireaux dans le petit jour.\"\n               data-src=\"https:\/\/ecojardindesgrivauds.fr\/wp-content\/gallery\/2020_11_07-starter-pack\/2020-11-04_09-59-37.jpg\"\n               data-thumbnail=\"https:\/\/ecojardindesgrivauds.fr\/wp-content\/gallery\/2020_11_07-starter-pack\/thumbs\/thumbs_2020-11-04_09-59-37.jpg\"\n               data-image-id=\"2037\"\n               data-title=\"2020-11-04_09-59-37\"\n               data-description=\"Arrachage de poireaux dans le petit jour.\"\n               data-image-slug=\"2020-11-04_09-59-37\"\n               class=\"ngg-fancybox\" rel=\"e4a6e1f053652bf09269ef309811f791\">\n                <img\n                    title=\"2020-11-04_09-59-37\"\n                    alt=\"2020-11-04_09-59-37\"\n                    src=\"https:\/\/ecojardindesgrivauds.fr\/wp-content\/gallery\/2020_11_07-starter-pack\/thumbs\/thumbs_2020-11-04_09-59-37.jpg\"\n                    width=\"240\"\n                    height=\"160\"\n                    style=\"max-width:100%;\"\n                \/>\n            <\/a>\n        <\/div>\n\t\t\t\t\t\t\t<\/div> \n\t\t\t\n        \n\t\t\t\t<div id=\"ngg-image-24\" class=\"ngg-gallery-thumbnail-box\" >\n\t\t\t\t        <div class=\"ngg-gallery-thumbnail\">\n            <a href=\"https:\/\/ecojardindesgrivauds.fr\/wp-content\/gallery\/2020_11_07-starter-pack\/2020-11-04_09-59-54.jpg\"\n               title=\"Charl\u00e8ne n&#039;a pas assez d\u00e9jeun\u00e9...\"\n               data-src=\"https:\/\/ecojardindesgrivauds.fr\/wp-content\/gallery\/2020_11_07-starter-pack\/2020-11-04_09-59-54.jpg\"\n               data-thumbnail=\"https:\/\/ecojardindesgrivauds.fr\/wp-content\/gallery\/2020_11_07-starter-pack\/thumbs\/thumbs_2020-11-04_09-59-54.jpg\"\n               data-image-id=\"2038\"\n               data-title=\"2020-11-04_09-59-54\"\n               data-description=\"Charl\u00e8ne n&#039;a pas assez d\u00e9jeun\u00e9...\"\n               data-image-slug=\"2020-11-04_09-59-54\"\n               class=\"ngg-fancybox\" rel=\"e4a6e1f053652bf09269ef309811f791\">\n                <img\n                    title=\"2020-11-04_09-59-54\"\n                    alt=\"2020-11-04_09-59-54\"\n                    src=\"https:\/\/ecojardindesgrivauds.fr\/wp-content\/gallery\/2020_11_07-starter-pack\/thumbs\/thumbs_2020-11-04_09-59-54.jpg\"\n                    width=\"240\"\n                    height=\"160\"\n                    style=\"max-width:100%;\"\n                \/>\n            <\/a>\n        <\/div>\n\t\t\t\t\t\t\t<\/div> \n\t\t\t\n        \n\t\t\t\t<div id=\"ngg-image-25\" class=\"ngg-gallery-thumbnail-box\" >\n\t\t\t\t        <div class=\"ngg-gallery-thumbnail\">\n            <a href=\"https:\/\/ecojardindesgrivauds.fr\/wp-content\/gallery\/2020_11_07-starter-pack\/2020-11-03_11-13-54.jpg\"\n               title=\"Les deux copines\"\n               data-src=\"https:\/\/ecojardindesgrivauds.fr\/wp-content\/gallery\/2020_11_07-starter-pack\/2020-11-03_11-13-54.jpg\"\n               data-thumbnail=\"https:\/\/ecojardindesgrivauds.fr\/wp-content\/gallery\/2020_11_07-starter-pack\/thumbs\/thumbs_2020-11-03_11-13-54.jpg\"\n               data-image-id=\"2032\"\n               data-title=\"2020-11-03_11-13-54\"\n               data-description=\"Les deux copines\"\n               data-image-slug=\"2020-11-03_11-13-54\"\n               class=\"ngg-fancybox\" rel=\"e4a6e1f053652bf09269ef309811f791\">\n                <img\n                    title=\"2020-11-03_11-13-54\"\n                    alt=\"2020-11-03_11-13-54\"\n                    src=\"https:\/\/ecojardindesgrivauds.fr\/wp-content\/gallery\/2020_11_07-starter-pack\/thumbs\/thumbs_2020-11-03_11-13-54.jpg\"\n                    width=\"240\"\n                    height=\"160\"\n                    style=\"max-width:100%;\"\n                \/>\n            <\/a>\n        <\/div>\n\t\t\t\t\t\t\t<\/div> \n\t\t\t\n        \n\t\t\t\t<div id=\"ngg-image-26\" class=\"ngg-gallery-thumbnail-box\" >\n\t\t\t\t        <div class=\"ngg-gallery-thumbnail\">\n            <a href=\"https:\/\/ecojardindesgrivauds.fr\/wp-content\/gallery\/2020_11_07-starter-pack\/2020-11-03_11-15-25.jpg\"\n               title=\"\"\n               data-src=\"https:\/\/ecojardindesgrivauds.fr\/wp-content\/gallery\/2020_11_07-starter-pack\/2020-11-03_11-15-25.jpg\"\n               data-thumbnail=\"https:\/\/ecojardindesgrivauds.fr\/wp-content\/gallery\/2020_11_07-starter-pack\/thumbs\/thumbs_2020-11-03_11-15-25.jpg\"\n               data-image-id=\"2033\"\n               data-title=\"2020-11-03_11-15-25\"\n               data-description=\"\"\n               data-image-slug=\"2020-11-03_11-15-25\"\n               class=\"ngg-fancybox\" rel=\"e4a6e1f053652bf09269ef309811f791\">\n                <img\n                    title=\"2020-11-03_11-15-25\"\n                    alt=\"2020-11-03_11-15-25\"\n                    src=\"https:\/\/ecojardindesgrivauds.fr\/wp-content\/gallery\/2020_11_07-starter-pack\/thumbs\/thumbs_2020-11-03_11-15-25.jpg\"\n                    width=\"240\"\n                    height=\"160\"\n                    style=\"max-width:100%;\"\n                \/>\n            <\/a>\n        <\/div>\n\t\t\t\t\t\t\t<\/div> \n\t\t\t\n        \n\t\t\t\t<div id=\"ngg-image-27\" class=\"ngg-gallery-thumbnail-box\" >\n\t\t\t\t        <div class=\"ngg-gallery-thumbnail\">\n            <a href=\"https:\/\/ecojardindesgrivauds.fr\/wp-content\/gallery\/2020_11_07-starter-pack\/2020-11-04_16-01-57.jpg\"\n               title=\"On vous a dit qu&#039;on a de nouvelles poules ? (merci Pierre-Yves)\"\n               data-src=\"https:\/\/ecojardindesgrivauds.fr\/wp-content\/gallery\/2020_11_07-starter-pack\/2020-11-04_16-01-57.jpg\"\n               data-thumbnail=\"https:\/\/ecojardindesgrivauds.fr\/wp-content\/gallery\/2020_11_07-starter-pack\/thumbs\/thumbs_2020-11-04_16-01-57.jpg\"\n               data-image-id=\"2039\"\n               data-title=\"2020-11-04_16-01-57\"\n               data-description=\"On vous a dit qu&#039;on a de nouvelles poules ? (merci Pierre-Yves)\"\n               data-image-slug=\"2020-11-04_16-01-57\"\n               class=\"ngg-fancybox\" rel=\"e4a6e1f053652bf09269ef309811f791\">\n                <img\n                    title=\"2020-11-04_16-01-57\"\n                    alt=\"2020-11-04_16-01-57\"\n                    src=\"https:\/\/ecojardindesgrivauds.fr\/wp-content\/gallery\/2020_11_07-starter-pack\/thumbs\/thumbs_2020-11-04_16-01-57.jpg\"\n                    width=\"240\"\n                    height=\"160\"\n                    style=\"max-width:100%;\"\n                \/>\n            <\/a>\n        <\/div>\n\t\t\t\t\t\t\t<\/div> \n\t\t\t\n        \n\t\t\t\t<div id=\"ngg-image-28\" class=\"ngg-gallery-thumbnail-box\" >\n\t\t\t\t        <div class=\"ngg-gallery-thumbnail\">\n            <a href=\"https:\/\/ecojardindesgrivauds.fr\/wp-content\/gallery\/2020_11_07-starter-pack\/2020-11-06_12-36-08.jpg\"\n               title=\"Mesclun en pleine forme, serre n\u00ba5\"\n               data-src=\"https:\/\/ecojardindesgrivauds.fr\/wp-content\/gallery\/2020_11_07-starter-pack\/2020-11-06_12-36-08.jpg\"\n               data-thumbnail=\"https:\/\/ecojardindesgrivauds.fr\/wp-content\/gallery\/2020_11_07-starter-pack\/thumbs\/thumbs_2020-11-06_12-36-08.jpg\"\n               data-image-id=\"2040\"\n               data-title=\"2020-11-06_12-36-08\"\n               data-description=\"Mesclun en pleine forme, serre n\u00ba5\"\n               data-image-slug=\"2020-11-06_12-36-08\"\n               class=\"ngg-fancybox\" rel=\"e4a6e1f053652bf09269ef309811f791\">\n                <img\n                    title=\"2020-11-06_12-36-08\"\n                    alt=\"2020-11-06_12-36-08\"\n                    src=\"https:\/\/ecojardindesgrivauds.fr\/wp-content\/gallery\/2020_11_07-starter-pack\/thumbs\/thumbs_2020-11-06_12-36-08.jpg\"\n                    width=\"240\"\n                    height=\"160\"\n                    style=\"max-width:100%;\"\n                \/>\n            <\/a>\n        <\/div>\n\t\t\t\t\t\t\t<\/div> \n\t\t\t\n        \n\t\t\t\t<div id=\"ngg-image-29\" class=\"ngg-gallery-thumbnail-box\" >\n\t\t\t\t        <div class=\"ngg-gallery-thumbnail\">\n            <a href=\"https:\/\/ecojardindesgrivauds.fr\/wp-content\/gallery\/2020_11_07-starter-pack\/2020-11-06_12-36-30.jpg\"\n               title=\"C&#039;est beau le mesclun sur chanvre !\"\n               data-src=\"https:\/\/ecojardindesgrivauds.fr\/wp-content\/gallery\/2020_11_07-starter-pack\/2020-11-06_12-36-30.jpg\"\n               data-thumbnail=\"https:\/\/ecojardindesgrivauds.fr\/wp-content\/gallery\/2020_11_07-starter-pack\/thumbs\/thumbs_2020-11-06_12-36-30.jpg\"\n               data-image-id=\"2041\"\n               data-title=\"2020-11-06_12-36-30\"\n               data-description=\"C&#039;est beau le mesclun sur chanvre !\"\n               data-image-slug=\"2020-11-06_12-36-30\"\n               class=\"ngg-fancybox\" rel=\"e4a6e1f053652bf09269ef309811f791\">\n                <img\n                    title=\"2020-11-06_12-36-30\"\n                    alt=\"2020-11-06_12-36-30\"\n                    src=\"https:\/\/ecojardindesgrivauds.fr\/wp-content\/gallery\/2020_11_07-starter-pack\/thumbs\/thumbs_2020-11-06_12-36-30.jpg\"\n                    width=\"240\"\n                    height=\"160\"\n                    style=\"max-width:100%;\"\n                \/>\n            <\/a>\n        <\/div>\n\t\t\t\t\t\t\t<\/div> \n\t\t\t\n        \n\t\t\t\t<div id=\"ngg-image-30\" class=\"ngg-gallery-thumbnail-box\" >\n\t\t\t\t        <div class=\"ngg-gallery-thumbnail\">\n            <a href=\"https:\/\/ecojardindesgrivauds.fr\/wp-content\/gallery\/2020_11_07-starter-pack\/2020-11-06_12-36-47.jpg\"\n               title=\"Deux composants de notre mesclun : le mizuna et la salade oaking.\"\n               data-src=\"https:\/\/ecojardindesgrivauds.fr\/wp-content\/gallery\/2020_11_07-starter-pack\/2020-11-06_12-36-47.jpg\"\n               data-thumbnail=\"https:\/\/ecojardindesgrivauds.fr\/wp-content\/gallery\/2020_11_07-starter-pack\/thumbs\/thumbs_2020-11-06_12-36-47.jpg\"\n               data-image-id=\"2042\"\n               data-title=\"2020-11-06_12-36-47\"\n               data-description=\"Deux composants de notre mesclun : le mizuna et la salade oaking.\"\n               data-image-slug=\"2020-11-06_12-36-47\"\n               class=\"ngg-fancybox\" rel=\"e4a6e1f053652bf09269ef309811f791\">\n                <img\n                    title=\"2020-11-06_12-36-47\"\n                    alt=\"2020-11-06_12-36-47\"\n                    src=\"https:\/\/ecojardindesgrivauds.fr\/wp-content\/gallery\/2020_11_07-starter-pack\/thumbs\/thumbs_2020-11-06_12-36-47.jpg\"\n                    width=\"240\"\n                    height=\"160\"\n                    style=\"max-width:100%;\"\n                \/>\n            <\/a>\n        <\/div>\n\t\t\t\t\t\t\t<\/div> \n\t\t\t\n        \n\t\t\t\t<div id=\"ngg-image-31\" class=\"ngg-gallery-thumbnail-box\" >\n\t\t\t\t        <div class=\"ngg-gallery-thumbnail\">\n            <a href=\"https:\/\/ecojardindesgrivauds.fr\/wp-content\/gallery\/2020_11_07-starter-pack\/2020-10-24_16-57-47.jpg\"\n               title=\"Dans le jardin, l&#039;automne a fait une entr\u00e9e color\u00e9e. Les photos qui suivent en t\u00e9moignent.\"\n               data-src=\"https:\/\/ecojardindesgrivauds.fr\/wp-content\/gallery\/2020_11_07-starter-pack\/2020-10-24_16-57-47.jpg\"\n               data-thumbnail=\"https:\/\/ecojardindesgrivauds.fr\/wp-content\/gallery\/2020_11_07-starter-pack\/thumbs\/thumbs_2020-10-24_16-57-47.jpg\"\n               data-image-id=\"2000\"\n               data-title=\"2020-10-24_16-57-47\"\n               data-description=\"Dans le jardin, l&#039;automne a fait une entr\u00e9e color\u00e9e. Les photos qui suivent en t\u00e9moignent.\"\n               data-image-slug=\"2020-10-24_16-57-47-1\"\n               class=\"ngg-fancybox\" rel=\"e4a6e1f053652bf09269ef309811f791\">\n                <img\n                    title=\"2020-10-24_16-57-47\"\n                    alt=\"2020-10-24_16-57-47\"\n                    src=\"https:\/\/ecojardindesgrivauds.fr\/wp-content\/gallery\/2020_11_07-starter-pack\/thumbs\/thumbs_2020-10-24_16-57-47.jpg\"\n                    width=\"240\"\n                    height=\"160\"\n                    style=\"max-width:100%;\"\n                \/>\n            <\/a>\n        <\/div>\n\t\t\t\t\t\t\t<\/div> \n\t\t\t\n        \n\t\t\t\t<div id=\"ngg-image-32\" class=\"ngg-gallery-thumbnail-box\" >\n\t\t\t\t        <div class=\"ngg-gallery-thumbnail\">\n            <a href=\"https:\/\/ecojardindesgrivauds.fr\/wp-content\/gallery\/2020_11_07-starter-pack\/2020-10-24_17-06-47.jpg\"\n               title=\"Feuillage des asperges\"\n               data-src=\"https:\/\/ecojardindesgrivauds.fr\/wp-content\/gallery\/2020_11_07-starter-pack\/2020-10-24_17-06-47.jpg\"\n               data-thumbnail=\"https:\/\/ecojardindesgrivauds.fr\/wp-content\/gallery\/2020_11_07-starter-pack\/thumbs\/thumbs_2020-10-24_17-06-47.jpg\"\n               data-image-id=\"2001\"\n               data-title=\"2020-10-24_17-06-47\"\n               data-description=\"Feuillage des asperges\"\n               data-image-slug=\"2020-10-24_17-06-47-1\"\n               class=\"ngg-fancybox\" rel=\"e4a6e1f053652bf09269ef309811f791\">\n                <img\n                    title=\"2020-10-24_17-06-47\"\n                    alt=\"2020-10-24_17-06-47\"\n                    src=\"https:\/\/ecojardindesgrivauds.fr\/wp-content\/gallery\/2020_11_07-starter-pack\/thumbs\/thumbs_2020-10-24_17-06-47.jpg\"\n                    width=\"240\"\n                    height=\"160\"\n                    style=\"max-width:100%;\"\n                \/>\n            <\/a>\n        <\/div>\n\t\t\t\t\t\t\t<\/div> \n\t\t\t\n        \n\t\t\t\t<div id=\"ngg-image-33\" class=\"ngg-gallery-thumbnail-box\" >\n\t\t\t\t        <div class=\"ngg-gallery-thumbnail\">\n            <a href=\"https:\/\/ecojardindesgrivauds.fr\/wp-content\/gallery\/2020_11_07-starter-pack\/2020-10-30_17-57-40.jpg\"\n               title=\"\"\n               data-src=\"https:\/\/ecojardindesgrivauds.fr\/wp-content\/gallery\/2020_11_07-starter-pack\/2020-10-30_17-57-40.jpg\"\n               data-thumbnail=\"https:\/\/ecojardindesgrivauds.fr\/wp-content\/gallery\/2020_11_07-starter-pack\/thumbs\/thumbs_2020-10-30_17-57-40.jpg\"\n               data-image-id=\"2023\"\n               data-title=\"2020-10-30_17-57-40\"\n               data-description=\"\"\n               data-image-slug=\"2020-10-30_17-57-40\"\n               class=\"ngg-fancybox\" rel=\"e4a6e1f053652bf09269ef309811f791\">\n                <img\n                    title=\"2020-10-30_17-57-40\"\n                    alt=\"2020-10-30_17-57-40\"\n                    src=\"https:\/\/ecojardindesgrivauds.fr\/wp-content\/gallery\/2020_11_07-starter-pack\/thumbs\/thumbs_2020-10-30_17-57-40.jpg\"\n                    width=\"240\"\n                    height=\"160\"\n                    style=\"max-width:100%;\"\n                \/>\n            <\/a>\n        <\/div>\n\t\t\t\t\t\t\t<\/div> \n\t\t\t\n        \n\t\t\t\t<div id=\"ngg-image-34\" class=\"ngg-gallery-thumbnail-box\" >\n\t\t\t\t        <div class=\"ngg-gallery-thumbnail\">\n            <a href=\"https:\/\/ecojardindesgrivauds.fr\/wp-content\/gallery\/2020_11_07-starter-pack\/2020-10-30_09-28-46.jpg\"\n               title=\"Lever de soleil derri\u00e8re les serres 6 et 7\"\n               data-src=\"https:\/\/ecojardindesgrivauds.fr\/wp-content\/gallery\/2020_11_07-starter-pack\/2020-10-30_09-28-46.jpg\"\n               data-thumbnail=\"https:\/\/ecojardindesgrivauds.fr\/wp-content\/gallery\/2020_11_07-starter-pack\/thumbs\/thumbs_2020-10-30_09-28-46.jpg\"\n               data-image-id=\"2015\"\n               data-title=\"2020-10-30_09-28-46\"\n               data-description=\"Lever de soleil derri\u00e8re les serres 6 et 7\"\n               data-image-slug=\"2020-10-30_09-28-46\"\n               class=\"ngg-fancybox\" rel=\"e4a6e1f053652bf09269ef309811f791\">\n                <img\n                    title=\"2020-10-30_09-28-46\"\n                    alt=\"2020-10-30_09-28-46\"\n                    src=\"https:\/\/ecojardindesgrivauds.fr\/wp-content\/gallery\/2020_11_07-starter-pack\/thumbs\/thumbs_2020-10-30_09-28-46.jpg\"\n                    width=\"240\"\n                    height=\"160\"\n                    style=\"max-width:100%;\"\n                \/>\n            <\/a>\n        <\/div>\n\t\t\t\t\t\t\t<\/div> \n\t\t\t\n        \n\t\t\t\t<div id=\"ngg-image-35\" class=\"ngg-gallery-thumbnail-box\" >\n\t\t\t\t        <div class=\"ngg-gallery-thumbnail\">\n            <a href=\"https:\/\/ecojardindesgrivauds.fr\/wp-content\/gallery\/2020_11_07-starter-pack\/2020-10-30_17-57-45.jpg\"\n               title=\"\"\n               data-src=\"https:\/\/ecojardindesgrivauds.fr\/wp-content\/gallery\/2020_11_07-starter-pack\/2020-10-30_17-57-45.jpg\"\n               data-thumbnail=\"https:\/\/ecojardindesgrivauds.fr\/wp-content\/gallery\/2020_11_07-starter-pack\/thumbs\/thumbs_2020-10-30_17-57-45.jpg\"\n               data-image-id=\"2024\"\n               data-title=\"2020-10-30_17-57-45\"\n               data-description=\"\"\n               data-image-slug=\"2020-10-30_17-57-45\"\n               class=\"ngg-fancybox\" rel=\"e4a6e1f053652bf09269ef309811f791\">\n                <img\n                    title=\"2020-10-30_17-57-45\"\n                    alt=\"2020-10-30_17-57-45\"\n                    src=\"https:\/\/ecojardindesgrivauds.fr\/wp-content\/gallery\/2020_11_07-starter-pack\/thumbs\/thumbs_2020-10-30_17-57-45.jpg\"\n                    width=\"240\"\n                    height=\"160\"\n                    style=\"max-width:100%;\"\n                \/>\n            <\/a>\n        <\/div>\n\t\t\t\t\t\t\t<\/div> \n\t\t\t\n        \n\t\t\t\t<div id=\"ngg-image-36\" class=\"ngg-gallery-thumbnail-box\" >\n\t\t\t\t        <div class=\"ngg-gallery-thumbnail\">\n            <a href=\"https:\/\/ecojardindesgrivauds.fr\/wp-content\/gallery\/2020_11_07-starter-pack\/2020-11-02_18-13-07.jpg\"\n               title=\"Coucher de soleil sur la r\u00e9serve des Grivauds\"\n               data-src=\"https:\/\/ecojardindesgrivauds.fr\/wp-content\/gallery\/2020_11_07-starter-pack\/2020-11-02_18-13-07.jpg\"\n               data-thumbnail=\"https:\/\/ecojardindesgrivauds.fr\/wp-content\/gallery\/2020_11_07-starter-pack\/thumbs\/thumbs_2020-11-02_18-13-07.jpg\"\n               data-image-id=\"2029\"\n               data-title=\"2020-11-02_18-13-07\"\n               data-description=\"Coucher de soleil sur la r\u00e9serve des Grivauds\"\n               data-image-slug=\"2020-11-02_18-13-07\"\n               class=\"ngg-fancybox\" rel=\"e4a6e1f053652bf09269ef309811f791\">\n                <img\n                    title=\"2020-11-02_18-13-07\"\n                    alt=\"2020-11-02_18-13-07\"\n                    src=\"https:\/\/ecojardindesgrivauds.fr\/wp-content\/gallery\/2020_11_07-starter-pack\/thumbs\/thumbs_2020-11-02_18-13-07.jpg\"\n                    width=\"240\"\n                    height=\"160\"\n                    style=\"max-width:100%;\"\n                \/>\n            <\/a>\n        <\/div>\n\t\t\t\t\t\t\t<\/div> \n\t\t\t\n        \n\t\t\t\t<div id=\"ngg-image-37\" class=\"ngg-gallery-thumbnail-box\" >\n\t\t\t\t        <div class=\"ngg-gallery-thumbnail\">\n            <a href=\"https:\/\/ecojardindesgrivauds.fr\/wp-content\/gallery\/2020_11_07-starter-pack\/2020-10-29_15-27-35.jpg\"\n               title=\"\"\n               data-src=\"https:\/\/ecojardindesgrivauds.fr\/wp-content\/gallery\/2020_11_07-starter-pack\/2020-10-29_15-27-35.jpg\"\n               data-thumbnail=\"https:\/\/ecojardindesgrivauds.fr\/wp-content\/gallery\/2020_11_07-starter-pack\/thumbs\/thumbs_2020-10-29_15-27-35.jpg\"\n               data-image-id=\"2014\"\n               data-title=\"2020-10-29_15-27-35\"\n               data-description=\"\"\n               data-image-slug=\"2020-10-29_15-27-35\"\n               class=\"ngg-fancybox\" rel=\"e4a6e1f053652bf09269ef309811f791\">\n                <img\n                    title=\"2020-10-29_15-27-35\"\n                    alt=\"2020-10-29_15-27-35\"\n                    src=\"https:\/\/ecojardindesgrivauds.fr\/wp-content\/gallery\/2020_11_07-starter-pack\/thumbs\/thumbs_2020-10-29_15-27-35.jpg\"\n                    width=\"240\"\n                    height=\"160\"\n                    style=\"max-width:100%;\"\n                \/>\n            <\/a>\n        <\/div>\n\t\t\t\t\t\t\t<\/div> \n\t\t\t\n        \n\t\t\t\t<div id=\"ngg-image-38\" class=\"ngg-gallery-thumbnail-box\" >\n\t\t\t\t        <div class=\"ngg-gallery-thumbnail\">\n            <a href=\"https:\/\/ecojardindesgrivauds.fr\/wp-content\/gallery\/2020_11_07-starter-pack\/2020-10-29_15-20-09.jpg\"\n               title=\"Chenille de Machaon\"\n               data-src=\"https:\/\/ecojardindesgrivauds.fr\/wp-content\/gallery\/2020_11_07-starter-pack\/2020-10-29_15-20-09.jpg\"\n               data-thumbnail=\"https:\/\/ecojardindesgrivauds.fr\/wp-content\/gallery\/2020_11_07-starter-pack\/thumbs\/thumbs_2020-10-29_15-20-09.jpg\"\n               data-image-id=\"2012\"\n               data-title=\"2020-10-29_15-20-09\"\n               data-description=\"Chenille de Machaon\"\n               data-image-slug=\"2020-10-29_15-20-09\"\n               class=\"ngg-fancybox\" rel=\"e4a6e1f053652bf09269ef309811f791\">\n                <img\n                    title=\"2020-10-29_15-20-09\"\n                    alt=\"2020-10-29_15-20-09\"\n                    src=\"https:\/\/ecojardindesgrivauds.fr\/wp-content\/gallery\/2020_11_07-starter-pack\/thumbs\/thumbs_2020-10-29_15-20-09.jpg\"\n                    width=\"240\"\n                    height=\"160\"\n                    style=\"max-width:100%;\"\n                \/>\n            <\/a>\n        <\/div>\n\t\t\t\t\t\t\t<\/div> \n\t\t\t\n        \n\t\t\t\t<div id=\"ngg-image-39\" class=\"ngg-gallery-thumbnail-box\" >\n\t\t\t\t        <div class=\"ngg-gallery-thumbnail\">\n            <a href=\"https:\/\/ecojardindesgrivauds.fr\/wp-content\/gallery\/2020_11_07-starter-pack\/2020-10-26_11-24-29.jpg\"\n               title=\"Larve de vers luisant\"\n               data-src=\"https:\/\/ecojardindesgrivauds.fr\/wp-content\/gallery\/2020_11_07-starter-pack\/2020-10-26_11-24-29.jpg\"\n               data-thumbnail=\"https:\/\/ecojardindesgrivauds.fr\/wp-content\/gallery\/2020_11_07-starter-pack\/thumbs\/thumbs_2020-10-26_11-24-29.jpg\"\n               data-image-id=\"2003\"\n               data-title=\"2020-10-26_11-24-29\"\n               data-description=\"Larve de vers luisant\"\n               data-image-slug=\"2020-10-26_11-24-29\"\n               class=\"ngg-fancybox\" rel=\"e4a6e1f053652bf09269ef309811f791\">\n                <img\n                    title=\"2020-10-26_11-24-29\"\n                    alt=\"2020-10-26_11-24-29\"\n                    src=\"https:\/\/ecojardindesgrivauds.fr\/wp-content\/gallery\/2020_11_07-starter-pack\/thumbs\/thumbs_2020-10-26_11-24-29.jpg\"\n                    width=\"240\"\n                    height=\"160\"\n                    style=\"max-width:100%;\"\n                \/>\n            <\/a>\n        <\/div>\n\t\t\t\t\t\t\t<\/div> \n\t\t\t\n        \n\t\t\t\t<div id=\"ngg-image-40\" class=\"ngg-gallery-thumbnail-box\" >\n\t\t\t\t        <div class=\"ngg-gallery-thumbnail\">\n            <a href=\"https:\/\/ecojardindesgrivauds.fr\/wp-content\/gallery\/2020_11_07-starter-pack\/2020-11-02_12-52-01.jpg\"\n               title=\"\"\n               data-src=\"https:\/\/ecojardindesgrivauds.fr\/wp-content\/gallery\/2020_11_07-starter-pack\/2020-11-02_12-52-01.jpg\"\n               data-thumbnail=\"https:\/\/ecojardindesgrivauds.fr\/wp-content\/gallery\/2020_11_07-starter-pack\/thumbs\/thumbs_2020-11-02_12-52-01.jpg\"\n               data-image-id=\"2028\"\n               data-title=\"2020-11-02_12-52-01\"\n               data-description=\"\"\n               data-image-slug=\"2020-11-02_12-52-01\"\n               class=\"ngg-fancybox\" rel=\"e4a6e1f053652bf09269ef309811f791\">\n                <img\n                    title=\"2020-11-02_12-52-01\"\n                    alt=\"2020-11-02_12-52-01\"\n                    src=\"https:\/\/ecojardindesgrivauds.fr\/wp-content\/gallery\/2020_11_07-starter-pack\/thumbs\/thumbs_2020-11-02_12-52-01.jpg\"\n                    width=\"240\"\n                    height=\"160\"\n                    style=\"max-width:100%;\"\n                \/>\n            <\/a>\n        <\/div>\n\t\t\t\t\t\t\t<\/div> \n\t\t\t\n        \n\t\t\t\t<div id=\"ngg-image-41\" class=\"ngg-gallery-thumbnail-box\" >\n\t\t\t\t        <div class=\"ngg-gallery-thumbnail\">\n            <a href=\"https:\/\/ecojardindesgrivauds.fr\/wp-content\/gallery\/2020_11_07-starter-pack\/2020-10-30_09-43-15.jpg\"\n               title=\"Pigeons en migration\"\n               data-src=\"https:\/\/ecojardindesgrivauds.fr\/wp-content\/gallery\/2020_11_07-starter-pack\/2020-10-30_09-43-15.jpg\"\n               data-thumbnail=\"https:\/\/ecojardindesgrivauds.fr\/wp-content\/gallery\/2020_11_07-starter-pack\/thumbs\/thumbs_2020-10-30_09-43-15.jpg\"\n               data-image-id=\"2016\"\n               data-title=\"2020-10-30_09-43-15\"\n               data-description=\"Pigeons en migration\"\n               data-image-slug=\"2020-10-30_09-43-15\"\n               class=\"ngg-fancybox\" rel=\"e4a6e1f053652bf09269ef309811f791\">\n                <img\n                    title=\"2020-10-30_09-43-15\"\n                    alt=\"2020-10-30_09-43-15\"\n                    src=\"https:\/\/ecojardindesgrivauds.fr\/wp-content\/gallery\/2020_11_07-starter-pack\/thumbs\/thumbs_2020-10-30_09-43-15.jpg\"\n                    width=\"240\"\n                    height=\"160\"\n                    style=\"max-width:100%;\"\n                \/>\n            <\/a>\n        <\/div>\n\t\t\t\t\t\t\t<\/div> \n\t\t\t\n        \n\t\t\t\t<div id=\"ngg-image-42\" class=\"ngg-gallery-thumbnail-box\" >\n\t\t\t\t        <div class=\"ngg-gallery-thumbnail\">\n            <a href=\"https:\/\/ecojardindesgrivauds.fr\/wp-content\/gallery\/2020_11_07-starter-pack\/2020-11-03_15-14-33.jpg\"\n               title=\"Go\u00e9lands en migration\"\n               data-src=\"https:\/\/ecojardindesgrivauds.fr\/wp-content\/gallery\/2020_11_07-starter-pack\/2020-11-03_15-14-33.jpg\"\n               data-thumbnail=\"https:\/\/ecojardindesgrivauds.fr\/wp-content\/gallery\/2020_11_07-starter-pack\/thumbs\/thumbs_2020-11-03_15-14-33.jpg\"\n               data-image-id=\"2036\"\n               data-title=\"2020-11-03_15-14-33\"\n               data-description=\"Go\u00e9lands en migration\"\n               data-image-slug=\"2020-11-03_15-14-33\"\n               class=\"ngg-fancybox\" rel=\"e4a6e1f053652bf09269ef309811f791\">\n                <img\n                    title=\"2020-11-03_15-14-33\"\n                    alt=\"2020-11-03_15-14-33\"\n                    src=\"https:\/\/ecojardindesgrivauds.fr\/wp-content\/gallery\/2020_11_07-starter-pack\/thumbs\/thumbs_2020-11-03_15-14-33.jpg\"\n                    width=\"240\"\n                    height=\"160\"\n                    style=\"max-width:100%;\"\n                \/>\n            <\/a>\n        <\/div>\n\t\t\t\t\t\t\t<\/div> \n\t\t\t\n        \n\t\t\n\t\t<!-- Pagination -->\n\t<div class='ngg-clear'><\/div>\t<\/div>\n\n","protected":false},"excerpt":{"rendered":"<p>Cette semaine, je c\u00e8de de nouveau la plume \u00e0 une \u00abpetite main\u00bb des Grivauds. Et pas n&rsquo;importe laquelle puisqu&rsquo;il s&rsquo;agit de Yolande, dont vous avez d\u00e9j\u00e0 pu appr\u00e9cier la prose en septembre dans un article m\u00e9morable (De la chaise \u00e0 la terre). Car oui, Yolande est de retour aux Grivauds !&nbsp;Son sens de l&rsquo;observation et &hellip; <\/p>\n<p class=\"link-more\"><a href=\"https:\/\/ecojardindesgrivauds.fr\/?p=6287\" class=\"more-link\">Continuer la lecture<span class=\"screen-reader-text\"> de &laquo;&nbsp;Ces mara\u00eechers qui ne font rien comme les autres !&nbsp;&raquo;<\/span><\/a><\/p>\n","protected":false},"author":1,"featured_media":0,"comment_status":"open","ping_status":"open","sticky":false,"template":"","format":"standard","meta":{"ngg_post_thumbnail":0},"categories":[1],"tags":[],"_links":{"self":[{"href":"https:\/\/ecojardindesgrivauds.fr\/index.php?rest_route=\/wp\/v2\/posts\/6287"}],"collection":[{"href":"https:\/\/ecojardindesgrivauds.fr\/index.php?rest_route=\/wp\/v2\/posts"}],"about":[{"href":"https:\/\/ecojardindesgrivauds.fr\/index.php?rest_route=\/wp\/v2\/types\/post"}],"author":[{"embeddable":true,"href":"https:\/\/ecojardindesgrivauds.fr\/index.php?rest_route=\/wp\/v2\/users\/1"}],"replies":[{"embeddable":true,"href":"https:\/\/ecojardindesgrivauds.fr\/index.php?rest_route=%2Fwp%2Fv2%2Fcomments&post=6287"}],"version-history":[{"count":17,"href":"https:\/\/ecojardindesgrivauds.fr\/index.php?rest_route=\/wp\/v2\/posts\/6287\/revisions"}],"predecessor-version":[{"id":6396,"href":"https:\/\/ecojardindesgrivauds.fr\/index.php?rest_route=\/wp\/v2\/posts\/6287\/revisions\/6396"}],"wp:attachment":[{"href":"https:\/\/ecojardindesgrivauds.fr\/index.php?rest_route=%2Fwp%2Fv2%2Fmedia&parent=6287"}],"wp:term":[{"taxonomy":"category","embeddable":true,"href":"https:\/\/ecojardindesgrivauds.fr\/index.php?rest_route=%2Fwp%2Fv2%2Fcategories&post=6287"},{"taxonomy":"post_tag","embeddable":true,"href":"https:\/\/ecojardindesgrivauds.fr\/index.php?rest_route=%2Fwp%2Fv2%2Ftags&post=6287"}],"curies":[{"name":"wp","href":"https:\/\/api.w.org\/{rel}","templated":true}]}}