{"id":6430,"date":"2020-11-22T10:35:03","date_gmt":"2020-11-22T09:35:03","guid":{"rendered":"http:\/\/ecojardindesgrivauds.fr\/?p=6430"},"modified":"2020-12-06T06:08:25","modified_gmt":"2020-12-06T05:08:25","slug":"semis-tardifs-de-carotte","status":"publish","type":"post","link":"https:\/\/ecojardindesgrivauds.fr\/?p=6430","title":{"rendered":"Semis tardifs de carotte : un essai partiellement concluant"},"content":{"rendered":"\n<div class=\"wp-block-image is-style-default\"><figure class=\"alignright size-medium\"><a href=\"http:\/\/ecojardindesgrivauds.fr\/wp-content\/uploads\/2020\/11\/2020-11-19_16-17-40.jpg\"><img decoding=\"async\" loading=\"lazy\" width=\"225\" height=\"300\" src=\"http:\/\/ecojardindesgrivauds.fr\/wp-content\/uploads\/2020\/11\/2020-11-19_16-17-40-225x300.jpg\" alt=\"\" class=\"wp-image-6437\" srcset=\"https:\/\/ecojardindesgrivauds.fr\/wp-content\/uploads\/2020\/11\/2020-11-19_16-17-40-225x300.jpg 225w, https:\/\/ecojardindesgrivauds.fr\/wp-content\/uploads\/2020\/11\/2020-11-19_16-17-40.jpg 768w\" sizes=\"(max-width: 225px) 100vw, 225px\" \/><\/a><figcaption>Tout simplement les meilleures carottes au monde. En toute modestie.<\/figcaption><\/figure><\/div>\n\n\n\n<p>Ici, aux Grivauds, nous produisons les meilleures carottes du monde. Notez l&rsquo;utilisation du pr\u00e9sent de l&rsquo;indicatif, notez la position de l&rsquo;assertion en t\u00eate d&rsquo;article, notez que le mara\u00eecher qui l&rsquo;\u00e9crit n&rsquo;\u00e9prouve aucun remord, notez qu&rsquo;en temps normal pourtant il serait plut\u00f4t du genre \u00e0 la jouer modeste&#8230; D&rsquo;accord, je sens \u00e0 votre sourcil lev\u00e9 et \u00e0 votre moue dubitative qu&rsquo;il va falloir que je sois un peu plus convainquant que d&rsquo;habitude. Pour commencer, parlons pinard. Un sujet que Fabrice et moi ma\u00eetrisons fort bien, comme chacun sait. Eh bien, figurez-vous que dans ce milieu-l\u00e0, celui de la viticulture, on \u00e9voque constamment le fameux \u00abeffet terroir\u00bb. Pour sch\u00e9matiser, un m\u00eame c\u00e9page produit des fruits de saveurs diff\u00e9rentes en fonction des conditions p\u00e9doclimatiques qui caract\u00e9risent le vignoble. La composition du sol aurait un impact fort sur la composition min\u00e9rale des fruits, sur la quantit\u00e9 ou le type de tannins et d&rsquo;ar\u00f4mes d\u00e9velopp\u00e9s. Et pourquoi ne pas imaginer que cet effet ne pourrait pas \u00eatre ressenti dans le cadre d&rsquo;une culture l\u00e9gumi\u00e8re ? J&rsquo;ai du mal \u00e0 trouver des \u00e9tudes qui attestent cette hypoth\u00e8se mais elle ne me semble pas absurde a priori. Je me fais la r\u00e9flexion, notamment, que le MSV augmente drastiquement la qualit\u00e9 et la quantit\u00e9 des mycorhizes des plantes. Je serais curieux de conna\u00eetre pr\u00e9cis\u00e9ment l&rsquo;impact gustatif de cette bonne mycorhization (taux de sucre, ar\u00f4mes et autres m\u00e9tabolites secondaires). Au del\u00e0 de cet \u00abeffet terroir\u00bb suppos\u00e9 sur nos carottes, elles ont surtout pour nous le go\u00fbt des efforts qu&rsquo;on leur consacre : des semis h\u00e9ro\u00efques en plein \u00e9t\u00e9, un paillage demandant un certain tour de main, des arrosages r\u00e9guliers, des protections permanentes (filets) contre les mouches. Et elles ont aussi un petit go\u00fbt de fiert\u00e9 : celle que nous avons de proposer ces d\u00e9licieuses racines en continu d&rsquo;avril \u00e0 f\u00e9vrier. Donc, il n&rsquo;y a pas \u00e0 discuter : ce sont les meilleures carottes du monde. CQFD. La semaine prochaine, mes petits amis, nous \u00e9tudierons les ravages de la mauvaise foi en milieu mara\u00eecher.<\/p>\n\n\n\n<div class=\"wp-block-image is-style-default\"><figure class=\"alignleft size-medium\"><a href=\"http:\/\/ecojardindesgrivauds.fr\/wp-content\/uploads\/2020\/11\/2020-11-19_16-18-00.jpg\"><img decoding=\"async\" loading=\"lazy\" width=\"300\" height=\"225\" src=\"http:\/\/ecojardindesgrivauds.fr\/wp-content\/uploads\/2020\/11\/2020-11-19_16-18-00-300x225.jpg\" alt=\"\" class=\"wp-image-6438\" srcset=\"https:\/\/ecojardindesgrivauds.fr\/wp-content\/uploads\/2020\/11\/2020-11-19_16-18-00-300x225.jpg 300w, https:\/\/ecojardindesgrivauds.fr\/wp-content\/uploads\/2020\/11\/2020-11-19_16-18-00-768x576.jpg 768w, https:\/\/ecojardindesgrivauds.fr\/wp-content\/uploads\/2020\/11\/2020-11-19_16-18-00.jpg 1024w\" sizes=\"(max-width: 300px) 100vw, 300px\" \/><\/a><figcaption>De myst\u00e9rieuses t\u00e2ches noires (alternaria radicina ?) apparaissent sur nos carottes \u00e0 partir du mois d&rsquo;octobre. Les d\u00e9g\u00e2ts sont uniquement superficiels et un petit coup d&rsquo;\u00e9conome suffit \u00e0 r\u00e9gler le probl\u00e8me. Mais leur mauvais aspect complique la vente et nous inqui\u00e8te pour leur conservation.<\/figcaption><\/figure><\/div>\n\n\n\n<p>Si vous calculez bien, vous voyez qu&rsquo;il y a quand m\u00eame 2-3 mois de carence en la mati\u00e8re (de f\u00e9vrier \u00e0 mi-avril). Pourquoi donc ? \u00c0 ces dates-l\u00e0, pas de carottes \u00abnouvelles\u00bb, ce sont forc\u00e9ment des carottes sem\u00e9es l&rsquo;ann\u00e9e pr\u00e9c\u00e9dente. Pour les amener \u00e0 traverser l&rsquo;hiver, on a le choix entre deux options : soit on les r\u00e9colte et on les conserve (mais les hivers tr\u00e8s doux ne nous permettent pas de les tenir au del\u00e0 de fin-janvier de cette fa\u00e7on-l\u00e0)\u00a0; soit on les laisse dans le champ et on les prot\u00e8ge du gel. C&rsquo;est cette derni\u00e8re technique qu&rsquo;on a voulu tester cette ann\u00e9e. Deux semis de 60m ont \u00e9t\u00e9 effectu\u00e9s dans cette id\u00e9e : un au 14 juillet (vari\u00e9t\u00e9s Nantaise et Rouge-sang) et un au 21 juillet (Napoli F1). Pour ces semis tr\u00e8s tardifs, nous avons utilis\u00e9 des vari\u00e9t\u00e9s \u00e0 cycle tr\u00e8s court. Et de fait, en ce mois de novembre, on constate qu&rsquo;on a obtenu des calibres relativement corrects. Mais toute id\u00e9e de les conserver en terre s&rsquo;est rapidement \u00e9vanouie&#8230; Bon, on s&rsquo;en doutait, nos petits mammif\u00e8res des champs (campagnols et mulots) se r\u00e9jouissent de la pr\u00e9sence de cette nourriture offerte en abondance et nos chats peinent \u00e0 limiter la pression qu&rsquo;ils exercent sur nos rendements finaux. Et en plus, on constate avec d\u00e9pit que certaines parties de la peau de nos carottes (notamment la pointe) se t\u00e2chent de noire sans qu&rsquo;on comprenne bien pourquoi. On suspecte un champignon appel\u00e9 Alternaria radicina sans pouvoir \u00eatre bien s\u00fbrs. Du coup, nos carottes sont moins belles et s&rsquo;ab\u00eement vite. Impossible de les laisser dans le champ tout l&rsquo;hiver dans ces conditions. Moralit\u00e9 : nous voil\u00e0 d\u00e9j\u00e0 en train de les vendre dans nos paniers et sur le march\u00e9 de Vichy&#8230;<\/p>\n\n\n\n<p><em>\u00abTout \u00e7a pour \u00e7a\u00bb<\/em>, me direz-vous. <em>\u00abTout \u00e7a pour finir par nous dire que vous n&rsquo;aurez toujours pas de carottes \u00e0 vous entre f\u00e9vrier et avril ?\u00bb<\/em> Certes&#8230; Mais r\u00e9jouissez-vous, ce sujet m&rsquo;offre de nouveau l&rsquo;opportunit\u00e9 de c\u00e9der la plume \u00e0 Yolande, notre grande star du blog, qui avait envie de diss\u00e9quer une carotte ! C&rsquo;est pas une bonne nouvelle, \u00e7a ?<\/p>\n\n\n\n<h2 class=\"has-background\" style=\"background-color:#d9e1e7\">Dans les entrailles de la carotte<\/h2>\n\n\n\n<p class=\"has-background\" style=\"background-color:#d9e1e7\"><em>(par Yolande Belleau)<\/em><\/p>\n\n\n\n<p class=\"has-background\" style=\"background-color:#d9e1e7\">La carotte est un l\u00e9gume commun, tellement que quand vous la regardez vous ne vous posez pas autant de questions que face \u00e0 un aliment nouveau, inconnu. Et pourtant, la connaissez-vous vraiment&nbsp;? La plante dont est issue la carotte appartient \u00e0 la famille des <em>Apiac\u00e9es<\/em>. L\u2019esp\u00e8ce la plus commune est <em>daucus<\/em> et sa famille <em>carota<\/em>. Cette plante est dite bisannuelle. Son cycle de reproduction sexu\u00e9e (ensemble des \u00e9tapes permettant \u00e0 un individu de produire de futurs individus) dure 2 ans. La carotte est produite lors de la premi\u00e8re ann\u00e9e. La plante y stocke des r\u00e9serves d\u2019\u00e9l\u00e9ments nutritifs qui seront utilis\u00e9es l\u2019ann\u00e9e suivante \u00e0 la sortie de l\u2019hiver afin que la plante fleurisse. La carotte est en effet un organe avec une fonction sp\u00e9cifique de r\u00e9serves. \u00c0 l\u2019origine la carotte est la racine de la plante. L&rsquo;appareil racinaire est dit pivotant et la carotte en est le pivot, la racine principale. Lors du stockage des r\u00e9serves nutritives cette racine devient un tubercule. Ce ph\u00e9nom\u00e8ne est nomm\u00e9 tub\u00e9risation. Ainsi la racine en plus de son r\u00f4le d\u2019ancrage et d&rsquo;assimilation des substances nutritives et de l&rsquo;eau acquiert celui de r\u00e9serve. La tub\u00e9risation peut concerner d\u2019autres organes des v\u00e9g\u00e9taux telles que la tige (pomme de terre) ou les feuilles (oignons).<\/p>\n\n\n\n<p class=\"has-background\" style=\"background-color:#d9e1e7\">La nature et la localisation des r\u00e9serves varient selon les tubercules. Chez la carotte ces r\u00e9serves sont de nature glucidique. Elle emmagasine de l\u2019\u00e9nergie sous forme de mol\u00e9cules de glucose, \u00e0 l&rsquo;origine du go\u00fbt sucr\u00e9 de la carotte&nbsp;! Les tissus accumulant les mol\u00e9cules de stockage sont les tissus qui conduisent la s\u00e8ve (un tissu est un ensemble de cellules ayant la m\u00eame structure, fonction et origine embryologique). Observons directement cette organisation sur une carotte.<\/p>\n\n\n\n<figure class=\"wp-block-image size-large is-style-default\"><a href=\"http:\/\/ecojardindesgrivauds.fr\/wp-content\/uploads\/2020\/11\/Schema-carotte.jpg\"><img decoding=\"async\" loading=\"lazy\" width=\"1024\" height=\"542\" src=\"http:\/\/ecojardindesgrivauds.fr\/wp-content\/uploads\/2020\/11\/Schema-carotte-1024x542.jpg\" alt=\"\" class=\"wp-image-6471\" srcset=\"https:\/\/ecojardindesgrivauds.fr\/wp-content\/uploads\/2020\/11\/Schema-carotte-1024x542.jpg 1024w, https:\/\/ecojardindesgrivauds.fr\/wp-content\/uploads\/2020\/11\/Schema-carotte-300x159.jpg 300w, https:\/\/ecojardindesgrivauds.fr\/wp-content\/uploads\/2020\/11\/Schema-carotte-768x406.jpg 768w, https:\/\/ecojardindesgrivauds.fr\/wp-content\/uploads\/2020\/11\/Schema-carotte.jpg 1280w\" sizes=\"(max-width: 767px) 89vw, (max-width: 1000px) 54vw, (max-width: 1071px) 543px, 580px\" \/><\/a><\/figure>\n\n\n\n<p class=\"has-background\" style=\"background-color:#d9e1e7\">Le cambium est un m\u00e9rist\u00e8me dit secondaire. Un m\u00e9rist\u00e8me est une zone de division cellulaire, \u00e0 l\u2019origine d\u2019organes et\/ou de tissus v\u00e9g\u00e9taux. Les m\u00e9rist\u00e8mes primaires sont situ\u00e9s g\u00e9n\u00e9ralement au niveau des parties terminales des organes (racines, tiges) ou \u00e0 la base (aisselle) des feuilles. Ils permettent la croissance en longueur des organes. Les m\u00e9rist\u00e8mes secondaires assurent eux la croissance en \u00e9paisseur et leur localisation est variable au sein de l\u2019organe. Dans la racine, ils forment un anneau \u00e0 partir duquel les cellules se divisent et se diff\u00e9rencient (acqui\u00e8rent des sp\u00e9cificit\u00e9s) ensuite en tissu. Chez la carotte le cambium g\u00e9n\u00e8re du bois vers l\u2019int\u00e9rieur et du liber vers l\u2019ext\u00e9rieur. Le bois est issu du xyl\u00e8me primaire, tissu conducteur de la s\u00e8ve brute (issue des racines \u00e0 destination des autres organes, contenant principalement l\u2019eau et les min\u00e9raux du sol). Le liber (ou li\u00e8ge) est issu du phlo\u00e8me primaire, tissu conducteur de la s\u00e8ve \u00e9labor\u00e9e (issue des feuilles \u00e0 destination des autres organes dont ceux de r\u00e9serves tels les tubercules durant la phase de tub\u00e9risation) contenant principalement des sucres issus de la photosynth\u00e8se). Au moment de la r\u00e9colte, les carottes ont atteint un stade o\u00f9 les tissus secondaires sont tr\u00e8s d\u00e9velopp\u00e9s, rendant peu visibles les tissus primaires.<\/p>\n\n\n\n<p class=\"has-background\" style=\"background-color:#d9e1e7\">Si vous mangez une carotte dont l&rsquo;int\u00e9rieur est dur et fibreux, cela indique que votre mara\u00eecher l&rsquo;a r\u00e9colt\u00e9e \u00e2g\u00e9e, \u00e0 un stade avanc\u00e9 de d\u00e9veloppement du bois. Elle est devenue difficilement consommable, car ce tissu est progressivement compos\u00e9 de cellules mortes \u00e0 la paroi rigidifi\u00e9e par une mol\u00e9cule nomm\u00e9e lignine. En fonction de sa consistance, vous saurez d\u00e9sormais d\u00e9terminer si votre carotte est vieille ou non !&#8230;<\/p>\n\n\n\n<p><em>\u00c0 la semaine prochaine !<\/em><\/p>\n\n\n\n<!-- index.php -->\n<div\n\tclass=\"ngg-galleryoverview ngg-ajax-pagination-none\"\n\tid=\"ngg-gallery-16b53e659c0b3a0e7e81aea7a6fb3cd1-1\">\n\n    \t\t<!-- Thumbnails -->\n\t\t\t\t<div id=\"ngg-image-0\" class=\"ngg-gallery-thumbnail-box\" >\n\t\t\t\t        <div class=\"ngg-gallery-thumbnail\">\n            <a href=\"https:\/\/ecojardindesgrivauds.fr\/wp-content\/gallery\/2020_11_21-carottes\/2020-11-21_16-02-56.jpg\"\n               title=\"Derni\u00e8re s\u00e9rie de carottes de plein champ (semis au 21 juillet) : les feuillages sont encore beaux et les carottes continuent \u00e0 grossir.\"\n               data-src=\"https:\/\/ecojardindesgrivauds.fr\/wp-content\/gallery\/2020_11_21-carottes\/2020-11-21_16-02-56.jpg\"\n               data-thumbnail=\"https:\/\/ecojardindesgrivauds.fr\/wp-content\/gallery\/2020_11_21-carottes\/thumbs\/thumbs_2020-11-21_16-02-56.jpg\"\n               data-image-id=\"2061\"\n               data-title=\"2020-11-21_16-02-56\"\n               data-description=\"Derni\u00e8re s\u00e9rie de carottes de plein champ (semis au 21 juillet) : les feuillages sont encore beaux et les carottes continuent \u00e0 grossir.\"\n               data-image-slug=\"2020-11-21_16-02-56\"\n               class=\"ngg-fancybox\" rel=\"16b53e659c0b3a0e7e81aea7a6fb3cd1\">\n                <img\n                    title=\"2020-11-21_16-02-56\"\n                    alt=\"2020-11-21_16-02-56\"\n                    src=\"https:\/\/ecojardindesgrivauds.fr\/wp-content\/gallery\/2020_11_21-carottes\/thumbs\/thumbs_2020-11-21_16-02-56.jpg\"\n                    width=\"240\"\n                    height=\"160\"\n                    style=\"max-width:100%;\"\n                \/>\n            <\/a>\n        <\/div>\n\t\t\t\t\t\t\t<\/div> \n\t\t\t\n        \n\t\t\t\t<div id=\"ngg-image-1\" class=\"ngg-gallery-thumbnail-box\" >\n\t\t\t\t        <div class=\"ngg-gallery-thumbnail\">\n            <a href=\"https:\/\/ecojardindesgrivauds.fr\/wp-content\/gallery\/2020_11_21-carottes\/2020-11-21_16-04-37.jpg\"\n               title=\"Pr\u00e9l\u00e8vement de feuilles de carottes par des mulots\"\n               data-src=\"https:\/\/ecojardindesgrivauds.fr\/wp-content\/gallery\/2020_11_21-carottes\/2020-11-21_16-04-37.jpg\"\n               data-thumbnail=\"https:\/\/ecojardindesgrivauds.fr\/wp-content\/gallery\/2020_11_21-carottes\/thumbs\/thumbs_2020-11-21_16-04-37.jpg\"\n               data-image-id=\"2062\"\n               data-title=\"2020-11-21_16-04-37\"\n               data-description=\"Pr\u00e9l\u00e8vement de feuilles de carottes par des mulots\"\n               data-image-slug=\"2020-11-21_16-04-37\"\n               class=\"ngg-fancybox\" rel=\"16b53e659c0b3a0e7e81aea7a6fb3cd1\">\n                <img\n                    title=\"2020-11-21_16-04-37\"\n                    alt=\"2020-11-21_16-04-37\"\n                    src=\"https:\/\/ecojardindesgrivauds.fr\/wp-content\/gallery\/2020_11_21-carottes\/thumbs\/thumbs_2020-11-21_16-04-37.jpg\"\n                    width=\"240\"\n                    height=\"160\"\n                    style=\"max-width:100%;\"\n                \/>\n            <\/a>\n        <\/div>\n\t\t\t\t\t\t\t<\/div> \n\t\t\t\n        \n\t\t\t\t<div id=\"ngg-image-2\" class=\"ngg-gallery-thumbnail-box\" >\n\t\t\t\t        <div class=\"ngg-gallery-thumbnail\">\n            <a href=\"https:\/\/ecojardindesgrivauds.fr\/wp-content\/gallery\/2020_11_21-carottes\/2020-11-21_16-04-53.jpg\"\n               title=\"Grignotage du collet : passage de mulot...\"\n               data-src=\"https:\/\/ecojardindesgrivauds.fr\/wp-content\/gallery\/2020_11_21-carottes\/2020-11-21_16-04-53.jpg\"\n               data-thumbnail=\"https:\/\/ecojardindesgrivauds.fr\/wp-content\/gallery\/2020_11_21-carottes\/thumbs\/thumbs_2020-11-21_16-04-53.jpg\"\n               data-image-id=\"2063\"\n               data-title=\"2020-11-21_16-04-53\"\n               data-description=\"Grignotage du collet : passage de mulot...\"\n               data-image-slug=\"2020-11-21_16-04-53\"\n               class=\"ngg-fancybox\" rel=\"16b53e659c0b3a0e7e81aea7a6fb3cd1\">\n                <img\n                    title=\"2020-11-21_16-04-53\"\n                    alt=\"2020-11-21_16-04-53\"\n                    src=\"https:\/\/ecojardindesgrivauds.fr\/wp-content\/gallery\/2020_11_21-carottes\/thumbs\/thumbs_2020-11-21_16-04-53.jpg\"\n                    width=\"240\"\n                    height=\"160\"\n                    style=\"max-width:100%;\"\n                \/>\n            <\/a>\n        <\/div>\n\t\t\t\t\t\t\t<\/div> \n\t\t\t\n        \n\t\t\t\t<div id=\"ngg-image-3\" class=\"ngg-gallery-thumbnail-box\" >\n\t\t\t\t        <div class=\"ngg-gallery-thumbnail\">\n            <a href=\"https:\/\/ecojardindesgrivauds.fr\/wp-content\/gallery\/2020_11_21-carottes\/2020-11-21_16-06-11.jpg\"\n               title=\"La carotte est mang\u00e9e par en-dessous : campagnol !\"\n               data-src=\"https:\/\/ecojardindesgrivauds.fr\/wp-content\/gallery\/2020_11_21-carottes\/2020-11-21_16-06-11.jpg\"\n               data-thumbnail=\"https:\/\/ecojardindesgrivauds.fr\/wp-content\/gallery\/2020_11_21-carottes\/thumbs\/thumbs_2020-11-21_16-06-11.jpg\"\n               data-image-id=\"2064\"\n               data-title=\"2020-11-21_16-06-11\"\n               data-description=\"La carotte est mang\u00e9e par en-dessous : campagnol !\"\n               data-image-slug=\"2020-11-21_16-06-11\"\n               class=\"ngg-fancybox\" rel=\"16b53e659c0b3a0e7e81aea7a6fb3cd1\">\n                <img\n                    title=\"2020-11-21_16-06-11\"\n                    alt=\"2020-11-21_16-06-11\"\n                    src=\"https:\/\/ecojardindesgrivauds.fr\/wp-content\/gallery\/2020_11_21-carottes\/thumbs\/thumbs_2020-11-21_16-06-11.jpg\"\n                    width=\"240\"\n                    height=\"160\"\n                    style=\"max-width:100%;\"\n                \/>\n            <\/a>\n        <\/div>\n\t\t\t\t\t\t\t<\/div> \n\t\t\t\n        \n\t\t\t\t<div id=\"ngg-image-4\" class=\"ngg-gallery-thumbnail-box\" >\n\t\t\t\t        <div class=\"ngg-gallery-thumbnail\">\n            <a href=\"https:\/\/ecojardindesgrivauds.fr\/wp-content\/gallery\/2020_11_21-carottes\/2020-11-21_15-56-11.jpg\"\n               title=\"Lev\u00e9e des carottes en serre 1. Celles-ci seront r\u00e9colt\u00e9es en avril prochain.\"\n               data-src=\"https:\/\/ecojardindesgrivauds.fr\/wp-content\/gallery\/2020_11_21-carottes\/2020-11-21_15-56-11.jpg\"\n               data-thumbnail=\"https:\/\/ecojardindesgrivauds.fr\/wp-content\/gallery\/2020_11_21-carottes\/thumbs\/thumbs_2020-11-21_15-56-11.jpg\"\n               data-image-id=\"2059\"\n               data-title=\"2020-11-21_15-56-11\"\n               data-description=\"Lev\u00e9e des carottes en serre 1. Celles-ci seront r\u00e9colt\u00e9es en avril prochain.\"\n               data-image-slug=\"2020-11-21_15-56-11\"\n               class=\"ngg-fancybox\" rel=\"16b53e659c0b3a0e7e81aea7a6fb3cd1\">\n                <img\n                    title=\"2020-11-21_15-56-11\"\n                    alt=\"2020-11-21_15-56-11\"\n                    src=\"https:\/\/ecojardindesgrivauds.fr\/wp-content\/gallery\/2020_11_21-carottes\/thumbs\/thumbs_2020-11-21_15-56-11.jpg\"\n                    width=\"240\"\n                    height=\"160\"\n                    style=\"max-width:100%;\"\n                \/>\n            <\/a>\n        <\/div>\n\t\t\t\t\t\t\t<\/div> \n\t\t\t\n        \n\t\t\t\t<div id=\"ngg-image-5\" class=\"ngg-gallery-thumbnail-box\" >\n\t\t\t\t        <div class=\"ngg-gallery-thumbnail\">\n            <a href=\"https:\/\/ecojardindesgrivauds.fr\/wp-content\/gallery\/2020_11_21-carottes\/2020-11-17_12-45-03.jpg\"\n               title=\"Planter des m\u00e2ches, \u00e7a rend heureux, visiblement.\"\n               data-src=\"https:\/\/ecojardindesgrivauds.fr\/wp-content\/gallery\/2020_11_21-carottes\/2020-11-17_12-45-03.jpg\"\n               data-thumbnail=\"https:\/\/ecojardindesgrivauds.fr\/wp-content\/gallery\/2020_11_21-carottes\/thumbs\/thumbs_2020-11-17_12-45-03.jpg\"\n               data-image-id=\"2052\"\n               data-title=\"2020-11-17_12-45-03\"\n               data-description=\"Planter des m\u00e2ches, \u00e7a rend heureux, visiblement.\"\n               data-image-slug=\"2020-11-17_12-45-03\"\n               class=\"ngg-fancybox\" rel=\"16b53e659c0b3a0e7e81aea7a6fb3cd1\">\n                <img\n                    title=\"2020-11-17_12-45-03\"\n                    alt=\"2020-11-17_12-45-03\"\n                    src=\"https:\/\/ecojardindesgrivauds.fr\/wp-content\/gallery\/2020_11_21-carottes\/thumbs\/thumbs_2020-11-17_12-45-03.jpg\"\n                    width=\"240\"\n                    height=\"160\"\n                    style=\"max-width:100%;\"\n                \/>\n            <\/a>\n        <\/div>\n\t\t\t\t\t\t\t<\/div> \n\t\t\t\n        \n\t\t\t\t<div id=\"ngg-image-6\" class=\"ngg-gallery-thumbnail-box\" >\n\t\t\t\t        <div class=\"ngg-gallery-thumbnail\">\n            <a href=\"https:\/\/ecojardindesgrivauds.fr\/wp-content\/gallery\/2020_11_21-carottes\/2020-11-18_10-29-05.jpg\"\n               title=\"R\u00e9colte de m\u00e2che en serre 5.\"\n               data-src=\"https:\/\/ecojardindesgrivauds.fr\/wp-content\/gallery\/2020_11_21-carottes\/2020-11-18_10-29-05.jpg\"\n               data-thumbnail=\"https:\/\/ecojardindesgrivauds.fr\/wp-content\/gallery\/2020_11_21-carottes\/thumbs\/thumbs_2020-11-18_10-29-05.jpg\"\n               data-image-id=\"2053\"\n               data-title=\"2020-11-18_10-29-05\"\n               data-description=\"R\u00e9colte de m\u00e2che en serre 5.\"\n               data-image-slug=\"2020-11-18_10-29-05\"\n               class=\"ngg-fancybox\" rel=\"16b53e659c0b3a0e7e81aea7a6fb3cd1\">\n                <img\n                    title=\"2020-11-18_10-29-05\"\n                    alt=\"2020-11-18_10-29-05\"\n                    src=\"https:\/\/ecojardindesgrivauds.fr\/wp-content\/gallery\/2020_11_21-carottes\/thumbs\/thumbs_2020-11-18_10-29-05.jpg\"\n                    width=\"240\"\n                    height=\"160\"\n                    style=\"max-width:100%;\"\n                \/>\n            <\/a>\n        <\/div>\n\t\t\t\t\t\t\t<\/div> \n\t\t\t\n        \n\t\t\t\t<div id=\"ngg-image-7\" class=\"ngg-gallery-thumbnail-box\" >\n\t\t\t\t        <div class=\"ngg-gallery-thumbnail\">\n            <a href=\"https:\/\/ecojardindesgrivauds.fr\/wp-content\/gallery\/2020_11_21-carottes\/2020-11-18_11-29-49.jpg\"\n               title=\"Posture de yoga ? Non, r\u00e9colte de pomme par Yolande.\"\n               data-src=\"https:\/\/ecojardindesgrivauds.fr\/wp-content\/gallery\/2020_11_21-carottes\/2020-11-18_11-29-49.jpg\"\n               data-thumbnail=\"https:\/\/ecojardindesgrivauds.fr\/wp-content\/gallery\/2020_11_21-carottes\/thumbs\/thumbs_2020-11-18_11-29-49.jpg\"\n               data-image-id=\"2055\"\n               data-title=\"2020-11-18_11-29-49\"\n               data-description=\"Posture de yoga ? Non, r\u00e9colte de pomme par Yolande.\"\n               data-image-slug=\"2020-11-18_11-29-49\"\n               class=\"ngg-fancybox\" rel=\"16b53e659c0b3a0e7e81aea7a6fb3cd1\">\n                <img\n                    title=\"2020-11-18_11-29-49\"\n                    alt=\"2020-11-18_11-29-49\"\n                    src=\"https:\/\/ecojardindesgrivauds.fr\/wp-content\/gallery\/2020_11_21-carottes\/thumbs\/thumbs_2020-11-18_11-29-49.jpg\"\n                    width=\"240\"\n                    height=\"160\"\n                    style=\"max-width:100%;\"\n                \/>\n            <\/a>\n        <\/div>\n\t\t\t\t\t\t\t<\/div> \n\t\t\t\n        \n\t\t\t\t<div id=\"ngg-image-8\" class=\"ngg-gallery-thumbnail-box\" >\n\t\t\t\t        <div class=\"ngg-gallery-thumbnail\">\n            <a href=\"https:\/\/ecojardindesgrivauds.fr\/wp-content\/gallery\/2020_11_21-carottes\/2020-11-21_16-01-18.jpg\"\n               title=\"Une de nos plus belles s\u00e9rie de m\u00e2ches (serre 4)\"\n               data-src=\"https:\/\/ecojardindesgrivauds.fr\/wp-content\/gallery\/2020_11_21-carottes\/2020-11-21_16-01-18.jpg\"\n               data-thumbnail=\"https:\/\/ecojardindesgrivauds.fr\/wp-content\/gallery\/2020_11_21-carottes\/thumbs\/thumbs_2020-11-21_16-01-18.jpg\"\n               data-image-id=\"2060\"\n               data-title=\"2020-11-21_16-01-18\"\n               data-description=\"Une de nos plus belles s\u00e9rie de m\u00e2ches (serre 4)\"\n               data-image-slug=\"2020-11-21_16-01-18\"\n               class=\"ngg-fancybox\" rel=\"16b53e659c0b3a0e7e81aea7a6fb3cd1\">\n                <img\n                    title=\"2020-11-21_16-01-18\"\n                    alt=\"2020-11-21_16-01-18\"\n                    src=\"https:\/\/ecojardindesgrivauds.fr\/wp-content\/gallery\/2020_11_21-carottes\/thumbs\/thumbs_2020-11-21_16-01-18.jpg\"\n                    width=\"240\"\n                    height=\"160\"\n                    style=\"max-width:100%;\"\n                \/>\n            <\/a>\n        <\/div>\n\t\t\t\t\t\t\t<\/div> \n\t\t\t\n        \n\t\t\t\t<div id=\"ngg-image-9\" class=\"ngg-gallery-thumbnail-box\" >\n\t\t\t\t        <div class=\"ngg-gallery-thumbnail\">\n            <a href=\"https:\/\/ecojardindesgrivauds.fr\/wp-content\/gallery\/2020_11_21-carottes\/2020-11-21_16-16-58.jpg\"\n               title=\"Scaroles cloch\u00e9es (serre 7)\"\n               data-src=\"https:\/\/ecojardindesgrivauds.fr\/wp-content\/gallery\/2020_11_21-carottes\/2020-11-21_16-16-58.jpg\"\n               data-thumbnail=\"https:\/\/ecojardindesgrivauds.fr\/wp-content\/gallery\/2020_11_21-carottes\/thumbs\/thumbs_2020-11-21_16-16-58.jpg\"\n               data-image-id=\"2065\"\n               data-title=\"2020-11-21_16-16-58\"\n               data-description=\"Scaroles cloch\u00e9es (serre 7)\"\n               data-image-slug=\"2020-11-21_16-16-58\"\n               class=\"ngg-fancybox\" rel=\"16b53e659c0b3a0e7e81aea7a6fb3cd1\">\n                <img\n                    title=\"2020-11-21_16-16-58\"\n                    alt=\"2020-11-21_16-16-58\"\n                    src=\"https:\/\/ecojardindesgrivauds.fr\/wp-content\/gallery\/2020_11_21-carottes\/thumbs\/thumbs_2020-11-21_16-16-58.jpg\"\n                    width=\"240\"\n                    height=\"160\"\n                    style=\"max-width:100%;\"\n                \/>\n            <\/a>\n        <\/div>\n\t\t\t\t\t\t\t<\/div> \n\t\t\t\n        \n\t\t\t\t<div id=\"ngg-image-10\" class=\"ngg-gallery-thumbnail-box\" >\n\t\t\t\t        <div class=\"ngg-gallery-thumbnail\">\n            <a href=\"https:\/\/ecojardindesgrivauds.fr\/wp-content\/gallery\/2020_11_21-carottes\/2020-11-21_11-02-38.jpg\"\n               title=\"Dernier march\u00e9 pour Yolande, qui assure toujours autant \u00e0 la vente !\"\n               data-src=\"https:\/\/ecojardindesgrivauds.fr\/wp-content\/gallery\/2020_11_21-carottes\/2020-11-21_11-02-38.jpg\"\n               data-thumbnail=\"https:\/\/ecojardindesgrivauds.fr\/wp-content\/gallery\/2020_11_21-carottes\/thumbs\/thumbs_2020-11-21_11-02-38.jpg\"\n               data-image-id=\"2056\"\n               data-title=\"2020-11-21_11-02-38\"\n               data-description=\"Dernier march\u00e9 pour Yolande, qui assure toujours autant \u00e0 la vente !\"\n               data-image-slug=\"2020-11-21_11-02-38\"\n               class=\"ngg-fancybox\" rel=\"16b53e659c0b3a0e7e81aea7a6fb3cd1\">\n                <img\n                    title=\"2020-11-21_11-02-38\"\n                    alt=\"2020-11-21_11-02-38\"\n                    src=\"https:\/\/ecojardindesgrivauds.fr\/wp-content\/gallery\/2020_11_21-carottes\/thumbs\/thumbs_2020-11-21_11-02-38.jpg\"\n                    width=\"240\"\n                    height=\"160\"\n                    style=\"max-width:100%;\"\n                \/>\n            <\/a>\n        <\/div>\n\t\t\t\t\t\t\t<\/div> \n\t\t\t\n        \n\t\t\t\t<div id=\"ngg-image-11\" class=\"ngg-gallery-thumbnail-box\" >\n\t\t\t\t        <div class=\"ngg-gallery-thumbnail\">\n            <a href=\"https:\/\/ecojardindesgrivauds.fr\/wp-content\/gallery\/2020_11_21-carottes\/2020-11-21_13-38-40.jpg\"\n               title=\"M\u00eame en conduite de charriot, elle a progress\u00e9...\"\n               data-src=\"https:\/\/ecojardindesgrivauds.fr\/wp-content\/gallery\/2020_11_21-carottes\/2020-11-21_13-38-40.jpg\"\n               data-thumbnail=\"https:\/\/ecojardindesgrivauds.fr\/wp-content\/gallery\/2020_11_21-carottes\/thumbs\/thumbs_2020-11-21_13-38-40.jpg\"\n               data-image-id=\"2057\"\n               data-title=\"2020-11-21_13-38-40\"\n               data-description=\"M\u00eame en conduite de charriot, elle a progress\u00e9...\"\n               data-image-slug=\"2020-11-21_13-38-40\"\n               class=\"ngg-fancybox\" rel=\"16b53e659c0b3a0e7e81aea7a6fb3cd1\">\n                <img\n                    title=\"2020-11-21_13-38-40\"\n                    alt=\"2020-11-21_13-38-40\"\n                    src=\"https:\/\/ecojardindesgrivauds.fr\/wp-content\/gallery\/2020_11_21-carottes\/thumbs\/thumbs_2020-11-21_13-38-40.jpg\"\n                    width=\"240\"\n                    height=\"160\"\n                    style=\"max-width:100%;\"\n                \/>\n            <\/a>\n        <\/div>\n\t\t\t\t\t\t\t<\/div> \n\t\t\t\n        \n\t\t\t\t<div id=\"ngg-image-12\" class=\"ngg-gallery-thumbnail-box\" >\n\t\t\t\t        <div class=\"ngg-gallery-thumbnail\">\n            <a href=\"https:\/\/ecojardindesgrivauds.fr\/wp-content\/gallery\/2020_11_21-carottes\/2020-11-21_15-50-47.jpg\"\n               title=\"Linotte dans un bouleau\"\n               data-src=\"https:\/\/ecojardindesgrivauds.fr\/wp-content\/gallery\/2020_11_21-carottes\/2020-11-21_15-50-47.jpg\"\n               data-thumbnail=\"https:\/\/ecojardindesgrivauds.fr\/wp-content\/gallery\/2020_11_21-carottes\/thumbs\/thumbs_2020-11-21_15-50-47.jpg\"\n               data-image-id=\"2058\"\n               data-title=\"2020-11-21_15-50-47\"\n               data-description=\"Linotte dans un bouleau\"\n               data-image-slug=\"2020-11-21_15-50-47\"\n               class=\"ngg-fancybox\" rel=\"16b53e659c0b3a0e7e81aea7a6fb3cd1\">\n                <img\n                    title=\"2020-11-21_15-50-47\"\n                    alt=\"2020-11-21_15-50-47\"\n                    src=\"https:\/\/ecojardindesgrivauds.fr\/wp-content\/gallery\/2020_11_21-carottes\/thumbs\/thumbs_2020-11-21_15-50-47.jpg\"\n                    width=\"240\"\n                    height=\"160\"\n                    style=\"max-width:100%;\"\n                \/>\n            <\/a>\n        <\/div>\n\t\t\t\t\t\t\t<\/div> \n\t\t\t\n        \n\t\t\t\t<div id=\"ngg-image-13\" class=\"ngg-gallery-thumbnail-box\" >\n\t\t\t\t        <div class=\"ngg-gallery-thumbnail\">\n            <a href=\"https:\/\/ecojardindesgrivauds.fr\/wp-content\/gallery\/2020_11_21-carottes\/2020-11-21_16-27-11.jpg\"\n               title=\"Poule d&#039;eau dans notre r\u00e9serve\"\n               data-src=\"https:\/\/ecojardindesgrivauds.fr\/wp-content\/gallery\/2020_11_21-carottes\/2020-11-21_16-27-11.jpg\"\n               data-thumbnail=\"https:\/\/ecojardindesgrivauds.fr\/wp-content\/gallery\/2020_11_21-carottes\/thumbs\/thumbs_2020-11-21_16-27-11.jpg\"\n               data-image-id=\"2066\"\n               data-title=\"2020-11-21_16-27-11\"\n               data-description=\"Poule d&#039;eau dans notre r\u00e9serve\"\n               data-image-slug=\"2020-11-21_16-27-11\"\n               class=\"ngg-fancybox\" rel=\"16b53e659c0b3a0e7e81aea7a6fb3cd1\">\n                <img\n                    title=\"2020-11-21_16-27-11\"\n                    alt=\"2020-11-21_16-27-11\"\n                    src=\"https:\/\/ecojardindesgrivauds.fr\/wp-content\/gallery\/2020_11_21-carottes\/thumbs\/thumbs_2020-11-21_16-27-11.jpg\"\n                    width=\"240\"\n                    height=\"160\"\n                    style=\"max-width:100%;\"\n                \/>\n            <\/a>\n        <\/div>\n\t\t\t\t\t\t\t<\/div> \n\t\t\t\n        \n\t\t\t\t<div id=\"ngg-image-14\" class=\"ngg-gallery-thumbnail-box\" >\n\t\t\t\t        <div class=\"ngg-gallery-thumbnail\">\n            <a href=\"https:\/\/ecojardindesgrivauds.fr\/wp-content\/gallery\/2020_11_21-carottes\/2020-11-18_11-21-10.jpg\"\n               title=\"Passage de h\u00e9rons garde-b\u0153ufs (Bubulcus ibis) dans le parc des \u00e2nes\"\n               data-src=\"https:\/\/ecojardindesgrivauds.fr\/wp-content\/gallery\/2020_11_21-carottes\/2020-11-18_11-21-10.jpg\"\n               data-thumbnail=\"https:\/\/ecojardindesgrivauds.fr\/wp-content\/gallery\/2020_11_21-carottes\/thumbs\/thumbs_2020-11-18_11-21-10.jpg\"\n               data-image-id=\"2054\"\n               data-title=\"2020-11-18_11-21-10\"\n               data-description=\"Passage de h\u00e9rons garde-b\u0153ufs (Bubulcus ibis) dans le parc des \u00e2nes\"\n               data-image-slug=\"2020-11-18_11-21-10\"\n               class=\"ngg-fancybox\" rel=\"16b53e659c0b3a0e7e81aea7a6fb3cd1\">\n                <img\n                    title=\"2020-11-18_11-21-10\"\n                    alt=\"2020-11-18_11-21-10\"\n                    src=\"https:\/\/ecojardindesgrivauds.fr\/wp-content\/gallery\/2020_11_21-carottes\/thumbs\/thumbs_2020-11-18_11-21-10.jpg\"\n                    width=\"240\"\n                    height=\"160\"\n                    style=\"max-width:100%;\"\n                \/>\n            <\/a>\n        <\/div>\n\t\t\t\t\t\t\t<\/div> \n\t\t\t\n        \n\t\t\n\t\t<!-- Pagination -->\n\t<div class='ngg-clear'><\/div>\t<\/div>\n\n","protected":false},"excerpt":{"rendered":"<p>Ici, aux Grivauds, nous produisons les meilleures carottes du monde. Notez l&rsquo;utilisation du pr\u00e9sent de l&rsquo;indicatif, notez la position de l&rsquo;assertion en t\u00eate d&rsquo;article, notez que le mara\u00eecher qui l&rsquo;\u00e9crit n&rsquo;\u00e9prouve aucun remord, notez qu&rsquo;en temps normal pourtant il serait plut\u00f4t du genre \u00e0 la jouer modeste&#8230; D&rsquo;accord, je sens \u00e0 votre sourcil lev\u00e9 et &hellip; <\/p>\n<p class=\"link-more\"><a href=\"https:\/\/ecojardindesgrivauds.fr\/?p=6430\" class=\"more-link\">Continuer la lecture<span class=\"screen-reader-text\"> de &laquo;&nbsp;Semis tardifs de carotte : un essai partiellement concluant&nbsp;&raquo;<\/span><\/a><\/p>\n","protected":false},"author":1,"featured_media":0,"comment_status":"open","ping_status":"open","sticky":false,"template":"","format":"standard","meta":{"ngg_post_thumbnail":0},"categories":[1],"tags":[],"_links":{"self":[{"href":"https:\/\/ecojardindesgrivauds.fr\/index.php?rest_route=\/wp\/v2\/posts\/6430"}],"collection":[{"href":"https:\/\/ecojardindesgrivauds.fr\/index.php?rest_route=\/wp\/v2\/posts"}],"about":[{"href":"https:\/\/ecojardindesgrivauds.fr\/index.php?rest_route=\/wp\/v2\/types\/post"}],"author":[{"embeddable":true,"href":"https:\/\/ecojardindesgrivauds.fr\/index.php?rest_route=\/wp\/v2\/users\/1"}],"replies":[{"embeddable":true,"href":"https:\/\/ecojardindesgrivauds.fr\/index.php?rest_route=%2Fwp%2Fv2%2Fcomments&post=6430"}],"version-history":[{"count":18,"href":"https:\/\/ecojardindesgrivauds.fr\/index.php?rest_route=\/wp\/v2\/posts\/6430\/revisions"}],"predecessor-version":[{"id":6560,"href":"https:\/\/ecojardindesgrivauds.fr\/index.php?rest_route=\/wp\/v2\/posts\/6430\/revisions\/6560"}],"wp:attachment":[{"href":"https:\/\/ecojardindesgrivauds.fr\/index.php?rest_route=%2Fwp%2Fv2%2Fmedia&parent=6430"}],"wp:term":[{"taxonomy":"category","embeddable":true,"href":"https:\/\/ecojardindesgrivauds.fr\/index.php?rest_route=%2Fwp%2Fv2%2Fcategories&post=6430"},{"taxonomy":"post_tag","embeddable":true,"href":"https:\/\/ecojardindesgrivauds.fr\/index.php?rest_route=%2Fwp%2Fv2%2Ftags&post=6430"}],"curies":[{"name":"wp","href":"https:\/\/api.w.org\/{rel}","templated":true}]}}