{"id":6526,"date":"2020-12-05T19:57:51","date_gmt":"2020-12-05T18:57:51","guid":{"rendered":"http:\/\/ecojardindesgrivauds.fr\/?p=6526"},"modified":"2020-12-05T20:12:34","modified_gmt":"2020-12-05T19:12:34","slug":"urgence","status":"publish","type":"post","link":"https:\/\/ecojardindesgrivauds.fr\/?p=6526","title":{"rendered":"Urgence ?"},"content":{"rendered":"\n<div class=\"wp-block-image is-style-default\"><figure class=\"alignleft size-medium\"><a href=\"http:\/\/ecojardindesgrivauds.fr\/wp-content\/uploads\/2020\/12\/2020-12-02_10-59-56.jpg\"><img decoding=\"async\" loading=\"lazy\" width=\"225\" height=\"300\" src=\"http:\/\/ecojardindesgrivauds.fr\/wp-content\/uploads\/2020\/12\/2020-12-02_10-59-56-225x300.jpg\" alt=\"\" class=\"wp-image-6532\" srcset=\"https:\/\/ecojardindesgrivauds.fr\/wp-content\/uploads\/2020\/12\/2020-12-02_10-59-56-225x300.jpg 225w, https:\/\/ecojardindesgrivauds.fr\/wp-content\/uploads\/2020\/12\/2020-12-02_10-59-56.jpg 768w\" sizes=\"(max-width: 225px) 100vw, 225px\" \/><\/a><figcaption>Charly, son bonnet rose et sa grande r\u00e9sistance au froid<\/figcaption><\/figure><\/div>\n\n\n\n<p>Charly est de retour. Il \u00e9tait d\u00e9j\u00e0 venu il y a quelques semaines aux Grivauds. \u00c0 l&rsquo;\u00e9poque, il faisait encore suffisamment chaud pour travailler r\u00e9guli\u00e8rement en tee-shirt dans nos serres. La douceur automnale jouait les prolongations et une joie d\u00e9brid\u00e9e remplissait les c\u0153urs et les esprits, comme si un nouvel \u00e9t\u00e9 \u00e9tait encore possible. En m\u00eame temps que Charly, nous accueillions alors deux dr\u00f4les d&rsquo;oiseaux : Charl\u00e8ne et Yolande. Charl\u00e8ne avait beaucoup dessin\u00e9 dans notre jardin et je lui avais laiss\u00e9 le soin de r\u00e9diger <a href=\"http:\/\/ecojardindesgrivauds.fr\/?p=6243\" data-type=\"post\" data-id=\"6243\">l&rsquo;article de la semaine<\/a>. Charly n&rsquo;avait donc pas eu le droit \u00e0 la traditionnelle pr\u00e9sentation que je fais de nos petites mains \u00e0 leur arriv\u00e9e au jardin. Pauvre Charly, d\u00e9j\u00e0 qu&rsquo;on t&rsquo;avait noy\u00e9 sans m\u00e9nagement dans nos interminables discussions philosophiques, voil\u00e0 qu&rsquo;on t&rsquo;\u00e9vince en plus de notre blog. Bon, cela dit, je savais que tu reviendrais et que je pourrais donc me rattraper plus tard. Consid\u00e8re cet article comme la juste d\u00e9dicace que tu m\u00e9rites.<\/p>\n\n\n\n<div class=\"wp-block-image is-style-default\"><figure class=\"alignright size-medium\"><a href=\"http:\/\/ecojardindesgrivauds.fr\/wp-content\/uploads\/2020\/12\/2020-12-04_16-41-18.jpg\"><img decoding=\"async\" loading=\"lazy\" width=\"225\" height=\"300\" src=\"http:\/\/ecojardindesgrivauds.fr\/wp-content\/uploads\/2020\/12\/2020-12-04_16-41-18-225x300.jpg\" alt=\"\" class=\"wp-image-6536\" srcset=\"https:\/\/ecojardindesgrivauds.fr\/wp-content\/uploads\/2020\/12\/2020-12-04_16-41-18-225x300.jpg 225w, https:\/\/ecojardindesgrivauds.fr\/wp-content\/uploads\/2020\/12\/2020-12-04_16-41-18.jpg 768w\" sizes=\"(max-width: 225px) 100vw, 225px\" \/><\/a><figcaption>Oui Charly, il va falloir faire entrer toutes ces caisses dans le camion<\/figcaption><\/figure><\/div>\n\n\n\n<p>Charly, c&rsquo;est un stagiaire en BPREA qui nous vient du CFPPA de Neuvy, celui dont \u00e9taient issus Cl\u00e9ment et Lili l&rsquo;ann\u00e9e derni\u00e8re. Recevoir des stagiaires, on sait faire ici. Du moins, on a suffisamment l&rsquo;habitude pour r\u00e9ussir \u00e0 anticiper certaines de leurs attentes, pour essayer de leur offrir un cadre d&rsquo;apprentissage serein et productif. En g\u00e9n\u00e9ral, on s&rsquo;appuie sur le projet du stagiaire pour personnaliser les t\u00e2ches et les conversations. Avec Charly, on a \u00e9t\u00e9 d\u00e8s le d\u00e9but oblig\u00e9s de sortir de nos petites routines d&rsquo;enseignement. Charly ne cherche a priori pas \u00e0 cr\u00e9er une ferme pour vendre des l\u00e9gumes. Non, lui, ce qui le motive, c&rsquo;est d&rsquo;apprendre le plus vite possible \u00e0 jardiner pour se pr\u00e9parer \u00e0 l&rsquo;effondrement \u00e0 venir. Faisant sienne une hypoth\u00e8se collapsologique de courte \u00e9ch\u00e9ance, il se dirige \u00e0 grands pas vers une nouvelle mani\u00e8re d&rsquo;appr\u00e9hender son alimentation et celle de la communaut\u00e9 dans laquelle il vit : selon lui, il va falloir rapidement devenir autonome. Apr\u00e8s un an de volontariat dans une autre ferme mara\u00eech\u00e8re de l&rsquo;Allier, Charly d\u00e9cide de passer le pas et se lance dans une formation agricole avec un enthousiasme qui fait plaisir \u00e0 voir. Soyons justes, cette envie d&rsquo;autonomie, elle anime tous les \u00e9cologistes un tant soit peu d\u00e9croissants. Retrouver la simplicit\u00e9 d&rsquo;un semis de petits pois, d&rsquo;un pain dans le four, d&rsquo;un v\u00eatement confectionn\u00e9 soi-m\u00eame. Se d\u00e9barrasser progressivement des artefacts de la techno-structure qui nous entoure pour redonner sens \u00e0 nos existences d\u00e9connect\u00e9es. Poser sur la nature un regard nouveau, \u00e9merveill\u00e9, humble, reconnaissant. Vous qui nous lisez, sans doute avez-vous d\u00e9j\u00e0 effectu\u00e9 une partie de ce chemin. Charly et ses amis y ajoutent simplement une urgence et une radicalit\u00e9 que je ne veux pas partager. L\u00e2chet\u00e9 ? Peut-\u00eatre. Ou peut-\u00eatre simplement que je refuse de travailler avec ce stress au dessus de ma t\u00eate. Deuxi\u00e8me point de surprise : Charly casse les codes que notre soci\u00e9t\u00e9 nous a fait si bien int\u00e9grer. Il est par exemple capable de formuler une question de jardinage de telle sorte qu&rsquo;elle sonne comme un \u00e9nonc\u00e9 de philosophie. Il exprime ses sentiments sans filtre aucun, et notamment sa joie d&rsquo;\u00eatre l\u00e0, qu&rsquo;il brandit comme l&rsquo;\u00e9tendard d&rsquo;un monde nouveau. Et quand il est bien entour\u00e9, on peut m\u00eame l&rsquo;entendre chanter des chants indiens \u00e0 plein poumons&#8230;<\/p>\n\n\n\n<div class=\"wp-block-image is-style-default\"><figure class=\"alignleft size-medium\"><a href=\"http:\/\/ecojardindesgrivauds.fr\/wp-content\/uploads\/2020\/12\/2020-12-05_16-54-02.jpg\"><img decoding=\"async\" loading=\"lazy\" width=\"300\" height=\"225\" src=\"http:\/\/ecojardindesgrivauds.fr\/wp-content\/uploads\/2020\/12\/2020-12-05_16-54-02-300x225.jpg\" alt=\"\" class=\"wp-image-6542\" srcset=\"https:\/\/ecojardindesgrivauds.fr\/wp-content\/uploads\/2020\/12\/2020-12-05_16-54-02-300x225.jpg 300w, https:\/\/ecojardindesgrivauds.fr\/wp-content\/uploads\/2020\/12\/2020-12-05_16-54-02-768x575.jpg 768w, https:\/\/ecojardindesgrivauds.fr\/wp-content\/uploads\/2020\/12\/2020-12-05_16-54-02.jpg 1024w\" sizes=\"(max-width: 300px) 100vw, 300px\" \/><\/a><figcaption>Bruant zizi<\/figcaption><\/figure><\/div>\n\n\n\n<p>Le froid s&rsquo;installe et il n&rsquo;est pas de matins o\u00f9 l&rsquo;ongl\u00e9e ne vienne mettre \u00e0 mal notre d\u00e9termination \u00e0 mener \u00e0 bien nos t\u00e2ches du jour. Pourtant le travail avance. Les futures planches de courges sont int\u00e9gralement paill\u00e9es, les fraisiers continuent \u00e0 \u00eatre d\u00e9sherb\u00e9s et on r\u00e9colte une impressionnante quantit\u00e9 de l\u00e9gumes pour nos deux Amaps et pour le march\u00e9 de Vichy. De son c\u00f4t\u00e9, Fabrice, mettant \u00e0 profit ses formations de l&rsquo;Afogc, poursuit son travail de comptabilit\u00e9 et ne d\u00e9sesp\u00e8re pas de pouvoir annoncer un jour fi\u00e8rement \u00eatre \u00e0 jour de ses saisies. Pendant ce temps-l\u00e0, les feuilles n&rsquo;en finissent pas de tomber et je peux de nouveau photographier les oiseaux du jardin \u00e0 travers les branchages. La semaine se termine donc h\u00e9ro\u00efquement avec quelques clich\u00e9s de Bruant Zizi, de linottes et de m\u00e9sange bleue.<\/p>\n\n\n\n<p><em>\u00c0 la semaine prochaine !<\/em><\/p>\n\n\n\n<!-- index.php -->\n<div\n\tclass=\"ngg-galleryoverview ngg-ajax-pagination-none\"\n\tid=\"ngg-gallery-12f4673e92ddd9ebee3f57585021a17c-1\">\n\n    \t\t<!-- Thumbnails -->\n\t\t\t\t<div id=\"ngg-image-0\" class=\"ngg-gallery-thumbnail-box\" >\n\t\t\t\t        <div class=\"ngg-gallery-thumbnail\">\n            <a href=\"https:\/\/ecojardindesgrivauds.fr\/wp-content\/gallery\/2020_12_05-retour-de-charly\/2020-12-01_12-46-13.jpg\"\n               title=\"Paillage des futures planches de courges, Charly prend le relai de Charl\u00e8ne et Yolande\"\n               data-src=\"https:\/\/ecojardindesgrivauds.fr\/wp-content\/gallery\/2020_12_05-retour-de-charly\/2020-12-01_12-46-13.jpg\"\n               data-thumbnail=\"https:\/\/ecojardindesgrivauds.fr\/wp-content\/gallery\/2020_12_05-retour-de-charly\/thumbs\/thumbs_2020-12-01_12-46-13.jpg\"\n               data-image-id=\"2082\"\n               data-title=\"2020-12-01_12-46-13\"\n               data-description=\"Paillage des futures planches de courges, Charly prend le relai de Charl\u00e8ne et Yolande\"\n               data-image-slug=\"2020-12-01_12-46-13\"\n               class=\"ngg-fancybox\" rel=\"12f4673e92ddd9ebee3f57585021a17c\">\n                <img\n                    title=\"2020-12-01_12-46-13\"\n                    alt=\"2020-12-01_12-46-13\"\n                    src=\"https:\/\/ecojardindesgrivauds.fr\/wp-content\/gallery\/2020_12_05-retour-de-charly\/thumbs\/thumbs_2020-12-01_12-46-13.jpg\"\n                    width=\"240\"\n                    height=\"160\"\n                    style=\"max-width:100%;\"\n                \/>\n            <\/a>\n        <\/div>\n\t\t\t\t\t\t\t<\/div> \n\t\t\t\n        \n\t\t\t\t<div id=\"ngg-image-1\" class=\"ngg-gallery-thumbnail-box\" >\n\t\t\t\t        <div class=\"ngg-gallery-thumbnail\">\n            <a href=\"https:\/\/ecojardindesgrivauds.fr\/wp-content\/gallery\/2020_12_05-retour-de-charly\/2020-12-03_12-59-31.jpg\"\n               title=\"Ah ah ! On devrait finalement avoir des Choux de Pontoise cette ann\u00e9e !\"\n               data-src=\"https:\/\/ecojardindesgrivauds.fr\/wp-content\/gallery\/2020_12_05-retour-de-charly\/2020-12-03_12-59-31.jpg\"\n               data-thumbnail=\"https:\/\/ecojardindesgrivauds.fr\/wp-content\/gallery\/2020_12_05-retour-de-charly\/thumbs\/thumbs_2020-12-03_12-59-31.jpg\"\n               data-image-id=\"2083\"\n               data-title=\"2020-12-03_12-59-31\"\n               data-description=\"Ah ah ! On devrait finalement avoir des Choux de Pontoise cette ann\u00e9e !\"\n               data-image-slug=\"2020-12-03_12-59-31\"\n               class=\"ngg-fancybox\" rel=\"12f4673e92ddd9ebee3f57585021a17c\">\n                <img\n                    title=\"2020-12-03_12-59-31\"\n                    alt=\"2020-12-03_12-59-31\"\n                    src=\"https:\/\/ecojardindesgrivauds.fr\/wp-content\/gallery\/2020_12_05-retour-de-charly\/thumbs\/thumbs_2020-12-03_12-59-31.jpg\"\n                    width=\"240\"\n                    height=\"160\"\n                    style=\"max-width:100%;\"\n                \/>\n            <\/a>\n        <\/div>\n\t\t\t\t\t\t\t<\/div> \n\t\t\t\n        \n\t\t\t\t<div id=\"ngg-image-2\" class=\"ngg-gallery-thumbnail-box\" >\n\t\t\t\t        <div class=\"ngg-gallery-thumbnail\">\n            <a href=\"https:\/\/ecojardindesgrivauds.fr\/wp-content\/gallery\/2020_12_05-retour-de-charly\/2020-12-03_13-00-21.jpg\"\n               title=\"Comme l&#039;ann\u00e9e derni\u00e8re, c&#039;est finalement quand l&#039;hiver arrive que nos navets finissent de grossir !\"\n               data-src=\"https:\/\/ecojardindesgrivauds.fr\/wp-content\/gallery\/2020_12_05-retour-de-charly\/2020-12-03_13-00-21.jpg\"\n               data-thumbnail=\"https:\/\/ecojardindesgrivauds.fr\/wp-content\/gallery\/2020_12_05-retour-de-charly\/thumbs\/thumbs_2020-12-03_13-00-21.jpg\"\n               data-image-id=\"2084\"\n               data-title=\"2020-12-03_13-00-21\"\n               data-description=\"Comme l&#039;ann\u00e9e derni\u00e8re, c&#039;est finalement quand l&#039;hiver arrive que nos navets finissent de grossir !\"\n               data-image-slug=\"2020-12-03_13-00-21\"\n               class=\"ngg-fancybox\" rel=\"12f4673e92ddd9ebee3f57585021a17c\">\n                <img\n                    title=\"2020-12-03_13-00-21\"\n                    alt=\"2020-12-03_13-00-21\"\n                    src=\"https:\/\/ecojardindesgrivauds.fr\/wp-content\/gallery\/2020_12_05-retour-de-charly\/thumbs\/thumbs_2020-12-03_13-00-21.jpg\"\n                    width=\"240\"\n                    height=\"160\"\n                    style=\"max-width:100%;\"\n                \/>\n            <\/a>\n        <\/div>\n\t\t\t\t\t\t\t<\/div> \n\t\t\t\n        \n\t\t\t\t<div id=\"ngg-image-3\" class=\"ngg-gallery-thumbnail-box\" >\n\t\t\t\t        <div class=\"ngg-gallery-thumbnail\">\n            <a href=\"https:\/\/ecojardindesgrivauds.fr\/wp-content\/gallery\/2020_12_05-retour-de-charly\/2020-12-03_13-00-56.jpg\"\n               title=\"Beaux navets et turricules de vers de terre ; un compagnonnage fortuit ? On peut en douter.\"\n               data-src=\"https:\/\/ecojardindesgrivauds.fr\/wp-content\/gallery\/2020_12_05-retour-de-charly\/2020-12-03_13-00-56.jpg\"\n               data-thumbnail=\"https:\/\/ecojardindesgrivauds.fr\/wp-content\/gallery\/2020_12_05-retour-de-charly\/thumbs\/thumbs_2020-12-03_13-00-56.jpg\"\n               data-image-id=\"2085\"\n               data-title=\"2020-12-03_13-00-56\"\n               data-description=\"Beaux navets et turricules de vers de terre ; un compagnonnage fortuit ? On peut en douter.\"\n               data-image-slug=\"2020-12-03_13-00-56\"\n               class=\"ngg-fancybox\" rel=\"12f4673e92ddd9ebee3f57585021a17c\">\n                <img\n                    title=\"2020-12-03_13-00-56\"\n                    alt=\"2020-12-03_13-00-56\"\n                    src=\"https:\/\/ecojardindesgrivauds.fr\/wp-content\/gallery\/2020_12_05-retour-de-charly\/thumbs\/thumbs_2020-12-03_13-00-56.jpg\"\n                    width=\"240\"\n                    height=\"160\"\n                    style=\"max-width:100%;\"\n                \/>\n            <\/a>\n        <\/div>\n\t\t\t\t\t\t\t<\/div> \n\t\t\t\n        \n\t\t\t\t<div id=\"ngg-image-4\" class=\"ngg-gallery-thumbnail-box\" >\n\t\t\t\t        <div class=\"ngg-gallery-thumbnail\">\n            <a href=\"https:\/\/ecojardindesgrivauds.fr\/wp-content\/gallery\/2020_12_05-retour-de-charly\/2020-12-04_16-43-12.jpg\"\n               title=\"Visiblement, le navet et le rutabaga, \u00e7a rend heureux.\"\n               data-src=\"https:\/\/ecojardindesgrivauds.fr\/wp-content\/gallery\/2020_12_05-retour-de-charly\/2020-12-04_16-43-12.jpg\"\n               data-thumbnail=\"https:\/\/ecojardindesgrivauds.fr\/wp-content\/gallery\/2020_12_05-retour-de-charly\/thumbs\/thumbs_2020-12-04_16-43-12.jpg\"\n               data-image-id=\"2086\"\n               data-title=\"2020-12-04_16-43-12\"\n               data-description=\"Visiblement, le navet et le rutabaga, \u00e7a rend heureux.\"\n               data-image-slug=\"2020-12-04_16-43-12\"\n               class=\"ngg-fancybox\" rel=\"12f4673e92ddd9ebee3f57585021a17c\">\n                <img\n                    title=\"2020-12-04_16-43-12\"\n                    alt=\"2020-12-04_16-43-12\"\n                    src=\"https:\/\/ecojardindesgrivauds.fr\/wp-content\/gallery\/2020_12_05-retour-de-charly\/thumbs\/thumbs_2020-12-04_16-43-12.jpg\"\n                    width=\"240\"\n                    height=\"160\"\n                    style=\"max-width:100%;\"\n                \/>\n            <\/a>\n        <\/div>\n\t\t\t\t\t\t\t<\/div> \n\t\t\t\n        \n\t\t\t\t<div id=\"ngg-image-5\" class=\"ngg-gallery-thumbnail-box\" >\n\t\t\t\t        <div class=\"ngg-gallery-thumbnail\">\n            <a href=\"https:\/\/ecojardindesgrivauds.fr\/wp-content\/gallery\/2020_12_05-retour-de-charly\/2020-12-05_16-16-37.jpg\"\n               title=\"Peluche dans la lumi\u00e8re d\u00e9clinante d&#039;un soir d&#039;hiver\"\n               data-src=\"https:\/\/ecojardindesgrivauds.fr\/wp-content\/gallery\/2020_12_05-retour-de-charly\/2020-12-05_16-16-37.jpg\"\n               data-thumbnail=\"https:\/\/ecojardindesgrivauds.fr\/wp-content\/gallery\/2020_12_05-retour-de-charly\/thumbs\/thumbs_2020-12-05_16-16-37.jpg\"\n               data-image-id=\"2087\"\n               data-title=\"2020-12-05_16-16-37\"\n               data-description=\"Peluche dans la lumi\u00e8re d\u00e9clinante d&#039;un soir d&#039;hiver\"\n               data-image-slug=\"2020-12-05_16-16-37\"\n               class=\"ngg-fancybox\" rel=\"12f4673e92ddd9ebee3f57585021a17c\">\n                <img\n                    title=\"2020-12-05_16-16-37\"\n                    alt=\"2020-12-05_16-16-37\"\n                    src=\"https:\/\/ecojardindesgrivauds.fr\/wp-content\/gallery\/2020_12_05-retour-de-charly\/thumbs\/thumbs_2020-12-05_16-16-37.jpg\"\n                    width=\"240\"\n                    height=\"160\"\n                    style=\"max-width:100%;\"\n                \/>\n            <\/a>\n        <\/div>\n\t\t\t\t\t\t\t<\/div> \n\t\t\t\n        \n\t\t\t\t<div id=\"ngg-image-6\" class=\"ngg-gallery-thumbnail-box\" >\n\t\t\t\t        <div class=\"ngg-gallery-thumbnail\">\n            <a href=\"https:\/\/ecojardindesgrivauds.fr\/wp-content\/gallery\/2020_12_05-retour-de-charly\/2020-12-05_16-28-59.jpg\"\n               title=\"Les 5 futures planches de courges\"\n               data-src=\"https:\/\/ecojardindesgrivauds.fr\/wp-content\/gallery\/2020_12_05-retour-de-charly\/2020-12-05_16-28-59.jpg\"\n               data-thumbnail=\"https:\/\/ecojardindesgrivauds.fr\/wp-content\/gallery\/2020_12_05-retour-de-charly\/thumbs\/thumbs_2020-12-05_16-28-59.jpg\"\n               data-image-id=\"2088\"\n               data-title=\"2020-12-05_16-28-59\"\n               data-description=\"Les 5 futures planches de courges\"\n               data-image-slug=\"2020-12-05_16-28-59\"\n               class=\"ngg-fancybox\" rel=\"12f4673e92ddd9ebee3f57585021a17c\">\n                <img\n                    title=\"2020-12-05_16-28-59\"\n                    alt=\"2020-12-05_16-28-59\"\n                    src=\"https:\/\/ecojardindesgrivauds.fr\/wp-content\/gallery\/2020_12_05-retour-de-charly\/thumbs\/thumbs_2020-12-05_16-28-59.jpg\"\n                    width=\"240\"\n                    height=\"160\"\n                    style=\"max-width:100%;\"\n                \/>\n            <\/a>\n        <\/div>\n\t\t\t\t\t\t\t<\/div> \n\t\t\t\n        \n\t\t\t\t<div id=\"ngg-image-7\" class=\"ngg-gallery-thumbnail-box\" >\n\t\t\t\t        <div class=\"ngg-gallery-thumbnail\">\n            <a href=\"https:\/\/ecojardindesgrivauds.fr\/wp-content\/gallery\/2020_12_05-retour-de-charly\/2020-12-05_16-43-34.jpg\"\n               title=\"Rien \u00e0 dire : Fabrice a r\u00e9ussi ses greffes !\"\n               data-src=\"https:\/\/ecojardindesgrivauds.fr\/wp-content\/gallery\/2020_12_05-retour-de-charly\/2020-12-05_16-43-34.jpg\"\n               data-thumbnail=\"https:\/\/ecojardindesgrivauds.fr\/wp-content\/gallery\/2020_12_05-retour-de-charly\/thumbs\/thumbs_2020-12-05_16-43-34.jpg\"\n               data-image-id=\"2089\"\n               data-title=\"2020-12-05_16-43-34\"\n               data-description=\"Rien \u00e0 dire : Fabrice a r\u00e9ussi ses greffes !\"\n               data-image-slug=\"2020-12-05_16-43-34\"\n               class=\"ngg-fancybox\" rel=\"12f4673e92ddd9ebee3f57585021a17c\">\n                <img\n                    title=\"2020-12-05_16-43-34\"\n                    alt=\"2020-12-05_16-43-34\"\n                    src=\"https:\/\/ecojardindesgrivauds.fr\/wp-content\/gallery\/2020_12_05-retour-de-charly\/thumbs\/thumbs_2020-12-05_16-43-34.jpg\"\n                    width=\"240\"\n                    height=\"160\"\n                    style=\"max-width:100%;\"\n                \/>\n            <\/a>\n        <\/div>\n\t\t\t\t\t\t\t<\/div> \n\t\t\t\n        \n\t\t\t\t<div id=\"ngg-image-8\" class=\"ngg-gallery-thumbnail-box\" >\n\t\t\t\t        <div class=\"ngg-gallery-thumbnail\">\n            <a href=\"https:\/\/ecojardindesgrivauds.fr\/wp-content\/gallery\/2020_12_05-retour-de-charly\/2020-12-05_16-52-59.jpg\"\n               title=\"Bruant zizi\"\n               data-src=\"https:\/\/ecojardindesgrivauds.fr\/wp-content\/gallery\/2020_12_05-retour-de-charly\/2020-12-05_16-52-59.jpg\"\n               data-thumbnail=\"https:\/\/ecojardindesgrivauds.fr\/wp-content\/gallery\/2020_12_05-retour-de-charly\/thumbs\/thumbs_2020-12-05_16-52-59.jpg\"\n               data-image-id=\"2090\"\n               data-title=\"2020-12-05_16-52-59\"\n               data-description=\"Bruant zizi\"\n               data-image-slug=\"2020-12-05_16-52-59\"\n               class=\"ngg-fancybox\" rel=\"12f4673e92ddd9ebee3f57585021a17c\">\n                <img\n                    title=\"2020-12-05_16-52-59\"\n                    alt=\"2020-12-05_16-52-59\"\n                    src=\"https:\/\/ecojardindesgrivauds.fr\/wp-content\/gallery\/2020_12_05-retour-de-charly\/thumbs\/thumbs_2020-12-05_16-52-59.jpg\"\n                    width=\"240\"\n                    height=\"160\"\n                    style=\"max-width:100%;\"\n                \/>\n            <\/a>\n        <\/div>\n\t\t\t\t\t\t\t<\/div> \n\t\t\t\n        \n\t\t\t\t<div id=\"ngg-image-9\" class=\"ngg-gallery-thumbnail-box\" >\n\t\t\t\t        <div class=\"ngg-gallery-thumbnail\">\n            <a href=\"https:\/\/ecojardindesgrivauds.fr\/wp-content\/gallery\/2020_12_05-retour-de-charly\/2020-12-05_16-56-31.jpg\"\n               title=\"Trois linottes entourent une m\u00e9sange bleue.\"\n               data-src=\"https:\/\/ecojardindesgrivauds.fr\/wp-content\/gallery\/2020_12_05-retour-de-charly\/2020-12-05_16-56-31.jpg\"\n               data-thumbnail=\"https:\/\/ecojardindesgrivauds.fr\/wp-content\/gallery\/2020_12_05-retour-de-charly\/thumbs\/thumbs_2020-12-05_16-56-31.jpg\"\n               data-image-id=\"2091\"\n               data-title=\"2020-12-05_16-56-31\"\n               data-description=\"Trois linottes entourent une m\u00e9sange bleue.\"\n               data-image-slug=\"2020-12-05_16-56-31\"\n               class=\"ngg-fancybox\" rel=\"12f4673e92ddd9ebee3f57585021a17c\">\n                <img\n                    title=\"2020-12-05_16-56-31\"\n                    alt=\"2020-12-05_16-56-31\"\n                    src=\"https:\/\/ecojardindesgrivauds.fr\/wp-content\/gallery\/2020_12_05-retour-de-charly\/thumbs\/thumbs_2020-12-05_16-56-31.jpg\"\n                    width=\"240\"\n                    height=\"160\"\n                    style=\"max-width:100%;\"\n                \/>\n            <\/a>\n        <\/div>\n\t\t\t\t\t\t\t<\/div> \n\t\t\t\n        \n\t\t\n\t\t<!-- Pagination -->\n\t<div class='ngg-clear'><\/div>\t<\/div>\n\n","protected":false},"excerpt":{"rendered":"<p>Charly est de retour. Il \u00e9tait d\u00e9j\u00e0 venu il y a quelques semaines aux Grivauds. \u00c0 l&rsquo;\u00e9poque, il faisait encore suffisamment chaud pour travailler r\u00e9guli\u00e8rement en tee-shirt dans nos serres. La douceur automnale jouait les prolongations et une joie d\u00e9brid\u00e9e remplissait les c\u0153urs et les esprits, comme si un nouvel \u00e9t\u00e9 \u00e9tait encore possible. En &hellip; <\/p>\n<p class=\"link-more\"><a href=\"https:\/\/ecojardindesgrivauds.fr\/?p=6526\" class=\"more-link\">Continuer la lecture<span class=\"screen-reader-text\"> de &laquo;&nbsp;Urgence ?&nbsp;&raquo;<\/span><\/a><\/p>\n","protected":false},"author":1,"featured_media":0,"comment_status":"open","ping_status":"open","sticky":false,"template":"","format":"standard","meta":{"ngg_post_thumbnail":0},"categories":[1],"tags":[],"_links":{"self":[{"href":"https:\/\/ecojardindesgrivauds.fr\/index.php?rest_route=\/wp\/v2\/posts\/6526"}],"collection":[{"href":"https:\/\/ecojardindesgrivauds.fr\/index.php?rest_route=\/wp\/v2\/posts"}],"about":[{"href":"https:\/\/ecojardindesgrivauds.fr\/index.php?rest_route=\/wp\/v2\/types\/post"}],"author":[{"embeddable":true,"href":"https:\/\/ecojardindesgrivauds.fr\/index.php?rest_route=\/wp\/v2\/users\/1"}],"replies":[{"embeddable":true,"href":"https:\/\/ecojardindesgrivauds.fr\/index.php?rest_route=%2Fwp%2Fv2%2Fcomments&post=6526"}],"version-history":[{"count":7,"href":"https:\/\/ecojardindesgrivauds.fr\/index.php?rest_route=\/wp\/v2\/posts\/6526\/revisions"}],"predecessor-version":[{"id":6558,"href":"https:\/\/ecojardindesgrivauds.fr\/index.php?rest_route=\/wp\/v2\/posts\/6526\/revisions\/6558"}],"wp:attachment":[{"href":"https:\/\/ecojardindesgrivauds.fr\/index.php?rest_route=%2Fwp%2Fv2%2Fmedia&parent=6526"}],"wp:term":[{"taxonomy":"category","embeddable":true,"href":"https:\/\/ecojardindesgrivauds.fr\/index.php?rest_route=%2Fwp%2Fv2%2Fcategories&post=6526"},{"taxonomy":"post_tag","embeddable":true,"href":"https:\/\/ecojardindesgrivauds.fr\/index.php?rest_route=%2Fwp%2Fv2%2Ftags&post=6526"}],"curies":[{"name":"wp","href":"https:\/\/api.w.org\/{rel}","templated":true}]}}