{"id":6932,"date":"2021-02-06T22:18:51","date_gmt":"2021-02-06T21:18:51","guid":{"rendered":"http:\/\/ecojardindesgrivauds.fr\/?p=6932"},"modified":"2021-02-06T22:18:51","modified_gmt":"2021-02-06T21:18:51","slug":"10-ans-de-releves-meteorologiques-aux-grivauds-un-bilan-riche-en-enseignement","status":"publish","type":"post","link":"https:\/\/ecojardindesgrivauds.fr\/?p=6932","title":{"rendered":"10 ans de relev\u00e9s m\u00e9t\u00e9orologiques aux Grivauds : un bilan riche en enseignement"},"content":{"rendered":"\n<p><em>Cette semaine, c&rsquo;est de nouveau Fabrice qui prend le relai sur le blog. Et cette fois-ci, il nous a concoct\u00e9 un bilan m\u00e9t\u00e9orologique de l&rsquo;ann\u00e9e 2020, ainsi que de l&rsquo;ensemble de l&rsquo;histoire de l&rsquo;\u00c9coJardin, depuis sa cr\u00e9ation en 2011, jusqu&rsquo;\u00e0 aujourd&rsquo;hui.<\/em><\/p>\n\n\n\n<p>Monsieur m\u00e9t\u00e9o, voil\u00e0 un surnom qui me colle \u00e0 la peau&nbsp;! Quel temps fera t-il demain, la semaine prochaine&nbsp;? Combien a t-il plu hier, le mois dernier&nbsp;? Autant de questions qui me sont pos\u00e9es depuis plusieurs ann\u00e9es par des voisins, des coll\u00e8gues, des clients&#8230; Je suis parfois un peu g\u00ean\u00e9 de dire les choses\u2026 Oiseau de mauvaise augure&nbsp;!<\/p>\n\n\n\n<div class=\"wp-block-image is-style-default\"><figure class=\"alignleft size-medium\"><img decoding=\"async\" loading=\"lazy\" width=\"300\" height=\"225\" src=\"http:\/\/ecojardindesgrivauds.fr\/wp-content\/uploads\/2021\/02\/2021-02-06_10-24-53-300x225.jpg\" alt=\"\" class=\"wp-image-6906\" srcset=\"https:\/\/ecojardindesgrivauds.fr\/wp-content\/uploads\/2021\/02\/2021-02-06_10-24-53-300x225.jpg 300w, https:\/\/ecojardindesgrivauds.fr\/wp-content\/uploads\/2021\/02\/2021-02-06_10-24-53-768x576.jpg 768w, https:\/\/ecojardindesgrivauds.fr\/wp-content\/uploads\/2021\/02\/2021-02-06_10-24-53.jpg 1024w\" sizes=\"(max-width: 300px) 100vw, 300px\" \/><figcaption>Un bon vieux pluviom\u00e8tre que nous relevons tous les jours<\/figcaption><\/figure><\/div>\n\n\n\n<p>La climatologie est une de mes passions, certainement la plus ancienne. J\u2019ai commenc\u00e9 \u00e0 consigner certaines observations \u00e0 partir de 1985<span class=\"footnote_referrer\"><a role=\"button\" tabindex=\"0\" onclick=\"footnote_moveToReference_6932_1('footnote_plugin_reference_6932_1_1');\" onkeypress=\"footnote_moveToReference_6932_1('footnote_plugin_reference_6932_1_1');\" ><sup id=\"footnote_plugin_tooltip_6932_1_1\" class=\"footnote_plugin_tooltip_text\">[1]<\/sup><\/a><span id=\"footnote_plugin_tooltip_text_6932_1_1\" class=\"footnote_tooltip\">une ann\u00e9e tr\u00e8s particuli\u00e8re qui a marqu\u00e9 ma m\u00e9moire, un certain mercredi 16 janvier 1985 aux alentours de 7h30 le pont de Sully sur Loire (Loiret) s\u2019effondrait dans le fleuve ; ce matin l\u00e0 la&nbsp;&#x2026; <span class=\"footnote_tooltip_continue\"  onclick=\"footnote_moveToReference_6932_1('footnote_plugin_reference_6932_1_1');\">Continue reading<\/span><\/span><\/span><script type=\"text\/javascript\"> jQuery('#footnote_plugin_tooltip_6932_1_1').tooltip({ tip: '#footnote_plugin_tooltip_text_6932_1_1', tipClass: 'footnote_tooltip', effect: 'fade', predelay: 0, fadeInSpeed: 200, delay: 400, fadeOutSpeed: 200, position: 'top center', relative: true, offset: [-7, 0], });<\/script>. J\u2019ai tr\u00e8s vite r\u00e9cup\u00e9r\u00e9 un pluviom\u00e8tre que j\u2019ai install\u00e9 dans le jardin de mes parents \u00e0 Saint Benoit sur Loire dans le Loiret. Mon p\u00e8re continue de relever les quantit\u00e9s de pluie depuis mon d\u00e9part en 1997. J\u2019ai poursuivi \u00e0 Manglieu, petit village du Puy-de-D\u00f4me dans lequel j\u2019ai pass\u00e9 une dizaine d\u2019ann\u00e9es. Et depuis 2011 je consigne les donn\u00e9es de Pierrefitte sur Loire. L\u2019int\u00e9r\u00eat est personnel mais il participe aussi \u00e0 la m\u00e9moire collective&nbsp;! Et comme pour tout jardinier, le temps qu\u2019il fait, qu\u2019il a fait ou qu\u2019il fera a une incidence sur notre travail et nos choix techniques&nbsp;!<\/p>\n\n\n\n<p>Mais venons-en au sujet qui nous int\u00e9resse aujourd\u2019hui : le bilan m\u00e9t\u00e9orologique de l\u2019ann\u00e9e \u00e9coul\u00e9e.<\/p>\n\n\n\n<p>Une ann\u00e9e 2020 encore une fois marqu\u00e9e par un tr\u00e8s fort d\u00e9ficit pluviom\u00e9trique qui d\u00e9bute apr\u00e8s un hiver particuli\u00e8rement sec&nbsp;(gros d\u00e9ficit de janvier \u00e0 mars). Des temp\u00e9ratures assez douces sans v\u00e9ritable exc\u00e8s \u00e0 part des journ\u00e9es caniculaires qui deviennent r\u00e9currentes&nbsp;! L\u2019ann\u00e9e d\u00e9marre tr\u00e8s vite par un fort ensoleillement et des temp\u00e9ratures douces sans pluies significatives jusqu\u2019\u00e0 fin avril puis une petite p\u00e9riode plus humide et plus grise suit jusqu\u2019\u00e0 mi-juin (58mm dans la journ\u00e9e du 12 juin!). Ensuite nous avons encore une p\u00e9riode bien s\u00e8che et ensoleill\u00e9e jusqu\u2019\u00e0 la mi-septembre, suivie d\u2019un mois tr\u00e8s pluvieux (160mm sur 30 jours !). La fin d\u2019ann\u00e9e est encore une fois particuli\u00e8re avec quasiment aucune pluie en novembre et \u00e0 nouveau du temps gris (18 jours de pluie en d\u00e9cembre). En ce qui concerne les temp\u00e9ratures minimales que nous suivons \u00e9galement, 57 jours de gel le matin, tout \u00e0 fait dans la normale ici, la derni\u00e8re gel\u00e9e le 14 avril avec -2,3\u00b0C et la premi\u00e8re le 19 octobre (-0,5\u00b0C). La temp\u00e9rature la plus basse de l\u2019ann\u00e9e, -6,1\u00b0C, a \u00e9t\u00e9 enregistr\u00e9e \u00e0 deux reprises, le 21 janvier et plus \u00e9tonnamment le 1<sup>er<\/sup> avril&nbsp;!<\/p>\n\n\n\n<figure class=\"wp-block-image size-large is-style-default\"><a href=\"http:\/\/ecojardindesgrivauds.fr\/wp-content\/uploads\/2021\/02\/Pluvio-2020.jpg\"><img decoding=\"async\" loading=\"lazy\" width=\"1001\" height=\"561\" src=\"http:\/\/ecojardindesgrivauds.fr\/wp-content\/uploads\/2021\/02\/Pluvio-2020.jpg\" alt=\"\" class=\"wp-image-6938\" srcset=\"https:\/\/ecojardindesgrivauds.fr\/wp-content\/uploads\/2021\/02\/Pluvio-2020.jpg 1001w, https:\/\/ecojardindesgrivauds.fr\/wp-content\/uploads\/2021\/02\/Pluvio-2020-300x168.jpg 300w, https:\/\/ecojardindesgrivauds.fr\/wp-content\/uploads\/2021\/02\/Pluvio-2020-768x430.jpg 768w\" sizes=\"(max-width: 767px) 89vw, (max-width: 1000px) 54vw, (max-width: 1071px) 543px, 580px\" \/><\/a><figcaption>Pluviom\u00e9trie mensuelle (et nombre de jours de pluie) de l&rsquo;ann\u00e9e 2020 aux Grivauds<\/figcaption><\/figure>\n\n\n\n<p>Pour les mara\u00eechers que nous sommes, c\u2019est le nombre de jours de gel entre le 1<sup>er<\/sup> mars et la fin avril qui nous impacte le plus, l\u2019effet est imm\u00e9diat sur le d\u00e9marrage de la saison de production. Cette ann\u00e9e ce sont 18 jours de gel&nbsp;(13 en moyenne sur les dix derni\u00e8res ann\u00e9es). Autant dire de belles nuits de stress&nbsp;quand on sait qu\u2019il va geler mais qu\u2019on ne sait pas \u00e0 quel point ! Et tous les ans son lot de stress&nbsp;! Le vent, le gel, la gr\u00eale, la s\u00e9cheresse et l\u2019exc\u00e8s d\u2019eau sont des choses auxquelles se confronte tout paysan, et depuis 10 ans il s\u2019en est pass\u00e9 des choses&nbsp;!<\/p>\n\n\n\n<p>Des \u00e9v\u00e8nements m\u00e9t\u00e9orologiques sont venus perturber le jardin durant ces ann\u00e9es. Un \u00e9norme coup de vent le 28 avril 2012 r\u00e9duit \u00e0 n\u00e9ant une de mes serres de 50m de long et en endommage une deuxi\u00e8me, tout est \u00e0 replanter et reconstruire dans l\u2019urgence&nbsp;; un an apr\u00e8s la cr\u00e9ation du jardin c\u2019est un coup dur&nbsp;! Les 2 ann\u00e9es qui suivent sont tr\u00e8s humides et je peine \u00e0 cultiver d\u2019autant plus que je travaille le sol et que la parcelle n\u2019est pas drain\u00e9e&nbsp;! Le 6 juillet 2019 c\u2019est un orage de gr\u00eale qui vient nous assommer en pleine saison, d\u00e9cid\u00e9ment le climat n\u2019est pas tendre pour l\u2019humain qui l\u2019affronte&nbsp;!<\/p>\n\n\n\n<figure class=\"wp-block-image size-large is-style-default\"><a href=\"http:\/\/ecojardindesgrivauds.fr\/wp-content\/uploads\/2021\/02\/Pluvio-10-ans.jpg\"><img decoding=\"async\" loading=\"lazy\" width=\"1002\" height=\"480\" src=\"http:\/\/ecojardindesgrivauds.fr\/wp-content\/uploads\/2021\/02\/Pluvio-10-ans.jpg\" alt=\"\" class=\"wp-image-6941\" srcset=\"https:\/\/ecojardindesgrivauds.fr\/wp-content\/uploads\/2021\/02\/Pluvio-10-ans.jpg 1002w, https:\/\/ecojardindesgrivauds.fr\/wp-content\/uploads\/2021\/02\/Pluvio-10-ans-300x144.jpg 300w, https:\/\/ecojardindesgrivauds.fr\/wp-content\/uploads\/2021\/02\/Pluvio-10-ans-768x368.jpg 768w\" sizes=\"(max-width: 767px) 89vw, (max-width: 1000px) 54vw, (max-width: 1071px) 543px, 580px\" \/><\/a><figcaption>Pluviom\u00e9trie annuelle des 10 derni\u00e8res ann\u00e9es ;&nbsp;attention :&nbsp;donn\u00e9es incompl\u00e8tes pour 2011<\/figcaption><\/figure>\n\n\n\n<p>Sur les 3 derni\u00e8res ann\u00e9es on accuse un d\u00e9ficit de plus de 500mm de pluie, c\u2019est \u00e0 dire 20% de pluviom\u00e9trie en moins par an&nbsp;! Les cons\u00e9quences sont tr\u00e8s importantes sur nos cultures mais bien plus sur les plantes p\u00e9rennes comme les arbres fruitiers qui souffrent \u00e9norm\u00e9ment&nbsp;; de nombreux pommiers sont morts depuis 2 ans sur le site des Grivauds, et d\u2019autres arbres aussi, des \u00e9rables sycomores notamment.<\/p>\n\n\n\n<p>Il n\u2019en a pas \u00e9t\u00e9 de m\u00eame sur les dix derni\u00e8res ann\u00e9es. Le climat est assez changeant : des successions d\u2019ann\u00e9es globalement s\u00e8ches ou humides se suivent \u00e0 un rythme variable.<\/p>\n\n\n\n<figure class=\"wp-block-image size-large is-style-default\"><a href=\"http:\/\/ecojardindesgrivauds.fr\/wp-content\/uploads\/2021\/02\/Pluvio-Pierrefitte.jpg\"><img decoding=\"async\" loading=\"lazy\" width=\"1024\" height=\"382\" src=\"http:\/\/ecojardindesgrivauds.fr\/wp-content\/uploads\/2021\/02\/Pluvio-Pierrefitte-1024x382.jpg\" alt=\"\" class=\"wp-image-6939\" srcset=\"https:\/\/ecojardindesgrivauds.fr\/wp-content\/uploads\/2021\/02\/Pluvio-Pierrefitte-1024x382.jpg 1024w, https:\/\/ecojardindesgrivauds.fr\/wp-content\/uploads\/2021\/02\/Pluvio-Pierrefitte-300x112.jpg 300w, https:\/\/ecojardindesgrivauds.fr\/wp-content\/uploads\/2021\/02\/Pluvio-Pierrefitte-768x286.jpg 768w, https:\/\/ecojardindesgrivauds.fr\/wp-content\/uploads\/2021\/02\/Pluvio-Pierrefitte-1536x572.jpg 1536w, https:\/\/ecojardindesgrivauds.fr\/wp-content\/uploads\/2021\/02\/Pluvio-Pierrefitte.jpg 1986w\" sizes=\"(max-width: 767px) 89vw, (max-width: 1000px) 54vw, (max-width: 1071px) 543px, 580px\" \/><\/a><figcaption>(Cliquez pour agrandir) Tableau r\u00e9capitulatif de la pluviom\u00e9trie mensuelle depuis la cr\u00e9ation de l&rsquo;\u00c9coJardin<\/figcaption><\/figure>\n\n\n\n<p>Et c\u00f4t\u00e9 temp\u00e9ratures&nbsp;? M\u00eame si je ne note pas tout je peux dire que d\u2019une ann\u00e9e sur l\u2019autre il y a des constantes comme les hivers doux, \u00e0 part les 3 premi\u00e8res semaines de f\u00e9vrier 2012 ou les nuits sont tr\u00e8s froides avec des minimales entre -10 et -15\u00b0C durant 11 jours&nbsp;! Un autre ph\u00e9nom\u00e8ne notable est une p\u00e9riode froide r\u00e9currente entre la fin f\u00e9vrier et d\u00e9but mars qui arrive bien souvent apr\u00e8s une longue p\u00e9riode douce. Et pour finir, les p\u00e9riodes de canicules deviennent fr\u00e9quentes et ne sont plus concentr\u00e9es sur juillet\/ao\u00fbt.<\/p>\n\n\n\n<p>Sur les 10 ann\u00e9es depuis la cr\u00e9ation de l\u2019\u00e9cojardin, nous avons eu 5 ann\u00e9es tr\u00e8s s\u00e8ches, 3 tr\u00e8s humides et 2 dans la normale.<\/p>\n\n\n\n<p>C\u2019est quoi la normale \u00e0 Pierrefitte&nbsp;? Eh bien c\u2019est en moyenne une pluviom\u00e9trie annuelle de 807mm, 118 jours de pluie (oui c\u2019est peu finalement!), 53 jours de gel et des amplitudes importantes dans une journ\u00e9e (souvent 20\u00b0C entre le matin et le soir&nbsp;!) de mars \u00e0 octobre. C&rsquo;est ce qu&rsquo;on nomme un climat oc\u00e9anique \u00e0 tendance continentale.<\/p>\n\n\n\n<p>Le climat est naturellement changeant mais ces changements deviennent globalement impr\u00e9visibles et brutaux, c\u2019est un fait&nbsp;! La nature encaisse tant bien que mal et le jardinier doit s\u2019adapter. Cette adaptation passe par des changements dans le choix des vari\u00e9t\u00e9s de l\u00e9gumes, des d\u00e9calages dans les dates de semis et d\u2019implantation des cultures, des protections sp\u00e9ciales quelque soit la saison et une utilisation r\u00e9fl\u00e9chie de l\u2019eau d\u2019irrigation. Des programmes de recherche\/action sont en cours, nous sommes inscrits dans un de ces programmes au niveau de l\u2019Auvergne, ce sera le sujet d\u2019un prochain article&nbsp;!<\/p>\n\n\n\n<p>Allez, je vous donne un bon tuyau, et c\u2019est gratuit&nbsp;! Il existe 4 jours dans l\u2019ann\u00e9e durant lesquels il n\u2019a jamais plu en 10 ans : le 14 avril, le 29 ao\u00fbt, le 3 et 10 septembre&nbsp;; c\u2019est le moment de pr\u00e9voir un barbecue&nbsp;!<\/p>\n\n\n\n<p><em>\u00c0 la semaine prochaine !<\/em><\/p>\n\n\n\n<p>PS : Vous trouverez un aper\u00e7u des chantiers de la semaine dans la galerie ci-dessous.<\/p>\n\n\n\n<!-- index.php -->\n<div\n\tclass=\"ngg-galleryoverview ngg-ajax-pagination-none\"\n\tid=\"ngg-gallery-0a494289bcfe5e6e202aa10453d4822c-1\">\n\n    \t\t<!-- Thumbnails -->\n\t\t\t\t<div id=\"ngg-image-0\" class=\"ngg-gallery-thumbnail-box\" >\n\t\t\t\t        <div class=\"ngg-gallery-thumbnail\">\n            <a href=\"https:\/\/ecojardindesgrivauds.fr\/wp-content\/gallery\/2021_02_06-meteo\/2021-02-01_12-24-50.jpg\"\n               title=\"Pr\u00e9paration d&#039;une nouvelle planche pour des salades en serre 3 : Mathilde (stagiaire pour la semaine) \u00e0 la man\u0153uvre.\"\n               data-src=\"https:\/\/ecojardindesgrivauds.fr\/wp-content\/gallery\/2021_02_06-meteo\/2021-02-01_12-24-50.jpg\"\n               data-thumbnail=\"https:\/\/ecojardindesgrivauds.fr\/wp-content\/gallery\/2021_02_06-meteo\/thumbs\/thumbs_2021-02-01_12-24-50.jpg\"\n               data-image-id=\"2188\"\n               data-title=\"2021-02-01_12-24-50\"\n               data-description=\"Pr\u00e9paration d&#039;une nouvelle planche pour des salades en serre 3 : Mathilde (stagiaire pour la semaine) \u00e0 la man\u0153uvre.\"\n               data-image-slug=\"2021-02-01_12-24-50\"\n               class=\"ngg-fancybox\" rel=\"0a494289bcfe5e6e202aa10453d4822c\">\n                <img\n                    title=\"2021-02-01_12-24-50\"\n                    alt=\"2021-02-01_12-24-50\"\n                    src=\"https:\/\/ecojardindesgrivauds.fr\/wp-content\/gallery\/2021_02_06-meteo\/thumbs\/thumbs_2021-02-01_12-24-50.jpg\"\n                    width=\"240\"\n                    height=\"160\"\n                    style=\"max-width:100%;\"\n                \/>\n            <\/a>\n        <\/div>\n\t\t\t\t\t\t\t<\/div> \n\t\t\t\n        \n\t\t\t\t<div id=\"ngg-image-1\" class=\"ngg-gallery-thumbnail-box\" >\n\t\t\t\t        <div class=\"ngg-gallery-thumbnail\">\n            <a href=\"https:\/\/ecojardindesgrivauds.fr\/wp-content\/gallery\/2021_02_06-meteo\/2021-02-02_13-29-30.jpg\"\n               title=\"Re-paillage des passes-pied\"\n               data-src=\"https:\/\/ecojardindesgrivauds.fr\/wp-content\/gallery\/2021_02_06-meteo\/2021-02-02_13-29-30.jpg\"\n               data-thumbnail=\"https:\/\/ecojardindesgrivauds.fr\/wp-content\/gallery\/2021_02_06-meteo\/thumbs\/thumbs_2021-02-02_13-29-30.jpg\"\n               data-image-id=\"2189\"\n               data-title=\"2021-02-02_13-29-30\"\n               data-description=\"Re-paillage des passes-pied\"\n               data-image-slug=\"2021-02-02_13-29-30\"\n               class=\"ngg-fancybox\" rel=\"0a494289bcfe5e6e202aa10453d4822c\">\n                <img\n                    title=\"2021-02-02_13-29-30\"\n                    alt=\"2021-02-02_13-29-30\"\n                    src=\"https:\/\/ecojardindesgrivauds.fr\/wp-content\/gallery\/2021_02_06-meteo\/thumbs\/thumbs_2021-02-02_13-29-30.jpg\"\n                    width=\"240\"\n                    height=\"160\"\n                    style=\"max-width:100%;\"\n                \/>\n            <\/a>\n        <\/div>\n\t\t\t\t\t\t\t<\/div> \n\t\t\t\n        \n\t\t\t\t<div id=\"ngg-image-2\" class=\"ngg-gallery-thumbnail-box\" >\n\t\t\t\t        <div class=\"ngg-gallery-thumbnail\">\n            <a href=\"https:\/\/ecojardindesgrivauds.fr\/wp-content\/gallery\/2021_02_06-meteo\/2021-02-03_10-48-36.jpg\"\n               title=\"R\u00e9colte d&#039;\u00e9pinards pour l&#039;Amap de Bourbon-Lancy\"\n               data-src=\"https:\/\/ecojardindesgrivauds.fr\/wp-content\/gallery\/2021_02_06-meteo\/2021-02-03_10-48-36.jpg\"\n               data-thumbnail=\"https:\/\/ecojardindesgrivauds.fr\/wp-content\/gallery\/2021_02_06-meteo\/thumbs\/thumbs_2021-02-03_10-48-36.jpg\"\n               data-image-id=\"2191\"\n               data-title=\"2021-02-03_10-48-36\"\n               data-description=\"R\u00e9colte d&#039;\u00e9pinards pour l&#039;Amap de Bourbon-Lancy\"\n               data-image-slug=\"2021-02-03_10-48-36\"\n               class=\"ngg-fancybox\" rel=\"0a494289bcfe5e6e202aa10453d4822c\">\n                <img\n                    title=\"2021-02-03_10-48-36\"\n                    alt=\"2021-02-03_10-48-36\"\n                    src=\"https:\/\/ecojardindesgrivauds.fr\/wp-content\/gallery\/2021_02_06-meteo\/thumbs\/thumbs_2021-02-03_10-48-36.jpg\"\n                    width=\"240\"\n                    height=\"160\"\n                    style=\"max-width:100%;\"\n                \/>\n            <\/a>\n        <\/div>\n\t\t\t\t\t\t\t<\/div> \n\t\t\t\n        \n\t\t\t\t<div id=\"ngg-image-3\" class=\"ngg-gallery-thumbnail-box\" >\n\t\t\t\t        <div class=\"ngg-gallery-thumbnail\">\n            <a href=\"https:\/\/ecojardindesgrivauds.fr\/wp-content\/gallery\/2021_02_06-meteo\/2021-02-04_10-02-58.jpg\"\n               title=\"On a encore des souris dans la serre \u00e0 plants...\"\n               data-src=\"https:\/\/ecojardindesgrivauds.fr\/wp-content\/gallery\/2021_02_06-meteo\/2021-02-04_10-02-58.jpg\"\n               data-thumbnail=\"https:\/\/ecojardindesgrivauds.fr\/wp-content\/gallery\/2021_02_06-meteo\/thumbs\/thumbs_2021-02-04_10-02-58.jpg\"\n               data-image-id=\"2192\"\n               data-title=\"2021-02-04_10-02-58\"\n               data-description=\"On a encore des souris dans la serre \u00e0 plants...\"\n               data-image-slug=\"2021-02-04_10-02-58\"\n               class=\"ngg-fancybox\" rel=\"0a494289bcfe5e6e202aa10453d4822c\">\n                <img\n                    title=\"2021-02-04_10-02-58\"\n                    alt=\"2021-02-04_10-02-58\"\n                    src=\"https:\/\/ecojardindesgrivauds.fr\/wp-content\/gallery\/2021_02_06-meteo\/thumbs\/thumbs_2021-02-04_10-02-58.jpg\"\n                    width=\"240\"\n                    height=\"160\"\n                    style=\"max-width:100%;\"\n                \/>\n            <\/a>\n        <\/div>\n\t\t\t\t\t\t\t<\/div> \n\t\t\t\n        \n\t\t\t\t<div id=\"ngg-image-4\" class=\"ngg-gallery-thumbnail-box\" >\n\t\t\t\t        <div class=\"ngg-gallery-thumbnail\">\n            <a href=\"https:\/\/ecojardindesgrivauds.fr\/wp-content\/gallery\/2021_02_06-meteo\/2021-02-04_15-37-10.jpg\"\n               title=\"Plantation des petits pois : c&#039;est parti !\"\n               data-src=\"https:\/\/ecojardindesgrivauds.fr\/wp-content\/gallery\/2021_02_06-meteo\/2021-02-04_15-37-10.jpg\"\n               data-thumbnail=\"https:\/\/ecojardindesgrivauds.fr\/wp-content\/gallery\/2021_02_06-meteo\/thumbs\/thumbs_2021-02-04_15-37-10.jpg\"\n               data-image-id=\"2194\"\n               data-title=\"2021-02-04_15-37-10\"\n               data-description=\"Plantation des petits pois : c&#039;est parti !\"\n               data-image-slug=\"2021-02-04_15-37-10\"\n               class=\"ngg-fancybox\" rel=\"0a494289bcfe5e6e202aa10453d4822c\">\n                <img\n                    title=\"2021-02-04_15-37-10\"\n                    alt=\"2021-02-04_15-37-10\"\n                    src=\"https:\/\/ecojardindesgrivauds.fr\/wp-content\/gallery\/2021_02_06-meteo\/thumbs\/thumbs_2021-02-04_15-37-10.jpg\"\n                    width=\"240\"\n                    height=\"160\"\n                    style=\"max-width:100%;\"\n                \/>\n            <\/a>\n        <\/div>\n\t\t\t\t\t\t\t<\/div> \n\t\t\t\n        \n\t\t\t\t<div id=\"ngg-image-5\" class=\"ngg-gallery-thumbnail-box\" >\n\t\t\t\t        <div class=\"ngg-gallery-thumbnail\">\n            <a href=\"https:\/\/ecojardindesgrivauds.fr\/wp-content\/gallery\/2021_02_06-meteo\/2021-02-04_13-43-49.jpg\"\n               title=\"Semis de carotte version 2021 : 1) on paille en andin central\"\n               data-src=\"https:\/\/ecojardindesgrivauds.fr\/wp-content\/gallery\/2021_02_06-meteo\/2021-02-04_13-43-49.jpg\"\n               data-thumbnail=\"https:\/\/ecojardindesgrivauds.fr\/wp-content\/gallery\/2021_02_06-meteo\/thumbs\/thumbs_2021-02-04_13-43-49.jpg\"\n               data-image-id=\"2193\"\n               data-title=\"2021-02-04_13-43-49\"\n               data-description=\"Semis de carotte version 2021 : 1) on paille en andin central\"\n               data-image-slug=\"2021-02-04_13-43-49\"\n               class=\"ngg-fancybox\" rel=\"0a494289bcfe5e6e202aa10453d4822c\">\n                <img\n                    title=\"2021-02-04_13-43-49\"\n                    alt=\"2021-02-04_13-43-49\"\n                    src=\"https:\/\/ecojardindesgrivauds.fr\/wp-content\/gallery\/2021_02_06-meteo\/thumbs\/thumbs_2021-02-04_13-43-49.jpg\"\n                    width=\"240\"\n                    height=\"160\"\n                    style=\"max-width:100%;\"\n                \/>\n            <\/a>\n        <\/div>\n\t\t\t\t\t\t\t<\/div> \n\t\t\t\n        \n\t\t\t\t<div id=\"ngg-image-6\" class=\"ngg-gallery-thumbnail-box\" >\n\t\t\t\t        <div class=\"ngg-gallery-thumbnail\">\n            <a href=\"https:\/\/ecojardindesgrivauds.fr\/wp-content\/gallery\/2021_02_06-meteo\/2021-02-04_16-22-07.jpg\"\n               title=\"2) L&#039;andin de paille est broy\u00e9 2 fois.\"\n               data-src=\"https:\/\/ecojardindesgrivauds.fr\/wp-content\/gallery\/2021_02_06-meteo\/2021-02-04_16-22-07.jpg\"\n               data-thumbnail=\"https:\/\/ecojardindesgrivauds.fr\/wp-content\/gallery\/2021_02_06-meteo\/thumbs\/thumbs_2021-02-04_16-22-07.jpg\"\n               data-image-id=\"2195\"\n               data-title=\"2021-02-04_16-22-07\"\n               data-description=\"2) L&#039;andin de paille est broy\u00e9 2 fois.\"\n               data-image-slug=\"2021-02-04_16-22-07\"\n               class=\"ngg-fancybox\" rel=\"0a494289bcfe5e6e202aa10453d4822c\">\n                <img\n                    title=\"2021-02-04_16-22-07\"\n                    alt=\"2021-02-04_16-22-07\"\n                    src=\"https:\/\/ecojardindesgrivauds.fr\/wp-content\/gallery\/2021_02_06-meteo\/thumbs\/thumbs_2021-02-04_16-22-07.jpg\"\n                    width=\"240\"\n                    height=\"160\"\n                    style=\"max-width:100%;\"\n                \/>\n            <\/a>\n        <\/div>\n\t\t\t\t\t\t\t<\/div> \n\t\t\t\n        \n\t\t\t\t<div id=\"ngg-image-7\" class=\"ngg-gallery-thumbnail-box\" >\n\t\t\t\t        <div class=\"ngg-gallery-thumbnail\">\n            <a href=\"https:\/\/ecojardindesgrivauds.fr\/wp-content\/gallery\/2021_02_06-meteo\/2021-02-04_16-23-07.jpg\"\n               title=\"3) On ouvre les rangs \u00e0 la main.\"\n               data-src=\"https:\/\/ecojardindesgrivauds.fr\/wp-content\/gallery\/2021_02_06-meteo\/2021-02-04_16-23-07.jpg\"\n               data-thumbnail=\"https:\/\/ecojardindesgrivauds.fr\/wp-content\/gallery\/2021_02_06-meteo\/thumbs\/thumbs_2021-02-04_16-23-07.jpg\"\n               data-image-id=\"2197\"\n               data-title=\"2021-02-04_16-23-07\"\n               data-description=\"3) On ouvre les rangs \u00e0 la main.\"\n               data-image-slug=\"2021-02-04_16-23-07\"\n               class=\"ngg-fancybox\" rel=\"0a494289bcfe5e6e202aa10453d4822c\">\n                <img\n                    title=\"2021-02-04_16-23-07\"\n                    alt=\"2021-02-04_16-23-07\"\n                    src=\"https:\/\/ecojardindesgrivauds.fr\/wp-content\/gallery\/2021_02_06-meteo\/thumbs\/thumbs_2021-02-04_16-23-07.jpg\"\n                    width=\"240\"\n                    height=\"160\"\n                    style=\"max-width:100%;\"\n                \/>\n            <\/a>\n        <\/div>\n\t\t\t\t\t\t\t<\/div> \n\t\t\t\n        \n\t\t\t\t<div id=\"ngg-image-8\" class=\"ngg-gallery-thumbnail-box\" >\n\t\t\t\t        <div class=\"ngg-gallery-thumbnail\">\n            <a href=\"https:\/\/ecojardindesgrivauds.fr\/wp-content\/gallery\/2021_02_06-meteo\/2021-02-05_10-22-22.jpg\"\n               title=\"4) On s\u00e8me au semoir \u00e0 main.\"\n               data-src=\"https:\/\/ecojardindesgrivauds.fr\/wp-content\/gallery\/2021_02_06-meteo\/2021-02-05_10-22-22.jpg\"\n               data-thumbnail=\"https:\/\/ecojardindesgrivauds.fr\/wp-content\/gallery\/2021_02_06-meteo\/thumbs\/thumbs_2021-02-05_10-22-22.jpg\"\n               data-image-id=\"2202\"\n               data-title=\"2021-02-05_10-22-22\"\n               data-description=\"4) On s\u00e8me au semoir \u00e0 main.\"\n               data-image-slug=\"2021-02-05_10-22-22\"\n               class=\"ngg-fancybox\" rel=\"0a494289bcfe5e6e202aa10453d4822c\">\n                <img\n                    title=\"2021-02-05_10-22-22\"\n                    alt=\"2021-02-05_10-22-22\"\n                    src=\"https:\/\/ecojardindesgrivauds.fr\/wp-content\/gallery\/2021_02_06-meteo\/thumbs\/thumbs_2021-02-05_10-22-22.jpg\"\n                    width=\"240\"\n                    height=\"160\"\n                    style=\"max-width:100%;\"\n                \/>\n            <\/a>\n        <\/div>\n\t\t\t\t\t\t\t<\/div> \n\t\t\t\n        \n\t\t\t\t<div id=\"ngg-image-9\" class=\"ngg-gallery-thumbnail-box\" >\n\t\t\t\t        <div class=\"ngg-gallery-thumbnail\">\n            <a href=\"https:\/\/ecojardindesgrivauds.fr\/wp-content\/gallery\/2021_02_06-meteo\/2021-02-05_12-50-55.jpg\"\n               title=\"5) On recouvre de compost et on arrose.\"\n               data-src=\"https:\/\/ecojardindesgrivauds.fr\/wp-content\/gallery\/2021_02_06-meteo\/2021-02-05_12-50-55.jpg\"\n               data-thumbnail=\"https:\/\/ecojardindesgrivauds.fr\/wp-content\/gallery\/2021_02_06-meteo\/thumbs\/thumbs_2021-02-05_12-50-55.jpg\"\n               data-image-id=\"2203\"\n               data-title=\"2021-02-05_12-50-55\"\n               data-description=\"5) On recouvre de compost et on arrose.\"\n               data-image-slug=\"2021-02-05_12-50-55\"\n               class=\"ngg-fancybox\" rel=\"0a494289bcfe5e6e202aa10453d4822c\">\n                <img\n                    title=\"2021-02-05_12-50-55\"\n                    alt=\"2021-02-05_12-50-55\"\n                    src=\"https:\/\/ecojardindesgrivauds.fr\/wp-content\/gallery\/2021_02_06-meteo\/thumbs\/thumbs_2021-02-05_12-50-55.jpg\"\n                    width=\"240\"\n                    height=\"160\"\n                    style=\"max-width:100%;\"\n                \/>\n            <\/a>\n        <\/div>\n\t\t\t\t\t\t\t<\/div> \n\t\t\t\n        \n\t\t\t\t<div id=\"ngg-image-10\" class=\"ngg-gallery-thumbnail-box\" >\n\t\t\t\t        <div class=\"ngg-gallery-thumbnail\">\n            <a href=\"https:\/\/ecojardindesgrivauds.fr\/wp-content\/gallery\/2021_02_06-meteo\/2021-02-04_17-25-31.jpg\"\n               title=\"Pendant ce temps, la plantation des petits pois n&#039;avance pas bien vite... et pour cause !\"\n               data-src=\"https:\/\/ecojardindesgrivauds.fr\/wp-content\/gallery\/2021_02_06-meteo\/2021-02-04_17-25-31.jpg\"\n               data-thumbnail=\"https:\/\/ecojardindesgrivauds.fr\/wp-content\/gallery\/2021_02_06-meteo\/thumbs\/thumbs_2021-02-04_17-25-31.jpg\"\n               data-image-id=\"2198\"\n               data-title=\"2021-02-04_17-25-31\"\n               data-description=\"Pendant ce temps, la plantation des petits pois n&#039;avance pas bien vite... et pour cause !\"\n               data-image-slug=\"2021-02-04_17-25-31\"\n               class=\"ngg-fancybox\" rel=\"0a494289bcfe5e6e202aa10453d4822c\">\n                <img\n                    title=\"2021-02-04_17-25-31\"\n                    alt=\"2021-02-04_17-25-31\"\n                    src=\"https:\/\/ecojardindesgrivauds.fr\/wp-content\/gallery\/2021_02_06-meteo\/thumbs\/thumbs_2021-02-04_17-25-31.jpg\"\n                    width=\"240\"\n                    height=\"160\"\n                    style=\"max-width:100%;\"\n                \/>\n            <\/a>\n        <\/div>\n\t\t\t\t\t\t\t<\/div> \n\t\t\t\n        \n\t\t\t\t<div id=\"ngg-image-11\" class=\"ngg-gallery-thumbnail-box\" >\n\t\t\t\t        <div class=\"ngg-gallery-thumbnail\">\n            <a href=\"https:\/\/ecojardindesgrivauds.fr\/wp-content\/gallery\/2021_02_06-meteo\/2021-02-05_10-20-39.jpg\"\n               title=\"Floraison de printemps : les crocus, c&#039;est pour bient\u00f4t !\"\n               data-src=\"https:\/\/ecojardindesgrivauds.fr\/wp-content\/gallery\/2021_02_06-meteo\/2021-02-05_10-20-39.jpg\"\n               data-thumbnail=\"https:\/\/ecojardindesgrivauds.fr\/wp-content\/gallery\/2021_02_06-meteo\/thumbs\/thumbs_2021-02-05_10-20-39.jpg\"\n               data-image-id=\"2200\"\n               data-title=\"2021-02-05_10-20-39\"\n               data-description=\"Floraison de printemps : les crocus, c&#039;est pour bient\u00f4t !\"\n               data-image-slug=\"2021-02-05_10-20-39\"\n               class=\"ngg-fancybox\" rel=\"0a494289bcfe5e6e202aa10453d4822c\">\n                <img\n                    title=\"2021-02-05_10-20-39\"\n                    alt=\"2021-02-05_10-20-39\"\n                    src=\"https:\/\/ecojardindesgrivauds.fr\/wp-content\/gallery\/2021_02_06-meteo\/thumbs\/thumbs_2021-02-05_10-20-39.jpg\"\n                    width=\"240\"\n                    height=\"160\"\n                    style=\"max-width:100%;\"\n                \/>\n            <\/a>\n        <\/div>\n\t\t\t\t\t\t\t<\/div> \n\t\t\t\n        \n\t\t\t\t<div id=\"ngg-image-12\" class=\"ngg-gallery-thumbnail-box\" >\n\t\t\t\t        <div class=\"ngg-gallery-thumbnail\">\n            <a href=\"https:\/\/ecojardindesgrivauds.fr\/wp-content\/gallery\/2021_02_06-meteo\/2021-02-05_10-20-58.jpg\"\n               title=\"Les jonquilles aussi !\"\n               data-src=\"https:\/\/ecojardindesgrivauds.fr\/wp-content\/gallery\/2021_02_06-meteo\/2021-02-05_10-20-58.jpg\"\n               data-thumbnail=\"https:\/\/ecojardindesgrivauds.fr\/wp-content\/gallery\/2021_02_06-meteo\/thumbs\/thumbs_2021-02-05_10-20-58.jpg\"\n               data-image-id=\"2201\"\n               data-title=\"2021-02-05_10-20-58\"\n               data-description=\"Les jonquilles aussi !\"\n               data-image-slug=\"2021-02-05_10-20-58\"\n               class=\"ngg-fancybox\" rel=\"0a494289bcfe5e6e202aa10453d4822c\">\n                <img\n                    title=\"2021-02-05_10-20-58\"\n                    alt=\"2021-02-05_10-20-58\"\n                    src=\"https:\/\/ecojardindesgrivauds.fr\/wp-content\/gallery\/2021_02_06-meteo\/thumbs\/thumbs_2021-02-05_10-20-58.jpg\"\n                    width=\"240\"\n                    height=\"160\"\n                    style=\"max-width:100%;\"\n                \/>\n            <\/a>\n        <\/div>\n\t\t\t\t\t\t\t<\/div> \n\t\t\t\n        \n\t\t\t\t<div id=\"ngg-image-13\" class=\"ngg-gallery-thumbnail-box\" >\n\t\t\t\t        <div class=\"ngg-gallery-thumbnail\">\n            <a href=\"https:\/\/ecojardindesgrivauds.fr\/wp-content\/gallery\/2021_02_06-meteo\/2021-02-06_13-45-34.jpg\"\n               title=\"Fleur de lamier pourpre\"\n               data-src=\"https:\/\/ecojardindesgrivauds.fr\/wp-content\/gallery\/2021_02_06-meteo\/2021-02-06_13-45-34.jpg\"\n               data-thumbnail=\"https:\/\/ecojardindesgrivauds.fr\/wp-content\/gallery\/2021_02_06-meteo\/thumbs\/thumbs_2021-02-06_13-45-34.jpg\"\n               data-image-id=\"2208\"\n               data-title=\"2021-02-06_13-45-34\"\n               data-description=\"Fleur de lamier pourpre\"\n               data-image-slug=\"2021-02-06_13-45-34\"\n               class=\"ngg-fancybox\" rel=\"0a494289bcfe5e6e202aa10453d4822c\">\n                <img\n                    title=\"2021-02-06_13-45-34\"\n                    alt=\"2021-02-06_13-45-34\"\n                    src=\"https:\/\/ecojardindesgrivauds.fr\/wp-content\/gallery\/2021_02_06-meteo\/thumbs\/thumbs_2021-02-06_13-45-34.jpg\"\n                    width=\"240\"\n                    height=\"160\"\n                    style=\"max-width:100%;\"\n                \/>\n            <\/a>\n        <\/div>\n\t\t\t\t\t\t\t<\/div> \n\t\t\t\n        \n\t\t\t\t<div id=\"ngg-image-14\" class=\"ngg-gallery-thumbnail-box\" >\n\t\t\t\t        <div class=\"ngg-gallery-thumbnail\">\n            <a href=\"https:\/\/ecojardindesgrivauds.fr\/wp-content\/gallery\/2021_02_06-meteo\/2021-02-05_09-53-46.jpg\"\n               title=\"\u0152ufs de couleuvre \u00e0 collier (trouv\u00e9s dans le tas de compost)\"\n               data-src=\"https:\/\/ecojardindesgrivauds.fr\/wp-content\/gallery\/2021_02_06-meteo\/2021-02-05_09-53-46.jpg\"\n               data-thumbnail=\"https:\/\/ecojardindesgrivauds.fr\/wp-content\/gallery\/2021_02_06-meteo\/thumbs\/thumbs_2021-02-05_09-53-46.jpg\"\n               data-image-id=\"2199\"\n               data-title=\"2021-02-05_09-53-46\"\n               data-description=\"\u0152ufs de couleuvre \u00e0 collier (trouv\u00e9s dans le tas de compost)\"\n               data-image-slug=\"2021-02-05_09-53-46\"\n               class=\"ngg-fancybox\" rel=\"0a494289bcfe5e6e202aa10453d4822c\">\n                <img\n                    title=\"2021-02-05_09-53-46\"\n                    alt=\"2021-02-05_09-53-46\"\n                    src=\"https:\/\/ecojardindesgrivauds.fr\/wp-content\/gallery\/2021_02_06-meteo\/thumbs\/thumbs_2021-02-05_09-53-46.jpg\"\n                    width=\"240\"\n                    height=\"160\"\n                    style=\"max-width:100%;\"\n                \/>\n            <\/a>\n        <\/div>\n\t\t\t\t\t\t\t<\/div> \n\t\t\t\n        \n\t\t\t\t<div id=\"ngg-image-15\" class=\"ngg-gallery-thumbnail-box\" >\n\t\t\t\t        <div class=\"ngg-gallery-thumbnail\">\n            <a href=\"https:\/\/ecojardindesgrivauds.fr\/wp-content\/gallery\/2021_02_06-meteo\/2021-02-02_14-07-29.jpg\"\n               title=\"\"\n               data-src=\"https:\/\/ecojardindesgrivauds.fr\/wp-content\/gallery\/2021_02_06-meteo\/2021-02-02_14-07-29.jpg\"\n               data-thumbnail=\"https:\/\/ecojardindesgrivauds.fr\/wp-content\/gallery\/2021_02_06-meteo\/thumbs\/thumbs_2021-02-02_14-07-29.jpg\"\n               data-image-id=\"2190\"\n               data-title=\"2021-02-02_14-07-29\"\n               data-description=\"\"\n               data-image-slug=\"2021-02-02_14-07-29\"\n               class=\"ngg-fancybox\" rel=\"0a494289bcfe5e6e202aa10453d4822c\">\n                <img\n                    title=\"2021-02-02_14-07-29\"\n                    alt=\"2021-02-02_14-07-29\"\n                    src=\"https:\/\/ecojardindesgrivauds.fr\/wp-content\/gallery\/2021_02_06-meteo\/thumbs\/thumbs_2021-02-02_14-07-29.jpg\"\n                    width=\"240\"\n                    height=\"160\"\n                    style=\"max-width:100%;\"\n                \/>\n            <\/a>\n        <\/div>\n\t\t\t\t\t\t\t<\/div> \n\t\t\t\n        \n\t\t\t\t<div id=\"ngg-image-16\" class=\"ngg-gallery-thumbnail-box\" >\n\t\t\t\t        <div class=\"ngg-gallery-thumbnail\">\n            <a href=\"https:\/\/ecojardindesgrivauds.fr\/wp-content\/gallery\/2021_02_06-meteo\/2021-02-06_10-24-06.jpg\"\n               title=\"Passage de nuages de sable du Sahara : lumi\u00e8re ocre aux Grivauds\"\n               data-src=\"https:\/\/ecojardindesgrivauds.fr\/wp-content\/gallery\/2021_02_06-meteo\/2021-02-06_10-24-06.jpg\"\n               data-thumbnail=\"https:\/\/ecojardindesgrivauds.fr\/wp-content\/gallery\/2021_02_06-meteo\/thumbs\/thumbs_2021-02-06_10-24-06.jpg\"\n               data-image-id=\"2204\"\n               data-title=\"2021-02-06_10-24-06\"\n               data-description=\"Passage de nuages de sable du Sahara : lumi\u00e8re ocre aux Grivauds\"\n               data-image-slug=\"2021-02-06_10-24-06\"\n               class=\"ngg-fancybox\" rel=\"0a494289bcfe5e6e202aa10453d4822c\">\n                <img\n                    title=\"2021-02-06_10-24-06\"\n                    alt=\"2021-02-06_10-24-06\"\n                    src=\"https:\/\/ecojardindesgrivauds.fr\/wp-content\/gallery\/2021_02_06-meteo\/thumbs\/thumbs_2021-02-06_10-24-06.jpg\"\n                    width=\"240\"\n                    height=\"160\"\n                    style=\"max-width:100%;\"\n                \/>\n            <\/a>\n        <\/div>\n\t\t\t\t\t\t\t<\/div> \n\t\t\t\n        \n\t\t\t\t<div id=\"ngg-image-17\" class=\"ngg-gallery-thumbnail-box\" >\n\t\t\t\t        <div class=\"ngg-gallery-thumbnail\">\n            <a href=\"https:\/\/ecojardindesgrivauds.fr\/wp-content\/gallery\/2021_02_06-meteo\/2021-02-06_12-43-06.jpg\"\n               title=\"Passage de nuages de sable du Sahara\"\n               data-src=\"https:\/\/ecojardindesgrivauds.fr\/wp-content\/gallery\/2021_02_06-meteo\/2021-02-06_12-43-06.jpg\"\n               data-thumbnail=\"https:\/\/ecojardindesgrivauds.fr\/wp-content\/gallery\/2021_02_06-meteo\/thumbs\/thumbs_2021-02-06_12-43-06.jpg\"\n               data-image-id=\"2206\"\n               data-title=\"2021-02-06_12-43-06\"\n               data-description=\"Passage de nuages de sable du Sahara\"\n               data-image-slug=\"2021-02-06_12-43-06\"\n               class=\"ngg-fancybox\" rel=\"0a494289bcfe5e6e202aa10453d4822c\">\n                <img\n                    title=\"2021-02-06_12-43-06\"\n                    alt=\"2021-02-06_12-43-06\"\n                    src=\"https:\/\/ecojardindesgrivauds.fr\/wp-content\/gallery\/2021_02_06-meteo\/thumbs\/thumbs_2021-02-06_12-43-06.jpg\"\n                    width=\"240\"\n                    height=\"160\"\n                    style=\"max-width:100%;\"\n                \/>\n            <\/a>\n        <\/div>\n\t\t\t\t\t\t\t<\/div> \n\t\t\t\n        \n\t\t\t\t<div id=\"ngg-image-18\" class=\"ngg-gallery-thumbnail-box\" >\n\t\t\t\t        <div class=\"ngg-gallery-thumbnail\">\n            <a href=\"https:\/\/ecojardindesgrivauds.fr\/wp-content\/gallery\/2021_02_06-meteo\/2021-02-06_12-43-21.jpg\"\n               title=\"\"\n               data-src=\"https:\/\/ecojardindesgrivauds.fr\/wp-content\/gallery\/2021_02_06-meteo\/2021-02-06_12-43-21.jpg\"\n               data-thumbnail=\"https:\/\/ecojardindesgrivauds.fr\/wp-content\/gallery\/2021_02_06-meteo\/thumbs\/thumbs_2021-02-06_12-43-21.jpg\"\n               data-image-id=\"2207\"\n               data-title=\"2021-02-06_12-43-21\"\n               data-description=\"\"\n               data-image-slug=\"2021-02-06_12-43-21\"\n               class=\"ngg-fancybox\" rel=\"0a494289bcfe5e6e202aa10453d4822c\">\n                <img\n                    title=\"2021-02-06_12-43-21\"\n                    alt=\"2021-02-06_12-43-21\"\n                    src=\"https:\/\/ecojardindesgrivauds.fr\/wp-content\/gallery\/2021_02_06-meteo\/thumbs\/thumbs_2021-02-06_12-43-21.jpg\"\n                    width=\"240\"\n                    height=\"160\"\n                    style=\"max-width:100%;\"\n                \/>\n            <\/a>\n        <\/div>\n\t\t\t\t\t\t\t<\/div> \n\t\t\t\n        \n\t\t\n\t\t<!-- Pagination -->\n\t<div class='ngg-clear'><\/div>\t<\/div>\n\n<div class=\"speaker-mute footnotes_reference_container\"> <div class=\"footnote_container_prepare\"><p><span role=\"button\" tabindex=\"0\" class=\"footnote_reference_container_label pointer\" onclick=\"footnote_expand_collapse_reference_container_6932_1();\">References<\/span><span role=\"button\" tabindex=\"0\" class=\"footnote_reference_container_collapse_button\" style=\"display: none;\" onclick=\"footnote_expand_collapse_reference_container_6932_1();\">[<a id=\"footnote_reference_container_collapse_button_6932_1\">+<\/a>]<\/span><\/p><\/div> <div id=\"footnote_references_container_6932_1\" style=\"\"><table class=\"footnotes_table footnote-reference-container\"><caption class=\"accessibility\">References<\/caption> <tbody> \r\n\r\n<tr class=\"footnotes_plugin_reference_row\"> <th scope=\"row\" class=\"footnote_plugin_index_combi pointer\"  onclick=\"footnote_moveToAnchor_6932_1('footnote_plugin_tooltip_6932_1_1');\"><a id=\"footnote_plugin_reference_6932_1_1\" class=\"footnote_backlink\"><span class=\"footnote_index_arrow\">&#8593;<\/span>1<\/a><\/th> <td class=\"footnote_plugin_text\">une ann\u00e9e tr\u00e8s particuli\u00e8re qui a marqu\u00e9 ma m\u00e9moire, un certain mercredi 16 janvier 1985 aux alentours de 7h30 le pont de Sully sur Loire (Loiret) s\u2019effondrait dans le fleuve ; ce matin l\u00e0 la temp\u00e9rature descendait \u00e0 -21\u00b0C, point culminant d\u2019une vague de froid qui dura plus de 2 semaines. Heureusement pour moi et plusieurs dizaines d\u2019autres coll\u00e9giens, il n\u2019y avait pas cours les mercredis ; c\u2019\u00e9tait l\u2019heure de passage des bus sur ce pont ! Je crois que c\u2019est \u00e0 partir de ce moment-l\u00e0 que je me suis int\u00e9ress\u00e9 \u00e0 la climatologie et la m\u00e9t\u00e9orologie.<\/td><\/tr>\r\n\r\n <\/tbody> <\/table> <\/div><\/div><script type=\"text\/javascript\"> function footnote_expand_reference_container_6932_1() { jQuery('#footnote_references_container_6932_1').show(); jQuery('#footnote_reference_container_collapse_button_6932_1').text('\u2212'); } function footnote_collapse_reference_container_6932_1() { jQuery('#footnote_references_container_6932_1').hide(); jQuery('#footnote_reference_container_collapse_button_6932_1').text('+'); } function footnote_expand_collapse_reference_container_6932_1() { if (jQuery('#footnote_references_container_6932_1').is(':hidden')) { footnote_expand_reference_container_6932_1(); } else { footnote_collapse_reference_container_6932_1(); } } function footnote_moveToReference_6932_1(p_str_TargetID) { footnote_expand_reference_container_6932_1(); var l_obj_Target = jQuery('#' + p_str_TargetID); if (l_obj_Target.length) { jQuery( 'html, body' ).delay( 0 ); jQuery('html, body').animate({ scrollTop: l_obj_Target.offset().top - window.innerHeight * 0.2 }, 380); } } function footnote_moveToAnchor_6932_1(p_str_TargetID) { footnote_expand_reference_container_6932_1(); var l_obj_Target = jQuery('#' + p_str_TargetID); if (l_obj_Target.length) { jQuery( 'html, body' ).delay( 0 ); jQuery('html, body').animate({ scrollTop: l_obj_Target.offset().top - window.innerHeight * 0.2 }, 380); } }<\/script>","protected":false},"excerpt":{"rendered":"<p>Cette semaine, c&rsquo;est de nouveau Fabrice qui prend le relai sur le blog. Et cette fois-ci, il nous a concoct\u00e9 un bilan m\u00e9t\u00e9orologique de l&rsquo;ann\u00e9e 2020, ainsi que de l&rsquo;ensemble de l&rsquo;histoire de l&rsquo;\u00c9coJardin, depuis sa cr\u00e9ation en 2011, jusqu&rsquo;\u00e0 aujourd&rsquo;hui. Monsieur m\u00e9t\u00e9o, voil\u00e0 un surnom qui me colle \u00e0 la peau&nbsp;! Quel temps fera &hellip; <\/p>\n<p class=\"link-more\"><a href=\"https:\/\/ecojardindesgrivauds.fr\/?p=6932\" class=\"more-link\">Continuer la lecture<span class=\"screen-reader-text\"> de &laquo;&nbsp;10 ans de relev\u00e9s m\u00e9t\u00e9orologiques aux Grivauds : un bilan riche en enseignement&nbsp;&raquo;<\/span><\/a><\/p>\n","protected":false},"author":1,"featured_media":0,"comment_status":"open","ping_status":"open","sticky":false,"template":"","format":"standard","meta":{"ngg_post_thumbnail":0},"categories":[1],"tags":[],"_links":{"self":[{"href":"https:\/\/ecojardindesgrivauds.fr\/index.php?rest_route=\/wp\/v2\/posts\/6932"}],"collection":[{"href":"https:\/\/ecojardindesgrivauds.fr\/index.php?rest_route=\/wp\/v2\/posts"}],"about":[{"href":"https:\/\/ecojardindesgrivauds.fr\/index.php?rest_route=\/wp\/v2\/types\/post"}],"author":[{"embeddable":true,"href":"https:\/\/ecojardindesgrivauds.fr\/index.php?rest_route=\/wp\/v2\/users\/1"}],"replies":[{"embeddable":true,"href":"https:\/\/ecojardindesgrivauds.fr\/index.php?rest_route=%2Fwp%2Fv2%2Fcomments&post=6932"}],"version-history":[{"count":9,"href":"https:\/\/ecojardindesgrivauds.fr\/index.php?rest_route=\/wp\/v2\/posts\/6932\/revisions"}],"predecessor-version":[{"id":6944,"href":"https:\/\/ecojardindesgrivauds.fr\/index.php?rest_route=\/wp\/v2\/posts\/6932\/revisions\/6944"}],"wp:attachment":[{"href":"https:\/\/ecojardindesgrivauds.fr\/index.php?rest_route=%2Fwp%2Fv2%2Fmedia&parent=6932"}],"wp:term":[{"taxonomy":"category","embeddable":true,"href":"https:\/\/ecojardindesgrivauds.fr\/index.php?rest_route=%2Fwp%2Fv2%2Fcategories&post=6932"},{"taxonomy":"post_tag","embeddable":true,"href":"https:\/\/ecojardindesgrivauds.fr\/index.php?rest_route=%2Fwp%2Fv2%2Ftags&post=6932"}],"curies":[{"name":"wp","href":"https:\/\/api.w.org\/{rel}","templated":true}]}}