{"id":6946,"date":"2021-02-13T17:49:14","date_gmt":"2021-02-13T16:49:14","guid":{"rendered":"http:\/\/ecojardindesgrivauds.fr\/?p=6946"},"modified":"2021-02-13T18:29:00","modified_gmt":"2021-02-13T17:29:00","slug":"coup-de-froid-coup-de-frein","status":"publish","type":"post","link":"https:\/\/ecojardindesgrivauds.fr\/?p=6946","title":{"rendered":"Coup de froid, coup de frein"},"content":{"rendered":"\n<div class=\"wp-block-image is-style-default\"><figure class=\"alignleft size-medium\"><a href=\"http:\/\/ecojardindesgrivauds.fr\/wp-content\/uploads\/2021\/02\/2021-02-12_11-18-43.jpg\"><img decoding=\"async\" loading=\"lazy\" width=\"300\" height=\"225\" src=\"http:\/\/ecojardindesgrivauds.fr\/wp-content\/uploads\/2021\/02\/2021-02-12_11-18-43-300x225.jpg\" alt=\"\" class=\"wp-image-6951\" srcset=\"https:\/\/ecojardindesgrivauds.fr\/wp-content\/uploads\/2021\/02\/2021-02-12_11-18-43-300x225.jpg 300w, https:\/\/ecojardindesgrivauds.fr\/wp-content\/uploads\/2021\/02\/2021-02-12_11-18-43-768x576.jpg 768w, https:\/\/ecojardindesgrivauds.fr\/wp-content\/uploads\/2021\/02\/2021-02-12_11-18-43.jpg 1024w\" sizes=\"(max-width: 300px) 100vw, 300px\" \/><\/a><figcaption>Une m\u00e9t\u00e9o sombre et froide : rien de tel qu&rsquo;une bonne taille de haie pour se r\u00e9chauffer !<\/figcaption><\/figure><\/div>\n\n\n\n<p>Les choses ne se passent pas toujours comme pr\u00e9vu&#8230; Quand on planifie une culture, on s&rsquo;appuie sur des donn\u00e9es moyennes, en terme d&rsquo;ensoleillement, de temp\u00e9ratures. La tendance actuelle, c&rsquo;est plut\u00f4t d&rsquo;avoir des hivers doux. Alors on s\u00e8me du radis en janvier, nos plants de choux sem\u00e9s en d\u00e9cembre sont repiquables mi-f\u00e9vrier et un simple P17 suffit \u00e0 prot\u00e9ger nos petits pois. Sauf que, cette ann\u00e9e, on fait face \u00e0 une m\u00e9t\u00e9o qui nous complique la t\u00e2che. D&rsquo;abord, on a travers\u00e9 une p\u00e9riode sans soleil de plusieurs semaines de suite, ce qui est relativement in\u00e9dit. \u00c0 cette p\u00e9riode, la lumi\u00e8re, \u00e7a change tout ! C&rsquo;est plus de 10\u00b0C de diff\u00e9rence sous serre ! Par exemple, ce matin, sous le soleil, \u00e0 11h, il faisait -1\u00b0C dehors et 11\u00b0C sous serre ! Sans soleil, les serres ne jouent pas leur r\u00f4le et tout pousse tr\u00e8s lentement. Du coup, les plants prennent du retard par rapport aux ann\u00e9es pass\u00e9es et il va falloir qu&rsquo;on d\u00e9cale certaines de nos plantations de fin f\u00e9vrier. Mais il y a plus grave&#8230;<\/p>\n\n\n\n<div class=\"wp-block-image is-style-default\"><figure class=\"alignright size-medium\"><a href=\"http:\/\/ecojardindesgrivauds.fr\/wp-content\/uploads\/2021\/02\/2021-02-13_12-51-27.jpg\"><img decoding=\"async\" loading=\"lazy\" width=\"300\" height=\"225\" src=\"http:\/\/ecojardindesgrivauds.fr\/wp-content\/uploads\/2021\/02\/2021-02-13_12-51-27-300x225.jpg\" alt=\"\" class=\"wp-image-6956\" srcset=\"https:\/\/ecojardindesgrivauds.fr\/wp-content\/uploads\/2021\/02\/2021-02-13_12-51-27-300x225.jpg 300w, https:\/\/ecojardindesgrivauds.fr\/wp-content\/uploads\/2021\/02\/2021-02-13_12-51-27-768x576.jpg 768w, https:\/\/ecojardindesgrivauds.fr\/wp-content\/uploads\/2021\/02\/2021-02-13_12-51-27.jpg 1024w\" sizes=\"(max-width: 300px) 100vw, 300px\" \/><\/a><figcaption>Des radis gel\u00e9s ? On ne savait m\u00eame pas que c&rsquo;\u00e9tait possible !&nbsp;(Cliquer pour agrandir)<\/figcaption><\/figure><\/div>\n\n\n\n<p>Sous les nuages, on \u00e9chappe aux gel\u00e9es matinales et nos jeunes plants ne s&rsquo;endurcissent pas. Du coup, lorsqu&rsquo;il g\u00e8le enfin, c&rsquo;est tr\u00e8s brutal pour nos plantations, qui ne sont pas vraiment habitu\u00e9es au froid. Moralit\u00e9, nos semis de radis ont gel\u00e9 (oui, gel\u00e9 !) ainsi que de nombreux plants de petits pois. Heureusement, il nous reste du plant de petits pois en motte mais pour les premiers radis de la saison, c&rsquo;est cuit ! Il faut dire que la gel\u00e9e de la nuit de vendredi \u00e0 samedi n&rsquo;a pas \u00e9t\u00e9 timide : quasiment -10\u00b0C. Une des nuits les plus froides que j&rsquo;ai connues depuis mon arriv\u00e9e aux Grivauds.<\/p>\n\n\n\n<div class=\"wp-block-image is-style-default\"><figure class=\"alignleft size-medium\"><a href=\"http:\/\/ecojardindesgrivauds.fr\/wp-content\/uploads\/2021\/02\/2021-02-13_09-27-32.jpg\"><img decoding=\"async\" loading=\"lazy\" width=\"225\" height=\"300\" src=\"http:\/\/ecojardindesgrivauds.fr\/wp-content\/uploads\/2021\/02\/2021-02-13_09-27-32-225x300.jpg\" alt=\"\" class=\"wp-image-6952\" srcset=\"https:\/\/ecojardindesgrivauds.fr\/wp-content\/uploads\/2021\/02\/2021-02-13_09-27-32-225x300.jpg 225w, https:\/\/ecojardindesgrivauds.fr\/wp-content\/uploads\/2021\/02\/2021-02-13_09-27-32.jpg 768w\" sizes=\"(max-width: 225px) 100vw, 225px\" \/><\/a><figcaption>-9\u00b0C en serre 2 \u00e0 8h30<\/figcaption><\/figure><\/div>\n\n\n\n<p>Jeudi, tous les sites de m\u00e9t\u00e9o sont unanimes :&nbsp;il va neiger vendredi et il y aura du verglas sur la route samedi. Dans la journ\u00e9e, on nous place en alerte orange. Bigre ! On d\u00e9cide de ne pas prendre de risque, on annule notre venue sur le march\u00e9 de Vichy et on arr\u00eate de r\u00e9colter. Bon, finalement, il n&rsquo;a quasiment pas neig\u00e9 (quelques flocons) et les routes \u00e9taient praticables (en tout cas autour de Pierrefitte). On se sent un peu b\u00eates mais au moins on profite d&rsquo;une matin\u00e9e s\u00e8che et lumineuse pour nettoyer les abords de notre plan d&rsquo;eau.<\/p>\n\n\n\n<p>Au final, on a l&rsquo;impression d&rsquo;avoir travers\u00e9 une dr\u00f4le de semaine, tr\u00e8s chaotique et assez peu productive. Charly, de retour chez nous pour la troisi\u00e8me fois, en a profit\u00e9 pour faire avancer son rapport de stage. On d\u00e9sherbe mollement nos fraisiers, on pr\u00e9pare une nouvelle planche en serre 5, on papote longuement autour d&rsquo;une tisane \u00e0 la pause de 10h30&#8230; Ne vous inqui\u00e9tez pas, la semaine prochaine, on aura plein de choses \u00e0 vous raconter, c&rsquo;est promis ! \u00c0 commencer par le parage de Bob et Quenelle pr\u00e9vu pour mardi. N&rsquo;h\u00e9sitez pas \u00e0 leur envoyer des mots d&rsquo;encouragement, on leur transmettra.<\/p>\n\n\n\n<p><em>\u00c0 la semaine prochaine !<\/em><\/p>\n\n\n\n<!-- index.php -->\n<div\n\tclass=\"ngg-galleryoverview ngg-ajax-pagination-none\"\n\tid=\"ngg-gallery-3dc433c89dd4107cdedb6a4aaab2d36e-1\">\n\n    \t\t<!-- Thumbnails -->\n\t\t\t\t<div id=\"ngg-image-0\" class=\"ngg-gallery-thumbnail-box\" >\n\t\t\t\t        <div class=\"ngg-gallery-thumbnail\">\n            <a href=\"https:\/\/ecojardindesgrivauds.fr\/wp-content\/gallery\/2021_02_13-grosses-gelees\/2021-02-08_17-30-18.jpg\"\n               title=\"Apr\u00e8s une occultation de plein champ. \u00c0 gauche : zone non paill\u00e9e ; \u00e0 droite : zone pr\u00e9c\u00e9demment paill\u00e9e. Notez la diff\u00e9rence de couleur et d&#039;aspect !\"\n               data-src=\"https:\/\/ecojardindesgrivauds.fr\/wp-content\/gallery\/2021_02_13-grosses-gelees\/2021-02-08_17-30-18.jpg\"\n               data-thumbnail=\"https:\/\/ecojardindesgrivauds.fr\/wp-content\/gallery\/2021_02_13-grosses-gelees\/thumbs\/thumbs_2021-02-08_17-30-18.jpg\"\n               data-image-id=\"2210\"\n               data-title=\"2021-02-08_17-30-18\"\n               data-description=\"Apr\u00e8s une occultation de plein champ. \u00c0 gauche : zone non paill\u00e9e ; \u00e0 droite : zone pr\u00e9c\u00e9demment paill\u00e9e. Notez la diff\u00e9rence de couleur et d&#039;aspect !\"\n               data-image-slug=\"2021-02-08_17-30-18\"\n               class=\"ngg-fancybox\" rel=\"3dc433c89dd4107cdedb6a4aaab2d36e\">\n                <img\n                    title=\"2021-02-08_17-30-18\"\n                    alt=\"2021-02-08_17-30-18\"\n                    src=\"https:\/\/ecojardindesgrivauds.fr\/wp-content\/gallery\/2021_02_13-grosses-gelees\/thumbs\/thumbs_2021-02-08_17-30-18.jpg\"\n                    width=\"240\"\n                    height=\"160\"\n                    style=\"max-width:100%;\"\n                \/>\n            <\/a>\n        <\/div>\n\t\t\t\t\t\t\t<\/div> \n\t\t\t\n        \n\t\t\t\t<div id=\"ngg-image-1\" class=\"ngg-gallery-thumbnail-box\" >\n\t\t\t\t        <div class=\"ngg-gallery-thumbnail\">\n            <a href=\"https:\/\/ecojardindesgrivauds.fr\/wp-content\/gallery\/2021_02_13-grosses-gelees\/2021-02-13_09-30-50.jpg\"\n               title=\"Serre d&#039;endurcissement :\u00a0les op\u00e9rations de terrassement peuvent commencer !\"\n               data-src=\"https:\/\/ecojardindesgrivauds.fr\/wp-content\/gallery\/2021_02_13-grosses-gelees\/2021-02-13_09-30-50.jpg\"\n               data-thumbnail=\"https:\/\/ecojardindesgrivauds.fr\/wp-content\/gallery\/2021_02_13-grosses-gelees\/thumbs\/thumbs_2021-02-13_09-30-50.jpg\"\n               data-image-id=\"2212\"\n               data-title=\"2021-02-13_09-30-50\"\n               data-description=\"Serre d&#039;endurcissement :\u00a0les op\u00e9rations de terrassement peuvent commencer !\"\n               data-image-slug=\"2021-02-13_09-30-50\"\n               class=\"ngg-fancybox\" rel=\"3dc433c89dd4107cdedb6a4aaab2d36e\">\n                <img\n                    title=\"2021-02-13_09-30-50\"\n                    alt=\"2021-02-13_09-30-50\"\n                    src=\"https:\/\/ecojardindesgrivauds.fr\/wp-content\/gallery\/2021_02_13-grosses-gelees\/thumbs\/thumbs_2021-02-13_09-30-50.jpg\"\n                    width=\"240\"\n                    height=\"160\"\n                    style=\"max-width:100%;\"\n                \/>\n            <\/a>\n        <\/div>\n\t\t\t\t\t\t\t<\/div> \n\t\t\t\n        \n\t\t\t\t<div id=\"ngg-image-2\" class=\"ngg-gallery-thumbnail-box\" >\n\t\t\t\t        <div class=\"ngg-gallery-thumbnail\">\n            <a href=\"https:\/\/ecojardindesgrivauds.fr\/wp-content\/gallery\/2021_02_13-grosses-gelees\/ChouxBruxelles.jpg\"\n               title=\"Grosse r\u00e9colte de choux de Bruxelles, initialement pr\u00e9vue pour le march\u00e9 de Vichy...\"\n               data-src=\"https:\/\/ecojardindesgrivauds.fr\/wp-content\/gallery\/2021_02_13-grosses-gelees\/ChouxBruxelles.jpg\"\n               data-thumbnail=\"https:\/\/ecojardindesgrivauds.fr\/wp-content\/gallery\/2021_02_13-grosses-gelees\/thumbs\/thumbs_ChouxBruxelles.jpg\"\n               data-image-id=\"2219\"\n               data-title=\"ChouxBruxelles\"\n               data-description=\"Grosse r\u00e9colte de choux de Bruxelles, initialement pr\u00e9vue pour le march\u00e9 de Vichy...\"\n               data-image-slug=\"chouxbruxelles\"\n               class=\"ngg-fancybox\" rel=\"3dc433c89dd4107cdedb6a4aaab2d36e\">\n                <img\n                    title=\"ChouxBruxelles\"\n                    alt=\"ChouxBruxelles\"\n                    src=\"https:\/\/ecojardindesgrivauds.fr\/wp-content\/gallery\/2021_02_13-grosses-gelees\/thumbs\/thumbs_ChouxBruxelles.jpg\"\n                    width=\"240\"\n                    height=\"160\"\n                    style=\"max-width:100%;\"\n                \/>\n            <\/a>\n        <\/div>\n\t\t\t\t\t\t\t<\/div> \n\t\t\t\n        \n\t\t\t\t<div id=\"ngg-image-3\" class=\"ngg-gallery-thumbnail-box\" >\n\t\t\t\t        <div class=\"ngg-gallery-thumbnail\">\n            <a href=\"https:\/\/ecojardindesgrivauds.fr\/wp-content\/gallery\/2021_02_13-grosses-gelees\/SemisFortamino.jpg\"\n               title=\"Semis de tomates. Pour l&#039;instant, on s\u00e8me d&#039;abord les portes-greffe (Fortamino).\"\n               data-src=\"https:\/\/ecojardindesgrivauds.fr\/wp-content\/gallery\/2021_02_13-grosses-gelees\/SemisFortamino.jpg\"\n               data-thumbnail=\"https:\/\/ecojardindesgrivauds.fr\/wp-content\/gallery\/2021_02_13-grosses-gelees\/thumbs\/thumbs_SemisFortamino.jpg\"\n               data-image-id=\"2220\"\n               data-title=\"SemisFortamino\"\n               data-description=\"Semis de tomates. Pour l&#039;instant, on s\u00e8me d&#039;abord les portes-greffe (Fortamino).\"\n               data-image-slug=\"semisfortamino\"\n               class=\"ngg-fancybox\" rel=\"3dc433c89dd4107cdedb6a4aaab2d36e\">\n                <img\n                    title=\"SemisFortamino\"\n                    alt=\"SemisFortamino\"\n                    src=\"https:\/\/ecojardindesgrivauds.fr\/wp-content\/gallery\/2021_02_13-grosses-gelees\/thumbs\/thumbs_SemisFortamino.jpg\"\n                    width=\"240\"\n                    height=\"160\"\n                    style=\"max-width:100%;\"\n                \/>\n            <\/a>\n        <\/div>\n\t\t\t\t\t\t\t<\/div> \n\t\t\t\n        \n\t\t\t\t<div id=\"ngg-image-4\" class=\"ngg-gallery-thumbnail-box\" >\n\t\t\t\t        <div class=\"ngg-gallery-thumbnail\">\n            <a href=\"https:\/\/ecojardindesgrivauds.fr\/wp-content\/gallery\/2021_02_13-grosses-gelees\/2021-02-13_12-55-30.jpg\"\n               title=\"Quelques petits pois ont gel\u00e9...\"\n               data-src=\"https:\/\/ecojardindesgrivauds.fr\/wp-content\/gallery\/2021_02_13-grosses-gelees\/2021-02-13_12-55-30.jpg\"\n               data-thumbnail=\"https:\/\/ecojardindesgrivauds.fr\/wp-content\/gallery\/2021_02_13-grosses-gelees\/thumbs\/thumbs_2021-02-13_12-55-30.jpg\"\n               data-image-id=\"2215\"\n               data-title=\"2021-02-13_12-55-30\"\n               data-description=\"Quelques petits pois ont gel\u00e9...\"\n               data-image-slug=\"2021-02-13_12-55-30\"\n               class=\"ngg-fancybox\" rel=\"3dc433c89dd4107cdedb6a4aaab2d36e\">\n                <img\n                    title=\"2021-02-13_12-55-30\"\n                    alt=\"2021-02-13_12-55-30\"\n                    src=\"https:\/\/ecojardindesgrivauds.fr\/wp-content\/gallery\/2021_02_13-grosses-gelees\/thumbs\/thumbs_2021-02-13_12-55-30.jpg\"\n                    width=\"240\"\n                    height=\"160\"\n                    style=\"max-width:100%;\"\n                \/>\n            <\/a>\n        <\/div>\n\t\t\t\t\t\t\t<\/div> \n\t\t\t\n        \n\t\t\t\t<div id=\"ngg-image-5\" class=\"ngg-gallery-thumbnail-box\" >\n\t\t\t\t        <div class=\"ngg-gallery-thumbnail\">\n            <a href=\"https:\/\/ecojardindesgrivauds.fr\/wp-content\/gallery\/2021_02_13-grosses-gelees\/2021-02-13_13-42-30.jpg\"\n               title=\"Nettoyage autour de la mare\"\n               data-src=\"https:\/\/ecojardindesgrivauds.fr\/wp-content\/gallery\/2021_02_13-grosses-gelees\/2021-02-13_13-42-30.jpg\"\n               data-thumbnail=\"https:\/\/ecojardindesgrivauds.fr\/wp-content\/gallery\/2021_02_13-grosses-gelees\/thumbs\/thumbs_2021-02-13_13-42-30.jpg\"\n               data-image-id=\"2218\"\n               data-title=\"2021-02-13_13-42-30\"\n               data-description=\"Nettoyage autour de la mare\"\n               data-image-slug=\"2021-02-13_13-42-30\"\n               class=\"ngg-fancybox\" rel=\"3dc433c89dd4107cdedb6a4aaab2d36e\">\n                <img\n                    title=\"2021-02-13_13-42-30\"\n                    alt=\"2021-02-13_13-42-30\"\n                    src=\"https:\/\/ecojardindesgrivauds.fr\/wp-content\/gallery\/2021_02_13-grosses-gelees\/thumbs\/thumbs_2021-02-13_13-42-30.jpg\"\n                    width=\"240\"\n                    height=\"160\"\n                    style=\"max-width:100%;\"\n                \/>\n            <\/a>\n        <\/div>\n\t\t\t\t\t\t\t<\/div> \n\t\t\t\n        \n\t\t\t\t<div id=\"ngg-image-6\" class=\"ngg-gallery-thumbnail-box\" >\n\t\t\t\t        <div class=\"ngg-gallery-thumbnail\">\n            <a href=\"https:\/\/ecojardindesgrivauds.fr\/wp-content\/gallery\/2021_02_13-grosses-gelees\/2021-02-13_09-32-28.jpg\"\n               title=\"Lumi\u00e8re d&#039;hiver.\"\n               data-src=\"https:\/\/ecojardindesgrivauds.fr\/wp-content\/gallery\/2021_02_13-grosses-gelees\/2021-02-13_09-32-28.jpg\"\n               data-thumbnail=\"https:\/\/ecojardindesgrivauds.fr\/wp-content\/gallery\/2021_02_13-grosses-gelees\/thumbs\/thumbs_2021-02-13_09-32-28.jpg\"\n               data-image-id=\"2213\"\n               data-title=\"2021-02-13_09-32-28\"\n               data-description=\"Lumi\u00e8re d&#039;hiver.\"\n               data-image-slug=\"2021-02-13_09-32-28\"\n               class=\"ngg-fancybox\" rel=\"3dc433c89dd4107cdedb6a4aaab2d36e\">\n                <img\n                    title=\"2021-02-13_09-32-28\"\n                    alt=\"2021-02-13_09-32-28\"\n                    src=\"https:\/\/ecojardindesgrivauds.fr\/wp-content\/gallery\/2021_02_13-grosses-gelees\/thumbs\/thumbs_2021-02-13_09-32-28.jpg\"\n                    width=\"240\"\n                    height=\"160\"\n                    style=\"max-width:100%;\"\n                \/>\n            <\/a>\n        <\/div>\n\t\t\t\t\t\t\t<\/div> \n\t\t\t\n        \n\t\t\t\t<div id=\"ngg-image-7\" class=\"ngg-gallery-thumbnail-box\" >\n\t\t\t\t        <div class=\"ngg-gallery-thumbnail\">\n            <a href=\"https:\/\/ecojardindesgrivauds.fr\/wp-content\/gallery\/2021_02_13-grosses-gelees\/2021-02-13_13-41-48.jpg\"\n               title=\"Un nid de Rat des moissons\"\n               data-src=\"https:\/\/ecojardindesgrivauds.fr\/wp-content\/gallery\/2021_02_13-grosses-gelees\/2021-02-13_13-41-48.jpg\"\n               data-thumbnail=\"https:\/\/ecojardindesgrivauds.fr\/wp-content\/gallery\/2021_02_13-grosses-gelees\/thumbs\/thumbs_2021-02-13_13-41-48.jpg\"\n               data-image-id=\"2217\"\n               data-title=\"2021-02-13_13-41-48\"\n               data-description=\"Un nid de Rat des moissons\"\n               data-image-slug=\"2021-02-13_13-41-48\"\n               class=\"ngg-fancybox\" rel=\"3dc433c89dd4107cdedb6a4aaab2d36e\">\n                <img\n                    title=\"2021-02-13_13-41-48\"\n                    alt=\"2021-02-13_13-41-48\"\n                    src=\"https:\/\/ecojardindesgrivauds.fr\/wp-content\/gallery\/2021_02_13-grosses-gelees\/thumbs\/thumbs_2021-02-13_13-41-48.jpg\"\n                    width=\"240\"\n                    height=\"160\"\n                    style=\"max-width:100%;\"\n                \/>\n            <\/a>\n        <\/div>\n\t\t\t\t\t\t\t<\/div> \n\t\t\t\n        \n\t\t\t\t<div id=\"ngg-image-8\" class=\"ngg-gallery-thumbnail-box\" >\n\t\t\t\t        <div class=\"ngg-gallery-thumbnail\">\n            <a href=\"https:\/\/ecojardindesgrivauds.fr\/wp-content\/gallery\/2021_02_13-grosses-gelees\/2021-02-08_12-39-07.jpg\"\n               title=\"Joli col\u00e9opt\u00e8re bleu rencontr\u00e9 dans la paille (peut-\u00eatre un Polydrusus)\"\n               data-src=\"https:\/\/ecojardindesgrivauds.fr\/wp-content\/gallery\/2021_02_13-grosses-gelees\/2021-02-08_12-39-07.jpg\"\n               data-thumbnail=\"https:\/\/ecojardindesgrivauds.fr\/wp-content\/gallery\/2021_02_13-grosses-gelees\/thumbs\/thumbs_2021-02-08_12-39-07.jpg\"\n               data-image-id=\"2209\"\n               data-title=\"2021-02-08_12-39-07\"\n               data-description=\"Joli col\u00e9opt\u00e8re bleu rencontr\u00e9 dans la paille (peut-\u00eatre un Polydrusus)\"\n               data-image-slug=\"2021-02-08_12-39-07\"\n               class=\"ngg-fancybox\" rel=\"3dc433c89dd4107cdedb6a4aaab2d36e\">\n                <img\n                    title=\"2021-02-08_12-39-07\"\n                    alt=\"2021-02-08_12-39-07\"\n                    src=\"https:\/\/ecojardindesgrivauds.fr\/wp-content\/gallery\/2021_02_13-grosses-gelees\/thumbs\/thumbs_2021-02-08_12-39-07.jpg\"\n                    width=\"240\"\n                    height=\"160\"\n                    style=\"max-width:100%;\"\n                \/>\n            <\/a>\n        <\/div>\n\t\t\t\t\t\t\t<\/div> \n\t\t\t\n        \n\t\t\t\t<div id=\"ngg-image-9\" class=\"ngg-gallery-thumbnail-box\" >\n\t\t\t\t        <div class=\"ngg-gallery-thumbnail\">\n            <a href=\"https:\/\/ecojardindesgrivauds.fr\/wp-content\/gallery\/2021_02_13-grosses-gelees\/2021-02-10_16-02-27.jpg\"\n               title=\"Charly et nos deux \u00e2nes\"\n               data-src=\"https:\/\/ecojardindesgrivauds.fr\/wp-content\/gallery\/2021_02_13-grosses-gelees\/2021-02-10_16-02-27.jpg\"\n               data-thumbnail=\"https:\/\/ecojardindesgrivauds.fr\/wp-content\/gallery\/2021_02_13-grosses-gelees\/thumbs\/thumbs_2021-02-10_16-02-27.jpg\"\n               data-image-id=\"2211\"\n               data-title=\"2021-02-10_16-02-27\"\n               data-description=\"Charly et nos deux \u00e2nes\"\n               data-image-slug=\"2021-02-10_16-02-27\"\n               class=\"ngg-fancybox\" rel=\"3dc433c89dd4107cdedb6a4aaab2d36e\">\n                <img\n                    title=\"2021-02-10_16-02-27\"\n                    alt=\"2021-02-10_16-02-27\"\n                    src=\"https:\/\/ecojardindesgrivauds.fr\/wp-content\/gallery\/2021_02_13-grosses-gelees\/thumbs\/thumbs_2021-02-10_16-02-27.jpg\"\n                    width=\"240\"\n                    height=\"160\"\n                    style=\"max-width:100%;\"\n                \/>\n            <\/a>\n        <\/div>\n\t\t\t\t\t\t\t<\/div> \n\t\t\t\n        \n\t\t\t\t<div id=\"ngg-image-10\" class=\"ngg-gallery-thumbnail-box\" >\n\t\t\t\t        <div class=\"ngg-gallery-thumbnail\">\n            <a href=\"https:\/\/ecojardindesgrivauds.fr\/wp-content\/gallery\/2021_02_13-grosses-gelees\/2021-02-13_11-38-13.jpg\"\n               title=\"M\u00eame Mi-Roux est plus beau au soleil !\u00a0On en oublierait presque qu&#039;il est allong\u00e9 sur un fraisier...\"\n               data-src=\"https:\/\/ecojardindesgrivauds.fr\/wp-content\/gallery\/2021_02_13-grosses-gelees\/2021-02-13_11-38-13.jpg\"\n               data-thumbnail=\"https:\/\/ecojardindesgrivauds.fr\/wp-content\/gallery\/2021_02_13-grosses-gelees\/thumbs\/thumbs_2021-02-13_11-38-13.jpg\"\n               data-image-id=\"2214\"\n               data-title=\"2021-02-13_11-38-13\"\n               data-description=\"M\u00eame Mi-Roux est plus beau au soleil !\u00a0On en oublierait presque qu&#039;il est allong\u00e9 sur un fraisier...\"\n               data-image-slug=\"2021-02-13_11-38-13\"\n               class=\"ngg-fancybox\" rel=\"3dc433c89dd4107cdedb6a4aaab2d36e\">\n                <img\n                    title=\"2021-02-13_11-38-13\"\n                    alt=\"2021-02-13_11-38-13\"\n                    src=\"https:\/\/ecojardindesgrivauds.fr\/wp-content\/gallery\/2021_02_13-grosses-gelees\/thumbs\/thumbs_2021-02-13_11-38-13.jpg\"\n                    width=\"240\"\n                    height=\"160\"\n                    style=\"max-width:100%;\"\n                \/>\n            <\/a>\n        <\/div>\n\t\t\t\t\t\t\t<\/div> \n\t\t\t\n        \n\t\t\t\t<div id=\"ngg-image-11\" class=\"ngg-gallery-thumbnail-box\" >\n\t\t\t\t        <div class=\"ngg-gallery-thumbnail\">\n            <a href=\"https:\/\/ecojardindesgrivauds.fr\/wp-content\/gallery\/2021_02_13-grosses-gelees\/2021-02-13_13-10-45.jpg\"\n               title=\"On a dit \u00e0 Erza que c&#039;\u00e9tait dangereux de marcher sur la glace. Elle a r\u00e9pondu \u00abyolo\u00bb...\"\n               data-src=\"https:\/\/ecojardindesgrivauds.fr\/wp-content\/gallery\/2021_02_13-grosses-gelees\/2021-02-13_13-10-45.jpg\"\n               data-thumbnail=\"https:\/\/ecojardindesgrivauds.fr\/wp-content\/gallery\/2021_02_13-grosses-gelees\/thumbs\/thumbs_2021-02-13_13-10-45.jpg\"\n               data-image-id=\"2216\"\n               data-title=\"2021-02-13_13-10-45\"\n               data-description=\"On a dit \u00e0 Erza que c&#039;\u00e9tait dangereux de marcher sur la glace. Elle a r\u00e9pondu \u00abyolo\u00bb...\"\n               data-image-slug=\"2021-02-13_13-10-45\"\n               class=\"ngg-fancybox\" rel=\"3dc433c89dd4107cdedb6a4aaab2d36e\">\n                <img\n                    title=\"2021-02-13_13-10-45\"\n                    alt=\"2021-02-13_13-10-45\"\n                    src=\"https:\/\/ecojardindesgrivauds.fr\/wp-content\/gallery\/2021_02_13-grosses-gelees\/thumbs\/thumbs_2021-02-13_13-10-45.jpg\"\n                    width=\"240\"\n                    height=\"160\"\n                    style=\"max-width:100%;\"\n                \/>\n            <\/a>\n        <\/div>\n\t\t\t\t\t\t\t<\/div> \n\t\t\t\n        \n\t\t\n\t\t<!-- Pagination -->\n\t<div class='ngg-clear'><\/div>\t<\/div>\n\n","protected":false},"excerpt":{"rendered":"<p>Les choses ne se passent pas toujours comme pr\u00e9vu&#8230; Quand on planifie une culture, on s&rsquo;appuie sur des donn\u00e9es moyennes, en terme d&rsquo;ensoleillement, de temp\u00e9ratures. La tendance actuelle, c&rsquo;est plut\u00f4t d&rsquo;avoir des hivers doux. Alors on s\u00e8me du radis en janvier, nos plants de choux sem\u00e9s en d\u00e9cembre sont repiquables mi-f\u00e9vrier et un simple P17 &hellip; <\/p>\n<p class=\"link-more\"><a href=\"https:\/\/ecojardindesgrivauds.fr\/?p=6946\" class=\"more-link\">Continuer la lecture<span class=\"screen-reader-text\"> de &laquo;&nbsp;Coup de froid, coup de frein&nbsp;&raquo;<\/span><\/a><\/p>\n","protected":false},"author":1,"featured_media":0,"comment_status":"open","ping_status":"open","sticky":false,"template":"","format":"standard","meta":{"ngg_post_thumbnail":0},"categories":[1],"tags":[],"_links":{"self":[{"href":"https:\/\/ecojardindesgrivauds.fr\/index.php?rest_route=\/wp\/v2\/posts\/6946"}],"collection":[{"href":"https:\/\/ecojardindesgrivauds.fr\/index.php?rest_route=\/wp\/v2\/posts"}],"about":[{"href":"https:\/\/ecojardindesgrivauds.fr\/index.php?rest_route=\/wp\/v2\/types\/post"}],"author":[{"embeddable":true,"href":"https:\/\/ecojardindesgrivauds.fr\/index.php?rest_route=\/wp\/v2\/users\/1"}],"replies":[{"embeddable":true,"href":"https:\/\/ecojardindesgrivauds.fr\/index.php?rest_route=%2Fwp%2Fv2%2Fcomments&post=6946"}],"version-history":[{"count":5,"href":"https:\/\/ecojardindesgrivauds.fr\/index.php?rest_route=\/wp\/v2\/posts\/6946\/revisions"}],"predecessor-version":[{"id":6979,"href":"https:\/\/ecojardindesgrivauds.fr\/index.php?rest_route=\/wp\/v2\/posts\/6946\/revisions\/6979"}],"wp:attachment":[{"href":"https:\/\/ecojardindesgrivauds.fr\/index.php?rest_route=%2Fwp%2Fv2%2Fmedia&parent=6946"}],"wp:term":[{"taxonomy":"category","embeddable":true,"href":"https:\/\/ecojardindesgrivauds.fr\/index.php?rest_route=%2Fwp%2Fv2%2Fcategories&post=6946"},{"taxonomy":"post_tag","embeddable":true,"href":"https:\/\/ecojardindesgrivauds.fr\/index.php?rest_route=%2Fwp%2Fv2%2Ftags&post=6946"}],"curies":[{"name":"wp","href":"https:\/\/api.w.org\/{rel}","templated":true}]}}