{"id":7951,"date":"2021-07-17T18:52:48","date_gmt":"2021-07-17T16:52:48","guid":{"rendered":"http:\/\/ecojardindesgrivauds.fr\/?p=7951"},"modified":"2021-07-17T19:08:21","modified_gmt":"2021-07-17T17:08:21","slug":"trop-de-courgettes-fin-juillet","status":"publish","type":"post","link":"https:\/\/ecojardindesgrivauds.fr\/?p=7951","title":{"rendered":"Trop de courgettes fin juillet ?"},"content":{"rendered":"\n<div class=\"wp-block-image is-style-default\"><figure class=\"alignright size-medium\"><a href=\"http:\/\/ecojardindesgrivauds.fr\/wp-content\/uploads\/2021\/07\/2021-07-17_16-08-26.jpg\"><img decoding=\"async\" loading=\"lazy\" width=\"300\" height=\"225\" src=\"http:\/\/ecojardindesgrivauds.fr\/wp-content\/uploads\/2021\/07\/2021-07-17_16-08-26-300x225.jpg\" alt=\"\" class=\"wp-image-7970\" srcset=\"https:\/\/ecojardindesgrivauds.fr\/wp-content\/uploads\/2021\/07\/2021-07-17_16-08-26-300x225.jpg 300w, https:\/\/ecojardindesgrivauds.fr\/wp-content\/uploads\/2021\/07\/2021-07-17_16-08-26-768x576.jpg 768w, https:\/\/ecojardindesgrivauds.fr\/wp-content\/uploads\/2021\/07\/2021-07-17_16-08-26.jpg 1024w\" sizes=\"(max-width: 300px) 100vw, 300px\" \/><\/a><figcaption>R\u00e9colter tous les jours et r\u00e9colter des fruits petits : une bonne mani\u00e8re de limiter la surproduction de courgettes en plein \u00e9t\u00e9.<\/figcaption><\/figure><\/div>\n\n\n\n<p>\u00c7a fait quand m\u00eame quelques temps qu&rsquo;on mange de la courgette. Et donc, on finit par se lasser un peu, c&rsquo;est naturel. Et nos clients, c&rsquo;est pareil &#8230; ils ont envie d&rsquo;autre chose. De tomates, par exemple. Alors, tous les ans c&rsquo;est la m\u00eame chose :\u00a0on se retrouve en surproduction de courgettes en juillet. En plus, les jardiniers commencent \u00e0 en avoir dans leur carr\u00e9 potager. \u00c0 ce moment-l\u00e0, plusieurs strat\u00e9gies sont possibles. 1) Chercher \u00e0 les vendre en demi-gros. L&rsquo;ann\u00e9e derni\u00e8re, on en avait plac\u00e9 quelques dizaines de kilos aupr\u00e8s d&rsquo;un magasin bio \u00e0 Cusset mais c&rsquo;est beaucoup de travail (conditionnement, livraison) pour vendre un produit au rabais. 2) Ne plus r\u00e9colter tous les pieds. Nous, typiquement, on arr\u00eate de r\u00e9colter les s\u00e9ries de printemps, celles qui ont \u00e9t\u00e9 plant\u00e9es sous serre. Cette ann\u00e9e, c&rsquo;est frustrant, parce que ces s\u00e9ries ont peu donn\u00e9. Mais nos courgettes de plein champ nous suffisent amplement. 3) R\u00e9colter avec des calibres plus petits. On r\u00e9colte les courgettes tous les jours et on pr\u00e9l\u00e8ve les fruits deux ou trois jours apr\u00e8s la floraison. \u00c7a permet de n&rsquo;avoir que des petites courgettes bien savoureuses, bien concentr\u00e9es, qui rendent peu d&rsquo;eau \u00e0 la cuisson. Le must de la courgette ! 4) On transforme. Et c&rsquo;est l\u00e0 que Manon intervient.<\/p>\n\n\n\n<div class=\"wp-block-image is-style-default\"><figure class=\"alignright size-medium\"><a href=\"http:\/\/ecojardindesgrivauds.fr\/wp-content\/uploads\/2021\/07\/2021-07-17_18-03-14.jpg\"><img decoding=\"async\" loading=\"lazy\" width=\"300\" height=\"225\" src=\"http:\/\/ecojardindesgrivauds.fr\/wp-content\/uploads\/2021\/07\/2021-07-17_18-03-14-300x225.jpg\" alt=\"\" class=\"wp-image-7975\" srcset=\"https:\/\/ecojardindesgrivauds.fr\/wp-content\/uploads\/2021\/07\/2021-07-17_18-03-14-300x225.jpg 300w, https:\/\/ecojardindesgrivauds.fr\/wp-content\/uploads\/2021\/07\/2021-07-17_18-03-14-768x576.jpg 768w, https:\/\/ecojardindesgrivauds.fr\/wp-content\/uploads\/2021\/07\/2021-07-17_18-03-14.jpg 1024w\" sizes=\"(max-width: 300px) 100vw, 300px\" \/><\/a><figcaption>Antipastis de courgettes (merci Manon)<\/figcaption><\/figure><\/div>\n\n\n\n<p>Manon ? Eh oui, Manon est de retour pour une nouvelle semaine de wwoofing ! Et Manon, quand elle voit nos courgettes invendues partir au compost, \u00e7a lui fend le c\u0153ur. Alors, elle profite de sa jeunesse encore pleine de foi et d&rsquo;\u00e9nergie pour se lancer dans un peu de transformation : <a href=\"https:\/\/www.undejeunerdesoleil.com\/2015\/08\/courgettes-aigre-doux-sicilienne.html\">des antipastis de courgettes<\/a>. Le principe de la marinade de courgettes, on retrouve \u00e7a dans les fameux \u00abpickles de courgettes au curry\u00bb : des courgettes en d\u00e9s, des oignons et un m\u00e9lange de vinaigre, de sucre et de curry. On met le tout dans des pots qu&rsquo;on st\u00e9rilise et les ressort \u00e0 l&rsquo;ap\u00e9ro tout au long de l&rsquo;ann\u00e9e. Bon, sur notre ferme, l&rsquo;id\u00e9e, \u00e7a n&rsquo;est pas de les vendre mais plut\u00f4t de sauver quelques kilos de courgettes vieillissantes.<\/p>\n\n\n\n<div class=\"wp-block-image is-style-default\"><figure class=\"alignright size-medium\"><a href=\"http:\/\/ecojardindesgrivauds.fr\/wp-content\/uploads\/2021\/07\/2021-07-15_11-56-29.jpg\"><img decoding=\"async\" loading=\"lazy\" width=\"225\" height=\"300\" src=\"http:\/\/ecojardindesgrivauds.fr\/wp-content\/uploads\/2021\/07\/2021-07-15_11-56-29-225x300.jpg\" alt=\"\" class=\"wp-image-7962\" srcset=\"https:\/\/ecojardindesgrivauds.fr\/wp-content\/uploads\/2021\/07\/2021-07-15_11-56-29-225x300.jpg 225w, https:\/\/ecojardindesgrivauds.fr\/wp-content\/uploads\/2021\/07\/2021-07-15_11-56-29.jpg 768w\" sizes=\"(max-width: 225px) 100vw, 225px\" \/><\/a><figcaption>Cl\u00e9lia, Paul et Miroux s&rsquo;int\u00e9ressent \u00e0 la le\u00e7on de choses autour de la mare<\/figcaption><\/figure><\/div>\n\n\n\n<p>Est-ce qu&rsquo;on vous fait un point sur la m\u00e9t\u00e9o de la semaine ? Non, hein !\u00a0Vous aussi, vous avez eu froid, n&rsquo;est-ce pas ? Le temps \u00e9tait si moche qu&rsquo;on a d\u00e9cid\u00e9 d&rsquo;annuler la venue d&rsquo;une famille de wwoofeurs qui devait camper dans le verger toute la semaine. Et pas n&rsquo;importe quels wwoofeurs ! Figurez-vous qu&rsquo;il s&rsquo;agissait de la famille d&rsquo;Adeline, une de nos clientes r\u00e9guli\u00e8res sur le march\u00e9 de Vichy. En guise de compensation, elle a pu tout de m\u00eame venir sur la ferme y passer une journ\u00e9e avec Damien, son mari et leurs deux enfants, Cl\u00e9lia et Paul. Tous ensemble, on a fait quelques r\u00e9coltes (pommes de terre, betteraves, f\u00e8ves, persil, basilic, etc.) et &#8230; on a tir\u00e9 du bl\u00e9 dans les betteraves, les poireaux et les fenouils. Les enfants ont ador\u00e9 les chats et les \u00e2nes, vous vous en doutez&#8230; Beaucoup de rires et de fra\u00eecheur, de quoi nous faire oublier un temps la grisaille de ces derniers jours&#8230;<\/p>\n\n\n\n<!-- index.php -->\n<div\n\tclass=\"ngg-galleryoverview ngg-ajax-pagination-none\"\n\tid=\"ngg-gallery-5c7ef6544dcfd48b7c4cf0785325a1f1-1\">\n\n    \t\t<!-- Thumbnails -->\n\t\t\t\t<div id=\"ngg-image-0\" class=\"ngg-gallery-thumbnail-box\" >\n\t\t\t\t        <div class=\"ngg-gallery-thumbnail\">\n            <a href=\"https:\/\/ecojardindesgrivauds.fr\/wp-content\/gallery\/2021_07_17-mme-frisette\/2021-07-17_16-40-33.jpg\"\n               title=\"Des calibres fins pour des courgettes savoureuses et peu aqueuses.\"\n               data-src=\"https:\/\/ecojardindesgrivauds.fr\/wp-content\/gallery\/2021_07_17-mme-frisette\/2021-07-17_16-40-33.jpg\"\n               data-thumbnail=\"https:\/\/ecojardindesgrivauds.fr\/wp-content\/gallery\/2021_07_17-mme-frisette\/thumbs\/thumbs_2021-07-17_16-40-33.jpg\"\n               data-image-id=\"2600\"\n               data-title=\"2021-07-17_16-40-33\"\n               data-description=\"Des calibres fins pour des courgettes savoureuses et peu aqueuses.\"\n               data-image-slug=\"2021-07-17_16-40-33\"\n               class=\"ngg-fancybox\" rel=\"5c7ef6544dcfd48b7c4cf0785325a1f1\">\n                <img\n                    title=\"2021-07-17_16-40-33\"\n                    alt=\"2021-07-17_16-40-33\"\n                    src=\"https:\/\/ecojardindesgrivauds.fr\/wp-content\/gallery\/2021_07_17-mme-frisette\/thumbs\/thumbs_2021-07-17_16-40-33.jpg\"\n                    width=\"240\"\n                    height=\"160\"\n                    style=\"max-width:100%;\"\n                \/>\n            <\/a>\n        <\/div>\n\t\t\t\t\t\t\t<\/div> \n\t\t\t\n        \n\t\t\t\t<div id=\"ngg-image-1\" class=\"ngg-gallery-thumbnail-box\" >\n\t\t\t\t        <div class=\"ngg-gallery-thumbnail\">\n            <a href=\"https:\/\/ecojardindesgrivauds.fr\/wp-content\/gallery\/2021_07_17-mme-frisette\/2021-07-13_14-45-14.jpg\"\n               title=\"Manon plante les derniers choux-fleurs\"\n               data-src=\"https:\/\/ecojardindesgrivauds.fr\/wp-content\/gallery\/2021_07_17-mme-frisette\/2021-07-13_14-45-14.jpg\"\n               data-thumbnail=\"https:\/\/ecojardindesgrivauds.fr\/wp-content\/gallery\/2021_07_17-mme-frisette\/thumbs\/thumbs_2021-07-13_14-45-14.jpg\"\n               data-image-id=\"2584\"\n               data-title=\"2021-07-13_14-45-14\"\n               data-description=\"Manon plante les derniers choux-fleurs\"\n               data-image-slug=\"2021-07-13_14-45-14\"\n               class=\"ngg-fancybox\" rel=\"5c7ef6544dcfd48b7c4cf0785325a1f1\">\n                <img\n                    title=\"2021-07-13_14-45-14\"\n                    alt=\"2021-07-13_14-45-14\"\n                    src=\"https:\/\/ecojardindesgrivauds.fr\/wp-content\/gallery\/2021_07_17-mme-frisette\/thumbs\/thumbs_2021-07-13_14-45-14.jpg\"\n                    width=\"240\"\n                    height=\"160\"\n                    style=\"max-width:100%;\"\n                \/>\n            <\/a>\n        <\/div>\n\t\t\t\t\t\t\t<\/div> \n\t\t\t\n        \n\t\t\t\t<div id=\"ngg-image-2\" class=\"ngg-gallery-thumbnail-box\" >\n\t\t\t\t        <div class=\"ngg-gallery-thumbnail\">\n            <a href=\"https:\/\/ecojardindesgrivauds.fr\/wp-content\/gallery\/2021_07_17-mme-frisette\/2021-07-13_14-45-29.jpg\"\n               title=\"Un chou-fleur en forme ! Avec un peu de soleil, les choux vont d\u00e9coller !\"\n               data-src=\"https:\/\/ecojardindesgrivauds.fr\/wp-content\/gallery\/2021_07_17-mme-frisette\/2021-07-13_14-45-29.jpg\"\n               data-thumbnail=\"https:\/\/ecojardindesgrivauds.fr\/wp-content\/gallery\/2021_07_17-mme-frisette\/thumbs\/thumbs_2021-07-13_14-45-29.jpg\"\n               data-image-id=\"2585\"\n               data-title=\"2021-07-13_14-45-29\"\n               data-description=\"Un chou-fleur en forme ! Avec un peu de soleil, les choux vont d\u00e9coller !\"\n               data-image-slug=\"2021-07-13_14-45-29\"\n               class=\"ngg-fancybox\" rel=\"5c7ef6544dcfd48b7c4cf0785325a1f1\">\n                <img\n                    title=\"2021-07-13_14-45-29\"\n                    alt=\"2021-07-13_14-45-29\"\n                    src=\"https:\/\/ecojardindesgrivauds.fr\/wp-content\/gallery\/2021_07_17-mme-frisette\/thumbs\/thumbs_2021-07-13_14-45-29.jpg\"\n                    width=\"240\"\n                    height=\"160\"\n                    style=\"max-width:100%;\"\n                \/>\n            <\/a>\n        <\/div>\n\t\t\t\t\t\t\t<\/div> \n\t\t\t\n        \n\t\t\t\t<div id=\"ngg-image-3\" class=\"ngg-gallery-thumbnail-box\" >\n\t\t\t\t        <div class=\"ngg-gallery-thumbnail\">\n            <a href=\"https:\/\/ecojardindesgrivauds.fr\/wp-content\/gallery\/2021_07_17-mme-frisette\/2021-07-13_16-28-34.jpg\"\n               title=\"D\u00e9sherbage du semis de betteraves\"\n               data-src=\"https:\/\/ecojardindesgrivauds.fr\/wp-content\/gallery\/2021_07_17-mme-frisette\/2021-07-13_16-28-34.jpg\"\n               data-thumbnail=\"https:\/\/ecojardindesgrivauds.fr\/wp-content\/gallery\/2021_07_17-mme-frisette\/thumbs\/thumbs_2021-07-13_16-28-34.jpg\"\n               data-image-id=\"2586\"\n               data-title=\"2021-07-13_16-28-34\"\n               data-description=\"D\u00e9sherbage du semis de betteraves\"\n               data-image-slug=\"2021-07-13_16-28-34\"\n               class=\"ngg-fancybox\" rel=\"5c7ef6544dcfd48b7c4cf0785325a1f1\">\n                <img\n                    title=\"2021-07-13_16-28-34\"\n                    alt=\"2021-07-13_16-28-34\"\n                    src=\"https:\/\/ecojardindesgrivauds.fr\/wp-content\/gallery\/2021_07_17-mme-frisette\/thumbs\/thumbs_2021-07-13_16-28-34.jpg\"\n                    width=\"240\"\n                    height=\"160\"\n                    style=\"max-width:100%;\"\n                \/>\n            <\/a>\n        <\/div>\n\t\t\t\t\t\t\t<\/div> \n\t\t\t\n        \n\t\t\t\t<div id=\"ngg-image-4\" class=\"ngg-gallery-thumbnail-box\" >\n\t\t\t\t        <div class=\"ngg-gallery-thumbnail\">\n            <a href=\"https:\/\/ecojardindesgrivauds.fr\/wp-content\/gallery\/2021_07_17-mme-frisette\/2021-07-13_16-28-45.jpg\"\n               title=\"On revoit les betteraves sous le bl\u00e9 !\"\n               data-src=\"https:\/\/ecojardindesgrivauds.fr\/wp-content\/gallery\/2021_07_17-mme-frisette\/2021-07-13_16-28-45.jpg\"\n               data-thumbnail=\"https:\/\/ecojardindesgrivauds.fr\/wp-content\/gallery\/2021_07_17-mme-frisette\/thumbs\/thumbs_2021-07-13_16-28-45.jpg\"\n               data-image-id=\"2587\"\n               data-title=\"2021-07-13_16-28-45\"\n               data-description=\"On revoit les betteraves sous le bl\u00e9 !\"\n               data-image-slug=\"2021-07-13_16-28-45\"\n               class=\"ngg-fancybox\" rel=\"5c7ef6544dcfd48b7c4cf0785325a1f1\">\n                <img\n                    title=\"2021-07-13_16-28-45\"\n                    alt=\"2021-07-13_16-28-45\"\n                    src=\"https:\/\/ecojardindesgrivauds.fr\/wp-content\/gallery\/2021_07_17-mme-frisette\/thumbs\/thumbs_2021-07-13_16-28-45.jpg\"\n                    width=\"240\"\n                    height=\"160\"\n                    style=\"max-width:100%;\"\n                \/>\n            <\/a>\n        <\/div>\n\t\t\t\t\t\t\t<\/div> \n\t\t\t\n        \n\t\t\t\t<div id=\"ngg-image-5\" class=\"ngg-gallery-thumbnail-box\" >\n\t\t\t\t        <div class=\"ngg-gallery-thumbnail\">\n            <a href=\"https:\/\/ecojardindesgrivauds.fr\/wp-content\/gallery\/2021_07_17-mme-frisette\/2021-07-17_16-19-54.jpg\"\n               title=\"Des betteraves tout heureuses d&#039;avoir \u00e9t\u00e9 d\u00e9sherb\u00e9es !\"\n               data-src=\"https:\/\/ecojardindesgrivauds.fr\/wp-content\/gallery\/2021_07_17-mme-frisette\/2021-07-17_16-19-54.jpg\"\n               data-thumbnail=\"https:\/\/ecojardindesgrivauds.fr\/wp-content\/gallery\/2021_07_17-mme-frisette\/thumbs\/thumbs_2021-07-17_16-19-54.jpg\"\n               data-image-id=\"2599\"\n               data-title=\"2021-07-17_16-19-54\"\n               data-description=\"Des betteraves tout heureuses d&#039;avoir \u00e9t\u00e9 d\u00e9sherb\u00e9es !\"\n               data-image-slug=\"2021-07-17_16-19-54\"\n               class=\"ngg-fancybox\" rel=\"5c7ef6544dcfd48b7c4cf0785325a1f1\">\n                <img\n                    title=\"2021-07-17_16-19-54\"\n                    alt=\"2021-07-17_16-19-54\"\n                    src=\"https:\/\/ecojardindesgrivauds.fr\/wp-content\/gallery\/2021_07_17-mme-frisette\/thumbs\/thumbs_2021-07-17_16-19-54.jpg\"\n                    width=\"240\"\n                    height=\"160\"\n                    style=\"max-width:100%;\"\n                \/>\n            <\/a>\n        <\/div>\n\t\t\t\t\t\t\t<\/div> \n\t\t\t\n        \n\t\t\t\t<div id=\"ngg-image-6\" class=\"ngg-gallery-thumbnail-box\" >\n\t\t\t\t        <div class=\"ngg-gallery-thumbnail\">\n            <a href=\"https:\/\/ecojardindesgrivauds.fr\/wp-content\/gallery\/2021_07_17-mme-frisette\/2021-07-15_11-18-25.jpg\"\n               title=\"R\u00e9colte de pommes de terre avec la petite famille d&#039;Adeline. Ici, le fils, Paul.\"\n               data-src=\"https:\/\/ecojardindesgrivauds.fr\/wp-content\/gallery\/2021_07_17-mme-frisette\/2021-07-15_11-18-25.jpg\"\n               data-thumbnail=\"https:\/\/ecojardindesgrivauds.fr\/wp-content\/gallery\/2021_07_17-mme-frisette\/thumbs\/thumbs_2021-07-15_11-18-25.jpg\"\n               data-image-id=\"2588\"\n               data-title=\"2021-07-15_11-18-25\"\n               data-description=\"R\u00e9colte de pommes de terre avec la petite famille d&#039;Adeline. Ici, le fils, Paul.\"\n               data-image-slug=\"2021-07-15_11-18-25\"\n               class=\"ngg-fancybox\" rel=\"5c7ef6544dcfd48b7c4cf0785325a1f1\">\n                <img\n                    title=\"2021-07-15_11-18-25\"\n                    alt=\"2021-07-15_11-18-25\"\n                    src=\"https:\/\/ecojardindesgrivauds.fr\/wp-content\/gallery\/2021_07_17-mme-frisette\/thumbs\/thumbs_2021-07-15_11-18-25.jpg\"\n                    width=\"240\"\n                    height=\"160\"\n                    style=\"max-width:100%;\"\n                \/>\n            <\/a>\n        <\/div>\n\t\t\t\t\t\t\t<\/div> \n\t\t\t\n        \n\t\t\t\t<div id=\"ngg-image-7\" class=\"ngg-gallery-thumbnail-box\" >\n\t\t\t\t        <div class=\"ngg-gallery-thumbnail\">\n            <a href=\"https:\/\/ecojardindesgrivauds.fr\/wp-content\/gallery\/2021_07_17-mme-frisette\/2021-07-15_11-18-39.jpg\"\n               title=\"Adeline et Cl\u00e9lia.\"\n               data-src=\"https:\/\/ecojardindesgrivauds.fr\/wp-content\/gallery\/2021_07_17-mme-frisette\/2021-07-15_11-18-39.jpg\"\n               data-thumbnail=\"https:\/\/ecojardindesgrivauds.fr\/wp-content\/gallery\/2021_07_17-mme-frisette\/thumbs\/thumbs_2021-07-15_11-18-39.jpg\"\n               data-image-id=\"2589\"\n               data-title=\"2021-07-15_11-18-39\"\n               data-description=\"Adeline et Cl\u00e9lia.\"\n               data-image-slug=\"2021-07-15_11-18-39\"\n               class=\"ngg-fancybox\" rel=\"5c7ef6544dcfd48b7c4cf0785325a1f1\">\n                <img\n                    title=\"2021-07-15_11-18-39\"\n                    alt=\"2021-07-15_11-18-39\"\n                    src=\"https:\/\/ecojardindesgrivauds.fr\/wp-content\/gallery\/2021_07_17-mme-frisette\/thumbs\/thumbs_2021-07-15_11-18-39.jpg\"\n                    width=\"240\"\n                    height=\"160\"\n                    style=\"max-width:100%;\"\n                \/>\n            <\/a>\n        <\/div>\n\t\t\t\t\t\t\t<\/div> \n\t\t\t\n        \n\t\t\t\t<div id=\"ngg-image-8\" class=\"ngg-gallery-thumbnail-box\" >\n\t\t\t\t        <div class=\"ngg-gallery-thumbnail\">\n            <a href=\"https:\/\/ecojardindesgrivauds.fr\/wp-content\/gallery\/2021_07_17-mme-frisette\/2021-07-15_14-47-39.jpg\"\n               title=\"Cl\u00e9lia, fi\u00e8re de sa f\u00e8ve !\"\n               data-src=\"https:\/\/ecojardindesgrivauds.fr\/wp-content\/gallery\/2021_07_17-mme-frisette\/2021-07-15_14-47-39.jpg\"\n               data-thumbnail=\"https:\/\/ecojardindesgrivauds.fr\/wp-content\/gallery\/2021_07_17-mme-frisette\/thumbs\/thumbs_2021-07-15_14-47-39.jpg\"\n               data-image-id=\"2590\"\n               data-title=\"2021-07-15_14-47-39\"\n               data-description=\"Cl\u00e9lia, fi\u00e8re de sa f\u00e8ve !\"\n               data-image-slug=\"2021-07-15_14-47-39\"\n               class=\"ngg-fancybox\" rel=\"5c7ef6544dcfd48b7c4cf0785325a1f1\">\n                <img\n                    title=\"2021-07-15_14-47-39\"\n                    alt=\"2021-07-15_14-47-39\"\n                    src=\"https:\/\/ecojardindesgrivauds.fr\/wp-content\/gallery\/2021_07_17-mme-frisette\/thumbs\/thumbs_2021-07-15_14-47-39.jpg\"\n                    width=\"240\"\n                    height=\"160\"\n                    style=\"max-width:100%;\"\n                \/>\n            <\/a>\n        <\/div>\n\t\t\t\t\t\t\t<\/div> \n\t\t\t\n        \n\t\t\t\t<div id=\"ngg-image-9\" class=\"ngg-gallery-thumbnail-box\" >\n\t\t\t\t        <div class=\"ngg-gallery-thumbnail\">\n            <a href=\"https:\/\/ecojardindesgrivauds.fr\/wp-content\/gallery\/2021_07_17-mme-frisette\/2021-07-15_14-49-52.jpg\"\n               title=\"Damien, Paul et Fabrice d\u00e9sherbent les salades.\"\n               data-src=\"https:\/\/ecojardindesgrivauds.fr\/wp-content\/gallery\/2021_07_17-mme-frisette\/2021-07-15_14-49-52.jpg\"\n               data-thumbnail=\"https:\/\/ecojardindesgrivauds.fr\/wp-content\/gallery\/2021_07_17-mme-frisette\/thumbs\/thumbs_2021-07-15_14-49-52.jpg\"\n               data-image-id=\"2591\"\n               data-title=\"2021-07-15_14-49-52\"\n               data-description=\"Damien, Paul et Fabrice d\u00e9sherbent les salades.\"\n               data-image-slug=\"2021-07-15_14-49-52\"\n               class=\"ngg-fancybox\" rel=\"5c7ef6544dcfd48b7c4cf0785325a1f1\">\n                <img\n                    title=\"2021-07-15_14-49-52\"\n                    alt=\"2021-07-15_14-49-52\"\n                    src=\"https:\/\/ecojardindesgrivauds.fr\/wp-content\/gallery\/2021_07_17-mme-frisette\/thumbs\/thumbs_2021-07-15_14-49-52.jpg\"\n                    width=\"240\"\n                    height=\"160\"\n                    style=\"max-width:100%;\"\n                \/>\n            <\/a>\n        <\/div>\n\t\t\t\t\t\t\t<\/div> \n\t\t\t\n        \n\t\t\t\t<div id=\"ngg-image-10\" class=\"ngg-gallery-thumbnail-box\" >\n\t\t\t\t        <div class=\"ngg-gallery-thumbnail\">\n            <a href=\"https:\/\/ecojardindesgrivauds.fr\/wp-content\/gallery\/2021_07_17-mme-frisette\/2021-07-15_15-33-10.jpg\"\n               title=\"Adeline, Damien et Fabrice s&#039;attaquent maintenant aux fenouils.\"\n               data-src=\"https:\/\/ecojardindesgrivauds.fr\/wp-content\/gallery\/2021_07_17-mme-frisette\/2021-07-15_15-33-10.jpg\"\n               data-thumbnail=\"https:\/\/ecojardindesgrivauds.fr\/wp-content\/gallery\/2021_07_17-mme-frisette\/thumbs\/thumbs_2021-07-15_15-33-10.jpg\"\n               data-image-id=\"2592\"\n               data-title=\"2021-07-15_15-33-10\"\n               data-description=\"Adeline, Damien et Fabrice s&#039;attaquent maintenant aux fenouils.\"\n               data-image-slug=\"2021-07-15_15-33-10\"\n               class=\"ngg-fancybox\" rel=\"5c7ef6544dcfd48b7c4cf0785325a1f1\">\n                <img\n                    title=\"2021-07-15_15-33-10\"\n                    alt=\"2021-07-15_15-33-10\"\n                    src=\"https:\/\/ecojardindesgrivauds.fr\/wp-content\/gallery\/2021_07_17-mme-frisette\/thumbs\/thumbs_2021-07-15_15-33-10.jpg\"\n                    width=\"240\"\n                    height=\"160\"\n                    style=\"max-width:100%;\"\n                \/>\n            <\/a>\n        <\/div>\n\t\t\t\t\t\t\t<\/div> \n\t\t\t\n        \n\t\t\t\t<div id=\"ngg-image-11\" class=\"ngg-gallery-thumbnail-box\" >\n\t\t\t\t        <div class=\"ngg-gallery-thumbnail\">\n            <a href=\"https:\/\/ecojardindesgrivauds.fr\/wp-content\/gallery\/2021_07_17-mme-frisette\/2021-07-16_08-53-52.jpg\"\n               title=\"Manon, la seule wwoofeuse capable de trouver des fenouils et des artichauts au milieu de nos courges.\"\n               data-src=\"https:\/\/ecojardindesgrivauds.fr\/wp-content\/gallery\/2021_07_17-mme-frisette\/2021-07-16_08-53-52.jpg\"\n               data-thumbnail=\"https:\/\/ecojardindesgrivauds.fr\/wp-content\/gallery\/2021_07_17-mme-frisette\/thumbs\/thumbs_2021-07-16_08-53-52.jpg\"\n               data-image-id=\"2593\"\n               data-title=\"2021-07-16_08-53-52\"\n               data-description=\"Manon, la seule wwoofeuse capable de trouver des fenouils et des artichauts au milieu de nos courges.\"\n               data-image-slug=\"2021-07-16_08-53-52\"\n               class=\"ngg-fancybox\" rel=\"5c7ef6544dcfd48b7c4cf0785325a1f1\">\n                <img\n                    title=\"2021-07-16_08-53-52\"\n                    alt=\"2021-07-16_08-53-52\"\n                    src=\"https:\/\/ecojardindesgrivauds.fr\/wp-content\/gallery\/2021_07_17-mme-frisette\/thumbs\/thumbs_2021-07-16_08-53-52.jpg\"\n                    width=\"240\"\n                    height=\"160\"\n                    style=\"max-width:100%;\"\n                \/>\n            <\/a>\n        <\/div>\n\t\t\t\t\t\t\t<\/div> \n\t\t\t\n        \n\t\t\t\t<div id=\"ngg-image-12\" class=\"ngg-gallery-thumbnail-box\" >\n\t\t\t\t        <div class=\"ngg-gallery-thumbnail\">\n            <a href=\"https:\/\/ecojardindesgrivauds.fr\/wp-content\/gallery\/2021_07_17-mme-frisette\/2021-07-13_14-08-33.jpg\"\n               title=\"Titanesque remise en \u00e9tat de deux planches en serre 4, en vue d&#039;y semer des haricots.\"\n               data-src=\"https:\/\/ecojardindesgrivauds.fr\/wp-content\/gallery\/2021_07_17-mme-frisette\/2021-07-13_14-08-33.jpg\"\n               data-thumbnail=\"https:\/\/ecojardindesgrivauds.fr\/wp-content\/gallery\/2021_07_17-mme-frisette\/thumbs\/thumbs_2021-07-13_14-08-33.jpg\"\n               data-image-id=\"2601\"\n               data-title=\"2021-07-13_14-08-33\"\n               data-description=\"Titanesque remise en \u00e9tat de deux planches en serre 4, en vue d&#039;y semer des haricots.\"\n               data-image-slug=\"2021-07-13_14-08-33\"\n               class=\"ngg-fancybox\" rel=\"5c7ef6544dcfd48b7c4cf0785325a1f1\">\n                <img\n                    title=\"2021-07-13_14-08-33\"\n                    alt=\"2021-07-13_14-08-33\"\n                    src=\"https:\/\/ecojardindesgrivauds.fr\/wp-content\/gallery\/2021_07_17-mme-frisette\/thumbs\/thumbs_2021-07-13_14-08-33.jpg\"\n                    width=\"240\"\n                    height=\"160\"\n                    style=\"max-width:100%;\"\n                \/>\n            <\/a>\n        <\/div>\n\t\t\t\t\t\t\t<\/div> \n\t\t\t\n        \n\t\t\t\t<div id=\"ngg-image-13\" class=\"ngg-gallery-thumbnail-box\" >\n\t\t\t\t        <div class=\"ngg-gallery-thumbnail\">\n            <a href=\"https:\/\/ecojardindesgrivauds.fr\/wp-content\/gallery\/2021_07_17-mme-frisette\/2021-07-17_15-53-54.jpg\"\n               title=\"Et voil\u00e0 le travail (merci Fabrice !) : la planche de droite est m\u00eame d\u00e9j\u00e0 sem\u00e9es ! La deuxi\u00e8me sera sem\u00e9e la semaine prochaine.\"\n               data-src=\"https:\/\/ecojardindesgrivauds.fr\/wp-content\/gallery\/2021_07_17-mme-frisette\/2021-07-17_15-53-54.jpg\"\n               data-thumbnail=\"https:\/\/ecojardindesgrivauds.fr\/wp-content\/gallery\/2021_07_17-mme-frisette\/thumbs\/thumbs_2021-07-17_15-53-54.jpg\"\n               data-image-id=\"2596\"\n               data-title=\"2021-07-17_15-53-54\"\n               data-description=\"Et voil\u00e0 le travail (merci Fabrice !) : la planche de droite est m\u00eame d\u00e9j\u00e0 sem\u00e9es ! La deuxi\u00e8me sera sem\u00e9e la semaine prochaine.\"\n               data-image-slug=\"2021-07-17_15-53-54\"\n               class=\"ngg-fancybox\" rel=\"5c7ef6544dcfd48b7c4cf0785325a1f1\">\n                <img\n                    title=\"2021-07-17_15-53-54\"\n                    alt=\"2021-07-17_15-53-54\"\n                    src=\"https:\/\/ecojardindesgrivauds.fr\/wp-content\/gallery\/2021_07_17-mme-frisette\/thumbs\/thumbs_2021-07-17_15-53-54.jpg\"\n                    width=\"240\"\n                    height=\"160\"\n                    style=\"max-width:100%;\"\n                \/>\n            <\/a>\n        <\/div>\n\t\t\t\t\t\t\t<\/div> \n\t\t\t\n        \n\t\t\t\t<div id=\"ngg-image-14\" class=\"ngg-gallery-thumbnail-box\" >\n\t\t\t\t        <div class=\"ngg-gallery-thumbnail\">\n            <a href=\"https:\/\/ecojardindesgrivauds.fr\/wp-content\/gallery\/2021_07_17-mme-frisette\/2021-07-17_15-39-51.jpg\"\n               title=\"C\u00e9toine dans une fleur de Magnolia\"\n               data-src=\"https:\/\/ecojardindesgrivauds.fr\/wp-content\/gallery\/2021_07_17-mme-frisette\/2021-07-17_15-39-51.jpg\"\n               data-thumbnail=\"https:\/\/ecojardindesgrivauds.fr\/wp-content\/gallery\/2021_07_17-mme-frisette\/thumbs\/thumbs_2021-07-17_15-39-51.jpg\"\n               data-image-id=\"2594\"\n               data-title=\"2021-07-17_15-39-51\"\n               data-description=\"C\u00e9toine dans une fleur de Magnolia\"\n               data-image-slug=\"2021-07-17_15-39-51\"\n               class=\"ngg-fancybox\" rel=\"5c7ef6544dcfd48b7c4cf0785325a1f1\">\n                <img\n                    title=\"2021-07-17_15-39-51\"\n                    alt=\"2021-07-17_15-39-51\"\n                    src=\"https:\/\/ecojardindesgrivauds.fr\/wp-content\/gallery\/2021_07_17-mme-frisette\/thumbs\/thumbs_2021-07-17_15-39-51.jpg\"\n                    width=\"240\"\n                    height=\"160\"\n                    style=\"max-width:100%;\"\n                \/>\n            <\/a>\n        <\/div>\n\t\t\t\t\t\t\t<\/div> \n\t\t\t\n        \n\t\t\t\t<div id=\"ngg-image-15\" class=\"ngg-gallery-thumbnail-box\" >\n\t\t\t\t        <div class=\"ngg-gallery-thumbnail\">\n            <a href=\"https:\/\/ecojardindesgrivauds.fr\/wp-content\/gallery\/2021_07_17-mme-frisette\/2021-07-17_16-09-06.jpg\"\n               title=\"C\u00e9toine dans les chardons en fleur\"\n               data-src=\"https:\/\/ecojardindesgrivauds.fr\/wp-content\/gallery\/2021_07_17-mme-frisette\/2021-07-17_16-09-06.jpg\"\n               data-thumbnail=\"https:\/\/ecojardindesgrivauds.fr\/wp-content\/gallery\/2021_07_17-mme-frisette\/thumbs\/thumbs_2021-07-17_16-09-06.jpg\"\n               data-image-id=\"2597\"\n               data-title=\"2021-07-17_16-09-06\"\n               data-description=\"C\u00e9toine dans les chardons en fleur\"\n               data-image-slug=\"2021-07-17_16-09-06\"\n               class=\"ngg-fancybox\" rel=\"5c7ef6544dcfd48b7c4cf0785325a1f1\">\n                <img\n                    title=\"2021-07-17_16-09-06\"\n                    alt=\"2021-07-17_16-09-06\"\n                    src=\"https:\/\/ecojardindesgrivauds.fr\/wp-content\/gallery\/2021_07_17-mme-frisette\/thumbs\/thumbs_2021-07-17_16-09-06.jpg\"\n                    width=\"240\"\n                    height=\"160\"\n                    style=\"max-width:100%;\"\n                \/>\n            <\/a>\n        <\/div>\n\t\t\t\t\t\t\t<\/div> \n\t\t\t\n        \n\t\t\t\t<div id=\"ngg-image-16\" class=\"ngg-gallery-thumbnail-box\" >\n\t\t\t\t        <div class=\"ngg-gallery-thumbnail\">\n            <a href=\"https:\/\/ecojardindesgrivauds.fr\/wp-content\/gallery\/2021_07_17-mme-frisette\/2021-07-17_16-09-38.jpg\"\n               title=\"C\u00e9toine dans les chardons en fleur\"\n               data-src=\"https:\/\/ecojardindesgrivauds.fr\/wp-content\/gallery\/2021_07_17-mme-frisette\/2021-07-17_16-09-38.jpg\"\n               data-thumbnail=\"https:\/\/ecojardindesgrivauds.fr\/wp-content\/gallery\/2021_07_17-mme-frisette\/thumbs\/thumbs_2021-07-17_16-09-38.jpg\"\n               data-image-id=\"2598\"\n               data-title=\"2021-07-17_16-09-38\"\n               data-description=\"C\u00e9toine dans les chardons en fleur\"\n               data-image-slug=\"2021-07-17_16-09-38\"\n               class=\"ngg-fancybox\" rel=\"5c7ef6544dcfd48b7c4cf0785325a1f1\">\n                <img\n                    title=\"2021-07-17_16-09-38\"\n                    alt=\"2021-07-17_16-09-38\"\n                    src=\"https:\/\/ecojardindesgrivauds.fr\/wp-content\/gallery\/2021_07_17-mme-frisette\/thumbs\/thumbs_2021-07-17_16-09-38.jpg\"\n                    width=\"240\"\n                    height=\"160\"\n                    style=\"max-width:100%;\"\n                \/>\n            <\/a>\n        <\/div>\n\t\t\t\t\t\t\t<\/div> \n\t\t\t\n        \n\t\t\t\t<div id=\"ngg-image-17\" class=\"ngg-gallery-thumbnail-box\" >\n\t\t\t\t        <div class=\"ngg-gallery-thumbnail\">\n            <a href=\"https:\/\/ecojardindesgrivauds.fr\/wp-content\/gallery\/2021_07_17-mme-frisette\/2021-07-17_15-40-45.jpg\"\n               title=\"Sur la Berce : des mouches et des syrphes.\"\n               data-src=\"https:\/\/ecojardindesgrivauds.fr\/wp-content\/gallery\/2021_07_17-mme-frisette\/2021-07-17_15-40-45.jpg\"\n               data-thumbnail=\"https:\/\/ecojardindesgrivauds.fr\/wp-content\/gallery\/2021_07_17-mme-frisette\/thumbs\/thumbs_2021-07-17_15-40-45.jpg\"\n               data-image-id=\"2595\"\n               data-title=\"2021-07-17_15-40-45\"\n               data-description=\"Sur la Berce : des mouches et des syrphes.\"\n               data-image-slug=\"2021-07-17_15-40-45\"\n               class=\"ngg-fancybox\" rel=\"5c7ef6544dcfd48b7c4cf0785325a1f1\">\n                <img\n                    title=\"2021-07-17_15-40-45\"\n                    alt=\"2021-07-17_15-40-45\"\n                    src=\"https:\/\/ecojardindesgrivauds.fr\/wp-content\/gallery\/2021_07_17-mme-frisette\/thumbs\/thumbs_2021-07-17_15-40-45.jpg\"\n                    width=\"240\"\n                    height=\"160\"\n                    style=\"max-width:100%;\"\n                \/>\n            <\/a>\n        <\/div>\n\t\t\t\t\t\t\t<\/div> \n\t\t\t\n        \n\t\t\n\t\t<!-- Pagination -->\n\t<div class='ngg-clear'><\/div>\t<\/div>\n\n","protected":false},"excerpt":{"rendered":"<p>\u00c7a fait quand m\u00eame quelques temps qu&rsquo;on mange de la courgette. Et donc, on finit par se lasser un peu, c&rsquo;est naturel. Et nos clients, c&rsquo;est pareil &#8230; ils ont envie d&rsquo;autre chose. De tomates, par exemple. Alors, tous les ans c&rsquo;est la m\u00eame chose :\u00a0on se retrouve en surproduction de courgettes en juillet. En &hellip; <\/p>\n<p class=\"link-more\"><a href=\"https:\/\/ecojardindesgrivauds.fr\/?p=7951\" class=\"more-link\">Continuer la lecture<span class=\"screen-reader-text\"> de &laquo;&nbsp;Trop de courgettes fin juillet ?&nbsp;&raquo;<\/span><\/a><\/p>\n","protected":false},"author":1,"featured_media":0,"comment_status":"open","ping_status":"open","sticky":false,"template":"","format":"standard","meta":{"ngg_post_thumbnail":0},"categories":[1],"tags":[],"_links":{"self":[{"href":"https:\/\/ecojardindesgrivauds.fr\/index.php?rest_route=\/wp\/v2\/posts\/7951"}],"collection":[{"href":"https:\/\/ecojardindesgrivauds.fr\/index.php?rest_route=\/wp\/v2\/posts"}],"about":[{"href":"https:\/\/ecojardindesgrivauds.fr\/index.php?rest_route=\/wp\/v2\/types\/post"}],"author":[{"embeddable":true,"href":"https:\/\/ecojardindesgrivauds.fr\/index.php?rest_route=\/wp\/v2\/users\/1"}],"replies":[{"embeddable":true,"href":"https:\/\/ecojardindesgrivauds.fr\/index.php?rest_route=%2Fwp%2Fv2%2Fcomments&post=7951"}],"version-history":[{"count":5,"href":"https:\/\/ecojardindesgrivauds.fr\/index.php?rest_route=\/wp\/v2\/posts\/7951\/revisions"}],"predecessor-version":[{"id":7998,"href":"https:\/\/ecojardindesgrivauds.fr\/index.php?rest_route=\/wp\/v2\/posts\/7951\/revisions\/7998"}],"wp:attachment":[{"href":"https:\/\/ecojardindesgrivauds.fr\/index.php?rest_route=%2Fwp%2Fv2%2Fmedia&parent=7951"}],"wp:term":[{"taxonomy":"category","embeddable":true,"href":"https:\/\/ecojardindesgrivauds.fr\/index.php?rest_route=%2Fwp%2Fv2%2Fcategories&post=7951"},{"taxonomy":"post_tag","embeddable":true,"href":"https:\/\/ecojardindesgrivauds.fr\/index.php?rest_route=%2Fwp%2Fv2%2Ftags&post=7951"}],"curies":[{"name":"wp","href":"https:\/\/api.w.org\/{rel}","templated":true}]}}