{"id":8232,"date":"2021-08-21T18:50:52","date_gmt":"2021-08-21T16:50:52","guid":{"rendered":"http:\/\/ecojardindesgrivauds.fr\/?p=8232"},"modified":"2021-08-22T09:41:30","modified_gmt":"2021-08-22T07:41:30","slug":"des-melons-et-de-la-rhubarbe","status":"publish","type":"post","link":"https:\/\/ecojardindesgrivauds.fr\/?p=8232","title":{"rendered":"Des melons et de la rhubarbe"},"content":{"rendered":"\n<div class=\"wp-block-image is-style-default\"><figure class=\"alignright size-medium\"><a href=\"http:\/\/ecojardindesgrivauds.fr\/wp-content\/uploads\/2021\/08\/2021-08-21_08-19-05.jpg\"><img decoding=\"async\" loading=\"lazy\" width=\"300\" height=\"225\" src=\"http:\/\/ecojardindesgrivauds.fr\/wp-content\/uploads\/2021\/08\/2021-08-21_08-19-05-300x225.jpg\" alt=\"\" class=\"wp-image-8245\" srcset=\"https:\/\/ecojardindesgrivauds.fr\/wp-content\/uploads\/2021\/08\/2021-08-21_08-19-05-300x225.jpg 300w, https:\/\/ecojardindesgrivauds.fr\/wp-content\/uploads\/2021\/08\/2021-08-21_08-19-05-1024x768.jpg 1024w, https:\/\/ecojardindesgrivauds.fr\/wp-content\/uploads\/2021\/08\/2021-08-21_08-19-05-768x576.jpg 768w, https:\/\/ecojardindesgrivauds.fr\/wp-content\/uploads\/2021\/08\/2021-08-21_08-19-05.jpg 1365w\" sizes=\"(max-width: 300px) 100vw, 300px\" \/><\/a><figcaption>Du melon \u00e0 Vichy en plein mois d&rsquo;ao\u00fbt !<\/figcaption><\/figure><\/div>\n\n\n\n<p>Aux Grivauds, on assume d&rsquo;avoir des melons un peu tard en saison. Pour deux raisons. D&rsquo;abord, parce que les melons qui m\u00fbrissent en ao\u00fbt ont un incroyable go\u00fbt de miel. Ensuite parce que ce sont des melons qu&rsquo;on peut installer apr\u00e8s une culture de printemps (par exemple apr\u00e8s des carottes ou des navets nouveaux). Ils sont plant\u00e9s fin-mai, d\u00e9but-juin, \u00e0 une p\u00e9riode o\u00f9 on n&rsquo;implante plus aucun l\u00e9gume d&rsquo;\u00e9t\u00e9. Sauf&#8230; des melons. Cette semaine, on est venus avec nos premiers melons de l&rsquo;ann\u00e9e sur le march\u00e9 de Vichy et on est repartis avec nos caisses vides. Tout va bien : m\u00eame si ces l\u00e9gumes arrivent \u00e0 un moment inattendus, ils sont tout de m\u00eame les bienvenus.<\/p>\n\n\n\n<div class=\"wp-block-image is-style-default\"><figure class=\"alignleft size-medium\"><a href=\"http:\/\/ecojardindesgrivauds.fr\/wp-content\/uploads\/2021\/08\/2021-08-19_09-44-58.jpg\"><img decoding=\"async\" loading=\"lazy\" width=\"225\" height=\"300\" src=\"http:\/\/ecojardindesgrivauds.fr\/wp-content\/uploads\/2021\/08\/2021-08-19_09-44-58-225x300.jpg\" alt=\"\" class=\"wp-image-8242\" srcset=\"https:\/\/ecojardindesgrivauds.fr\/wp-content\/uploads\/2021\/08\/2021-08-19_09-44-58-225x300.jpg 225w, https:\/\/ecojardindesgrivauds.fr\/wp-content\/uploads\/2021\/08\/2021-08-19_09-44-58.jpg 768w\" sizes=\"(max-width: 225px) 100vw, 225px\" \/><\/a><figcaption>Une rhubarbe qui ne donne pas quand on l&rsquo;attend&#8230;<\/figcaption><\/figure><\/div>\n\n\n\n<p>Cette semaine, on a aussi r\u00e9colt\u00e9 de la rhubarbe. La m\u00eame rhubarbe qui a p\u00e9niblement donn\u00e9 une premi\u00e8re s\u00e9rie de tiges au printemps&#8230; Cette fois-ci, on en r\u00e9colte presque une dizaine de kilos et on est fiers de les pr\u00e9senter \u00e0 nos clients. R\u00e9sultat : on n&rsquo;en a pas vendu du tout. Pour le coup, la rhubarbe qui ne pousse pas au printemps a peu de chance d&rsquo;\u00eatre vendue. Et on vient donc de le d\u00e9couvrir \u00e0 nos d\u00e9pends&#8230;<\/p>\n\n\n\n<p>Mais finalement, ce qu&rsquo;on retiendra de la semaine, ce sont surtout les 200 kilos de tomates r\u00e9colt\u00e9es mardi et vendredi&#8230; \u00c7a au moins, c&rsquo;est coh\u00e9rent avec la saison&#8230;<\/p>\n\n\n\n<p><em>\u00c0 la semaine prochaine !<\/em><\/p>\n\n\n\n<!-- index.php -->\n<div\n\tclass=\"ngg-galleryoverview ngg-ajax-pagination-none\"\n\tid=\"ngg-gallery-547d3c35b500ed6130271ed03b362c4b-1\">\n\n    \t\t<!-- Thumbnails -->\n\t\t\t\t<div id=\"ngg-image-0\" class=\"ngg-gallery-thumbnail-box\" >\n\t\t\t\t        <div class=\"ngg-gallery-thumbnail\">\n            <a href=\"https:\/\/ecojardindesgrivauds.fr\/wp-content\/gallery\/2021_08_21-des-melons-et-de-la-rhubarbe\/2021-08-19_10-01-42.jpg\"\n               title=\"Elle \u00e9tait pourtant belle notre rhubarbe...\"\n               data-src=\"https:\/\/ecojardindesgrivauds.fr\/wp-content\/gallery\/2021_08_21-des-melons-et-de-la-rhubarbe\/2021-08-19_10-01-42.jpg\"\n               data-thumbnail=\"https:\/\/ecojardindesgrivauds.fr\/wp-content\/gallery\/2021_08_21-des-melons-et-de-la-rhubarbe\/thumbs\/thumbs_2021-08-19_10-01-42.jpg\"\n               data-image-id=\"2697\"\n               data-title=\"2021-08-19_10-01-42\"\n               data-description=\"Elle \u00e9tait pourtant belle notre rhubarbe...\"\n               data-image-slug=\"2021-08-19_10-01-42\"\n               class=\"ngg-fancybox\" rel=\"547d3c35b500ed6130271ed03b362c4b\">\n                <img\n                    title=\"2021-08-19_10-01-42\"\n                    alt=\"2021-08-19_10-01-42\"\n                    src=\"https:\/\/ecojardindesgrivauds.fr\/wp-content\/gallery\/2021_08_21-des-melons-et-de-la-rhubarbe\/thumbs\/thumbs_2021-08-19_10-01-42.jpg\"\n                    width=\"240\"\n                    height=\"160\"\n                    style=\"max-width:100%;\"\n                \/>\n            <\/a>\n        <\/div>\n\t\t\t\t\t\t\t<\/div> \n\t\t\t\n        \n\t\t\t\t<div id=\"ngg-image-1\" class=\"ngg-gallery-thumbnail-box\" >\n\t\t\t\t        <div class=\"ngg-gallery-thumbnail\">\n            <a href=\"https:\/\/ecojardindesgrivauds.fr\/wp-content\/gallery\/2021_08_21-des-melons-et-de-la-rhubarbe\/2021-08-17_12-06-03.jpg\"\n               title=\"D\u00e9sinstallation des pieds de courgettes en serre d&#039;intersaison :\u00a0\u00e7a sent l&#039;automne qui se pr\u00e9pare...\"\n               data-src=\"https:\/\/ecojardindesgrivauds.fr\/wp-content\/gallery\/2021_08_21-des-melons-et-de-la-rhubarbe\/2021-08-17_12-06-03.jpg\"\n               data-thumbnail=\"https:\/\/ecojardindesgrivauds.fr\/wp-content\/gallery\/2021_08_21-des-melons-et-de-la-rhubarbe\/thumbs\/thumbs_2021-08-17_12-06-03.jpg\"\n               data-image-id=\"2690\"\n               data-title=\"2021-08-17_12-06-03\"\n               data-description=\"D\u00e9sinstallation des pieds de courgettes en serre d&#039;intersaison :\u00a0\u00e7a sent l&#039;automne qui se pr\u00e9pare...\"\n               data-image-slug=\"2021-08-17_12-06-03\"\n               class=\"ngg-fancybox\" rel=\"547d3c35b500ed6130271ed03b362c4b\">\n                <img\n                    title=\"2021-08-17_12-06-03\"\n                    alt=\"2021-08-17_12-06-03\"\n                    src=\"https:\/\/ecojardindesgrivauds.fr\/wp-content\/gallery\/2021_08_21-des-melons-et-de-la-rhubarbe\/thumbs\/thumbs_2021-08-17_12-06-03.jpg\"\n                    width=\"240\"\n                    height=\"160\"\n                    style=\"max-width:100%;\"\n                \/>\n            <\/a>\n        <\/div>\n\t\t\t\t\t\t\t<\/div> \n\t\t\t\n        \n\t\t\t\t<div id=\"ngg-image-2\" class=\"ngg-gallery-thumbnail-box\" >\n\t\t\t\t        <div class=\"ngg-gallery-thumbnail\">\n            <a href=\"https:\/\/ecojardindesgrivauds.fr\/wp-content\/gallery\/2021_08_21-des-melons-et-de-la-rhubarbe\/2021-08-16_11-35-52.jpg\"\n               title=\"Une s\u00e9taire\"\n               data-src=\"https:\/\/ecojardindesgrivauds.fr\/wp-content\/gallery\/2021_08_21-des-melons-et-de-la-rhubarbe\/2021-08-16_11-35-52.jpg\"\n               data-thumbnail=\"https:\/\/ecojardindesgrivauds.fr\/wp-content\/gallery\/2021_08_21-des-melons-et-de-la-rhubarbe\/thumbs\/thumbs_2021-08-16_11-35-52.jpg\"\n               data-image-id=\"2689\"\n               data-title=\"2021-08-16_11-35-52\"\n               data-description=\"Une s\u00e9taire\"\n               data-image-slug=\"2021-08-16_11-35-52\"\n               class=\"ngg-fancybox\" rel=\"547d3c35b500ed6130271ed03b362c4b\">\n                <img\n                    title=\"2021-08-16_11-35-52\"\n                    alt=\"2021-08-16_11-35-52\"\n                    src=\"https:\/\/ecojardindesgrivauds.fr\/wp-content\/gallery\/2021_08_21-des-melons-et-de-la-rhubarbe\/thumbs\/thumbs_2021-08-16_11-35-52.jpg\"\n                    width=\"240\"\n                    height=\"160\"\n                    style=\"max-width:100%;\"\n                \/>\n            <\/a>\n        <\/div>\n\t\t\t\t\t\t\t<\/div> \n\t\t\t\n        \n\t\t\t\t<div id=\"ngg-image-3\" class=\"ngg-gallery-thumbnail-box\" >\n\t\t\t\t        <div class=\"ngg-gallery-thumbnail\">\n            <a href=\"https:\/\/ecojardindesgrivauds.fr\/wp-content\/gallery\/2021_08_21-des-melons-et-de-la-rhubarbe\/2021-08-17_11-15-57.jpg\"\n               title=\"Serait-ce du millet ? (Panicum miliaceum)\"\n               data-src=\"https:\/\/ecojardindesgrivauds.fr\/wp-content\/gallery\/2021_08_21-des-melons-et-de-la-rhubarbe\/2021-08-17_11-15-57.jpg\"\n               data-thumbnail=\"https:\/\/ecojardindesgrivauds.fr\/wp-content\/gallery\/2021_08_21-des-melons-et-de-la-rhubarbe\/thumbs\/thumbs_2021-08-17_11-15-57.jpg\"\n               data-image-id=\"2691\"\n               data-title=\"2021-08-17_11-15-57\"\n               data-description=\"Serait-ce du millet ? (Panicum miliaceum)\"\n               data-image-slug=\"2021-08-17_11-15-57\"\n               class=\"ngg-fancybox\" rel=\"547d3c35b500ed6130271ed03b362c4b\">\n                <img\n                    title=\"2021-08-17_11-15-57\"\n                    alt=\"2021-08-17_11-15-57\"\n                    src=\"https:\/\/ecojardindesgrivauds.fr\/wp-content\/gallery\/2021_08_21-des-melons-et-de-la-rhubarbe\/thumbs\/thumbs_2021-08-17_11-15-57.jpg\"\n                    width=\"240\"\n                    height=\"160\"\n                    style=\"max-width:100%;\"\n                \/>\n            <\/a>\n        <\/div>\n\t\t\t\t\t\t\t<\/div> \n\t\t\t\n        \n\t\t\t\t<div id=\"ngg-image-4\" class=\"ngg-gallery-thumbnail-box\" >\n\t\t\t\t        <div class=\"ngg-gallery-thumbnail\">\n            <a href=\"https:\/\/ecojardindesgrivauds.fr\/wp-content\/gallery\/2021_08_21-des-melons-et-de-la-rhubarbe\/2021-08-17_16-35-03.jpg\"\n               title=\"Lycope d&#039;Europe (Lycopus europaeus)\"\n               data-src=\"https:\/\/ecojardindesgrivauds.fr\/wp-content\/gallery\/2021_08_21-des-melons-et-de-la-rhubarbe\/2021-08-17_16-35-03.jpg\"\n               data-thumbnail=\"https:\/\/ecojardindesgrivauds.fr\/wp-content\/gallery\/2021_08_21-des-melons-et-de-la-rhubarbe\/thumbs\/thumbs_2021-08-17_16-35-03.jpg\"\n               data-image-id=\"2693\"\n               data-title=\"2021-08-17_16-35-03\"\n               data-description=\"Lycope d&#039;Europe (Lycopus europaeus)\"\n               data-image-slug=\"2021-08-17_16-35-03\"\n               class=\"ngg-fancybox\" rel=\"547d3c35b500ed6130271ed03b362c4b\">\n                <img\n                    title=\"2021-08-17_16-35-03\"\n                    alt=\"2021-08-17_16-35-03\"\n                    src=\"https:\/\/ecojardindesgrivauds.fr\/wp-content\/gallery\/2021_08_21-des-melons-et-de-la-rhubarbe\/thumbs\/thumbs_2021-08-17_16-35-03.jpg\"\n                    width=\"240\"\n                    height=\"160\"\n                    style=\"max-width:100%;\"\n                \/>\n            <\/a>\n        <\/div>\n\t\t\t\t\t\t\t<\/div> \n\t\t\t\n        \n\t\t\t\t<div id=\"ngg-image-5\" class=\"ngg-gallery-thumbnail-box\" >\n\t\t\t\t        <div class=\"ngg-gallery-thumbnail\">\n            <a href=\"https:\/\/ecojardindesgrivauds.fr\/wp-content\/gallery\/2021_08_21-des-melons-et-de-la-rhubarbe\/2021-08-17_16-34-59.jpg\"\n               title=\"Lycode d&#039;Europe, d\u00e9tail\"\n               data-src=\"https:\/\/ecojardindesgrivauds.fr\/wp-content\/gallery\/2021_08_21-des-melons-et-de-la-rhubarbe\/2021-08-17_16-34-59.jpg\"\n               data-thumbnail=\"https:\/\/ecojardindesgrivauds.fr\/wp-content\/gallery\/2021_08_21-des-melons-et-de-la-rhubarbe\/thumbs\/thumbs_2021-08-17_16-34-59.jpg\"\n               data-image-id=\"2692\"\n               data-title=\"2021-08-17_16-34-59\"\n               data-description=\"Lycode d&#039;Europe, d\u00e9tail\"\n               data-image-slug=\"2021-08-17_16-34-59\"\n               class=\"ngg-fancybox\" rel=\"547d3c35b500ed6130271ed03b362c4b\">\n                <img\n                    title=\"2021-08-17_16-34-59\"\n                    alt=\"2021-08-17_16-34-59\"\n                    src=\"https:\/\/ecojardindesgrivauds.fr\/wp-content\/gallery\/2021_08_21-des-melons-et-de-la-rhubarbe\/thumbs\/thumbs_2021-08-17_16-34-59.jpg\"\n                    width=\"240\"\n                    height=\"160\"\n                    style=\"max-width:100%;\"\n                \/>\n            <\/a>\n        <\/div>\n\t\t\t\t\t\t\t<\/div> \n\t\t\t\n        \n\t\t\t\t<div id=\"ngg-image-6\" class=\"ngg-gallery-thumbnail-box\" >\n\t\t\t\t        <div class=\"ngg-gallery-thumbnail\">\n            <a href=\"https:\/\/ecojardindesgrivauds.fr\/wp-content\/gallery\/2021_08_21-des-melons-et-de-la-rhubarbe\/2021-08-19_09-03-33.jpg\"\n               title=\"Chenille du Paon du jour (Inachis io), qu&#039;on retrouve sans surprise sur une ortie !\"\n               data-src=\"https:\/\/ecojardindesgrivauds.fr\/wp-content\/gallery\/2021_08_21-des-melons-et-de-la-rhubarbe\/2021-08-19_09-03-33.jpg\"\n               data-thumbnail=\"https:\/\/ecojardindesgrivauds.fr\/wp-content\/gallery\/2021_08_21-des-melons-et-de-la-rhubarbe\/thumbs\/thumbs_2021-08-19_09-03-33.jpg\"\n               data-image-id=\"2696\"\n               data-title=\"2021-08-19_09-03-33\"\n               data-description=\"Chenille du Paon du jour (Inachis io), qu&#039;on retrouve sans surprise sur une ortie !\"\n               data-image-slug=\"2021-08-19_09-03-33\"\n               class=\"ngg-fancybox\" rel=\"547d3c35b500ed6130271ed03b362c4b\">\n                <img\n                    title=\"2021-08-19_09-03-33\"\n                    alt=\"2021-08-19_09-03-33\"\n                    src=\"https:\/\/ecojardindesgrivauds.fr\/wp-content\/gallery\/2021_08_21-des-melons-et-de-la-rhubarbe\/thumbs\/thumbs_2021-08-19_09-03-33.jpg\"\n                    width=\"240\"\n                    height=\"160\"\n                    style=\"max-width:100%;\"\n                \/>\n            <\/a>\n        <\/div>\n\t\t\t\t\t\t\t<\/div> \n\t\t\t\n        \n\t\t\t\t<div id=\"ngg-image-7\" class=\"ngg-gallery-thumbnail-box\" >\n\t\t\t\t        <div class=\"ngg-gallery-thumbnail\">\n            <a href=\"https:\/\/ecojardindesgrivauds.fr\/wp-content\/gallery\/2021_08_21-des-melons-et-de-la-rhubarbe\/2021-08-20_09-44-19.jpg\"\n               title=\"Epeire \u00e0 quatre points, ou Epeire carr\u00e9e (Araneus quadratus)\"\n               data-src=\"https:\/\/ecojardindesgrivauds.fr\/wp-content\/gallery\/2021_08_21-des-melons-et-de-la-rhubarbe\/2021-08-20_09-44-19.jpg\"\n               data-thumbnail=\"https:\/\/ecojardindesgrivauds.fr\/wp-content\/gallery\/2021_08_21-des-melons-et-de-la-rhubarbe\/thumbs\/thumbs_2021-08-20_09-44-19.jpg\"\n               data-image-id=\"2698\"\n               data-title=\"2021-08-20_09-44-19\"\n               data-description=\"Epeire \u00e0 quatre points, ou Epeire carr\u00e9e (Araneus quadratus)\"\n               data-image-slug=\"2021-08-20_09-44-19\"\n               class=\"ngg-fancybox\" rel=\"547d3c35b500ed6130271ed03b362c4b\">\n                <img\n                    title=\"2021-08-20_09-44-19\"\n                    alt=\"2021-08-20_09-44-19\"\n                    src=\"https:\/\/ecojardindesgrivauds.fr\/wp-content\/gallery\/2021_08_21-des-melons-et-de-la-rhubarbe\/thumbs\/thumbs_2021-08-20_09-44-19.jpg\"\n                    width=\"240\"\n                    height=\"160\"\n                    style=\"max-width:100%;\"\n                \/>\n            <\/a>\n        <\/div>\n\t\t\t\t\t\t\t<\/div> \n\t\t\t\n        \n\t\t\t\t<div id=\"ngg-image-8\" class=\"ngg-gallery-thumbnail-box\" >\n\t\t\t\t        <div class=\"ngg-gallery-thumbnail\">\n            <a href=\"https:\/\/ecojardindesgrivauds.fr\/wp-content\/gallery\/2021_08_21-des-melons-et-de-la-rhubarbe\/2021-08-18_14-46-14.jpg\"\n               title=\"On dirait une araign\u00e9e... Mais ce n&#039;en est pas une ! Les Opilions, ou Faucheux, font partie de l&#039;ordre des Arachnides, tout comme les scorpions, les acariens, les tiques... et les araign\u00e9es.\"\n               data-src=\"https:\/\/ecojardindesgrivauds.fr\/wp-content\/gallery\/2021_08_21-des-melons-et-de-la-rhubarbe\/2021-08-18_14-46-14.jpg\"\n               data-thumbnail=\"https:\/\/ecojardindesgrivauds.fr\/wp-content\/gallery\/2021_08_21-des-melons-et-de-la-rhubarbe\/thumbs\/thumbs_2021-08-18_14-46-14.jpg\"\n               data-image-id=\"2694\"\n               data-title=\"2021-08-18_14-46-14\"\n               data-description=\"On dirait une araign\u00e9e... Mais ce n&#039;en est pas une ! Les Opilions, ou Faucheux, font partie de l&#039;ordre des Arachnides, tout comme les scorpions, les acariens, les tiques... et les araign\u00e9es.\"\n               data-image-slug=\"2021-08-18_14-46-14\"\n               class=\"ngg-fancybox\" rel=\"547d3c35b500ed6130271ed03b362c4b\">\n                <img\n                    title=\"2021-08-18_14-46-14\"\n                    alt=\"2021-08-18_14-46-14\"\n                    src=\"https:\/\/ecojardindesgrivauds.fr\/wp-content\/gallery\/2021_08_21-des-melons-et-de-la-rhubarbe\/thumbs\/thumbs_2021-08-18_14-46-14.jpg\"\n                    width=\"240\"\n                    height=\"160\"\n                    style=\"max-width:100%;\"\n                \/>\n            <\/a>\n        <\/div>\n\t\t\t\t\t\t\t<\/div> \n\t\t\t\n        \n\t\t\t\t<div id=\"ngg-image-9\" class=\"ngg-gallery-thumbnail-box\" >\n\t\t\t\t        <div class=\"ngg-gallery-thumbnail\">\n            <a href=\"https:\/\/ecojardindesgrivauds.fr\/wp-content\/gallery\/2021_08_21-des-melons-et-de-la-rhubarbe\/2021-08-18_14-47-23.jpg\"\n               title=\"Des Opilions en plein congr\u00e8s\"\n               data-src=\"https:\/\/ecojardindesgrivauds.fr\/wp-content\/gallery\/2021_08_21-des-melons-et-de-la-rhubarbe\/2021-08-18_14-47-23.jpg\"\n               data-thumbnail=\"https:\/\/ecojardindesgrivauds.fr\/wp-content\/gallery\/2021_08_21-des-melons-et-de-la-rhubarbe\/thumbs\/thumbs_2021-08-18_14-47-23.jpg\"\n               data-image-id=\"2695\"\n               data-title=\"2021-08-18_14-47-23\"\n               data-description=\"Des Opilions en plein congr\u00e8s\"\n               data-image-slug=\"2021-08-18_14-47-23\"\n               class=\"ngg-fancybox\" rel=\"547d3c35b500ed6130271ed03b362c4b\">\n                <img\n                    title=\"2021-08-18_14-47-23\"\n                    alt=\"2021-08-18_14-47-23\"\n                    src=\"https:\/\/ecojardindesgrivauds.fr\/wp-content\/gallery\/2021_08_21-des-melons-et-de-la-rhubarbe\/thumbs\/thumbs_2021-08-18_14-47-23.jpg\"\n                    width=\"240\"\n                    height=\"160\"\n                    style=\"max-width:100%;\"\n                \/>\n            <\/a>\n        <\/div>\n\t\t\t\t\t\t\t<\/div> \n\t\t\t\n        \n\t\t\n\t\t<!-- Pagination -->\n\t<div class='ngg-clear'><\/div>\t<\/div>\n\n","protected":false},"excerpt":{"rendered":"<p>Aux Grivauds, on assume d&rsquo;avoir des melons un peu tard en saison. Pour deux raisons. D&rsquo;abord, parce que les melons qui m\u00fbrissent en ao\u00fbt ont un incroyable go\u00fbt de miel. Ensuite parce que ce sont des melons qu&rsquo;on peut installer apr\u00e8s une culture de printemps (par exemple apr\u00e8s des carottes ou des navets nouveaux). Ils &hellip; <\/p>\n<p class=\"link-more\"><a href=\"https:\/\/ecojardindesgrivauds.fr\/?p=8232\" class=\"more-link\">Continuer la lecture<span class=\"screen-reader-text\"> de &laquo;&nbsp;Des melons et de la rhubarbe&nbsp;&raquo;<\/span><\/a><\/p>\n","protected":false},"author":1,"featured_media":0,"comment_status":"open","ping_status":"open","sticky":false,"template":"","format":"standard","meta":{"ngg_post_thumbnail":0},"categories":[1],"tags":[],"_links":{"self":[{"href":"https:\/\/ecojardindesgrivauds.fr\/index.php?rest_route=\/wp\/v2\/posts\/8232"}],"collection":[{"href":"https:\/\/ecojardindesgrivauds.fr\/index.php?rest_route=\/wp\/v2\/posts"}],"about":[{"href":"https:\/\/ecojardindesgrivauds.fr\/index.php?rest_route=\/wp\/v2\/types\/post"}],"author":[{"embeddable":true,"href":"https:\/\/ecojardindesgrivauds.fr\/index.php?rest_route=\/wp\/v2\/users\/1"}],"replies":[{"embeddable":true,"href":"https:\/\/ecojardindesgrivauds.fr\/index.php?rest_route=%2Fwp%2Fv2%2Fcomments&post=8232"}],"version-history":[{"count":6,"href":"https:\/\/ecojardindesgrivauds.fr\/index.php?rest_route=\/wp\/v2\/posts\/8232\/revisions"}],"predecessor-version":[{"id":8261,"href":"https:\/\/ecojardindesgrivauds.fr\/index.php?rest_route=\/wp\/v2\/posts\/8232\/revisions\/8261"}],"wp:attachment":[{"href":"https:\/\/ecojardindesgrivauds.fr\/index.php?rest_route=%2Fwp%2Fv2%2Fmedia&parent=8232"}],"wp:term":[{"taxonomy":"category","embeddable":true,"href":"https:\/\/ecojardindesgrivauds.fr\/index.php?rest_route=%2Fwp%2Fv2%2Fcategories&post=8232"},{"taxonomy":"post_tag","embeddable":true,"href":"https:\/\/ecojardindesgrivauds.fr\/index.php?rest_route=%2Fwp%2Fv2%2Ftags&post=8232"}],"curies":[{"name":"wp","href":"https:\/\/api.w.org\/{rel}","templated":true}]}}