{"id":8263,"date":"2021-08-28T23:09:40","date_gmt":"2021-08-28T21:09:40","guid":{"rendered":"http:\/\/ecojardindesgrivauds.fr\/?p=8263"},"modified":"2021-08-28T23:09:40","modified_gmt":"2021-08-28T21:09:40","slug":"umami","status":"publish","type":"post","link":"https:\/\/ecojardindesgrivauds.fr\/?p=8263","title":{"rendered":"Umami"},"content":{"rendered":"\n<figure class=\"wp-block-image size-full is-style-default\"><a href=\"http:\/\/ecojardindesgrivauds.fr\/wp-content\/uploads\/2021\/08\/2021-08-28_16-32-04.jpg\"><img decoding=\"async\" loading=\"lazy\" width=\"1024\" height=\"768\" src=\"http:\/\/ecojardindesgrivauds.fr\/wp-content\/uploads\/2021\/08\/2021-08-28_16-32-04.jpg\" alt=\"\" class=\"wp-image-8276\" srcset=\"https:\/\/ecojardindesgrivauds.fr\/wp-content\/uploads\/2021\/08\/2021-08-28_16-32-04.jpg 1024w, https:\/\/ecojardindesgrivauds.fr\/wp-content\/uploads\/2021\/08\/2021-08-28_16-32-04-300x225.jpg 300w, https:\/\/ecojardindesgrivauds.fr\/wp-content\/uploads\/2021\/08\/2021-08-28_16-32-04-768x576.jpg 768w\" sizes=\"(max-width: 767px) 89vw, (max-width: 1000px) 54vw, (max-width: 1071px) 543px, 580px\" \/><\/a><figcaption>Tomates cerise \u00abGreen Grape\u00bb, des fruits au go\u00fbt surprenant<\/figcaption><\/figure>\n\n\n\n<p>Les tomates sont l\u00e0, nombreuses, g\u00e9n\u00e9reuses, color\u00e9es, app\u00e9tissantes. Les esprits chagrins mentionneront que les taux de sucre sont bas cette ann\u00e9e, notamment parce que les tomates m\u00fbrissent presque sans soleil. N&#8217;emp\u00eache, elles sont excellentes ! Et, non, cette fois-ci, je ne vais pas vous ressortir le couplet sur l&rsquo;effet terroir en MSV. M\u00eame si \u00e7a me d\u00e9mange. Non, aujourd&rsquo;hui, j&rsquo;ai envie de partager avec vous une d\u00e9couverte. Tout part d&rsquo;un constat : les petites mains des Grivauds pl\u00e9biscitent r\u00e9guli\u00e8rement nos tomates cerise. Et notamment nos tomates jaunes (vari\u00e9t\u00e9 Green Grape). J&rsquo;entends un peu de tout \u00e0 propos de ces tomates, et notamment qu&rsquo;elles sont tr\u00e8s sucr\u00e9es, ce avec quoi je suis partiellement d&rsquo;accord. Adeline, de retour aux Grivauds pour 3 semaines de stage, m&rsquo;explique son ressenti : \u00abon a l&rsquo;impression de recevoir un c\u00e2lin quand on mange cette tomate\u00bb. Bon. Il y a visiblement une saveur dans cette tomate qu&rsquo;on ne retrouve pas ailleurs. Mais comment la d\u00e9crire ? J&rsquo;essaie de me souvenir du vocabulaire utilis\u00e9 par les amateurs de vin ou de th\u00e9. Souvent, pour d\u00e9crire une saveur, on la compare \u00e0 d&rsquo;autres r\u00e9f\u00e9rences. Par exemples d&rsquo;autres fruits. Mais l\u00e0, je suis un peu \u00e0 la peine. Alors, je convoque mes saveurs primaires : sucr\u00e9, sal\u00e9, acide, amer et umami. Sucr\u00e9, certainement. Amer, non. Acide, un peu. Sal\u00e9 ? Tiens, je ressens bien une nuance min\u00e9rale. Mais je ne dirais pas que c&rsquo;est sal\u00e9, non. Umami ? \u00c7a, jusqu&rsquo;\u00e0 il y a peu, je connaissais mal. Heureusement, sur France Inter, cet \u00e9t\u00e9, il y a eu une s\u00e9rie d&rsquo;\u00e9missions, qui, sous le titre de \u00abSaveurs savantes\u00bb, explorait le go\u00fbt sous toutes ses formes. Et <a href=\"https:\/\/www.franceinter.fr\/emissions\/saveurs-savantes\/umami-5-9\" data-type=\"URL\" data-id=\"https:\/\/www.franceinter.fr\/emissions\/saveurs-savantes\/umami-5-9\">dans l&rsquo;\u00e9pisode traitant de l&rsquo;umami<\/a>, j&rsquo;ai eu la confirmation que les tomates d\u00e9clenchent bien la sensation d&rsquo;umami dans la bouche. De quoi s&rsquo;agit-il ? Y a-t-il un rapport avec le plaisir qu&rsquo;on prend \u00e0 d\u00e9guster une Green Grape ? Explorons cette piste ensemble.<\/p>\n\n\n\n<div class=\"wp-block-image is-style-default\"><figure class=\"alignleft size-medium\"><a href=\"http:\/\/ecojardindesgrivauds.fr\/wp-content\/uploads\/2021\/08\/2021-08-26_15-32-56.jpg\"><img decoding=\"async\" loading=\"lazy\" width=\"300\" height=\"225\" src=\"http:\/\/ecojardindesgrivauds.fr\/wp-content\/uploads\/2021\/08\/2021-08-26_15-32-56-300x225.jpg\" alt=\"\" class=\"wp-image-8273\" srcset=\"https:\/\/ecojardindesgrivauds.fr\/wp-content\/uploads\/2021\/08\/2021-08-26_15-32-56-300x225.jpg 300w, https:\/\/ecojardindesgrivauds.fr\/wp-content\/uploads\/2021\/08\/2021-08-26_15-32-56-768x575.jpg 768w, https:\/\/ecojardindesgrivauds.fr\/wp-content\/uploads\/2021\/08\/2021-08-26_15-32-56.jpg 1024w\" sizes=\"(max-width: 300px) 100vw, 300px\" \/><\/a><figcaption>Les Earl of Edgecomb, des tomates de fin de saison, charnues et d\u00e9licieuses<\/figcaption><\/figure><\/div>\n\n\n\n<p>La saveur umami, on la conna\u00eet mal en Europe. La faute \u00e0 notre \u00e9ducation au go\u00fbt, tout simplement. Parce que d&rsquo;un point de vue morphologique, nos papilles sont les m\u00eames que celles d&rsquo;un japonais alors il n&rsquo;y a pas de raison qu&rsquo;on y reste indiff\u00e9rents. Pour faire simple, il existe sur notre langue des cellules sp\u00e9cialis\u00e9es dans la d\u00e9tection de trois mol\u00e9cules : le glutamate (ainsi que sa forme acide, l&rsquo;acide glutamique), la guanosine monophosphate (GMP) et l&rsquo;inosine monophosphate (IMP). C&rsquo;est cette d\u00e9tection qui provoque la sensation umami, sensation agr\u00e9able et persistante. La saveur umami cr\u00e9e, qui plus est, un certain \u00abconfort de bouche\u00bb, notamment en stimulant la salivation. Les tomates m\u00fbres, et notamment les tomates cerise, contiennent de l&rsquo;acide glutamique et procurent donc bien une sensation umami. Je parierais gros que les Green Grape en contiennent une dose sup\u00e9rieure \u00e0 la moyenne ! Et parmi nos autres tomates, celles qui me paraissent le plus umami sont de nouveau celles de couleur orange (de vari\u00e9t\u00e9 Earl of Edgecomb). D&rsquo;autres l\u00e9gumes ont un go\u00fbt umami mais ils sont rares : les asperges, les brocolis, les \u00e9pinards, les champignons&#8230;<\/p>\n\n\n\n<p>Umami ou non, nos tomates ont \u00e9t\u00e9 r\u00e9colt\u00e9es avec comp\u00e9tence par nos petites mains du moment :\u00a0C\u00e9cile (qui nous a quitt\u00e9 en d\u00e9but de semaine), Suzanne (qui est wwoofeuse pour une semaine et qui n&rsquo;est pas vraiment d\u00e9butante&#8230;), Adeline (qu&rsquo;on ne pr\u00e9sente plus) et \u00c9tienne, son compagnon (qui a un statut de wwoofeur mais qui, en plus, nous concocte des petits plats m\u00e9morables). Alors, oui, il y a un peu de t\u00e9lescopage, mais c&rsquo;est un peu fortuit. Du coup, tout avance d&rsquo;un coup tr\u00e8s vite. On r\u00e9colte, on plante (des navets, des radis et de la m\u00e2che), on d\u00e9sherbe, on palisse et on pr\u00e9pare des colis de tomates. Bref, c&rsquo;est pas parce qu&rsquo;on est nombreux qu&rsquo;on joue aux d\u00e9s ou qu&rsquo;on sirote des Pi\u00f1a coloda, non mais !<\/p>\n\n\n\n<p>Bon, alors, qui reprend de la tomate, du coup ?<\/p>\n\n\n\n<p><em>\u00c0 la semaine prochaine !<\/em><\/p>\n\n\n\n<!-- index.php -->\n<div\n\tclass=\"ngg-galleryoverview ngg-ajax-pagination-none\"\n\tid=\"ngg-gallery-d6317f68c210060b676d0556f1ca6d58-1\">\n\n    \t\t<!-- Thumbnails -->\n\t\t\t\t<div id=\"ngg-image-0\" class=\"ngg-gallery-thumbnail-box\" >\n\t\t\t\t        <div class=\"ngg-gallery-thumbnail\">\n            <a href=\"https:\/\/ecojardindesgrivauds.fr\/wp-content\/gallery\/2021_08_28-umami\/2021-08-23_15-35-39.jpg\"\n               title=\"Adeline \u00e0 la r\u00e9colte des haricots\"\n               data-src=\"https:\/\/ecojardindesgrivauds.fr\/wp-content\/gallery\/2021_08_28-umami\/2021-08-23_15-35-39.jpg\"\n               data-thumbnail=\"https:\/\/ecojardindesgrivauds.fr\/wp-content\/gallery\/2021_08_28-umami\/thumbs\/thumbs_2021-08-23_15-35-39.jpg\"\n               data-image-id=\"2701\"\n               data-title=\"2021-08-23_15-35-39\"\n               data-description=\"Adeline \u00e0 la r\u00e9colte des haricots\"\n               data-image-slug=\"2021-08-23_15-35-39\"\n               class=\"ngg-fancybox\" rel=\"d6317f68c210060b676d0556f1ca6d58\">\n                <img\n                    title=\"2021-08-23_15-35-39\"\n                    alt=\"2021-08-23_15-35-39\"\n                    src=\"https:\/\/ecojardindesgrivauds.fr\/wp-content\/gallery\/2021_08_28-umami\/thumbs\/thumbs_2021-08-23_15-35-39.jpg\"\n                    width=\"240\"\n                    height=\"160\"\n                    style=\"max-width:100%;\"\n                \/>\n            <\/a>\n        <\/div>\n\t\t\t\t\t\t\t<\/div> \n\t\t\t\n        \n\t\t\t\t<div id=\"ngg-image-1\" class=\"ngg-gallery-thumbnail-box\" >\n\t\t\t\t        <div class=\"ngg-gallery-thumbnail\">\n            <a href=\"https:\/\/ecojardindesgrivauds.fr\/wp-content\/gallery\/2021_08_28-umami\/2021-08-24_09-11-53.jpg\"\n               title=\"Plantation des derniers navets par \u00c9tienne, Suzanne et Adeline\"\n               data-src=\"https:\/\/ecojardindesgrivauds.fr\/wp-content\/gallery\/2021_08_28-umami\/2021-08-24_09-11-53.jpg\"\n               data-thumbnail=\"https:\/\/ecojardindesgrivauds.fr\/wp-content\/gallery\/2021_08_28-umami\/thumbs\/thumbs_2021-08-24_09-11-53.jpg\"\n               data-image-id=\"2702\"\n               data-title=\"2021-08-24_09-11-53\"\n               data-description=\"Plantation des derniers navets par \u00c9tienne, Suzanne et Adeline\"\n               data-image-slug=\"2021-08-24_09-11-53\"\n               class=\"ngg-fancybox\" rel=\"d6317f68c210060b676d0556f1ca6d58\">\n                <img\n                    title=\"2021-08-24_09-11-53\"\n                    alt=\"2021-08-24_09-11-53\"\n                    src=\"https:\/\/ecojardindesgrivauds.fr\/wp-content\/gallery\/2021_08_28-umami\/thumbs\/thumbs_2021-08-24_09-11-53.jpg\"\n                    width=\"240\"\n                    height=\"160\"\n                    style=\"max-width:100%;\"\n                \/>\n            <\/a>\n        <\/div>\n\t\t\t\t\t\t\t<\/div> \n\t\t\t\n        \n\t\t\t\t<div id=\"ngg-image-2\" class=\"ngg-gallery-thumbnail-box\" >\n\t\t\t\t        <div class=\"ngg-gallery-thumbnail\">\n            <a href=\"https:\/\/ecojardindesgrivauds.fr\/wp-content\/gallery\/2021_08_28-umami\/2021-08-24_15-14-06.jpg\"\n               title=\"Adeline d\u00e9couvre la saveur des fleurs de Capucine !\"\n               data-src=\"https:\/\/ecojardindesgrivauds.fr\/wp-content\/gallery\/2021_08_28-umami\/2021-08-24_15-14-06.jpg\"\n               data-thumbnail=\"https:\/\/ecojardindesgrivauds.fr\/wp-content\/gallery\/2021_08_28-umami\/thumbs\/thumbs_2021-08-24_15-14-06.jpg\"\n               data-image-id=\"2703\"\n               data-title=\"2021-08-24_15-14-06\"\n               data-description=\"Adeline d\u00e9couvre la saveur des fleurs de Capucine !\"\n               data-image-slug=\"2021-08-24_15-14-06\"\n               class=\"ngg-fancybox\" rel=\"d6317f68c210060b676d0556f1ca6d58\">\n                <img\n                    title=\"2021-08-24_15-14-06\"\n                    alt=\"2021-08-24_15-14-06\"\n                    src=\"https:\/\/ecojardindesgrivauds.fr\/wp-content\/gallery\/2021_08_28-umami\/thumbs\/thumbs_2021-08-24_15-14-06.jpg\"\n                    width=\"240\"\n                    height=\"160\"\n                    style=\"max-width:100%;\"\n                \/>\n            <\/a>\n        <\/div>\n\t\t\t\t\t\t\t<\/div> \n\t\t\t\n        \n\t\t\t\t<div id=\"ngg-image-3\" class=\"ngg-gallery-thumbnail-box\" >\n\t\t\t\t        <div class=\"ngg-gallery-thumbnail\">\n            <a href=\"https:\/\/ecojardindesgrivauds.fr\/wp-content\/gallery\/2021_08_28-umami\/2021-08-23_15-12-58.jpg\"\n               title=\"\u00c9closion de coccinelles asiatiques\"\n               data-src=\"https:\/\/ecojardindesgrivauds.fr\/wp-content\/gallery\/2021_08_28-umami\/2021-08-23_15-12-58.jpg\"\n               data-thumbnail=\"https:\/\/ecojardindesgrivauds.fr\/wp-content\/gallery\/2021_08_28-umami\/thumbs\/thumbs_2021-08-23_15-12-58.jpg\"\n               data-image-id=\"2699\"\n               data-title=\"2021-08-23_15-12-58\"\n               data-description=\"\u00c9closion de coccinelles asiatiques\"\n               data-image-slug=\"2021-08-23_15-12-58\"\n               class=\"ngg-fancybox\" rel=\"d6317f68c210060b676d0556f1ca6d58\">\n                <img\n                    title=\"2021-08-23_15-12-58\"\n                    alt=\"2021-08-23_15-12-58\"\n                    src=\"https:\/\/ecojardindesgrivauds.fr\/wp-content\/gallery\/2021_08_28-umami\/thumbs\/thumbs_2021-08-23_15-12-58.jpg\"\n                    width=\"240\"\n                    height=\"160\"\n                    style=\"max-width:100%;\"\n                \/>\n            <\/a>\n        <\/div>\n\t\t\t\t\t\t\t<\/div> \n\t\t\t\n        \n\t\t\t\t<div id=\"ngg-image-4\" class=\"ngg-gallery-thumbnail-box\" >\n\t\t\t\t        <div class=\"ngg-gallery-thumbnail\">\n            <a href=\"https:\/\/ecojardindesgrivauds.fr\/wp-content\/gallery\/2021_08_28-umami\/2021-08-23_15-15-04.jpg\"\n               title=\"\u00c9closion de coccinelles asiatiques\"\n               data-src=\"https:\/\/ecojardindesgrivauds.fr\/wp-content\/gallery\/2021_08_28-umami\/2021-08-23_15-15-04.jpg\"\n               data-thumbnail=\"https:\/\/ecojardindesgrivauds.fr\/wp-content\/gallery\/2021_08_28-umami\/thumbs\/thumbs_2021-08-23_15-15-04.jpg\"\n               data-image-id=\"2700\"\n               data-title=\"2021-08-23_15-15-04\"\n               data-description=\"\u00c9closion de coccinelles asiatiques\"\n               data-image-slug=\"2021-08-23_15-15-04\"\n               class=\"ngg-fancybox\" rel=\"d6317f68c210060b676d0556f1ca6d58\">\n                <img\n                    title=\"2021-08-23_15-15-04\"\n                    alt=\"2021-08-23_15-15-04\"\n                    src=\"https:\/\/ecojardindesgrivauds.fr\/wp-content\/gallery\/2021_08_28-umami\/thumbs\/thumbs_2021-08-23_15-15-04.jpg\"\n                    width=\"240\"\n                    height=\"160\"\n                    style=\"max-width:100%;\"\n                \/>\n            <\/a>\n        <\/div>\n\t\t\t\t\t\t\t<\/div> \n\t\t\t\n        \n\t\t\t\t<div id=\"ngg-image-5\" class=\"ngg-gallery-thumbnail-box\" >\n\t\t\t\t        <div class=\"ngg-gallery-thumbnail\">\n            <a href=\"https:\/\/ecojardindesgrivauds.fr\/wp-content\/gallery\/2021_08_28-umami\/2021-08-26_12-34-33.jpg\"\n               title=\"Grand paon de jour\"\n               data-src=\"https:\/\/ecojardindesgrivauds.fr\/wp-content\/gallery\/2021_08_28-umami\/2021-08-26_12-34-33.jpg\"\n               data-thumbnail=\"https:\/\/ecojardindesgrivauds.fr\/wp-content\/gallery\/2021_08_28-umami\/thumbs\/thumbs_2021-08-26_12-34-33.jpg\"\n               data-image-id=\"2704\"\n               data-title=\"2021-08-26_12-34-33\"\n               data-description=\"Grand paon de jour\"\n               data-image-slug=\"2021-08-26_12-34-33\"\n               class=\"ngg-fancybox\" rel=\"d6317f68c210060b676d0556f1ca6d58\">\n                <img\n                    title=\"2021-08-26_12-34-33\"\n                    alt=\"2021-08-26_12-34-33\"\n                    src=\"https:\/\/ecojardindesgrivauds.fr\/wp-content\/gallery\/2021_08_28-umami\/thumbs\/thumbs_2021-08-26_12-34-33.jpg\"\n                    width=\"240\"\n                    height=\"160\"\n                    style=\"max-width:100%;\"\n                \/>\n            <\/a>\n        <\/div>\n\t\t\t\t\t\t\t<\/div> \n\t\t\t\n        \n\t\t\t\t<div id=\"ngg-image-6\" class=\"ngg-gallery-thumbnail-box\" >\n\t\t\t\t        <div class=\"ngg-gallery-thumbnail\">\n            <a href=\"https:\/\/ecojardindesgrivauds.fr\/wp-content\/gallery\/2021_08_28-umami\/2021-08-26_12-35-08.jpg\"\n               title=\"Grand paon de jour\"\n               data-src=\"https:\/\/ecojardindesgrivauds.fr\/wp-content\/gallery\/2021_08_28-umami\/2021-08-26_12-35-08.jpg\"\n               data-thumbnail=\"https:\/\/ecojardindesgrivauds.fr\/wp-content\/gallery\/2021_08_28-umami\/thumbs\/thumbs_2021-08-26_12-35-08.jpg\"\n               data-image-id=\"2705\"\n               data-title=\"2021-08-26_12-35-08\"\n               data-description=\"Grand paon de jour\"\n               data-image-slug=\"2021-08-26_12-35-08\"\n               class=\"ngg-fancybox\" rel=\"d6317f68c210060b676d0556f1ca6d58\">\n                <img\n                    title=\"2021-08-26_12-35-08\"\n                    alt=\"2021-08-26_12-35-08\"\n                    src=\"https:\/\/ecojardindesgrivauds.fr\/wp-content\/gallery\/2021_08_28-umami\/thumbs\/thumbs_2021-08-26_12-35-08.jpg\"\n                    width=\"240\"\n                    height=\"160\"\n                    style=\"max-width:100%;\"\n                \/>\n            <\/a>\n        <\/div>\n\t\t\t\t\t\t\t<\/div> \n\t\t\t\n        \n\t\t\t\t<div id=\"ngg-image-7\" class=\"ngg-gallery-thumbnail-box\" >\n\t\t\t\t        <div class=\"ngg-gallery-thumbnail\">\n            <a href=\"https:\/\/ecojardindesgrivauds.fr\/wp-content\/gallery\/2021_08_28-umami\/2021-08-28_11-35-47.jpg\"\n               title=\"Leste vert\"\n               data-src=\"https:\/\/ecojardindesgrivauds.fr\/wp-content\/gallery\/2021_08_28-umami\/2021-08-28_11-35-47.jpg\"\n               data-thumbnail=\"https:\/\/ecojardindesgrivauds.fr\/wp-content\/gallery\/2021_08_28-umami\/thumbs\/thumbs_2021-08-28_11-35-47.jpg\"\n               data-image-id=\"2708\"\n               data-title=\"2021-08-28_11-35-47\"\n               data-description=\"Leste vert\"\n               data-image-slug=\"2021-08-28_11-35-47\"\n               class=\"ngg-fancybox\" rel=\"d6317f68c210060b676d0556f1ca6d58\">\n                <img\n                    title=\"2021-08-28_11-35-47\"\n                    alt=\"2021-08-28_11-35-47\"\n                    src=\"https:\/\/ecojardindesgrivauds.fr\/wp-content\/gallery\/2021_08_28-umami\/thumbs\/thumbs_2021-08-28_11-35-47.jpg\"\n                    width=\"240\"\n                    height=\"160\"\n                    style=\"max-width:100%;\"\n                \/>\n            <\/a>\n        <\/div>\n\t\t\t\t\t\t\t<\/div> \n\t\t\t\n        \n\t\t\t\t<div id=\"ngg-image-8\" class=\"ngg-gallery-thumbnail-box\" >\n\t\t\t\t        <div class=\"ngg-gallery-thumbnail\">\n            <a href=\"https:\/\/ecojardindesgrivauds.fr\/wp-content\/gallery\/2021_08_28-umami\/2021-08-28_16-44-42.jpg\"\n               title=\"Larve de coccinelle asiatique sur une colonie de pucerons\"\n               data-src=\"https:\/\/ecojardindesgrivauds.fr\/wp-content\/gallery\/2021_08_28-umami\/2021-08-28_16-44-42.jpg\"\n               data-thumbnail=\"https:\/\/ecojardindesgrivauds.fr\/wp-content\/gallery\/2021_08_28-umami\/thumbs\/thumbs_2021-08-28_16-44-42.jpg\"\n               data-image-id=\"2709\"\n               data-title=\"2021-08-28_16-44-42\"\n               data-description=\"Larve de coccinelle asiatique sur une colonie de pucerons\"\n               data-image-slug=\"2021-08-28_16-44-42\"\n               class=\"ngg-fancybox\" rel=\"d6317f68c210060b676d0556f1ca6d58\">\n                <img\n                    title=\"2021-08-28_16-44-42\"\n                    alt=\"2021-08-28_16-44-42\"\n                    src=\"https:\/\/ecojardindesgrivauds.fr\/wp-content\/gallery\/2021_08_28-umami\/thumbs\/thumbs_2021-08-28_16-44-42.jpg\"\n                    width=\"240\"\n                    height=\"160\"\n                    style=\"max-width:100%;\"\n                \/>\n            <\/a>\n        <\/div>\n\t\t\t\t\t\t\t<\/div> \n\t\t\t\n        \n\t\t\t\t<div id=\"ngg-image-9\" class=\"ngg-gallery-thumbnail-box\" >\n\t\t\t\t        <div class=\"ngg-gallery-thumbnail\">\n            <a href=\"https:\/\/ecojardindesgrivauds.fr\/wp-content\/gallery\/2021_08_28-umami\/2021-08-28_16-45-06.jpg\"\n               title=\"\"\n               data-src=\"https:\/\/ecojardindesgrivauds.fr\/wp-content\/gallery\/2021_08_28-umami\/2021-08-28_16-45-06.jpg\"\n               data-thumbnail=\"https:\/\/ecojardindesgrivauds.fr\/wp-content\/gallery\/2021_08_28-umami\/thumbs\/thumbs_2021-08-28_16-45-06.jpg\"\n               data-image-id=\"2711\"\n               data-title=\"2021-08-28_16-45-06\"\n               data-description=\"\"\n               data-image-slug=\"2021-08-28_16-45-06\"\n               class=\"ngg-fancybox\" rel=\"d6317f68c210060b676d0556f1ca6d58\">\n                <img\n                    title=\"2021-08-28_16-45-06\"\n                    alt=\"2021-08-28_16-45-06\"\n                    src=\"https:\/\/ecojardindesgrivauds.fr\/wp-content\/gallery\/2021_08_28-umami\/thumbs\/thumbs_2021-08-28_16-45-06.jpg\"\n                    width=\"240\"\n                    height=\"160\"\n                    style=\"max-width:100%;\"\n                \/>\n            <\/a>\n        <\/div>\n\t\t\t\t\t\t\t<\/div> \n\t\t\t\n        \n\t\t\t\t<div id=\"ngg-image-10\" class=\"ngg-gallery-thumbnail-box\" >\n\t\t\t\t        <div class=\"ngg-gallery-thumbnail\">\n            <a href=\"https:\/\/ecojardindesgrivauds.fr\/wp-content\/gallery\/2021_08_28-umami\/2021-08-27_17-14-20.jpg\"\n               title=\"Sans commentaire\"\n               data-src=\"https:\/\/ecojardindesgrivauds.fr\/wp-content\/gallery\/2021_08_28-umami\/2021-08-27_17-14-20.jpg\"\n               data-thumbnail=\"https:\/\/ecojardindesgrivauds.fr\/wp-content\/gallery\/2021_08_28-umami\/thumbs\/thumbs_2021-08-27_17-14-20.jpg\"\n               data-image-id=\"2707\"\n               data-title=\"2021-08-27_17-14-20\"\n               data-description=\"Sans commentaire\"\n               data-image-slug=\"2021-08-27_17-14-20\"\n               class=\"ngg-fancybox\" rel=\"d6317f68c210060b676d0556f1ca6d58\">\n                <img\n                    title=\"2021-08-27_17-14-20\"\n                    alt=\"2021-08-27_17-14-20\"\n                    src=\"https:\/\/ecojardindesgrivauds.fr\/wp-content\/gallery\/2021_08_28-umami\/thumbs\/thumbs_2021-08-27_17-14-20.jpg\"\n                    width=\"240\"\n                    height=\"160\"\n                    style=\"max-width:100%;\"\n                \/>\n            <\/a>\n        <\/div>\n\t\t\t\t\t\t\t<\/div> \n\t\t\t\n        \n\t\t\n\t\t<!-- Pagination -->\n\t<div class='ngg-clear'><\/div>\t<\/div>\n\n\n\n\n<p><\/p>\n","protected":false},"excerpt":{"rendered":"<p>Les tomates sont l\u00e0, nombreuses, g\u00e9n\u00e9reuses, color\u00e9es, app\u00e9tissantes. Les esprits chagrins mentionneront que les taux de sucre sont bas cette ann\u00e9e, notamment parce que les tomates m\u00fbrissent presque sans soleil. N&#8217;emp\u00eache, elles sont excellentes ! Et, non, cette fois-ci, je ne vais pas vous ressortir le couplet sur l&rsquo;effet terroir en MSV. M\u00eame si \u00e7a &hellip; <\/p>\n<p class=\"link-more\"><a href=\"https:\/\/ecojardindesgrivauds.fr\/?p=8263\" class=\"more-link\">Continuer la lecture<span class=\"screen-reader-text\"> de &laquo;&nbsp;Umami&nbsp;&raquo;<\/span><\/a><\/p>\n","protected":false},"author":1,"featured_media":0,"comment_status":"open","ping_status":"open","sticky":false,"template":"","format":"standard","meta":{"ngg_post_thumbnail":0},"categories":[1],"tags":[],"_links":{"self":[{"href":"https:\/\/ecojardindesgrivauds.fr\/index.php?rest_route=\/wp\/v2\/posts\/8263"}],"collection":[{"href":"https:\/\/ecojardindesgrivauds.fr\/index.php?rest_route=\/wp\/v2\/posts"}],"about":[{"href":"https:\/\/ecojardindesgrivauds.fr\/index.php?rest_route=\/wp\/v2\/types\/post"}],"author":[{"embeddable":true,"href":"https:\/\/ecojardindesgrivauds.fr\/index.php?rest_route=\/wp\/v2\/users\/1"}],"replies":[{"embeddable":true,"href":"https:\/\/ecojardindesgrivauds.fr\/index.php?rest_route=%2Fwp%2Fv2%2Fcomments&post=8263"}],"version-history":[{"count":5,"href":"https:\/\/ecojardindesgrivauds.fr\/index.php?rest_route=\/wp\/v2\/posts\/8263\/revisions"}],"predecessor-version":[{"id":8295,"href":"https:\/\/ecojardindesgrivauds.fr\/index.php?rest_route=\/wp\/v2\/posts\/8263\/revisions\/8295"}],"wp:attachment":[{"href":"https:\/\/ecojardindesgrivauds.fr\/index.php?rest_route=%2Fwp%2Fv2%2Fmedia&parent=8263"}],"wp:term":[{"taxonomy":"category","embeddable":true,"href":"https:\/\/ecojardindesgrivauds.fr\/index.php?rest_route=%2Fwp%2Fv2%2Fcategories&post=8263"},{"taxonomy":"post_tag","embeddable":true,"href":"https:\/\/ecojardindesgrivauds.fr\/index.php?rest_route=%2Fwp%2Fv2%2Ftags&post=8263"}],"curies":[{"name":"wp","href":"https:\/\/api.w.org\/{rel}","templated":true}]}}