{"id":8374,"date":"2021-09-19T08:10:02","date_gmt":"2021-09-19T06:10:02","guid":{"rendered":"http:\/\/ecojardindesgrivauds.fr\/?p=8374"},"modified":"2021-09-19T12:30:56","modified_gmt":"2021-09-19T10:30:56","slug":"toujours-un-temps-davance","status":"publish","type":"post","link":"https:\/\/ecojardindesgrivauds.fr\/?p=8374","title":{"rendered":"Toujours un temps d&rsquo;avance"},"content":{"rendered":"\n<div class=\"wp-block-image is-style-default\"><figure class=\"alignleft size-medium\"><a href=\"http:\/\/ecojardindesgrivauds.fr\/wp-content\/uploads\/2021\/09\/2021-09-18_16-51-14.jpg\"><img decoding=\"async\" loading=\"lazy\" width=\"225\" height=\"300\" src=\"http:\/\/ecojardindesgrivauds.fr\/wp-content\/uploads\/2021\/09\/2021-09-18_16-51-14-225x300.jpg\" alt=\"\" class=\"wp-image-8385\" srcset=\"https:\/\/ecojardindesgrivauds.fr\/wp-content\/uploads\/2021\/09\/2021-09-18_16-51-14-225x300.jpg 225w, https:\/\/ecojardindesgrivauds.fr\/wp-content\/uploads\/2021\/09\/2021-09-18_16-51-14.jpg 768w\" sizes=\"(max-width: 225px) 100vw, 225px\" \/><\/a><figcaption>Un tableau sur papier avec la liste de nos 51 planches, un stylo et un peu de volont\u00e9 et nous voil\u00e0 en train de commencer l&rsquo;assolement 2022 !<\/figcaption><\/figure><\/div>\n\n\n\n<p>\u00c7a y est, aux Grivauds, la saison 2022 a commenc\u00e9 ! Peut-\u00eatre qu&rsquo;on a besoin de s&rsquo;y prendre tr\u00e8s en avance pour avoir l&rsquo;impression d&rsquo;\u00eatre d\u00e9j\u00e0 en train de tourner la page de la saison 2021, l&rsquo;une des plus difficiles qu&rsquo;on ait connues jusqu&rsquo;\u00e0 pr\u00e9sent. Peut-\u00eatre qu&rsquo;on a fini par comprendre, aussi, qu&rsquo;un certain nombre de choses se jouaient maintenant. Par exemple, pass\u00e9 le 1er octobre, c&rsquo;est tr\u00e8s difficile de semer un engrais vert. Et une toile tiss\u00e9e qui n&rsquo;est pas mise en place avant fin-septembre a peu de chance de r\u00e9ussir \u00e0 \u00e9liminer de la potentille avant mai. Jusqu&rsquo;\u00e0 pr\u00e9sent, faute de disposer d&rsquo;un plan d&rsquo;ensemble suffisamment t\u00f4t, on proc\u00e9dait toujours un peu au jug\u00e9 : \u00abl\u00e0, \u00e7a pourrait \u00eatre des oignons, l\u00e0 des choux, l\u00e0 des courges, etc.\u00bb. Et ensuite, au cours de l&rsquo;hiver, on pr\u00e9parait notre assolement en tenant compte de ces d\u00e9cisions prises parfois entre la poire et le fromage. Cette ann\u00e9e, on proc\u00e8de avec anticipation et avec m\u00e9thode. Premi\u00e8rement, on fait le point sur les probl\u00e9matiques propres \u00e0 chaque planche (enherbement, \u00e9tat du paillage, performance agronomique, etc.). Ensuite, on fait l&rsquo;inventaire de nos toiles tiss\u00e9es. On les rassemble et on en fait un tas \u00e0 l&rsquo;entr\u00e9e du champ. La semaine prochaine, on pr\u00e9parera une \u00e9bauche de plan de culture dans Qrop pour conna\u00eetre avec pr\u00e9cision nos besoins. En particulier, il y a une zone de notre champ qu&rsquo;on a envie de \u00abrebooster\u00bb un peu : celle qui est la plus proche de la route. Au programme : un engrais vert sur tout 2022 pour remonter le taux de mati\u00e8re organique et retrouver une bonne fertilit\u00e9. Du coup, \u00e7a signifie qu&rsquo;il nous faudra sans doute ouvrir de nouvelles planches dans le parc des \u00e2nes. Combien ? C&rsquo;est ce qu&rsquo;il faut qu&rsquo;on r\u00e9ussisse \u00e0 estimer.<\/p>\n\n\n\n<div class=\"wp-block-image is-style-default\"><figure class=\"alignright size-medium\"><a href=\"http:\/\/ecojardindesgrivauds.fr\/wp-content\/uploads\/2021\/09\/2021-09-13_11-07-20.jpg\"><img decoding=\"async\" loading=\"lazy\" width=\"300\" height=\"225\" src=\"http:\/\/ecojardindesgrivauds.fr\/wp-content\/uploads\/2021\/09\/2021-09-13_11-07-20-300x225.jpg\" alt=\"\" class=\"wp-image-8377\" srcset=\"https:\/\/ecojardindesgrivauds.fr\/wp-content\/uploads\/2021\/09\/2021-09-13_11-07-20-300x225.jpg 300w, https:\/\/ecojardindesgrivauds.fr\/wp-content\/uploads\/2021\/09\/2021-09-13_11-07-20-768x576.jpg 768w, https:\/\/ecojardindesgrivauds.fr\/wp-content\/uploads\/2021\/09\/2021-09-13_11-07-20.jpg 1024w\" sizes=\"(max-width: 300px) 100vw, 300px\" \/><\/a><figcaption>\u00c9tienne, Amadou et Fabrice inspectent l&rsquo;\u00e9tat du sol sur une future zone d&rsquo;engrais vert<\/figcaption><\/figure><\/div>\n\n\n\n<p><em>\u00abJe ne comprends pas pourquoi la deuxi\u00e8me s\u00e9rie d&rsquo;\u00e9pinards n&rsquo;est pas sem\u00e9e\u00bb<\/em> ai-je demand\u00e9 \u00e0 Fabrice. Qui m&rsquo;a gentiment rappel\u00e9 qu&rsquo;on avait l&rsquo;habitude de semer les \u00e9pinards fin-septembre, pas avant. Ceux qu&rsquo;on vient d&rsquo;installer en serre 5, c&rsquo;est une petite s\u00e9rie pr\u00e9coce d&rsquo;inter-saison, histoire de patienter avant le contingent hivernal. Comme cette ann\u00e9e on est plut\u00f4t \u00e0 l&rsquo;heure sur les installations de l\u00e9gumes d&rsquo;automne, je me sens d\u00e9boussol\u00e9 de ne planter \u00ab\u00a0que\u00a0\u00bb 3 caisses de salades et 2 caisses de persil cette semaine. Et j&rsquo;ai l&rsquo;impression qu&rsquo;on devrait d\u00e9j\u00e0 \u00eatre en train de planter des m\u00e2ches et des \u00e9pinards \u00e0 tour de bras. D\u00e9tends-toi Denis et profitons de cette avance pour planifier la prochaine saison. Et d\u00e9cider, par exemple, de ce qu&rsquo;on va faire de nos fraisiers sous serre. D\u00e9sherbage ? D\u00e9placement ?<\/p>\n\n\n\n<p>\u00c0 la man\u0153uvre cette semaine, deux personnalit\u00e9s importantes de l&rsquo;ann\u00e9e. \u00c9tienne, tout d&rsquo;abord, qui encha\u00eene sa 4\u00e8me et derni\u00e8re semaine de wwoofing aux Grivauds. Autonome sur de nombreuses t\u00e2ches, on a beaucoup profit\u00e9 de son investissement sur la ferme et on a ador\u00e9 ses exp\u00e9riences culinaires. Amadou, ensuite, qui s&rsquo;offre une deuxi\u00e8me semaine de stage chez nous. Toujours aussi souriant et positif, il est partant pour tout : plantation, d\u00e9sherbage, r\u00e9colte, etc. Et on le d\u00e9couvre m\u00eame particuli\u00e8rement habille pour ouvrir des trous au cutter chauff\u00e9 dans nos toiles tiss\u00e9s. Du coup, c&rsquo;est lui qu&rsquo;on place responsable de l&rsquo;ouverture des trous dans les b\u00e2ches de scaroles, de salades et de persil. Le travail avance toujours aussi bien. De nouveau, on a conscience qu&rsquo;on n&rsquo;aurait pas pu \u00eatre aussi \u00e0 l&rsquo;heure sur notre agenda de plantations sans nos petites mains. Une nouvelle fois, on a envie de remercier tous ceux qui sont venus filer un coup de main dans nos cultures. Et l&rsquo;ann\u00e9e n&rsquo;est pas termin\u00e9e&#8230;<\/p>\n\n\n\n<p><em>\u00c0 la semaine prochaine !<\/em><\/p>\n\n\n\n<!-- index.php -->\n<div\n\tclass=\"ngg-galleryoverview ngg-ajax-pagination-none\"\n\tid=\"ngg-gallery-8f3c40f783840eb9e6302879d0293a75-1\">\n\n    \t\t<!-- Thumbnails -->\n\t\t\t\t<div id=\"ngg-image-0\" class=\"ngg-gallery-thumbnail-box\" >\n\t\t\t\t        <div class=\"ngg-gallery-thumbnail\">\n            <a href=\"https:\/\/ecojardindesgrivauds.fr\/wp-content\/gallery\/2021_09_19-assolement-debut\/2021-09-17_08-48-23.jpg\"\n               title=\"C&#039;est rudimentaire, mais, au moins, quand on dira \u00abil faut b\u00e2cher la planche 18\u00bb, on saura rapidement o\u00f9 elle se situe.\"\n               data-src=\"https:\/\/ecojardindesgrivauds.fr\/wp-content\/gallery\/2021_09_19-assolement-debut\/2021-09-17_08-48-23.jpg\"\n               data-thumbnail=\"https:\/\/ecojardindesgrivauds.fr\/wp-content\/gallery\/2021_09_19-assolement-debut\/thumbs\/thumbs_2021-09-17_08-48-23.jpg\"\n               data-image-id=\"2743\"\n               data-title=\"2021-09-17_08-48-23\"\n               data-description=\"C&#039;est rudimentaire, mais, au moins, quand on dira \u00abil faut b\u00e2cher la planche 18\u00bb, on saura rapidement o\u00f9 elle se situe.\"\n               data-image-slug=\"2021-09-17_08-48-23\"\n               class=\"ngg-fancybox\" rel=\"8f3c40f783840eb9e6302879d0293a75\">\n                <img\n                    title=\"2021-09-17_08-48-23\"\n                    alt=\"2021-09-17_08-48-23\"\n                    src=\"https:\/\/ecojardindesgrivauds.fr\/wp-content\/gallery\/2021_09_19-assolement-debut\/thumbs\/thumbs_2021-09-17_08-48-23.jpg\"\n                    width=\"240\"\n                    height=\"160\"\n                    style=\"max-width:100%;\"\n                \/>\n            <\/a>\n        <\/div>\n\t\t\t\t\t\t\t<\/div> \n\t\t\t\n        \n\t\t\t\t<div id=\"ngg-image-1\" class=\"ngg-gallery-thumbnail-box\" >\n\t\t\t\t        <div class=\"ngg-gallery-thumbnail\">\n            <a href=\"https:\/\/ecojardindesgrivauds.fr\/wp-content\/gallery\/2021_09_19-assolement-debut\/2021-09-18_16-51-48.jpg\"\n               title=\"Une quinzaine de toiles tiss\u00e9es pr\u00eates \u00e0 faire feu pour les occultations hivernales !\"\n               data-src=\"https:\/\/ecojardindesgrivauds.fr\/wp-content\/gallery\/2021_09_19-assolement-debut\/2021-09-18_16-51-48.jpg\"\n               data-thumbnail=\"https:\/\/ecojardindesgrivauds.fr\/wp-content\/gallery\/2021_09_19-assolement-debut\/thumbs\/thumbs_2021-09-18_16-51-48.jpg\"\n               data-image-id=\"2746\"\n               data-title=\"2021-09-18_16-51-48\"\n               data-description=\"Une quinzaine de toiles tiss\u00e9es pr\u00eates \u00e0 faire feu pour les occultations hivernales !\"\n               data-image-slug=\"2021-09-18_16-51-48\"\n               class=\"ngg-fancybox\" rel=\"8f3c40f783840eb9e6302879d0293a75\">\n                <img\n                    title=\"2021-09-18_16-51-48\"\n                    alt=\"2021-09-18_16-51-48\"\n                    src=\"https:\/\/ecojardindesgrivauds.fr\/wp-content\/gallery\/2021_09_19-assolement-debut\/thumbs\/thumbs_2021-09-18_16-51-48.jpg\"\n                    width=\"240\"\n                    height=\"160\"\n                    style=\"max-width:100%;\"\n                \/>\n            <\/a>\n        <\/div>\n\t\t\t\t\t\t\t<\/div> \n\t\t\t\n        \n\t\t\t\t<div id=\"ngg-image-2\" class=\"ngg-gallery-thumbnail-box\" >\n\t\t\t\t        <div class=\"ngg-gallery-thumbnail\">\n            <a href=\"https:\/\/ecojardindesgrivauds.fr\/wp-content\/gallery\/2021_09_19-assolement-debut\/2021-09-18_14-36-37.jpg\"\n               title=\"L&#039;engrais vert des futurs choux a tr\u00e8s bien lev\u00e9 ! Le m\u00e9lange est constitu\u00e9 de seigle, de vesce et de phac\u00e9lie.\"\n               data-src=\"https:\/\/ecojardindesgrivauds.fr\/wp-content\/gallery\/2021_09_19-assolement-debut\/2021-09-18_14-36-37.jpg\"\n               data-thumbnail=\"https:\/\/ecojardindesgrivauds.fr\/wp-content\/gallery\/2021_09_19-assolement-debut\/thumbs\/thumbs_2021-09-18_14-36-37.jpg\"\n               data-image-id=\"2745\"\n               data-title=\"2021-09-18_14-36-37\"\n               data-description=\"L&#039;engrais vert des futurs choux a tr\u00e8s bien lev\u00e9 ! Le m\u00e9lange est constitu\u00e9 de seigle, de vesce et de phac\u00e9lie.\"\n               data-image-slug=\"2021-09-18_14-36-37\"\n               class=\"ngg-fancybox\" rel=\"8f3c40f783840eb9e6302879d0293a75\">\n                <img\n                    title=\"2021-09-18_14-36-37\"\n                    alt=\"2021-09-18_14-36-37\"\n                    src=\"https:\/\/ecojardindesgrivauds.fr\/wp-content\/gallery\/2021_09_19-assolement-debut\/thumbs\/thumbs_2021-09-18_14-36-37.jpg\"\n                    width=\"240\"\n                    height=\"160\"\n                    style=\"max-width:100%;\"\n                \/>\n            <\/a>\n        <\/div>\n\t\t\t\t\t\t\t<\/div> \n\t\t\t\n        \n\t\t\t\t<div id=\"ngg-image-3\" class=\"ngg-gallery-thumbnail-box\" >\n\t\t\t\t        <div class=\"ngg-gallery-thumbnail\">\n            <a href=\"https:\/\/ecojardindesgrivauds.fr\/wp-content\/gallery\/2021_09_19-assolement-debut\/2021-09-14_15-57-02.jpg\"\n               title=\"Une future planche de persil tr\u00e8s s\u00e9rieusement r\u00e9hydrat\u00e9e.\"\n               data-src=\"https:\/\/ecojardindesgrivauds.fr\/wp-content\/gallery\/2021_09_19-assolement-debut\/2021-09-14_15-57-02.jpg\"\n               data-thumbnail=\"https:\/\/ecojardindesgrivauds.fr\/wp-content\/gallery\/2021_09_19-assolement-debut\/thumbs\/thumbs_2021-09-14_15-57-02.jpg\"\n               data-image-id=\"2740\"\n               data-title=\"2021-09-14_15-57-02\"\n               data-description=\"Une future planche de persil tr\u00e8s s\u00e9rieusement r\u00e9hydrat\u00e9e.\"\n               data-image-slug=\"2021-09-14_15-57-02\"\n               class=\"ngg-fancybox\" rel=\"8f3c40f783840eb9e6302879d0293a75\">\n                <img\n                    title=\"2021-09-14_15-57-02\"\n                    alt=\"2021-09-14_15-57-02\"\n                    src=\"https:\/\/ecojardindesgrivauds.fr\/wp-content\/gallery\/2021_09_19-assolement-debut\/thumbs\/thumbs_2021-09-14_15-57-02.jpg\"\n                    width=\"240\"\n                    height=\"160\"\n                    style=\"max-width:100%;\"\n                \/>\n            <\/a>\n        <\/div>\n\t\t\t\t\t\t\t<\/div> \n\t\t\t\n        \n\t\t\t\t<div id=\"ngg-image-4\" class=\"ngg-gallery-thumbnail-box\" >\n\t\t\t\t        <div class=\"ngg-gallery-thumbnail\">\n            <a href=\"https:\/\/ecojardindesgrivauds.fr\/wp-content\/gallery\/2021_09_19-assolement-debut\/2021-09-16_09-41-28.jpg\"\n               title=\"Tourn\u00e9e de choux chinois imminente pour l&#039;Amap !\"\n               data-src=\"https:\/\/ecojardindesgrivauds.fr\/wp-content\/gallery\/2021_09_19-assolement-debut\/2021-09-16_09-41-28.jpg\"\n               data-thumbnail=\"https:\/\/ecojardindesgrivauds.fr\/wp-content\/gallery\/2021_09_19-assolement-debut\/thumbs\/thumbs_2021-09-16_09-41-28.jpg\"\n               data-image-id=\"2741\"\n               data-title=\"2021-09-16_09-41-28\"\n               data-description=\"Tourn\u00e9e de choux chinois imminente pour l&#039;Amap !\"\n               data-image-slug=\"2021-09-16_09-41-28\"\n               class=\"ngg-fancybox\" rel=\"8f3c40f783840eb9e6302879d0293a75\">\n                <img\n                    title=\"2021-09-16_09-41-28\"\n                    alt=\"2021-09-16_09-41-28\"\n                    src=\"https:\/\/ecojardindesgrivauds.fr\/wp-content\/gallery\/2021_09_19-assolement-debut\/thumbs\/thumbs_2021-09-16_09-41-28.jpg\"\n                    width=\"240\"\n                    height=\"160\"\n                    style=\"max-width:100%;\"\n                \/>\n            <\/a>\n        <\/div>\n\t\t\t\t\t\t\t<\/div> \n\t\t\t\n        \n\t\t\t\t<div id=\"ngg-image-5\" class=\"ngg-gallery-thumbnail-box\" >\n\t\t\t\t        <div class=\"ngg-gallery-thumbnail\">\n            <a href=\"https:\/\/ecojardindesgrivauds.fr\/wp-content\/gallery\/2021_09_19-assolement-debut\/2021-09-17_08-26-30.jpg\"\n               title=\"La saison des courgettes n&#039;est pas termin\u00e9e !\"\n               data-src=\"https:\/\/ecojardindesgrivauds.fr\/wp-content\/gallery\/2021_09_19-assolement-debut\/2021-09-17_08-26-30.jpg\"\n               data-thumbnail=\"https:\/\/ecojardindesgrivauds.fr\/wp-content\/gallery\/2021_09_19-assolement-debut\/thumbs\/thumbs_2021-09-17_08-26-30.jpg\"\n               data-image-id=\"2742\"\n               data-title=\"2021-09-17_08-26-30\"\n               data-description=\"La saison des courgettes n&#039;est pas termin\u00e9e !\"\n               data-image-slug=\"2021-09-17_08-26-30\"\n               class=\"ngg-fancybox\" rel=\"8f3c40f783840eb9e6302879d0293a75\">\n                <img\n                    title=\"2021-09-17_08-26-30\"\n                    alt=\"2021-09-17_08-26-30\"\n                    src=\"https:\/\/ecojardindesgrivauds.fr\/wp-content\/gallery\/2021_09_19-assolement-debut\/thumbs\/thumbs_2021-09-17_08-26-30.jpg\"\n                    width=\"240\"\n                    height=\"160\"\n                    style=\"max-width:100%;\"\n                \/>\n            <\/a>\n        <\/div>\n\t\t\t\t\t\t\t<\/div> \n\t\t\t\n        \n\t\t\t\t<div id=\"ngg-image-6\" class=\"ngg-gallery-thumbnail-box\" >\n\t\t\t\t        <div class=\"ngg-gallery-thumbnail\">\n            <a href=\"https:\/\/ecojardindesgrivauds.fr\/wp-content\/gallery\/2021_09_19-assolement-debut\/2021-09-17_10-03-36.jpg\"\n               title=\"Batavias et chicor\u00e9es : l&#039;automne devrait nous apporter pas mal de verdure !\"\n               data-src=\"https:\/\/ecojardindesgrivauds.fr\/wp-content\/gallery\/2021_09_19-assolement-debut\/2021-09-17_10-03-36.jpg\"\n               data-thumbnail=\"https:\/\/ecojardindesgrivauds.fr\/wp-content\/gallery\/2021_09_19-assolement-debut\/thumbs\/thumbs_2021-09-17_10-03-36.jpg\"\n               data-image-id=\"2744\"\n               data-title=\"2021-09-17_10-03-36\"\n               data-description=\"Batavias et chicor\u00e9es : l&#039;automne devrait nous apporter pas mal de verdure !\"\n               data-image-slug=\"2021-09-17_10-03-36\"\n               class=\"ngg-fancybox\" rel=\"8f3c40f783840eb9e6302879d0293a75\">\n                <img\n                    title=\"2021-09-17_10-03-36\"\n                    alt=\"2021-09-17_10-03-36\"\n                    src=\"https:\/\/ecojardindesgrivauds.fr\/wp-content\/gallery\/2021_09_19-assolement-debut\/thumbs\/thumbs_2021-09-17_10-03-36.jpg\"\n                    width=\"240\"\n                    height=\"160\"\n                    style=\"max-width:100%;\"\n                \/>\n            <\/a>\n        <\/div>\n\t\t\t\t\t\t\t<\/div> \n\t\t\t\n        \n\t\t\t\t<div id=\"ngg-image-7\" class=\"ngg-gallery-thumbnail-box\" >\n\t\t\t\t        <div class=\"ngg-gallery-thumbnail\">\n            <a href=\"https:\/\/ecojardindesgrivauds.fr\/wp-content\/gallery\/2021_09_19-assolement-debut\/2021-09-14_13-02-52.jpg\"\n               title=\"Papillon souci (Colias crocea)\"\n               data-src=\"https:\/\/ecojardindesgrivauds.fr\/wp-content\/gallery\/2021_09_19-assolement-debut\/2021-09-14_13-02-52.jpg\"\n               data-thumbnail=\"https:\/\/ecojardindesgrivauds.fr\/wp-content\/gallery\/2021_09_19-assolement-debut\/thumbs\/thumbs_2021-09-14_13-02-52.jpg\"\n               data-image-id=\"2739\"\n               data-title=\"2021-09-14_13-02-52\"\n               data-description=\"Papillon souci (Colias crocea)\"\n               data-image-slug=\"2021-09-14_13-02-52\"\n               class=\"ngg-fancybox\" rel=\"8f3c40f783840eb9e6302879d0293a75\">\n                <img\n                    title=\"2021-09-14_13-02-52\"\n                    alt=\"2021-09-14_13-02-52\"\n                    src=\"https:\/\/ecojardindesgrivauds.fr\/wp-content\/gallery\/2021_09_19-assolement-debut\/thumbs\/thumbs_2021-09-14_13-02-52.jpg\"\n                    width=\"240\"\n                    height=\"160\"\n                    style=\"max-width:100%;\"\n                \/>\n            <\/a>\n        <\/div>\n\t\t\t\t\t\t\t<\/div> \n\t\t\t\n        \n\t\t\t\t<div id=\"ngg-image-8\" class=\"ngg-gallery-thumbnail-box\" >\n\t\t\t\t        <div class=\"ngg-gallery-thumbnail\">\n            <a href=\"https:\/\/ecojardindesgrivauds.fr\/wp-content\/gallery\/2021_09_19-assolement-debut\/Gaec-Grivauds.jpeg\"\n               title=\"Un photographe professionnel (Jean-Christophe Giraud) est venu prendre des photos pour le guide des producteurs de Vichy. Merci \u00e0 lui pour les clich\u00e9s compl\u00e9mentaires qu&#039;il nous a offerts \u00e0 l&#039;occasion.\"\n               data-src=\"https:\/\/ecojardindesgrivauds.fr\/wp-content\/gallery\/2021_09_19-assolement-debut\/Gaec-Grivauds.jpeg\"\n               data-thumbnail=\"https:\/\/ecojardindesgrivauds.fr\/wp-content\/gallery\/2021_09_19-assolement-debut\/thumbs\/thumbs_Gaec-Grivauds.jpeg\"\n               data-image-id=\"2747\"\n               data-title=\"Gaec-Grivauds\"\n               data-description=\"Un photographe professionnel (Jean-Christophe Giraud) est venu prendre des photos pour le guide des producteurs de Vichy. Merci \u00e0 lui pour les clich\u00e9s compl\u00e9mentaires qu&#039;il nous a offerts \u00e0 l&#039;occasion.\"\n               data-image-slug=\"gaec-grivauds\"\n               class=\"ngg-fancybox\" rel=\"8f3c40f783840eb9e6302879d0293a75\">\n                <img\n                    title=\"Gaec-Grivauds\"\n                    alt=\"Gaec-Grivauds\"\n                    src=\"https:\/\/ecojardindesgrivauds.fr\/wp-content\/gallery\/2021_09_19-assolement-debut\/thumbs\/thumbs_Gaec-Grivauds.jpeg\"\n                    width=\"240\"\n                    height=\"160\"\n                    style=\"max-width:100%;\"\n                \/>\n            <\/a>\n        <\/div>\n\t\t\t\t\t\t\t<\/div> \n\t\t\t\n        \n\t\t\n\t\t<!-- Pagination -->\n\t<div class='ngg-clear'><\/div>\t<\/div>\n\n","protected":false},"excerpt":{"rendered":"<p>\u00c7a y est, aux Grivauds, la saison 2022 a commenc\u00e9 ! Peut-\u00eatre qu&rsquo;on a besoin de s&rsquo;y prendre tr\u00e8s en avance pour avoir l&rsquo;impression d&rsquo;\u00eatre d\u00e9j\u00e0 en train de tourner la page de la saison 2021, l&rsquo;une des plus difficiles qu&rsquo;on ait connues jusqu&rsquo;\u00e0 pr\u00e9sent. Peut-\u00eatre qu&rsquo;on a fini par comprendre, aussi, qu&rsquo;un certain nombre &hellip; <\/p>\n<p class=\"link-more\"><a href=\"https:\/\/ecojardindesgrivauds.fr\/?p=8374\" class=\"more-link\">Continuer la lecture<span class=\"screen-reader-text\"> de &laquo;&nbsp;Toujours un temps d&rsquo;avance&nbsp;&raquo;<\/span><\/a><\/p>\n","protected":false},"author":1,"featured_media":0,"comment_status":"open","ping_status":"open","sticky":false,"template":"","format":"standard","meta":{"ngg_post_thumbnail":0},"categories":[1],"tags":[],"_links":{"self":[{"href":"https:\/\/ecojardindesgrivauds.fr\/index.php?rest_route=\/wp\/v2\/posts\/8374"}],"collection":[{"href":"https:\/\/ecojardindesgrivauds.fr\/index.php?rest_route=\/wp\/v2\/posts"}],"about":[{"href":"https:\/\/ecojardindesgrivauds.fr\/index.php?rest_route=\/wp\/v2\/types\/post"}],"author":[{"embeddable":true,"href":"https:\/\/ecojardindesgrivauds.fr\/index.php?rest_route=\/wp\/v2\/users\/1"}],"replies":[{"embeddable":true,"href":"https:\/\/ecojardindesgrivauds.fr\/index.php?rest_route=%2Fwp%2Fv2%2Fcomments&post=8374"}],"version-history":[{"count":4,"href":"https:\/\/ecojardindesgrivauds.fr\/index.php?rest_route=\/wp\/v2\/posts\/8374\/revisions"}],"predecessor-version":[{"id":8400,"href":"https:\/\/ecojardindesgrivauds.fr\/index.php?rest_route=\/wp\/v2\/posts\/8374\/revisions\/8400"}],"wp:attachment":[{"href":"https:\/\/ecojardindesgrivauds.fr\/index.php?rest_route=%2Fwp%2Fv2%2Fmedia&parent=8374"}],"wp:term":[{"taxonomy":"category","embeddable":true,"href":"https:\/\/ecojardindesgrivauds.fr\/index.php?rest_route=%2Fwp%2Fv2%2Fcategories&post=8374"},{"taxonomy":"post_tag","embeddable":true,"href":"https:\/\/ecojardindesgrivauds.fr\/index.php?rest_route=%2Fwp%2Fv2%2Ftags&post=8374"}],"curies":[{"name":"wp","href":"https:\/\/api.w.org\/{rel}","templated":true}]}}