{"id":8682,"date":"2021-11-27T17:41:27","date_gmt":"2021-11-27T16:41:27","guid":{"rendered":"http:\/\/ecojardindesgrivauds.fr\/?p=8682"},"modified":"2021-11-27T17:41:27","modified_gmt":"2021-11-27T16:41:27","slug":"un-champ-bleu-et-vert","status":"publish","type":"post","link":"https:\/\/ecojardindesgrivauds.fr\/?p=8682","title":{"rendered":"Un champ bleu et vert"},"content":{"rendered":"\n<figure class=\"wp-block-image size-large is-style-default\"><a href=\"http:\/\/ecojardindesgrivauds.fr\/wp-content\/uploads\/2021\/11\/2021-11-26_16-47-23.jpg\"><img decoding=\"async\" loading=\"lazy\" width=\"1024\" height=\"682\" src=\"http:\/\/ecojardindesgrivauds.fr\/wp-content\/uploads\/2021\/11\/2021-11-26_16-47-23-1024x682.jpg\" alt=\"\" class=\"wp-image-8694\" srcset=\"https:\/\/ecojardindesgrivauds.fr\/wp-content\/uploads\/2021\/11\/2021-11-26_16-47-23-1024x682.jpg 1024w, https:\/\/ecojardindesgrivauds.fr\/wp-content\/uploads\/2021\/11\/2021-11-26_16-47-23-300x200.jpg 300w, https:\/\/ecojardindesgrivauds.fr\/wp-content\/uploads\/2021\/11\/2021-11-26_16-47-23-768x512.jpg 768w, https:\/\/ecojardindesgrivauds.fr\/wp-content\/uploads\/2021\/11\/2021-11-26_16-47-23.jpg 1280w\" sizes=\"(max-width: 767px) 89vw, (max-width: 1000px) 54vw, (max-width: 1071px) 543px, 580px\" \/><\/a><figcaption>Une photo qui montre \u00e0 la fois qu&rsquo;on a \u00e9t\u00e9 s\u00e9rieux question occultation et qu&rsquo;on a vraiment un temps tout pourri<\/figcaption><\/figure>\n\n\n\n<p>Nous, on aime bien l&rsquo;herbe. Toutes les herbes. Les gramin\u00e9es, les annuelles de tout poil, les vivaces joyeusement rampantes, les pissenlits inamovibles et les fiers rumex. Mais on n&rsquo;est pas na\u00effs non plus : on ne fait pas pousser des salades dans un champ d&rsquo;herbe. Alors, avant toute mis en culture, on fait comme tous les jardiniers du monde : on d\u00e9sherbe. Mais nous, vous l&rsquo;avez compris, il faut qu&rsquo;on r\u00e9ussisse \u00e0 \u00e9liminer les plantes spontan\u00e9es sans retourner notre sol<span class=\"footnote_referrer\"><a role=\"button\" tabindex=\"0\" onclick=\"footnote_moveToReference_8682_1('footnote_plugin_reference_8682_1_1');\" onkeypress=\"footnote_moveToReference_8682_1('footnote_plugin_reference_8682_1_1');\" ><sup id=\"footnote_plugin_tooltip_8682_1_1\" class=\"footnote_plugin_tooltip_text\">[1]<\/sup><\/a><span id=\"footnote_plugin_tooltip_text_8682_1_1\" class=\"footnote_tooltip\">1er principe du MSV : ton sol tu ne travailleras point<\/span><\/span><script type=\"text\/javascript\"> jQuery('#footnote_plugin_tooltip_8682_1_1').tooltip({ tip: '#footnote_plugin_tooltip_text_8682_1_1', tipClass: 'footnote_tooltip', effect: 'fade', predelay: 0, fadeInSpeed: 200, delay: 400, fadeOutSpeed: 200, position: 'top center', relative: true, offset: [-7, 0], });<\/script>. Pour cela, on a une arme ultime : <s>le glyphosate<\/s>. Ah non, pardon, je recommence. Pour cela, on a une arme ultime : l&rsquo;occultation. Concr\u00e8tement, \u00e7a consiste \u00e0 poser une b\u00e2che sur son sol et \u00e0 attendre suffisamment longtemps. La v\u00e9g\u00e9tation sous la b\u00e2che s&rsquo;\u00e9puise, voire br\u00fble et finit par abdiquer. Pour venir \u00e0 bout d&rsquo;une gramin\u00e9e, trois mois suffisent. Pour une potentille, c&rsquo;est minimum six mois. Or, nous, des potentilles, on en a de jolies quantit\u00e9s&#8230; Si on veut un sol propre au printemps, il faut b\u00e2cher avant que les sols ne se soient trop refroidis (septembre, c&rsquo;est parfait). Pour l&rsquo;\u00e9t\u00e9, il suffit de b\u00e2cher en hiver. Le plus t\u00f4t est le mieux \u00e9videmment. L\u00e0, c&rsquo;est presque un peu tard pour nos besoins de l&rsquo;ann\u00e9e \u00e0 venir mais il a fallu faire avec les urgences automnales (dont les plantations d&rsquo;\u00e9pinards et de m\u00e2ches).<\/p>\n\n\n\n<p>Aux Grivauds, pour occulter, on utilise de la toile tiss\u00e9e (de couleur bleue et verte, d&rsquo;o\u00f9 le titre de cet article, l\u00e9g\u00e8rement tir\u00e9 par les cheveux, certes). C&rsquo;est plus r\u00e9sistant que de la b\u00e2che d&rsquo;ensilage. Et \u00e7a laisse passer l&rsquo;air et l&rsquo;eau, ce qui n&rsquo;est pas \u00e0 n\u00e9gliger. Par contre, c&rsquo;est moins efficace. En jardin, on peut aussi utiliser du carton (\u00e0 condition qu&rsquo;il ne soit pas trait\u00e9). Ou alors, on peut s&rsquo;allonger sur son gazon tout l&rsquo;hiver. Au choix.<\/p>\n\n\n\n<figure class=\"wp-block-image size-large is-style-default\"><a href=\"http:\/\/ecojardindesgrivauds.fr\/wp-content\/uploads\/2021\/11\/2021-11-24_17-04-10.jpg\"><img decoding=\"async\" loading=\"lazy\" width=\"1024\" height=\"576\" src=\"http:\/\/ecojardindesgrivauds.fr\/wp-content\/uploads\/2021\/11\/2021-11-24_17-04-10-1024x576.jpg\" alt=\"\" class=\"wp-image-8691\" srcset=\"https:\/\/ecojardindesgrivauds.fr\/wp-content\/uploads\/2021\/11\/2021-11-24_17-04-10-1024x576.jpg 1024w, https:\/\/ecojardindesgrivauds.fr\/wp-content\/uploads\/2021\/11\/2021-11-24_17-04-10-300x169.jpg 300w, https:\/\/ecojardindesgrivauds.fr\/wp-content\/uploads\/2021\/11\/2021-11-24_17-04-10-768x432.jpg 768w, https:\/\/ecojardindesgrivauds.fr\/wp-content\/uploads\/2021\/11\/2021-11-24_17-04-10.jpg 1400w\" sizes=\"(max-width: 767px) 89vw, (max-width: 1000px) 54vw, (max-width: 1071px) 543px, 580px\" \/><\/a><figcaption>C&rsquo;est \u00e7a de la toile tiss\u00e9e. En jardinerie, on appelle aussi \u00e7a de la \u00abtoile de paillage\u00bb.<\/figcaption><\/figure>\n\n\n\n<p>Dans notre champ, on va d&rsquo;abord s&rsquo;occuper des zones qui ont connu des cultures sur b\u00e2che en 2020 (dont les courges et les courgettes). On retire la b\u00e2che trou\u00e9e avant que les gramin\u00e9es ne se soient trop install\u00e9es dans les trous de culture et on la remplace par une b\u00e2che pleine. Sous ces b\u00e2ches, il n&rsquo;y a d\u00e9j\u00e0 presque plus d&rsquo;herbe et on peut esp\u00e9rer que ce sera bien propre au printemps. Ensuite, on couvre quelques planches d\u00e9j\u00e0 r\u00e9colt\u00e9es (pommes de terre) et on occulte une nouvelle zone de prairie pour nos futures courges. Cette semaine, on a mis un gros coup d&rsquo;acc\u00e9l\u00e9rateur \u00e0 ces chantiers en occultant pas moins de 8 planches de 100m. Du beau boulot !&nbsp;Merci \u00e0 H\u00e9l\u00e8ne et Manon (notre nouvelle wwoofeuse) pour avoir h\u00e9ro\u00efquement \u0153uvr\u00e9 dans la grisaille et la pluie. Oui, parce que, niveau climat, d&rsquo;ailleurs, on aurait de quoi se plaindre. Mais c&rsquo;est pas notre genre.<\/p>\n\n\n\n<div class=\"wp-block-image is-style-default\"><figure class=\"alignleft size-medium\"><a href=\"http:\/\/ecojardindesgrivauds.fr\/wp-content\/uploads\/2021\/11\/2021-11-26_10-53-41.jpg\"><img decoding=\"async\" loading=\"lazy\" width=\"300\" height=\"225\" src=\"http:\/\/ecojardindesgrivauds.fr\/wp-content\/uploads\/2021\/11\/2021-11-26_10-53-41-300x225.jpg\" alt=\"\" class=\"wp-image-8693\" srcset=\"https:\/\/ecojardindesgrivauds.fr\/wp-content\/uploads\/2021\/11\/2021-11-26_10-53-41-300x225.jpg 300w, https:\/\/ecojardindesgrivauds.fr\/wp-content\/uploads\/2021\/11\/2021-11-26_10-53-41-1024x767.jpg 1024w, https:\/\/ecojardindesgrivauds.fr\/wp-content\/uploads\/2021\/11\/2021-11-26_10-53-41-768x575.jpg 768w, https:\/\/ecojardindesgrivauds.fr\/wp-content\/uploads\/2021\/11\/2021-11-26_10-53-41.jpg 1280w\" sizes=\"(max-width: 300px) 100vw, 300px\" \/><\/a><figcaption>Pauvre Manon qui, pendant une semaine, a entendu parler jardinage jour et nuit&#8230;<\/figcaption><\/figure><\/div>\n\n\n\n<p>Cette semaine, le travail ne s&rsquo;est pas arr\u00eat\u00e9 en passant la barri\u00e8re du jardin : H\u00e9l\u00e8ne se pr\u00e9pare \u00e0 prendre un poste de chef de culture au printemps prochain et la constitution de son premier plan de culture l&rsquo;a oblig\u00e9e \u00e0 se poser de nombres questions. Comment on construit une gamme ? Comment on choisit une date de semis, une densit\u00e9, une vari\u00e9t\u00e9 ? <em>\u00abNon, H\u00e9l\u00e8ne, on ne trouve pas d&rsquo;oignons blancs en bulbille.\u00bb &#8211; \u00abMars, c&rsquo;est trop t\u00f4t pour un semis direct de betteraves !\u00bb<\/em> C&rsquo;est l\u00e0 que je me rends compte que notre m\u00e9tier est d\u00e9licieusement technique, qu&rsquo;il demande une grande quantit\u00e9 de connaissances vari\u00e9es, une bonne dose d&rsquo;organisation et une petite pinc\u00e9e d&rsquo;audace : <em>\u00abest-ce que je prends le risque de planter mes tomates mi-avril, sachant qu&rsquo;elles risquent de geler ?\u00bb<\/em>. Et tout en r\u00e9pondant d&rsquo;un ton docte \u00e0 ces interrogations l\u00e9gitimes, je fais sauter la derni\u00e8re chayotte de l&rsquo;ann\u00e9e pour la mettre en omelette. Non mais.<\/p>\n\n\n\n<p><em>\u00c0 la semaine prochaine !<\/em><\/p>\n\n\n\n<!-- index.php -->\n<div\n\tclass=\"ngg-galleryoverview ngg-ajax-pagination-none\"\n\tid=\"ngg-gallery-76e33a21b2d7597da55b83714cf1fc78-1\">\n\n    \t\t<!-- Thumbnails -->\n\t\t\t\t<div id=\"ngg-image-0\" class=\"ngg-gallery-thumbnail-box\" >\n\t\t\t\t        <div class=\"ngg-gallery-thumbnail\">\n            <a href=\"https:\/\/ecojardindesgrivauds.fr\/wp-content\/gallery\/2021_11_27-bachage\/2021-11-22_10-16-54.jpg\"\n               title=\"D\u00e9sherbage des carottes de printemps\"\n               data-src=\"https:\/\/ecojardindesgrivauds.fr\/wp-content\/gallery\/2021_11_27-bachage\/2021-11-22_10-16-54.jpg\"\n               data-thumbnail=\"https:\/\/ecojardindesgrivauds.fr\/wp-content\/gallery\/2021_11_27-bachage\/thumbs\/thumbs_2021-11-22_10-16-54.jpg\"\n               data-image-id=\"2834\"\n               data-title=\"2021-11-22_10-16-54\"\n               data-description=\"D\u00e9sherbage des carottes de printemps\"\n               data-image-slug=\"2021-11-22_10-16-54\"\n               class=\"ngg-fancybox\" rel=\"76e33a21b2d7597da55b83714cf1fc78\">\n                <img\n                    title=\"2021-11-22_10-16-54\"\n                    alt=\"2021-11-22_10-16-54\"\n                    src=\"https:\/\/ecojardindesgrivauds.fr\/wp-content\/gallery\/2021_11_27-bachage\/thumbs\/thumbs_2021-11-22_10-16-54.jpg\"\n                    width=\"240\"\n                    height=\"160\"\n                    style=\"max-width:100%;\"\n                \/>\n            <\/a>\n        <\/div>\n\t\t\t\t\t\t\t<\/div> \n\t\t\t\n        \n\t\t\t\t<div id=\"ngg-image-1\" class=\"ngg-gallery-thumbnail-box\" >\n\t\t\t\t        <div class=\"ngg-gallery-thumbnail\">\n            <a href=\"https:\/\/ecojardindesgrivauds.fr\/wp-content\/gallery\/2021_11_27-bachage\/2021-11-23_09-39-32.jpg\"\n               title=\"Des conditions de travail difficile pour ce d\u00e9sherbage de l&#039;ail\"\n               data-src=\"https:\/\/ecojardindesgrivauds.fr\/wp-content\/gallery\/2021_11_27-bachage\/2021-11-23_09-39-32.jpg\"\n               data-thumbnail=\"https:\/\/ecojardindesgrivauds.fr\/wp-content\/gallery\/2021_11_27-bachage\/thumbs\/thumbs_2021-11-23_09-39-32.jpg\"\n               data-image-id=\"2835\"\n               data-title=\"2021-11-23_09-39-32\"\n               data-description=\"Des conditions de travail difficile pour ce d\u00e9sherbage de l&#039;ail\"\n               data-image-slug=\"2021-11-23_09-39-32\"\n               class=\"ngg-fancybox\" rel=\"76e33a21b2d7597da55b83714cf1fc78\">\n                <img\n                    title=\"2021-11-23_09-39-32\"\n                    alt=\"2021-11-23_09-39-32\"\n                    src=\"https:\/\/ecojardindesgrivauds.fr\/wp-content\/gallery\/2021_11_27-bachage\/thumbs\/thumbs_2021-11-23_09-39-32.jpg\"\n                    width=\"240\"\n                    height=\"160\"\n                    style=\"max-width:100%;\"\n                \/>\n            <\/a>\n        <\/div>\n\t\t\t\t\t\t\t<\/div> \n\t\t\t\n        \n\t\t\t\t<div id=\"ngg-image-2\" class=\"ngg-gallery-thumbnail-box\" >\n\t\t\t\t        <div class=\"ngg-gallery-thumbnail\">\n            <a href=\"https:\/\/ecojardindesgrivauds.fr\/wp-content\/gallery\/2021_11_27-bachage\/2021-11-23_17-41-19.jpg\"\n               title=\"3,45 kg !\u00a0\u00c7a c&#039;est un beau chou !\"\n               data-src=\"https:\/\/ecojardindesgrivauds.fr\/wp-content\/gallery\/2021_11_27-bachage\/2021-11-23_17-41-19.jpg\"\n               data-thumbnail=\"https:\/\/ecojardindesgrivauds.fr\/wp-content\/gallery\/2021_11_27-bachage\/thumbs\/thumbs_2021-11-23_17-41-19.jpg\"\n               data-image-id=\"2836\"\n               data-title=\"2021-11-23_17-41-19\"\n               data-description=\"3,45 kg !\u00a0\u00c7a c&#039;est un beau chou !\"\n               data-image-slug=\"2021-11-23_17-41-19\"\n               class=\"ngg-fancybox\" rel=\"76e33a21b2d7597da55b83714cf1fc78\">\n                <img\n                    title=\"2021-11-23_17-41-19\"\n                    alt=\"2021-11-23_17-41-19\"\n                    src=\"https:\/\/ecojardindesgrivauds.fr\/wp-content\/gallery\/2021_11_27-bachage\/thumbs\/thumbs_2021-11-23_17-41-19.jpg\"\n                    width=\"240\"\n                    height=\"160\"\n                    style=\"max-width:100%;\"\n                \/>\n            <\/a>\n        <\/div>\n\t\t\t\t\t\t\t<\/div> \n\t\t\t\n        \n\t\t\t\t<div id=\"ngg-image-3\" class=\"ngg-gallery-thumbnail-box\" >\n\t\t\t\t        <div class=\"ngg-gallery-thumbnail\">\n            <a href=\"https:\/\/ecojardindesgrivauds.fr\/wp-content\/gallery\/2021_11_27-bachage\/2021-11-24_15-19-39.jpg\"\n               title=\"Accenteur mouchet (Prunella modularis)\"\n               data-src=\"https:\/\/ecojardindesgrivauds.fr\/wp-content\/gallery\/2021_11_27-bachage\/2021-11-24_15-19-39.jpg\"\n               data-thumbnail=\"https:\/\/ecojardindesgrivauds.fr\/wp-content\/gallery\/2021_11_27-bachage\/thumbs\/thumbs_2021-11-24_15-19-39.jpg\"\n               data-image-id=\"2837\"\n               data-title=\"2021-11-24_15-19-39\"\n               data-description=\"Accenteur mouchet (Prunella modularis)\"\n               data-image-slug=\"2021-11-24_15-19-39\"\n               class=\"ngg-fancybox\" rel=\"76e33a21b2d7597da55b83714cf1fc78\">\n                <img\n                    title=\"2021-11-24_15-19-39\"\n                    alt=\"2021-11-24_15-19-39\"\n                    src=\"https:\/\/ecojardindesgrivauds.fr\/wp-content\/gallery\/2021_11_27-bachage\/thumbs\/thumbs_2021-11-24_15-19-39.jpg\"\n                    width=\"240\"\n                    height=\"160\"\n                    style=\"max-width:100%;\"\n                \/>\n            <\/a>\n        <\/div>\n\t\t\t\t\t\t\t<\/div> \n\t\t\t\n        \n\t\t\t\t<div id=\"ngg-image-4\" class=\"ngg-gallery-thumbnail-box\" >\n\t\t\t\t        <div class=\"ngg-gallery-thumbnail\">\n            <a href=\"https:\/\/ecojardindesgrivauds.fr\/wp-content\/gallery\/2021_11_27-bachage\/2021-11-24_15-18-48.jpg\"\n               title=\"Un pinson du nord (Fringilla montifringilla)\"\n               data-src=\"https:\/\/ecojardindesgrivauds.fr\/wp-content\/gallery\/2021_11_27-bachage\/2021-11-24_15-18-48.jpg\"\n               data-thumbnail=\"https:\/\/ecojardindesgrivauds.fr\/wp-content\/gallery\/2021_11_27-bachage\/thumbs\/thumbs_2021-11-24_15-18-48.jpg\"\n               data-image-id=\"2838\"\n               data-title=\"2021-11-24_15-18-48\"\n               data-description=\"Un pinson du nord (Fringilla montifringilla)\"\n               data-image-slug=\"2021-11-24_15-18-48\"\n               class=\"ngg-fancybox\" rel=\"76e33a21b2d7597da55b83714cf1fc78\">\n                <img\n                    title=\"2021-11-24_15-18-48\"\n                    alt=\"2021-11-24_15-18-48\"\n                    src=\"https:\/\/ecojardindesgrivauds.fr\/wp-content\/gallery\/2021_11_27-bachage\/thumbs\/thumbs_2021-11-24_15-18-48.jpg\"\n                    width=\"240\"\n                    height=\"160\"\n                    style=\"max-width:100%;\"\n                \/>\n            <\/a>\n        <\/div>\n\t\t\t\t\t\t\t<\/div> \n\t\t\t\n        \n\t\t\t\t<div id=\"ngg-image-5\" class=\"ngg-gallery-thumbnail-box\" >\n\t\t\t\t        <div class=\"ngg-gallery-thumbnail\">\n            <a href=\"https:\/\/ecojardindesgrivauds.fr\/wp-content\/gallery\/2021_11_27-bachage\/2021-11-26_10-52-12.jpg\"\n               title=\"Oh ! Un grimpereau des jardins sur un poteau \u00e9lectrique !\"\n               data-src=\"https:\/\/ecojardindesgrivauds.fr\/wp-content\/gallery\/2021_11_27-bachage\/2021-11-26_10-52-12.jpg\"\n               data-thumbnail=\"https:\/\/ecojardindesgrivauds.fr\/wp-content\/gallery\/2021_11_27-bachage\/thumbs\/thumbs_2021-11-26_10-52-12.jpg\"\n               data-image-id=\"2839\"\n               data-title=\"2021-11-26_10-52-12\"\n               data-description=\"Oh ! Un grimpereau des jardins sur un poteau \u00e9lectrique !\"\n               data-image-slug=\"2021-11-26_10-52-12\"\n               class=\"ngg-fancybox\" rel=\"76e33a21b2d7597da55b83714cf1fc78\">\n                <img\n                    title=\"2021-11-26_10-52-12\"\n                    alt=\"2021-11-26_10-52-12\"\n                    src=\"https:\/\/ecojardindesgrivauds.fr\/wp-content\/gallery\/2021_11_27-bachage\/thumbs\/thumbs_2021-11-26_10-52-12.jpg\"\n                    width=\"240\"\n                    height=\"160\"\n                    style=\"max-width:100%;\"\n                \/>\n            <\/a>\n        <\/div>\n\t\t\t\t\t\t\t<\/div> \n\t\t\t\n        \n\t\t\n\t\t<!-- Pagination -->\n\t<div class='ngg-clear'><\/div>\t<\/div>\n\n<div class=\"speaker-mute footnotes_reference_container\"> <div class=\"footnote_container_prepare\"><p><span role=\"button\" tabindex=\"0\" class=\"footnote_reference_container_label pointer\" onclick=\"footnote_expand_collapse_reference_container_8682_1();\">References<\/span><span role=\"button\" tabindex=\"0\" class=\"footnote_reference_container_collapse_button\" style=\"display: none;\" onclick=\"footnote_expand_collapse_reference_container_8682_1();\">[<a id=\"footnote_reference_container_collapse_button_8682_1\">+<\/a>]<\/span><\/p><\/div> <div id=\"footnote_references_container_8682_1\" style=\"\"><table class=\"footnotes_table footnote-reference-container\"><caption class=\"accessibility\">References<\/caption> <tbody> \r\n\r\n<tr class=\"footnotes_plugin_reference_row\"> <th scope=\"row\" class=\"footnote_plugin_index_combi pointer\"  onclick=\"footnote_moveToAnchor_8682_1('footnote_plugin_tooltip_8682_1_1');\"><a id=\"footnote_plugin_reference_8682_1_1\" class=\"footnote_backlink\"><span class=\"footnote_index_arrow\">&#8593;<\/span>1<\/a><\/th> <td class=\"footnote_plugin_text\">1er principe du MSV : ton sol tu ne travailleras point<\/td><\/tr>\r\n\r\n <\/tbody> <\/table> <\/div><\/div><script type=\"text\/javascript\"> function footnote_expand_reference_container_8682_1() { jQuery('#footnote_references_container_8682_1').show(); jQuery('#footnote_reference_container_collapse_button_8682_1').text('\u2212'); } function footnote_collapse_reference_container_8682_1() { jQuery('#footnote_references_container_8682_1').hide(); jQuery('#footnote_reference_container_collapse_button_8682_1').text('+'); } function footnote_expand_collapse_reference_container_8682_1() { if (jQuery('#footnote_references_container_8682_1').is(':hidden')) { footnote_expand_reference_container_8682_1(); } else { footnote_collapse_reference_container_8682_1(); } } function footnote_moveToReference_8682_1(p_str_TargetID) { footnote_expand_reference_container_8682_1(); var l_obj_Target = jQuery('#' + p_str_TargetID); if (l_obj_Target.length) { jQuery( 'html, body' ).delay( 0 ); jQuery('html, body').animate({ scrollTop: l_obj_Target.offset().top - window.innerHeight * 0.2 }, 380); } } function footnote_moveToAnchor_8682_1(p_str_TargetID) { footnote_expand_reference_container_8682_1(); var l_obj_Target = jQuery('#' + p_str_TargetID); if (l_obj_Target.length) { jQuery( 'html, body' ).delay( 0 ); jQuery('html, body').animate({ scrollTop: l_obj_Target.offset().top - window.innerHeight * 0.2 }, 380); } }<\/script>","protected":false},"excerpt":{"rendered":"<p>Nous, on aime bien l&rsquo;herbe. Toutes les herbes. Les gramin\u00e9es, les annuelles de tout poil, les vivaces joyeusement rampantes, les pissenlits inamovibles et les fiers rumex. Mais on n&rsquo;est pas na\u00effs non plus : on ne fait pas pousser des salades dans un champ d&rsquo;herbe. Alors, avant toute mis en culture, on fait comme tous &hellip; <\/p>\n<p class=\"link-more\"><a href=\"https:\/\/ecojardindesgrivauds.fr\/?p=8682\" class=\"more-link\">Continuer la lecture<span class=\"screen-reader-text\"> de &laquo;&nbsp;Un champ bleu et vert&nbsp;&raquo;<\/span><\/a><\/p>\n","protected":false},"author":1,"featured_media":0,"comment_status":"open","ping_status":"open","sticky":false,"template":"","format":"standard","meta":{"ngg_post_thumbnail":0},"categories":[1],"tags":[],"_links":{"self":[{"href":"https:\/\/ecojardindesgrivauds.fr\/index.php?rest_route=\/wp\/v2\/posts\/8682"}],"collection":[{"href":"https:\/\/ecojardindesgrivauds.fr\/index.php?rest_route=\/wp\/v2\/posts"}],"about":[{"href":"https:\/\/ecojardindesgrivauds.fr\/index.php?rest_route=\/wp\/v2\/types\/post"}],"author":[{"embeddable":true,"href":"https:\/\/ecojardindesgrivauds.fr\/index.php?rest_route=\/wp\/v2\/users\/1"}],"replies":[{"embeddable":true,"href":"https:\/\/ecojardindesgrivauds.fr\/index.php?rest_route=%2Fwp%2Fv2%2Fcomments&post=8682"}],"version-history":[{"count":5,"href":"https:\/\/ecojardindesgrivauds.fr\/index.php?rest_route=\/wp\/v2\/posts\/8682\/revisions"}],"predecessor-version":[{"id":8703,"href":"https:\/\/ecojardindesgrivauds.fr\/index.php?rest_route=\/wp\/v2\/posts\/8682\/revisions\/8703"}],"wp:attachment":[{"href":"https:\/\/ecojardindesgrivauds.fr\/index.php?rest_route=%2Fwp%2Fv2%2Fmedia&parent=8682"}],"wp:term":[{"taxonomy":"category","embeddable":true,"href":"https:\/\/ecojardindesgrivauds.fr\/index.php?rest_route=%2Fwp%2Fv2%2Fcategories&post=8682"},{"taxonomy":"post_tag","embeddable":true,"href":"https:\/\/ecojardindesgrivauds.fr\/index.php?rest_route=%2Fwp%2Fv2%2Ftags&post=8682"}],"curies":[{"name":"wp","href":"https:\/\/api.w.org\/{rel}","templated":true}]}}