{"id":9166,"date":"2022-03-27T16:51:21","date_gmt":"2022-03-27T14:51:21","guid":{"rendered":"http:\/\/ecojardindesgrivauds.fr\/?p=9166"},"modified":"2022-03-27T16:51:21","modified_gmt":"2022-03-27T14:51:21","slug":"jamais-sans-mes-navets","status":"publish","type":"post","link":"https:\/\/ecojardindesgrivauds.fr\/?p=9166","title":{"rendered":"\u00abJamais sans mes navets\u00bb"},"content":{"rendered":"\n<div class=\"wp-block-image is-style-default\"><figure class=\"alignleft size-medium\"><a href=\"http:\/\/ecojardindesgrivauds.fr\/wp-content\/uploads\/2022\/03\/2022-03-26_10-31-51.jpg\"><img decoding=\"async\" loading=\"lazy\" width=\"300\" height=\"225\" src=\"http:\/\/ecojardindesgrivauds.fr\/wp-content\/uploads\/2022\/03\/2022-03-26_10-31-51-300x225.jpg\" alt=\"\" class=\"wp-image-9192\" srcset=\"https:\/\/ecojardindesgrivauds.fr\/wp-content\/uploads\/2022\/03\/2022-03-26_10-31-51-300x225.jpg 300w, https:\/\/ecojardindesgrivauds.fr\/wp-content\/uploads\/2022\/03\/2022-03-26_10-31-51-768x576.jpg 768w, https:\/\/ecojardindesgrivauds.fr\/wp-content\/uploads\/2022\/03\/2022-03-26_10-31-51.jpg 1024w\" sizes=\"(max-width: 300px) 100vw, 300px\" \/><\/a><figcaption>Les navets nouveaux, c&rsquo;est bient\u00f4t. Que fera-t-on des navets de conservation pass\u00e9s fin-avril ?<\/figcaption><\/figure><\/div>\n\n\n\n<p>Il nous reste des navets. Plein de navets. De ceux qu&rsquo;on a sem\u00e9s l&rsquo;\u00e9t\u00e9 dernier, qui ont gentiment pass\u00e9 l&rsquo;hiver dans le champ et qu&rsquo;on a fini par r\u00e9colter en f\u00e9vrier, avant que les jours ne s&rsquo;allongent trop et que les raves n&rsquo;aient envie d&rsquo;\u00e9mettre leur tige. D&rsquo;ici \u00e0 fin avril, il y aura sans doute les premiers navets nouveaux, ceux qu&rsquo;on vend en botte. Et les anciens seront alors boud\u00e9s et condamn\u00e9s \u00e0 perdre l&rsquo;espoir de finir dans vos assiettes. Soyez francs, les navets, vous les boudez un peu tout le temps, quelle que soit la saison. Sur notre \u00e9tal, au march\u00e9 de Vichy, la pani\u00e8re de navets fait partie de celles qui se vident le plus lentement. Avouez-le, \u00e0 part bien cach\u00e9 au milieu d&rsquo;une soupe ou d&rsquo;une po\u00eal\u00e9e de l\u00e9gumes, vous ne savez pas trop quoi en faire. Mais moi, j&rsquo;adore leur texture fondante, presque spongieuse. Leur go\u00fbt est fin, discret mais typique. Rien ne pourrait les remplacer dans ma cuisine.<\/p>\n\n\n\n<p>Commen\u00e7ons par enfoncer les portes ouvertes : oui, le navet peut se manger cru. M\u00eame le navet de conservation : si son odeur est plus forte que celle du navet nouveau, son go\u00fbt reste l\u00e9ger. On fait des petites lamelles \u00e0 tremper dans une sauce et on le sert \u00e0 l&rsquo;ap\u00e9ritif. Comme des b\u00e2tonnets de carottes, tout \u00e0 fait. Ou alors on le rappe et on le met en salade. Une petite vinaigrette pas trop moutard\u00e9e et voil\u00e0.<\/p>\n\n\n\n<figure class=\"wp-block-image size-large is-style-default\"><a href=\"http:\/\/ecojardindesgrivauds.fr\/wp-content\/uploads\/2022\/03\/2022-03-26_17-43-38.jpg\"><img decoding=\"async\" loading=\"lazy\" width=\"1024\" height=\"682\" src=\"http:\/\/ecojardindesgrivauds.fr\/wp-content\/uploads\/2022\/03\/2022-03-26_17-43-38-1024x682.jpg\" alt=\"\" class=\"wp-image-9195\" srcset=\"https:\/\/ecojardindesgrivauds.fr\/wp-content\/uploads\/2022\/03\/2022-03-26_17-43-38-1024x682.jpg 1024w, https:\/\/ecojardindesgrivauds.fr\/wp-content\/uploads\/2022\/03\/2022-03-26_17-43-38-300x200.jpg 300w, https:\/\/ecojardindesgrivauds.fr\/wp-content\/uploads\/2022\/03\/2022-03-26_17-43-38-768x512.jpg 768w, https:\/\/ecojardindesgrivauds.fr\/wp-content\/uploads\/2022\/03\/2022-03-26_17-43-38.jpg 1280w\" sizes=\"(max-width: 767px) 89vw, (max-width: 1000px) 54vw, (max-width: 1071px) 543px, 580px\" \/><\/a><figcaption>Le navet, \u00e7a peut aussi \u00eatre un accessoire de mode. Ou pas.<\/figcaption><\/figure>\n\n\n\n<p>Coup\u00e9 en deux ou en quatre, il fait bonne figure au milieu d&rsquo;un panier vapeur, avec quelques poireaux, des morceaux de butternut ou de pomme de terre. Mais c&rsquo;est surtout saut\u00e9 qu&rsquo;il fait merveille. On en fait des petits d\u00e9s, on le fait rissoler comme une pomme de terre. Sel, poivre. Et quelques minutes avant la fin de la cuisson, on rajoute quelques cuiller\u00e9es de miel. On sert tr\u00e8s chaud. Ne pas h\u00e9siter \u00e0 d\u00e9poser une noisette de moutarde \u00e0 l&rsquo;ancienne sur le coin de l&rsquo;assiette.<\/p>\n\n\n\n<p>R\u00e9cemment, je me suis retrouv\u00e9 en possession d&rsquo;un fond de bouteille de vin rouge. Et le navet s&rsquo;est alors retrouv\u00e9 la pi\u00e8ce centrale d&rsquo;un magnifique bourguignon de l\u00e9gumes. Imaginez : quelques gros d\u00e9s de navets (des violets et des jaunes), de pommes de terre, de carottes et de tofu fum\u00e9, qui transpirent doucement au milieu d&rsquo;une fricass\u00e9e d&rsquo;oignons \u00e0 peine translucides. On mouille avec du vin rouge et du bouillon. Bouquet garni, ail \u00e9cras\u00e9. On laisse mijoter longuement, <s>jusqu&rsquo;au suicide de la derni\u00e8re vitamine <\/s> jusqu&rsquo;\u00e0 ce que tous les l\u00e9gumes soient parfaitement moelleux. On \u00e9paissit \u00e0 la ma\u00efzena. On sert l&rsquo;ensemble sur un tapis de tagliatelles.<\/p>\n\n\n\n<figure class=\"wp-block-image size-full is-style-default\"><a href=\"http:\/\/ecojardindesgrivauds.fr\/wp-content\/uploads\/2022\/03\/2022-03-23_10-06-15.jpg\"><img decoding=\"async\" loading=\"lazy\" width=\"1024\" height=\"682\" src=\"http:\/\/ecojardindesgrivauds.fr\/wp-content\/uploads\/2022\/03\/2022-03-23_10-06-15.jpg\" alt=\"\" class=\"wp-image-9180\" srcset=\"https:\/\/ecojardindesgrivauds.fr\/wp-content\/uploads\/2022\/03\/2022-03-23_10-06-15.jpg 1024w, https:\/\/ecojardindesgrivauds.fr\/wp-content\/uploads\/2022\/03\/2022-03-23_10-06-15-300x200.jpg 300w, https:\/\/ecojardindesgrivauds.fr\/wp-content\/uploads\/2022\/03\/2022-03-23_10-06-15-768x512.jpg 768w\" sizes=\"(max-width: 767px) 89vw, (max-width: 1000px) 54vw, (max-width: 1071px) 543px, 580px\" \/><\/a><figcaption>Thibault, Nils et Manue plantent la deuxi\u00e8me s\u00e9rie de navets nouveaux<\/figcaption><\/figure>\n\n\n\n<p>Pour ce qui est du travail de la semaine : je vous invite \u00e0 consulter la galerie ci-dessous. Vous y recroiserez Thibault, qui termine sa deuxi\u00e8me semaine de wwoofing. Merci infiniment \u00e0 lui pour sa patience, sa curiosit\u00e9 et son endurance ! Mais aussi \u00e0 Nils et Manue, venus passer trois jours avec nous et nous filer un coup de main pour planter nos oignons. Nils est en train de s&rsquo;installer comme mara\u00eecher en association (tiens tiens !) en r\u00e9gion parisienne <span class=\"footnote_referrer\"><a role=\"button\" tabindex=\"0\" onclick=\"footnote_moveToReference_9166_1('footnote_plugin_reference_9166_1_1');\" onkeypress=\"footnote_moveToReference_9166_1('footnote_plugin_reference_9166_1_1');\" ><sup id=\"footnote_plugin_tooltip_9166_1_1\" class=\"footnote_plugin_tooltip_text\">[1]<\/sup><\/a><span id=\"footnote_plugin_tooltip_text_9166_1_1\" class=\"footnote_tooltip\"><a href=\"https:\/\/www.facebook.com\/LafermedeslogesNorbertetNils\" data-type=\"URL\" data-id=\"https:\/\/www.facebook.com\/LafermedeslogesNorbertetNils\">La Ferme des Loges<\/a>, aux Loges-en-Josas, dans les Yvelines<\/span><\/span><script type=\"text\/javascript\"> jQuery('#footnote_plugin_tooltip_9166_1_1').tooltip({ tip: '#footnote_plugin_tooltip_text_9166_1_1', tipClass: 'footnote_tooltip', effect: 'fade', predelay: 0, fadeInSpeed: 200, delay: 400, fadeOutSpeed: 200, position: 'top center', relative: true, offset: [-7, 0], });<\/script>. Manue se pr\u00e9pare \u00e0 m\u00e9diatiser la future ferme : site, r\u00e9seaux sociaux, blog, etc. Bon courage \u00e0 tous les deux !<\/p>\n\n\n\n<p><em>\u00c0 la semaine prochaine !<\/em><\/p>\n\n\n\n<p>Denis Raffin (oui, comme c&rsquo;est un article beaucoup plus personnel et pol\u00e9mique que d&rsquo;habitude, je pr\u00e9f\u00e8re le signer, pour ne pas engager la responsabilit\u00e9 de l&rsquo;\u00c9coJardin)<\/p>\n\n\n\n<!-- index.php -->\n<div\n\tclass=\"ngg-galleryoverview ngg-ajax-pagination-none\"\n\tid=\"ngg-gallery-6fcc42b3cc437cae62f90a7858fa606c-1\">\n\n    \t\t<!-- Thumbnails -->\n\t\t\t\t<div id=\"ngg-image-0\" class=\"ngg-gallery-thumbnail-box\" >\n\t\t\t\t        <div class=\"ngg-gallery-thumbnail\">\n            <a href=\"https:\/\/ecojardindesgrivauds.fr\/wp-content\/gallery\/2022_03_27-navets\/2022-03-21_13-21-23.jpg\"\n               title=\"Plantation des salades avec Manue et Nils\"\n               data-src=\"https:\/\/ecojardindesgrivauds.fr\/wp-content\/gallery\/2022_03_27-navets\/2022-03-21_13-21-23.jpg\"\n               data-thumbnail=\"https:\/\/ecojardindesgrivauds.fr\/wp-content\/gallery\/2022_03_27-navets\/thumbs\/thumbs_2022-03-21_13-21-23.jpg\"\n               data-image-id=\"3009\"\n               data-title=\"2022-03-21_13-21-23\"\n               data-description=\"Plantation des salades avec Manue et Nils\"\n               data-image-slug=\"2022-03-21_13-21-23\"\n               class=\"ngg-fancybox\" rel=\"6fcc42b3cc437cae62f90a7858fa606c\">\n                <img\n                    title=\"2022-03-21_13-21-23\"\n                    alt=\"2022-03-21_13-21-23\"\n                    src=\"https:\/\/ecojardindesgrivauds.fr\/wp-content\/gallery\/2022_03_27-navets\/thumbs\/thumbs_2022-03-21_13-21-23.jpg\"\n                    width=\"240\"\n                    height=\"160\"\n                    style=\"max-width:100%;\"\n                \/>\n            <\/a>\n        <\/div>\n\t\t\t\t\t\t\t<\/div> \n\t\t\t\n        \n\t\t\t\t<div id=\"ngg-image-1\" class=\"ngg-gallery-thumbnail-box\" >\n\t\t\t\t        <div class=\"ngg-gallery-thumbnail\">\n            <a href=\"https:\/\/ecojardindesgrivauds.fr\/wp-content\/gallery\/2022_03_27-navets\/2022-03-21_13-22-09.jpg\"\n               title=\"Mine de rien, il g\u00e8le tous les matins : encore beaucoup de manipulation de voiles !\"\n               data-src=\"https:\/\/ecojardindesgrivauds.fr\/wp-content\/gallery\/2022_03_27-navets\/2022-03-21_13-22-09.jpg\"\n               data-thumbnail=\"https:\/\/ecojardindesgrivauds.fr\/wp-content\/gallery\/2022_03_27-navets\/thumbs\/thumbs_2022-03-21_13-22-09.jpg\"\n               data-image-id=\"3010\"\n               data-title=\"2022-03-21_13-22-09\"\n               data-description=\"Mine de rien, il g\u00e8le tous les matins : encore beaucoup de manipulation de voiles !\"\n               data-image-slug=\"2022-03-21_13-22-09\"\n               class=\"ngg-fancybox\" rel=\"6fcc42b3cc437cae62f90a7858fa606c\">\n                <img\n                    title=\"2022-03-21_13-22-09\"\n                    alt=\"2022-03-21_13-22-09\"\n                    src=\"https:\/\/ecojardindesgrivauds.fr\/wp-content\/gallery\/2022_03_27-navets\/thumbs\/thumbs_2022-03-21_13-22-09.jpg\"\n                    width=\"240\"\n                    height=\"160\"\n                    style=\"max-width:100%;\"\n                \/>\n            <\/a>\n        <\/div>\n\t\t\t\t\t\t\t<\/div> \n\t\t\t\n        \n\t\t\t\t<div id=\"ngg-image-2\" class=\"ngg-gallery-thumbnail-box\" >\n\t\t\t\t        <div class=\"ngg-gallery-thumbnail\">\n            <a href=\"https:\/\/ecojardindesgrivauds.fr\/wp-content\/gallery\/2022_03_27-navets\/2022-03-22_10-06-21.jpg\"\n               title=\"Non, Nils, on ne paille pas les oignons en jetant de la paille n&#039;importe o\u00f9 !\"\n               data-src=\"https:\/\/ecojardindesgrivauds.fr\/wp-content\/gallery\/2022_03_27-navets\/2022-03-22_10-06-21.jpg\"\n               data-thumbnail=\"https:\/\/ecojardindesgrivauds.fr\/wp-content\/gallery\/2022_03_27-navets\/thumbs\/thumbs_2022-03-22_10-06-21.jpg\"\n               data-image-id=\"3013\"\n               data-title=\"2022-03-22_10-06-21\"\n               data-description=\"Non, Nils, on ne paille pas les oignons en jetant de la paille n&#039;importe o\u00f9 !\"\n               data-image-slug=\"2022-03-22_10-06-21\"\n               class=\"ngg-fancybox\" rel=\"6fcc42b3cc437cae62f90a7858fa606c\">\n                <img\n                    title=\"2022-03-22_10-06-21\"\n                    alt=\"2022-03-22_10-06-21\"\n                    src=\"https:\/\/ecojardindesgrivauds.fr\/wp-content\/gallery\/2022_03_27-navets\/thumbs\/thumbs_2022-03-22_10-06-21.jpg\"\n                    width=\"240\"\n                    height=\"160\"\n                    style=\"max-width:100%;\"\n                \/>\n            <\/a>\n        <\/div>\n\t\t\t\t\t\t\t<\/div> \n\t\t\t\n        \n\t\t\t\t<div id=\"ngg-image-3\" class=\"ngg-gallery-thumbnail-box\" >\n\t\t\t\t        <div class=\"ngg-gallery-thumbnail\">\n            <a href=\"https:\/\/ecojardindesgrivauds.fr\/wp-content\/gallery\/2022_03_27-navets\/2022-03-22_12-23-02.jpg\"\n               title=\"Paillage des pommes de terre nouvelles\"\n               data-src=\"https:\/\/ecojardindesgrivauds.fr\/wp-content\/gallery\/2022_03_27-navets\/2022-03-22_12-23-02.jpg\"\n               data-thumbnail=\"https:\/\/ecojardindesgrivauds.fr\/wp-content\/gallery\/2022_03_27-navets\/thumbs\/thumbs_2022-03-22_12-23-02.jpg\"\n               data-image-id=\"3014\"\n               data-title=\"2022-03-22_12-23-02\"\n               data-description=\"Paillage des pommes de terre nouvelles\"\n               data-image-slug=\"2022-03-22_12-23-02\"\n               class=\"ngg-fancybox\" rel=\"6fcc42b3cc437cae62f90a7858fa606c\">\n                <img\n                    title=\"2022-03-22_12-23-02\"\n                    alt=\"2022-03-22_12-23-02\"\n                    src=\"https:\/\/ecojardindesgrivauds.fr\/wp-content\/gallery\/2022_03_27-navets\/thumbs\/thumbs_2022-03-22_12-23-02.jpg\"\n                    width=\"240\"\n                    height=\"160\"\n                    style=\"max-width:100%;\"\n                \/>\n            <\/a>\n        <\/div>\n\t\t\t\t\t\t\t<\/div> \n\t\t\t\n        \n\t\t\t\t<div id=\"ngg-image-4\" class=\"ngg-gallery-thumbnail-box\" >\n\t\t\t\t        <div class=\"ngg-gallery-thumbnail\">\n            <a href=\"https:\/\/ecojardindesgrivauds.fr\/wp-content\/gallery\/2022_03_27-navets\/2022-03-22_12-23-14.jpg\"\n               title=\"Pommes de terre germ\u00e9s, directement install\u00e9es au contact du sol, \u00e0 travers du fumier. Gouttes-\u00e0-gouttes et paille pour compl\u00e9ter le tout.\"\n               data-src=\"https:\/\/ecojardindesgrivauds.fr\/wp-content\/gallery\/2022_03_27-navets\/2022-03-22_12-23-14.jpg\"\n               data-thumbnail=\"https:\/\/ecojardindesgrivauds.fr\/wp-content\/gallery\/2022_03_27-navets\/thumbs\/thumbs_2022-03-22_12-23-14.jpg\"\n               data-image-id=\"3015\"\n               data-title=\"2022-03-22_12-23-14\"\n               data-description=\"Pommes de terre germ\u00e9s, directement install\u00e9es au contact du sol, \u00e0 travers du fumier. Gouttes-\u00e0-gouttes et paille pour compl\u00e9ter le tout.\"\n               data-image-slug=\"2022-03-22_12-23-14\"\n               class=\"ngg-fancybox\" rel=\"6fcc42b3cc437cae62f90a7858fa606c\">\n                <img\n                    title=\"2022-03-22_12-23-14\"\n                    alt=\"2022-03-22_12-23-14\"\n                    src=\"https:\/\/ecojardindesgrivauds.fr\/wp-content\/gallery\/2022_03_27-navets\/thumbs\/thumbs_2022-03-22_12-23-14.jpg\"\n                    width=\"240\"\n                    height=\"160\"\n                    style=\"max-width:100%;\"\n                \/>\n            <\/a>\n        <\/div>\n\t\t\t\t\t\t\t<\/div> \n\t\t\t\n        \n\t\t\t\t<div id=\"ngg-image-5\" class=\"ngg-gallery-thumbnail-box\" >\n\t\t\t\t        <div class=\"ngg-gallery-thumbnail\">\n            <a href=\"https:\/\/ecojardindesgrivauds.fr\/wp-content\/gallery\/2022_03_27-navets\/2022-03-24_17-19-43.jpg\"\n               title=\"Greffage de fruitiers en plein champ.\"\n               data-src=\"https:\/\/ecojardindesgrivauds.fr\/wp-content\/gallery\/2022_03_27-navets\/2022-03-24_17-19-43.jpg\"\n               data-thumbnail=\"https:\/\/ecojardindesgrivauds.fr\/wp-content\/gallery\/2022_03_27-navets\/thumbs\/thumbs_2022-03-24_17-19-43.jpg\"\n               data-image-id=\"3019\"\n               data-title=\"2022-03-24_17-19-43\"\n               data-description=\"Greffage de fruitiers en plein champ.\"\n               data-image-slug=\"2022-03-24_17-19-43\"\n               class=\"ngg-fancybox\" rel=\"6fcc42b3cc437cae62f90a7858fa606c\">\n                <img\n                    title=\"2022-03-24_17-19-43\"\n                    alt=\"2022-03-24_17-19-43\"\n                    src=\"https:\/\/ecojardindesgrivauds.fr\/wp-content\/gallery\/2022_03_27-navets\/thumbs\/thumbs_2022-03-24_17-19-43.jpg\"\n                    width=\"240\"\n                    height=\"160\"\n                    style=\"max-width:100%;\"\n                \/>\n            <\/a>\n        <\/div>\n\t\t\t\t\t\t\t<\/div> \n\t\t\t\n        \n\t\t\t\t<div id=\"ngg-image-6\" class=\"ngg-gallery-thumbnail-box\" >\n\t\t\t\t        <div class=\"ngg-gallery-thumbnail\">\n            <a href=\"https:\/\/ecojardindesgrivauds.fr\/wp-content\/gallery\/2022_03_27-navets\/2022-03-24_17-25-14.jpg\"\n               title=\"On cire les extr\u00e9mit\u00e9s coup\u00e9es.\"\n               data-src=\"https:\/\/ecojardindesgrivauds.fr\/wp-content\/gallery\/2022_03_27-navets\/2022-03-24_17-25-14.jpg\"\n               data-thumbnail=\"https:\/\/ecojardindesgrivauds.fr\/wp-content\/gallery\/2022_03_27-navets\/thumbs\/thumbs_2022-03-24_17-25-14.jpg\"\n               data-image-id=\"3020\"\n               data-title=\"2022-03-24_17-25-14\"\n               data-description=\"On cire les extr\u00e9mit\u00e9s coup\u00e9es.\"\n               data-image-slug=\"2022-03-24_17-25-14\"\n               class=\"ngg-fancybox\" rel=\"6fcc42b3cc437cae62f90a7858fa606c\">\n                <img\n                    title=\"2022-03-24_17-25-14\"\n                    alt=\"2022-03-24_17-25-14\"\n                    src=\"https:\/\/ecojardindesgrivauds.fr\/wp-content\/gallery\/2022_03_27-navets\/thumbs\/thumbs_2022-03-24_17-25-14.jpg\"\n                    width=\"240\"\n                    height=\"160\"\n                    style=\"max-width:100%;\"\n                \/>\n            <\/a>\n        <\/div>\n\t\t\t\t\t\t\t<\/div> \n\t\t\t\n        \n\t\t\t\t<div id=\"ngg-image-7\" class=\"ngg-gallery-thumbnail-box\" >\n\t\t\t\t        <div class=\"ngg-gallery-thumbnail\">\n            <a href=\"https:\/\/ecojardindesgrivauds.fr\/wp-content\/gallery\/2022_03_27-navets\/2022-03-25_16-37-45.jpg\"\n               title=\"Les plantations d&#039;oignons et d&#039;\u00e9chalotes ont commenc\u00e9 !\"\n               data-src=\"https:\/\/ecojardindesgrivauds.fr\/wp-content\/gallery\/2022_03_27-navets\/2022-03-25_16-37-45.jpg\"\n               data-thumbnail=\"https:\/\/ecojardindesgrivauds.fr\/wp-content\/gallery\/2022_03_27-navets\/thumbs\/thumbs_2022-03-25_16-37-45.jpg\"\n               data-image-id=\"3024\"\n               data-title=\"2022-03-25_16-37-45\"\n               data-description=\"Les plantations d&#039;oignons et d&#039;\u00e9chalotes ont commenc\u00e9 !\"\n               data-image-slug=\"2022-03-25_16-37-45\"\n               class=\"ngg-fancybox\" rel=\"6fcc42b3cc437cae62f90a7858fa606c\">\n                <img\n                    title=\"2022-03-25_16-37-45\"\n                    alt=\"2022-03-25_16-37-45\"\n                    src=\"https:\/\/ecojardindesgrivauds.fr\/wp-content\/gallery\/2022_03_27-navets\/thumbs\/thumbs_2022-03-25_16-37-45.jpg\"\n                    width=\"240\"\n                    height=\"160\"\n                    style=\"max-width:100%;\"\n                \/>\n            <\/a>\n        <\/div>\n\t\t\t\t\t\t\t<\/div> \n\t\t\t\n        \n\t\t\t\t<div id=\"ngg-image-8\" class=\"ngg-gallery-thumbnail-box\" >\n\t\t\t\t        <div class=\"ngg-gallery-thumbnail\">\n            <a href=\"https:\/\/ecojardindesgrivauds.fr\/wp-content\/gallery\/2022_03_27-navets\/2022-03-26_12-44-50.jpg\"\n               title=\"Semis de carottes en plein champ.\"\n               data-src=\"https:\/\/ecojardindesgrivauds.fr\/wp-content\/gallery\/2022_03_27-navets\/2022-03-26_12-44-50.jpg\"\n               data-thumbnail=\"https:\/\/ecojardindesgrivauds.fr\/wp-content\/gallery\/2022_03_27-navets\/thumbs\/thumbs_2022-03-26_12-44-50.jpg\"\n               data-image-id=\"3028\"\n               data-title=\"2022-03-26_12-44-50\"\n               data-description=\"Semis de carottes en plein champ.\"\n               data-image-slug=\"2022-03-26_12-44-50\"\n               class=\"ngg-fancybox\" rel=\"6fcc42b3cc437cae62f90a7858fa606c\">\n                <img\n                    title=\"2022-03-26_12-44-50\"\n                    alt=\"2022-03-26_12-44-50\"\n                    src=\"https:\/\/ecojardindesgrivauds.fr\/wp-content\/gallery\/2022_03_27-navets\/thumbs\/thumbs_2022-03-26_12-44-50.jpg\"\n                    width=\"240\"\n                    height=\"160\"\n                    style=\"max-width:100%;\"\n                \/>\n            <\/a>\n        <\/div>\n\t\t\t\t\t\t\t<\/div> \n\t\t\t\n        \n\t\t\t\t<div id=\"ngg-image-9\" class=\"ngg-gallery-thumbnail-box\" >\n\t\t\t\t        <div class=\"ngg-gallery-thumbnail\">\n            <a href=\"https:\/\/ecojardindesgrivauds.fr\/wp-content\/gallery\/2022_03_27-navets\/2022-03-26_16-06-49.jpg\"\n               title=\"Palissage des petits pois : on rajoute une deuxi\u00e8me ficelle. C&#039;est signe que \u00e7a pousse !\"\n               data-src=\"https:\/\/ecojardindesgrivauds.fr\/wp-content\/gallery\/2022_03_27-navets\/2022-03-26_16-06-49.jpg\"\n               data-thumbnail=\"https:\/\/ecojardindesgrivauds.fr\/wp-content\/gallery\/2022_03_27-navets\/thumbs\/thumbs_2022-03-26_16-06-49.jpg\"\n               data-image-id=\"3029\"\n               data-title=\"2022-03-26_16-06-49\"\n               data-description=\"Palissage des petits pois : on rajoute une deuxi\u00e8me ficelle. C&#039;est signe que \u00e7a pousse !\"\n               data-image-slug=\"2022-03-26_16-06-49\"\n               class=\"ngg-fancybox\" rel=\"6fcc42b3cc437cae62f90a7858fa606c\">\n                <img\n                    title=\"2022-03-26_16-06-49\"\n                    alt=\"2022-03-26_16-06-49\"\n                    src=\"https:\/\/ecojardindesgrivauds.fr\/wp-content\/gallery\/2022_03_27-navets\/thumbs\/thumbs_2022-03-26_16-06-49.jpg\"\n                    width=\"240\"\n                    height=\"160\"\n                    style=\"max-width:100%;\"\n                \/>\n            <\/a>\n        <\/div>\n\t\t\t\t\t\t\t<\/div> \n\t\t\t\n        \n\t\t\t\t<div id=\"ngg-image-10\" class=\"ngg-gallery-thumbnail-box\" >\n\t\t\t\t        <div class=\"ngg-gallery-thumbnail\">\n            <a href=\"https:\/\/ecojardindesgrivauds.fr\/wp-content\/gallery\/2022_03_27-navets\/20220322_164120.jpg\"\n               title=\"Greffe d&#039;aubergines sur tomates ; \u00e0 gauche des portes-greffe, \u00e0 droite trois plants d\u00e9j\u00e0 greff\u00e9s.\"\n               data-src=\"https:\/\/ecojardindesgrivauds.fr\/wp-content\/gallery\/2022_03_27-navets\/20220322_164120.jpg\"\n               data-thumbnail=\"https:\/\/ecojardindesgrivauds.fr\/wp-content\/gallery\/2022_03_27-navets\/thumbs\/thumbs_20220322_164120.jpg\"\n               data-image-id=\"3030\"\n               data-title=\"20220322_164120\"\n               data-description=\"Greffe d&#039;aubergines sur tomates ; \u00e0 gauche des portes-greffe, \u00e0 droite trois plants d\u00e9j\u00e0 greff\u00e9s.\"\n               data-image-slug=\"20220322_164120\"\n               class=\"ngg-fancybox\" rel=\"6fcc42b3cc437cae62f90a7858fa606c\">\n                <img\n                    title=\"20220322_164120\"\n                    alt=\"20220322_164120\"\n                    src=\"https:\/\/ecojardindesgrivauds.fr\/wp-content\/gallery\/2022_03_27-navets\/thumbs\/thumbs_20220322_164120.jpg\"\n                    width=\"240\"\n                    height=\"160\"\n                    style=\"max-width:100%;\"\n                \/>\n            <\/a>\n        <\/div>\n\t\t\t\t\t\t\t<\/div> \n\t\t\t\n        \n\t\t\t\t<div id=\"ngg-image-11\" class=\"ngg-gallery-thumbnail-box\" >\n\t\t\t\t        <div class=\"ngg-gallery-thumbnail\">\n            <a href=\"https:\/\/ecojardindesgrivauds.fr\/wp-content\/gallery\/2022_03_27-navets\/2022-03-23_12-15-26.jpg\"\n               title=\"Muscari \u00e0 grappe\"\n               data-src=\"https:\/\/ecojardindesgrivauds.fr\/wp-content\/gallery\/2022_03_27-navets\/2022-03-23_12-15-26.jpg\"\n               data-thumbnail=\"https:\/\/ecojardindesgrivauds.fr\/wp-content\/gallery\/2022_03_27-navets\/thumbs\/thumbs_2022-03-23_12-15-26.jpg\"\n               data-image-id=\"3017\"\n               data-title=\"2022-03-23_12-15-26\"\n               data-description=\"Muscari \u00e0 grappe\"\n               data-image-slug=\"2022-03-23_12-15-26\"\n               class=\"ngg-fancybox\" rel=\"6fcc42b3cc437cae62f90a7858fa606c\">\n                <img\n                    title=\"2022-03-23_12-15-26\"\n                    alt=\"2022-03-23_12-15-26\"\n                    src=\"https:\/\/ecojardindesgrivauds.fr\/wp-content\/gallery\/2022_03_27-navets\/thumbs\/thumbs_2022-03-23_12-15-26.jpg\"\n                    width=\"240\"\n                    height=\"160\"\n                    style=\"max-width:100%;\"\n                \/>\n            <\/a>\n        <\/div>\n\t\t\t\t\t\t\t<\/div> \n\t\t\t\n        \n\t\t\t\t<div id=\"ngg-image-12\" class=\"ngg-gallery-thumbnail-box\" >\n\t\t\t\t        <div class=\"ngg-gallery-thumbnail\">\n            <a href=\"https:\/\/ecojardindesgrivauds.fr\/wp-content\/gallery\/2022_03_27-navets\/2022-03-25_18-40-01.jpg\"\n               title=\"Les premi\u00e8res Stellaires holost\u00e9es !\"\n               data-src=\"https:\/\/ecojardindesgrivauds.fr\/wp-content\/gallery\/2022_03_27-navets\/2022-03-25_18-40-01.jpg\"\n               data-thumbnail=\"https:\/\/ecojardindesgrivauds.fr\/wp-content\/gallery\/2022_03_27-navets\/thumbs\/thumbs_2022-03-25_18-40-01.jpg\"\n               data-image-id=\"3026\"\n               data-title=\"2022-03-25_18-40-01\"\n               data-description=\"Les premi\u00e8res Stellaires holost\u00e9es !\"\n               data-image-slug=\"2022-03-25_18-40-01\"\n               class=\"ngg-fancybox\" rel=\"6fcc42b3cc437cae62f90a7858fa606c\">\n                <img\n                    title=\"2022-03-25_18-40-01\"\n                    alt=\"2022-03-25_18-40-01\"\n                    src=\"https:\/\/ecojardindesgrivauds.fr\/wp-content\/gallery\/2022_03_27-navets\/thumbs\/thumbs_2022-03-25_18-40-01.jpg\"\n                    width=\"240\"\n                    height=\"160\"\n                    style=\"max-width:100%;\"\n                \/>\n            <\/a>\n        <\/div>\n\t\t\t\t\t\t\t<\/div> \n\t\t\t\n        \n\t\t\t\t<div id=\"ngg-image-13\" class=\"ngg-gallery-thumbnail-box\" >\n\t\t\t\t        <div class=\"ngg-gallery-thumbnail\">\n            <a href=\"https:\/\/ecojardindesgrivauds.fr\/wp-content\/gallery\/2022_03_27-navets\/2022-03-25_18-51-53.jpg\"\n               title=\"Les p\u00eachers sont en fleur !\"\n               data-src=\"https:\/\/ecojardindesgrivauds.fr\/wp-content\/gallery\/2022_03_27-navets\/2022-03-25_18-51-53.jpg\"\n               data-thumbnail=\"https:\/\/ecojardindesgrivauds.fr\/wp-content\/gallery\/2022_03_27-navets\/thumbs\/thumbs_2022-03-25_18-51-53.jpg\"\n               data-image-id=\"3027\"\n               data-title=\"2022-03-25_18-51-53\"\n               data-description=\"Les p\u00eachers sont en fleur !\"\n               data-image-slug=\"2022-03-25_18-51-53\"\n               class=\"ngg-fancybox\" rel=\"6fcc42b3cc437cae62f90a7858fa606c\">\n                <img\n                    title=\"2022-03-25_18-51-53\"\n                    alt=\"2022-03-25_18-51-53\"\n                    src=\"https:\/\/ecojardindesgrivauds.fr\/wp-content\/gallery\/2022_03_27-navets\/thumbs\/thumbs_2022-03-25_18-51-53.jpg\"\n                    width=\"240\"\n                    height=\"160\"\n                    style=\"max-width:100%;\"\n                \/>\n            <\/a>\n        <\/div>\n\t\t\t\t\t\t\t<\/div> \n\t\t\t\n        \n\t\t\t\t<div id=\"ngg-image-14\" class=\"ngg-gallery-thumbnail-box\" >\n\t\t\t\t        <div class=\"ngg-gallery-thumbnail\">\n            <a href=\"https:\/\/ecojardindesgrivauds.fr\/wp-content\/gallery\/2022_03_27-navets\/2022-03-21_13-51-53.jpg\"\n               title=\"Abeille charpenti\u00e8re sur Mahonia\"\n               data-src=\"https:\/\/ecojardindesgrivauds.fr\/wp-content\/gallery\/2022_03_27-navets\/2022-03-21_13-51-53.jpg\"\n               data-thumbnail=\"https:\/\/ecojardindesgrivauds.fr\/wp-content\/gallery\/2022_03_27-navets\/thumbs\/thumbs_2022-03-21_13-51-53.jpg\"\n               data-image-id=\"3011\"\n               data-title=\"2022-03-21_13-51-53\"\n               data-description=\"Abeille charpenti\u00e8re sur Mahonia\"\n               data-image-slug=\"2022-03-21_13-51-53\"\n               class=\"ngg-fancybox\" rel=\"6fcc42b3cc437cae62f90a7858fa606c\">\n                <img\n                    title=\"2022-03-21_13-51-53\"\n                    alt=\"2022-03-21_13-51-53\"\n                    src=\"https:\/\/ecojardindesgrivauds.fr\/wp-content\/gallery\/2022_03_27-navets\/thumbs\/thumbs_2022-03-21_13-51-53.jpg\"\n                    width=\"240\"\n                    height=\"160\"\n                    style=\"max-width:100%;\"\n                \/>\n            <\/a>\n        <\/div>\n\t\t\t\t\t\t\t<\/div> \n\t\t\t\n        \n\t\t\t\t<div id=\"ngg-image-15\" class=\"ngg-gallery-thumbnail-box\" >\n\t\t\t\t        <div class=\"ngg-gallery-thumbnail\">\n            <a href=\"https:\/\/ecojardindesgrivauds.fr\/wp-content\/gallery\/2022_03_27-navets\/2022-03-21_18-10-49.jpg\"\n               title=\"Coccinelle \u00e0 vingt-deux points (Psyllobora vigintiduopunctata) : elle nettoie les feuilles en se nourrissant de champignons foliaires.\"\n               data-src=\"https:\/\/ecojardindesgrivauds.fr\/wp-content\/gallery\/2022_03_27-navets\/2022-03-21_18-10-49.jpg\"\n               data-thumbnail=\"https:\/\/ecojardindesgrivauds.fr\/wp-content\/gallery\/2022_03_27-navets\/thumbs\/thumbs_2022-03-21_18-10-49.jpg\"\n               data-image-id=\"3012\"\n               data-title=\"2022-03-21_18-10-49\"\n               data-description=\"Coccinelle \u00e0 vingt-deux points (Psyllobora vigintiduopunctata) : elle nettoie les feuilles en se nourrissant de champignons foliaires.\"\n               data-image-slug=\"2022-03-21_18-10-49\"\n               class=\"ngg-fancybox\" rel=\"6fcc42b3cc437cae62f90a7858fa606c\">\n                <img\n                    title=\"2022-03-21_18-10-49\"\n                    alt=\"2022-03-21_18-10-49\"\n                    src=\"https:\/\/ecojardindesgrivauds.fr\/wp-content\/gallery\/2022_03_27-navets\/thumbs\/thumbs_2022-03-21_18-10-49.jpg\"\n                    width=\"240\"\n                    height=\"160\"\n                    style=\"max-width:100%;\"\n                \/>\n            <\/a>\n        <\/div>\n\t\t\t\t\t\t\t<\/div> \n\t\t\t\n        \n\t\t\t\t<div id=\"ngg-image-16\" class=\"ngg-gallery-thumbnail-box\" >\n\t\t\t\t        <div class=\"ngg-gallery-thumbnail\">\n            <a href=\"https:\/\/ecojardindesgrivauds.fr\/wp-content\/gallery\/2022_03_27-navets\/2022-03-24_13-42-35.jpg\"\n               title=\"Papillon Aurore\"\n               data-src=\"https:\/\/ecojardindesgrivauds.fr\/wp-content\/gallery\/2022_03_27-navets\/2022-03-24_13-42-35.jpg\"\n               data-thumbnail=\"https:\/\/ecojardindesgrivauds.fr\/wp-content\/gallery\/2022_03_27-navets\/thumbs\/thumbs_2022-03-24_13-42-35.jpg\"\n               data-image-id=\"3018\"\n               data-title=\"2022-03-24_13-42-35\"\n               data-description=\"Papillon Aurore\"\n               data-image-slug=\"2022-03-24_13-42-35\"\n               class=\"ngg-fancybox\" rel=\"6fcc42b3cc437cae62f90a7858fa606c\">\n                <img\n                    title=\"2022-03-24_13-42-35\"\n                    alt=\"2022-03-24_13-42-35\"\n                    src=\"https:\/\/ecojardindesgrivauds.fr\/wp-content\/gallery\/2022_03_27-navets\/thumbs\/thumbs_2022-03-24_13-42-35.jpg\"\n                    width=\"240\"\n                    height=\"160\"\n                    style=\"max-width:100%;\"\n                \/>\n            <\/a>\n        <\/div>\n\t\t\t\t\t\t\t<\/div> \n\t\t\t\n        \n\t\t\t\t<div id=\"ngg-image-17\" class=\"ngg-gallery-thumbnail-box\" >\n\t\t\t\t        <div class=\"ngg-gallery-thumbnail\">\n            <a href=\"https:\/\/ecojardindesgrivauds.fr\/wp-content\/gallery\/2022_03_27-navets\/2022-03-24_18-07-24.jpg\"\n               title=\"Araign\u00e9e \u00e0 identifier\"\n               data-src=\"https:\/\/ecojardindesgrivauds.fr\/wp-content\/gallery\/2022_03_27-navets\/2022-03-24_18-07-24.jpg\"\n               data-thumbnail=\"https:\/\/ecojardindesgrivauds.fr\/wp-content\/gallery\/2022_03_27-navets\/thumbs\/thumbs_2022-03-24_18-07-24.jpg\"\n               data-image-id=\"3021\"\n               data-title=\"2022-03-24_18-07-24\"\n               data-description=\"Araign\u00e9e \u00e0 identifier\"\n               data-image-slug=\"2022-03-24_18-07-24\"\n               class=\"ngg-fancybox\" rel=\"6fcc42b3cc437cae62f90a7858fa606c\">\n                <img\n                    title=\"2022-03-24_18-07-24\"\n                    alt=\"2022-03-24_18-07-24\"\n                    src=\"https:\/\/ecojardindesgrivauds.fr\/wp-content\/gallery\/2022_03_27-navets\/thumbs\/thumbs_2022-03-24_18-07-24.jpg\"\n                    width=\"240\"\n                    height=\"160\"\n                    style=\"max-width:100%;\"\n                \/>\n            <\/a>\n        <\/div>\n\t\t\t\t\t\t\t<\/div> \n\t\t\t\n        \n\t\t\t\t<div id=\"ngg-image-18\" class=\"ngg-gallery-thumbnail-box\" >\n\t\t\t\t        <div class=\"ngg-gallery-thumbnail\">\n            <a href=\"https:\/\/ecojardindesgrivauds.fr\/wp-content\/gallery\/2022_03_27-navets\/2022-03-25_15-59-49.jpg\"\n               title=\"Crache-sang (Timarcha tenebricosa)\"\n               data-src=\"https:\/\/ecojardindesgrivauds.fr\/wp-content\/gallery\/2022_03_27-navets\/2022-03-25_15-59-49.jpg\"\n               data-thumbnail=\"https:\/\/ecojardindesgrivauds.fr\/wp-content\/gallery\/2022_03_27-navets\/thumbs\/thumbs_2022-03-25_15-59-49.jpg\"\n               data-image-id=\"3022\"\n               data-title=\"2022-03-25_15-59-49\"\n               data-description=\"Crache-sang (Timarcha tenebricosa)\"\n               data-image-slug=\"2022-03-25_15-59-49\"\n               class=\"ngg-fancybox\" rel=\"6fcc42b3cc437cae62f90a7858fa606c\">\n                <img\n                    title=\"2022-03-25_15-59-49\"\n                    alt=\"2022-03-25_15-59-49\"\n                    src=\"https:\/\/ecojardindesgrivauds.fr\/wp-content\/gallery\/2022_03_27-navets\/thumbs\/thumbs_2022-03-25_15-59-49.jpg\"\n                    width=\"240\"\n                    height=\"160\"\n                    style=\"max-width:100%;\"\n                \/>\n            <\/a>\n        <\/div>\n\t\t\t\t\t\t\t<\/div> \n\t\t\t\n        \n\t\t\t\t<div id=\"ngg-image-19\" class=\"ngg-gallery-thumbnail-box\" >\n\t\t\t\t        <div class=\"ngg-gallery-thumbnail\">\n            <a href=\"https:\/\/ecojardindesgrivauds.fr\/wp-content\/gallery\/2022_03_27-navets\/2022-03-25_16-08-02.jpg\"\n               title=\"Staphylin du littoral (Paederus littoralis)\"\n               data-src=\"https:\/\/ecojardindesgrivauds.fr\/wp-content\/gallery\/2022_03_27-navets\/2022-03-25_16-08-02.jpg\"\n               data-thumbnail=\"https:\/\/ecojardindesgrivauds.fr\/wp-content\/gallery\/2022_03_27-navets\/thumbs\/thumbs_2022-03-25_16-08-02.jpg\"\n               data-image-id=\"3023\"\n               data-title=\"2022-03-25_16-08-02\"\n               data-description=\"Staphylin du littoral (Paederus littoralis)\"\n               data-image-slug=\"2022-03-25_16-08-02\"\n               class=\"ngg-fancybox\" rel=\"6fcc42b3cc437cae62f90a7858fa606c\">\n                <img\n                    title=\"2022-03-25_16-08-02\"\n                    alt=\"2022-03-25_16-08-02\"\n                    src=\"https:\/\/ecojardindesgrivauds.fr\/wp-content\/gallery\/2022_03_27-navets\/thumbs\/thumbs_2022-03-25_16-08-02.jpg\"\n                    width=\"240\"\n                    height=\"160\"\n                    style=\"max-width:100%;\"\n                \/>\n            <\/a>\n        <\/div>\n\t\t\t\t\t\t\t<\/div> \n\t\t\t\n        \n\t\t\t\t<div id=\"ngg-image-20\" class=\"ngg-gallery-thumbnail-box\" >\n\t\t\t\t        <div class=\"ngg-gallery-thumbnail\">\n            <a href=\"https:\/\/ecojardindesgrivauds.fr\/wp-content\/gallery\/2022_03_27-navets\/2022-03-25_18-37-02.jpg\"\n               title=\"Chenille \u00e0 identifier\"\n               data-src=\"https:\/\/ecojardindesgrivauds.fr\/wp-content\/gallery\/2022_03_27-navets\/2022-03-25_18-37-02.jpg\"\n               data-thumbnail=\"https:\/\/ecojardindesgrivauds.fr\/wp-content\/gallery\/2022_03_27-navets\/thumbs\/thumbs_2022-03-25_18-37-02.jpg\"\n               data-image-id=\"3025\"\n               data-title=\"2022-03-25_18-37-02\"\n               data-description=\"Chenille \u00e0 identifier\"\n               data-image-slug=\"2022-03-25_18-37-02\"\n               class=\"ngg-fancybox\" rel=\"6fcc42b3cc437cae62f90a7858fa606c\">\n                <img\n                    title=\"2022-03-25_18-37-02\"\n                    alt=\"2022-03-25_18-37-02\"\n                    src=\"https:\/\/ecojardindesgrivauds.fr\/wp-content\/gallery\/2022_03_27-navets\/thumbs\/thumbs_2022-03-25_18-37-02.jpg\"\n                    width=\"240\"\n                    height=\"160\"\n                    style=\"max-width:100%;\"\n                \/>\n            <\/a>\n        <\/div>\n\t\t\t\t\t\t\t<\/div> \n\t\t\t\n        \n\t\t\t\t<div id=\"ngg-image-21\" class=\"ngg-gallery-thumbnail-box\" >\n\t\t\t\t        <div class=\"ngg-gallery-thumbnail\">\n            <a href=\"https:\/\/ecojardindesgrivauds.fr\/wp-content\/gallery\/2022_03_27-navets\/2022-03-22_16-57-04.jpg\"\n               title=\"L\u00e9zard vert : r\u00e9cup\u00e9rer in extremis dans la gueule de Miroux !\"\n               data-src=\"https:\/\/ecojardindesgrivauds.fr\/wp-content\/gallery\/2022_03_27-navets\/2022-03-22_16-57-04.jpg\"\n               data-thumbnail=\"https:\/\/ecojardindesgrivauds.fr\/wp-content\/gallery\/2022_03_27-navets\/thumbs\/thumbs_2022-03-22_16-57-04.jpg\"\n               data-image-id=\"3016\"\n               data-title=\"2022-03-22_16-57-04\"\n               data-description=\"L\u00e9zard vert : r\u00e9cup\u00e9rer in extremis dans la gueule de Miroux !\"\n               data-image-slug=\"2022-03-22_16-57-04\"\n               class=\"ngg-fancybox\" rel=\"6fcc42b3cc437cae62f90a7858fa606c\">\n                <img\n                    title=\"2022-03-22_16-57-04\"\n                    alt=\"2022-03-22_16-57-04\"\n                    src=\"https:\/\/ecojardindesgrivauds.fr\/wp-content\/gallery\/2022_03_27-navets\/thumbs\/thumbs_2022-03-22_16-57-04.jpg\"\n                    width=\"240\"\n                    height=\"160\"\n                    style=\"max-width:100%;\"\n                \/>\n            <\/a>\n        <\/div>\n\t\t\t\t\t\t\t<\/div> \n\t\t\t\n        \n\t\t\n\t\t<!-- Pagination -->\n\t<div class='ngg-clear'><\/div>\t<\/div>\n\n<div class=\"speaker-mute footnotes_reference_container\"> <div class=\"footnote_container_prepare\"><p><span role=\"button\" tabindex=\"0\" class=\"footnote_reference_container_label pointer\" onclick=\"footnote_expand_collapse_reference_container_9166_1();\">References<\/span><span role=\"button\" tabindex=\"0\" class=\"footnote_reference_container_collapse_button\" style=\"display: none;\" onclick=\"footnote_expand_collapse_reference_container_9166_1();\">[<a id=\"footnote_reference_container_collapse_button_9166_1\">+<\/a>]<\/span><\/p><\/div> <div id=\"footnote_references_container_9166_1\" style=\"\"><table class=\"footnotes_table footnote-reference-container\"><caption class=\"accessibility\">References<\/caption> <tbody> \r\n\r\n<tr class=\"footnotes_plugin_reference_row\"> <th scope=\"row\" class=\"footnote_plugin_index_combi pointer\"  onclick=\"footnote_moveToAnchor_9166_1('footnote_plugin_tooltip_9166_1_1');\"><a id=\"footnote_plugin_reference_9166_1_1\" class=\"footnote_backlink\"><span class=\"footnote_index_arrow\">&#8593;<\/span>1<\/a><\/th> <td class=\"footnote_plugin_text\"><a href=\"https:\/\/www.facebook.com\/LafermedeslogesNorbertetNils\" data-type=\"URL\" data-id=\"https:\/\/www.facebook.com\/LafermedeslogesNorbertetNils\">La Ferme des Loges<\/a>, aux Loges-en-Josas, dans les Yvelines<\/td><\/tr>\r\n\r\n <\/tbody> <\/table> <\/div><\/div><script type=\"text\/javascript\"> function footnote_expand_reference_container_9166_1() { jQuery('#footnote_references_container_9166_1').show(); jQuery('#footnote_reference_container_collapse_button_9166_1').text('\u2212'); } function footnote_collapse_reference_container_9166_1() { jQuery('#footnote_references_container_9166_1').hide(); jQuery('#footnote_reference_container_collapse_button_9166_1').text('+'); } function footnote_expand_collapse_reference_container_9166_1() { if (jQuery('#footnote_references_container_9166_1').is(':hidden')) { footnote_expand_reference_container_9166_1(); } else { footnote_collapse_reference_container_9166_1(); } } function footnote_moveToReference_9166_1(p_str_TargetID) { footnote_expand_reference_container_9166_1(); var l_obj_Target = jQuery('#' + p_str_TargetID); if (l_obj_Target.length) { jQuery( 'html, body' ).delay( 0 ); jQuery('html, body').animate({ scrollTop: l_obj_Target.offset().top - window.innerHeight * 0.2 }, 380); } } function footnote_moveToAnchor_9166_1(p_str_TargetID) { footnote_expand_reference_container_9166_1(); var l_obj_Target = jQuery('#' + p_str_TargetID); if (l_obj_Target.length) { jQuery( 'html, body' ).delay( 0 ); jQuery('html, body').animate({ scrollTop: l_obj_Target.offset().top - window.innerHeight * 0.2 }, 380); } }<\/script>","protected":false},"excerpt":{"rendered":"<p>Il nous reste des navets. Plein de navets. De ceux qu&rsquo;on a sem\u00e9s l&rsquo;\u00e9t\u00e9 dernier, qui ont gentiment pass\u00e9 l&rsquo;hiver dans le champ et qu&rsquo;on a fini par r\u00e9colter en f\u00e9vrier, avant que les jours ne s&rsquo;allongent trop et que les raves n&rsquo;aient envie d&rsquo;\u00e9mettre leur tige. D&rsquo;ici \u00e0 fin avril, il y aura sans &hellip; <\/p>\n<p class=\"link-more\"><a href=\"https:\/\/ecojardindesgrivauds.fr\/?p=9166\" class=\"more-link\">Continuer la lecture<span class=\"screen-reader-text\"> de &laquo;&nbsp;\u00abJamais sans mes navets\u00bb&nbsp;&raquo;<\/span><\/a><\/p>\n","protected":false},"author":1,"featured_media":0,"comment_status":"open","ping_status":"open","sticky":false,"template":"","format":"standard","meta":{"ngg_post_thumbnail":0},"categories":[1],"tags":[],"_links":{"self":[{"href":"https:\/\/ecojardindesgrivauds.fr\/index.php?rest_route=\/wp\/v2\/posts\/9166"}],"collection":[{"href":"https:\/\/ecojardindesgrivauds.fr\/index.php?rest_route=\/wp\/v2\/posts"}],"about":[{"href":"https:\/\/ecojardindesgrivauds.fr\/index.php?rest_route=\/wp\/v2\/types\/post"}],"author":[{"embeddable":true,"href":"https:\/\/ecojardindesgrivauds.fr\/index.php?rest_route=\/wp\/v2\/users\/1"}],"replies":[{"embeddable":true,"href":"https:\/\/ecojardindesgrivauds.fr\/index.php?rest_route=%2Fwp%2Fv2%2Fcomments&post=9166"}],"version-history":[{"count":8,"href":"https:\/\/ecojardindesgrivauds.fr\/index.php?rest_route=\/wp\/v2\/posts\/9166\/revisions"}],"predecessor-version":[{"id":9223,"href":"https:\/\/ecojardindesgrivauds.fr\/index.php?rest_route=\/wp\/v2\/posts\/9166\/revisions\/9223"}],"wp:attachment":[{"href":"https:\/\/ecojardindesgrivauds.fr\/index.php?rest_route=%2Fwp%2Fv2%2Fmedia&parent=9166"}],"wp:term":[{"taxonomy":"category","embeddable":true,"href":"https:\/\/ecojardindesgrivauds.fr\/index.php?rest_route=%2Fwp%2Fv2%2Fcategories&post=9166"},{"taxonomy":"post_tag","embeddable":true,"href":"https:\/\/ecojardindesgrivauds.fr\/index.php?rest_route=%2Fwp%2Fv2%2Ftags&post=9166"}],"curies":[{"name":"wp","href":"https:\/\/api.w.org\/{rel}","templated":true}]}}