{"id":9224,"date":"2022-04-02T16:29:31","date_gmt":"2022-04-02T14:29:31","guid":{"rendered":"http:\/\/ecojardindesgrivauds.fr\/?p=9224"},"modified":"2022-04-02T16:29:31","modified_gmt":"2022-04-02T14:29:31","slug":"avril-aux-doigts-blancs","status":"publish","type":"post","link":"https:\/\/ecojardindesgrivauds.fr\/?p=9224","title":{"rendered":"Avril aux doigts blancs"},"content":{"rendered":"\n<figure class=\"wp-block-image size-large is-style-default\"><img decoding=\"async\" loading=\"lazy\" width=\"1024\" height=\"682\" src=\"http:\/\/ecojardindesgrivauds.fr\/wp-content\/uploads\/2022\/04\/2022-03-30_07-57-47-1024x682.jpg\" alt=\"\" class=\"wp-image-9227\" srcset=\"https:\/\/ecojardindesgrivauds.fr\/wp-content\/uploads\/2022\/04\/2022-03-30_07-57-47-1024x682.jpg 1024w, https:\/\/ecojardindesgrivauds.fr\/wp-content\/uploads\/2022\/04\/2022-03-30_07-57-47-300x200.jpg 300w, https:\/\/ecojardindesgrivauds.fr\/wp-content\/uploads\/2022\/04\/2022-03-30_07-57-47-768x512.jpg 768w, https:\/\/ecojardindesgrivauds.fr\/wp-content\/uploads\/2022\/04\/2022-03-30_07-57-47.jpg 1280w\" sizes=\"(max-width: 767px) 89vw, (max-width: 1000px) 54vw, (max-width: 1071px) 543px, 580px\" \/><figcaption>Au lever du jour, il y a une lumi\u00e8re de conte de f\u00e9e sur le village de Pierrefitte-sur-Loire.<\/figcaption><\/figure>\n\n\n\n<p>Pourquoi faut-il toujours que le printemps ait des rat\u00e9s ? Qu&rsquo;il h\u00e9site, qu&rsquo;il fasse des allers-retour ? Qu&rsquo;il tousse du gr\u00e9sil, qu&rsquo;il se d\u00e9plume de flocons, qu&rsquo;il blanchisse de nouveau les prairies et les toits ? Le froid en avril, c&rsquo;est dur \u00e0 vivre, \u00e7a joue avec les nerfs. On s&rsquo;\u00e9tait mis \u00e0 se d\u00e9v\u00eatir, on avait sorti les shorts des placards, on avait m\u00eame pris quelques couleurs sur les pommettes et au bout du nez. Nos corps s&rsquo;\u00e9taient pr\u00e9par\u00e9s au chaud et on sent qu&rsquo;on a de nouveau un travail d&rsquo;adaptation au froid \u00e0 faire. Les doigts piquent, les nez coulent. Mais, surtout, ce qui est compliqu\u00e9, c&rsquo;est que c&rsquo;est la saison o\u00f9 on devrait commencer \u00e0 implanter nos l\u00e9gumes d&rsquo;\u00e9t\u00e9. Notamment les courgettes.<\/p>\n\n\n\n<figure class=\"wp-block-image size-full is-style-default\"><img decoding=\"async\" loading=\"lazy\" width=\"1024\" height=\"767\" src=\"http:\/\/ecojardindesgrivauds.fr\/wp-content\/uploads\/2022\/04\/2022-04-01_08-11-54.jpg\" alt=\"\" class=\"wp-image-9231\" srcset=\"https:\/\/ecojardindesgrivauds.fr\/wp-content\/uploads\/2022\/04\/2022-04-01_08-11-54.jpg 1024w, https:\/\/ecojardindesgrivauds.fr\/wp-content\/uploads\/2022\/04\/2022-04-01_08-11-54-300x225.jpg 300w, https:\/\/ecojardindesgrivauds.fr\/wp-content\/uploads\/2022\/04\/2022-04-01_08-11-54-768x575.jpg 768w\" sizes=\"(max-width: 767px) 89vw, (max-width: 1000px) 54vw, (max-width: 1071px) 543px, 580px\" \/><figcaption>La neige qu&rsquo;on attendait en janvier est tomb\u00e9e en avril.<\/figcaption><\/figure>\n\n\n\n<p>Notre m\u00e9t\u00e9o agricole nous annonce -7\u00b0C lundi matin, hors de question d&rsquo;implanter quoi que ce soit en ce moment. M\u00eame des l\u00e9gumes r\u00e9put\u00e9s non-g\u00e9lifs pourraient y laisser des plumes. On en a fait les frais l&rsquo;ann\u00e9e derni\u00e8re, o\u00f9 les gel\u00e9es d&rsquo;avril avaient \u00e9t\u00e9 particuli\u00e8rement s\u00e9v\u00e8res : on avait perdu des plants de blettes fra\u00eechement repiqu\u00e9s. Ainsi que des radis au stade plantule, sortis de terre depuis seulement quelques jours. Le gel peut aussi faire exploser les c\u00f4tes des blettes \u00e0 cardes. Et va donner un coup de frein \u00e0 toutes les cultures en train de pousser&#8230; Parce que, contrairement \u00e0 la semaine derni\u00e8re, o\u00f9 il gelait aussi r\u00e9guli\u00e8rement, ce sont surtout les temp\u00e9ratures de l&rsquo;apr\u00e8s-midi qui sont en chute libre. 5\u00b0C comme maximale, c&rsquo;est tr\u00e8s tr\u00e8s faible. D&rsquo;ailleurs, c&rsquo;est bien le signe que les gel\u00e9es ne sont pas provoqu\u00e9es par le m\u00eame ph\u00e9nom\u00e8ne. Les gel\u00e9es de la semaine derni\u00e8re, par temps clair et sec, sont un ph\u00e9nom\u00e8ne radiatif : la chaleur monte pendant la nuit et le sol peine encore \u00e0 r\u00e9chauffer suffisamment l&rsquo;air ambiant pour emp\u00eacher la gel\u00e9e. Par contre, cette semaine, c&rsquo;est un ph\u00e9nom\u00e8ne d&rsquo;advection : c&rsquo;est le d\u00e9placement d&rsquo;une masse d&rsquo;air froid venue du nord qui fait plonger le mercure.<\/p>\n\n\n\n<div class=\"wp-block-image is-style-default\"><figure class=\"alignleft size-medium\"><img decoding=\"async\" loading=\"lazy\" width=\"300\" height=\"225\" src=\"http:\/\/ecojardindesgrivauds.fr\/wp-content\/uploads\/2022\/04\/2022-04-01_14-48-15-300x225.jpg\" alt=\"\" class=\"wp-image-9234\" srcset=\"https:\/\/ecojardindesgrivauds.fr\/wp-content\/uploads\/2022\/04\/2022-04-01_14-48-15-300x225.jpg 300w, https:\/\/ecojardindesgrivauds.fr\/wp-content\/uploads\/2022\/04\/2022-04-01_14-48-15-768x576.jpg 768w, https:\/\/ecojardindesgrivauds.fr\/wp-content\/uploads\/2022\/04\/2022-04-01_14-48-15.jpg 1024w\" sizes=\"(max-width: 300px) 100vw, 300px\" \/><figcaption>Un lit \u00e0 baldaquin ? Non, un cabanon anti-gel dans la serre \u00e0 plants.<\/figcaption><\/figure><\/div>\n\n\n\n<p>Concr\u00e8tement, sur le terrain, comment faire pour se prot\u00e9ger ? Simple : on garde les serres bien ferm\u00e9es pour profiter de la moindre \u00e9claircie et faire monter la temp\u00e9rature. On met une double couche de voile sur toutes les cultures sensibles (dont les blettes). On retarde la plantation de courgettes. Et&#8230; on cr\u00e9e un cabanon anti-gel dans la serre \u00e0 plants, pour les solanac\u00e9es qui ne trouvent plus de place sur le sol chauffant. Ah, et, en plus, on serre les dents en esp\u00e9rant que \u00e7a suffise.<\/p>\n\n\n\n<p>Dans la galerie de photos, vous constaterez qu&rsquo;Adriel\u00b7le est de retour ! Vous l&rsquo;aviez crois\u00e9\u00b7e sur notre blog en novembre. Cette fois-ci, iel a eu l&rsquo;insigne honneur de participer au march\u00e9 de Vichy. Et de r\u00e9colter des \u00e9pinards par des temp\u00e9ratures \u00e0 peine positives&#8230; Les joies et les peines du mara\u00eechage.<\/p>\n\n\n\n<p><em>\u00c0 la semaine prochaine !<\/em><\/p>\n\n\n\n<!-- index.php -->\n<div\n\tclass=\"ngg-galleryoverview ngg-ajax-pagination-none\"\n\tid=\"ngg-gallery-17cf3e92e10826def36aa24479f7d787-1\">\n\n    \t\t<!-- Thumbnails -->\n\t\t\t\t<div id=\"ngg-image-0\" class=\"ngg-gallery-thumbnail-box\" >\n\t\t\t\t        <div class=\"ngg-gallery-thumbnail\">\n            <a href=\"https:\/\/ecojardindesgrivauds.fr\/wp-content\/gallery\/2022_04_02-neige\/2022-03-29_17-06-39.jpg\"\n               title=\"Un des m\u00e9rites de la m\u00e9t\u00e9o de la semaine : il pleut enfin !\u00a0On en profite pour faire tomber le tunnel nantais pour que les \u00e9pinards re\u00e7oivent de l&#039;eau !\"\n               data-src=\"https:\/\/ecojardindesgrivauds.fr\/wp-content\/gallery\/2022_04_02-neige\/2022-03-29_17-06-39.jpg\"\n               data-thumbnail=\"https:\/\/ecojardindesgrivauds.fr\/wp-content\/gallery\/2022_04_02-neige\/thumbs\/thumbs_2022-03-29_17-06-39.jpg\"\n               data-image-id=\"3031\"\n               data-title=\"2022-03-29_17-06-39\"\n               data-description=\"Un des m\u00e9rites de la m\u00e9t\u00e9o de la semaine : il pleut enfin !\u00a0On en profite pour faire tomber le tunnel nantais pour que les \u00e9pinards re\u00e7oivent de l&#039;eau !\"\n               data-image-slug=\"2022-03-29_17-06-39\"\n               class=\"ngg-fancybox\" rel=\"17cf3e92e10826def36aa24479f7d787\">\n                <img\n                    title=\"2022-03-29_17-06-39\"\n                    alt=\"2022-03-29_17-06-39\"\n                    src=\"https:\/\/ecojardindesgrivauds.fr\/wp-content\/gallery\/2022_04_02-neige\/thumbs\/thumbs_2022-03-29_17-06-39.jpg\"\n                    width=\"240\"\n                    height=\"160\"\n                    style=\"max-width:100%;\"\n                \/>\n            <\/a>\n        <\/div>\n\t\t\t\t\t\t\t<\/div> \n\t\t\t\n        \n\t\t\t\t<div id=\"ngg-image-1\" class=\"ngg-gallery-thumbnail-box\" >\n\t\t\t\t        <div class=\"ngg-gallery-thumbnail\">\n            <a href=\"https:\/\/ecojardindesgrivauds.fr\/wp-content\/gallery\/2022_04_02-neige\/2022-03-30_08-41-10.jpg\"\n               title=\"Semis de petits pois : le retour des poquets ouverts \u00e0 la tari\u00e8re !\"\n               data-src=\"https:\/\/ecojardindesgrivauds.fr\/wp-content\/gallery\/2022_04_02-neige\/2022-03-30_08-41-10.jpg\"\n               data-thumbnail=\"https:\/\/ecojardindesgrivauds.fr\/wp-content\/gallery\/2022_04_02-neige\/thumbs\/thumbs_2022-03-30_08-41-10.jpg\"\n               data-image-id=\"3033\"\n               data-title=\"2022-03-30_08-41-10\"\n               data-description=\"Semis de petits pois : le retour des poquets ouverts \u00e0 la tari\u00e8re !\"\n               data-image-slug=\"2022-03-30_08-41-10\"\n               class=\"ngg-fancybox\" rel=\"17cf3e92e10826def36aa24479f7d787\">\n                <img\n                    title=\"2022-03-30_08-41-10\"\n                    alt=\"2022-03-30_08-41-10\"\n                    src=\"https:\/\/ecojardindesgrivauds.fr\/wp-content\/gallery\/2022_04_02-neige\/thumbs\/thumbs_2022-03-30_08-41-10.jpg\"\n                    width=\"240\"\n                    height=\"160\"\n                    style=\"max-width:100%;\"\n                \/>\n            <\/a>\n        <\/div>\n\t\t\t\t\t\t\t<\/div> \n\t\t\t\n        \n\t\t\t\t<div id=\"ngg-image-2\" class=\"ngg-gallery-thumbnail-box\" >\n\t\t\t\t        <div class=\"ngg-gallery-thumbnail\">\n            <a href=\"https:\/\/ecojardindesgrivauds.fr\/wp-content\/gallery\/2022_04_02-neige\/2022-03-31_16-13-47.jpg\"\n               title=\"Nos derniers poireaux ! Dans deux semaines, il y a des chances pour que la montaison soit trop enclench\u00e9e.\"\n               data-src=\"https:\/\/ecojardindesgrivauds.fr\/wp-content\/gallery\/2022_04_02-neige\/2022-03-31_16-13-47.jpg\"\n               data-thumbnail=\"https:\/\/ecojardindesgrivauds.fr\/wp-content\/gallery\/2022_04_02-neige\/thumbs\/thumbs_2022-03-31_16-13-47.jpg\"\n               data-image-id=\"3034\"\n               data-title=\"2022-03-31_16-13-47\"\n               data-description=\"Nos derniers poireaux ! Dans deux semaines, il y a des chances pour que la montaison soit trop enclench\u00e9e.\"\n               data-image-slug=\"2022-03-31_16-13-47\"\n               class=\"ngg-fancybox\" rel=\"17cf3e92e10826def36aa24479f7d787\">\n                <img\n                    title=\"2022-03-31_16-13-47\"\n                    alt=\"2022-03-31_16-13-47\"\n                    src=\"https:\/\/ecojardindesgrivauds.fr\/wp-content\/gallery\/2022_04_02-neige\/thumbs\/thumbs_2022-03-31_16-13-47.jpg\"\n                    width=\"240\"\n                    height=\"160\"\n                    style=\"max-width:100%;\"\n                \/>\n            <\/a>\n        <\/div>\n\t\t\t\t\t\t\t<\/div> \n\t\t\t\n        \n\t\t\t\t<div id=\"ngg-image-3\" class=\"ngg-gallery-thumbnail-box\" >\n\t\t\t\t        <div class=\"ngg-gallery-thumbnail\">\n            <a href=\"https:\/\/ecojardindesgrivauds.fr\/wp-content\/gallery\/2022_04_02-neige\/2022-04-01_09-20-15.jpg\"\n               title=\"Improbable Erza...\"\n               data-src=\"https:\/\/ecojardindesgrivauds.fr\/wp-content\/gallery\/2022_04_02-neige\/2022-04-01_09-20-15.jpg\"\n               data-thumbnail=\"https:\/\/ecojardindesgrivauds.fr\/wp-content\/gallery\/2022_04_02-neige\/thumbs\/thumbs_2022-04-01_09-20-15.jpg\"\n               data-image-id=\"3035\"\n               data-title=\"2022-04-01_09-20-15\"\n               data-description=\"Improbable Erza...\"\n               data-image-slug=\"2022-04-01_09-20-15\"\n               class=\"ngg-fancybox\" rel=\"17cf3e92e10826def36aa24479f7d787\">\n                <img\n                    title=\"2022-04-01_09-20-15\"\n                    alt=\"2022-04-01_09-20-15\"\n                    src=\"https:\/\/ecojardindesgrivauds.fr\/wp-content\/gallery\/2022_04_02-neige\/thumbs\/thumbs_2022-04-01_09-20-15.jpg\"\n                    width=\"240\"\n                    height=\"160\"\n                    style=\"max-width:100%;\"\n                \/>\n            <\/a>\n        <\/div>\n\t\t\t\t\t\t\t<\/div> \n\t\t\t\n        \n\t\t\t\t<div id=\"ngg-image-4\" class=\"ngg-gallery-thumbnail-box\" >\n\t\t\t\t        <div class=\"ngg-gallery-thumbnail\">\n            <a href=\"https:\/\/ecojardindesgrivauds.fr\/wp-content\/gallery\/2022_04_02-neige\/2022-04-01_12-31-43.jpg\"\n               title=\"Les blettes de printemps sont tout simplement superbes !\"\n               data-src=\"https:\/\/ecojardindesgrivauds.fr\/wp-content\/gallery\/2022_04_02-neige\/2022-04-01_12-31-43.jpg\"\n               data-thumbnail=\"https:\/\/ecojardindesgrivauds.fr\/wp-content\/gallery\/2022_04_02-neige\/thumbs\/thumbs_2022-04-01_12-31-43.jpg\"\n               data-image-id=\"3036\"\n               data-title=\"2022-04-01_12-31-43\"\n               data-description=\"Les blettes de printemps sont tout simplement superbes !\"\n               data-image-slug=\"2022-04-01_12-31-43\"\n               class=\"ngg-fancybox\" rel=\"17cf3e92e10826def36aa24479f7d787\">\n                <img\n                    title=\"2022-04-01_12-31-43\"\n                    alt=\"2022-04-01_12-31-43\"\n                    src=\"https:\/\/ecojardindesgrivauds.fr\/wp-content\/gallery\/2022_04_02-neige\/thumbs\/thumbs_2022-04-01_12-31-43.jpg\"\n                    width=\"240\"\n                    height=\"160\"\n                    style=\"max-width:100%;\"\n                \/>\n            <\/a>\n        <\/div>\n\t\t\t\t\t\t\t<\/div> \n\t\t\t\n        \n\t\t\t\t<div id=\"ngg-image-5\" class=\"ngg-gallery-thumbnail-box\" >\n\t\t\t\t        <div class=\"ngg-gallery-thumbnail\">\n            <a href=\"https:\/\/ecojardindesgrivauds.fr\/wp-content\/gallery\/2022_04_02-neige\/2022-04-02_09-17-33.jpg\"\n               title=\"Les radis, stars de notre stand \u00e0 Vichy !\"\n               data-src=\"https:\/\/ecojardindesgrivauds.fr\/wp-content\/gallery\/2022_04_02-neige\/2022-04-02_09-17-33.jpg\"\n               data-thumbnail=\"https:\/\/ecojardindesgrivauds.fr\/wp-content\/gallery\/2022_04_02-neige\/thumbs\/thumbs_2022-04-02_09-17-33.jpg\"\n               data-image-id=\"3037\"\n               data-title=\"2022-04-02_09-17-33\"\n               data-description=\"Les radis, stars de notre stand \u00e0 Vichy !\"\n               data-image-slug=\"2022-04-02_09-17-33\"\n               class=\"ngg-fancybox\" rel=\"17cf3e92e10826def36aa24479f7d787\">\n                <img\n                    title=\"2022-04-02_09-17-33\"\n                    alt=\"2022-04-02_09-17-33\"\n                    src=\"https:\/\/ecojardindesgrivauds.fr\/wp-content\/gallery\/2022_04_02-neige\/thumbs\/thumbs_2022-04-02_09-17-33.jpg\"\n                    width=\"240\"\n                    height=\"160\"\n                    style=\"max-width:100%;\"\n                \/>\n            <\/a>\n        <\/div>\n\t\t\t\t\t\t\t<\/div> \n\t\t\t\n        \n\t\t\t\t<div id=\"ngg-image-6\" class=\"ngg-gallery-thumbnail-box\" >\n\t\t\t\t        <div class=\"ngg-gallery-thumbnail\">\n            <a href=\"https:\/\/ecojardindesgrivauds.fr\/wp-content\/gallery\/2022_04_02-neige\/2022-03-29_18-44-37.jpg\"\n               title=\"On est retourn\u00e9s voir l&#039;araign\u00e9e de la semaine derni\u00e8re. Elle a l\u00e9g\u00e8rement grossi. Est-ce que \u00e7a suffira \u00e0 l&#039;identifier ?...\"\n               data-src=\"https:\/\/ecojardindesgrivauds.fr\/wp-content\/gallery\/2022_04_02-neige\/2022-03-29_18-44-37.jpg\"\n               data-thumbnail=\"https:\/\/ecojardindesgrivauds.fr\/wp-content\/gallery\/2022_04_02-neige\/thumbs\/thumbs_2022-03-29_18-44-37.jpg\"\n               data-image-id=\"3038\"\n               data-title=\"2022-03-29_18-44-37\"\n               data-description=\"On est retourn\u00e9s voir l&#039;araign\u00e9e de la semaine derni\u00e8re. Elle a l\u00e9g\u00e8rement grossi. Est-ce que \u00e7a suffira \u00e0 l&#039;identifier ?...\"\n               data-image-slug=\"2022-03-29_18-44-37\"\n               class=\"ngg-fancybox\" rel=\"17cf3e92e10826def36aa24479f7d787\">\n                <img\n                    title=\"2022-03-29_18-44-37\"\n                    alt=\"2022-03-29_18-44-37\"\n                    src=\"https:\/\/ecojardindesgrivauds.fr\/wp-content\/gallery\/2022_04_02-neige\/thumbs\/thumbs_2022-03-29_18-44-37.jpg\"\n                    width=\"240\"\n                    height=\"160\"\n                    style=\"max-width:100%;\"\n                \/>\n            <\/a>\n        <\/div>\n\t\t\t\t\t\t\t<\/div> \n\t\t\t\n        \n\t\t\n\t\t<!-- Pagination -->\n\t<div class='ngg-clear'><\/div>\t<\/div>\n\n","protected":false},"excerpt":{"rendered":"<p>Pourquoi faut-il toujours que le printemps ait des rat\u00e9s ? Qu&rsquo;il h\u00e9site, qu&rsquo;il fasse des allers-retour ? Qu&rsquo;il tousse du gr\u00e9sil, qu&rsquo;il se d\u00e9plume de flocons, qu&rsquo;il blanchisse de nouveau les prairies et les toits ? Le froid en avril, c&rsquo;est dur \u00e0 vivre, \u00e7a joue avec les nerfs. On s&rsquo;\u00e9tait mis \u00e0 se d\u00e9v\u00eatir, &hellip; <\/p>\n<p class=\"link-more\"><a href=\"https:\/\/ecojardindesgrivauds.fr\/?p=9224\" class=\"more-link\">Continuer la lecture<span class=\"screen-reader-text\"> de &laquo;&nbsp;Avril aux doigts blancs&nbsp;&raquo;<\/span><\/a><\/p>\n","protected":false},"author":1,"featured_media":0,"comment_status":"open","ping_status":"open","sticky":false,"template":"","format":"standard","meta":{"ngg_post_thumbnail":0},"categories":[1],"tags":[],"_links":{"self":[{"href":"https:\/\/ecojardindesgrivauds.fr\/index.php?rest_route=\/wp\/v2\/posts\/9224"}],"collection":[{"href":"https:\/\/ecojardindesgrivauds.fr\/index.php?rest_route=\/wp\/v2\/posts"}],"about":[{"href":"https:\/\/ecojardindesgrivauds.fr\/index.php?rest_route=\/wp\/v2\/types\/post"}],"author":[{"embeddable":true,"href":"https:\/\/ecojardindesgrivauds.fr\/index.php?rest_route=\/wp\/v2\/users\/1"}],"replies":[{"embeddable":true,"href":"https:\/\/ecojardindesgrivauds.fr\/index.php?rest_route=%2Fwp%2Fv2%2Fcomments&post=9224"}],"version-history":[{"count":4,"href":"https:\/\/ecojardindesgrivauds.fr\/index.php?rest_route=\/wp\/v2\/posts\/9224\/revisions"}],"predecessor-version":[{"id":9247,"href":"https:\/\/ecojardindesgrivauds.fr\/index.php?rest_route=\/wp\/v2\/posts\/9224\/revisions\/9247"}],"wp:attachment":[{"href":"https:\/\/ecojardindesgrivauds.fr\/index.php?rest_route=%2Fwp%2Fv2%2Fmedia&parent=9224"}],"wp:term":[{"taxonomy":"category","embeddable":true,"href":"https:\/\/ecojardindesgrivauds.fr\/index.php?rest_route=%2Fwp%2Fv2%2Fcategories&post=9224"},{"taxonomy":"post_tag","embeddable":true,"href":"https:\/\/ecojardindesgrivauds.fr\/index.php?rest_route=%2Fwp%2Fv2%2Ftags&post=9224"}],"curies":[{"name":"wp","href":"https:\/\/api.w.org\/{rel}","templated":true}]}}