{"id":9381,"date":"2022-05-08T08:37:40","date_gmt":"2022-05-08T06:37:40","guid":{"rendered":"http:\/\/ecojardindesgrivauds.fr\/?p=9381"},"modified":"2022-05-08T12:32:18","modified_gmt":"2022-05-08T10:32:18","slug":"le-pari-de-lannee","status":"publish","type":"post","link":"https:\/\/ecojardindesgrivauds.fr\/?p=9381","title":{"rendered":"Le pari de l&rsquo;ann\u00e9e"},"content":{"rendered":"\n<div class=\"wp-block-image is-style-default\"><figure class=\"alignleft size-medium\"><a href=\"http:\/\/ecojardindesgrivauds.fr\/wp-content\/uploads\/2022\/05\/2022-05-04_12-45-12.jpg\"><img decoding=\"async\" loading=\"lazy\" width=\"300\" height=\"225\" src=\"http:\/\/ecojardindesgrivauds.fr\/wp-content\/uploads\/2022\/05\/2022-05-04_12-45-12-300x225.jpg\" alt=\"\" class=\"wp-image-9398\" srcset=\"https:\/\/ecojardindesgrivauds.fr\/wp-content\/uploads\/2022\/05\/2022-05-04_12-45-12-300x225.jpg 300w, https:\/\/ecojardindesgrivauds.fr\/wp-content\/uploads\/2022\/05\/2022-05-04_12-45-12-768x576.jpg 768w, https:\/\/ecojardindesgrivauds.fr\/wp-content\/uploads\/2022\/05\/2022-05-04_12-45-12.jpg 1024w\" sizes=\"(max-width: 300px) 100vw, 300px\" \/><\/a><figcaption>Des cultures en bord de butte et des tomates greff\u00e9es en rang central ; une exp\u00e9rimentation en cours aux Grivauds ! (Cliquer pour agrandir)<\/figcaption><\/figure><\/div>\n\n\n\n<p>Il y a une exp\u00e9rimentation en cours aux Grivauds. Une exp\u00e9rimentation qui pourrait changer la donne en terme de densification des cultures. Vous savez d\u00e9j\u00e0 que <a href=\"http:\/\/ecojardindesgrivauds.fr\/?p=9112\" data-type=\"post\" data-id=\"9112\">tous nos plants de tomates et d&rsquo;aubergine sont greff\u00e9s.<\/a> L&rsquo;ann\u00e9e derni\u00e8re, on a pu constater l&rsquo;\u00e9tonnante vigueur de ces plantes. La th\u00e9orie pr\u00e9cise qu&rsquo;il est possible de diminuer la densit\u00e9 des tomates par deux et de les mener sur deux t\u00eates<span class=\"footnote_referrer\"><a role=\"button\" tabindex=\"0\" onclick=\"footnote_moveToReference_9381_1('footnote_plugin_reference_9381_1_1');\" onkeypress=\"footnote_moveToReference_9381_1('footnote_plugin_reference_9381_1_1');\" ><sup id=\"footnote_plugin_tooltip_9381_1_1\" class=\"footnote_plugin_tooltip_text\">[1]<\/sup><\/a><span id=\"footnote_plugin_tooltip_text_9381_1_1\" class=\"footnote_tooltip\">Au lieu d&rsquo;une seule, comme c&rsquo;est le cas g\u00e9n\u00e9ralement. Plus pr\u00e9cis\u00e9ment, \u00e7a consiste \u00e0 tailler tous les bourgeons axillaires de la tomate (les fameux \u00abgourmands\u00bb) pour forcer le&nbsp;&#x2026; <span class=\"footnote_tooltip_continue\"  onclick=\"footnote_moveToReference_9381_1('footnote_plugin_reference_9381_1_1');\">Continue reading<\/span><\/span><\/span><script type=\"text\/javascript\"> jQuery('#footnote_plugin_tooltip_9381_1_1').tooltip({ tip: '#footnote_plugin_tooltip_text_9381_1_1', tipClass: 'footnote_tooltip', effect: 'fade', predelay: 0, fadeInSpeed: 200, delay: 400, fadeOutSpeed: 200, position: 'top center', relative: true, offset: [-7, 0], });<\/script>. Les tomates sont alors plant\u00e9es sur un seul rang. Au moment de la taille, on conserve le gourmand le plus vigoureux, en plus de la t\u00eate principale et on palisse les deux t\u00eates de fa\u00e7on s\u00e9par\u00e9e. Le pari que nous faisons cette ann\u00e9e est le suivant : est-ce qu&rsquo;une tomate greff\u00e9e men\u00e9e sur deux t\u00eates peut donner autant que deux pieds s\u00e9par\u00e9s ? On a donc produit deux fois moins de plants que les ann\u00e9es pass\u00e9es. Ce qui fait d\u00e9j\u00e0 moins de travail pour entretenir les plants et pour les planter. Mais surtout &#8230; \u00e7a fait de la place en serre !<\/p>\n\n\n\n<div class=\"wp-block-image is-style-default\"><figure class=\"alignright size-medium\"><a href=\"http:\/\/ecojardindesgrivauds.fr\/wp-content\/uploads\/2022\/05\/2022-05-04_16-30-32.jpg\"><img decoding=\"async\" loading=\"lazy\" width=\"225\" height=\"300\" src=\"http:\/\/ecojardindesgrivauds.fr\/wp-content\/uploads\/2022\/05\/2022-05-04_16-30-32-225x300.jpg\" alt=\"\" class=\"wp-image-9399\" srcset=\"https:\/\/ecojardindesgrivauds.fr\/wp-content\/uploads\/2022\/05\/2022-05-04_16-30-32-225x300.jpg 225w, https:\/\/ecojardindesgrivauds.fr\/wp-content\/uploads\/2022\/05\/2022-05-04_16-30-32.jpg 768w\" sizes=\"(max-width: 225px) 100vw, 225px\" \/><\/a><figcaption>Plantation de tomates sur b\u00e2che, au milieu des salades (Simon \u00e0 la man\u0153uvre)<\/figcaption><\/figure><\/div>\n\n\n\n<p>Ben oui, songez-y : on a d\u00e9sormais de la place de part et d&rsquo;autre des tomates (et des aubergines) pour planter tout un tas de petites choses qui auraient gal\u00e9r\u00e9 dehors autrement. Des betteraves, des salades, des fenouils, du persil, du basilic. Et plus tard, quand tout \u00e7a sera r\u00e9colt\u00e9, on pourra m\u00eame y semer des haricots nains ! Bon, \u00e7a demande quand m\u00eame d&rsquo;\u00eatre malins, notamment pour le paillage de la planche. Dans certains cas, on a paill\u00e9 avant d&rsquo;implanter les cultures lat\u00e9rales. Dans d&rsquo;autres cas, on paillera apr\u00e8s les avoir r\u00e9colt\u00e9es. Les tomates et les aubergines sont plant\u00e9es sur une petite toile tiss\u00e9e de 50 cm de large, ce qui permettra de calmer les liserons et les chardons sur cette partie de la planche. Deux gouttes \u00e0 gouttes courent entre les rangs ainsi form\u00e9s : on a pens\u00e9 \u00e0 tout ! Et m\u00eame \u00e0 fertiliser un peu plus g\u00e9n\u00e9reusement que d&rsquo;habitude : du compost et du fumier. C&rsquo;est que la planche doit produire autant de tomates que d&rsquo;habitude et supporter une petite culture annexe en plus.<\/p>\n\n\n\n<div class=\"wp-block-image is-style-default\"><figure class=\"alignleft size-medium\"><a href=\"http:\/\/ecojardindesgrivauds.fr\/wp-content\/uploads\/2022\/05\/2022-04-25_12-42-32.jpg\"><img decoding=\"async\" loading=\"lazy\" width=\"300\" height=\"225\" src=\"http:\/\/ecojardindesgrivauds.fr\/wp-content\/uploads\/2022\/05\/2022-04-25_12-42-32-300x225.jpg\" alt=\"\" class=\"wp-image-9383\" srcset=\"https:\/\/ecojardindesgrivauds.fr\/wp-content\/uploads\/2022\/05\/2022-04-25_12-42-32-300x225.jpg 300w, https:\/\/ecojardindesgrivauds.fr\/wp-content\/uploads\/2022\/05\/2022-04-25_12-42-32-768x576.jpg 768w, https:\/\/ecojardindesgrivauds.fr\/wp-content\/uploads\/2022\/05\/2022-04-25_12-42-32.jpg 1024w\" sizes=\"(max-width: 300px) 100vw, 300px\" \/><\/a><figcaption>William et Simon ; stagiaires printemps-\u00e9t\u00e9 2022<\/figcaption><\/figure><\/div>\n\n\n\n<p>Ces deux derni\u00e8res semaines, les implantations ont \u00e9t\u00e9 tr\u00e8s importantes. C&rsquo;est le d\u00e9but du rush de plantation pour nous. Rush qui se termine en g\u00e9n\u00e9ral mi-juillet, lorsque tous les choux sont plant\u00e9s. Et cette ann\u00e9e, on a d\u00e9cid\u00e9ment droit \u00e0 des petites mains plut\u00f4t exceptionnelles<span class=\"footnote_referrer\"><a role=\"button\" tabindex=\"0\" onclick=\"footnote_moveToReference_9381_1('footnote_plugin_reference_9381_1_2');\" onkeypress=\"footnote_moveToReference_9381_1('footnote_plugin_reference_9381_1_2');\" ><sup id=\"footnote_plugin_tooltip_9381_1_2\" class=\"footnote_plugin_tooltip_text\">[2]<\/sup><\/a><span id=\"footnote_plugin_tooltip_text_9381_1_2\" class=\"footnote_tooltip\">Oui, comme tous les ans en fait&#8230;<\/span><\/span><script type=\"text\/javascript\"> jQuery('#footnote_plugin_tooltip_9381_1_2').tooltip({ tip: '#footnote_plugin_tooltip_text_9381_1_2', tipClass: 'footnote_tooltip', effect: 'fade', predelay: 0, fadeInSpeed: 200, delay: 400, fadeOutSpeed: 200, position: 'top center', relative: true, offset: [-7, 0], });<\/script> ! William et Simon sont deux nouveaux stagiaires que vous aurez l&rsquo;occasion de voir plusieurs fois dans notre jardin. Tous deux sont \u00e0 des stades tr\u00e8s diff\u00e9rents de leurs projets agricoles. William n&rsquo;en est qu&rsquo;au d\u00e9but de sa reconversion, alors que Simon a d\u00e9j\u00e0 une id\u00e9e assez pr\u00e9cise de ce qu&rsquo;il veut faire. Avec eux, on parle beaucoup technique, mais aussi un peu cuisine. L&rsquo;occasion de se souvenir pourquoi on s&rsquo;acharne \u00e0 faire pousser tous ces l\u00e9gumes : pour les manger, tout simplement. On les remercie bien chaleureusement tous les deux, en attendant de les retrouver \u00e0 la saison chaude.<\/p>\n\n\n\n<p><em>\u00c0 la semaine prochaine !<\/em><\/p>\n\n\n\n<!-- index.php -->\n<div\n\tclass=\"ngg-galleryoverview ngg-ajax-pagination-none\"\n\tid=\"ngg-gallery-6eaf3c4d6544a67bf35bd49417faa671-1\">\n\n    \t\t<!-- Thumbnails -->\n\t\t\t\t<div id=\"ngg-image-0\" class=\"ngg-gallery-thumbnail-box\" >\n\t\t\t\t        <div class=\"ngg-gallery-thumbnail\">\n            <a href=\"https:\/\/ecojardindesgrivauds.fr\/wp-content\/gallery\/2022_05_07-itk-tomates\/2022-04-27_15-24-30.jpg\"\n               title=\"Le fameux itin\u00e9raire \u00abpatates sous paille\u00bb des Grivauds !\"\n               data-src=\"https:\/\/ecojardindesgrivauds.fr\/wp-content\/gallery\/2022_05_07-itk-tomates\/2022-04-27_15-24-30.jpg\"\n               data-thumbnail=\"https:\/\/ecojardindesgrivauds.fr\/wp-content\/gallery\/2022_05_07-itk-tomates\/thumbs\/thumbs_2022-04-27_15-24-30.jpg\"\n               data-image-id=\"3091\"\n               data-title=\"2022-04-27_15-24-30\"\n               data-description=\"Le fameux itin\u00e9raire \u00abpatates sous paille\u00bb des Grivauds !\"\n               data-image-slug=\"2022-04-27_15-24-30\"\n               class=\"ngg-fancybox\" rel=\"6eaf3c4d6544a67bf35bd49417faa671\">\n                <img\n                    title=\"2022-04-27_15-24-30\"\n                    alt=\"2022-04-27_15-24-30\"\n                    src=\"https:\/\/ecojardindesgrivauds.fr\/wp-content\/gallery\/2022_05_07-itk-tomates\/thumbs\/thumbs_2022-04-27_15-24-30.jpg\"\n                    width=\"240\"\n                    height=\"160\"\n                    style=\"max-width:100%;\"\n                \/>\n            <\/a>\n        <\/div>\n\t\t\t\t\t\t\t<\/div> \n\t\t\t\n        \n\t\t\t\t<div id=\"ngg-image-1\" class=\"ngg-gallery-thumbnail-box\" >\n\t\t\t\t        <div class=\"ngg-gallery-thumbnail\">\n            <a href=\"https:\/\/ecojardindesgrivauds.fr\/wp-content\/gallery\/2022_05_07-itk-tomates\/2022-04-27_15-25-37.jpg\"\n               title=\"Petit progr\u00e8s dans le transport de la paille sur nos planches :\u00a0on pose deux petites claies sur une brouette mara\u00eech\u00e8re et on charge de la paille dessus. Et \u00e7a marche ! Merci Simon pour l&#039;id\u00e9e.\"\n               data-src=\"https:\/\/ecojardindesgrivauds.fr\/wp-content\/gallery\/2022_05_07-itk-tomates\/2022-04-27_15-25-37.jpg\"\n               data-thumbnail=\"https:\/\/ecojardindesgrivauds.fr\/wp-content\/gallery\/2022_05_07-itk-tomates\/thumbs\/thumbs_2022-04-27_15-25-37.jpg\"\n               data-image-id=\"3092\"\n               data-title=\"2022-04-27_15-25-37\"\n               data-description=\"Petit progr\u00e8s dans le transport de la paille sur nos planches :\u00a0on pose deux petites claies sur une brouette mara\u00eech\u00e8re et on charge de la paille dessus. Et \u00e7a marche ! Merci Simon pour l&#039;id\u00e9e.\"\n               data-image-slug=\"2022-04-27_15-25-37\"\n               class=\"ngg-fancybox\" rel=\"6eaf3c4d6544a67bf35bd49417faa671\">\n                <img\n                    title=\"2022-04-27_15-25-37\"\n                    alt=\"2022-04-27_15-25-37\"\n                    src=\"https:\/\/ecojardindesgrivauds.fr\/wp-content\/gallery\/2022_05_07-itk-tomates\/thumbs\/thumbs_2022-04-27_15-25-37.jpg\"\n                    width=\"240\"\n                    height=\"160\"\n                    style=\"max-width:100%;\"\n                \/>\n            <\/a>\n        <\/div>\n\t\t\t\t\t\t\t<\/div> \n\t\t\t\n        \n\t\t\t\t<div id=\"ngg-image-2\" class=\"ngg-gallery-thumbnail-box\" >\n\t\t\t\t        <div class=\"ngg-gallery-thumbnail\">\n            <a href=\"https:\/\/ecojardindesgrivauds.fr\/wp-content\/gallery\/2022_05_07-itk-tomates\/2022-04-27_18-14-17.jpg\"\n               title=\"D\u00e9sherbage des oignons : Claire, de passage pour quelques heures, est de la partie !\"\n               data-src=\"https:\/\/ecojardindesgrivauds.fr\/wp-content\/gallery\/2022_05_07-itk-tomates\/2022-04-27_18-14-17.jpg\"\n               data-thumbnail=\"https:\/\/ecojardindesgrivauds.fr\/wp-content\/gallery\/2022_05_07-itk-tomates\/thumbs\/thumbs_2022-04-27_18-14-17.jpg\"\n               data-image-id=\"3093\"\n               data-title=\"2022-04-27_18-14-17\"\n               data-description=\"D\u00e9sherbage des oignons : Claire, de passage pour quelques heures, est de la partie !\"\n               data-image-slug=\"2022-04-27_18-14-17\"\n               class=\"ngg-fancybox\" rel=\"6eaf3c4d6544a67bf35bd49417faa671\">\n                <img\n                    title=\"2022-04-27_18-14-17\"\n                    alt=\"2022-04-27_18-14-17\"\n                    src=\"https:\/\/ecojardindesgrivauds.fr\/wp-content\/gallery\/2022_05_07-itk-tomates\/thumbs\/thumbs_2022-04-27_18-14-17.jpg\"\n                    width=\"240\"\n                    height=\"160\"\n                    style=\"max-width:100%;\"\n                \/>\n            <\/a>\n        <\/div>\n\t\t\t\t\t\t\t<\/div> \n\t\t\t\n        \n\t\t\t\t<div id=\"ngg-image-3\" class=\"ngg-gallery-thumbnail-box\" >\n\t\t\t\t        <div class=\"ngg-gallery-thumbnail\">\n            <a href=\"https:\/\/ecojardindesgrivauds.fr\/wp-content\/gallery\/2022_05_07-itk-tomates\/2022-04-29_08-15-22.jpg\"\n               title=\"Les navets nouveaux sont en avance cette ann\u00e9e !\"\n               data-src=\"https:\/\/ecojardindesgrivauds.fr\/wp-content\/gallery\/2022_05_07-itk-tomates\/2022-04-29_08-15-22.jpg\"\n               data-thumbnail=\"https:\/\/ecojardindesgrivauds.fr\/wp-content\/gallery\/2022_05_07-itk-tomates\/thumbs\/thumbs_2022-04-29_08-15-22.jpg\"\n               data-image-id=\"3094\"\n               data-title=\"2022-04-29_08-15-22\"\n               data-description=\"Les navets nouveaux sont en avance cette ann\u00e9e !\"\n               data-image-slug=\"2022-04-29_08-15-22\"\n               class=\"ngg-fancybox\" rel=\"6eaf3c4d6544a67bf35bd49417faa671\">\n                <img\n                    title=\"2022-04-29_08-15-22\"\n                    alt=\"2022-04-29_08-15-22\"\n                    src=\"https:\/\/ecojardindesgrivauds.fr\/wp-content\/gallery\/2022_05_07-itk-tomates\/thumbs\/thumbs_2022-04-29_08-15-22.jpg\"\n                    width=\"240\"\n                    height=\"160\"\n                    style=\"max-width:100%;\"\n                \/>\n            <\/a>\n        <\/div>\n\t\t\t\t\t\t\t<\/div> \n\t\t\t\n        \n\t\t\t\t<div id=\"ngg-image-4\" class=\"ngg-gallery-thumbnail-box\" >\n\t\t\t\t        <div class=\"ngg-gallery-thumbnail\">\n            <a href=\"https:\/\/ecojardindesgrivauds.fr\/wp-content\/gallery\/2022_05_07-itk-tomates\/2022-04-29_11-49-47.jpg\"\n               title=\"Les carottes nouvelles aussi !\"\n               data-src=\"https:\/\/ecojardindesgrivauds.fr\/wp-content\/gallery\/2022_05_07-itk-tomates\/2022-04-29_11-49-47.jpg\"\n               data-thumbnail=\"https:\/\/ecojardindesgrivauds.fr\/wp-content\/gallery\/2022_05_07-itk-tomates\/thumbs\/thumbs_2022-04-29_11-49-47.jpg\"\n               data-image-id=\"3096\"\n               data-title=\"2022-04-29_11-49-47\"\n               data-description=\"Les carottes nouvelles aussi !\"\n               data-image-slug=\"2022-04-29_11-49-47\"\n               class=\"ngg-fancybox\" rel=\"6eaf3c4d6544a67bf35bd49417faa671\">\n                <img\n                    title=\"2022-04-29_11-49-47\"\n                    alt=\"2022-04-29_11-49-47\"\n                    src=\"https:\/\/ecojardindesgrivauds.fr\/wp-content\/gallery\/2022_05_07-itk-tomates\/thumbs\/thumbs_2022-04-29_11-49-47.jpg\"\n                    width=\"240\"\n                    height=\"160\"\n                    style=\"max-width:100%;\"\n                \/>\n            <\/a>\n        <\/div>\n\t\t\t\t\t\t\t<\/div> \n\t\t\t\n        \n\t\t\t\t<div id=\"ngg-image-5\" class=\"ngg-gallery-thumbnail-box\" >\n\t\t\t\t        <div class=\"ngg-gallery-thumbnail\">\n            <a href=\"https:\/\/ecojardindesgrivauds.fr\/wp-content\/gallery\/2022_05_07-itk-tomates\/2022-05-06_09-53-36.jpg\"\n               title=\"Et elles ont rarement \u00e9t\u00e9 aussi belles !\"\n               data-src=\"https:\/\/ecojardindesgrivauds.fr\/wp-content\/gallery\/2022_05_07-itk-tomates\/2022-05-06_09-53-36.jpg\"\n               data-thumbnail=\"https:\/\/ecojardindesgrivauds.fr\/wp-content\/gallery\/2022_05_07-itk-tomates\/thumbs\/thumbs_2022-05-06_09-53-36.jpg\"\n               data-image-id=\"3107\"\n               data-title=\"2022-05-06_09-53-36\"\n               data-description=\"Et elles ont rarement \u00e9t\u00e9 aussi belles !\"\n               data-image-slug=\"2022-05-06_09-53-36\"\n               class=\"ngg-fancybox\" rel=\"6eaf3c4d6544a67bf35bd49417faa671\">\n                <img\n                    title=\"2022-05-06_09-53-36\"\n                    alt=\"2022-05-06_09-53-36\"\n                    src=\"https:\/\/ecojardindesgrivauds.fr\/wp-content\/gallery\/2022_05_07-itk-tomates\/thumbs\/thumbs_2022-05-06_09-53-36.jpg\"\n                    width=\"240\"\n                    height=\"160\"\n                    style=\"max-width:100%;\"\n                \/>\n            <\/a>\n        <\/div>\n\t\t\t\t\t\t\t<\/div> \n\t\t\t\n        \n\t\t\t\t<div id=\"ngg-image-6\" class=\"ngg-gallery-thumbnail-box\" >\n\t\t\t\t        <div class=\"ngg-gallery-thumbnail\">\n            <a href=\"https:\/\/ecojardindesgrivauds.fr\/wp-content\/gallery\/2022_05_07-itk-tomates\/2022-04-30_07-14-35.jpg\"\n               title=\"Un stand qui sent le printemps !\"\n               data-src=\"https:\/\/ecojardindesgrivauds.fr\/wp-content\/gallery\/2022_05_07-itk-tomates\/2022-04-30_07-14-35.jpg\"\n               data-thumbnail=\"https:\/\/ecojardindesgrivauds.fr\/wp-content\/gallery\/2022_05_07-itk-tomates\/thumbs\/thumbs_2022-04-30_07-14-35.jpg\"\n               data-image-id=\"3100\"\n               data-title=\"2022-04-30_07-14-35\"\n               data-description=\"Un stand qui sent le printemps !\"\n               data-image-slug=\"2022-04-30_07-14-35\"\n               class=\"ngg-fancybox\" rel=\"6eaf3c4d6544a67bf35bd49417faa671\">\n                <img\n                    title=\"2022-04-30_07-14-35\"\n                    alt=\"2022-04-30_07-14-35\"\n                    src=\"https:\/\/ecojardindesgrivauds.fr\/wp-content\/gallery\/2022_05_07-itk-tomates\/thumbs\/thumbs_2022-04-30_07-14-35.jpg\"\n                    width=\"240\"\n                    height=\"160\"\n                    style=\"max-width:100%;\"\n                \/>\n            <\/a>\n        <\/div>\n\t\t\t\t\t\t\t<\/div> \n\t\t\t\n        \n\t\t\t\t<div id=\"ngg-image-7\" class=\"ngg-gallery-thumbnail-box\" >\n\t\t\t\t        <div class=\"ngg-gallery-thumbnail\">\n            <a href=\"https:\/\/ecojardindesgrivauds.fr\/wp-content\/gallery\/2022_05_07-itk-tomates\/2022-05-03_15-11-06.jpg\"\n               title=\"Semis de radis au semoir \u00e0 main : la touche \u00ablow-tech\u00bb des Grivauds\"\n               data-src=\"https:\/\/ecojardindesgrivauds.fr\/wp-content\/gallery\/2022_05_07-itk-tomates\/2022-05-03_15-11-06.jpg\"\n               data-thumbnail=\"https:\/\/ecojardindesgrivauds.fr\/wp-content\/gallery\/2022_05_07-itk-tomates\/thumbs\/thumbs_2022-05-03_15-11-06.jpg\"\n               data-image-id=\"3102\"\n               data-title=\"2022-05-03_15-11-06\"\n               data-description=\"Semis de radis au semoir \u00e0 main : la touche \u00ablow-tech\u00bb des Grivauds\"\n               data-image-slug=\"2022-05-03_15-11-06\"\n               class=\"ngg-fancybox\" rel=\"6eaf3c4d6544a67bf35bd49417faa671\">\n                <img\n                    title=\"2022-05-03_15-11-06\"\n                    alt=\"2022-05-03_15-11-06\"\n                    src=\"https:\/\/ecojardindesgrivauds.fr\/wp-content\/gallery\/2022_05_07-itk-tomates\/thumbs\/thumbs_2022-05-03_15-11-06.jpg\"\n                    width=\"240\"\n                    height=\"160\"\n                    style=\"max-width:100%;\"\n                \/>\n            <\/a>\n        <\/div>\n\t\t\t\t\t\t\t<\/div> \n\t\t\t\n        \n\t\t\t\t<div id=\"ngg-image-8\" class=\"ngg-gallery-thumbnail-box\" >\n\t\t\t\t        <div class=\"ngg-gallery-thumbnail\">\n            <a href=\"https:\/\/ecojardindesgrivauds.fr\/wp-content\/gallery\/2022_05_07-itk-tomates\/2022-05-05_08-13-51.jpg\"\n               title=\"\u00c7a y est, les courgettes fleurissent !\u00a0Bon, par contre, elles n&#039;ont \u00e9mis que des fleurs femelles pour le moment...\"\n               data-src=\"https:\/\/ecojardindesgrivauds.fr\/wp-content\/gallery\/2022_05_07-itk-tomates\/2022-05-05_08-13-51.jpg\"\n               data-thumbnail=\"https:\/\/ecojardindesgrivauds.fr\/wp-content\/gallery\/2022_05_07-itk-tomates\/thumbs\/thumbs_2022-05-05_08-13-51.jpg\"\n               data-image-id=\"3104\"\n               data-title=\"2022-05-05_08-13-51\"\n               data-description=\"\u00c7a y est, les courgettes fleurissent !\u00a0Bon, par contre, elles n&#039;ont \u00e9mis que des fleurs femelles pour le moment...\"\n               data-image-slug=\"2022-05-05_08-13-51\"\n               class=\"ngg-fancybox\" rel=\"6eaf3c4d6544a67bf35bd49417faa671\">\n                <img\n                    title=\"2022-05-05_08-13-51\"\n                    alt=\"2022-05-05_08-13-51\"\n                    src=\"https:\/\/ecojardindesgrivauds.fr\/wp-content\/gallery\/2022_05_07-itk-tomates\/thumbs\/thumbs_2022-05-05_08-13-51.jpg\"\n                    width=\"240\"\n                    height=\"160\"\n                    style=\"max-width:100%;\"\n                \/>\n            <\/a>\n        <\/div>\n\t\t\t\t\t\t\t<\/div> \n\t\t\t\n        \n\t\t\t\t<div id=\"ngg-image-9\" class=\"ngg-gallery-thumbnail-box\" >\n\t\t\t\t        <div class=\"ngg-gallery-thumbnail\">\n            <a href=\"https:\/\/ecojardindesgrivauds.fr\/wp-content\/gallery\/2022_05_07-itk-tomates\/2022-04-29_09-18-52.jpg\"\n               title=\"On peut le dire : on a enfin r\u00e9ussi nos \u00e9pinards de printemps !\"\n               data-src=\"https:\/\/ecojardindesgrivauds.fr\/wp-content\/gallery\/2022_05_07-itk-tomates\/2022-04-29_09-18-52.jpg\"\n               data-thumbnail=\"https:\/\/ecojardindesgrivauds.fr\/wp-content\/gallery\/2022_05_07-itk-tomates\/thumbs\/thumbs_2022-04-29_09-18-52.jpg\"\n               data-image-id=\"3095\"\n               data-title=\"2022-04-29_09-18-52\"\n               data-description=\"On peut le dire : on a enfin r\u00e9ussi nos \u00e9pinards de printemps !\"\n               data-image-slug=\"2022-04-29_09-18-52\"\n               class=\"ngg-fancybox\" rel=\"6eaf3c4d6544a67bf35bd49417faa671\">\n                <img\n                    title=\"2022-04-29_09-18-52\"\n                    alt=\"2022-04-29_09-18-52\"\n                    src=\"https:\/\/ecojardindesgrivauds.fr\/wp-content\/gallery\/2022_05_07-itk-tomates\/thumbs\/thumbs_2022-04-29_09-18-52.jpg\"\n                    width=\"240\"\n                    height=\"160\"\n                    style=\"max-width:100%;\"\n                \/>\n            <\/a>\n        <\/div>\n\t\t\t\t\t\t\t<\/div> \n\t\t\t\n        \n\t\t\t\t<div id=\"ngg-image-10\" class=\"ngg-gallery-thumbnail-box\" >\n\t\t\t\t        <div class=\"ngg-gallery-thumbnail\">\n            <a href=\"https:\/\/ecojardindesgrivauds.fr\/wp-content\/gallery\/2022_05_07-itk-tomates\/2022-05-06_08-09-27.jpg\"\n               title=\"Et m\u00eame, tr\u00e8s bien r\u00e9ussi !\"\n               data-src=\"https:\/\/ecojardindesgrivauds.fr\/wp-content\/gallery\/2022_05_07-itk-tomates\/2022-05-06_08-09-27.jpg\"\n               data-thumbnail=\"https:\/\/ecojardindesgrivauds.fr\/wp-content\/gallery\/2022_05_07-itk-tomates\/thumbs\/thumbs_2022-05-06_08-09-27.jpg\"\n               data-image-id=\"3106\"\n               data-title=\"2022-05-06_08-09-27\"\n               data-description=\"Et m\u00eame, tr\u00e8s bien r\u00e9ussi !\"\n               data-image-slug=\"2022-05-06_08-09-27\"\n               class=\"ngg-fancybox\" rel=\"6eaf3c4d6544a67bf35bd49417faa671\">\n                <img\n                    title=\"2022-05-06_08-09-27\"\n                    alt=\"2022-05-06_08-09-27\"\n                    src=\"https:\/\/ecojardindesgrivauds.fr\/wp-content\/gallery\/2022_05_07-itk-tomates\/thumbs\/thumbs_2022-05-06_08-09-27.jpg\"\n                    width=\"240\"\n                    height=\"160\"\n                    style=\"max-width:100%;\"\n                \/>\n            <\/a>\n        <\/div>\n\t\t\t\t\t\t\t<\/div> \n\t\t\t\n        \n\t\t\t\t<div id=\"ngg-image-11\" class=\"ngg-gallery-thumbnail-box\" >\n\t\t\t\t        <div class=\"ngg-gallery-thumbnail\">\n            <a href=\"https:\/\/ecojardindesgrivauds.fr\/wp-content\/gallery\/2022_05_07-itk-tomates\/2022-05-04_09-13-40.jpg\"\n               title=\"Gaudinie fragile\"\n               data-src=\"https:\/\/ecojardindesgrivauds.fr\/wp-content\/gallery\/2022_05_07-itk-tomates\/2022-05-04_09-13-40.jpg\"\n               data-thumbnail=\"https:\/\/ecojardindesgrivauds.fr\/wp-content\/gallery\/2022_05_07-itk-tomates\/thumbs\/thumbs_2022-05-04_09-13-40.jpg\"\n               data-image-id=\"3103\"\n               data-title=\"2022-05-04_09-13-40\"\n               data-description=\"Gaudinie fragile\"\n               data-image-slug=\"2022-05-04_09-13-40\"\n               class=\"ngg-fancybox\" rel=\"6eaf3c4d6544a67bf35bd49417faa671\">\n                <img\n                    title=\"2022-05-04_09-13-40\"\n                    alt=\"2022-05-04_09-13-40\"\n                    src=\"https:\/\/ecojardindesgrivauds.fr\/wp-content\/gallery\/2022_05_07-itk-tomates\/thumbs\/thumbs_2022-05-04_09-13-40.jpg\"\n                    width=\"240\"\n                    height=\"160\"\n                    style=\"max-width:100%;\"\n                \/>\n            <\/a>\n        <\/div>\n\t\t\t\t\t\t\t<\/div> \n\t\t\t\n        \n\t\t\t\t<div id=\"ngg-image-12\" class=\"ngg-gallery-thumbnail-box\" >\n\t\t\t\t        <div class=\"ngg-gallery-thumbnail\">\n            <a href=\"https:\/\/ecojardindesgrivauds.fr\/wp-content\/gallery\/2022_05_07-itk-tomates\/2022-05-06_17-29-49.jpg\"\n               title=\"Le Tamier est de retour (Dioscorea communis)\"\n               data-src=\"https:\/\/ecojardindesgrivauds.fr\/wp-content\/gallery\/2022_05_07-itk-tomates\/2022-05-06_17-29-49.jpg\"\n               data-thumbnail=\"https:\/\/ecojardindesgrivauds.fr\/wp-content\/gallery\/2022_05_07-itk-tomates\/thumbs\/thumbs_2022-05-06_17-29-49.jpg\"\n               data-image-id=\"3109\"\n               data-title=\"2022-05-06_17-29-49\"\n               data-description=\"Le Tamier est de retour (Dioscorea communis)\"\n               data-image-slug=\"2022-05-06_17-29-49\"\n               class=\"ngg-fancybox\" rel=\"6eaf3c4d6544a67bf35bd49417faa671\">\n                <img\n                    title=\"2022-05-06_17-29-49\"\n                    alt=\"2022-05-06_17-29-49\"\n                    src=\"https:\/\/ecojardindesgrivauds.fr\/wp-content\/gallery\/2022_05_07-itk-tomates\/thumbs\/thumbs_2022-05-06_17-29-49.jpg\"\n                    width=\"240\"\n                    height=\"160\"\n                    style=\"max-width:100%;\"\n                \/>\n            <\/a>\n        <\/div>\n\t\t\t\t\t\t\t<\/div> \n\t\t\t\n        \n\t\t\t\t<div id=\"ngg-image-13\" class=\"ngg-gallery-thumbnail-box\" >\n\t\t\t\t        <div class=\"ngg-gallery-thumbnail\">\n            <a href=\"https:\/\/ecojardindesgrivauds.fr\/wp-content\/gallery\/2022_05_07-itk-tomates\/2022-04-29_14-25-37.jpg\"\n               title=\"Pt\u00e9rophore blanc (Pterophorus pentadactyla)\"\n               data-src=\"https:\/\/ecojardindesgrivauds.fr\/wp-content\/gallery\/2022_05_07-itk-tomates\/2022-04-29_14-25-37.jpg\"\n               data-thumbnail=\"https:\/\/ecojardindesgrivauds.fr\/wp-content\/gallery\/2022_05_07-itk-tomates\/thumbs\/thumbs_2022-04-29_14-25-37.jpg\"\n               data-image-id=\"3097\"\n               data-title=\"2022-04-29_14-25-37\"\n               data-description=\"Pt\u00e9rophore blanc (Pterophorus pentadactyla)\"\n               data-image-slug=\"2022-04-29_14-25-37\"\n               class=\"ngg-fancybox\" rel=\"6eaf3c4d6544a67bf35bd49417faa671\">\n                <img\n                    title=\"2022-04-29_14-25-37\"\n                    alt=\"2022-04-29_14-25-37\"\n                    src=\"https:\/\/ecojardindesgrivauds.fr\/wp-content\/gallery\/2022_05_07-itk-tomates\/thumbs\/thumbs_2022-04-29_14-25-37.jpg\"\n                    width=\"240\"\n                    height=\"160\"\n                    style=\"max-width:100%;\"\n                \/>\n            <\/a>\n        <\/div>\n\t\t\t\t\t\t\t<\/div> \n\t\t\t\n        \n\t\t\t\t<div id=\"ngg-image-14\" class=\"ngg-gallery-thumbnail-box\" >\n\t\t\t\t        <div class=\"ngg-gallery-thumbnail\">\n            <a href=\"https:\/\/ecojardindesgrivauds.fr\/wp-content\/gallery\/2022_05_07-itk-tomates\/2022-05-02_14-01-57.jpg\"\n               title=\"Partie fine chez les c\u00e9toines...\"\n               data-src=\"https:\/\/ecojardindesgrivauds.fr\/wp-content\/gallery\/2022_05_07-itk-tomates\/2022-05-02_14-01-57.jpg\"\n               data-thumbnail=\"https:\/\/ecojardindesgrivauds.fr\/wp-content\/gallery\/2022_05_07-itk-tomates\/thumbs\/thumbs_2022-05-02_14-01-57.jpg\"\n               data-image-id=\"3101\"\n               data-title=\"2022-05-02_14-01-57\"\n               data-description=\"Partie fine chez les c\u00e9toines...\"\n               data-image-slug=\"2022-05-02_14-01-57\"\n               class=\"ngg-fancybox\" rel=\"6eaf3c4d6544a67bf35bd49417faa671\">\n                <img\n                    title=\"2022-05-02_14-01-57\"\n                    alt=\"2022-05-02_14-01-57\"\n                    src=\"https:\/\/ecojardindesgrivauds.fr\/wp-content\/gallery\/2022_05_07-itk-tomates\/thumbs\/thumbs_2022-05-02_14-01-57.jpg\"\n                    width=\"240\"\n                    height=\"160\"\n                    style=\"max-width:100%;\"\n                \/>\n            <\/a>\n        <\/div>\n\t\t\t\t\t\t\t<\/div> \n\t\t\t\n        \n\t\t\t\t<div id=\"ngg-image-15\" class=\"ngg-gallery-thumbnail-box\" >\n\t\t\t\t        <div class=\"ngg-gallery-thumbnail\">\n            <a href=\"https:\/\/ecojardindesgrivauds.fr\/wp-content\/gallery\/2022_05_07-itk-tomates\/2022-05-06_08-04-35.jpg\"\n               title=\"Cercope sanguin (accompagn\u00e9 d&#039;une limace)\"\n               data-src=\"https:\/\/ecojardindesgrivauds.fr\/wp-content\/gallery\/2022_05_07-itk-tomates\/2022-05-06_08-04-35.jpg\"\n               data-thumbnail=\"https:\/\/ecojardindesgrivauds.fr\/wp-content\/gallery\/2022_05_07-itk-tomates\/thumbs\/thumbs_2022-05-06_08-04-35.jpg\"\n               data-image-id=\"3105\"\n               data-title=\"2022-05-06_08-04-35\"\n               data-description=\"Cercope sanguin (accompagn\u00e9 d&#039;une limace)\"\n               data-image-slug=\"2022-05-06_08-04-35\"\n               class=\"ngg-fancybox\" rel=\"6eaf3c4d6544a67bf35bd49417faa671\">\n                <img\n                    title=\"2022-05-06_08-04-35\"\n                    alt=\"2022-05-06_08-04-35\"\n                    src=\"https:\/\/ecojardindesgrivauds.fr\/wp-content\/gallery\/2022_05_07-itk-tomates\/thumbs\/thumbs_2022-05-06_08-04-35.jpg\"\n                    width=\"240\"\n                    height=\"160\"\n                    style=\"max-width:100%;\"\n                \/>\n            <\/a>\n        <\/div>\n\t\t\t\t\t\t\t<\/div> \n\t\t\t\n        \n\t\t\t\t<div id=\"ngg-image-16\" class=\"ngg-gallery-thumbnail-box\" >\n\t\t\t\t        <div class=\"ngg-gallery-thumbnail\">\n            <a href=\"https:\/\/ecojardindesgrivauds.fr\/wp-content\/gallery\/2022_05_07-itk-tomates\/2022-04-26_11-48-16.jpg\"\n               title=\"Les couleuvres \u00e0 coller se r\u00e9galent du retour de la chaleur !\"\n               data-src=\"https:\/\/ecojardindesgrivauds.fr\/wp-content\/gallery\/2022_05_07-itk-tomates\/2022-04-26_11-48-16.jpg\"\n               data-thumbnail=\"https:\/\/ecojardindesgrivauds.fr\/wp-content\/gallery\/2022_05_07-itk-tomates\/thumbs\/thumbs_2022-04-26_11-48-16.jpg\"\n               data-image-id=\"3090\"\n               data-title=\"2022-04-26_11-48-16\"\n               data-description=\"Les couleuvres \u00e0 coller se r\u00e9galent du retour de la chaleur !\"\n               data-image-slug=\"2022-04-26_11-48-16\"\n               class=\"ngg-fancybox\" rel=\"6eaf3c4d6544a67bf35bd49417faa671\">\n                <img\n                    title=\"2022-04-26_11-48-16\"\n                    alt=\"2022-04-26_11-48-16\"\n                    src=\"https:\/\/ecojardindesgrivauds.fr\/wp-content\/gallery\/2022_05_07-itk-tomates\/thumbs\/thumbs_2022-04-26_11-48-16.jpg\"\n                    width=\"240\"\n                    height=\"160\"\n                    style=\"max-width:100%;\"\n                \/>\n            <\/a>\n        <\/div>\n\t\t\t\t\t\t\t<\/div> \n\t\t\t\n        \n\t\t\t\t<div id=\"ngg-image-17\" class=\"ngg-gallery-thumbnail-box\" >\n\t\t\t\t        <div class=\"ngg-gallery-thumbnail\">\n            <a href=\"https:\/\/ecojardindesgrivauds.fr\/wp-content\/gallery\/2022_05_07-itk-tomates\/2022-04-29_17-24-30.jpg\"\n               title=\"\u00c0 deux, c&#039;est encore mieux !\"\n               data-src=\"https:\/\/ecojardindesgrivauds.fr\/wp-content\/gallery\/2022_05_07-itk-tomates\/2022-04-29_17-24-30.jpg\"\n               data-thumbnail=\"https:\/\/ecojardindesgrivauds.fr\/wp-content\/gallery\/2022_05_07-itk-tomates\/thumbs\/thumbs_2022-04-29_17-24-30.jpg\"\n               data-image-id=\"3098\"\n               data-title=\"2022-04-29_17-24-30\"\n               data-description=\"\u00c0 deux, c&#039;est encore mieux !\"\n               data-image-slug=\"2022-04-29_17-24-30\"\n               class=\"ngg-fancybox\" rel=\"6eaf3c4d6544a67bf35bd49417faa671\">\n                <img\n                    title=\"2022-04-29_17-24-30\"\n                    alt=\"2022-04-29_17-24-30\"\n                    src=\"https:\/\/ecojardindesgrivauds.fr\/wp-content\/gallery\/2022_05_07-itk-tomates\/thumbs\/thumbs_2022-04-29_17-24-30.jpg\"\n                    width=\"240\"\n                    height=\"160\"\n                    style=\"max-width:100%;\"\n                \/>\n            <\/a>\n        <\/div>\n\t\t\t\t\t\t\t<\/div> \n\t\t\t\n        \n\t\t\t\t<div id=\"ngg-image-18\" class=\"ngg-gallery-thumbnail-box\" >\n\t\t\t\t        <div class=\"ngg-gallery-thumbnail\">\n            <a href=\"https:\/\/ecojardindesgrivauds.fr\/wp-content\/gallery\/2022_05_07-itk-tomates\/2022-04-29_17-25-04.jpg\"\n               title=\"\"\n               data-src=\"https:\/\/ecojardindesgrivauds.fr\/wp-content\/gallery\/2022_05_07-itk-tomates\/2022-04-29_17-25-04.jpg\"\n               data-thumbnail=\"https:\/\/ecojardindesgrivauds.fr\/wp-content\/gallery\/2022_05_07-itk-tomates\/thumbs\/thumbs_2022-04-29_17-25-04.jpg\"\n               data-image-id=\"3099\"\n               data-title=\"2022-04-29_17-25-04\"\n               data-description=\"\"\n               data-image-slug=\"2022-04-29_17-25-04\"\n               class=\"ngg-fancybox\" rel=\"6eaf3c4d6544a67bf35bd49417faa671\">\n                <img\n                    title=\"2022-04-29_17-25-04\"\n                    alt=\"2022-04-29_17-25-04\"\n                    src=\"https:\/\/ecojardindesgrivauds.fr\/wp-content\/gallery\/2022_05_07-itk-tomates\/thumbs\/thumbs_2022-04-29_17-25-04.jpg\"\n                    width=\"240\"\n                    height=\"160\"\n                    style=\"max-width:100%;\"\n                \/>\n            <\/a>\n        <\/div>\n\t\t\t\t\t\t\t<\/div> \n\t\t\t\n        \n\t\t\t\t<div id=\"ngg-image-19\" class=\"ngg-gallery-thumbnail-box\" >\n\t\t\t\t        <div class=\"ngg-gallery-thumbnail\">\n            <a href=\"https:\/\/ecojardindesgrivauds.fr\/wp-content\/gallery\/2022_05_07-itk-tomates\/2022-05-06_15-07-08.jpg\"\n               title=\"En bande organis\u00e9e...\"\n               data-src=\"https:\/\/ecojardindesgrivauds.fr\/wp-content\/gallery\/2022_05_07-itk-tomates\/2022-05-06_15-07-08.jpg\"\n               data-thumbnail=\"https:\/\/ecojardindesgrivauds.fr\/wp-content\/gallery\/2022_05_07-itk-tomates\/thumbs\/thumbs_2022-05-06_15-07-08.jpg\"\n               data-image-id=\"3108\"\n               data-title=\"2022-05-06_15-07-08\"\n               data-description=\"En bande organis\u00e9e...\"\n               data-image-slug=\"2022-05-06_15-07-08\"\n               class=\"ngg-fancybox\" rel=\"6eaf3c4d6544a67bf35bd49417faa671\">\n                <img\n                    title=\"2022-05-06_15-07-08\"\n                    alt=\"2022-05-06_15-07-08\"\n                    src=\"https:\/\/ecojardindesgrivauds.fr\/wp-content\/gallery\/2022_05_07-itk-tomates\/thumbs\/thumbs_2022-05-06_15-07-08.jpg\"\n                    width=\"240\"\n                    height=\"160\"\n                    style=\"max-width:100%;\"\n                \/>\n            <\/a>\n        <\/div>\n\t\t\t\t\t\t\t<\/div> \n\t\t\t\n        \n\t\t\n\t\t<!-- Pagination -->\n\t<div class='ngg-clear'><\/div>\t<\/div>\n\n<div class=\"speaker-mute footnotes_reference_container\"> <div class=\"footnote_container_prepare\"><p><span role=\"button\" tabindex=\"0\" class=\"footnote_reference_container_label pointer\" onclick=\"footnote_expand_collapse_reference_container_9381_1();\">References<\/span><span role=\"button\" tabindex=\"0\" class=\"footnote_reference_container_collapse_button\" style=\"display: none;\" onclick=\"footnote_expand_collapse_reference_container_9381_1();\">[<a id=\"footnote_reference_container_collapse_button_9381_1\">+<\/a>]<\/span><\/p><\/div> <div id=\"footnote_references_container_9381_1\" style=\"\"><table class=\"footnotes_table footnote-reference-container\"><caption class=\"accessibility\">References<\/caption> <tbody> \r\n\r\n<tr class=\"footnotes_plugin_reference_row\"> <th scope=\"row\" class=\"footnote_plugin_index_combi pointer\"  onclick=\"footnote_moveToAnchor_9381_1('footnote_plugin_tooltip_9381_1_1');\"><a id=\"footnote_plugin_reference_9381_1_1\" class=\"footnote_backlink\"><span class=\"footnote_index_arrow\">&#8593;<\/span>1<\/a><\/th> <td class=\"footnote_plugin_text\">Au lieu d&rsquo;une seule, comme c&rsquo;est le cas g\u00e9n\u00e9ralement. Plus pr\u00e9cis\u00e9ment, \u00e7a consiste \u00e0 tailler tous les bourgeons axillaires de la tomate (les fameux \u00abgourmands\u00bb) pour forcer le pied \u00e0 monter le plus haut possible.<\/td><\/tr>\r\n\r\n<tr class=\"footnotes_plugin_reference_row\"> <th scope=\"row\" class=\"footnote_plugin_index_combi pointer\"  onclick=\"footnote_moveToAnchor_9381_1('footnote_plugin_tooltip_9381_1_2');\"><a id=\"footnote_plugin_reference_9381_1_2\" class=\"footnote_backlink\"><span class=\"footnote_index_arrow\">&#8593;<\/span>2<\/a><\/th> <td class=\"footnote_plugin_text\">Oui, comme tous les ans en fait&#8230;<\/td><\/tr>\r\n\r\n <\/tbody> <\/table> <\/div><\/div><script type=\"text\/javascript\"> function footnote_expand_reference_container_9381_1() { jQuery('#footnote_references_container_9381_1').show(); jQuery('#footnote_reference_container_collapse_button_9381_1').text('\u2212'); } function footnote_collapse_reference_container_9381_1() { jQuery('#footnote_references_container_9381_1').hide(); jQuery('#footnote_reference_container_collapse_button_9381_1').text('+'); } function footnote_expand_collapse_reference_container_9381_1() { if (jQuery('#footnote_references_container_9381_1').is(':hidden')) { footnote_expand_reference_container_9381_1(); } else { footnote_collapse_reference_container_9381_1(); } } function footnote_moveToReference_9381_1(p_str_TargetID) { footnote_expand_reference_container_9381_1(); var l_obj_Target = jQuery('#' + p_str_TargetID); if (l_obj_Target.length) { jQuery( 'html, body' ).delay( 0 ); jQuery('html, body').animate({ scrollTop: l_obj_Target.offset().top - window.innerHeight * 0.2 }, 380); } } function footnote_moveToAnchor_9381_1(p_str_TargetID) { footnote_expand_reference_container_9381_1(); var l_obj_Target = jQuery('#' + p_str_TargetID); if (l_obj_Target.length) { jQuery( 'html, body' ).delay( 0 ); jQuery('html, body').animate({ scrollTop: l_obj_Target.offset().top - window.innerHeight * 0.2 }, 380); } }<\/script>","protected":false},"excerpt":{"rendered":"<p>Il y a une exp\u00e9rimentation en cours aux Grivauds. Une exp\u00e9rimentation qui pourrait changer la donne en terme de densification des cultures. Vous savez d\u00e9j\u00e0 que tous nos plants de tomates et d&rsquo;aubergine sont greff\u00e9s. L&rsquo;ann\u00e9e derni\u00e8re, on a pu constater l&rsquo;\u00e9tonnante vigueur de ces plantes. La th\u00e9orie pr\u00e9cise qu&rsquo;il est possible de diminuer la &hellip; <\/p>\n<p class=\"link-more\"><a href=\"https:\/\/ecojardindesgrivauds.fr\/?p=9381\" class=\"more-link\">Continuer la lecture<span class=\"screen-reader-text\"> de &laquo;&nbsp;Le pari de l&rsquo;ann\u00e9e&nbsp;&raquo;<\/span><\/a><\/p>\n","protected":false},"author":1,"featured_media":0,"comment_status":"open","ping_status":"open","sticky":false,"template":"","format":"standard","meta":{"ngg_post_thumbnail":0},"categories":[1],"tags":[],"_links":{"self":[{"href":"https:\/\/ecojardindesgrivauds.fr\/index.php?rest_route=\/wp\/v2\/posts\/9381"}],"collection":[{"href":"https:\/\/ecojardindesgrivauds.fr\/index.php?rest_route=\/wp\/v2\/posts"}],"about":[{"href":"https:\/\/ecojardindesgrivauds.fr\/index.php?rest_route=\/wp\/v2\/types\/post"}],"author":[{"embeddable":true,"href":"https:\/\/ecojardindesgrivauds.fr\/index.php?rest_route=\/wp\/v2\/users\/1"}],"replies":[{"embeddable":true,"href":"https:\/\/ecojardindesgrivauds.fr\/index.php?rest_route=%2Fwp%2Fv2%2Fcomments&post=9381"}],"version-history":[{"count":3,"href":"https:\/\/ecojardindesgrivauds.fr\/index.php?rest_route=\/wp\/v2\/posts\/9381\/revisions"}],"predecessor-version":[{"id":9428,"href":"https:\/\/ecojardindesgrivauds.fr\/index.php?rest_route=\/wp\/v2\/posts\/9381\/revisions\/9428"}],"wp:attachment":[{"href":"https:\/\/ecojardindesgrivauds.fr\/index.php?rest_route=%2Fwp%2Fv2%2Fmedia&parent=9381"}],"wp:term":[{"taxonomy":"category","embeddable":true,"href":"https:\/\/ecojardindesgrivauds.fr\/index.php?rest_route=%2Fwp%2Fv2%2Fcategories&post=9381"},{"taxonomy":"post_tag","embeddable":true,"href":"https:\/\/ecojardindesgrivauds.fr\/index.php?rest_route=%2Fwp%2Fv2%2Ftags&post=9381"}],"curies":[{"name":"wp","href":"https:\/\/api.w.org\/{rel}","templated":true}]}}