{"id":9429,"date":"2022-05-14T21:23:22","date_gmt":"2022-05-14T19:23:22","guid":{"rendered":"http:\/\/ecojardindesgrivauds.fr\/?p=9429"},"modified":"2022-05-15T09:21:37","modified_gmt":"2022-05-15T07:21:37","slug":"voyager-de-jardin-en-jardin","status":"publish","type":"post","link":"https:\/\/ecojardindesgrivauds.fr\/?p=9429","title":{"rendered":"Voyager de jardin en jardin"},"content":{"rendered":"\n<div class=\"wp-block-image is-style-default\"><figure class=\"alignright size-medium\"><a href=\"http:\/\/ecojardindesgrivauds.fr\/wp-content\/uploads\/2022\/05\/2022-05-10_09-53-18.jpg\"><img decoding=\"async\" loading=\"lazy\" width=\"300\" height=\"225\" src=\"http:\/\/ecojardindesgrivauds.fr\/wp-content\/uploads\/2022\/05\/2022-05-10_09-53-18-300x225.jpg\" alt=\"\" class=\"wp-image-9439\" srcset=\"https:\/\/ecojardindesgrivauds.fr\/wp-content\/uploads\/2022\/05\/2022-05-10_09-53-18-300x225.jpg 300w, https:\/\/ecojardindesgrivauds.fr\/wp-content\/uploads\/2022\/05\/2022-05-10_09-53-18-768x575.jpg 768w, https:\/\/ecojardindesgrivauds.fr\/wp-content\/uploads\/2022\/05\/2022-05-10_09-53-18.jpg 1024w\" sizes=\"(max-width: 300px) 100vw, 300px\" \/><\/a><figcaption>Premi\u00e8re t\u00e2che pour Micka\u00ebl, de retour aux Grivauds : planter du basilic. Et nous raconter ses autres stages.<\/figcaption><\/figure><\/div>\n\n\n\n<p>Quand un\u00b7e de nos stagiaires est de retour aux Grivauds, comme c&rsquo;est le cas de Micka\u00ebl cette semaine, il y a toujours un moment que j&rsquo;attends avec gourmandise. Celui o\u00f9 le\u00b7la stagiaire va nous raconter ce qu&rsquo;iel a vu dans ses autres stages. L&rsquo;avancement des cultures, l&rsquo;ambiance, ce qu&rsquo;on y fait et ce qu&rsquo;on y apprend. C&rsquo;est pour moi d\u00e9j\u00e0 une fa\u00e7on de voyager. Mais, depuis mercredi, le d\u00e9paysement a augment\u00e9 d&rsquo;un cran. Car en ce moment nous recevons Lucas. Et Lucas est br\u00e9silien. Pendant les deux premiers jours, je suis rest\u00e9 tr\u00e8s concentr\u00e9 sur mon portugais, qui \u00e9tait tr\u00e8s rouill\u00e9. Focalis\u00e9 sur le fait de comprendre ce qu&rsquo;il raconte. Obs\u00e9d\u00e9 par la r\u00e9activation du vocabulaire, de la conjugaison et des <em>girias<\/em><span class=\"footnote_referrer\"><a role=\"button\" tabindex=\"0\" onclick=\"footnote_moveToReference_9429_1('footnote_plugin_reference_9429_1_1');\" onkeypress=\"footnote_moveToReference_9429_1('footnote_plugin_reference_9429_1_1');\" ><sup id=\"footnote_plugin_tooltip_9429_1_1\" class=\"footnote_plugin_tooltip_text\">[1]<\/sup><\/a><span id=\"footnote_plugin_tooltip_text_9429_1_1\" class=\"footnote_tooltip\">C&rsquo;est le mot portugais qui d\u00e9signe les idiomatismes, c&rsquo;est \u00e0 dire les expressions propres \u00e0 une langue, \u00e0 un dialecte.<\/span><\/span><script type=\"text\/javascript\"> jQuery('#footnote_plugin_tooltip_9429_1_1').tooltip({ tip: '#footnote_plugin_tooltip_text_9429_1_1', tipClass: 'footnote_tooltip', effect: 'fade', predelay: 0, fadeInSpeed: 200, delay: 400, fadeOutSpeed: 200, position: 'top center', relative: true, offset: [-7, 0], });<\/script>. Et puis, petit \u00e0 petit, \u00e0 force d&rsquo;entendre cet accent <em>carioca<\/em><span class=\"footnote_referrer\"><a role=\"button\" tabindex=\"0\" onclick=\"footnote_moveToReference_9429_1('footnote_plugin_reference_9429_1_2');\" onkeypress=\"footnote_moveToReference_9429_1('footnote_plugin_reference_9429_1_2');\" ><sup id=\"footnote_plugin_tooltip_9429_1_2\" class=\"footnote_plugin_tooltip_text\">[2]<\/sup><\/a><span id=\"footnote_plugin_tooltip_text_9429_1_2\" class=\"footnote_tooltip\">Relatif \u00e0 Rio de Janeiro<\/span><\/span><script type=\"text\/javascript\"> jQuery('#footnote_plugin_tooltip_9429_1_2').tooltip({ tip: '#footnote_plugin_tooltip_text_9429_1_2', tipClass: 'footnote_tooltip', effect: 'fade', predelay: 0, fadeInSpeed: 200, delay: 400, fadeOutSpeed: 200, position: 'top center', relative: true, offset: [-7, 0], });<\/script> si d\u00e9licieusement chuintant, les souvenirs ont afflu\u00e9 et la <em>saudade<\/em><span class=\"footnote_referrer\"><a role=\"button\" tabindex=\"0\" onclick=\"footnote_moveToReference_9429_1('footnote_plugin_reference_9429_1_3');\" onkeypress=\"footnote_moveToReference_9429_1('footnote_plugin_reference_9429_1_3');\" ><sup id=\"footnote_plugin_tooltip_9429_1_3\" class=\"footnote_plugin_tooltip_text\">[3]<\/sup><\/a><span id=\"footnote_plugin_tooltip_text_9429_1_3\" class=\"footnote_tooltip\">Le mot <em>saudade<\/em> d\u00e9signe un sentiment complexe proche de la nostalgie.<\/span><\/span><script type=\"text\/javascript\"> jQuery('#footnote_plugin_tooltip_9429_1_3').tooltip({ tip: '#footnote_plugin_tooltip_text_9429_1_3', tipClass: 'footnote_tooltip', effect: 'fade', predelay: 0, fadeInSpeed: 200, delay: 400, fadeOutSpeed: 200, position: 'top center', relative: true, offset: [-7, 0], });<\/script> m&rsquo;a envelopp\u00e9 de sa douceur piquante. Oh oui, maintenant, je me souviens.<\/p>\n\n\n\n<div class=\"wp-block-image is-style-default\"><figure class=\"alignleft size-medium\"><a href=\"http:\/\/ecojardindesgrivauds.fr\/wp-content\/uploads\/2022\/05\/2022-05-12_09-10-22.jpg\"><img decoding=\"async\" loading=\"lazy\" width=\"300\" height=\"225\" src=\"http:\/\/ecojardindesgrivauds.fr\/wp-content\/uploads\/2022\/05\/2022-05-12_09-10-22-300x225.jpg\" alt=\"\" class=\"wp-image-9444\" srcset=\"https:\/\/ecojardindesgrivauds.fr\/wp-content\/uploads\/2022\/05\/2022-05-12_09-10-22-300x225.jpg 300w, https:\/\/ecojardindesgrivauds.fr\/wp-content\/uploads\/2022\/05\/2022-05-12_09-10-22-1024x767.jpg 1024w, https:\/\/ecojardindesgrivauds.fr\/wp-content\/uploads\/2022\/05\/2022-05-12_09-10-22-768x575.jpg 768w, https:\/\/ecojardindesgrivauds.fr\/wp-content\/uploads\/2022\/05\/2022-05-12_09-10-22.jpg 1280w\" sizes=\"(max-width: 300px) 100vw, 300px\" \/><\/a><figcaption>Lucas, les mains dans les petits pois<\/figcaption><\/figure><\/div>\n\n\n\n<p>Je me souviens de mon premier wwoofing. C&rsquo;\u00e9tait dans le Minas Gerais, \u00e0 Rio Pomba. Je me souviens de la chaleur tropicale, des longues matin\u00e9es de travail, des siestes sous un soleil br\u00fblant, du soleil qui se couche \u00e0 la verticale \u00e0 18h. Des soir\u00e9es autour d&rsquo;une guitare et d&rsquo;un feu de camp. Je me souviens d&rsquo;avoir r\u00e9colt\u00e9 des bananes et des noix de coco. D&rsquo;avoir cueilli des mangues et des baies de Jabuticaba. D&rsquo;avoir boutur\u00e9 des choux (!) et d&rsquo;avoir paliss\u00e9 des tomates qui ressemblaient \u00e0 des pieds de vigne (!!). Je me souviens des moustiques. Je me souviens de mes motivations \u00e0 faire du wwoofing : apprendre le portugais et rencontrer des br\u00e9silien\u00b7nes. J&rsquo;avais d\u00e9j\u00e0 un peu jardin\u00e9 quand j&rsquo;\u00e9tais petit. Mais pas beaucoup. Je suivais alors ma m\u00e8re au jardin avec un enthousiasme d&rsquo;adolescent tr\u00e8s mesur\u00e9. Je crois que c&rsquo;est vraiment \u00e0 Rio Pomba que j&rsquo;ai attrap\u00e9 le go\u00fbt du jardinage. C&rsquo;\u00e9tait en 2014, j&rsquo;avais 31 ans. Dans l&rsquo;ann\u00e9e qui a suivi, j&rsquo;ai refait du wwoofing. En Argentine, au Chili et au P\u00e9rou. Et puis en France. C&rsquo;est en cherchant un lieu o\u00f9 venir donner un coup de main que je me suis retrouv\u00e9 ouvrier agricole. De fil en aiguille, \u00e0 force de voyager, je suis devenu mara\u00eecher. Mais, oui, d&rsquo;une certaine fa\u00e7on, c&rsquo;est bien mon amour de la langue portugaise qui m&rsquo;a amen\u00e9 l\u00e0 o\u00f9 je suis aujourd&rsquo;hui.<\/p>\n\n\n\n<div class=\"wp-block-image is-style-default\"><figure class=\"alignright size-medium\"><a href=\"http:\/\/ecojardindesgrivauds.fr\/wp-content\/uploads\/2022\/05\/2022-05-12_15-24-13.jpg\"><img decoding=\"async\" loading=\"lazy\" width=\"225\" height=\"300\" src=\"http:\/\/ecojardindesgrivauds.fr\/wp-content\/uploads\/2022\/05\/2022-05-12_15-24-13-225x300.jpg\" alt=\"\" class=\"wp-image-9447\" srcset=\"https:\/\/ecojardindesgrivauds.fr\/wp-content\/uploads\/2022\/05\/2022-05-12_15-24-13-225x300.jpg 225w, https:\/\/ecojardindesgrivauds.fr\/wp-content\/uploads\/2022\/05\/2022-05-12_15-24-13.jpg 768w\" sizes=\"(max-width: 225px) 100vw, 225px\" \/><\/a><figcaption>Paillage des planches de courges<\/figcaption><\/figure><\/div>\n\n\n\n<p>Lucas et Micka\u00ebl, bien qu&rsquo;ils soient n\u00e9s \u00e0 8000 km de distance, partagent une m\u00eame trajectoire, qui semble propre \u00e0 cette g\u00e9n\u00e9ration. Nous en avions d\u00e9j\u00e0 parl\u00e9 dans l&rsquo;article <a href=\"http:\/\/ecojardindesgrivauds.fr\/?p=8452\" data-type=\"post\" data-id=\"8452\">\u00abChercher et se chercher\u00bb<\/a> de cet hiver. Lucas me raconte que cette pr\u00e9carit\u00e9 existentielle est devenue in\u00e9vitable pour les jeunes, m\u00eame au Br\u00e9sil. Il y a la pression de la crise \u00e9cologique. Et, dans le m\u00eame temps, il y a d\u00e9j\u00e0 un cort\u00e8ge de publications et d&rsquo;initiatives qui permettent rapidement de faire un pas de c\u00f4t\u00e9 sans avoir \u00e0 r\u00e9inventer la roue. C&rsquo;est tellement tentant&#8230; <\/p>\n\n\n\n<p>Comme \u00e7a me fait dr\u00f4le que ce soit \u00e0 mon tour de montrer nos gestes et nos fa\u00e7ons de faire \u00e0 un br\u00e9silien&#8230; Je mesure le chemin parcouru en 8 ans et c&rsquo;est vertigineux. Lucas n&rsquo;est pas vraiment un perdreau de l&rsquo;ann\u00e9e, il a d\u00e9j\u00e0 pas mal d&rsquo;exp\u00e9rience. Il sait planter, il sait r\u00e9colter plein de choses, il sait palisser une tomate&#8230; Avec Fabrice, il communique avec les mains et avec quelques rudiments de fran\u00e7ais qui s&rsquo;\u00e9paississent de jour en jour. Avec Micka\u00ebl, il parle anglais. Comme d&rsquo;un fait expr\u00e8s, l&rsquo;\u00e9t\u00e9 fait une entr\u00e9e pr\u00e9coce au jardin et nous tanne gentiment le cuir. On se d\u00e9p\u00eache de planter les derni\u00e8res tomates : l&rsquo;\u00e9norme chantier \u00abcourges\u00bb nous appelle. Dans le m\u00eame temps, une ombre trop bien connue r\u00f4de sur nos t\u00eates : le bl\u00e9 fait un retour en force dans toutes nos cultures&#8230; Souvenez-vous, <a href=\"http:\/\/ecojardindesgrivauds.fr\/?p=7908\" data-type=\"post\" data-id=\"7908\">l&rsquo;ann\u00e9e derni\u00e8re d\u00e9j\u00e0<\/a>&#8230;<\/p>\n\n\n\n<p><em>\u00c0 la semaine prochaine !<\/em><\/p>\n\n\n\n<!-- index.php -->\n<div\n\tclass=\"ngg-galleryoverview ngg-ajax-pagination-none\"\n\tid=\"ngg-gallery-1efcdb3fc61501a9400792a07729dce2-1\">\n\n    \t\t<!-- Thumbnails -->\n\t\t\t\t<div id=\"ngg-image-0\" class=\"ngg-gallery-thumbnail-box\" >\n\t\t\t\t        <div class=\"ngg-gallery-thumbnail\">\n            <a href=\"https:\/\/ecojardindesgrivauds.fr\/wp-content\/gallery\/2022_05_14-arrivee-de-lucas\/2022-05-10_17-47-28.jpg\"\n               title=\"Cette batavia pesait 1,5 kg ! Et, non, on n&#039;a pas r\u00e9ussi \u00e0 la vendre...\"\n               data-src=\"https:\/\/ecojardindesgrivauds.fr\/wp-content\/gallery\/2022_05_14-arrivee-de-lucas\/2022-05-10_17-47-28.jpg\"\n               data-thumbnail=\"https:\/\/ecojardindesgrivauds.fr\/wp-content\/gallery\/2022_05_14-arrivee-de-lucas\/thumbs\/thumbs_2022-05-10_17-47-28.jpg\"\n               data-image-id=\"3110\"\n               data-title=\"2022-05-10_17-47-28\"\n               data-description=\"Cette batavia pesait 1,5 kg ! Et, non, on n&#039;a pas r\u00e9ussi \u00e0 la vendre...\"\n               data-image-slug=\"2022-05-10_17-47-28\"\n               class=\"ngg-fancybox\" rel=\"1efcdb3fc61501a9400792a07729dce2\">\n                <img\n                    title=\"2022-05-10_17-47-28\"\n                    alt=\"2022-05-10_17-47-28\"\n                    src=\"https:\/\/ecojardindesgrivauds.fr\/wp-content\/gallery\/2022_05_14-arrivee-de-lucas\/thumbs\/thumbs_2022-05-10_17-47-28.jpg\"\n                    width=\"240\"\n                    height=\"160\"\n                    style=\"max-width:100%;\"\n                \/>\n            <\/a>\n        <\/div>\n\t\t\t\t\t\t\t<\/div> \n\t\t\t\n        \n\t\t\t\t<div id=\"ngg-image-1\" class=\"ngg-gallery-thumbnail-box\" >\n\t\t\t\t        <div class=\"ngg-gallery-thumbnail\">\n            <a href=\"https:\/\/ecojardindesgrivauds.fr\/wp-content\/gallery\/2022_05_14-arrivee-de-lucas\/2022-05-11_18-02-08.jpg\"\n               title=\"Une s\u00e9rie de betteraves d&#039;\u00e9t\u00e9 : \u00e0 peine plant\u00e9es, aussit\u00f4t arros\u00e9es\"\n               data-src=\"https:\/\/ecojardindesgrivauds.fr\/wp-content\/gallery\/2022_05_14-arrivee-de-lucas\/2022-05-11_18-02-08.jpg\"\n               data-thumbnail=\"https:\/\/ecojardindesgrivauds.fr\/wp-content\/gallery\/2022_05_14-arrivee-de-lucas\/thumbs\/thumbs_2022-05-11_18-02-08.jpg\"\n               data-image-id=\"3113\"\n               data-title=\"2022-05-11_18-02-08\"\n               data-description=\"Une s\u00e9rie de betteraves d&#039;\u00e9t\u00e9 : \u00e0 peine plant\u00e9es, aussit\u00f4t arros\u00e9es\"\n               data-image-slug=\"2022-05-11_18-02-08\"\n               class=\"ngg-fancybox\" rel=\"1efcdb3fc61501a9400792a07729dce2\">\n                <img\n                    title=\"2022-05-11_18-02-08\"\n                    alt=\"2022-05-11_18-02-08\"\n                    src=\"https:\/\/ecojardindesgrivauds.fr\/wp-content\/gallery\/2022_05_14-arrivee-de-lucas\/thumbs\/thumbs_2022-05-11_18-02-08.jpg\"\n                    width=\"240\"\n                    height=\"160\"\n                    style=\"max-width:100%;\"\n                \/>\n            <\/a>\n        <\/div>\n\t\t\t\t\t\t\t<\/div> \n\t\t\t\n        \n\t\t\t\t<div id=\"ngg-image-2\" class=\"ngg-gallery-thumbnail-box\" >\n\t\t\t\t        <div class=\"ngg-gallery-thumbnail\">\n            <a href=\"https:\/\/ecojardindesgrivauds.fr\/wp-content\/gallery\/2022_05_14-arrivee-de-lucas\/2022-05-12_09-10-53.jpg\"\n               title=\"Sur le march\u00e9 de Vichy, on \u00e9tait les seuls \u00e0 vendre du petit pois (parmi les producteurs bio) ! C&#039;est vous dire si on est fiers de cette s\u00e9rie ! Vari\u00e9t\u00e9 : Rondo (demi-rame).\"\n               data-src=\"https:\/\/ecojardindesgrivauds.fr\/wp-content\/gallery\/2022_05_14-arrivee-de-lucas\/2022-05-12_09-10-53.jpg\"\n               data-thumbnail=\"https:\/\/ecojardindesgrivauds.fr\/wp-content\/gallery\/2022_05_14-arrivee-de-lucas\/thumbs\/thumbs_2022-05-12_09-10-53.jpg\"\n               data-image-id=\"3114\"\n               data-title=\"2022-05-12_09-10-53\"\n               data-description=\"Sur le march\u00e9 de Vichy, on \u00e9tait les seuls \u00e0 vendre du petit pois (parmi les producteurs bio) ! C&#039;est vous dire si on est fiers de cette s\u00e9rie ! Vari\u00e9t\u00e9 : Rondo (demi-rame).\"\n               data-image-slug=\"2022-05-12_09-10-53\"\n               class=\"ngg-fancybox\" rel=\"1efcdb3fc61501a9400792a07729dce2\">\n                <img\n                    title=\"2022-05-12_09-10-53\"\n                    alt=\"2022-05-12_09-10-53\"\n                    src=\"https:\/\/ecojardindesgrivauds.fr\/wp-content\/gallery\/2022_05_14-arrivee-de-lucas\/thumbs\/thumbs_2022-05-12_09-10-53.jpg\"\n                    width=\"240\"\n                    height=\"160\"\n                    style=\"max-width:100%;\"\n                \/>\n            <\/a>\n        <\/div>\n\t\t\t\t\t\t\t<\/div> \n\t\t\t\n        \n\t\t\t\t<div id=\"ngg-image-3\" class=\"ngg-gallery-thumbnail-box\" >\n\t\t\t\t        <div class=\"ngg-gallery-thumbnail\">\n            <a href=\"https:\/\/ecojardindesgrivauds.fr\/wp-content\/gallery\/2022_05_14-arrivee-de-lucas\/2022-05-14_16-42-42.jpg\"\n               title=\"Le palissage des tomates a commenc\u00e9.\"\n               data-src=\"https:\/\/ecojardindesgrivauds.fr\/wp-content\/gallery\/2022_05_14-arrivee-de-lucas\/2022-05-14_16-42-42.jpg\"\n               data-thumbnail=\"https:\/\/ecojardindesgrivauds.fr\/wp-content\/gallery\/2022_05_14-arrivee-de-lucas\/thumbs\/thumbs_2022-05-14_16-42-42.jpg\"\n               data-image-id=\"3117\"\n               data-title=\"2022-05-14_16-42-42\"\n               data-description=\"Le palissage des tomates a commenc\u00e9.\"\n               data-image-slug=\"2022-05-14_16-42-42\"\n               class=\"ngg-fancybox\" rel=\"1efcdb3fc61501a9400792a07729dce2\">\n                <img\n                    title=\"2022-05-14_16-42-42\"\n                    alt=\"2022-05-14_16-42-42\"\n                    src=\"https:\/\/ecojardindesgrivauds.fr\/wp-content\/gallery\/2022_05_14-arrivee-de-lucas\/thumbs\/thumbs_2022-05-14_16-42-42.jpg\"\n                    width=\"240\"\n                    height=\"160\"\n                    style=\"max-width:100%;\"\n                \/>\n            <\/a>\n        <\/div>\n\t\t\t\t\t\t\t<\/div> \n\t\t\t\n        \n\t\t\t\t<div id=\"ngg-image-4\" class=\"ngg-gallery-thumbnail-box\" >\n\t\t\t\t        <div class=\"ngg-gallery-thumbnail\">\n            <a href=\"https:\/\/ecojardindesgrivauds.fr\/wp-content\/gallery\/2022_05_14-arrivee-de-lucas\/2022-05-14_16-43-00.jpg\"\n               title=\"Ah qu&#039;elles font plaisir ces petites fleurs jaunes...\"\n               data-src=\"https:\/\/ecojardindesgrivauds.fr\/wp-content\/gallery\/2022_05_14-arrivee-de-lucas\/2022-05-14_16-43-00.jpg\"\n               data-thumbnail=\"https:\/\/ecojardindesgrivauds.fr\/wp-content\/gallery\/2022_05_14-arrivee-de-lucas\/thumbs\/thumbs_2022-05-14_16-43-00.jpg\"\n               data-image-id=\"3118\"\n               data-title=\"2022-05-14_16-43-00\"\n               data-description=\"Ah qu&#039;elles font plaisir ces petites fleurs jaunes...\"\n               data-image-slug=\"2022-05-14_16-43-00\"\n               class=\"ngg-fancybox\" rel=\"1efcdb3fc61501a9400792a07729dce2\">\n                <img\n                    title=\"2022-05-14_16-43-00\"\n                    alt=\"2022-05-14_16-43-00\"\n                    src=\"https:\/\/ecojardindesgrivauds.fr\/wp-content\/gallery\/2022_05_14-arrivee-de-lucas\/thumbs\/thumbs_2022-05-14_16-43-00.jpg\"\n                    width=\"240\"\n                    height=\"160\"\n                    style=\"max-width:100%;\"\n                \/>\n            <\/a>\n        <\/div>\n\t\t\t\t\t\t\t<\/div> \n\t\t\t\n        \n\t\t\t\t<div id=\"ngg-image-5\" class=\"ngg-gallery-thumbnail-box\" >\n\t\t\t\t        <div class=\"ngg-gallery-thumbnail\">\n            <a href=\"https:\/\/ecojardindesgrivauds.fr\/wp-content\/gallery\/2022_05_14-arrivee-de-lucas\/2022-05-14_16-43-20.jpg\"\n               title=\"Oui, je sais, tous les ans je m&#039;extasie sur les choux-raves...\"\n               data-src=\"https:\/\/ecojardindesgrivauds.fr\/wp-content\/gallery\/2022_05_14-arrivee-de-lucas\/2022-05-14_16-43-20.jpg\"\n               data-thumbnail=\"https:\/\/ecojardindesgrivauds.fr\/wp-content\/gallery\/2022_05_14-arrivee-de-lucas\/thumbs\/thumbs_2022-05-14_16-43-20.jpg\"\n               data-image-id=\"3119\"\n               data-title=\"2022-05-14_16-43-20\"\n               data-description=\"Oui, je sais, tous les ans je m&#039;extasie sur les choux-raves...\"\n               data-image-slug=\"2022-05-14_16-43-20\"\n               class=\"ngg-fancybox\" rel=\"1efcdb3fc61501a9400792a07729dce2\">\n                <img\n                    title=\"2022-05-14_16-43-20\"\n                    alt=\"2022-05-14_16-43-20\"\n                    src=\"https:\/\/ecojardindesgrivauds.fr\/wp-content\/gallery\/2022_05_14-arrivee-de-lucas\/thumbs\/thumbs_2022-05-14_16-43-20.jpg\"\n                    width=\"240\"\n                    height=\"160\"\n                    style=\"max-width:100%;\"\n                \/>\n            <\/a>\n        <\/div>\n\t\t\t\t\t\t\t<\/div> \n\t\t\t\n        \n\t\t\t\t<div id=\"ngg-image-6\" class=\"ngg-gallery-thumbnail-box\" >\n\t\t\t\t        <div class=\"ngg-gallery-thumbnail\">\n            <a href=\"https:\/\/ecojardindesgrivauds.fr\/wp-content\/gallery\/2022_05_14-arrivee-de-lucas\/2022-05-11_08-08-59.jpg\"\n               title=\"Reproduction d&#039;escargots des haies (et, oui, Adriel\u00b7le, ce sont deux 00000).\"\n               data-src=\"https:\/\/ecojardindesgrivauds.fr\/wp-content\/gallery\/2022_05_14-arrivee-de-lucas\/2022-05-11_08-08-59.jpg\"\n               data-thumbnail=\"https:\/\/ecojardindesgrivauds.fr\/wp-content\/gallery\/2022_05_14-arrivee-de-lucas\/thumbs\/thumbs_2022-05-11_08-08-59.jpg\"\n               data-image-id=\"3111\"\n               data-title=\"2022-05-11_08-08-59\"\n               data-description=\"Reproduction d&#039;escargots des haies (et, oui, Adriel\u00b7le, ce sont deux 00000).\"\n               data-image-slug=\"2022-05-11_08-08-59\"\n               class=\"ngg-fancybox\" rel=\"1efcdb3fc61501a9400792a07729dce2\">\n                <img\n                    title=\"2022-05-11_08-08-59\"\n                    alt=\"2022-05-11_08-08-59\"\n                    src=\"https:\/\/ecojardindesgrivauds.fr\/wp-content\/gallery\/2022_05_14-arrivee-de-lucas\/thumbs\/thumbs_2022-05-11_08-08-59.jpg\"\n                    width=\"240\"\n                    height=\"160\"\n                    style=\"max-width:100%;\"\n                \/>\n            <\/a>\n        <\/div>\n\t\t\t\t\t\t\t<\/div> \n\t\t\t\n        \n\t\t\t\t<div id=\"ngg-image-7\" class=\"ngg-gallery-thumbnail-box\" >\n\t\t\t\t        <div class=\"ngg-gallery-thumbnail\">\n            <a href=\"https:\/\/ecojardindesgrivauds.fr\/wp-content\/gallery\/2022_05_14-arrivee-de-lucas\/2022-05-11_09-24-02.jpg\"\n               title=\"\u00c9caille fermi\u00e8re\"\n               data-src=\"https:\/\/ecojardindesgrivauds.fr\/wp-content\/gallery\/2022_05_14-arrivee-de-lucas\/2022-05-11_09-24-02.jpg\"\n               data-thumbnail=\"https:\/\/ecojardindesgrivauds.fr\/wp-content\/gallery\/2022_05_14-arrivee-de-lucas\/thumbs\/thumbs_2022-05-11_09-24-02.jpg\"\n               data-image-id=\"3112\"\n               data-title=\"2022-05-11_09-24-02\"\n               data-description=\"\u00c9caille fermi\u00e8re\"\n               data-image-slug=\"2022-05-11_09-24-02\"\n               class=\"ngg-fancybox\" rel=\"1efcdb3fc61501a9400792a07729dce2\">\n                <img\n                    title=\"2022-05-11_09-24-02\"\n                    alt=\"2022-05-11_09-24-02\"\n                    src=\"https:\/\/ecojardindesgrivauds.fr\/wp-content\/gallery\/2022_05_14-arrivee-de-lucas\/thumbs\/thumbs_2022-05-11_09-24-02.jpg\"\n                    width=\"240\"\n                    height=\"160\"\n                    style=\"max-width:100%;\"\n                \/>\n            <\/a>\n        <\/div>\n\t\t\t\t\t\t\t<\/div> \n\t\t\t\n        \n\t\t\t\t<div id=\"ngg-image-8\" class=\"ngg-gallery-thumbnail-box\" >\n\t\t\t\t        <div class=\"ngg-gallery-thumbnail\">\n            <a href=\"https:\/\/ecojardindesgrivauds.fr\/wp-content\/gallery\/2022_05_14-arrivee-de-lucas\/2022-05-12_09-13-06.jpg\"\n               title=\"Larve de Coccinelle \u00e0 sept points\"\n               data-src=\"https:\/\/ecojardindesgrivauds.fr\/wp-content\/gallery\/2022_05_14-arrivee-de-lucas\/2022-05-12_09-13-06.jpg\"\n               data-thumbnail=\"https:\/\/ecojardindesgrivauds.fr\/wp-content\/gallery\/2022_05_14-arrivee-de-lucas\/thumbs\/thumbs_2022-05-12_09-13-06.jpg\"\n               data-image-id=\"3115\"\n               data-title=\"2022-05-12_09-13-06\"\n               data-description=\"Larve de Coccinelle \u00e0 sept points\"\n               data-image-slug=\"2022-05-12_09-13-06\"\n               class=\"ngg-fancybox\" rel=\"1efcdb3fc61501a9400792a07729dce2\">\n                <img\n                    title=\"2022-05-12_09-13-06\"\n                    alt=\"2022-05-12_09-13-06\"\n                    src=\"https:\/\/ecojardindesgrivauds.fr\/wp-content\/gallery\/2022_05_14-arrivee-de-lucas\/thumbs\/thumbs_2022-05-12_09-13-06.jpg\"\n                    width=\"240\"\n                    height=\"160\"\n                    style=\"max-width:100%;\"\n                \/>\n            <\/a>\n        <\/div>\n\t\t\t\t\t\t\t<\/div> \n\t\t\t\n        \n\t\t\t\t<div id=\"ngg-image-9\" class=\"ngg-gallery-thumbnail-box\" >\n\t\t\t\t        <div class=\"ngg-gallery-thumbnail\">\n            <a href=\"https:\/\/ecojardindesgrivauds.fr\/wp-content\/gallery\/2022_05_14-arrivee-de-lucas\/2022-05-13_10-33-43.jpg\"\n               title=\"Hanneton commun (Melolontha melolontha)\"\n               data-src=\"https:\/\/ecojardindesgrivauds.fr\/wp-content\/gallery\/2022_05_14-arrivee-de-lucas\/2022-05-13_10-33-43.jpg\"\n               data-thumbnail=\"https:\/\/ecojardindesgrivauds.fr\/wp-content\/gallery\/2022_05_14-arrivee-de-lucas\/thumbs\/thumbs_2022-05-13_10-33-43.jpg\"\n               data-image-id=\"3116\"\n               data-title=\"2022-05-13_10-33-43\"\n               data-description=\"Hanneton commun (Melolontha melolontha)\"\n               data-image-slug=\"2022-05-13_10-33-43\"\n               class=\"ngg-fancybox\" rel=\"1efcdb3fc61501a9400792a07729dce2\">\n                <img\n                    title=\"2022-05-13_10-33-43\"\n                    alt=\"2022-05-13_10-33-43\"\n                    src=\"https:\/\/ecojardindesgrivauds.fr\/wp-content\/gallery\/2022_05_14-arrivee-de-lucas\/thumbs\/thumbs_2022-05-13_10-33-43.jpg\"\n                    width=\"240\"\n                    height=\"160\"\n                    style=\"max-width:100%;\"\n                \/>\n            <\/a>\n        <\/div>\n\t\t\t\t\t\t\t<\/div> \n\t\t\t\n        \n\t\t\n\t\t<!-- Pagination -->\n\t<div class='ngg-clear'><\/div>\t<\/div>\n\n<div class=\"speaker-mute footnotes_reference_container\"> <div class=\"footnote_container_prepare\"><p><span role=\"button\" tabindex=\"0\" class=\"footnote_reference_container_label pointer\" onclick=\"footnote_expand_collapse_reference_container_9429_1();\">References<\/span><span role=\"button\" tabindex=\"0\" class=\"footnote_reference_container_collapse_button\" style=\"display: none;\" onclick=\"footnote_expand_collapse_reference_container_9429_1();\">[<a id=\"footnote_reference_container_collapse_button_9429_1\">+<\/a>]<\/span><\/p><\/div> <div id=\"footnote_references_container_9429_1\" style=\"\"><table class=\"footnotes_table footnote-reference-container\"><caption class=\"accessibility\">References<\/caption> <tbody> \r\n\r\n<tr class=\"footnotes_plugin_reference_row\"> <th scope=\"row\" class=\"footnote_plugin_index_combi pointer\"  onclick=\"footnote_moveToAnchor_9429_1('footnote_plugin_tooltip_9429_1_1');\"><a id=\"footnote_plugin_reference_9429_1_1\" class=\"footnote_backlink\"><span class=\"footnote_index_arrow\">&#8593;<\/span>1<\/a><\/th> <td class=\"footnote_plugin_text\">C&rsquo;est le mot portugais qui d\u00e9signe les idiomatismes, c&rsquo;est \u00e0 dire les expressions propres \u00e0 une langue, \u00e0 un dialecte.<\/td><\/tr>\r\n\r\n<tr class=\"footnotes_plugin_reference_row\"> <th scope=\"row\" class=\"footnote_plugin_index_combi pointer\"  onclick=\"footnote_moveToAnchor_9429_1('footnote_plugin_tooltip_9429_1_2');\"><a id=\"footnote_plugin_reference_9429_1_2\" class=\"footnote_backlink\"><span class=\"footnote_index_arrow\">&#8593;<\/span>2<\/a><\/th> <td class=\"footnote_plugin_text\">Relatif \u00e0 Rio de Janeiro<\/td><\/tr>\r\n\r\n<tr class=\"footnotes_plugin_reference_row\"> <th scope=\"row\" class=\"footnote_plugin_index_combi pointer\"  onclick=\"footnote_moveToAnchor_9429_1('footnote_plugin_tooltip_9429_1_3');\"><a id=\"footnote_plugin_reference_9429_1_3\" class=\"footnote_backlink\"><span class=\"footnote_index_arrow\">&#8593;<\/span>3<\/a><\/th> <td class=\"footnote_plugin_text\">Le mot <em>saudade<\/em> d\u00e9signe un sentiment complexe proche de la nostalgie.<\/td><\/tr>\r\n\r\n <\/tbody> <\/table> <\/div><\/div><script type=\"text\/javascript\"> function footnote_expand_reference_container_9429_1() { jQuery('#footnote_references_container_9429_1').show(); jQuery('#footnote_reference_container_collapse_button_9429_1').text('\u2212'); } function footnote_collapse_reference_container_9429_1() { jQuery('#footnote_references_container_9429_1').hide(); jQuery('#footnote_reference_container_collapse_button_9429_1').text('+'); } function footnote_expand_collapse_reference_container_9429_1() { if (jQuery('#footnote_references_container_9429_1').is(':hidden')) { footnote_expand_reference_container_9429_1(); } else { footnote_collapse_reference_container_9429_1(); } } function footnote_moveToReference_9429_1(p_str_TargetID) { footnote_expand_reference_container_9429_1(); var l_obj_Target = jQuery('#' + p_str_TargetID); if (l_obj_Target.length) { jQuery( 'html, body' ).delay( 0 ); jQuery('html, body').animate({ scrollTop: l_obj_Target.offset().top - window.innerHeight * 0.2 }, 380); } } function footnote_moveToAnchor_9429_1(p_str_TargetID) { footnote_expand_reference_container_9429_1(); var l_obj_Target = jQuery('#' + p_str_TargetID); if (l_obj_Target.length) { jQuery( 'html, body' ).delay( 0 ); jQuery('html, body').animate({ scrollTop: l_obj_Target.offset().top - window.innerHeight * 0.2 }, 380); } }<\/script>","protected":false},"excerpt":{"rendered":"<p>Quand un\u00b7e de nos stagiaires est de retour aux Grivauds, comme c&rsquo;est le cas de Micka\u00ebl cette semaine, il y a toujours un moment que j&rsquo;attends avec gourmandise. Celui o\u00f9 le\u00b7la stagiaire va nous raconter ce qu&rsquo;iel a vu dans ses autres stages. L&rsquo;avancement des cultures, l&rsquo;ambiance, ce qu&rsquo;on y fait et ce qu&rsquo;on y &hellip; <\/p>\n<p class=\"link-more\"><a href=\"https:\/\/ecojardindesgrivauds.fr\/?p=9429\" class=\"more-link\">Continuer la lecture<span class=\"screen-reader-text\"> de &laquo;&nbsp;Voyager de jardin en jardin&nbsp;&raquo;<\/span><\/a><\/p>\n","protected":false},"author":1,"featured_media":0,"comment_status":"open","ping_status":"open","sticky":false,"template":"","format":"standard","meta":{"ngg_post_thumbnail":0},"categories":[1],"tags":[],"_links":{"self":[{"href":"https:\/\/ecojardindesgrivauds.fr\/index.php?rest_route=\/wp\/v2\/posts\/9429"}],"collection":[{"href":"https:\/\/ecojardindesgrivauds.fr\/index.php?rest_route=\/wp\/v2\/posts"}],"about":[{"href":"https:\/\/ecojardindesgrivauds.fr\/index.php?rest_route=\/wp\/v2\/types\/post"}],"author":[{"embeddable":true,"href":"https:\/\/ecojardindesgrivauds.fr\/index.php?rest_route=\/wp\/v2\/users\/1"}],"replies":[{"embeddable":true,"href":"https:\/\/ecojardindesgrivauds.fr\/index.php?rest_route=%2Fwp%2Fv2%2Fcomments&post=9429"}],"version-history":[{"count":12,"href":"https:\/\/ecojardindesgrivauds.fr\/index.php?rest_route=\/wp\/v2\/posts\/9429\/revisions"}],"predecessor-version":[{"id":9470,"href":"https:\/\/ecojardindesgrivauds.fr\/index.php?rest_route=\/wp\/v2\/posts\/9429\/revisions\/9470"}],"wp:attachment":[{"href":"https:\/\/ecojardindesgrivauds.fr\/index.php?rest_route=%2Fwp%2Fv2%2Fmedia&parent=9429"}],"wp:term":[{"taxonomy":"category","embeddable":true,"href":"https:\/\/ecojardindesgrivauds.fr\/index.php?rest_route=%2Fwp%2Fv2%2Fcategories&post=9429"},{"taxonomy":"post_tag","embeddable":true,"href":"https:\/\/ecojardindesgrivauds.fr\/index.php?rest_route=%2Fwp%2Fv2%2Ftags&post=9429"}],"curies":[{"name":"wp","href":"https:\/\/api.w.org\/{rel}","templated":true}]}}