{"id":9874,"date":"2022-08-06T20:25:01","date_gmt":"2022-08-06T18:25:01","guid":{"rendered":"http:\/\/ecojardindesgrivauds.fr\/?p=9874"},"modified":"2022-08-06T20:25:01","modified_gmt":"2022-08-06T18:25:01","slug":"de-la-tomate-plein-les-jardins","status":"publish","type":"post","link":"https:\/\/ecojardindesgrivauds.fr\/?p=9874","title":{"rendered":"De la tomate plein les jardins"},"content":{"rendered":"\n<p><em>\u00abJ&rsquo;ai des tomates plein le jardin !\u00bb<\/em> Qu&rsquo;est-ce qu&rsquo;on l&rsquo;entend cette phrase cette ann\u00e9e&#8230; La tomate plant\u00e9e en ext\u00e9rieur, son pire ennemi, c&rsquo;est la pluie. Or, cette ann\u00e9e, il ne pleut pas du tout. \u00c7a oblige les jardinier\u00b7\u00e8res \u00e0 arroser sans cesse, mais \u00e7a permet d&rsquo;\u00e9viter le mildiou. Pour nous aussi, cette ann\u00e9e est une ann\u00e9e \u00ab\u00e0 tomates\u00bb. Il en pleut dans nos serres ! Notre strat\u00e9gie de pieds greff\u00e9s men\u00e9s sur deux t\u00eates semble fonctionner \u00e0 merveille. On a plant\u00e9 deux fois moins de tomates que l&rsquo;ann\u00e9e derni\u00e8re (environ 380 pieds seulement) et \u00e7a donne autant, voire plus ! Et pourtant, c&rsquo;est loin d&rsquo;\u00eatre optimum : il y a plusieurs zones, au fond des serres, qui pr\u00e9sentent de gros probl\u00e8mes de sol (qui a \u00e9t\u00e9 tass\u00e9 par les diff\u00e9rentes inondations des ann\u00e9es pass\u00e9es) et qui peinent \u00e0 maintenir les pieds de tomate en bonne sant\u00e9&#8230;<\/p>\n\n\n\n<figure class=\"wp-block-image size-full is-style-default\"><img decoding=\"async\" loading=\"lazy\" width=\"1024\" height=\"768\" src=\"http:\/\/ecojardindesgrivauds.fr\/wp-content\/uploads\/2022\/08\/2022-07-31_09-00-08.jpg\" alt=\"\" class=\"wp-image-9876\" srcset=\"https:\/\/ecojardindesgrivauds.fr\/wp-content\/uploads\/2022\/08\/2022-07-31_09-00-08.jpg 1024w, https:\/\/ecojardindesgrivauds.fr\/wp-content\/uploads\/2022\/08\/2022-07-31_09-00-08-300x225.jpg 300w, https:\/\/ecojardindesgrivauds.fr\/wp-content\/uploads\/2022\/08\/2022-07-31_09-00-08-768x576.jpg 768w\" sizes=\"(max-width: 767px) 89vw, (max-width: 1000px) 54vw, (max-width: 1071px) 543px, 580px\" \/><figcaption>La gamme des Grivauds, de gauche \u00e0 droite : Previa (classique ronde rouge), Cornue (vari\u00e9t\u00e9 Jersey Devil), Rose de Berne, Orange (vari\u00e9t\u00e9 Earl of Edgecomb), Green Zebra et Saint-Pierre.<\/figcaption><\/figure>\n\n\n\n<p>Comme d&rsquo;habitude, en cours d&rsquo;\u00e9t\u00e9, lorsque les pieds commencent \u00e0 tirer un peu la langue \u00e0 cause de la charge en fruits, on vient apporter une fertilisation suppl\u00e9mentaire. D&rsquo;habitude, on \u00e9pandait du compost en bouchon au sol, autour des pieds. Puis, on arrosait abondamment. Le r\u00e9sultat n&rsquo;\u00e9tait pas tr\u00e8s probant : les bouchons avaient du mal \u00e0 se d\u00e9sagr\u00e9ger et on les retrouvait plus ou moins intacts \u00e0 la fin de la saison. Cette ann\u00e9e, on utilise une astuce donn\u00e9e par Alexandre Barrier-Guillot, l&rsquo;animateur du groupe mara\u00eechage de la FRAB AuRA<span class=\"footnote_referrer\"><a role=\"button\" tabindex=\"0\" onclick=\"footnote_moveToReference_9874_1('footnote_plugin_reference_9874_1_1');\" onkeypress=\"footnote_moveToReference_9874_1('footnote_plugin_reference_9874_1_1');\" ><sup id=\"footnote_plugin_tooltip_9874_1_1\" class=\"footnote_plugin_tooltip_text\">[1]<\/sup><\/a><span id=\"footnote_plugin_tooltip_text_9874_1_1\" class=\"footnote_tooltip\">F\u00e9d\u00e9ration R\u00e9gionale d&rsquo;Agriculture Biologique d&rsquo;Auvergne-Rh\u00f4ne-Alpes<\/span><\/span><script type=\"text\/javascript\"> jQuery('#footnote_plugin_tooltip_9874_1_1').tooltip({ tip: '#footnote_plugin_tooltip_text_9874_1_1', tipClass: 'footnote_tooltip', effect: 'fade', predelay: 0, fadeInSpeed: 200, delay: 400, fadeOutSpeed: 200, position: 'top center', relative: true, offset: [-7, 0], });<\/script> : on d\u00e9pose notre fertilisation dans des arrosoirs plein d&rsquo;eau. On attend que \u00e7a de d\u00e9lite, on remue bien et on arrose nos pieds de tomate\/aubergine\/concombre avec \u00e7a. Et \u00e7a marche vraiment bien ! Bref, on fait tout pour que la saison dure le plus longtemps possible.<\/p>\n\n\n\n<figure class=\"wp-block-image size-full is-style-default\"><img decoding=\"async\" loading=\"lazy\" width=\"1024\" height=\"768\" src=\"http:\/\/ecojardindesgrivauds.fr\/wp-content\/uploads\/2022\/08\/2022-08-06_16-48-54.jpg\" alt=\"\" class=\"wp-image-9878\" srcset=\"https:\/\/ecojardindesgrivauds.fr\/wp-content\/uploads\/2022\/08\/2022-08-06_16-48-54.jpg 1024w, https:\/\/ecojardindesgrivauds.fr\/wp-content\/uploads\/2022\/08\/2022-08-06_16-48-54-300x225.jpg 300w, https:\/\/ecojardindesgrivauds.fr\/wp-content\/uploads\/2022\/08\/2022-08-06_16-48-54-768x576.jpg 768w\" sizes=\"(max-width: 767px) 89vw, (max-width: 1000px) 54vw, (max-width: 1071px) 543px, 580px\" \/><figcaption>Un pied greff\u00e9, quand c&rsquo;est en forme, \u00e7a donne \u00e7a ! Ces Roses de Berne sont d\u00e9j\u00e0 arriv\u00e9es en haut de leur tuteur&#8230; Et on est seulement en ao\u00fbt. Les fruits se forment \u00e0 tous les \u00e9tages.<\/figcaption><\/figure>\n\n\n\n<p>Cette semaine, on a d\u00e9pass\u00e9 les 200 kg de tomates r\u00e9colt\u00e9es&#8230; C&rsquo;est beaucoup ! Et on est dans un contexte o\u00f9 on a plus de mal \u00e0 vendre que d&rsquo;habitude. Alors, on multiplie les initiatives. \u00c9videmment, on en met dans les paniers d&rsquo;Amap. Et on permet \u00e0 nos amapien\u00b7nes de nous passer des commandes \u00e0 prix r\u00e9duits toutes les semaines. On en vend \u00e0 la ferme, \u00e0 nos client\u00b7es r\u00e9gulier\u00b7\u00e8res. On a lanc\u00e9 une annonce sur Facebook, qui nous a ramen\u00e9 deux client\u00b7es. Et encore, dedans, je compte notre voisine Murielle, qui serait peut-\u00eatre venue m\u00eame sans \u00e7a&#8230; Fausse piste. On a d\u00e9march\u00e9 les deux sup\u00e9rettes du village, mais, pour le moment, aucune des deux ne nous prend de l\u00e9gumes cette ann\u00e9es. L\u00e0, on lance un nouveau point de vente le mardi, \u00e0 Diou, sur le parking devant l&rsquo;\u00e9cole primaire, \u00e0 deux pas de la Halte Diouxoise. Un petit stand orient\u00e9 tomates-concombres (et quelques \u00e0-c\u00f4t\u00e9), tenu de 8h30 \u00e0 midi. On vous racontera si \u00e7a marche.<\/p>\n\n\n\n<p>Et pendant que nos tomates m\u00fbrissent, la s\u00e9cheresse continue \u00e0 s\u00e9vir. \u00c7a y est, <a href=\"https:\/\/www.allier.gouv.fr\/arrete-portant-limitation-de-certains-usages-de-l-a3764.html\" data-type=\"URL\" data-id=\"https:\/\/www.allier.gouv.fr\/arrete-portant-limitation-de-certains-usages-de-l-a3764.html\">on vient de franchir un nouveau pallier : on est plac\u00e9s en niveau d&rsquo;Alerte renforc\u00e9e.<\/a> Interdiction d&rsquo;arroser par aspersion entre 10h00 et 18h00. L&rsquo;irrigation par goutte-\u00e0-goutte reste permise \u00e0 toute heure. Situation qui va aller en s&rsquo;aggravant : M\u00e9t\u00e9o France ne nous pr\u00e9voit aucune pluie pour les quinze jours \u00e0 venir. La prochaine \u00e9tape, c&rsquo;est l&rsquo;interdiction pure et simple d&rsquo;arroser. Et \u00e7a pourrait nous tomber dessus d\u00e8s la semaine prochaine.<\/p>\n\n\n\n<p><em>\u00c0 la semaine prochaine !<\/em><\/p>\n\n\n\n<!-- index.php -->\n<div\n\tclass=\"ngg-galleryoverview ngg-ajax-pagination-none\"\n\tid=\"ngg-gallery-b492bc6d78d3e3d8d39c69740c438898-1\">\n\n    \t\t<!-- Thumbnails -->\n\t\t\t\t<div id=\"ngg-image-0\" class=\"ngg-gallery-thumbnail-box\" >\n\t\t\t\t        <div class=\"ngg-gallery-thumbnail\">\n            <a href=\"https:\/\/ecojardindesgrivauds.fr\/wp-content\/gallery\/2022_08_06-tomates-un-bilan\/2022-08-06_16-50-11.jpg\"\n               title=\"Serre 3, \u00e0 droite, on voit bien la zone probl\u00e9matique : les pieds de tomate sont beaucoup plus petits qu&#039;ailleurs et les pieds de poivron sont ridiculement petits (et jaunes). Sans la greffe, les pieds seraient d\u00e9j\u00e0 morts. C&#039;\u00e9tait le cas l&#039;ann\u00e9e derni\u00e8re.\"\n               data-src=\"https:\/\/ecojardindesgrivauds.fr\/wp-content\/gallery\/2022_08_06-tomates-un-bilan\/2022-08-06_16-50-11.jpg\"\n               data-thumbnail=\"https:\/\/ecojardindesgrivauds.fr\/wp-content\/gallery\/2022_08_06-tomates-un-bilan\/thumbs\/thumbs_2022-08-06_16-50-11.jpg\"\n               data-image-id=\"3264\"\n               data-title=\"2022-08-06_16-50-11\"\n               data-description=\"Serre 3, \u00e0 droite, on voit bien la zone probl\u00e9matique : les pieds de tomate sont beaucoup plus petits qu&#039;ailleurs et les pieds de poivron sont ridiculement petits (et jaunes). Sans la greffe, les pieds seraient d\u00e9j\u00e0 morts. C&#039;\u00e9tait le cas l&#039;ann\u00e9e derni\u00e8re.\"\n               data-image-slug=\"2022-08-06_16-50-11\"\n               class=\"ngg-fancybox\" rel=\"b492bc6d78d3e3d8d39c69740c438898\">\n                <img\n                    title=\"2022-08-06_16-50-11\"\n                    alt=\"2022-08-06_16-50-11\"\n                    src=\"https:\/\/ecojardindesgrivauds.fr\/wp-content\/gallery\/2022_08_06-tomates-un-bilan\/thumbs\/thumbs_2022-08-06_16-50-11.jpg\"\n                    width=\"240\"\n                    height=\"160\"\n                    style=\"max-width:100%;\"\n                \/>\n            <\/a>\n        <\/div>\n\t\t\t\t\t\t\t<\/div> \n\t\t\t\n        \n\t\t\t\t<div id=\"ngg-image-1\" class=\"ngg-gallery-thumbnail-box\" >\n\t\t\t\t        <div class=\"ngg-gallery-thumbnail\">\n            <a href=\"https:\/\/ecojardindesgrivauds.fr\/wp-content\/gallery\/2022_08_06-tomates-un-bilan\/2022-08-06_16-56-24.jpg\"\n               title=\"\u00c0 droite, la troisi\u00e8me s\u00e9rie de tomates (plant\u00e9e mi-mai), qui est, comme toujours, la plus en forme !\"\n               data-src=\"https:\/\/ecojardindesgrivauds.fr\/wp-content\/gallery\/2022_08_06-tomates-un-bilan\/2022-08-06_16-56-24.jpg\"\n               data-thumbnail=\"https:\/\/ecojardindesgrivauds.fr\/wp-content\/gallery\/2022_08_06-tomates-un-bilan\/thumbs\/thumbs_2022-08-06_16-56-24.jpg\"\n               data-image-id=\"3265\"\n               data-title=\"2022-08-06_16-56-24\"\n               data-description=\"\u00c0 droite, la troisi\u00e8me s\u00e9rie de tomates (plant\u00e9e mi-mai), qui est, comme toujours, la plus en forme !\"\n               data-image-slug=\"2022-08-06_16-56-24\"\n               class=\"ngg-fancybox\" rel=\"b492bc6d78d3e3d8d39c69740c438898\">\n                <img\n                    title=\"2022-08-06_16-56-24\"\n                    alt=\"2022-08-06_16-56-24\"\n                    src=\"https:\/\/ecojardindesgrivauds.fr\/wp-content\/gallery\/2022_08_06-tomates-un-bilan\/thumbs\/thumbs_2022-08-06_16-56-24.jpg\"\n                    width=\"240\"\n                    height=\"160\"\n                    style=\"max-width:100%;\"\n                \/>\n            <\/a>\n        <\/div>\n\t\t\t\t\t\t\t<\/div> \n\t\t\t\n        \n\t\t\t\t<div id=\"ngg-image-2\" class=\"ngg-gallery-thumbnail-box\" >\n\t\t\t\t        <div class=\"ngg-gallery-thumbnail\">\n            <a href=\"https:\/\/ecojardindesgrivauds.fr\/wp-content\/gallery\/2022_08_06-tomates-un-bilan\/2022-08-06_16-57-15.jpg\"\n               title=\"L\u00e0 aussi, on le voit, les tomates se forment sur toutes les grappes.\"\n               data-src=\"https:\/\/ecojardindesgrivauds.fr\/wp-content\/gallery\/2022_08_06-tomates-un-bilan\/2022-08-06_16-57-15.jpg\"\n               data-thumbnail=\"https:\/\/ecojardindesgrivauds.fr\/wp-content\/gallery\/2022_08_06-tomates-un-bilan\/thumbs\/thumbs_2022-08-06_16-57-15.jpg\"\n               data-image-id=\"3266\"\n               data-title=\"2022-08-06_16-57-15\"\n               data-description=\"L\u00e0 aussi, on le voit, les tomates se forment sur toutes les grappes.\"\n               data-image-slug=\"2022-08-06_16-57-15\"\n               class=\"ngg-fancybox\" rel=\"b492bc6d78d3e3d8d39c69740c438898\">\n                <img\n                    title=\"2022-08-06_16-57-15\"\n                    alt=\"2022-08-06_16-57-15\"\n                    src=\"https:\/\/ecojardindesgrivauds.fr\/wp-content\/gallery\/2022_08_06-tomates-un-bilan\/thumbs\/thumbs_2022-08-06_16-57-15.jpg\"\n                    width=\"240\"\n                    height=\"160\"\n                    style=\"max-width:100%;\"\n                \/>\n            <\/a>\n        <\/div>\n\t\t\t\t\t\t\t<\/div> \n\t\t\t\n        \n\t\t\t\t<div id=\"ngg-image-3\" class=\"ngg-gallery-thumbnail-box\" >\n\t\t\t\t        <div class=\"ngg-gallery-thumbnail\">\n            <a href=\"https:\/\/ecojardindesgrivauds.fr\/wp-content\/gallery\/2022_08_06-tomates-un-bilan\/2022-08-06_17-00-09.jpg\"\n               title=\"Des nouvelles des concombres greff\u00e9s : ils vont tr\u00e8s tr\u00e8s bien ! Et font des fruits magnifiques. Ce sont les seuls pieds \u00e0 ne pr\u00e9senter aucun signe de faiblesse \u00e0 ce stade.\"\n               data-src=\"https:\/\/ecojardindesgrivauds.fr\/wp-content\/gallery\/2022_08_06-tomates-un-bilan\/2022-08-06_17-00-09.jpg\"\n               data-thumbnail=\"https:\/\/ecojardindesgrivauds.fr\/wp-content\/gallery\/2022_08_06-tomates-un-bilan\/thumbs\/thumbs_2022-08-06_17-00-09.jpg\"\n               data-image-id=\"3267\"\n               data-title=\"2022-08-06_17-00-09\"\n               data-description=\"Des nouvelles des concombres greff\u00e9s : ils vont tr\u00e8s tr\u00e8s bien ! Et font des fruits magnifiques. Ce sont les seuls pieds \u00e0 ne pr\u00e9senter aucun signe de faiblesse \u00e0 ce stade.\"\n               data-image-slug=\"2022-08-06_17-00-09\"\n               class=\"ngg-fancybox\" rel=\"b492bc6d78d3e3d8d39c69740c438898\">\n                <img\n                    title=\"2022-08-06_17-00-09\"\n                    alt=\"2022-08-06_17-00-09\"\n                    src=\"https:\/\/ecojardindesgrivauds.fr\/wp-content\/gallery\/2022_08_06-tomates-un-bilan\/thumbs\/thumbs_2022-08-06_17-00-09.jpg\"\n                    width=\"240\"\n                    height=\"160\"\n                    style=\"max-width:100%;\"\n                \/>\n            <\/a>\n        <\/div>\n\t\t\t\t\t\t\t<\/div> \n\t\t\t\n        \n\t\t\t\t<div id=\"ngg-image-4\" class=\"ngg-gallery-thumbnail-box\" >\n\t\t\t\t        <div class=\"ngg-gallery-thumbnail\">\n            <a href=\"https:\/\/ecojardindesgrivauds.fr\/wp-content\/gallery\/2022_08_06-tomates-un-bilan\/2022-08-06_17-18-55.jpg\"\n               title=\"Le dispositif de fertilisation : des arrosoirs et du compost... L\u00e0, on re-fertilise les concombres de la serre 7.\"\n               data-src=\"https:\/\/ecojardindesgrivauds.fr\/wp-content\/gallery\/2022_08_06-tomates-un-bilan\/2022-08-06_17-18-55.jpg\"\n               data-thumbnail=\"https:\/\/ecojardindesgrivauds.fr\/wp-content\/gallery\/2022_08_06-tomates-un-bilan\/thumbs\/thumbs_2022-08-06_17-18-55.jpg\"\n               data-image-id=\"3268\"\n               data-title=\"2022-08-06_17-18-55\"\n               data-description=\"Le dispositif de fertilisation : des arrosoirs et du compost... L\u00e0, on re-fertilise les concombres de la serre 7.\"\n               data-image-slug=\"2022-08-06_17-18-55\"\n               class=\"ngg-fancybox\" rel=\"b492bc6d78d3e3d8d39c69740c438898\">\n                <img\n                    title=\"2022-08-06_17-18-55\"\n                    alt=\"2022-08-06_17-18-55\"\n                    src=\"https:\/\/ecojardindesgrivauds.fr\/wp-content\/gallery\/2022_08_06-tomates-un-bilan\/thumbs\/thumbs_2022-08-06_17-18-55.jpg\"\n                    width=\"240\"\n                    height=\"160\"\n                    style=\"max-width:100%;\"\n                \/>\n            <\/a>\n        <\/div>\n\t\t\t\t\t\t\t<\/div> \n\t\t\t\n        \n\t\t\t\t<div id=\"ngg-image-5\" class=\"ngg-gallery-thumbnail-box\" >\n\t\t\t\t        <div class=\"ngg-gallery-thumbnail\">\n            <a href=\"https:\/\/ecojardindesgrivauds.fr\/wp-content\/gallery\/2022_08_06-tomates-un-bilan\/2022-08-06_17-33-15.jpg\"\n               title=\"On le voit, on a d\u00e9j\u00e0 r\u00e9colt\u00e9 plus de 540kg de tomates ! Avec seulement 380 pieds... Merci la greffe !\"\n               data-src=\"https:\/\/ecojardindesgrivauds.fr\/wp-content\/gallery\/2022_08_06-tomates-un-bilan\/2022-08-06_17-33-15.jpg\"\n               data-thumbnail=\"https:\/\/ecojardindesgrivauds.fr\/wp-content\/gallery\/2022_08_06-tomates-un-bilan\/thumbs\/thumbs_2022-08-06_17-33-15.jpg\"\n               data-image-id=\"3269\"\n               data-title=\"2022-08-06_17-33-15\"\n               data-description=\"On le voit, on a d\u00e9j\u00e0 r\u00e9colt\u00e9 plus de 540kg de tomates ! Avec seulement 380 pieds... Merci la greffe !\"\n               data-image-slug=\"2022-08-06_17-33-15\"\n               class=\"ngg-fancybox\" rel=\"b492bc6d78d3e3d8d39c69740c438898\">\n                <img\n                    title=\"2022-08-06_17-33-15\"\n                    alt=\"2022-08-06_17-33-15\"\n                    src=\"https:\/\/ecojardindesgrivauds.fr\/wp-content\/gallery\/2022_08_06-tomates-un-bilan\/thumbs\/thumbs_2022-08-06_17-33-15.jpg\"\n                    width=\"240\"\n                    height=\"160\"\n                    style=\"max-width:100%;\"\n                \/>\n            <\/a>\n        <\/div>\n\t\t\t\t\t\t\t<\/div> \n\t\t\t\n        \n\t\t\t\t<div id=\"ngg-image-6\" class=\"ngg-gallery-thumbnail-box\" >\n\t\t\t\t        <div class=\"ngg-gallery-thumbnail\">\n            <a href=\"https:\/\/ecojardindesgrivauds.fr\/wp-content\/gallery\/2022_08_06-tomates-un-bilan\/2022-08-06_16-48-37.jpg\"\n               title=\"Faucheuse sur aubergine\"\n               data-src=\"https:\/\/ecojardindesgrivauds.fr\/wp-content\/gallery\/2022_08_06-tomates-un-bilan\/2022-08-06_16-48-37.jpg\"\n               data-thumbnail=\"https:\/\/ecojardindesgrivauds.fr\/wp-content\/gallery\/2022_08_06-tomates-un-bilan\/thumbs\/thumbs_2022-08-06_16-48-37.jpg\"\n               data-image-id=\"3263\"\n               data-title=\"2022-08-06_16-48-37\"\n               data-description=\"Faucheuse sur aubergine\"\n               data-image-slug=\"2022-08-06_16-48-37\"\n               class=\"ngg-fancybox\" rel=\"b492bc6d78d3e3d8d39c69740c438898\">\n                <img\n                    title=\"2022-08-06_16-48-37\"\n                    alt=\"2022-08-06_16-48-37\"\n                    src=\"https:\/\/ecojardindesgrivauds.fr\/wp-content\/gallery\/2022_08_06-tomates-un-bilan\/thumbs\/thumbs_2022-08-06_16-48-37.jpg\"\n                    width=\"240\"\n                    height=\"160\"\n                    style=\"max-width:100%;\"\n                \/>\n            <\/a>\n        <\/div>\n\t\t\t\t\t\t\t<\/div> \n\t\t\t\n        \n\t\t\n\t\t<!-- Pagination -->\n\t<div class='ngg-clear'><\/div>\t<\/div>\n\n<div class=\"speaker-mute footnotes_reference_container\"> <div class=\"footnote_container_prepare\"><p><span role=\"button\" tabindex=\"0\" class=\"footnote_reference_container_label pointer\" onclick=\"footnote_expand_collapse_reference_container_9874_1();\">References<\/span><span role=\"button\" tabindex=\"0\" class=\"footnote_reference_container_collapse_button\" style=\"display: none;\" onclick=\"footnote_expand_collapse_reference_container_9874_1();\">[<a id=\"footnote_reference_container_collapse_button_9874_1\">+<\/a>]<\/span><\/p><\/div> <div id=\"footnote_references_container_9874_1\" style=\"\"><table class=\"footnotes_table footnote-reference-container\"><caption class=\"accessibility\">References<\/caption> <tbody> \r\n\r\n<tr class=\"footnotes_plugin_reference_row\"> <th scope=\"row\" class=\"footnote_plugin_index_combi pointer\"  onclick=\"footnote_moveToAnchor_9874_1('footnote_plugin_tooltip_9874_1_1');\"><a id=\"footnote_plugin_reference_9874_1_1\" class=\"footnote_backlink\"><span class=\"footnote_index_arrow\">&#8593;<\/span>1<\/a><\/th> <td class=\"footnote_plugin_text\">F\u00e9d\u00e9ration R\u00e9gionale d&rsquo;Agriculture Biologique d&rsquo;Auvergne-Rh\u00f4ne-Alpes<\/td><\/tr>\r\n\r\n <\/tbody> <\/table> <\/div><\/div><script type=\"text\/javascript\"> function footnote_expand_reference_container_9874_1() { jQuery('#footnote_references_container_9874_1').show(); jQuery('#footnote_reference_container_collapse_button_9874_1').text('\u2212'); } function footnote_collapse_reference_container_9874_1() { jQuery('#footnote_references_container_9874_1').hide(); jQuery('#footnote_reference_container_collapse_button_9874_1').text('+'); } function footnote_expand_collapse_reference_container_9874_1() { if (jQuery('#footnote_references_container_9874_1').is(':hidden')) { footnote_expand_reference_container_9874_1(); } else { footnote_collapse_reference_container_9874_1(); } } function footnote_moveToReference_9874_1(p_str_TargetID) { footnote_expand_reference_container_9874_1(); var l_obj_Target = jQuery('#' + p_str_TargetID); if (l_obj_Target.length) { jQuery( 'html, body' ).delay( 0 ); jQuery('html, body').animate({ scrollTop: l_obj_Target.offset().top - window.innerHeight * 0.2 }, 380); } } function footnote_moveToAnchor_9874_1(p_str_TargetID) { footnote_expand_reference_container_9874_1(); var l_obj_Target = jQuery('#' + p_str_TargetID); if (l_obj_Target.length) { jQuery( 'html, body' ).delay( 0 ); jQuery('html, body').animate({ scrollTop: l_obj_Target.offset().top - window.innerHeight * 0.2 }, 380); } }<\/script>","protected":false},"excerpt":{"rendered":"<p>\u00abJ&rsquo;ai des tomates plein le jardin !\u00bb Qu&rsquo;est-ce qu&rsquo;on l&rsquo;entend cette phrase cette ann\u00e9e&#8230; La tomate plant\u00e9e en ext\u00e9rieur, son pire ennemi, c&rsquo;est la pluie. Or, cette ann\u00e9e, il ne pleut pas du tout. \u00c7a oblige les jardinier\u00b7\u00e8res \u00e0 arroser sans cesse, mais \u00e7a permet d&rsquo;\u00e9viter le mildiou. Pour nous aussi, cette ann\u00e9e est une &hellip; <\/p>\n<p class=\"link-more\"><a href=\"https:\/\/ecojardindesgrivauds.fr\/?p=9874\" class=\"more-link\">Continuer la lecture<span class=\"screen-reader-text\"> de &laquo;&nbsp;De la tomate plein les jardins&nbsp;&raquo;<\/span><\/a><\/p>\n","protected":false},"author":1,"featured_media":0,"comment_status":"open","ping_status":"open","sticky":false,"template":"","format":"standard","meta":{"ngg_post_thumbnail":0},"categories":[1],"tags":[],"_links":{"self":[{"href":"https:\/\/ecojardindesgrivauds.fr\/index.php?rest_route=\/wp\/v2\/posts\/9874"}],"collection":[{"href":"https:\/\/ecojardindesgrivauds.fr\/index.php?rest_route=\/wp\/v2\/posts"}],"about":[{"href":"https:\/\/ecojardindesgrivauds.fr\/index.php?rest_route=\/wp\/v2\/types\/post"}],"author":[{"embeddable":true,"href":"https:\/\/ecojardindesgrivauds.fr\/index.php?rest_route=\/wp\/v2\/users\/1"}],"replies":[{"embeddable":true,"href":"https:\/\/ecojardindesgrivauds.fr\/index.php?rest_route=%2Fwp%2Fv2%2Fcomments&post=9874"}],"version-history":[{"count":4,"href":"https:\/\/ecojardindesgrivauds.fr\/index.php?rest_route=\/wp\/v2\/posts\/9874\/revisions"}],"predecessor-version":[{"id":9895,"href":"https:\/\/ecojardindesgrivauds.fr\/index.php?rest_route=\/wp\/v2\/posts\/9874\/revisions\/9895"}],"wp:attachment":[{"href":"https:\/\/ecojardindesgrivauds.fr\/index.php?rest_route=%2Fwp%2Fv2%2Fmedia&parent=9874"}],"wp:term":[{"taxonomy":"category","embeddable":true,"href":"https:\/\/ecojardindesgrivauds.fr\/index.php?rest_route=%2Fwp%2Fv2%2Fcategories&post=9874"},{"taxonomy":"post_tag","embeddable":true,"href":"https:\/\/ecojardindesgrivauds.fr\/index.php?rest_route=%2Fwp%2Fv2%2Ftags&post=9874"}],"curies":[{"name":"wp","href":"https:\/\/api.w.org\/{rel}","templated":true}]}}