{"id":9897,"date":"2022-08-20T21:19:08","date_gmt":"2022-08-20T19:19:08","guid":{"rendered":"http:\/\/ecojardindesgrivauds.fr\/?p=9897"},"modified":"2022-08-20T21:19:08","modified_gmt":"2022-08-20T19:19:08","slug":"quand-revient-la-pluie","status":"publish","type":"post","link":"https:\/\/ecojardindesgrivauds.fr\/?p=9897","title":{"rendered":"Quand revient la pluie"},"content":{"rendered":"\n<p>Quand revient la pluie<span class=\"footnote_referrer\"><a role=\"button\" tabindex=\"0\" onclick=\"footnote_moveToReference_9897_1('footnote_plugin_reference_9897_1_1');\" onkeypress=\"footnote_moveToReference_9897_1('footnote_plugin_reference_9897_1_1');\" ><sup id=\"footnote_plugin_tooltip_9897_1_1\" class=\"footnote_plugin_tooltip_text\">[1]<\/sup><\/a><span id=\"footnote_plugin_tooltip_text_9897_1_1\" class=\"footnote_tooltip\">Environ 40mm cette semaine tout de m\u00eame !<\/span><\/span><script type=\"text\/javascript\"> jQuery('#footnote_plugin_tooltip_9897_1_1').tooltip({ tip: '#footnote_plugin_tooltip_text_9897_1_1', tipClass: 'footnote_tooltip', effect: 'fade', predelay: 0, fadeInSpeed: 200, delay: 400, fadeOutSpeed: 200, position: 'top center', relative: true, offset: [-7, 0], });<\/script>, tout le jardin se met \u00e0 luire, \u00e0 briller, comme si on avait install\u00e9 des lampions pour quelque f\u00eate pa\u00efenne. Tout le monde en profite : les choux, les salades, les poireaux&#8230; Tout d\u00e9colle brutalement et s&rsquo;envole dans les derniers souffles chauds de l&rsquo;\u00e9t\u00e9. On a envie d&rsquo;y croire : que les c\u00e9leris vont grossir, que les choux vont pommer, que les betteraves vont betteraver. On aimerait prendre le temps de s&rsquo;arr\u00eater et de contempler cette folle croissance. Mais d\u00e9j\u00e0 nos routines nous rattrapent : il y a tellement de l\u00e9gumes \u00e0 r\u00e9colter ! Les courgettes, les concombres, les haricots, les aubergines, les tomates&#8230; Ah, tiens, \u00e7a fait longtemps qu&rsquo;on n&rsquo;avait pas parl\u00e9 de tomates&#8230; Finalement, avons-nous r\u00e9ussi \u00e0 vendre l&rsquo;int\u00e9gralit\u00e9 de notre production d\u00e9brid\u00e9e ? Eh bien &#8230; non !\u00a0Mais, rassurez-vous, on n&rsquo;est pas rest\u00e9s les deux pieds dans le m\u00eame sabot.<\/p>\n\n\n<div class=\"wp-block-image is-style-default\">\n<figure class=\"alignright size-medium\"><a href=\"http:\/\/ecojardindesgrivauds.fr\/wp-content\/uploads\/2022\/08\/2022-08-18_12-08-47.jpg\"><img decoding=\"async\" loading=\"lazy\" width=\"300\" height=\"225\" src=\"http:\/\/ecojardindesgrivauds.fr\/wp-content\/uploads\/2022\/08\/2022-08-18_12-08-47-300x225.jpg\" alt=\"\" class=\"wp-image-9910\" srcset=\"https:\/\/ecojardindesgrivauds.fr\/wp-content\/uploads\/2022\/08\/2022-08-18_12-08-47-300x225.jpg 300w, https:\/\/ecojardindesgrivauds.fr\/wp-content\/uploads\/2022\/08\/2022-08-18_12-08-47-1024x768.jpg 1024w, https:\/\/ecojardindesgrivauds.fr\/wp-content\/uploads\/2022\/08\/2022-08-18_12-08-47-768x576.jpg 768w, https:\/\/ecojardindesgrivauds.fr\/wp-content\/uploads\/2022\/08\/2022-08-18_12-08-47.jpg 1280w\" sizes=\"(max-width: 300px) 100vw, 300px\" \/><\/a><figcaption>On a tellement de tomates cette ann\u00e9e ! Heureusement, il y a Podarno !<\/figcaption><\/figure><\/div>\n\n\n<p>Mercredi, Fabrice a fait un aller-retour \u00e0 Cusset (pr\u00e8s de Vichy), avec, dans le camion, toutes nos vieilles tomates, quelques carottes, quelques oignons et du basilic. Parce que, \u00e0 Cusset, il y a une conserverie appel\u00e9e <a href=\"http:\/\/podarno.com\/\" data-type=\"URL\" data-id=\"http:\/\/podarno.com\/\">Podarno<\/a>, o\u00f9 un certain Arnaud prend le temps de faire de la transformation \u00e0 partir de l\u00e9gumes fournis par les mara\u00eecher\u00b7es. L&rsquo;id\u00e9e est la suivante : on fournit la mati\u00e8re premi\u00e8re et Arnaud fait de la sauce qu&rsquo;il met en pot. Ensuite, il nous vend ses pots et, nous, on les revend. C&rsquo;est vraiment providentiel un tel syst\u00e8me en p\u00e9riode de surplus ! D&rsquo;autres coll\u00e8gues (dont nos amis de Layat) l&rsquo;ont sollicit\u00e9 pour leurs exc\u00e9dents de courgettes. On pourrait s&rsquo;amuser \u00e0 tout transformer nous-m\u00eames \u00e0 la ferme, certes. Mais, on n&rsquo;est pas tellement \u00e9quip\u00e9s pour g\u00e9rer une telle quantit\u00e9 de l\u00e9gume. Et puis, on est d\u00e9bord\u00e9s : il faut planter les navets, pr\u00e9parer les serres pour l&rsquo;automne, r\u00e9colter les oignons, d\u00e9sherber les poireaux, etc. Et le dimanche, on a juste envie de &#8230; ne rien faire et de se reposer. Donc, voil\u00e0, Podarno, c&rsquo;est une excellente solution pour nous ! Merci Arnaud !<\/p>\n\n\n<div class=\"wp-block-image is-style-default\">\n<figure class=\"alignleft size-medium\"><a href=\"http:\/\/ecojardindesgrivauds.fr\/wp-content\/uploads\/2022\/08\/2022-08-16_17-11-19.jpg\"><img decoding=\"async\" loading=\"lazy\" width=\"300\" height=\"225\" src=\"http:\/\/ecojardindesgrivauds.fr\/wp-content\/uploads\/2022\/08\/2022-08-16_17-11-19-300x225.jpg\" alt=\"\" class=\"wp-image-9915\" srcset=\"https:\/\/ecojardindesgrivauds.fr\/wp-content\/uploads\/2022\/08\/2022-08-16_17-11-19-300x225.jpg 300w, https:\/\/ecojardindesgrivauds.fr\/wp-content\/uploads\/2022\/08\/2022-08-16_17-11-19-768x576.jpg 768w, https:\/\/ecojardindesgrivauds.fr\/wp-content\/uploads\/2022\/08\/2022-08-16_17-11-19.jpg 1024w\" sizes=\"(max-width: 300px) 100vw, 300px\" \/><\/a><figcaption>De gauche \u00e0 droite : M\u00e9lodie, Charly et Micka\u00ebl (ainsi que quelques plants de navets)<\/figcaption><\/figure><\/div>\n\n\n<p>L&rsquo;ambiance est toujours aussi folle \u00e0 la ferme. La semaine derni\u00e8re, on accueillait Antoine et Pauline, deux wwoofeurs sur-motiv\u00e9s, en d\u00e9marche d&rsquo;installation. On a parl\u00e9 technique, mod\u00e8le agricole et l\u00e9gumineuses (et pourquoi pas ?). Cette semaine, c&rsquo;est le retour de Micka\u00ebl, l&rsquo;un de nos stagiaires de l&rsquo;ann\u00e9e. Souriant et motiv\u00e9, il nous raconte ses derniers stages. Cette fois-ci, il est accompagn\u00e9 de M\u00e9lodie, son amie violoniste, qui nous file elle-aussi un joli coup de main aux r\u00e9coltes. L&rsquo;autre gros \u00e9v\u00e8nement, c&rsquo;est le retour de Charly, qui avait \u00e9t\u00e9 stagiaire chez nous de fin 2020 \u00e0 mi-2021. Entre temps, il a voyag\u00e9 en Colombie et a fini par atterrir en Savoie o\u00f9 il fait de la charpente. Un parcours en zig-zag mais toujours tenu par une ind\u00e9fectible joie de vivre ! Et puis, comme une cerise sur un g\u00e2teau (aux pommes), il y a Nel qui revient faire de petits sauts au jardin et au march\u00e9 de Vichy. Comme toujours, on appr\u00e9cie ses prises d&rsquo;initiative, comme celle qui consiste \u00e0 faire rentrer en urgence les oignons avant qu&rsquo;ils ne prennent trop la pluie. Tout ce petit monde travaille main dans la main et fait avancer nos chantiers de plantation\/semis de navets.<\/p>\n\n\n\n<p>Fabrice arrive encore \u00e0 gazouiller joyeusement dans le jardin, mais, moi, je vous l&rsquo;avoue, je pique du nez. J&rsquo;ai des envies de vacances&#8230; Il faut tenir, parce que le travail reste intense au moins jusqu&rsquo;au changement d&rsquo;heure (fin octobre). Alors, il faut vous y attendre, je m&rsquo;autoriserai de temps \u00e0 autre d&rsquo;aller me coucher t\u00f4t le samedi soir, sans avoir r\u00e9dig\u00e9 l&rsquo;article (sacril\u00e8ge !). Et, ce lundi, je m&rsquo;offre un jour de cong\u00e9s, pendant lequel vous risquez de m&rsquo;entendre ronflouiller gentiment&#8230;<\/p>\n\n\n\n<p>Allez, je me d\u00e9p\u00eache de trier les photos et je me colle au lit !<\/p>\n\n\n\n<p><em>\u00c0 la semaine prochaine (peut-\u00eatre) !<\/em><\/p>\n\n\n\n<p>Denis<\/p>\n\n\n\n<!-- index.php -->\n<div\n\tclass=\"ngg-galleryoverview ngg-ajax-pagination-none\"\n\tid=\"ngg-gallery-a8de56f63c5a697b125a8561e31dbda3-1\">\n\n    \t\t<!-- Thumbnails -->\n\t\t\t\t<div id=\"ngg-image-0\" class=\"ngg-gallery-thumbnail-box\" >\n\t\t\t\t        <div class=\"ngg-gallery-thumbnail\">\n            <a href=\"https:\/\/ecojardindesgrivauds.fr\/wp-content\/gallery\/2022_08_20-fatigue\/2022-08-09_07-56-05.jpg\"\n               title=\"Pauline et Antoine \u00e0 la r\u00e9colte des concombres\"\n               data-src=\"https:\/\/ecojardindesgrivauds.fr\/wp-content\/gallery\/2022_08_20-fatigue\/2022-08-09_07-56-05.jpg\"\n               data-thumbnail=\"https:\/\/ecojardindesgrivauds.fr\/wp-content\/gallery\/2022_08_20-fatigue\/thumbs\/thumbs_2022-08-09_07-56-05.jpg\"\n               data-image-id=\"3270\"\n               data-title=\"2022-08-09_07-56-05\"\n               data-description=\"Pauline et Antoine \u00e0 la r\u00e9colte des concombres\"\n               data-image-slug=\"2022-08-09_07-56-05\"\n               class=\"ngg-fancybox\" rel=\"a8de56f63c5a697b125a8561e31dbda3\">\n                <img\n                    title=\"2022-08-09_07-56-05\"\n                    alt=\"2022-08-09_07-56-05\"\n                    src=\"https:\/\/ecojardindesgrivauds.fr\/wp-content\/gallery\/2022_08_20-fatigue\/thumbs\/thumbs_2022-08-09_07-56-05.jpg\"\n                    width=\"240\"\n                    height=\"160\"\n                    style=\"max-width:100%;\"\n                \/>\n            <\/a>\n        <\/div>\n\t\t\t\t\t\t\t<\/div> \n\t\t\t\n        \n\t\t\t\t<div id=\"ngg-image-1\" class=\"ngg-gallery-thumbnail-box\" >\n\t\t\t\t        <div class=\"ngg-gallery-thumbnail\">\n            <a href=\"https:\/\/ecojardindesgrivauds.fr\/wp-content\/gallery\/2022_08_20-fatigue\/2022-08-09_11-10-21.jpg\"\n               title=\"Oui, c&#039;est \u00e7a aussi faire du wwoofing : d\u00e9tricoter les pelotes de n\u0153uds...\"\n               data-src=\"https:\/\/ecojardindesgrivauds.fr\/wp-content\/gallery\/2022_08_20-fatigue\/2022-08-09_11-10-21.jpg\"\n               data-thumbnail=\"https:\/\/ecojardindesgrivauds.fr\/wp-content\/gallery\/2022_08_20-fatigue\/thumbs\/thumbs_2022-08-09_11-10-21.jpg\"\n               data-image-id=\"3271\"\n               data-title=\"2022-08-09_11-10-21\"\n               data-description=\"Oui, c&#039;est \u00e7a aussi faire du wwoofing : d\u00e9tricoter les pelotes de n\u0153uds...\"\n               data-image-slug=\"2022-08-09_11-10-21\"\n               class=\"ngg-fancybox\" rel=\"a8de56f63c5a697b125a8561e31dbda3\">\n                <img\n                    title=\"2022-08-09_11-10-21\"\n                    alt=\"2022-08-09_11-10-21\"\n                    src=\"https:\/\/ecojardindesgrivauds.fr\/wp-content\/gallery\/2022_08_20-fatigue\/thumbs\/thumbs_2022-08-09_11-10-21.jpg\"\n                    width=\"240\"\n                    height=\"160\"\n                    style=\"max-width:100%;\"\n                \/>\n            <\/a>\n        <\/div>\n\t\t\t\t\t\t\t<\/div> \n\t\t\t\n        \n\t\t\t\t<div id=\"ngg-image-2\" class=\"ngg-gallery-thumbnail-box\" >\n\t\t\t\t        <div class=\"ngg-gallery-thumbnail\">\n            <a href=\"https:\/\/ecojardindesgrivauds.fr\/wp-content\/gallery\/2022_08_20-fatigue\/2022-08-10_12-51-06.jpg\"\n               title=\"Antoine, Pauline et Nel terminent un chantier de plantation de radis d&#039;hiver...\"\n               data-src=\"https:\/\/ecojardindesgrivauds.fr\/wp-content\/gallery\/2022_08_20-fatigue\/2022-08-10_12-51-06.jpg\"\n               data-thumbnail=\"https:\/\/ecojardindesgrivauds.fr\/wp-content\/gallery\/2022_08_20-fatigue\/thumbs\/thumbs_2022-08-10_12-51-06.jpg\"\n               data-image-id=\"3273\"\n               data-title=\"2022-08-10_12-51-06\"\n               data-description=\"Antoine, Pauline et Nel terminent un chantier de plantation de radis d&#039;hiver...\"\n               data-image-slug=\"2022-08-10_12-51-06\"\n               class=\"ngg-fancybox\" rel=\"a8de56f63c5a697b125a8561e31dbda3\">\n                <img\n                    title=\"2022-08-10_12-51-06\"\n                    alt=\"2022-08-10_12-51-06\"\n                    src=\"https:\/\/ecojardindesgrivauds.fr\/wp-content\/gallery\/2022_08_20-fatigue\/thumbs\/thumbs_2022-08-10_12-51-06.jpg\"\n                    width=\"240\"\n                    height=\"160\"\n                    style=\"max-width:100%;\"\n                \/>\n            <\/a>\n        <\/div>\n\t\t\t\t\t\t\t<\/div> \n\t\t\t\n        \n\t\t\t\t<div id=\"ngg-image-3\" class=\"ngg-gallery-thumbnail-box\" >\n\t\t\t\t        <div class=\"ngg-gallery-thumbnail\">\n            <a href=\"https:\/\/ecojardindesgrivauds.fr\/wp-content\/gallery\/2022_08_20-fatigue\/2022-08-15_17-24-51.jpg\"\n               title=\"M\u00e9lodie et Micka\u00ebl, concentr\u00e9s sur leurs plants de navets\"\n               data-src=\"https:\/\/ecojardindesgrivauds.fr\/wp-content\/gallery\/2022_08_20-fatigue\/2022-08-15_17-24-51.jpg\"\n               data-thumbnail=\"https:\/\/ecojardindesgrivauds.fr\/wp-content\/gallery\/2022_08_20-fatigue\/thumbs\/thumbs_2022-08-15_17-24-51.jpg\"\n               data-image-id=\"3275\"\n               data-title=\"2022-08-15_17-24-51\"\n               data-description=\"M\u00e9lodie et Micka\u00ebl, concentr\u00e9s sur leurs plants de navets\"\n               data-image-slug=\"2022-08-15_17-24-51\"\n               class=\"ngg-fancybox\" rel=\"a8de56f63c5a697b125a8561e31dbda3\">\n                <img\n                    title=\"2022-08-15_17-24-51\"\n                    alt=\"2022-08-15_17-24-51\"\n                    src=\"https:\/\/ecojardindesgrivauds.fr\/wp-content\/gallery\/2022_08_20-fatigue\/thumbs\/thumbs_2022-08-15_17-24-51.jpg\"\n                    width=\"240\"\n                    height=\"160\"\n                    style=\"max-width:100%;\"\n                \/>\n            <\/a>\n        <\/div>\n\t\t\t\t\t\t\t<\/div> \n\t\t\t\n        \n\t\t\t\t<div id=\"ngg-image-4\" class=\"ngg-gallery-thumbnail-box\" >\n\t\t\t\t        <div class=\"ngg-gallery-thumbnail\">\n            <a href=\"https:\/\/ecojardindesgrivauds.fr\/wp-content\/gallery\/2022_08_20-fatigue\/2022-08-17_17-23-41.jpg\"\n               title=\"Le retour du SDPP (Semis direct en poquets paill\u00e9s) : un trou tous les 15cm, 3 graines de navet et un peu de compost.\"\n               data-src=\"https:\/\/ecojardindesgrivauds.fr\/wp-content\/gallery\/2022_08_20-fatigue\/2022-08-17_17-23-41.jpg\"\n               data-thumbnail=\"https:\/\/ecojardindesgrivauds.fr\/wp-content\/gallery\/2022_08_20-fatigue\/thumbs\/thumbs_2022-08-17_17-23-41.jpg\"\n               data-image-id=\"3276\"\n               data-title=\"2022-08-17_17-23-41\"\n               data-description=\"Le retour du SDPP (Semis direct en poquets paill\u00e9s) : un trou tous les 15cm, 3 graines de navet et un peu de compost.\"\n               data-image-slug=\"2022-08-17_17-23-41\"\n               class=\"ngg-fancybox\" rel=\"a8de56f63c5a697b125a8561e31dbda3\">\n                <img\n                    title=\"2022-08-17_17-23-41\"\n                    alt=\"2022-08-17_17-23-41\"\n                    src=\"https:\/\/ecojardindesgrivauds.fr\/wp-content\/gallery\/2022_08_20-fatigue\/thumbs\/thumbs_2022-08-17_17-23-41.jpg\"\n                    width=\"240\"\n                    height=\"160\"\n                    style=\"max-width:100%;\"\n                \/>\n            <\/a>\n        <\/div>\n\t\t\t\t\t\t\t<\/div> \n\t\t\t\n        \n\t\t\t\t<div id=\"ngg-image-5\" class=\"ngg-gallery-thumbnail-box\" >\n\t\t\t\t        <div class=\"ngg-gallery-thumbnail\">\n            <a href=\"https:\/\/ecojardindesgrivauds.fr\/wp-content\/gallery\/2022_08_20-fatigue\/2022-08-17_17-23-54.jpg\"\n               title=\"SDPP de navet\"\n               data-src=\"https:\/\/ecojardindesgrivauds.fr\/wp-content\/gallery\/2022_08_20-fatigue\/2022-08-17_17-23-54.jpg\"\n               data-thumbnail=\"https:\/\/ecojardindesgrivauds.fr\/wp-content\/gallery\/2022_08_20-fatigue\/thumbs\/thumbs_2022-08-17_17-23-54.jpg\"\n               data-image-id=\"3277\"\n               data-title=\"2022-08-17_17-23-54\"\n               data-description=\"SDPP de navet\"\n               data-image-slug=\"2022-08-17_17-23-54\"\n               class=\"ngg-fancybox\" rel=\"a8de56f63c5a697b125a8561e31dbda3\">\n                <img\n                    title=\"2022-08-17_17-23-54\"\n                    alt=\"2022-08-17_17-23-54\"\n                    src=\"https:\/\/ecojardindesgrivauds.fr\/wp-content\/gallery\/2022_08_20-fatigue\/thumbs\/thumbs_2022-08-17_17-23-54.jpg\"\n                    width=\"240\"\n                    height=\"160\"\n                    style=\"max-width:100%;\"\n                \/>\n            <\/a>\n        <\/div>\n\t\t\t\t\t\t\t<\/div> \n\t\t\t\n        \n\t\t\t\t<div id=\"ngg-image-6\" class=\"ngg-gallery-thumbnail-box\" >\n\t\t\t\t        <div class=\"ngg-gallery-thumbnail\">\n            <a href=\"https:\/\/ecojardindesgrivauds.fr\/wp-content\/gallery\/2022_08_20-fatigue\/2022-08-18_10-24-33.jpg\"\n               title=\"Oui, un gros projet de pesto : Charly voit les choses en grand !\"\n               data-src=\"https:\/\/ecojardindesgrivauds.fr\/wp-content\/gallery\/2022_08_20-fatigue\/2022-08-18_10-24-33.jpg\"\n               data-thumbnail=\"https:\/\/ecojardindesgrivauds.fr\/wp-content\/gallery\/2022_08_20-fatigue\/thumbs\/thumbs_2022-08-18_10-24-33.jpg\"\n               data-image-id=\"3279\"\n               data-title=\"2022-08-18_10-24-33\"\n               data-description=\"Oui, un gros projet de pesto : Charly voit les choses en grand !\"\n               data-image-slug=\"2022-08-18_10-24-33\"\n               class=\"ngg-fancybox\" rel=\"a8de56f63c5a697b125a8561e31dbda3\">\n                <img\n                    title=\"2022-08-18_10-24-33\"\n                    alt=\"2022-08-18_10-24-33\"\n                    src=\"https:\/\/ecojardindesgrivauds.fr\/wp-content\/gallery\/2022_08_20-fatigue\/thumbs\/thumbs_2022-08-18_10-24-33.jpg\"\n                    width=\"240\"\n                    height=\"160\"\n                    style=\"max-width:100%;\"\n                \/>\n            <\/a>\n        <\/div>\n\t\t\t\t\t\t\t<\/div> \n\t\t\t\n        \n\t\t\t\t<div id=\"ngg-image-7\" class=\"ngg-gallery-thumbnail-box\" >\n\t\t\t\t        <div class=\"ngg-gallery-thumbnail\">\n            <a href=\"https:\/\/ecojardindesgrivauds.fr\/wp-content\/gallery\/2022_08_20-fatigue\/2022-08-19_09-26-23.jpg\"\n               title=\"La saison est pr\u00e9coce : on a d\u00e9j\u00e0 plein de choux blancs !\"\n               data-src=\"https:\/\/ecojardindesgrivauds.fr\/wp-content\/gallery\/2022_08_20-fatigue\/2022-08-19_09-26-23.jpg\"\n               data-thumbnail=\"https:\/\/ecojardindesgrivauds.fr\/wp-content\/gallery\/2022_08_20-fatigue\/thumbs\/thumbs_2022-08-19_09-26-23.jpg\"\n               data-image-id=\"3281\"\n               data-title=\"2022-08-19_09-26-23\"\n               data-description=\"La saison est pr\u00e9coce : on a d\u00e9j\u00e0 plein de choux blancs !\"\n               data-image-slug=\"2022-08-19_09-26-23\"\n               class=\"ngg-fancybox\" rel=\"a8de56f63c5a697b125a8561e31dbda3\">\n                <img\n                    title=\"2022-08-19_09-26-23\"\n                    alt=\"2022-08-19_09-26-23\"\n                    src=\"https:\/\/ecojardindesgrivauds.fr\/wp-content\/gallery\/2022_08_20-fatigue\/thumbs\/thumbs_2022-08-19_09-26-23.jpg\"\n                    width=\"240\"\n                    height=\"160\"\n                    style=\"max-width:100%;\"\n                \/>\n            <\/a>\n        <\/div>\n\t\t\t\t\t\t\t<\/div> \n\t\t\t\n        \n\t\t\t\t<div id=\"ngg-image-8\" class=\"ngg-gallery-thumbnail-box\" >\n\t\t\t\t        <div class=\"ngg-gallery-thumbnail\">\n            <a href=\"https:\/\/ecojardindesgrivauds.fr\/wp-content\/gallery\/2022_08_20-fatigue\/2022-08-18_08-51-06.jpg\"\n               title=\"Une thomise ?\"\n               data-src=\"https:\/\/ecojardindesgrivauds.fr\/wp-content\/gallery\/2022_08_20-fatigue\/2022-08-18_08-51-06.jpg\"\n               data-thumbnail=\"https:\/\/ecojardindesgrivauds.fr\/wp-content\/gallery\/2022_08_20-fatigue\/thumbs\/thumbs_2022-08-18_08-51-06.jpg\"\n               data-image-id=\"3278\"\n               data-title=\"2022-08-18_08-51-06\"\n               data-description=\"Une thomise ?\"\n               data-image-slug=\"2022-08-18_08-51-06\"\n               class=\"ngg-fancybox\" rel=\"a8de56f63c5a697b125a8561e31dbda3\">\n                <img\n                    title=\"2022-08-18_08-51-06\"\n                    alt=\"2022-08-18_08-51-06\"\n                    src=\"https:\/\/ecojardindesgrivauds.fr\/wp-content\/gallery\/2022_08_20-fatigue\/thumbs\/thumbs_2022-08-18_08-51-06.jpg\"\n                    width=\"240\"\n                    height=\"160\"\n                    style=\"max-width:100%;\"\n                \/>\n            <\/a>\n        <\/div>\n\t\t\t\t\t\t\t<\/div> \n\t\t\t\n        \n\t\t\t\t<div id=\"ngg-image-9\" class=\"ngg-gallery-thumbnail-box\" >\n\t\t\t\t        <div class=\"ngg-gallery-thumbnail\">\n            <a href=\"https:\/\/ecojardindesgrivauds.fr\/wp-content\/gallery\/2022_08_20-fatigue\/2022-08-19_15-31-55.jpg\"\n               title=\"Mante religieuse (Claire, elle est pour toi !)\"\n               data-src=\"https:\/\/ecojardindesgrivauds.fr\/wp-content\/gallery\/2022_08_20-fatigue\/2022-08-19_15-31-55.jpg\"\n               data-thumbnail=\"https:\/\/ecojardindesgrivauds.fr\/wp-content\/gallery\/2022_08_20-fatigue\/thumbs\/thumbs_2022-08-19_15-31-55.jpg\"\n               data-image-id=\"3283\"\n               data-title=\"2022-08-19_15-31-55\"\n               data-description=\"Mante religieuse (Claire, elle est pour toi !)\"\n               data-image-slug=\"2022-08-19_15-31-55\"\n               class=\"ngg-fancybox\" rel=\"a8de56f63c5a697b125a8561e31dbda3\">\n                <img\n                    title=\"2022-08-19_15-31-55\"\n                    alt=\"2022-08-19_15-31-55\"\n                    src=\"https:\/\/ecojardindesgrivauds.fr\/wp-content\/gallery\/2022_08_20-fatigue\/thumbs\/thumbs_2022-08-19_15-31-55.jpg\"\n                    width=\"240\"\n                    height=\"160\"\n                    style=\"max-width:100%;\"\n                \/>\n            <\/a>\n        <\/div>\n\t\t\t\t\t\t\t<\/div> \n\t\t\t\n        \n\t\t\t\t<div id=\"ngg-image-10\" class=\"ngg-gallery-thumbnail-box\" >\n\t\t\t\t        <div class=\"ngg-gallery-thumbnail\">\n            <a href=\"https:\/\/ecojardindesgrivauds.fr\/wp-content\/gallery\/2022_08_20-fatigue\/2022-08-15_09-12-06.jpg\"\n               title=\"Coccinelle asiatique en train de pondre\"\n               data-src=\"https:\/\/ecojardindesgrivauds.fr\/wp-content\/gallery\/2022_08_20-fatigue\/2022-08-15_09-12-06.jpg\"\n               data-thumbnail=\"https:\/\/ecojardindesgrivauds.fr\/wp-content\/gallery\/2022_08_20-fatigue\/thumbs\/thumbs_2022-08-15_09-12-06.jpg\"\n               data-image-id=\"3274\"\n               data-title=\"2022-08-15_09-12-06\"\n               data-description=\"Coccinelle asiatique en train de pondre\"\n               data-image-slug=\"2022-08-15_09-12-06\"\n               class=\"ngg-fancybox\" rel=\"a8de56f63c5a697b125a8561e31dbda3\">\n                <img\n                    title=\"2022-08-15_09-12-06\"\n                    alt=\"2022-08-15_09-12-06\"\n                    src=\"https:\/\/ecojardindesgrivauds.fr\/wp-content\/gallery\/2022_08_20-fatigue\/thumbs\/thumbs_2022-08-15_09-12-06.jpg\"\n                    width=\"240\"\n                    height=\"160\"\n                    style=\"max-width:100%;\"\n                \/>\n            <\/a>\n        <\/div>\n\t\t\t\t\t\t\t<\/div> \n\t\t\t\n        \n\t\t\t\t<div id=\"ngg-image-11\" class=\"ngg-gallery-thumbnail-box\" >\n\t\t\t\t        <div class=\"ngg-gallery-thumbnail\">\n            <a href=\"https:\/\/ecojardindesgrivauds.fr\/wp-content\/gallery\/2022_08_20-fatigue\/2022-08-10_07-54-02.jpg\"\n               title=\"Grenouille agile\"\n               data-src=\"https:\/\/ecojardindesgrivauds.fr\/wp-content\/gallery\/2022_08_20-fatigue\/2022-08-10_07-54-02.jpg\"\n               data-thumbnail=\"https:\/\/ecojardindesgrivauds.fr\/wp-content\/gallery\/2022_08_20-fatigue\/thumbs\/thumbs_2022-08-10_07-54-02.jpg\"\n               data-image-id=\"3272\"\n               data-title=\"2022-08-10_07-54-02\"\n               data-description=\"Grenouille agile\"\n               data-image-slug=\"2022-08-10_07-54-02\"\n               class=\"ngg-fancybox\" rel=\"a8de56f63c5a697b125a8561e31dbda3\">\n                <img\n                    title=\"2022-08-10_07-54-02\"\n                    alt=\"2022-08-10_07-54-02\"\n                    src=\"https:\/\/ecojardindesgrivauds.fr\/wp-content\/gallery\/2022_08_20-fatigue\/thumbs\/thumbs_2022-08-10_07-54-02.jpg\"\n                    width=\"240\"\n                    height=\"160\"\n                    style=\"max-width:100%;\"\n                \/>\n            <\/a>\n        <\/div>\n\t\t\t\t\t\t\t<\/div> \n\t\t\t\n        \n\t\t\t\t<div id=\"ngg-image-12\" class=\"ngg-gallery-thumbnail-box\" >\n\t\t\t\t        <div class=\"ngg-gallery-thumbnail\">\n            <a href=\"https:\/\/ecojardindesgrivauds.fr\/wp-content\/gallery\/2022_08_20-fatigue\/2022-08-19_14-42-08.jpg\"\n               title=\"Parfois, j&#039;aimerais bien faire comme Kissa : m&#039;allonger sur la paille et dormir au milieu des poivrons... \u00c7a a l&#039;air tellement intense ce qu&#039;elle vit !\"\n               data-src=\"https:\/\/ecojardindesgrivauds.fr\/wp-content\/gallery\/2022_08_20-fatigue\/2022-08-19_14-42-08.jpg\"\n               data-thumbnail=\"https:\/\/ecojardindesgrivauds.fr\/wp-content\/gallery\/2022_08_20-fatigue\/thumbs\/thumbs_2022-08-19_14-42-08.jpg\"\n               data-image-id=\"3282\"\n               data-title=\"2022-08-19_14-42-08\"\n               data-description=\"Parfois, j&#039;aimerais bien faire comme Kissa : m&#039;allonger sur la paille et dormir au milieu des poivrons... \u00c7a a l&#039;air tellement intense ce qu&#039;elle vit !\"\n               data-image-slug=\"2022-08-19_14-42-08\"\n               class=\"ngg-fancybox\" rel=\"a8de56f63c5a697b125a8561e31dbda3\">\n                <img\n                    title=\"2022-08-19_14-42-08\"\n                    alt=\"2022-08-19_14-42-08\"\n                    src=\"https:\/\/ecojardindesgrivauds.fr\/wp-content\/gallery\/2022_08_20-fatigue\/thumbs\/thumbs_2022-08-19_14-42-08.jpg\"\n                    width=\"240\"\n                    height=\"160\"\n                    style=\"max-width:100%;\"\n                \/>\n            <\/a>\n        <\/div>\n\t\t\t\t\t\t\t<\/div> \n\t\t\t\n        \n\t\t\n\t\t<!-- Pagination -->\n\t<div class='ngg-clear'><\/div>\t<\/div>\n\n<div class=\"speaker-mute footnotes_reference_container\"> <div class=\"footnote_container_prepare\"><p><span role=\"button\" tabindex=\"0\" class=\"footnote_reference_container_label pointer\" onclick=\"footnote_expand_collapse_reference_container_9897_1();\">References<\/span><span role=\"button\" tabindex=\"0\" class=\"footnote_reference_container_collapse_button\" style=\"display: none;\" onclick=\"footnote_expand_collapse_reference_container_9897_1();\">[<a id=\"footnote_reference_container_collapse_button_9897_1\">+<\/a>]<\/span><\/p><\/div> <div id=\"footnote_references_container_9897_1\" style=\"\"><table class=\"footnotes_table footnote-reference-container\"><caption class=\"accessibility\">References<\/caption> <tbody> \r\n\r\n<tr class=\"footnotes_plugin_reference_row\"> <th scope=\"row\" class=\"footnote_plugin_index_combi pointer\"  onclick=\"footnote_moveToAnchor_9897_1('footnote_plugin_tooltip_9897_1_1');\"><a id=\"footnote_plugin_reference_9897_1_1\" class=\"footnote_backlink\"><span class=\"footnote_index_arrow\">&#8593;<\/span>1<\/a><\/th> <td class=\"footnote_plugin_text\">Environ 40mm cette semaine tout de m\u00eame !<\/td><\/tr>\r\n\r\n <\/tbody> <\/table> <\/div><\/div><script type=\"text\/javascript\"> function footnote_expand_reference_container_9897_1() { jQuery('#footnote_references_container_9897_1').show(); jQuery('#footnote_reference_container_collapse_button_9897_1').text('\u2212'); } function footnote_collapse_reference_container_9897_1() { jQuery('#footnote_references_container_9897_1').hide(); jQuery('#footnote_reference_container_collapse_button_9897_1').text('+'); } function footnote_expand_collapse_reference_container_9897_1() { if (jQuery('#footnote_references_container_9897_1').is(':hidden')) { footnote_expand_reference_container_9897_1(); } else { footnote_collapse_reference_container_9897_1(); } } function footnote_moveToReference_9897_1(p_str_TargetID) { footnote_expand_reference_container_9897_1(); var l_obj_Target = jQuery('#' + p_str_TargetID); if (l_obj_Target.length) { jQuery( 'html, body' ).delay( 0 ); jQuery('html, body').animate({ scrollTop: l_obj_Target.offset().top - window.innerHeight * 0.2 }, 380); } } function footnote_moveToAnchor_9897_1(p_str_TargetID) { footnote_expand_reference_container_9897_1(); var l_obj_Target = jQuery('#' + p_str_TargetID); if (l_obj_Target.length) { jQuery( 'html, body' ).delay( 0 ); jQuery('html, body').animate({ scrollTop: l_obj_Target.offset().top - window.innerHeight * 0.2 }, 380); } }<\/script>","protected":false},"excerpt":{"rendered":"<p>Quand revient la pluie[1]Environ 40mm cette semaine tout de m\u00eame !, tout le jardin se met \u00e0 luire, \u00e0 briller, comme si on avait install\u00e9 des lampions pour quelque f\u00eate pa\u00efenne. Tout le monde en profite : les choux, les salades, les poireaux&#8230; Tout d\u00e9colle brutalement et s&rsquo;envole dans les derniers souffles chauds de l&rsquo;\u00e9t\u00e9. &hellip; <\/p>\n<p class=\"link-more\"><a href=\"https:\/\/ecojardindesgrivauds.fr\/?p=9897\" class=\"more-link\">Continuer la lecture<span class=\"screen-reader-text\"> de &laquo;&nbsp;Quand revient la pluie&nbsp;&raquo;<\/span><\/a><\/p>\n","protected":false},"author":1,"featured_media":0,"comment_status":"open","ping_status":"open","sticky":false,"template":"","format":"standard","meta":{"ngg_post_thumbnail":0},"categories":[1],"tags":[],"_links":{"self":[{"href":"https:\/\/ecojardindesgrivauds.fr\/index.php?rest_route=\/wp\/v2\/posts\/9897"}],"collection":[{"href":"https:\/\/ecojardindesgrivauds.fr\/index.php?rest_route=\/wp\/v2\/posts"}],"about":[{"href":"https:\/\/ecojardindesgrivauds.fr\/index.php?rest_route=\/wp\/v2\/types\/post"}],"author":[{"embeddable":true,"href":"https:\/\/ecojardindesgrivauds.fr\/index.php?rest_route=\/wp\/v2\/users\/1"}],"replies":[{"embeddable":true,"href":"https:\/\/ecojardindesgrivauds.fr\/index.php?rest_route=%2Fwp%2Fv2%2Fcomments&post=9897"}],"version-history":[{"count":2,"href":"https:\/\/ecojardindesgrivauds.fr\/index.php?rest_route=\/wp\/v2\/posts\/9897\/revisions"}],"predecessor-version":[{"id":9931,"href":"https:\/\/ecojardindesgrivauds.fr\/index.php?rest_route=\/wp\/v2\/posts\/9897\/revisions\/9931"}],"wp:attachment":[{"href":"https:\/\/ecojardindesgrivauds.fr\/index.php?rest_route=%2Fwp%2Fv2%2Fmedia&parent=9897"}],"wp:term":[{"taxonomy":"category","embeddable":true,"href":"https:\/\/ecojardindesgrivauds.fr\/index.php?rest_route=%2Fwp%2Fv2%2Fcategories&post=9897"},{"taxonomy":"post_tag","embeddable":true,"href":"https:\/\/ecojardindesgrivauds.fr\/index.php?rest_route=%2Fwp%2Fv2%2Ftags&post=9897"}],"curies":[{"name":"wp","href":"https:\/\/api.w.org\/{rel}","templated":true}]}}