{"id":9933,"date":"2022-09-03T19:23:37","date_gmt":"2022-09-03T17:23:37","guid":{"rendered":"http:\/\/ecojardindesgrivauds.fr\/?p=9933"},"modified":"2022-09-03T22:52:43","modified_gmt":"2022-09-03T20:52:43","slug":"voir-les-grivauds-en-vrai-cest-possible","status":"publish","type":"post","link":"https:\/\/ecojardindesgrivauds.fr\/?p=9933","title":{"rendered":"Voir les Grivauds en vrai : c&rsquo;est possible !"},"content":{"rendered":"\n<figure class=\"wp-block-image size-full is-style-default\"><a href=\"http:\/\/ecojardindesgrivauds.fr\/wp-content\/uploads\/2022\/09\/2022-08-29_12-12-46.jpg\"><img decoding=\"async\" loading=\"lazy\" width=\"1024\" height=\"767\" src=\"http:\/\/ecojardindesgrivauds.fr\/wp-content\/uploads\/2022\/09\/2022-08-29_12-12-46.jpg\" alt=\"\" class=\"wp-image-9942\" srcset=\"https:\/\/ecojardindesgrivauds.fr\/wp-content\/uploads\/2022\/09\/2022-08-29_12-12-46.jpg 1024w, https:\/\/ecojardindesgrivauds.fr\/wp-content\/uploads\/2022\/09\/2022-08-29_12-12-46-300x225.jpg 300w, https:\/\/ecojardindesgrivauds.fr\/wp-content\/uploads\/2022\/09\/2022-08-29_12-12-46-768x575.jpg 768w\" sizes=\"(max-width: 767px) 89vw, (max-width: 1000px) 54vw, (max-width: 1071px) 543px, 580px\" \/><\/a><figcaption>Les Grivauds, \u00e7a n&rsquo;est pas seulement de beaux l\u00e9gumes ! C&rsquo;est aussi une philosophie, un certain rapport \u00e0 la biodiversit\u00e9 et une technique (le MSV) en phase avec les enjeux climatiques.<\/figcaption><\/figure>\n\n\n\n<p>\u00c7a faisait longtemps qu&rsquo;on en avait envie : vous inviter tous\u00b7tes au jardin, pour une grande visite collective ! Fin septembre, il y a la semaine \u00abBio et local, c&rsquo;est l&rsquo;id\u00e9al\u00bb, organis\u00e9e par la Frab AuRA<span class=\"footnote_referrer\"><a role=\"button\" tabindex=\"0\" onclick=\"footnote_moveToReference_9933_1('footnote_plugin_reference_9933_1_1');\" onkeypress=\"footnote_moveToReference_9933_1('footnote_plugin_reference_9933_1_1');\" ><sup id=\"footnote_plugin_tooltip_9933_1_1\" class=\"footnote_plugin_tooltip_text\">[1]<\/sup><\/a><span id=\"footnote_plugin_tooltip_text_9933_1_1\" class=\"footnote_tooltip\">F\u00e9d\u00e9ration R\u00e9gionale de l&rsquo;Agriculture Biologique d&rsquo;Auvergne-Rhone-Alpes<\/span><\/span><script type=\"text\/javascript\"> jQuery('#footnote_plugin_tooltip_9933_1_1').tooltip({ tip: '#footnote_plugin_tooltip_text_9933_1_1', tipClass: 'footnote_tooltip', effect: 'fade', predelay: 0, fadeInSpeed: 200, delay: 400, fadeOutSpeed: 200, position: 'top center', relative: true, offset: [-7, 0], });<\/script>. L&rsquo;id\u00e9e est de faire la promotion de la Bio, \u00e0 travers des visites de fermes. Alors, on s&rsquo;est dit, \u00abet pourquoi pas nous ?\u00bb Apr\u00e8s tout, on fait plut\u00f4t une belle ann\u00e9e et on aurait pas mal d&rsquo;histoires \u00e0 raconter autour de nos l\u00e9gumes. Parce que, tout de m\u00eame, \u00e7a fait 11 ans que les Grivauds existent et qu&rsquo;on ne trouve pas souvent le temps d&rsquo;y faire entrer du monde. Alors, on va tout vous montrer (<s>m\u00eame l\u00e0 o\u00f9 on planque le glypho<\/s>), on va vous faire go\u00fbter \u00e0 nos derni\u00e8res tomates cerises, vous donner nos petits secrets jardiniers&#8230; Vous pourrez nous bombarder de questions. \u00c0 condition d&rsquo;\u00eatre gentil\u00b7les avec nous et d&rsquo;\u00e9viter les sarcasmes, comme \u00abest-ce que vous comptez faire du pain avec tout ce bl\u00e9 qui pousse au milieu de vos navets ?\u00bb.<\/p>\n\n\n\n<p>Venir visiter les Grivauds, c&rsquo;est aussi l&rsquo;occasion de se frotter \u00e0 un \u00e9cosyst\u00e8me d&rsquo;une extraordinaire richesse. Ici, comme vous le savez, la biodiversit\u00e9 contribue autant \u00e0 la bonne sant\u00e9 des cultures que celles des mara\u00eechers (et de leurs petites mains). C&rsquo;est aussi repartir avec des astuces de jardinage ou avec des id\u00e9es de recette.<\/p>\n\n\n\n<figure class=\"wp-block-image size-large is-style-default\"><a href=\"http:\/\/ecojardindesgrivauds.fr\/wp-content\/uploads\/2022\/09\/2022-09-02_11-45-01.jpg\"><img decoding=\"async\" loading=\"lazy\" width=\"1024\" height=\"767\" src=\"http:\/\/ecojardindesgrivauds.fr\/wp-content\/uploads\/2022\/09\/2022-09-02_11-45-01-1024x767.jpg\" alt=\"\" class=\"wp-image-9952\" srcset=\"https:\/\/ecojardindesgrivauds.fr\/wp-content\/uploads\/2022\/09\/2022-09-02_11-45-01-1024x767.jpg 1024w, https:\/\/ecojardindesgrivauds.fr\/wp-content\/uploads\/2022\/09\/2022-09-02_11-45-01-300x225.jpg 300w, https:\/\/ecojardindesgrivauds.fr\/wp-content\/uploads\/2022\/09\/2022-09-02_11-45-01-768x575.jpg 768w, https:\/\/ecojardindesgrivauds.fr\/wp-content\/uploads\/2022\/09\/2022-09-02_11-45-01.jpg 1280w\" sizes=\"(max-width: 767px) 89vw, (max-width: 1000px) 54vw, (max-width: 1071px) 543px, 580px\" \/><\/a><figcaption>Oui, aux Grivauds, on peut aussi croiser ce genre de monstre !&nbsp;(Triton cr\u00eat\u00e9)<\/figcaption><\/figure>\n\n\n\n<p>En pratique, les visites auront lieu le <strong>dimanche 25 septembre<\/strong>. Deux cr\u00e9neaux possibles : 10h00 ou 14h00. Les Amapien\u00b7nes ont pr\u00e9vu de venir le matin, mais rien ne vous emp\u00eache de vous greffer \u00e0 leur groupe. Pas de r\u00e9servation n\u00e9cessaire. Emmenez vos voisin\u00b7es bio-sceptiques, c&rsquo;est le moment de les faire changer d&rsquo;avis&#8230;<\/p>\n\n\n\n<p>On vient de terminer deux semaines d&rsquo;une incroyable densit\u00e9 en termes de r\u00e9coltes :\u00a0les haricots donnent \u00e0 plein, ce qui vient s&rsquo;ajouter \u00e0 un flux impressionnant de tomates. Les courges appelaient \u00e0 l&rsquo;aide et on est venu\u00b7es les sortir du champ avec une dizaine de jours d&rsquo;avance. Des aubergines, des concombres et des courgettes toujours \u00e0 perte de vue. Sans parler des premiers brocolis et des premi\u00e8res scaroles&#8230; Le march\u00e9 de Vichy nous demande quasiment deux jours pleins pour faire toutes les r\u00e9coltes. On a du mal \u00e0 trouver le temps de planter nos m\u00e2ches et notre mesclun&#8230; Pourtant les petites mains ne d\u00e9m\u00e9ritent pas ! Vous ferez leur connaissance dans la galerie ci-dessous.<\/p>\n\n\n\n<p><em>\u00c0 dans deux semaines !<\/em><span class=\"footnote_referrer\"><a role=\"button\" tabindex=\"0\" onclick=\"footnote_moveToReference_9933_1('footnote_plugin_reference_9933_1_2');\" onkeypress=\"footnote_moveToReference_9933_1('footnote_plugin_reference_9933_1_2');\" ><sup id=\"footnote_plugin_tooltip_9933_1_2\" class=\"footnote_plugin_tooltip_text\">[2]<\/sup><\/a><span id=\"footnote_plugin_tooltip_text_9933_1_2\" class=\"footnote_tooltip\">Oui, j&rsquo;ai chang\u00e9 mon rythme de publication. Mais, \u00e7a pourra redevenir hebdomadaire apr\u00e8s le changement d&rsquo;heure, si vous \u00eates sages&#8230;<\/span><\/span><script type=\"text\/javascript\"> jQuery('#footnote_plugin_tooltip_9933_1_2').tooltip({ tip: '#footnote_plugin_tooltip_text_9933_1_2', tipClass: 'footnote_tooltip', effect: 'fade', predelay: 0, fadeInSpeed: 200, delay: 400, fadeOutSpeed: 200, position: 'top center', relative: true, offset: [-7, 0], });<\/script><\/p>\n\n\n\n<!-- index.php -->\n<div\n\tclass=\"ngg-galleryoverview ngg-ajax-pagination-none\"\n\tid=\"ngg-gallery-2269a4854b5324903a62c1e08ab1262e-1\">\n\n    \t\t<!-- Thumbnails -->\n\t\t\t\t<div id=\"ngg-image-0\" class=\"ngg-gallery-thumbnail-box\" >\n\t\t\t\t        <div class=\"ngg-gallery-thumbnail\">\n            <a href=\"https:\/\/ecojardindesgrivauds.fr\/wp-content\/gallery\/2022_09_03-triton\/2022-08-23_08-15-13.jpg\"\n               title=\"Lucie, fi\u00e8re d&#039;avoir trouv\u00e9 la plus grosse aubergine des Grivauds\"\n               data-src=\"https:\/\/ecojardindesgrivauds.fr\/wp-content\/gallery\/2022_09_03-triton\/2022-08-23_08-15-13.jpg\"\n               data-thumbnail=\"https:\/\/ecojardindesgrivauds.fr\/wp-content\/gallery\/2022_09_03-triton\/thumbs\/thumbs_2022-08-23_08-15-13.jpg\"\n               data-image-id=\"3284\"\n               data-title=\"2022-08-23_08-15-13\"\n               data-description=\"Lucie, fi\u00e8re d&#039;avoir trouv\u00e9 la plus grosse aubergine des Grivauds\"\n               data-image-slug=\"2022-08-23_08-15-13\"\n               class=\"ngg-fancybox\" rel=\"2269a4854b5324903a62c1e08ab1262e\">\n                <img\n                    title=\"2022-08-23_08-15-13\"\n                    alt=\"2022-08-23_08-15-13\"\n                    src=\"https:\/\/ecojardindesgrivauds.fr\/wp-content\/gallery\/2022_09_03-triton\/thumbs\/thumbs_2022-08-23_08-15-13.jpg\"\n                    width=\"240\"\n                    height=\"160\"\n                    style=\"max-width:100%;\"\n                \/>\n            <\/a>\n        <\/div>\n\t\t\t\t\t\t\t<\/div> \n\t\t\t\n        \n\t\t\t\t<div id=\"ngg-image-1\" class=\"ngg-gallery-thumbnail-box\" >\n\t\t\t\t        <div class=\"ngg-gallery-thumbnail\">\n            <a href=\"https:\/\/ecojardindesgrivauds.fr\/wp-content\/gallery\/2022_09_03-triton\/2022-08-24_08-44-43.jpg\"\n               title=\"Les r\u00e9coltes des courgettes sont toujours aussi imposantes.\"\n               data-src=\"https:\/\/ecojardindesgrivauds.fr\/wp-content\/gallery\/2022_09_03-triton\/2022-08-24_08-44-43.jpg\"\n               data-thumbnail=\"https:\/\/ecojardindesgrivauds.fr\/wp-content\/gallery\/2022_09_03-triton\/thumbs\/thumbs_2022-08-24_08-44-43.jpg\"\n               data-image-id=\"3285\"\n               data-title=\"2022-08-24_08-44-43\"\n               data-description=\"Les r\u00e9coltes des courgettes sont toujours aussi imposantes.\"\n               data-image-slug=\"2022-08-24_08-44-43\"\n               class=\"ngg-fancybox\" rel=\"2269a4854b5324903a62c1e08ab1262e\">\n                <img\n                    title=\"2022-08-24_08-44-43\"\n                    alt=\"2022-08-24_08-44-43\"\n                    src=\"https:\/\/ecojardindesgrivauds.fr\/wp-content\/gallery\/2022_09_03-triton\/thumbs\/thumbs_2022-08-24_08-44-43.jpg\"\n                    width=\"240\"\n                    height=\"160\"\n                    style=\"max-width:100%;\"\n                \/>\n            <\/a>\n        <\/div>\n\t\t\t\t\t\t\t<\/div> \n\t\t\t\n        \n\t\t\t\t<div id=\"ngg-image-2\" class=\"ngg-gallery-thumbnail-box\" >\n\t\t\t\t        <div class=\"ngg-gallery-thumbnail\">\n            <a href=\"https:\/\/ecojardindesgrivauds.fr\/wp-content\/gallery\/2022_09_03-triton\/2022-08-26_12-20-47.jpg\"\n               title=\"Des choux et des courges. C&#039;est l&#039;automne avant l&#039;heure !\"\n               data-src=\"https:\/\/ecojardindesgrivauds.fr\/wp-content\/gallery\/2022_09_03-triton\/2022-08-26_12-20-47.jpg\"\n               data-thumbnail=\"https:\/\/ecojardindesgrivauds.fr\/wp-content\/gallery\/2022_09_03-triton\/thumbs\/thumbs_2022-08-26_12-20-47.jpg\"\n               data-image-id=\"3289\"\n               data-title=\"2022-08-26_12-20-47\"\n               data-description=\"Des choux et des courges. C&#039;est l&#039;automne avant l&#039;heure !\"\n               data-image-slug=\"2022-08-26_12-20-47\"\n               class=\"ngg-fancybox\" rel=\"2269a4854b5324903a62c1e08ab1262e\">\n                <img\n                    title=\"2022-08-26_12-20-47\"\n                    alt=\"2022-08-26_12-20-47\"\n                    src=\"https:\/\/ecojardindesgrivauds.fr\/wp-content\/gallery\/2022_09_03-triton\/thumbs\/thumbs_2022-08-26_12-20-47.jpg\"\n                    width=\"240\"\n                    height=\"160\"\n                    style=\"max-width:100%;\"\n                \/>\n            <\/a>\n        <\/div>\n\t\t\t\t\t\t\t<\/div> \n\t\t\t\n        \n\t\t\t\t<div id=\"ngg-image-3\" class=\"ngg-gallery-thumbnail-box\" >\n\t\t\t\t        <div class=\"ngg-gallery-thumbnail\">\n            <a href=\"https:\/\/ecojardindesgrivauds.fr\/wp-content\/gallery\/2022_09_03-triton\/2022-08-29_11-25-52.jpg\"\n               title=\"Chlo\u00e9 et Annick \u00e0 la r\u00e9colte des courges.\"\n               data-src=\"https:\/\/ecojardindesgrivauds.fr\/wp-content\/gallery\/2022_09_03-triton\/2022-08-29_11-25-52.jpg\"\n               data-thumbnail=\"https:\/\/ecojardindesgrivauds.fr\/wp-content\/gallery\/2022_09_03-triton\/thumbs\/thumbs_2022-08-29_11-25-52.jpg\"\n               data-image-id=\"3290\"\n               data-title=\"2022-08-29_11-25-52\"\n               data-description=\"Chlo\u00e9 et Annick \u00e0 la r\u00e9colte des courges.\"\n               data-image-slug=\"2022-08-29_11-25-52\"\n               class=\"ngg-fancybox\" rel=\"2269a4854b5324903a62c1e08ab1262e\">\n                <img\n                    title=\"2022-08-29_11-25-52\"\n                    alt=\"2022-08-29_11-25-52\"\n                    src=\"https:\/\/ecojardindesgrivauds.fr\/wp-content\/gallery\/2022_09_03-triton\/thumbs\/thumbs_2022-08-29_11-25-52.jpg\"\n                    width=\"240\"\n                    height=\"160\"\n                    style=\"max-width:100%;\"\n                \/>\n            <\/a>\n        <\/div>\n\t\t\t\t\t\t\t<\/div> \n\t\t\t\n        \n\t\t\t\t<div id=\"ngg-image-4\" class=\"ngg-gallery-thumbnail-box\" >\n\t\t\t\t        <div class=\"ngg-gallery-thumbnail\">\n            <a href=\"https:\/\/ecojardindesgrivauds.fr\/wp-content\/gallery\/2022_09_03-triton\/2022-08-29_17-18-39.jpg\"\n               title=\"Annick et Nel aux haricots\"\n               data-src=\"https:\/\/ecojardindesgrivauds.fr\/wp-content\/gallery\/2022_09_03-triton\/2022-08-29_17-18-39.jpg\"\n               data-thumbnail=\"https:\/\/ecojardindesgrivauds.fr\/wp-content\/gallery\/2022_09_03-triton\/thumbs\/thumbs_2022-08-29_17-18-39.jpg\"\n               data-image-id=\"3291\"\n               data-title=\"2022-08-29_17-18-39\"\n               data-description=\"Annick et Nel aux haricots\"\n               data-image-slug=\"2022-08-29_17-18-39\"\n               class=\"ngg-fancybox\" rel=\"2269a4854b5324903a62c1e08ab1262e\">\n                <img\n                    title=\"2022-08-29_17-18-39\"\n                    alt=\"2022-08-29_17-18-39\"\n                    src=\"https:\/\/ecojardindesgrivauds.fr\/wp-content\/gallery\/2022_09_03-triton\/thumbs\/thumbs_2022-08-29_17-18-39.jpg\"\n                    width=\"240\"\n                    height=\"160\"\n                    style=\"max-width:100%;\"\n                \/>\n            <\/a>\n        <\/div>\n\t\t\t\t\t\t\t<\/div> \n\t\t\t\n        \n\t\t\t\t<div id=\"ngg-image-5\" class=\"ngg-gallery-thumbnail-box\" >\n\t\t\t\t        <div class=\"ngg-gallery-thumbnail\">\n            <a href=\"https:\/\/ecojardindesgrivauds.fr\/wp-content\/gallery\/2022_09_03-triton\/2022-08-26_09-09-15.jpg\"\n               title=\"Mais qu&#039;est-ce que vous leur donnez \u00e0 vos salades ? Hein ?\"\n               data-src=\"https:\/\/ecojardindesgrivauds.fr\/wp-content\/gallery\/2022_09_03-triton\/2022-08-26_09-09-15.jpg\"\n               data-thumbnail=\"https:\/\/ecojardindesgrivauds.fr\/wp-content\/gallery\/2022_09_03-triton\/thumbs\/thumbs_2022-08-26_09-09-15.jpg\"\n               data-image-id=\"3287\"\n               data-title=\"2022-08-26_09-09-15\"\n               data-description=\"Mais qu&#039;est-ce que vous leur donnez \u00e0 vos salades ? Hein ?\"\n               data-image-slug=\"2022-08-26_09-09-15\"\n               class=\"ngg-fancybox\" rel=\"2269a4854b5324903a62c1e08ab1262e\">\n                <img\n                    title=\"2022-08-26_09-09-15\"\n                    alt=\"2022-08-26_09-09-15\"\n                    src=\"https:\/\/ecojardindesgrivauds.fr\/wp-content\/gallery\/2022_09_03-triton\/thumbs\/thumbs_2022-08-26_09-09-15.jpg\"\n                    width=\"240\"\n                    height=\"160\"\n                    style=\"max-width:100%;\"\n                \/>\n            <\/a>\n        <\/div>\n\t\t\t\t\t\t\t<\/div> \n\t\t\t\n        \n\t\t\t\t<div id=\"ngg-image-6\" class=\"ngg-gallery-thumbnail-box\" >\n\t\t\t\t        <div class=\"ngg-gallery-thumbnail\">\n            <a href=\"https:\/\/ecojardindesgrivauds.fr\/wp-content\/gallery\/2022_09_03-triton\/2022-09-01_11-46-25.jpg\"\n               title=\"Gabi a trouv\u00e9 une pomme de terre-lapin\"\n               data-src=\"https:\/\/ecojardindesgrivauds.fr\/wp-content\/gallery\/2022_09_03-triton\/2022-09-01_11-46-25.jpg\"\n               data-thumbnail=\"https:\/\/ecojardindesgrivauds.fr\/wp-content\/gallery\/2022_09_03-triton\/thumbs\/thumbs_2022-09-01_11-46-25.jpg\"\n               data-image-id=\"3294\"\n               data-title=\"2022-09-01_11-46-25\"\n               data-description=\"Gabi a trouv\u00e9 une pomme de terre-lapin\"\n               data-image-slug=\"2022-09-01_11-46-25\"\n               class=\"ngg-fancybox\" rel=\"2269a4854b5324903a62c1e08ab1262e\">\n                <img\n                    title=\"2022-09-01_11-46-25\"\n                    alt=\"2022-09-01_11-46-25\"\n                    src=\"https:\/\/ecojardindesgrivauds.fr\/wp-content\/gallery\/2022_09_03-triton\/thumbs\/thumbs_2022-09-01_11-46-25.jpg\"\n                    width=\"240\"\n                    height=\"160\"\n                    style=\"max-width:100%;\"\n                \/>\n            <\/a>\n        <\/div>\n\t\t\t\t\t\t\t<\/div> \n\t\t\t\n        \n\t\t\t\t<div id=\"ngg-image-7\" class=\"ngg-gallery-thumbnail-box\" >\n\t\t\t\t        <div class=\"ngg-gallery-thumbnail\">\n            <a href=\"https:\/\/ecojardindesgrivauds.fr\/wp-content\/gallery\/2022_09_03-triton\/2022-09-02_08-36-22.jpg\"\n               title=\"\u00c7a c&#039;est une scarole bien blanchie !\"\n               data-src=\"https:\/\/ecojardindesgrivauds.fr\/wp-content\/gallery\/2022_09_03-triton\/2022-09-02_08-36-22.jpg\"\n               data-thumbnail=\"https:\/\/ecojardindesgrivauds.fr\/wp-content\/gallery\/2022_09_03-triton\/thumbs\/thumbs_2022-09-02_08-36-22.jpg\"\n               data-image-id=\"3295\"\n               data-title=\"2022-09-02_08-36-22\"\n               data-description=\"\u00c7a c&#039;est une scarole bien blanchie !\"\n               data-image-slug=\"2022-09-02_08-36-22\"\n               class=\"ngg-fancybox\" rel=\"2269a4854b5324903a62c1e08ab1262e\">\n                <img\n                    title=\"2022-09-02_08-36-22\"\n                    alt=\"2022-09-02_08-36-22\"\n                    src=\"https:\/\/ecojardindesgrivauds.fr\/wp-content\/gallery\/2022_09_03-triton\/thumbs\/thumbs_2022-09-02_08-36-22.jpg\"\n                    width=\"240\"\n                    height=\"160\"\n                    style=\"max-width:100%;\"\n                \/>\n            <\/a>\n        <\/div>\n\t\t\t\t\t\t\t<\/div> \n\t\t\t\n        \n\t\t\t\t<div id=\"ngg-image-8\" class=\"ngg-gallery-thumbnail-box\" >\n\t\t\t\t        <div class=\"ngg-gallery-thumbnail\">\n            <a href=\"https:\/\/ecojardindesgrivauds.fr\/wp-content\/gallery\/2022_09_03-triton\/2022-09-02_09-41-12.jpg\"\n               title=\"Et voil\u00e0, le Sorgho nous d\u00e9passe !\"\n               data-src=\"https:\/\/ecojardindesgrivauds.fr\/wp-content\/gallery\/2022_09_03-triton\/2022-09-02_09-41-12.jpg\"\n               data-thumbnail=\"https:\/\/ecojardindesgrivauds.fr\/wp-content\/gallery\/2022_09_03-triton\/thumbs\/thumbs_2022-09-02_09-41-12.jpg\"\n               data-image-id=\"3296\"\n               data-title=\"2022-09-02_09-41-12\"\n               data-description=\"Et voil\u00e0, le Sorgho nous d\u00e9passe !\"\n               data-image-slug=\"2022-09-02_09-41-12\"\n               class=\"ngg-fancybox\" rel=\"2269a4854b5324903a62c1e08ab1262e\">\n                <img\n                    title=\"2022-09-02_09-41-12\"\n                    alt=\"2022-09-02_09-41-12\"\n                    src=\"https:\/\/ecojardindesgrivauds.fr\/wp-content\/gallery\/2022_09_03-triton\/thumbs\/thumbs_2022-09-02_09-41-12.jpg\"\n                    width=\"240\"\n                    height=\"160\"\n                    style=\"max-width:100%;\"\n                \/>\n            <\/a>\n        <\/div>\n\t\t\t\t\t\t\t<\/div> \n\t\t\t\n        \n\t\t\t\t<div id=\"ngg-image-9\" class=\"ngg-gallery-thumbnail-box\" >\n\t\t\t\t        <div class=\"ngg-gallery-thumbnail\">\n            <a href=\"https:\/\/ecojardindesgrivauds.fr\/wp-content\/gallery\/2022_09_03-triton\/2022-09-02_11-11-38.jpg\"\n               title=\"Chlo\u00e9 \u00e0 la r\u00e9colte des brocolis\"\n               data-src=\"https:\/\/ecojardindesgrivauds.fr\/wp-content\/gallery\/2022_09_03-triton\/2022-09-02_11-11-38.jpg\"\n               data-thumbnail=\"https:\/\/ecojardindesgrivauds.fr\/wp-content\/gallery\/2022_09_03-triton\/thumbs\/thumbs_2022-09-02_11-11-38.jpg\"\n               data-image-id=\"3297\"\n               data-title=\"2022-09-02_11-11-38\"\n               data-description=\"Chlo\u00e9 \u00e0 la r\u00e9colte des brocolis\"\n               data-image-slug=\"2022-09-02_11-11-38\"\n               class=\"ngg-fancybox\" rel=\"2269a4854b5324903a62c1e08ab1262e\">\n                <img\n                    title=\"2022-09-02_11-11-38\"\n                    alt=\"2022-09-02_11-11-38\"\n                    src=\"https:\/\/ecojardindesgrivauds.fr\/wp-content\/gallery\/2022_09_03-triton\/thumbs\/thumbs_2022-09-02_11-11-38.jpg\"\n                    width=\"240\"\n                    height=\"160\"\n                    style=\"max-width:100%;\"\n                \/>\n            <\/a>\n        <\/div>\n\t\t\t\t\t\t\t<\/div> \n\t\t\t\n        \n\t\t\t\t<div id=\"ngg-image-10\" class=\"ngg-gallery-thumbnail-box\" >\n\t\t\t\t        <div class=\"ngg-gallery-thumbnail\">\n            <a href=\"https:\/\/ecojardindesgrivauds.fr\/wp-content\/gallery\/2022_09_03-triton\/2022-09-02_11-11-48.jpg\"\n               title=\"On en a tellement cette ann\u00e9e... C&#039;est fou !\"\n               data-src=\"https:\/\/ecojardindesgrivauds.fr\/wp-content\/gallery\/2022_09_03-triton\/2022-09-02_11-11-48.jpg\"\n               data-thumbnail=\"https:\/\/ecojardindesgrivauds.fr\/wp-content\/gallery\/2022_09_03-triton\/thumbs\/thumbs_2022-09-02_11-11-48.jpg\"\n               data-image-id=\"3298\"\n               data-title=\"2022-09-02_11-11-48\"\n               data-description=\"On en a tellement cette ann\u00e9e... C&#039;est fou !\"\n               data-image-slug=\"2022-09-02_11-11-48\"\n               class=\"ngg-fancybox\" rel=\"2269a4854b5324903a62c1e08ab1262e\">\n                <img\n                    title=\"2022-09-02_11-11-48\"\n                    alt=\"2022-09-02_11-11-48\"\n                    src=\"https:\/\/ecojardindesgrivauds.fr\/wp-content\/gallery\/2022_09_03-triton\/thumbs\/thumbs_2022-09-02_11-11-48.jpg\"\n                    width=\"240\"\n                    height=\"160\"\n                    style=\"max-width:100%;\"\n                \/>\n            <\/a>\n        <\/div>\n\t\t\t\t\t\t\t<\/div> \n\t\t\t\n        \n\t\t\t\t<div id=\"ngg-image-11\" class=\"ngg-gallery-thumbnail-box\" >\n\t\t\t\t        <div class=\"ngg-gallery-thumbnail\">\n            <a href=\"https:\/\/ecojardindesgrivauds.fr\/wp-content\/gallery\/2022_09_03-triton\/2022-09-02_11-30-30.jpg\"\n               title=\"Gabi ? Tu fais un massage au chou ou tu le r\u00e9coltes ?\"\n               data-src=\"https:\/\/ecojardindesgrivauds.fr\/wp-content\/gallery\/2022_09_03-triton\/2022-09-02_11-30-30.jpg\"\n               data-thumbnail=\"https:\/\/ecojardindesgrivauds.fr\/wp-content\/gallery\/2022_09_03-triton\/thumbs\/thumbs_2022-09-02_11-30-30.jpg\"\n               data-image-id=\"3299\"\n               data-title=\"2022-09-02_11-30-30\"\n               data-description=\"Gabi ? Tu fais un massage au chou ou tu le r\u00e9coltes ?\"\n               data-image-slug=\"2022-09-02_11-30-30\"\n               class=\"ngg-fancybox\" rel=\"2269a4854b5324903a62c1e08ab1262e\">\n                <img\n                    title=\"2022-09-02_11-30-30\"\n                    alt=\"2022-09-02_11-30-30\"\n                    src=\"https:\/\/ecojardindesgrivauds.fr\/wp-content\/gallery\/2022_09_03-triton\/thumbs\/thumbs_2022-09-02_11-30-30.jpg\"\n                    width=\"240\"\n                    height=\"160\"\n                    style=\"max-width:100%;\"\n                \/>\n            <\/a>\n        <\/div>\n\t\t\t\t\t\t\t<\/div> \n\t\t\t\n        \n\t\t\t\t<div id=\"ngg-image-12\" class=\"ngg-gallery-thumbnail-box\" >\n\t\t\t\t        <div class=\"ngg-gallery-thumbnail\">\n            <a href=\"https:\/\/ecojardindesgrivauds.fr\/wp-content\/gallery\/2022_09_03-triton\/2022-08-30_11-34-32.jpg\"\n               title=\"Les punaises Nezara Viridula sont de retour !\"\n               data-src=\"https:\/\/ecojardindesgrivauds.fr\/wp-content\/gallery\/2022_09_03-triton\/2022-08-30_11-34-32.jpg\"\n               data-thumbnail=\"https:\/\/ecojardindesgrivauds.fr\/wp-content\/gallery\/2022_09_03-triton\/thumbs\/thumbs_2022-08-30_11-34-32.jpg\"\n               data-image-id=\"3293\"\n               data-title=\"2022-08-30_11-34-32\"\n               data-description=\"Les punaises Nezara Viridula sont de retour !\"\n               data-image-slug=\"2022-08-30_11-34-32\"\n               class=\"ngg-fancybox\" rel=\"2269a4854b5324903a62c1e08ab1262e\">\n                <img\n                    title=\"2022-08-30_11-34-32\"\n                    alt=\"2022-08-30_11-34-32\"\n                    src=\"https:\/\/ecojardindesgrivauds.fr\/wp-content\/gallery\/2022_09_03-triton\/thumbs\/thumbs_2022-08-30_11-34-32.jpg\"\n                    width=\"240\"\n                    height=\"160\"\n                    style=\"max-width:100%;\"\n                \/>\n            <\/a>\n        <\/div>\n\t\t\t\t\t\t\t<\/div> \n\t\t\t\n        \n\t\t\t\t<div id=\"ngg-image-13\" class=\"ngg-gallery-thumbnail-box\" >\n\t\t\t\t        <div class=\"ngg-gallery-thumbnail\">\n            <a href=\"https:\/\/ecojardindesgrivauds.fr\/wp-content\/gallery\/2022_09_03-triton\/2022-08-25_08-45-01.jpg\"\n               title=\"Impossible d&#039;identifier cette araign\u00e9e, mais qu&#039;est-ce qu&#039;elle est mignonne !\"\n               data-src=\"https:\/\/ecojardindesgrivauds.fr\/wp-content\/gallery\/2022_09_03-triton\/2022-08-25_08-45-01.jpg\"\n               data-thumbnail=\"https:\/\/ecojardindesgrivauds.fr\/wp-content\/gallery\/2022_09_03-triton\/thumbs\/thumbs_2022-08-25_08-45-01.jpg\"\n               data-image-id=\"3286\"\n               data-title=\"2022-08-25_08-45-01\"\n               data-description=\"Impossible d&#039;identifier cette araign\u00e9e, mais qu&#039;est-ce qu&#039;elle est mignonne !\"\n               data-image-slug=\"2022-08-25_08-45-01\"\n               class=\"ngg-fancybox\" rel=\"2269a4854b5324903a62c1e08ab1262e\">\n                <img\n                    title=\"2022-08-25_08-45-01\"\n                    alt=\"2022-08-25_08-45-01\"\n                    src=\"https:\/\/ecojardindesgrivauds.fr\/wp-content\/gallery\/2022_09_03-triton\/thumbs\/thumbs_2022-08-25_08-45-01.jpg\"\n                    width=\"240\"\n                    height=\"160\"\n                    style=\"max-width:100%;\"\n                \/>\n            <\/a>\n        <\/div>\n\t\t\t\t\t\t\t<\/div> \n\t\t\t\n        \n\t\t\t\t<div id=\"ngg-image-14\" class=\"ngg-gallery-thumbnail-box\" >\n\t\t\t\t        <div class=\"ngg-gallery-thumbnail\">\n            <a href=\"https:\/\/ecojardindesgrivauds.fr\/wp-content\/gallery\/2022_09_03-triton\/2022-08-30_08-56-42.jpg\"\n               title=\"Papillon \u00e0 identifier\"\n               data-src=\"https:\/\/ecojardindesgrivauds.fr\/wp-content\/gallery\/2022_09_03-triton\/2022-08-30_08-56-42.jpg\"\n               data-thumbnail=\"https:\/\/ecojardindesgrivauds.fr\/wp-content\/gallery\/2022_09_03-triton\/thumbs\/thumbs_2022-08-30_08-56-42.jpg\"\n               data-image-id=\"3292\"\n               data-title=\"2022-08-30_08-56-42\"\n               data-description=\"Papillon \u00e0 identifier\"\n               data-image-slug=\"2022-08-30_08-56-42\"\n               class=\"ngg-fancybox\" rel=\"2269a4854b5324903a62c1e08ab1262e\">\n                <img\n                    title=\"2022-08-30_08-56-42\"\n                    alt=\"2022-08-30_08-56-42\"\n                    src=\"https:\/\/ecojardindesgrivauds.fr\/wp-content\/gallery\/2022_09_03-triton\/thumbs\/thumbs_2022-08-30_08-56-42.jpg\"\n                    width=\"240\"\n                    height=\"160\"\n                    style=\"max-width:100%;\"\n                \/>\n            <\/a>\n        <\/div>\n\t\t\t\t\t\t\t<\/div> \n\t\t\t\n        \n\t\t\t\t<div id=\"ngg-image-15\" class=\"ngg-gallery-thumbnail-box\" >\n\t\t\t\t        <div class=\"ngg-gallery-thumbnail\">\n            <a href=\"https:\/\/ecojardindesgrivauds.fr\/wp-content\/gallery\/2022_09_03-triton\/2022-08-26_11-55-45.jpg\"\n               title=\"Autre papillon \u00e0 identifier\"\n               data-src=\"https:\/\/ecojardindesgrivauds.fr\/wp-content\/gallery\/2022_09_03-triton\/2022-08-26_11-55-45.jpg\"\n               data-thumbnail=\"https:\/\/ecojardindesgrivauds.fr\/wp-content\/gallery\/2022_09_03-triton\/thumbs\/thumbs_2022-08-26_11-55-45.jpg\"\n               data-image-id=\"3288\"\n               data-title=\"2022-08-26_11-55-45\"\n               data-description=\"Autre papillon \u00e0 identifier\"\n               data-image-slug=\"2022-08-26_11-55-45\"\n               class=\"ngg-fancybox\" rel=\"2269a4854b5324903a62c1e08ab1262e\">\n                <img\n                    title=\"2022-08-26_11-55-45\"\n                    alt=\"2022-08-26_11-55-45\"\n                    src=\"https:\/\/ecojardindesgrivauds.fr\/wp-content\/gallery\/2022_09_03-triton\/thumbs\/thumbs_2022-08-26_11-55-45.jpg\"\n                    width=\"240\"\n                    height=\"160\"\n                    style=\"max-width:100%;\"\n                \/>\n            <\/a>\n        <\/div>\n\t\t\t\t\t\t\t<\/div> \n\t\t\t\n        \n\t\t\t\t<div id=\"ngg-image-16\" class=\"ngg-gallery-thumbnail-box\" >\n\t\t\t\t        <div class=\"ngg-gallery-thumbnail\">\n            <a href=\"https:\/\/ecojardindesgrivauds.fr\/wp-content\/gallery\/2022_09_03-triton\/2022-09-02_11-46-39.jpg\"\n               title=\"Ventre du triton\"\n               data-src=\"https:\/\/ecojardindesgrivauds.fr\/wp-content\/gallery\/2022_09_03-triton\/2022-09-02_11-46-39.jpg\"\n               data-thumbnail=\"https:\/\/ecojardindesgrivauds.fr\/wp-content\/gallery\/2022_09_03-triton\/thumbs\/thumbs_2022-09-02_11-46-39.jpg\"\n               data-image-id=\"3301\"\n               data-title=\"2022-09-02_11-46-39\"\n               data-description=\"Ventre du triton\"\n               data-image-slug=\"2022-09-02_11-46-39\"\n               class=\"ngg-fancybox\" rel=\"2269a4854b5324903a62c1e08ab1262e\">\n                <img\n                    title=\"2022-09-02_11-46-39\"\n                    alt=\"2022-09-02_11-46-39\"\n                    src=\"https:\/\/ecojardindesgrivauds.fr\/wp-content\/gallery\/2022_09_03-triton\/thumbs\/thumbs_2022-09-02_11-46-39.jpg\"\n                    width=\"240\"\n                    height=\"160\"\n                    style=\"max-width:100%;\"\n                \/>\n            <\/a>\n        <\/div>\n\t\t\t\t\t\t\t<\/div> \n\t\t\t\n        \n\t\t\n\t\t<!-- Pagination -->\n\t<div class='ngg-clear'><\/div>\t<\/div>\n\n<div class=\"speaker-mute footnotes_reference_container\"> <div class=\"footnote_container_prepare\"><p><span role=\"button\" tabindex=\"0\" class=\"footnote_reference_container_label pointer\" onclick=\"footnote_expand_collapse_reference_container_9933_1();\">References<\/span><span role=\"button\" tabindex=\"0\" class=\"footnote_reference_container_collapse_button\" style=\"display: none;\" onclick=\"footnote_expand_collapse_reference_container_9933_1();\">[<a id=\"footnote_reference_container_collapse_button_9933_1\">+<\/a>]<\/span><\/p><\/div> <div id=\"footnote_references_container_9933_1\" style=\"\"><table class=\"footnotes_table footnote-reference-container\"><caption class=\"accessibility\">References<\/caption> <tbody> \r\n\r\n<tr class=\"footnotes_plugin_reference_row\"> <th scope=\"row\" class=\"footnote_plugin_index_combi pointer\"  onclick=\"footnote_moveToAnchor_9933_1('footnote_plugin_tooltip_9933_1_1');\"><a id=\"footnote_plugin_reference_9933_1_1\" class=\"footnote_backlink\"><span class=\"footnote_index_arrow\">&#8593;<\/span>1<\/a><\/th> <td class=\"footnote_plugin_text\">F\u00e9d\u00e9ration R\u00e9gionale de l&rsquo;Agriculture Biologique d&rsquo;Auvergne-Rhone-Alpes<\/td><\/tr>\r\n\r\n<tr class=\"footnotes_plugin_reference_row\"> <th scope=\"row\" class=\"footnote_plugin_index_combi pointer\"  onclick=\"footnote_moveToAnchor_9933_1('footnote_plugin_tooltip_9933_1_2');\"><a id=\"footnote_plugin_reference_9933_1_2\" class=\"footnote_backlink\"><span class=\"footnote_index_arrow\">&#8593;<\/span>2<\/a><\/th> <td class=\"footnote_plugin_text\">Oui, j&rsquo;ai chang\u00e9 mon rythme de publication. Mais, \u00e7a pourra redevenir hebdomadaire apr\u00e8s le changement d&rsquo;heure, si vous \u00eates sages&#8230;<\/td><\/tr>\r\n\r\n <\/tbody> <\/table> <\/div><\/div><script type=\"text\/javascript\"> function footnote_expand_reference_container_9933_1() { jQuery('#footnote_references_container_9933_1').show(); jQuery('#footnote_reference_container_collapse_button_9933_1').text('\u2212'); } function footnote_collapse_reference_container_9933_1() { jQuery('#footnote_references_container_9933_1').hide(); jQuery('#footnote_reference_container_collapse_button_9933_1').text('+'); } function footnote_expand_collapse_reference_container_9933_1() { if (jQuery('#footnote_references_container_9933_1').is(':hidden')) { footnote_expand_reference_container_9933_1(); } else { footnote_collapse_reference_container_9933_1(); } } function footnote_moveToReference_9933_1(p_str_TargetID) { footnote_expand_reference_container_9933_1(); var l_obj_Target = jQuery('#' + p_str_TargetID); if (l_obj_Target.length) { jQuery( 'html, body' ).delay( 0 ); jQuery('html, body').animate({ scrollTop: l_obj_Target.offset().top - window.innerHeight * 0.2 }, 380); } } function footnote_moveToAnchor_9933_1(p_str_TargetID) { footnote_expand_reference_container_9933_1(); var l_obj_Target = jQuery('#' + p_str_TargetID); if (l_obj_Target.length) { jQuery( 'html, body' ).delay( 0 ); jQuery('html, body').animate({ scrollTop: l_obj_Target.offset().top - window.innerHeight * 0.2 }, 380); } }<\/script>","protected":false},"excerpt":{"rendered":"<p>\u00c7a faisait longtemps qu&rsquo;on en avait envie : vous inviter tous\u00b7tes au jardin, pour une grande visite collective ! Fin septembre, il y a la semaine \u00abBio et local, c&rsquo;est l&rsquo;id\u00e9al\u00bb, organis\u00e9e par la Frab AuRA[1]F\u00e9d\u00e9ration R\u00e9gionale de l&rsquo;Agriculture Biologique d&rsquo;Auvergne-Rhone-Alpes. L&rsquo;id\u00e9e est de faire la promotion de la Bio, \u00e0 travers des visites de &hellip; <\/p>\n<p class=\"link-more\"><a href=\"https:\/\/ecojardindesgrivauds.fr\/?p=9933\" class=\"more-link\">Continuer la lecture<span class=\"screen-reader-text\"> de &laquo;&nbsp;Voir les Grivauds en vrai : c&rsquo;est possible !&nbsp;&raquo;<\/span><\/a><\/p>\n","protected":false},"author":1,"featured_media":0,"comment_status":"open","ping_status":"open","sticky":false,"template":"","format":"standard","meta":{"ngg_post_thumbnail":0},"categories":[1],"tags":[],"_links":{"self":[{"href":"https:\/\/ecojardindesgrivauds.fr\/index.php?rest_route=\/wp\/v2\/posts\/9933"}],"collection":[{"href":"https:\/\/ecojardindesgrivauds.fr\/index.php?rest_route=\/wp\/v2\/posts"}],"about":[{"href":"https:\/\/ecojardindesgrivauds.fr\/index.php?rest_route=\/wp\/v2\/types\/post"}],"author":[{"embeddable":true,"href":"https:\/\/ecojardindesgrivauds.fr\/index.php?rest_route=\/wp\/v2\/users\/1"}],"replies":[{"embeddable":true,"href":"https:\/\/ecojardindesgrivauds.fr\/index.php?rest_route=%2Fwp%2Fv2%2Fcomments&post=9933"}],"version-history":[{"count":5,"href":"https:\/\/ecojardindesgrivauds.fr\/index.php?rest_route=\/wp\/v2\/posts\/9933\/revisions"}],"predecessor-version":[{"id":9976,"href":"https:\/\/ecojardindesgrivauds.fr\/index.php?rest_route=\/wp\/v2\/posts\/9933\/revisions\/9976"}],"wp:attachment":[{"href":"https:\/\/ecojardindesgrivauds.fr\/index.php?rest_route=%2Fwp%2Fv2%2Fmedia&parent=9933"}],"wp:term":[{"taxonomy":"category","embeddable":true,"href":"https:\/\/ecojardindesgrivauds.fr\/index.php?rest_route=%2Fwp%2Fv2%2Fcategories&post=9933"},{"taxonomy":"post_tag","embeddable":true,"href":"https:\/\/ecojardindesgrivauds.fr\/index.php?rest_route=%2Fwp%2Fv2%2Ftags&post=9933"}],"curies":[{"name":"wp","href":"https:\/\/api.w.org\/{rel}","templated":true}]}}